{"id":33140,"date":"2021-07-23T15:38:20","date_gmt":"2021-07-23T13:38:20","guid":{"rendered":"https:\/\/www.mes-allocs.fr\/guides\/?p=33140"},"modified":"2026-02-11T18:18:59","modified_gmt":"2026-02-11T17:18:59","slug":"montant-cmg","status":"publish","type":"post","link":"https:\/\/www.mes-allocs.fr\/guides\/allocations-familiales\/paje\/complement-libre-choix-mode-de-garde\/montant-cmg\/","title":{"rendered":"Quel est le montant du Compl\u00e9ment de libre choix du mode de garde (CMG) ?"},"content":{"rendered":"<p><img loading=\"lazy\" decoding=\"async\" class=\"aligncenter wp-image-33145 size-full\" title=\"Montant comple\u0301ment libre choix du mode de garde\" src=\"https:\/\/www.mes-allocs.fr\/guides\/wp-content\/uploads\/2021\/07\/Montant-comple\u0301ment-libre-choix-du-mode-de-garde-e1687184283947.jpg\" alt=\"Montant comple\u0301ment libre choix du mode de garde\" width=\"1280\" height=\"281\" srcset=\"https:\/\/www.mes-allocs.fr\/guides\/wp-content\/uploads\/2021\/07\/Montant-comple\u0301ment-libre-choix-du-mode-de-garde-e1687184283947.jpg 1280w, https:\/\/www.mes-allocs.fr\/guides\/wp-content\/uploads\/2021\/07\/Montant-comple\u0301ment-libre-choix-du-mode-de-garde-e1687184283947-300x66.jpg 300w, https:\/\/www.mes-allocs.fr\/guides\/wp-content\/uploads\/2021\/07\/Montant-comple\u0301ment-libre-choix-du-mode-de-garde-e1687184283947-1024x225.jpg 1024w, https:\/\/www.mes-allocs.fr\/guides\/wp-content\/uploads\/2021\/07\/Montant-comple\u0301ment-libre-choix-du-mode-de-garde-e1687184283947-768x169.jpg 768w, https:\/\/www.mes-allocs.fr\/guides\/wp-content\/uploads\/2021\/07\/Montant-comple\u0301ment-libre-choix-du-mode-de-garde-e1687184283947-600x132.jpg 600w\" sizes=\"auto, (max-width: 1280px) 100vw, 1280px\" \/><\/p>\n<p style=\"text-align: justify;\">[Mis \u00e0 jour le 11\/02\/2026] Le CMG est une aide qui fait partie des <a href=\"https:\/\/www.mes-allocs.fr\/guides\/allocations-familiales\/\">allocations familiales<\/a>. Elle est vers\u00e9e pour vous aider \u00e0 payer une partie des frais li\u00e9s \u00e0 la garde de votre enfant. Que ce soit pour une garde \u00e0 domicile ou bien une micro-cr\u00e8che. Mes Allocs vous explique le <strong>montant du compl\u00e9ment libre choix du mode de garde<\/strong>.<\/p>\n<div class='cta-block'><div class='text'>Simulez toutes vos Aides Sociales en 2 min. Gratuit.<\/div><a href='https:\/\/www.mes-allocs.fr\/ab-app?origin=guides\/wp-json\/wp\/v2\/posts\/33140' class='app-button fit'>Simulation gratuite<\/a><\/div>\n<h1>Quel est le montant du CMG ?<\/h1>\n<p style=\"text-align: justify;\">Le montant du CMG est variable. En effet selon que vous passiez pas un organisme ou bien en emploi direct les montants ne seront pas identique. Dans les deux cas le montant maximal de la prise en charge est major\u00e9 de 30 %.<\/p>\n<h2>Via un organisme<\/h2>\n\n<div class=\"wpdt-c row wpDataTableContainerSimpleTable wpDataTables wpDataTablesWrapper\n\"\n    >\n    <table id=\"wpdtSimpleTable-677\"\n           class=\"wpdtSimpleTable wpDataTable\"\n           data-column=\"4\"\n           data-rows=\"8\"\n           data-wpID=\"677\"\n           data-responsive=\"0\"\n           data-has-header=\"0\">\n\n                    <tbody>        <tr class=\"wpdt-cell-row \" >\n                            <td class=\"wpdt-cell wpdt-bc-F3F9FE wpdt-bold wpdt-merged-cell \"\n                 colspan=\"1\"  rowspan=\"2\"                 data-cell-id=\"A1\"\n                data-col-index=\"0\"\n                data-row-index=\"0\"\n                style=\" width:25.44%;                padding:10px;\"\n                >\n                                \u00c2ge de l'enfant                <\/td>\n                                            <td class=\"wpdt-cell wpdt-bc-F3F9FE wpdt-bold wpdt-merged-cell \"\n                 colspan=\"3\"  rowspan=\"1\"                 data-cell-id=\"B1\"\n                data-col-index=\"1\"\n                data-row-index=\"0\"\n                style=\" width:72.96%;                padding:10px;\"\n                >\n                                Cr\u00e8che familiale ou structure qui emploie un assistant maternel                <\/td>\n                                                                <\/tr>\n                            <tr class=\"wpdt-cell-row \" >\n                                        <td class=\"wpdt-cell wpdt-bc-FFFFFF wpdt-bold wpdt-wrap-text\"\n                                    data-cell-id=\"B2\"\n                data-col-index=\"1\"\n                data-row-index=\"1\"\n                style=\"                padding:10px;\"\n                >\n                                Tranche 1                <\/td>\n                                            <td class=\"wpdt-cell wpdt-bc-FFFFFF wpdt-bold\"\n                                    data-cell-id=\"C2\"\n                data-col-index=\"2\"\n                data-row-index=\"1\"\n                style=\"                padding:10px;\"\n                >\n                                Tranche 2                <\/td>\n                                            <td class=\"wpdt-cell wpdt-bc-FFFFFF wpdt-bold\"\n                                    data-cell-id=\"D2\"\n                data-col-index=\"3\"\n                data-row-index=\"1\"\n                style=\"                padding:10px;\"\n                >\n                                Tranche 3                <\/td>\n                                        <\/tr>\n                            <tr class=\"wpdt-cell-row \" >\n                            <td class=\"wpdt-cell \"\n                                    data-cell-id=\"A3\"\n                data-col-index=\"0\"\n                data-row-index=\"2\"\n                style=\"                padding:10px;\"\n                >\n                                Moins de 3 ans                <\/td>\n                                            <td class=\"wpdt-cell \"\n                                    data-cell-id=\"B3\"\n                data-col-index=\"1\"\n                data-row-index=\"2\"\n                style=\"                padding:10px;\"\n                >\n                                814,53 \u20ac                <\/td>\n                                            <td class=\"wpdt-cell \"\n                                    data-cell-id=\"C3\"\n                data-col-index=\"2\"\n                data-row-index=\"2\"\n                style=\"                padding:10px;\"\n                >\n                                678,78 \u20ac                <\/td>\n                                            <td class=\"wpdt-cell \"\n                                    data-cell-id=\"D3\"\n                data-col-index=\"3\"\n                data-row-index=\"2\"\n                style=\"                padding:10px;\"\n                >\n                                543,04 \u20ac                <\/td>\n                                        <\/tr>\n                            <tr class=\"wpdt-cell-row \" >\n                            <td class=\"wpdt-cell \"\n                                    data-cell-id=\"A4\"\n                data-col-index=\"0\"\n                data-row-index=\"3\"\n                style=\"                padding:10px;\"\n                >\n                                Entre 3 et 6 ans                <\/td>\n                                            <td class=\"wpdt-cell \"\n                                    data-cell-id=\"B4\"\n                data-col-index=\"1\"\n                data-row-index=\"3\"\n                style=\"                padding:10px;\"\n                >\n                                407,27 \u20ac                <\/td>\n                                            <td class=\"wpdt-cell \"\n                                    data-cell-id=\"C4\"\n                data-col-index=\"2\"\n                data-row-index=\"3\"\n                style=\"                padding:10px;\"\n                >\n                                339,40 \u20ac                <\/td>\n                                            <td class=\"wpdt-cell wpdt-bc-FFFFFF wpdt-tc-000000\"\n                                    data-cell-id=\"D4\"\n                data-col-index=\"3\"\n                data-row-index=\"3\"\n                style=\"                padding:10px;\"\n                >\n                                271,52 \u20ac                <\/td>\n                                        <\/tr>\n                            <tr class=\"wpdt-cell-row \" >\n                            <td class=\"wpdt-cell wpdt-bc-F3F9FE wpdt-bold wpdt-merged-cell \"\n                 colspan=\"1\"  rowspan=\"2\"                 data-cell-id=\"A5\"\n                data-col-index=\"0\"\n                data-row-index=\"4\"\n                style=\"                padding:10px;\"\n                >\n                                \u00c2ge de l'enfant                <\/td>\n                                            <td class=\"wpdt-cell wpdt-bc-F3F9FE wpdt-bold wpdt-wrap-text wpdt-merged-cell \"\n                 colspan=\"3\"  rowspan=\"1\"                 data-cell-id=\"B5\"\n                data-col-index=\"1\"\n                data-row-index=\"4\"\n                style=\"                padding:10px;\"\n                >\n                                Micro-cr\u00e8che ou structure qui emploie une personne \u00e0 domicile                <\/td>\n                                                                <\/tr>\n                            <tr class=\"wpdt-cell-row \" >\n                                        <td class=\"wpdt-cell wpdt-bc-FFFFFF wpdt-bold wpdt-wrap-text\"\n                                    data-cell-id=\"B6\"\n                data-col-index=\"1\"\n                data-row-index=\"5\"\n                style=\"                padding:10px;\"\n                >\n                                Tranche 1                <\/td>\n                                            <td class=\"wpdt-cell wpdt-bc-FFFFFF wpdt-bold\"\n                                    data-cell-id=\"C6\"\n                data-col-index=\"2\"\n                data-row-index=\"5\"\n                style=\"                padding:10px;\"\n                >\n                                Tranche 2                <\/td>\n                                            <td class=\"wpdt-cell wpdt-bc-FFFFFF wpdt-bold\"\n                                    data-cell-id=\"D6\"\n                data-col-index=\"3\"\n                data-row-index=\"5\"\n                style=\"                padding:10px;\"\n                >\n                                Tranche 3                <\/td>\n                                        <\/tr>\n                            <tr class=\"wpdt-cell-row \" >\n                            <td class=\"wpdt-cell \"\n                                    data-cell-id=\"A7\"\n                data-col-index=\"0\"\n                data-row-index=\"6\"\n                style=\"                padding:10px;\"\n                >\n                                Moins de 3 ans                <\/td>\n                                            <td class=\"wpdt-cell \"\n                                    data-cell-id=\"B7\"\n                data-col-index=\"1\"\n                data-row-index=\"6\"\n                style=\"                padding:10px;\"\n                >\n                                984,26 \u20ac                <\/td>\n                                            <td class=\"wpdt-cell \"\n                                    data-cell-id=\"C7\"\n                data-col-index=\"2\"\n                data-row-index=\"6\"\n                style=\"                padding:10px;\"\n                >\n                                848,47 \u20ac                <\/td>\n                                            <td class=\"wpdt-cell \"\n                                    data-cell-id=\"D7\"\n                data-col-index=\"3\"\n                data-row-index=\"6\"\n                style=\"                padding:10px;\"\n                >\n                                712,72 \u20ac                <\/td>\n                                        <\/tr>\n                            <tr class=\"wpdt-cell-row \" >\n                            <td class=\"wpdt-cell \"\n                                    data-cell-id=\"A8\"\n                data-col-index=\"0\"\n                data-row-index=\"7\"\n                style=\"                padding:10px;\"\n                >\n                                Entre 3 et 6 ans                <\/td>\n                                            <td class=\"wpdt-cell \"\n                                    data-cell-id=\"B8\"\n                data-col-index=\"1\"\n                data-row-index=\"7\"\n                style=\"                padding:10px;\"\n                >\n                                492,13 \u20ac                <\/td>\n                                            <td class=\"wpdt-cell \"\n                                    data-cell-id=\"C8\"\n                data-col-index=\"2\"\n                data-row-index=\"7\"\n                style=\"                padding:10px;\"\n                >\n                                424,24 \u20ac                <\/td>\n                                            <td class=\"wpdt-cell \"\n                                    data-cell-id=\"D8\"\n                data-col-index=\"3\"\n                data-row-index=\"7\"\n                style=\"                padding:10px;\"\n                >\n                                356,36 \u20ac                <\/td>\n                                        <\/tr>\n                    <\/table>\n<\/div><style id='wpdt-custom-style-677'>\ntable#wpdtSimpleTable-677{ table-layout: fixed !important; }\n.wpdt-bc-F3F9FE { background-color: #F3F9FE !important;}\n.wpdt-bc-FFFFFF { background-color: #FFFFFF !important;}\n.wpdt-tc-000000 { color: #000000 !important;}\n<\/style>\n\n<h2>En emploi direct<\/h2>\n<p>Depuis le <strong>1er septembre 2025<\/strong>, suite \u00e0 la r\u00e9forme du CMG, le montant de l&rsquo;aide pour une personne seule ou un couple a \u00e9volu\u00e9. Avant, il \u00e9tait diff\u00e9rent en fonction de l&rsquo;\u00e2ge de votre enfant (notamment si celui-ci avait moins ou plus de 3 ans). Aujourd&rsquo;hui, l&rsquo;\u00e2ge n&rsquo;a plus d&rsquo;impact sur le montant vers\u00e9, mais de nombreux facteurs l&rsquo;influencent directement :<\/p>\n<ul>\n<li>Le montant de vos ressources mensuelles,<\/li>\n<li>Le nombre d\u2019enfants qui sont \u00e0 votre charge,<\/li>\n<li>Le co\u00fbt horaire de la garde choisie (cela comprend : le salaire vers\u00e9, les frais de repas ainsi que les indemnit\u00e9s d\u2019entretien en cas de garde par un(e) assistant(e) maternel(le)),<\/li>\n<li>Le nombre d\u2019heures de garde par mois.<\/li>\n<\/ul>\n<p>D\u00e9sormais, pour <strong>connaitre le montant de votre CMG<\/strong>, vous devez effectuer une simulation en ligne. Le <strong>simulateur Mes Allocs<\/strong> vous permet de savoir avec pr\u00e9cision \u00e0 combien votre aide s&rsquo;\u00e9l\u00e8ve chaque mois. Faites le test !<\/p>\n<div class='cta-block'><div class='text'>Simulez toutes vos Aides Sociales en 2 min. Gratuit.<\/div><a href='https:\/\/www.mes-allocs.fr\/ab-app?origin=guides\/wp-json\/wp\/v2\/posts\/33140' class='app-button fit'>Simulation gratuite<\/a><\/div>\n<h1>Le CMG<\/h1>\n<p dir=\"ltr\">Contrairement aux cr\u00e8ches collectives, les micro-cr\u00e8ches ne peuvent pas \u00eatre \u00e9ligible \u00e0\u00a0 un financement vers\u00e9 par la Caisse d&rsquo;allocations familiales. Autrement dit, ce sont les familles qui peuvent b\u00e9n\u00e9ficier d\u2019une allocation appel\u00e9e le Compl\u00e9ment de libre choix de Mode de Garde CMG, il s&rsquo;agit d&rsquo;une allocation familiale.<\/p>\n<p dir=\"ltr\">Cela permet de compenser le co\u00fbt de la micro-cr\u00e8che en versant jusqu\u2019\u00e0 85% des frais support\u00e9s par les familles. Le montant de l\u2019aide d\u00e9pend des ressources du foyer. Mais aussi du nombre d\u2019enfants \u00e0 charge et du co\u00fbt de la place en cr\u00e8che.<\/p>\n<p dir=\"ltr\">\u00c0 noter : Pour b\u00e9n\u00e9ficier de l\u2019aide \u00e0 la garde de la part de la CAF ou de la MSA. Le mode de garde doit \u00eatre d\u00e9clar\u00e9. Il n\u2019est pas possible d\u2019y pr\u00e9tendre dans le cadre de baby-sitting par exemple.<\/p>\n<h2>Qui peut faire valoir ses droits au CMG ?<\/h2>\n<p>Pour\u00a0<strong>b\u00e9n\u00e9ficier du b\u00e9n\u00e9ficier du compl\u00e9ment CMG<\/strong>, les conditions suivantes doivent \u00eatre respect\u00e9es\u00a0:<\/p>\n<ul>\n<li>L\u2019enfant doit avoir moins de 6 ans (ou jusqu&rsquo;\u00e0 12 ans pour les familles monoparentales)<\/li>\n<li>Des conditions li\u00e9es \u00e0 l\u2019emploi de la garde d\u2019enfant ou de l\u2019assistante maternelle<\/li>\n<li>Des conditions li\u00e9es \u00e0 l\u2019activit\u00e9 du ou des parents<\/li>\n<\/ul>\n<h2 id=\"conditions-liees-a-lactivite-du-ou-des-parents\">Conditions li\u00e9es \u00e0 l\u2019activit\u00e9 du ou des parents<\/h2>\n<p>L\u2019une des conditions suivantes doit \u00eatre remplie\u00a0:<\/p>\n<ul>\n<li>L&rsquo;un ou les 2 membres du couple travaille(nt)<\/li>\n<li>Le demandeur ou les 2 membres du couple sont \u00e9tudiants<\/li>\n<li>Au moins 1 membre du couple per\u00e7oit l&rsquo;allocation aux adultes handicap\u00e9s (AAH)<\/li>\n<li>Le demandeur per\u00e7oit le revenu de solidarit\u00e9 active (RSA) et est inscrit dans une d\u00e9marche d&rsquo;insertion professionnelle<\/li>\n<li>Le demandeur per\u00e7oit l&rsquo;allocation temporaire d&rsquo;attente (ATA) et est inscrit comme demandeur d&#8217;emploi<\/li>\n<li>Le demandeur per\u00e7oit l&rsquo;allocation de solidarit\u00e9 sp\u00e9cifique (ASS) et est inscrit comme demandeur d&#8217;emploi<\/li>\n<\/ul>\n<p>Toutefois aucune activit\u00e9 professionnelle n\u2019est exig\u00e9e, pour les personnes au\u00a0<strong>ch\u00f4mage<\/strong>\u00a0et b\u00e9n\u00e9ficiaire de l\u2019<strong>allocation<\/strong><strong>\u00a0d\u2019insertion<\/strong>.<\/p>\n<h1>Quand est vers\u00e9 le compl\u00e9ment de libre choix du mode de garde ?<\/h1>\n<p style=\"text-align: justify;\">Depuis le mois de mai 2019, le CMG autrefois vers\u00e9 par la CAF et la MSA d\u00e9pend d\u00e9sormais des services des Urssaf Pajemploi. Cela reste une prestation familiale. Le versement est effectu\u00e9 chaque mois directement sur le compte bancaire des parents employeurs \u00e9ligibles \u00e0 cette aide. La date de versement du CMG d\u00e9pend donc de la date de la d\u00e9claration des heures effectu\u00e9es.<\/p>\n<h2><span id=\"Versement_avec_loption_Pajemploi\" class=\"ez-toc-section\">Versement avec le service Pajemploi+<\/span><\/h2>\n<p style=\"text-align: justify;\">Le paiement est r\u00e9alis\u00e9 deux jours apr\u00e8s votre d\u00e9claration mensuelle, et cela en m\u00eame temps que le pr\u00e9l\u00e8vement des charges.<\/p>\n<p style=\"text-align: justify;\">Vous n&rsquo;avez\u00a0 plus \u00e0 verser \u00e0 la personne employ\u00e9e que le reste \u00e0 charge (salaire + cotisations apr\u00e8s d\u00e9duction des aides vers\u00e9es au titre du CMG). C\u2019est aussi Pajemploi+ qui s\u2019occupe de verser. Cela sous cinq jours, le salaire total sur le compte bancaire de l\u2019assistante maternelle ou la garde \u00e0 domicile.<\/p>\n<p style=\"text-align: justify;\">Notez que le CMG est vers\u00e9 de mani\u00e8re r\u00e9troactive uniquement sur le mois qui pr\u00e9c\u00e8de le d\u00e9p\u00f4t de votre demande. En revanche, si l\u2019assistante maternelle ou la nounou \u00e0 domicile est employ\u00e9e depuis plusieurs mois. Alors les frais de garde de ces mois pass\u00e9s ne seront pas pris en charge.<\/p>\n<h2><span class=\"ez-toc-section\">Versement sans le <\/span><span id=\"Versement_avec_loption_Pajemploi\" class=\"ez-toc-section\">service <\/span><span id=\"Versement_sans_loption_Pajemploi\" class=\"ez-toc-section\">Pajemploi+<\/span><\/h2>\n<p style=\"text-align: justify;\">En tant que parent-employeur, et si vous n&rsquo;avez pas s\u00e9lectionn\u00e9 le service jeune enfant paje Pajemploi+. Dans ce cas vous pouvez continuer \u00e0 r\u00e9mun\u00e9rer directement votre assistante maternelle ou votre garde \u00e0 domicile.<\/p>\n<p style=\"text-align: justify;\">Mais vos d\u00e9marches sont d\u00e9sormais simplifi\u00e9es. D\u00e8s la fin de la d\u00e9claration mensuelle du nombre d\u2019heures travaill\u00e9es. Ainsi que du salaire de la personne employ\u00e9e, vous connaissez imm\u00e9diatement le montant de leur CMG et le co\u00fbt de la garde.<\/p>\n<p style=\"text-align: justify;\">Notez que les montants sont calcul\u00e9s par l&rsquo;URSSAF gr\u00e2ce au service Pajemploi.<\/p>\n<p style=\"text-align: justify;\">Si vous souhaitez faire garder votre enfant des jours f\u00e9ri\u00e9s, vous devez les jours et les heures dans le mois dans le contrat.<\/p>\n<h2>Prise en charge des cotisations sociales<\/h2>\n<p>Les cotisations sociales sont enti\u00e8rement prises en charge lorsque vous embauchez une assistante maternelle reconnue par la PMI. Dans le cas d\u2019une garde \u00e0 domicile, celles-ci sont couvertes \u00e0 50%.<\/p>\n<h1>Qu&rsquo;est-ce que la prestation d\u2019accueil du jeune enfant<\/h1>\n<p><strong>La PAJE regroupe plusieurs prestations, c&rsquo;est notamment le cas de :\u00a0<\/strong><\/p>\n<ul>\n<li>La\u00a0prime \u00e0 la naissance ou \u00e0 l\u2019adoption<\/li>\n<li>L\u2019allocation de base<\/li>\n<li>La prestation partag\u00e9e d\u2019\u00e9ducation de l\u2019enfant<\/li>\n<li>Le\u00a0compl\u00e9ment de\u00a0libre choix du mode de garde\u00a0(<strong>CMG<\/strong>)<\/li>\n<\/ul>\n<p>Notez que selon votre situation, certaines prestations peuvent \u00eatre cumul\u00e9es.<\/p>\n<h2>Qui peut en b\u00e9n\u00e9ficier ?<\/h2>\n<p>Chaque prestation servie par la PAJE est soumise \u00e0 ses propres\u00a0<strong>conditions<\/strong>\u00a0li\u00e9es la plupart du temps\u00a0:<\/p>\n<ul>\n<li>Aux ressources du foyer<\/li>\n<li>Au nombre d\u2019enfants dans le foyer<\/li>\n<li>\u00c0 l\u2019\u00e2ge\u00a0des enfants<\/li>\n<li>\u00c0 la justification d\u2019un certain nombre de trimestre de cotisations vieillesse<\/li>\n<li>Au fait d\u2019\u00eatre en cong\u00e9 total ou\u00a0partiel<\/li>\n<\/ul>\n<p><strong>Notez \u00e9galement que comme la plupart des allocations, ces prestations sont soumises \u00e0 des plafonds de ressources. En revanche, les allocations vers\u00e9es par la CAF ne sont pas imposables.<\/strong><\/p>\n<h2>Quelle est la dur\u00e9e de versement ?<\/h2>\n<p><strong>La dur\u00e9e de versement des prestations PAJE est variable :\u00a0<\/strong><\/p>\n<ul>\n<li>La prime \u00e0 la naissance est vers\u00e9e en une seule fois<\/li>\n<li>L\u2019allocation de base est vers\u00e9e du deuxi\u00e8me mois de l&rsquo;enfant jusqu\u2019\u00e0 ses 3 ans<\/li>\n<li>La PreParE est vers\u00e9e jusqu&rsquo;aux trois ans de l\u2019enfant maximum<\/li>\n<li>Le CMG peut \u00eatre vers\u00e9 jusqu\u2019aux 6 ans de l\u2019enfant (ou 12 ans pour certaines familles) s\u2019il est gard\u00e9 par une assistante maternelle agr\u00e9\u00e9e ou une garde \u00e0 domicile.<\/li>\n<\/ul>\n<h2>Quelles sont les allocations cumulables ?<\/h2>\n<p>Les prestations de la PAJE sont cumulables entre elles, sauf exceptions\u00a0:<\/p>\n<ul>\n<li>Le b\u00e9n\u00e9ficiaire de la\u00a0<strong>PAJE\u00a0<\/strong>ne peut pas cumuler deux\u00a0<strong>allocations de base<\/strong>, sauf en cas de\u00a0<strong>naissances multiples<\/strong>\u00a0ou d\u2019adoptions simultan\u00e9es<\/li>\n<li>L\u2019assur\u00e9 et son conjoint ne peuvent recevoir chacun un\u00a0<strong>compl\u00e9ment de libre choix d\u2019activit\u00e9<\/strong> \u00e0 taux plein. Ou une <strong>prestation partag\u00e9e d\u2019\u00e9ducation de l\u2019enfant\u00a0<\/strong>(sauf en cas de temps\u00a0<strong>partiel<\/strong>)<\/li>\n<li style=\"text-align: justify;\">Le\u00a0<strong>compl\u00e9ment de libre choix du mode de garde<\/strong>\u00a0n\u2019est pas cumulable avec un compl\u00e9ment de libre choix d\u2019activit\u00e9 ou une prestation partag\u00e9e d\u2019\u00e9ducation de l\u2019enfant \u00e0 taux plein<\/li>\n<li>L\u2019assur\u00e9 ne peut cumuler le b\u00e9n\u00e9fice du compl\u00e9ment de libre choix d\u2019activit\u00e9 avec une prestation partag\u00e9e de l\u2019enfant quel que soit son taux<\/li>\n<\/ul>\n<p><strong>En revanche, notez que les prestations suivantes ne peuvent en aucun cas \u00eatre cumulable avec les prestations PAJE, c&rsquo;est notamment le cas de :<\/strong><\/p>\n<ul>\n<li style=\"text-align: justify;\">Le compl\u00e9ment familial avec l\u2019allocation de base. Avec le compl\u00e9ment de libre choix d\u2019activit\u00e9 ou la prestation partag\u00e9e d\u2019\u00e9ducation de l\u2019enfant de la PAJE<\/li>\n<li style=\"text-align: justify;\">L\u2019allocation journali\u00e8re de pr\u00e9sence parentale avec le compl\u00e9ment de libre choix d\u2019activit\u00e9. Ou la prestation partag\u00e9e d\u2019\u00e9ducation de l\u2019enfant pour le m\u00eame b\u00e9n\u00e9ficiaire<\/li>\n<li style=\"text-align: justify;\">Dans les DOM\u00a0: les allocations familiales ne peuvent \u00eatre cumul\u00e9es avec l\u2019allocation de base lorsque la famille ne compte qu\u2019un seul enfant \u00e0 sa charge<\/li>\n<\/ul>\n<h1 class=\"amp-wp-7d27179 amp-wp-7d27179\" data-amp-original-style=\"text-align: justify;\"><span id=\"La_PreParE_De_quoi_parle-t-on\">La PreParE\u00a0<\/span><\/h1>\n<p class=\"amp-wp-7d27179 amp-wp-7d27179\" style=\"text-align: justify;\" data-amp-original-style=\"text-align: justify;\">La Prestation Partag\u00e9e d\u2019\u00c9ducation de l\u2019Enfant (PreParE) est une aide sociale vers\u00e9e par la CAF.<\/p>\n<p class=\"amp-wp-7d27179 amp-wp-7d27179 amp-wp-7d27179\" style=\"text-align: justify;\" data-amp-original-style=\"text-align: justify;\"><span class=\"amp-wp-57c6437\" data-amp-original-style=\"font-size: 12pt;\">De mani\u00e8re concr\u00e8te, la PreParE vous aide \u00e0 prendre du temps pour profiter le plus possible de votre jeune enfant.\u00a0<\/span><span class=\"amp-wp-57c6437\" data-amp-original-style=\"font-size: 12pt;\">La prestation partag\u00e9e d\u2019\u00e9ducation de l\u2019enfant (PreParE) est une aide financi\u00e8re qui vous permet, que vous soyez parent isol\u00e9 ou en couple, de cesser ou de r\u00e9duire votre activit\u00e9 professionnelle dans le but de pouvoir passer du temps avec votre ou vos enfants \u00e2g\u00e9s de moins de 3 ans.<\/span><\/p>\n<p class=\"amp-wp-7d27179 amp-wp-7d27179 amp-wp-7d27179\" style=\"text-align: justify;\" data-amp-original-style=\"text-align: justify;\"><span class=\"amp-wp-57c6437\" data-amp-original-style=\"font-size: 12pt;\">Cette aide fait partie de la Prestation d\u2019Accueil du Jeune Enfant (PAJE). Qui elle-m\u00eame est un dispositif d\u2019aide de la Caisse d\u2019Allocations Familiales et de la Mutualit\u00e9 Sociale Agricole (MSA).<\/span><\/p>\n<h2 data-amp-original-style=\"text-align: justify;\">Les allocations cumulables<\/h2>\n<p>Si si vous \u00eates en cong\u00e9 parental, alors vous ne pouvez pas cumuler la PreParE avec les aides suivantes :<\/p>\n<ul>\n<li>Les indemnit\u00e9s journali\u00e8res (maladie, maternit\u00e9, adoption etc.)<\/li>\n<li>La pension de retraite ou d\u2019invalidit\u00e9<\/li>\n<li>Les allocations de ch\u00f4mage. L\u2019assur\u00e9 peut demander au P\u00f4le Emploi l\u2019interruption de versement de l\u2019allocation ch\u00f4mage pendant la dur\u00e9e de versement de la PREPARE<\/li>\n<\/ul>\n<h2 class=\"amp-wp-7d27179 amp-wp-7d27179\" data-amp-original-style=\"text-align: justify;\"><span id=\"Comment_en_faire_la_demande\">Comment en faire la demande ?<\/span><\/h2>\n<p>Pour faire votre demande de PreParE vous devez remplir un formulaire. La date d&rsquo;envoie d\u00e9pend de votre situation personnelle.<\/p>\n<h3 class=\"amp-wp-7d27179 amp-wp-7d27179 amp-wp-7d27179\" data-amp-original-style=\"text-align: justify;\"><span id=\"Si_vous_demandez_la_PreParE_simple\"><b>Si vous demandez la PreParE (simple)<\/b><span class=\"amp-wp-fe3f5cc\" data-amp-original-style=\"font-weight: 400;\">\u00a0<\/span><\/span><\/h3>\n<p><strong>Vous pouvez faire valoir vos droits \u00e0 la PreParE si vous respectez les conditions suivantes :\u00a0<\/strong><\/p>\n<ul class=\"amp-wp-7d27179 amp-wp-7d27179 amp-wp-7d27179\" data-amp-original-style=\"text-align: justify;\">\n<li class=\"amp-wp-fe3f5cc\" data-amp-original-style=\"font-weight: 400;\"><span class=\"amp-wp-fe3f5cc\" data-amp-original-style=\"font-weight: 400;\">Vous avez au moins un enfant de moins de 3 ans,<\/span><\/li>\n<li class=\"amp-wp-fe3f5cc\" data-amp-original-style=\"font-weight: 400;\"><span class=\"amp-wp-fe3f5cc\" data-amp-original-style=\"font-weight: 400;\">Vous avez interrompu (totalement ou partiellement) votre activit\u00e9 professionnelle,<\/span><\/li>\n<li class=\"amp-wp-fe3f5cc\" data-amp-original-style=\"font-weight: 400;\"><span class=\"amp-wp-fe3f5cc\" data-amp-original-style=\"font-weight: 400;\">Vous avez valid\u00e9 au moins 8 trimestres de cotisations vieillesse (sur une p\u00e9riode de r\u00e9f\u00e9rence qui varie selon le nombre d\u2019enfants).<\/span><\/li>\n<\/ul>\n<p class=\"amp-wp-7d27179 amp-wp-7d27179 amp-wp-7d27179\" data-amp-original-style=\"text-align: justify;\"><span class=\"amp-wp-fe3f5cc\" data-amp-original-style=\"font-weight: 400;\">La PreParE peut \u00eatre attribu\u00e9e \u00e0 un seul parent ou aux deux (le montant est alors divis\u00e9 par deux). Ils peuvent la percevoir en m\u00eame temps ou successivement.<\/span><\/p>\n<p data-amp-original-style=\"text-align: justify;\">Pour en b\u00e9n\u00e9ficier, vous devez faire votre demande sur les services en ligne de la CAF. En vous connectant \u00e0 votre espace personnel allocataire.<\/p>\n<p class=\"amp-wp-7d27179 amp-wp-7d27179 amp-wp-7d27179\" data-amp-original-style=\"text-align: justify;\"><span class=\"amp-wp-fe3f5cc\" data-amp-original-style=\"font-weight: 400;\">Notre \u00e9quipe Mes Allocs se tient aussi \u00e0 votre disposition pour vous aider dans ces d\u00e9marches administratives.\u00a0<\/span><\/p>\n<div class=\"cta-block amp-wp-7d27179 amp-wp-7d27179\" data-amp-original-style=\"text-align: justify;\">\n<p><span id=\"Interruption_ou_reduction_de_votre_activite_professionnelle\"><b>Interruption ou r\u00e9duction de votre activit\u00e9 professionnelle<\/b><\/span><\/p>\n<\/div>\n<p class=\"amp-wp-7d27179 amp-wp-7d27179 amp-wp-7d27179\" data-amp-original-style=\"text-align: justify;\"><span class=\"amp-wp-fe3f5cc\" data-amp-original-style=\"font-weight: 400;\">Si vous \u00eates salari\u00e9 du secteur priv\u00e9, pour pr\u00e9tendre \u00e0 la PreParE. Vous devez prendre un cong\u00e9 parental, \u00e0 temps plein ou \u00e0 temps partiel. Vous pouvez vous renseignez sur :<\/span><\/p>\n<ul class=\"amp-wp-7d27179 amp-wp-7d27179 amp-wp-7d27179\" data-amp-original-style=\"text-align: justify;\">\n<li class=\"amp-wp-fe3f5cc\" data-amp-original-style=\"font-weight: 400;\"><span class=\"amp-wp-fe3f5cc\" data-amp-original-style=\"font-weight: 400;\">Le\u00a0<\/span><span class=\"amp-wp-fe3f5cc\" data-amp-original-style=\"font-weight: 400;\">cong\u00e9 paternit\u00e9\u00a0<\/span><\/li>\n<li class=\"amp-wp-fe3f5cc\" data-amp-original-style=\"font-weight: 400;\"><span class=\"amp-wp-fe3f5cc\" data-amp-original-style=\"font-weight: 400;\">Le\u00a0<\/span><span class=\"amp-wp-fe3f5cc\" data-amp-original-style=\"font-weight: 400;\">cong\u00e9 maternit\u00e9 du secteur public<\/span><\/li>\n<li class=\"amp-wp-fe3f5cc\" data-amp-original-style=\"font-weight: 400;\"><span class=\"amp-wp-fe3f5cc\" data-amp-original-style=\"font-weight: 400;\">Le\u00a0<\/span><span class=\"amp-wp-fe3f5cc\" data-amp-original-style=\"font-weight: 400;\">cong\u00e9 maternit\u00e9 du secteur priv\u00e9<\/span><\/li>\n<\/ul>\n<p class=\"amp-wp-7d27179 amp-wp-7d27179 amp-wp-7d27179\" data-amp-original-style=\"text-align: justify;\"><span class=\"amp-wp-fe3f5cc\" data-amp-original-style=\"font-weight: 400;\">Si vous exercez une activit\u00e9 non salari\u00e9e (vous \u00eates auto entrepreneur par exemple). Vous devez justifier de votre r\u00e9duction ou cessation d\u2019activit\u00e9 aupr\u00e8s de la CAF. Ou de la MSA si vous exercez dans le milieu agricole.<\/span><\/p>\n<p class=\"amp-wp-7d27179 amp-wp-7d27179 amp-wp-7d27179\" data-amp-original-style=\"text-align: justify;\"><span class=\"amp-wp-fe3f5cc\" data-amp-original-style=\"font-weight: 400;\">Enfin, si vous faites partie de la fonction publique. Vous pouvez prendre un cong\u00e9<\/span>\u00a0<span class=\"amp-wp-fe3f5cc\" data-amp-original-style=\"font-weight: 400;\">parental, un cong\u00e9 de pr\u00e9sence parental ou encore un temps partiel de droit.<\/span><\/p>\n<h2 class=\"amp-wp-7d27179 amp-wp-7d27179 amp-wp-7d27179\" data-amp-original-style=\"text-align: justify;\"><span id=\"Si_vous_demandez_la_PreParE_majoree\"><b>Si vous demandez la PreParE major\u00e9e<\/b><\/span><\/h2>\n<p class=\"amp-wp-7d27179 amp-wp-7d27179 amp-wp-7d27179\" data-amp-original-style=\"text-align: justify;\"><span id=\"Interruption_de_votre_activite_professionnelle\"><b>Interruption de votre activit\u00e9 professionnelle<\/b><\/span><\/p>\n<p class=\"amp-wp-7d27179 amp-wp-7d27179 amp-wp-7d27179\" data-amp-original-style=\"text-align: justify;\"><span class=\"amp-wp-fe3f5cc\" data-amp-original-style=\"font-weight: 400;\">Si vous \u00eates salari\u00e9 du secteur priv\u00e9 d&rsquo;une association ou une entreprise, pour b\u00e9n\u00e9ficier de la<\/span><span class=\"amp-wp-fe3f5cc\" data-amp-original-style=\"font-weight: 400;\"> PreParE major\u00e9e. Vous devez obligatoirement prendre un cong\u00e9 parental \u00e0 temps plein.<\/span><\/p>\n<p class=\"amp-wp-7d27179 amp-wp-7d27179 amp-wp-7d27179\" data-amp-original-style=\"text-align: justify;\">En revanche, si vous avez une activit\u00e9 non salari\u00e9e<span class=\"amp-wp-fe3f5cc\" data-amp-original-style=\"font-weight: 400;\"> (vous \u00eates autoentrepreneur par exemple). Dans ce cas vous devez justifier de votre cessation d\u2019activit\u00e9. Pour se faire vous devrez remplir un formulaire de la CAF ou de la MSA si vous relevez du secteur agricole.<\/span><\/p>\n<p class=\"amp-wp-7d27179 amp-wp-7d27179 amp-wp-7d27179\" data-amp-original-style=\"text-align: justify;\">Pour finir, si vous \u00eates de la fonction publique, alors vous <span class=\"amp-wp-fe3f5cc\" data-amp-original-style=\"font-weight: 400;\">\u00a0pouvez prendre un cong\u00e9<\/span>\u00a0<span class=\"amp-wp-fe3f5cc\" data-amp-original-style=\"font-weight: 400;\">parental. Un cong\u00e9 de pr\u00e9sence parental ou encore un temps partiel de droit (\u00e0 savoir : un temps partiel que l\u2019administration ne peut refuser).<\/span><span class=\"amp-wp-fe3f5cc\" data-amp-original-style=\"font-weight: 400;\">\u00a0<\/span><\/p>\n<p class=\"amp-wp-7d27179 amp-wp-7d27179 amp-wp-7d27179\" data-amp-original-style=\"text-align: justify;\"><span class=\"amp-wp-fe3f5cc\" data-amp-original-style=\"font-weight: 400;\">Vous devez avoir cotis\u00e9 \u00e0 l\u2019assurance vieillesse au minimum 8 trimestres sur une\u00a0<\/span>p\u00e9riode de r\u00e9f\u00e9rence de 5 ans\u00a0<span class=\"amp-wp-fe3f5cc\" data-amp-original-style=\"font-weight: 400;\">pr\u00e9c\u00e9dant la naissance. Ou bien l\u2019accueil ou l\u2019adoption de l\u2019enfant pour lequel vous souhaitez b\u00e9n\u00e9ficier de la PreParE.<\/span><\/p>\n<p class=\"amp-wp-7d27179 amp-wp-7d27179 amp-wp-7d27179\" data-amp-original-style=\"text-align: justify;\"><span class=\"amp-wp-fe3f5cc\" data-amp-original-style=\"font-weight: 400;\">Que vous demandiez la PreParE ou la PreParE major\u00e9e. Que vous d\u00e9pendiez de la CAF ou de la MSA, vous devez remplir un formulaire de demande et fournir certaines pi\u00e8ces justificatives. Pas de panique, <\/span><span class=\"amp-wp-fe3f5cc\" data-amp-original-style=\"font-weight: 400;\"><a href=\"https:\/\/www.mes-allocs.fr\/signature\">Mes Allocs<\/a>\u00a0vous d\u00e9barrasse de tous ces tracas administratifs !<\/span><\/p>\n<p class=\"amp-wp-7d27179 amp-wp-7d27179 amp-wp-7d27179\" data-amp-original-style=\"text-align: justify;\"><span class=\"amp-wp-fe3f5cc\" data-amp-original-style=\"font-weight: 400;\">Si vous \u00eates en\u00a0<\/span><span class=\"amp-wp-fe3f5cc\" data-amp-original-style=\"font-weight: 400;\">cong\u00e9 maternit\u00e9<\/span><span class=\"amp-wp-fe3f5cc\" data-amp-original-style=\"font-weight: 400;\">, paternit\u00e9, d\u2019adoption<\/span>\u00a0<span class=\"amp-wp-fe3f5cc\" data-amp-original-style=\"font-weight: 400;\">ou de maladie. Vous devez attendre la fin de l\u2019indemnisation. Qui vous est vers\u00e9e par votre employeur pour envoyer votre demande de PreParE ou de PreParE major\u00e9e.<\/span><\/p>\n<p data-amp-original-style=\"text-align: justify;\"><div class='cta-block'><div class='text'>Simulez toutes vos Aides Sociales en 2 min. Gratuit.<\/div><a href='https:\/\/www.mes-allocs.fr\/ab-app?origin=guides\/wp-json\/wp\/v2\/posts\/33140' class='app-button fit'>Simulation gratuite<\/a><\/div><\/p>\n","protected":false},"excerpt":{"rendered":"<p>[Mis \u00e0 jour le 11\/02\/2026] Le CMG est une aide qui fait partie des allocations familiales. Elle est vers\u00e9e pour vous aider \u00e0 payer une partie des frais li\u00e9s \u00e0 la garde de votre enfant. Que ce soit pour une garde \u00e0 domicile ou bien une micro-cr\u00e8che. Mes Allocs vous explique le montant du compl\u00e9ment [&hellip;]<\/p>\n","protected":false},"author":10,"featured_media":33145,"comment_status":"open","ping_status":"open","sticky":false,"template":"","format":"standard","meta":{"amp_status":"","footnotes":""},"categories":[10,9803,11],"tags":[],"class_list":["post-33140","post","type-post","status-publish","format-standard","has-post-thumbnail","hentry","category-allocations-familiales","category-complement-libre-choix-mode-de-garde","category-paje"],"yoast_head":"<!-- This site is optimized with the Yoast SEO plugin v14.9 - https:\/\/yoast.com\/wordpress\/plugins\/seo\/ -->\n<title>Montant du CMG : \u00e0 combien avez-vous droit ? | Mes-Allocs.fr<\/title>\n<meta name=\"description\" content=\"Le montant du CMG d\u00e9pend du type de garde. Mes Allocs vous explique tout sur le montant du Compl\u00e9ment de libre choix du mode de garde.\" \/>\n<meta name=\"robots\" content=\"index, follow, max-snippet:-1, max-image-preview:large, max-video-preview:-1\" \/>\n<link rel=\"canonical\" href=\"https:\/\/www.mes-allocs.fr\/guides\/allocations-familiales\/paje\/complement-libre-choix-mode-de-garde\/montant-cmg\/\" \/>\n<meta property=\"og:locale\" content=\"fr_FR\" \/>\n<meta property=\"og:type\" content=\"article\" \/>\n<meta property=\"og:title\" content=\"Montant du CMG : \u00e0 combien avez-vous droit ? | Mes-Allocs.fr\" \/>\n<meta property=\"og:description\" content=\"Le montant du CMG d\u00e9pend du type de garde. Mes Allocs vous explique tout sur le montant du Compl\u00e9ment de libre choix du mode de garde.\" \/>\n<meta property=\"og:url\" content=\"https:\/\/www.mes-allocs.fr\/guides\/allocations-familiales\/paje\/complement-libre-choix-mode-de-garde\/montant-cmg\/\" \/>\n<meta property=\"og:site_name\" content=\"Mes-Allocs.fr\" \/>\n<meta property=\"article:published_time\" content=\"2021-07-23T13:38:20+00:00\" \/>\n<meta property=\"article:modified_time\" content=\"2026-02-11T17:18:59+00:00\" \/>\n<meta property=\"og:image\" content=\"https:\/\/www.mes-allocs.fr\/guides\/wp-content\/uploads\/2021\/07\/Montant-comple\u0301ment-libre-choix-du-mode-de-garde-e1687184283947.jpg?wsr\" \/>\n\t<meta property=\"og:image:width\" content=\"1280\" \/>\n\t<meta property=\"og:image:height\" content=\"281\" \/>\n<meta name=\"twitter:card\" content=\"summary_large_image\" \/>\n<script type=\"application\/ld+json\" class=\"yoast-schema-graph\">{\"@context\":\"https:\/\/schema.org\",\"@graph\":[{\"@type\":\"WebSite\",\"@id\":\"https:\/\/www.mes-allocs.fr\/guides\/#website\",\"url\":\"https:\/\/www.mes-allocs.fr\/guides\/\",\"name\":\"Mes-Allocs.fr\",\"description\":\"\",\"potentialAction\":[{\"@type\":\"SearchAction\",\"target\":\"https:\/\/www.mes-allocs.fr\/guides\/?s={search_term_string}\",\"query-input\":\"required name=search_term_string\"}],\"inLanguage\":\"fr-FR\"},{\"@type\":\"ImageObject\",\"@id\":\"https:\/\/www.mes-allocs.fr\/guides\/allocations-familiales\/paje\/complement-libre-choix-mode-de-garde\/montant-cmg\/#primaryimage\",\"inLanguage\":\"fr-FR\",\"url\":\"https:\/\/www.mes-allocs.fr\/guides\/wp-content\/uploads\/2021\/07\/Montant-comple\\u0301ment-libre-choix-du-mode-de-garde-e1687184283947.jpg?wsr\",\"width\":1280,\"height\":281,\"caption\":\"Montant comple\\u0301ment libre choix du mode de garde\"},{\"@type\":\"WebPage\",\"@id\":\"https:\/\/www.mes-allocs.fr\/guides\/allocations-familiales\/paje\/complement-libre-choix-mode-de-garde\/montant-cmg\/#webpage\",\"url\":\"https:\/\/www.mes-allocs.fr\/guides\/allocations-familiales\/paje\/complement-libre-choix-mode-de-garde\/montant-cmg\/\",\"name\":\"Montant du CMG : \\u00e0 combien avez-vous droit ? | Mes-Allocs.fr\",\"isPartOf\":{\"@id\":\"https:\/\/www.mes-allocs.fr\/guides\/#website\"},\"primaryImageOfPage\":{\"@id\":\"https:\/\/www.mes-allocs.fr\/guides\/allocations-familiales\/paje\/complement-libre-choix-mode-de-garde\/montant-cmg\/#primaryimage\"},\"datePublished\":\"2021-07-23T13:38:20+00:00\",\"dateModified\":\"2026-02-11T17:18:59+00:00\",\"author\":{\"@id\":\"https:\/\/www.mes-allocs.fr\/guides\/#\/schema\/person\/8d47b912c0ad15f379df96b4e4e33f58\"},\"description\":\"Le montant du CMG d\\u00e9pend du type de garde. Mes Allocs vous explique tout sur le montant du Compl\\u00e9ment de libre choix du mode de garde.\",\"inLanguage\":\"fr-FR\"},{\"@type\":\"Person\",\"@id\":\"https:\/\/www.mes-allocs.fr\/guides\/#\/schema\/person\/8d47b912c0ad15f379df96b4e4e33f58\",\"name\":\"Constance de Cagny\",\"image\":{\"@type\":\"ImageObject\",\"@id\":\"https:\/\/www.mes-allocs.fr\/guides\/#personlogo\",\"inLanguage\":\"fr-FR\",\"url\":\"https:\/\/www.mes-allocs.fr\/guides\/wp-content\/uploads\/2021\/06\/Constance.2e8ee0b.png\",\"caption\":\"Constance de Cagny\"},\"description\":\"Constance est r\\u00e9dactrice au sein de l'\\u00e9quipe Mes Allocs. Elle a l'habitude d'\\u00e9crire sur les sujets conso, bons plans et \\u00e9conomies. Dipl\\u00f4m\\u00e9e de l'ENACO, elle rejoint Mes Allocs apr\\u00e8s une premi\\u00e8re exp\\u00e9rience en cabinet notarial.\",\"sameAs\":[\"https:\/\/www.linkedin.com\/in\/constance-de-cagny-mayeur-bbb414135\"]}]}<\/script>\n<!-- \/ Yoast SEO plugin. -->","amp_validity":null,"acf":{"faq":{"1":{"question":"Comment faire une simulation d'allocations familiales ?","answer":"Le plus simple pour savoir si vous \u00eates \u00e9ligible \u00e0 une allocations familiales en fonction de vos revenus et de votre situation familiale, est de faire la simulation gratuite d'allocations familiales de Mes Allocs."},"2":{"question":"Quel est le montant d'allocation familiale ?","answer":"Le montant allocations familiales varie selon la composition de votre foyer et vos ressources. Une majoration des allocations familiales est appliqu\u00e9e lorsque un enfant atteint 14 ans."},"3":{"question":"Quel est le montant de l'allocation PAJE ?","answer":"Le montant \u00e0 taux plein est de 196,60 \u20ac et \u00e0 taux partiel de 98,30 \u20ac. "},"4":{"question":"Quand s'arr\u00eate le paiement de la PAJE ?","answer":"Tant que la famille remplit les conditions de ressources, le versement continue tous les mois jusqu'\u00e0 celui pr\u00e9c\u00e9dant le 3e anniversaire."},"5":{"question":" Qu'est ce que le cong\u00e9 paternit\u00e9 du secteur priv\u00e9 ?","answer":"Le cong\u00e9 paternit\u00e9 et d'accueil de l'enfant pour les salari\u00e9s dans le secteur priv\u00e9 ou la fonction publique."},"6":{"question":"Comment est r\u00e9mun\u00e9r\u00e9 le cong\u00e9 paternit\u00e9 ?","answer":"Vos indemnit\u00e9s journali\u00e8res vous sont vers\u00e9es (ou \u00e0 votre employeur en cas de subrogation) tous les 14 jours par votre caisse d'assurance maladie."},"7":{"question":"","answer":""},"8":{"question":"","answer":""},"9":{"question":"","answer":""},"10":{"question":"","answer":""},"11":{"question":"","answer":""},"12":{"question":"","answer":""},"13":{"question":"","answer":""},"14":{"question":"","answer":""},"15":{"question":"","answer":""},"16":{"question":"","answer":""}}},"_links":{"self":[{"href":"https:\/\/www.mes-allocs.fr\/guides\/wp-json\/wp\/v2\/posts\/33140","targetHints":{"allow":["GET"]}}],"collection":[{"href":"https:\/\/www.mes-allocs.fr\/guides\/wp-json\/wp\/v2\/posts"}],"about":[{"href":"https:\/\/www.mes-allocs.fr\/guides\/wp-json\/wp\/v2\/types\/post"}],"author":[{"embeddable":true,"href":"https:\/\/www.mes-allocs.fr\/guides\/wp-json\/wp\/v2\/users\/10"}],"replies":[{"embeddable":true,"href":"https:\/\/www.mes-allocs.fr\/guides\/wp-json\/wp\/v2\/comments?post=33140"}],"version-history":[{"count":25,"href":"https:\/\/www.mes-allocs.fr\/guides\/wp-json\/wp\/v2\/posts\/33140\/revisions"}],"predecessor-version":[{"id":108984,"href":"https:\/\/www.mes-allocs.fr\/guides\/wp-json\/wp\/v2\/posts\/33140\/revisions\/108984"}],"wp:featuredmedia":[{"embeddable":true,"href":"https:\/\/www.mes-allocs.fr\/guides\/wp-json\/wp\/v2\/media\/33145"}],"wp:attachment":[{"href":"https:\/\/www.mes-allocs.fr\/guides\/wp-json\/wp\/v2\/media?parent=33140"}],"wp:term":[{"taxonomy":"category","embeddable":true,"href":"https:\/\/www.mes-allocs.fr\/guides\/wp-json\/wp\/v2\/categories?post=33140"},{"taxonomy":"post_tag","embeddable":true,"href":"https:\/\/www.mes-allocs.fr\/guides\/wp-json\/wp\/v2\/tags?post=33140"}],"curies":[{"name":"wp","href":"https:\/\/api.w.org\/{rel}","templated":true}]}}