{"id":33111,"date":"2021-07-23T15:34:22","date_gmt":"2021-07-23T13:34:22","guid":{"rendered":"https:\/\/www.mes-allocs.fr\/guides\/?p=33111"},"modified":"2026-01-06T16:54:45","modified_gmt":"2026-01-06T15:54:45","slug":"rsa-et-apl","status":"publish","type":"post","link":"https:\/\/www.mes-allocs.fr\/guides\/aide-logement\/apl\/cumul-apl\/rsa-et-apl\/","title":{"rendered":"APL : cumul possible avec le RSA ?"},"content":{"rendered":"<p><img loading=\"lazy\" decoding=\"async\" class=\"aligncenter wp-image-33116 size-full\" title=\"RSA et APL\" src=\"https:\/\/www.mes-allocs.fr\/guides\/wp-content\/uploads\/2021\/07\/RSA-et-APL-e1685952584928.jpg\" alt=\"RSA et APL\" width=\"1280\" height=\"201\" \/><\/p>\n<p style=\"text-align: justify;\">[Mis \u00e0 jour le 06\/01\/2026] L&rsquo;<strong>APL<\/strong> ou aide personnalis\u00e9e au logement est une <a href=\"https:\/\/www.mes-allocs.fr\/guides\/aide-logement\/\">aide au logement<\/a> qui a \u00e9t\u00e9 mise en place afin de prendre en charge une partie du loyer ainsi que des charges. Cette allocation logement est soumise \u00e0 certaines conditions. Mes Allocs vous explique tout sur le RSA et APL.<\/p>\n<hr \/>\n<h1>Peut-on toucher le RSA et l&rsquo;APL ?<\/h1>\n<p><img loading=\"lazy\" decoding=\"async\" class=\"alignright wp-image-33117 size-medium\" title=\"Peut on toucher le RSA et lAPL\" src=\"https:\/\/www.mes-allocs.fr\/guides\/wp-content\/uploads\/2021\/07\/Peut-on-toucher-le-RSA-et-lAPL--300x200.jpg\" alt=\"RSA et APL\" width=\"300\" height=\"200\" srcset=\"https:\/\/www.mes-allocs.fr\/guides\/wp-content\/uploads\/2021\/07\/Peut-on-toucher-le-RSA-et-lAPL--300x200.jpg 300w, https:\/\/www.mes-allocs.fr\/guides\/wp-content\/uploads\/2021\/07\/Peut-on-toucher-le-RSA-et-lAPL--1024x682.jpg 1024w, https:\/\/www.mes-allocs.fr\/guides\/wp-content\/uploads\/2021\/07\/Peut-on-toucher-le-RSA-et-lAPL--768x512.jpg 768w, https:\/\/www.mes-allocs.fr\/guides\/wp-content\/uploads\/2021\/07\/Peut-on-toucher-le-RSA-et-lAPL--600x400.jpg 600w, https:\/\/www.mes-allocs.fr\/guides\/wp-content\/uploads\/2021\/07\/Peut-on-toucher-le-RSA-et-lAPL-.jpg 1280w\" sizes=\"auto, (max-width: 300px) 100vw, 300px\" \/><\/p>\n<p style=\"text-align: justify;\">Si vous recevez une aide personnelle au logement APL, alors un forfait logement sera automatiquement r\u00e9duit du montant du RSA d\u00e9j\u00e0 per\u00e7u. Ce dernier \u00e9volue selon votre situation familiale, si vous avez des revenus modestes, si vous \u00eates\u00a0\u00a0c\u00e9libataire, mari\u00e9, avec enfant.<\/p>\n<p style=\"text-align: justify;\">Autrement dit, il est tout \u00e0 fait possible de cumuler l&rsquo; APL allocation et le RSA, en revanche, le montant du RSA sera diminu\u00e9.<\/p>\n<p style=\"text-align: justify;\">\u00c0 noter : en cas de changement de situation, vous devez en avertir la CAF. Car le mode de calcul prend en compte \u00e0 la fois votre situation personnelle et professionnelle.<\/p>\n<div class='cta-block'><div class='text'>Simulez vos aides en 2 min. Gratuit.<\/div><a href='https:\/\/www.mes-allocs.fr\/ab-app?origin=guides\/wp-json\/wp\/v2\/posts\/33111' class='app-button fit'>Simulation gratuite<\/a><\/div>\n<p><iframe loading=\"lazy\" title=\"L&#039;APL\" width=\"500\" height=\"281\" src=\"https:\/\/www.youtube.com\/embed\/dfDRI2qg_z4?feature=oembed\" frameborder=\"0\" allow=\"accelerometer; autoplay; clipboard-write; encrypted-media; gyroscope; picture-in-picture; web-share\" referrerpolicy=\"strict-origin-when-cross-origin\" allowfullscreen><\/iframe><\/p>\n<h2>Qu&rsquo;est-ce que le forfait logement ?<\/h2>\n<p class=\"amp-wp-7d27179\" style=\"text-align: justify;\" data-amp-original-style=\"text-align: justify;\">Le forfait logement peut \u00e9galement \u00eatre appel\u00e9 le forfait logement RSA. Il s&rsquo;agit d&rsquo;une somme que la CAF ou la MSA par exemple utilise afin de d\u00e9terminer vos ressources.<\/p>\n<p class=\"amp-wp-7d27179\" style=\"text-align: justify;\" data-amp-original-style=\"text-align: justify;\">Autrement dit,\u00a0<span class=\"amp-wp-cc68ddc\" data-amp-original-style=\"color: #ff0000;\"><strong>les aides au logement que vous percevez ne sont pas prises en compte dans leur int\u00e9gralit\u00e9<\/strong><\/span>. Dans ce cas, une somme \u201cforfaitaire\u201d est d\u00e9termin\u00e9e selon la composition de votre foyer.\u00a0<span class=\"amp-wp-f6bf23d\" data-amp-original-style=\"text-decoration: underline;\">Elle vient soit en d\u00e9duction de l\u2019aide que vous percevrez ou elle est ajout\u00e9e aux revenus que vous d\u00e9clarez<\/span>\u00a0pour d\u00e9terminer si vous respectez les plafonds de ressources.<\/p>\n<p data-amp-original-style=\"text-align: justify;\"><strong>Les personnes qui b\u00e9n\u00e9ficient une des aides financi\u00e8res suivantes alors elles sont soumises \u00e0 un forfait logement :\u00a0<\/strong><\/p>\n<ul class=\"list-9\">\n<li>B\u00e9n\u00e9ficiaire de l\u2019APL (Aide Personnalis\u00e9e au Logement)<\/li>\n<li>b\u00e9n\u00e9ficiaire de l\u2019ALS (Allocation de Logement Sociale)<\/li>\n<li>H\u00e9berg\u00e9 \u00e0 titre gratuit<\/li>\n<\/ul>\n<h2>Le montant forfaitaire logement du RSA<\/h2>\n<p class=\"amp-wp-7d27179\" data-amp-original-style=\"text-align: justify;\">Le forfait logement RSA est calcul\u00e9 gr\u00e2ce \u00e0 un pourcentage du RSA (Revenu de Solidarit\u00e9 Active).\u00a0<span class=\"amp-wp-cc68ddc\" data-amp-original-style=\"color: #ff0000;\"><strong>En 2026, le forfait logement appliqu\u00e9 pour le RSA est le suivant :<\/strong><\/span><\/p>\n<ul class=\"list-1\">\n<li style=\"text-align: justify;\">77,58 euros pour une personne seule<\/li>\n<li>155,16 \u20ac euros pour 2 personnes<\/li>\n<li>192,02 \u20ac pour 3 personnes<\/li>\n<\/ul>\n<p class=\"amp-wp-7d27179\" data-amp-original-style=\"text-align: justify;\">Une fois que la CAF ou la MSA a d\u00e9termin\u00e9 le montant qui vous correspond,\u00a0<span class=\"amp-wp-cc68ddc\" data-amp-original-style=\"color: #ff0000;\"><strong>le forfait logement est d\u00e9duit de votre RSA<\/strong><\/span>.<\/p>\n<p class=\"amp-wp-7d27179\" data-amp-original-style=\"text-align: justify;\"><em>Exemple : vous vivez en couple sans enfant et vous b\u00e9n\u00e9ficiez d\u2019une aide au logement. Vous \u00eates \u00e9ligible au RSA. Le montant du RSA couple \u00e0 taux plein est de <\/em>969,78 <em>euros. \u00c0 cela, <strong>la CAF enl\u00e8ve 192,02 euros de forfait logement et vous toucherez 777,76 euros.<\/strong><\/em><\/p>\n<p data-amp-original-style=\"text-align: justify;\"><div class='cta-block'><div class='text'>Simulez vos aides en 2 min.<\/div><a href='https:\/\/www.mes-allocs.fr\/ab-app?origin=guides\/wp-json\/wp\/v2\/posts\/33111' class='app-button fit'>Simulation gratuite<\/a><\/div><\/p>\n<h2 data-amp-original-style=\"text-align: justify;\">Le forfait logement prime d&rsquo;activit\u00e9<\/h2>\n<p class=\"amp-wp-7d27179\" data-amp-original-style=\"text-align: justify;\"><span class=\"amp-wp-cc68ddc\" data-amp-original-style=\"color: #ff0000;\"><strong>Le forfait logement prime activit\u00e9 vient s\u2019ajouter \u00e0 vos ressources<\/strong><\/span> afin de d\u00e9terminer le montant de la prime activit\u00e9 auquel vous avez le droit.<\/p>\n<h1 data-amp-original-style=\"text-align: justify;\"><img loading=\"lazy\" decoding=\"async\" class=\"alignright wp-image-33119 size-medium\" title=\"Quest ce que lAPL\" src=\"https:\/\/www.mes-allocs.fr\/guides\/wp-content\/uploads\/2021\/07\/Quest-ce-que-lAPL--300x200.jpg\" alt=\"RSA et APL\" width=\"300\" height=\"200\" srcset=\"https:\/\/www.mes-allocs.fr\/guides\/wp-content\/uploads\/2021\/07\/Quest-ce-que-lAPL--300x200.jpg 300w, https:\/\/www.mes-allocs.fr\/guides\/wp-content\/uploads\/2021\/07\/Quest-ce-que-lAPL--1024x683.jpg 1024w, https:\/\/www.mes-allocs.fr\/guides\/wp-content\/uploads\/2021\/07\/Quest-ce-que-lAPL--768x512.jpg 768w, https:\/\/www.mes-allocs.fr\/guides\/wp-content\/uploads\/2021\/07\/Quest-ce-que-lAPL--600x400.jpg 600w, https:\/\/www.mes-allocs.fr\/guides\/wp-content\/uploads\/2021\/07\/Quest-ce-que-lAPL-.jpg 1280w\" sizes=\"auto, (max-width: 300px) 100vw, 300px\" \/><\/h1>\n<p><span class=\"amp-wp-fe3f5cc\" data-amp-original-style=\"font-weight: 400;\">L\u2019APL fait partie des allocations familiales CAF, se calcule selon divers crit\u00e8res et englobe trois aides diff\u00e9rentes qui sont :<\/span><\/p>\n<ul>\n<li class=\"amp-wp-fe3f5cc\" data-amp-original-style=\"font-weight: 400;\"><span class=\"amp-wp-fe3f5cc\" data-amp-original-style=\"font-weight: 400;\">L\u2019<\/span><a href=\"https:\/\/www.mes-allocs.fr\/guides\/aide-logement\/apl\/\"><span class=\"amp-wp-fe3f5cc\" data-amp-original-style=\"font-weight: 400;\">Aide Personnalis\u00e9e au Logement<\/span><\/a><span class=\"amp-wp-fe3f5cc\" data-amp-original-style=\"font-weight: 400;\">\u00a0(APL) ;<\/span><\/li>\n<li class=\"amp-wp-fe3f5cc\" data-amp-original-style=\"font-weight: 400;\"><span class=\"amp-wp-fe3f5cc\" data-amp-original-style=\"font-weight: 400;\">L\u2019<\/span><span class=\"amp-wp-fe3f5cc\" data-amp-original-style=\"font-weight: 400;\">Allocation de Logement Social<\/span><span class=\"amp-wp-fe3f5cc\" data-amp-original-style=\"font-weight: 400;\">\u00a0(ALS) ;<\/span><\/li>\n<li class=\"amp-wp-fe3f5cc\" data-amp-original-style=\"font-weight: 400;\"><span class=\"amp-wp-fe3f5cc\" data-amp-original-style=\"font-weight: 400;\">et l\u2019<\/span><span class=\"amp-wp-fe3f5cc\" data-amp-original-style=\"font-weight: 400;\">Allocation de Logement Familial<\/span><span class=\"amp-wp-fe3f5cc\" data-amp-original-style=\"font-weight: 400;\">\u00a0(ALF).\u00a0<\/span><\/li>\n<\/ul>\n<p><span class=\"amp-wp-fe3f5cc\" data-amp-original-style=\"font-weight: 400;\">Les principaux crit\u00e8res de calcul sont les suivants\u00a0 :<\/span><\/p>\n<ul>\n<li class=\"amp-wp-fe3f5cc\" data-amp-original-style=\"font-weight: 400;\"><span class=\"amp-wp-fe3f5cc\" data-amp-original-style=\"font-weight: 400;\">La situation familiale du foyer ;<\/span><\/li>\n<li class=\"amp-wp-fe3f5cc\" data-amp-original-style=\"font-weight: 400;\"><span class=\"amp-wp-fe3f5cc\" data-amp-original-style=\"font-weight: 400;\">Les conditions de ressources de l\u2019ensemble du foyer ;<\/span><\/li>\n<li class=\"amp-wp-fe3f5cc\" data-amp-original-style=\"font-weight: 400;\"><span class=\"amp-wp-fe3f5cc\" data-amp-original-style=\"font-weight: 400;\">Le montant de votre loyer hors charges ;<\/span><\/li>\n<li class=\"amp-wp-fe3f5cc\" data-amp-original-style=\"font-weight: 400;\"><span class=\"amp-wp-fe3f5cc\" data-amp-original-style=\"font-weight: 400;\">Le type de logement ;<\/span><\/li>\n<li class=\"amp-wp-fe3f5cc\" data-amp-original-style=\"font-weight: 400;\"><span class=\"amp-wp-fe3f5cc\" data-amp-original-style=\"font-weight: 400;\">La zone g\u00e9ographique dans laquelle se situe ce logement (code postal)<\/span><\/li>\n<li class=\"amp-wp-fe3f5cc\" data-amp-original-style=\"font-weight: 400;\"><span class=\"amp-wp-fe3f5cc\" data-amp-original-style=\"font-weight: 400;\">Le patrimoine immobilier.<\/span><\/li>\n<\/ul>\n<p>Attention : Le 1er janvier 2021 est entr\u00e9e en vigueur la r\u00e9forme des APL. Depuis ce sont vos revenus des 12 derniers mois qui sont pris en compte et non plus vos revenus N-2.<\/p>\n<h2 data-amp-original-style=\"text-align: justify;\">Conditions pour en b\u00e9n\u00e9ficier<\/h2>\n<p><strong>Comme la plupart des allocations, l&rsquo;APL est soumise \u00e0 des conditions, \u00e0 savoir :\u00a0<\/strong><\/p>\n<ul>\n<li class=\"amp-wp-fe3f5cc\" data-amp-original-style=\"font-weight: 400;\"><span class=\"amp-wp-fe3f5cc\" data-amp-original-style=\"font-weight: 400;\">R\u00e9sider l\u00e9galement en France ;<\/span><\/li>\n<li class=\"amp-wp-fe3f5cc\" data-amp-original-style=\"font-weight: 400;\"><span class=\"amp-wp-fe3f5cc\" data-amp-original-style=\"font-weight: 400;\">La demande doit concerner votre r\u00e9sidence principale ;<\/span><\/li>\n<li class=\"amp-wp-fe3f5cc\" data-amp-original-style=\"font-weight: 400;\"><span class=\"amp-wp-fe3f5cc\" data-amp-original-style=\"font-weight: 400;\">R\u00e9sider dans un logement \u00e9ligible aux APL ;<\/span><\/li>\n<li class=\"amp-wp-fe3f5cc\" data-amp-original-style=\"font-weight: 400;\"><span class=\"amp-wp-fe3f5cc\" data-amp-original-style=\"font-weight: 400;\">Ne pas \u00eatre rattach\u00e9 \u00e0 un foyer fiscal sujet \u00e0 l\u2019Imp\u00f4t sur la Fortune Immobili\u00e8re.<\/span><\/li>\n<\/ul>\n<h2 data-amp-original-style=\"text-align: justify;\">Comment faire une demande ?<\/h2>\n<p style=\"text-align: justify;\"><span class=\"amp-wp-fe3f5cc\" data-amp-original-style=\"font-weight: 400;\">Vous devez premi\u00e8rement poss\u00e9der un num\u00e9ro d\u2019allocataire.\u00a0<\/span><\/p>\n<p style=\"text-align: justify;\"><span class=\"amp-wp-fe3f5cc\" data-amp-original-style=\"font-weight: 400;\">Si vous \u00eates allocataire : v\u00e9rifiez que les \u00e9l\u00e9ments de votre dossier ne n\u00e9cessitent pas de mise \u00e0 jour.\u00a0<\/span><\/p>\n<p style=\"text-align: justify;\"><span class=\"amp-wp-fe3f5cc\" data-amp-original-style=\"font-weight: 400;\">Si vous n\u2019\u00eates pas allocataire : votre organisme r\u00e9f\u00e9rent vous demandera plus d\u2019informations pour conna\u00eetre l\u2019ensemble de votre situation. Et ainsi \u00e9tudier votre demande.<\/span><\/p>\n<p style=\"text-align: justify;\"><span class=\"amp-wp-fe3f5cc\" data-amp-original-style=\"font-weight: 400;\">Dans le cadre de votre demande, vous devrez compl\u00e9ter le formulaire Cerfa n\u00b010840*07 pour la demande d&rsquo;aide au logement, le Cerfa n\u00b010842*07 pour l&rsquo;attestation de loyer ou de r\u00e9sidence en foyer (\u00e0 remplir par le propri\u00e9taire ou le bailleur pour compl\u00e9ter le dossier) et le Cerfa n\u00b016021*05 pour la d\u00e9claration de ressources mensuelles sur 12 mois pour la d\u00e9termination des droits \u00e0 l\u2019aide au logement.<\/span><\/p>\n<h1 data-amp-original-style=\"text-align: justify;\">Qu&rsquo;est-ce que le RSA ?<\/h1>\n<p style=\"text-align: justify;\"><span style=\"font-weight: 400; color: #000000;\">Le Revenu de Solidarit\u00e9 Active (RSA) est une prestation de nature financi\u00e8re qui est vers\u00e9e par la Caisse d\u2019 Allocations Familiales. Elle permet aux personnes ayant un faible revenu ou n\u2019ayant pas de revenu de b\u00e9n\u00e9ficier d\u2019un compl\u00e9ment. Ce dernier\u00a0 lui garantira un revenu minimal pour vivre.<\/span><\/p>\n<p style=\"text-align: justify;\"><span style=\"font-weight: 400; color: #000000;\">Au niveau de la gestion, c\u2019est le conseil de votre d\u00e9partement qui s\u2019en charge. Le RSA est vers\u00e9 par la CAF ou la Mutualit\u00e9 Sociale Agricole (MSA).\u00a0<\/span><\/p>\n<h2 data-amp-original-style=\"text-align: justify;\">Conditions pour en b\u00e9n\u00e9ficier<\/h2>\n<p style=\"text-align: justify;\"><span style=\"font-weight: 400; color: #000000;\">Pour \u00eatre \u00e9ligible au RSA, voici les conditions d\u2019attribution :<\/span><\/p>\n<ul style=\"text-align: justify;\">\n<li style=\"font-weight: 400;\" aria-level=\"1\"><span style=\"font-weight: 400; color: #000000;\">Vous habitez en France de mani\u00e8re stable, plus de 6 mois par an<\/span><\/li>\n<li style=\"font-weight: 400;\" aria-level=\"1\"><span style=\"font-weight: 400; color: #000000;\">Vous \u00eates de nationalit\u00e9 fran\u00e7aise, citoyen de l\u2019Espace \u00c9conomique Europ\u00e9en (EEE), suisse tout en vous justifiant d\u2019un titre de s\u00e9jour, ou enfin vous \u00eates ressortissant d\u2019un autre pays et vous r\u00e9sidez en France depuis 5 ans\u00a0<\/span><\/li>\n<li style=\"font-weight: 400;\" aria-level=\"1\"><span style=\"font-weight: 400; color: #000000;\">Les ressources mensuelles moyennes de votre foyer pendant les 3 mois qui pr\u00e9c\u00e8dent votre demande ne doivent pas d\u00e9passer un certain seuil (voir le montant plus bas).\u00a0<\/span><\/li>\n<li style=\"font-weight: 400;\" aria-level=\"1\"><span style=\"font-weight: 400; color: #000000;\">Vous devez avoir fait valoir vos droits concernant toute autre prestation sociale (comme l\u2019allocation ch\u00f4mage, la retraite) \u00e0 laquelle vous pouvez pr\u00e9tendre. Autrement dit, vous ne pouvez percevoir le RSA que si vous n\u2019avez pas ou plus le droit \u00e0 une autre aide, par exemple \u00e0 la fin de votre p\u00e9riode d\u2019indemnisation de ch\u00f4mage.<\/span><\/li>\n<\/ul>\n<h2 data-amp-original-style=\"text-align: justify;\">Comment faire une demande ?<\/h2>\n<p><img loading=\"lazy\" decoding=\"async\" class=\"alignright wp-image-33118 size-medium\" title=\"Comment faire une demande\" src=\"https:\/\/www.mes-allocs.fr\/guides\/wp-content\/uploads\/2021\/07\/Comment-faire-une-demande--300x200.jpg\" alt=\"RSA et APL\" width=\"300\" height=\"200\" srcset=\"https:\/\/www.mes-allocs.fr\/guides\/wp-content\/uploads\/2021\/07\/Comment-faire-une-demande--300x200.jpg 300w, https:\/\/www.mes-allocs.fr\/guides\/wp-content\/uploads\/2021\/07\/Comment-faire-une-demande--1024x682.jpg 1024w, https:\/\/www.mes-allocs.fr\/guides\/wp-content\/uploads\/2021\/07\/Comment-faire-une-demande--768x512.jpg 768w, https:\/\/www.mes-allocs.fr\/guides\/wp-content\/uploads\/2021\/07\/Comment-faire-une-demande--600x400.jpg 600w, https:\/\/www.mes-allocs.fr\/guides\/wp-content\/uploads\/2021\/07\/Comment-faire-une-demande-.jpg 1280w\" sizes=\"auto, (max-width: 300px) 100vw, 300px\" \/><\/p>\n<p style=\"text-align: justify;\"><span style=\"color: #000000;\"><span style=\"font-weight: 400;\">Pour faire une demande de RSA, il faut t\u00e9l\u00e9charger le formulaire cerfa 15481*01. Dans ce <\/span><a style=\"color: #000000;\" href=\"https:\/\/www.mes-allocs.fr\/guides\/rsa\/demande-de-rsa-en-ligne\/formulaire-rsa\"><span style=\"font-weight: 400;\">formulaire Cerfa<\/span><\/a><span style=\"font-weight: 400;\">,\u00a0 on vous demande des renseignements d\u00e9taill\u00e9s sur votre situation familiale et celle de votre foyer, votre situation personnelle, et enfin vos ressources. Pour demander le RSA en ligne, vous devez joindre \u00e0 ce formulaire toutes les pi\u00e8ces justificatives demand\u00e9es afin d\u2019appuyer votre propos. Tout dossier incomplet sera imm\u00e9diatement refus\u00e9.\u00a0<\/span><\/span><\/p>\n<p style=\"text-align: justify;\"><span style=\"font-weight: 400; color: #000000;\">Si les demandeurs du RSA inscrit chez France Travail doivent normalement avoir plus de 25 ans, ce cas g\u00e9n\u00e9ral conna\u00eet deux exceptions : le demandeur peut \u00eatre \u00e2g\u00e9 de seulement 18 \u00e0 24 ans lorsqu\u2019il a un enfant \u00e0 charge ou \u00e0 na\u00eetre ou lorsqu\u2019il a travaill\u00e9 pendant au moins deux ans et durant les 36 derniers mois. Dans ces cas-l\u00e0, la demande doit s\u2019effectuer en ligne ou en renvoyant le formulaire Cerfa n\u00b015481*01et une demande compl\u00e9mentaire avec le formulaire Cerfa n\u00b014130*02.<\/span><\/p>\n<div class='cta-block'><div class='text'>Simulez vos Aides Sociales en 2 min. Gratuit.<\/div><a href='https:\/\/www.mes-allocs.fr\/ab-app?origin=guides\/wp-json\/wp\/v2\/posts\/33111' class='app-button fit'>Simulation gratuite<\/a><\/div>\n","protected":false},"excerpt":{"rendered":"<p>[Mis \u00e0 jour le 06\/01\/2026] L&rsquo;APL ou aide personnalis\u00e9e au logement est une aide au logement qui a \u00e9t\u00e9 mise en place afin de prendre en charge une partie du loyer ainsi que des charges. Cette allocation logement est soumise \u00e0 certaines conditions. Mes Allocs vous explique tout sur le RSA et APL. Peut-on toucher [&hellip;]<\/p>\n","protected":false},"author":10,"featured_media":33116,"comment_status":"open","ping_status":"open","sticky":false,"template":"","format":"standard","meta":{"amp_status":"","footnotes":""},"categories":[1,4,6972],"tags":[],"class_list":["post-33111","post","type-post","status-publish","format-standard","has-post-thumbnail","hentry","category-aide-logement","category-apl","category-cumul-apl"],"yoast_head":"<!-- This site is optimized with the Yoast SEO plugin v14.9 - https:\/\/yoast.com\/wordpress\/plugins\/seo\/ -->\n<title>RSA et APL : un cumul possible ? | Mes-Allocs.fr<\/title>\n<meta name=\"description\" content=\"Sous conditions il est possible de cumuler \u00e0 la fois le RSA et l&#039;APL. Mes Allocs vous explique en d\u00e9tail le RSA et l&#039;APL.\" \/>\n<meta name=\"robots\" content=\"index, follow, max-snippet:-1, max-image-preview:large, max-video-preview:-1\" \/>\n<link rel=\"canonical\" href=\"https:\/\/www.mes-allocs.fr\/guides\/aide-logement\/apl\/cumul-apl\/rsa-et-apl\/\" \/>\n<meta property=\"og:locale\" content=\"fr_FR\" \/>\n<meta property=\"og:type\" content=\"article\" \/>\n<meta property=\"og:title\" content=\"RSA et APL : un cumul possible ? | Mes-Allocs.fr\" \/>\n<meta property=\"og:description\" content=\"Sous conditions il est possible de cumuler \u00e0 la fois le RSA et l&#039;APL. Mes Allocs vous explique en d\u00e9tail le RSA et l&#039;APL.\" \/>\n<meta property=\"og:url\" content=\"https:\/\/www.mes-allocs.fr\/guides\/aide-logement\/apl\/cumul-apl\/rsa-et-apl\/\" \/>\n<meta property=\"og:site_name\" content=\"Mes-Allocs.fr\" \/>\n<meta property=\"article:published_time\" content=\"2021-07-23T13:34:22+00:00\" \/>\n<meta property=\"article:modified_time\" content=\"2026-01-06T15:54:45+00:00\" \/>\n<meta property=\"og:image\" content=\"https:\/\/www.mes-allocs.fr\/guides\/wp-content\/uploads\/2021\/07\/RSA-et-APL.jpg?wsr\" \/>\n\t<meta property=\"og:image:width\" content=\"1280\" \/>\n\t<meta property=\"og:image:height\" content=\"853\" \/>\n<meta name=\"twitter:card\" content=\"summary_large_image\" \/>\n<script type=\"application\/ld+json\" class=\"yoast-schema-graph\">{\"@context\":\"https:\/\/schema.org\",\"@graph\":[{\"@type\":\"WebSite\",\"@id\":\"https:\/\/www.mes-allocs.fr\/guides\/#website\",\"url\":\"https:\/\/www.mes-allocs.fr\/guides\/\",\"name\":\"Mes-Allocs.fr\",\"description\":\"\",\"potentialAction\":[{\"@type\":\"SearchAction\",\"target\":\"https:\/\/www.mes-allocs.fr\/guides\/?s={search_term_string}\",\"query-input\":\"required name=search_term_string\"}],\"inLanguage\":\"fr-FR\"},{\"@type\":\"ImageObject\",\"@id\":\"https:\/\/www.mes-allocs.fr\/guides\/aide-logement\/apl\/cumul-apl\/rsa-et-apl\/#primaryimage\",\"inLanguage\":\"fr-FR\",\"url\":\"https:\/\/www.mes-allocs.fr\/guides\/wp-content\/uploads\/2021\/07\/RSA-et-APL.jpg?wsr\",\"width\":1280,\"height\":853,\"caption\":\"RSA et APL\"},{\"@type\":\"WebPage\",\"@id\":\"https:\/\/www.mes-allocs.fr\/guides\/aide-logement\/apl\/cumul-apl\/rsa-et-apl\/#webpage\",\"url\":\"https:\/\/www.mes-allocs.fr\/guides\/aide-logement\/apl\/cumul-apl\/rsa-et-apl\/\",\"name\":\"RSA et APL : un cumul possible ? | Mes-Allocs.fr\",\"isPartOf\":{\"@id\":\"https:\/\/www.mes-allocs.fr\/guides\/#website\"},\"primaryImageOfPage\":{\"@id\":\"https:\/\/www.mes-allocs.fr\/guides\/aide-logement\/apl\/cumul-apl\/rsa-et-apl\/#primaryimage\"},\"datePublished\":\"2021-07-23T13:34:22+00:00\",\"dateModified\":\"2026-01-06T15:54:45+00:00\",\"author\":{\"@id\":\"https:\/\/www.mes-allocs.fr\/guides\/#\/schema\/person\/8d47b912c0ad15f379df96b4e4e33f58\"},\"description\":\"Sous conditions il est possible de cumuler \\u00e0 la fois le RSA et l'APL. Mes Allocs vous explique en d\\u00e9tail le RSA et l'APL.\",\"inLanguage\":\"fr-FR\"},{\"@type\":\"Person\",\"@id\":\"https:\/\/www.mes-allocs.fr\/guides\/#\/schema\/person\/8d47b912c0ad15f379df96b4e4e33f58\",\"name\":\"Constance de Cagny\",\"image\":{\"@type\":\"ImageObject\",\"@id\":\"https:\/\/www.mes-allocs.fr\/guides\/#personlogo\",\"inLanguage\":\"fr-FR\",\"url\":\"https:\/\/www.mes-allocs.fr\/guides\/wp-content\/uploads\/2021\/06\/Constance.2e8ee0b.png\",\"caption\":\"Constance de Cagny\"},\"description\":\"Constance est r\\u00e9dactrice au sein de l'\\u00e9quipe Mes Allocs. Elle a l'habitude d'\\u00e9crire sur les sujets conso, bons plans et \\u00e9conomies. Dipl\\u00f4m\\u00e9e de l'ENACO, elle rejoint Mes Allocs apr\\u00e8s une premi\\u00e8re exp\\u00e9rience en cabinet notarial.\",\"sameAs\":[\"https:\/\/www.linkedin.com\/in\/constance-de-cagny-mayeur-bbb414135\"]}]}<\/script>\n<!-- \/ Yoast SEO plugin. -->","amp_validity":null,"acf":{"faq":{"1":{"question":"\ud83e\udd14  Comment faire une simulation RSA ?","answer":"Le plus simple pour savoir si vous \u00eates \u00e9ligible au RSA en fonction de vos revenus et de votre situation, est de faire la simulation gratuite de Mes Allocs."},"2":{"question":"\ud83e\udd37\u200d\u2640\ufe0f   Comment demander le RSA ?","answer":"Vous pouvez faire votre demande de RSA en ligne. Pour cela, il faut remplir ce formulaire Cerfa. Vous pouvez aussi demander \u00e0 Mes Allocs de faire toutes les d\u00e9marches administratives \u00e0 votre place."},"3":{"question":"\ud83e\udd1d  Qui est \u00e9ligible aux APL ?","answer":"Le logement doit faire plus de 9m2 pour une personne seule et \u00eatre qualifi\u00e9 de logement d\u00e9cent. Vous ne serez pas \u00e9ligible si le propri\u00e9taire-bailleur est de votre famille."},"4":{"question":"\ud83e\udd14   Comment demander l\u2019APL ?","answer":"La demande d'aide personnalis\u00e9e au logement (APL) se fait aupr\u00e8s de la CAF ou de la MSA. Pour conna\u00eetre votre montant d'aides, faites une simulation gratuite d'APL sur le site de Mes Allocs."},"5":{"question":"\ud83e\udd37\u200d\u2640\ufe0f Sur quoi le calcul de l'APL est-il fond\u00e9 depuis 2021 ?","answer":"Pour d\u00e9terminer le montant de votre APL, la Caisse des allocations familiales recourt \u00e0 un bar\u00e8me. Celui-ci prend en compte les ressources du demandeur - d\u00e9sormais ceux des 12 derniers mois avec la r\u00e9forme -, sa situation professionnelle, la situation g\u00e9ographique de son logement et la composition du foyer"},"6":{"question":"\ud83e\udd1d Quel est le montant de l'AAH en 2026 ? ","answer":"Le montant de l'Allocation aux adultes handicap\u00e9s (AAH) en 2026 est de 1 033,32 euros par mois."},"7":{"question":"","answer":""},"8":{"question":"","answer":""},"9":{"question":"","answer":""},"10":{"question":"","answer":""},"11":{"question":"","answer":""},"12":{"question":"","answer":""},"13":{"question":"","answer":""},"14":{"question":"","answer":""},"15":{"question":"","answer":""},"16":{"question":"","answer":""}}},"_links":{"self":[{"href":"https:\/\/www.mes-allocs.fr\/guides\/wp-json\/wp\/v2\/posts\/33111","targetHints":{"allow":["GET"]}}],"collection":[{"href":"https:\/\/www.mes-allocs.fr\/guides\/wp-json\/wp\/v2\/posts"}],"about":[{"href":"https:\/\/www.mes-allocs.fr\/guides\/wp-json\/wp\/v2\/types\/post"}],"author":[{"embeddable":true,"href":"https:\/\/www.mes-allocs.fr\/guides\/wp-json\/wp\/v2\/users\/10"}],"replies":[{"embeddable":true,"href":"https:\/\/www.mes-allocs.fr\/guides\/wp-json\/wp\/v2\/comments?post=33111"}],"version-history":[{"count":20,"href":"https:\/\/www.mes-allocs.fr\/guides\/wp-json\/wp\/v2\/posts\/33111\/revisions"}],"predecessor-version":[{"id":107007,"href":"https:\/\/www.mes-allocs.fr\/guides\/wp-json\/wp\/v2\/posts\/33111\/revisions\/107007"}],"wp:featuredmedia":[{"embeddable":true,"href":"https:\/\/www.mes-allocs.fr\/guides\/wp-json\/wp\/v2\/media\/33116"}],"wp:attachment":[{"href":"https:\/\/www.mes-allocs.fr\/guides\/wp-json\/wp\/v2\/media?parent=33111"}],"wp:term":[{"taxonomy":"category","embeddable":true,"href":"https:\/\/www.mes-allocs.fr\/guides\/wp-json\/wp\/v2\/categories?post=33111"},{"taxonomy":"post_tag","embeddable":true,"href":"https:\/\/www.mes-allocs.fr\/guides\/wp-json\/wp\/v2\/tags?post=33111"}],"curies":[{"name":"wp","href":"https:\/\/api.w.org\/{rel}","templated":true}]}}