{"id":33007,"date":"2021-07-23T15:45:13","date_gmt":"2021-07-23T13:45:13","guid":{"rendered":"https:\/\/www.mes-allocs.fr\/guides\/?p=33007"},"modified":"2025-07-02T15:39:58","modified_gmt":"2025-07-02T13:39:58","slug":"prime-pole-emploi","status":"publish","type":"post","link":"https:\/\/www.mes-allocs.fr\/guides\/chomage\/prime-pole-emploi\/","title":{"rendered":"Prime P\u00f4le Emploi (France Travail) : est-elle vers\u00e9e en 2025 ?"},"content":{"rendered":"<p><img loading=\"lazy\" decoding=\"async\" class=\"alignnone wp-image-32553 \" title=\"poignee de main\" src=\"https:\/\/www.mes-allocs.fr\/guides\/wp-content\/uploads\/2021\/07\/poignee-de-main-1-1-e1627038774524-1024x332.jpg\" alt=\"prime pole emploi\" width=\"1388\" height=\"450\" srcset=\"https:\/\/www.mes-allocs.fr\/guides\/wp-content\/uploads\/2021\/07\/poignee-de-main-1-1-e1627038774524-1024x332.jpg 1024w, https:\/\/www.mes-allocs.fr\/guides\/wp-content\/uploads\/2021\/07\/poignee-de-main-1-1-e1627038774524-300x97.jpg 300w, https:\/\/www.mes-allocs.fr\/guides\/wp-content\/uploads\/2021\/07\/poignee-de-main-1-1-e1627038774524-768x249.jpg 768w, https:\/\/www.mes-allocs.fr\/guides\/wp-content\/uploads\/2021\/07\/poignee-de-main-1-1-e1627038774524-600x195.jpg 600w, https:\/\/www.mes-allocs.fr\/guides\/wp-content\/uploads\/2021\/07\/poignee-de-main-1-1-e1627038774524.jpg 1125w\" sizes=\"auto, (max-width: 1388px) 100vw, 1388px\" \/><\/p>\n<div class=\"jt-actuSubRow jt-editotxt\">\n<div class=\"article-body\">\n<p>Si vous \u00eates demandeur d\u2019emploi au <a href=\"https:\/\/www.mes-allocs.fr\/guides\/chomage\/\">ch\u00f4mage<\/a>, vous vous demandez peut-\u00eatre si la <b>Prime P\u00f4le Emploi<\/b> (France Travail) est toujours vers\u00e9e en 2025. Mise en place durant la crise sanitaire, cette aide permettait \u00e0 de nombreux b\u00e9n\u00e9ficiaires de sortir la t\u00eate de l\u2019eau surtout durant cette p\u00e9riode difficile pour tous. Dans cet article, d\u00e9couvrez si cette prime existe toujours et les autres aides disponibles pour les demandeurs d\u2019emploi en 2025.<\/p>\n<div class='cta-block'><div class='text'>Simulez toutes vos aides en 2 min.<\/div><a href='https:\/\/www.mes-allocs.fr\/ab-app?origin=guides\/wp-json\/wp\/v2\/posts\/33007' class='app-button fit'>Simulation gratuite<\/a><\/div>\n<h1>La Prime P\u00f4le Emploi est-elle toujours disponible en 2025 ?<\/h1>\n<p><b>Non<\/b>, la prime France Travail <b>n\u2019est plus disponible en 2025<\/b>. Cette prime a \u00e9t\u00e9 mise en place dans le contexte de la crise sanitaire et n\u2019\u00e9tait donc pas une aide permanente. Son versement \u00e9tant limit\u00e9, dans le temps, li\u00e9 \u00e0 la p\u00e9riode de crise covid.<\/p>\n<h1>Prime P\u00f4le Emploi ou prime exceptionnelle : de quoi s&rsquo;agissait-il ?<\/h1>\n<h2>Qu&rsquo;est-ce que la Prime P\u00f4le Emploi (ou prime exceptionnelle ou prime covid) ?<\/h2>\n<p>La prime France Travail \u00e9tait une <b>aide financi\u00e8re<\/b> mise en place par France Travail pour vous aider, en tant que demandeur d\u2019emploi de longue dur\u00e9e ou en tant que travailleurs alternant emploi et ch\u00f4mage. Elle s&rsquo;adressait notamment aux demandeurs d\u2019emploi inscrits depuis plusieurs mois, qui suivaient une formation en entreprise dans des secteurs tels que l\u2019h\u00f4tellerie, la restauration ou encore le b\u00e2timent.<\/p>\n<p>Le versement de cette aide, quant-\u00e0-lui, pouvait \u00eatre effectu\u00e9 en deux fois et la prime n\u2019\u00e9tait ni soumise \u00e0 cotisations sociales ni imposable au titre de l\u2019imp\u00f4t sur le revenu.<\/p>\n<h2>Quelles \u00e9taient les conditions d&rsquo;attribution de cette prime exceptionnelle ?<\/h2>\n<p>Pour b\u00e9n\u00e9ficier de la prime exceptionnelle France Travail, il fallait remplir plusieurs conditions dont :<\/p>\n<ul>\n<li aria-level=\"1\">\u00catre inscrit \u00e0 France Travail<b> entre novembre 2020 et ao\u00fbt 2021<\/b> et avoir actualis\u00e9 sa situation chaque mois.<\/li>\n<li aria-level=\"1\">Avoir travaill\u00e9 au moins<b> 138 jours en 2019<\/b>, dont au moins 70 % sous CDD ou contrat d\u2019int\u00e9rim.<\/li>\n<li aria-level=\"1\">Ne pas avoir retrouv\u00e9 un niveau d\u2019activit\u00e9 suffisant en <b>2020<\/b>, c\u2019est-\u00e0-dire ne pas avoir suffisamment travaill\u00e9 pour recharger ses droit au ch\u00f4mage.<\/li>\n<li aria-level=\"1\">Avoir per\u00e7u un revenu mensuel<b> inf\u00e9rieur \u00e0 900 \u20ac<\/b> au cours du mois concern\u00e9, tous revenus confondus.<\/li>\n<li aria-level=\"1\">Avoir un montant journalie<b>r inf\u00e9rieur \u00e0 33 \u20ac brut <\/b>en cas d&rsquo;allocations ch\u00f4mage.<\/li>\n<li aria-level=\"1\">Ne pas \u00eatre b\u00e9n\u00e9ficiaire de l\u2019aide \u00e0 la reprise ou \u00e0 la cr\u00e9ation d\u2019entreprise (ARCE)<\/li>\n<\/ul>\n<h2>Quel \u00e9tait le montant de la prime ?<\/h2>\n<p>Le montant de la prime exceptionnel vers\u00e9e par France Travail d\u00e9pendait de votre situation :<\/p>\n<ul>\n<li aria-level=\"1\">Si vous \u00e9tiez b\u00e9n\u00e9ficiaire du RSA, vous pouviez recevoir une prime forfaitaire de <b>335 \u20ac<\/b>, quel que soit le montant du RSA per\u00e7u.<\/li>\n<li aria-level=\"1\">Si vous n\u2019\u00e9tiez pas b\u00e9n\u00e9ficiaire du RSA, la prime visait \u00e0 garantir un revenu mensuel total de <b>900<\/b> \u20ac. Ainsi le montant vers\u00e9 correspondant \u00e0 la diff\u00e9rence entre <b>900<\/b> \u20ac et la somme de vos allocations ch\u00f4mage et <b>60 %<\/b> de vos revenus d\u2019activit\u00e9 professionnelle du mois concern\u00e9.<\/li>\n<li aria-level=\"1\">Si vous ne percevez aucun revenu le montant de la prime \u00e9tait de<b> 900 \u20ac<\/b>.<\/li>\n<\/ul>\n<h2>Quand a-t-elle \u00e9t\u00e9 vers\u00e9e et pour combien de temps ?<\/h2>\n<p>La prime exceptionnelle de France Travail a \u00e9t\u00e9 vers\u00e9e <b>chaque mois<\/b>, pour la p\u00e9riode allant <b>de novembre 2020 \u00e0 ao\u00fbt 2021<\/b>, sous r\u00e9serve que vous remplissiez les conditions d\u2019attribution pour chaque mois concern\u00e9. Le versement \u00e9tait automatique, vous n\u2019avez donc aucune d\u00e9marche \u00e0 effectuer, il suffit d&rsquo;actualiser votre situation chaque mois aupr\u00e8s de France Travail. Si vous \u00e9tiez \u00e9ligible un mois donn\u00e9, la prime \u00e9tait vers\u00e9e \u00e0 la fin du mois suivant. En revanche, si vous ne remplissiez plus les conditions le mois suivant, le versement s\u2019arr\u00eatait automatiquement.<\/p>\n<p><iframe loading=\"lazy\" title=\"Tout savoir sur le ch\u00f4mage en France !\" width=\"500\" height=\"281\" src=\"https:\/\/www.youtube.com\/embed\/jgv9qS4jh7k?feature=oembed\" frameborder=\"0\" allow=\"accelerometer; autoplay; clipboard-write; encrypted-media; gyroscope; picture-in-picture; web-share\" referrerpolicy=\"strict-origin-when-cross-origin\" allowfullscreen><\/iframe><\/p>\n<div class='cta-block'><div class='text'>Simulez toutes vos aides en 2 min.<\/div><a href='https:\/\/www.mes-allocs.fr\/ab-app?origin=guides\/wp-json\/wp\/v2\/posts\/33007' class='app-button fit'>Simulation gratuite<\/a><\/div>\n<h1>Quelles sont les autres aides financi\u00e8res et primes vers\u00e9es aux personnes sans emploi ?<\/h1>\n<h2>L&rsquo;allocation d&rsquo;aide au retour \u00e0 l&#8217;emploi (ARE)<\/h2>\n<p>L\u2019ARE est vers\u00e9e par France Travail aux personnes ayant perdu <b>involontairement<\/b> leur emploi qui justifie d\u2019une dur\u00e9e minimale d\u2019affiliation. Son montant d\u00e9pend de vos anciens salaires et de la dur\u00e9e de votre emploi. Depuis avril 2025, Le paiement de l\u2019allocation est mensualis\u00e9 sur une base de <b>30 jours calendaires<\/b>, quel que soit le mois.<\/p>\n<h2>L&rsquo;aide de fin de droit (AFD)<\/h2>\n<p>L\u2019aide de fin de droit est une aide forfaitaire vers\u00e9e par France Travail si vous \u00eates demandeur d\u2019emploi. Le versement de cette aide est <b>unique<\/b> et elle vous est vers\u00e9e uniquement si vous arrivez au terme de vos droits au ch\u00f4mage et que vous ne pouvez pas b\u00e9n\u00e9ficier du rechargement des droits ni de l&rsquo;allocation de solidarit\u00e9 sp\u00e9cifique, faute d\u2019avoir suffisamment travaill\u00e9 au cours des dix derni\u00e8res ann\u00e9es. Pour en b\u00e9n\u00e9ficier, vos ressources ne doivent pas d\u00e9passer le plafond fix\u00e9 pour l\u2019ASS. Le montant de l\u2019AFD s&rsquo;\u00e9l\u00e8ve \u00e0 <strong>355,86<\/strong> <b>\u20ac<\/b> en 2025 et son versement est automatique d\u00e8s que vous remplissez les conditions requises.<\/p>\n<h2>La prime de No\u00ebl<\/h2>\n<p>La prime de No\u00ebl est une aide que vous pouvez percevoir si vous b\u00e9n\u00e9ficiez de certains minima sociaux, comme le RSA, l\u2019ASS et l\u2019AER. Son versement est automatique, g\u00e9n\u00e9ralement fait au cours du mois de d\u00e9cembre. Le montant de cette prime d\u00e9pend de votre situation familiale.<\/p>\n<h2>La prime d&rsquo;activit\u00e9, dans le cas o\u00f9 vous retrouvez un emploi<\/h2>\n<p>Si vous retrouvez un emploi, la prime d\u2019activit\u00e9 peut vous \u00eatre vers\u00e9e pour compl\u00e9ter vos revenus. Cette aide est vers\u00e9e mensuellement et elle est destin\u00e9e aux personnes majeures qui exercent une activit\u00e9 salari\u00e9e. En 2025, le montant forfaitaire de la prime d\u2019activit\u00e9 est de <b>633,21 \u20ac<\/b><b>par mois<\/b> pour une personne seule sans enfant, mais elle peut \u00eatre major\u00e9e selon la composition de votre foyer.<\/p>\n<h1>Vos primes comptent-elles dans le calcul des allocations ch\u00f4mage ?<\/h1>\n<p>Oui, vos primes sont prises en compte dans le calcul de vos allocations ch\u00f4mage. France Travail int\u00e8gre dans le salaire de r\u00e9f\u00e9rence toutes les primes vers\u00e9es <b>en contrepartie de votre travail<\/b>, \u00e0 condition qu\u2019elles aient \u00e9t\u00e9 d\u00e9clar\u00e9es par votre employeur. Cela inclut les primes r\u00e9guli\u00e8res ainsi que les primes exceptionnelles, d\u00e8s lors qu\u2019elles sont li\u00e9es \u00e0 l\u2019ex\u00e9cution normale de votre contrat de travail. En revanche, certaines primes ne sont pas retenues, dont celles qui ne d\u00e9coulent pas directement de votre travail.<\/p>\n<div class='shortcode summary'><div class='title'>En r\u00e9sum\u00e9 :<\/div><div class='content'><ul><li>La prime exceptionnelle, mise en place pendant la crise sanitaire,<strong> n\u2019est plus vers\u00e9e en 2025<\/strong>.<\/li><li>Bien que la prime ait pris fin, plusieurs autres aides continuent d\u2019\u00eatre vers\u00e9es aux personnes sans emploi, telles que l\u2019ARE, l\u2019AFD, la prime de No\u00ebl et la prime d\u2019activit\u00e9 si vous retrouvez un emploi.<\/li><li>Uniquement les primes vers\u00e9es en compensation de travail sont prises en compte dans le calcul de votre allocation ch\u00f4mage.<\/li><\/ul><\/div><\/div>\n<div class='cta-block'><div class='text'>Simulez toutes vos aides en 2 min.<\/div><a href='https:\/\/www.mes-allocs.fr\/ab-app?origin=guides\/wp-json\/wp\/v2\/posts\/33007' class='app-button fit'>Simulation gratuite<\/a><\/div>\n<\/div>\n<\/div>\n","protected":false},"excerpt":{"rendered":"<p>Si vous \u00eates demandeur d\u2019emploi au ch\u00f4mage, vous vous demandez peut-\u00eatre si la Prime P\u00f4le Emploi (France Travail) est toujours vers\u00e9e en 2025. Mise en place durant la crise sanitaire, cette aide permettait \u00e0 de nombreux b\u00e9n\u00e9ficiaires de sortir la t\u00eate de l\u2019eau surtout durant cette p\u00e9riode difficile pour tous. Dans cet article, d\u00e9couvrez si [&hellip;]<\/p>\n","protected":false},"author":7,"featured_media":9974,"comment_status":"open","ping_status":"open","sticky":false,"template":"","format":"standard","meta":{"amp_status":"","footnotes":""},"categories":[2989],"tags":[],"class_list":["post-33007","post","type-post","status-publish","format-standard","has-post-thumbnail","hentry","category-chomage"],"yoast_head":"<!-- This site is optimized with the Yoast SEO plugin v14.9 - https:\/\/yoast.com\/wordpress\/plugins\/seo\/ -->\n<title>Prime P\u00f4le Emploi (France Travail) : est-elle vers\u00e9e en 2025 ?<\/title>\n<meta name=\"description\" content=\"La prime P\u00f4le Emploi \u00e9tait vers\u00e9e durant la crise sanitaire. Mais est-elle encore disponible en 2025 ? On vous explique.\" \/>\n<meta name=\"robots\" content=\"index, follow, max-snippet:-1, max-image-preview:large, max-video-preview:-1\" \/>\n<link rel=\"canonical\" href=\"https:\/\/www.mes-allocs.fr\/guides\/chomage\/prime-pole-emploi\/\" \/>\n<meta property=\"og:locale\" content=\"fr_FR\" \/>\n<meta property=\"og:type\" content=\"article\" \/>\n<meta property=\"og:title\" content=\"Prime P\u00f4le Emploi (France Travail) : est-elle vers\u00e9e en 2025 ?\" \/>\n<meta property=\"og:description\" content=\"La prime P\u00f4le Emploi \u00e9tait vers\u00e9e durant la crise sanitaire. Mais est-elle encore disponible en 2025 ? On vous explique.\" \/>\n<meta property=\"og:url\" content=\"https:\/\/www.mes-allocs.fr\/guides\/chomage\/prime-pole-emploi\/\" \/>\n<meta property=\"og:site_name\" content=\"Mes-Allocs.fr\" \/>\n<meta property=\"article:published_time\" content=\"2021-07-23T13:45:13+00:00\" \/>\n<meta property=\"article:modified_time\" content=\"2025-07-02T13:39:58+00:00\" \/>\n<meta property=\"og:image\" content=\"https:\/\/www.mes-allocs.fr\/guides\/wp-content\/uploads\/2020\/07\/Quel-est-le-montant-de-la-prime-dactivite\u0301-.jpg?wsr\" \/>\n\t<meta property=\"og:image:width\" content=\"1280\" \/>\n\t<meta property=\"og:image:height\" content=\"853\" \/>\n<meta name=\"twitter:card\" content=\"summary_large_image\" \/>\n<script type=\"application\/ld+json\" class=\"yoast-schema-graph\">{\"@context\":\"https:\/\/schema.org\",\"@graph\":[{\"@type\":\"WebSite\",\"@id\":\"https:\/\/www.mes-allocs.fr\/guides\/#website\",\"url\":\"https:\/\/www.mes-allocs.fr\/guides\/\",\"name\":\"Mes-Allocs.fr\",\"description\":\"\",\"potentialAction\":[{\"@type\":\"SearchAction\",\"target\":\"https:\/\/www.mes-allocs.fr\/guides\/?s={search_term_string}\",\"query-input\":\"required name=search_term_string\"}],\"inLanguage\":\"fr-FR\"},{\"@type\":\"ImageObject\",\"@id\":\"https:\/\/www.mes-allocs.fr\/guides\/chomage\/prime-pole-emploi\/#primaryimage\",\"inLanguage\":\"fr-FR\",\"url\":\"https:\/\/www.mes-allocs.fr\/guides\/wp-content\/uploads\/2020\/07\/Quel-est-le-montant-de-la-prime-dactivite\\u0301-.jpg?wsr\",\"width\":1280,\"height\":853,\"caption\":\"Tout savoir sur la prime pole emploi\"},{\"@type\":\"WebPage\",\"@id\":\"https:\/\/www.mes-allocs.fr\/guides\/chomage\/prime-pole-emploi\/#webpage\",\"url\":\"https:\/\/www.mes-allocs.fr\/guides\/chomage\/prime-pole-emploi\/\",\"name\":\"Prime P\\u00f4le Emploi (France Travail) : est-elle vers\\u00e9e en 2025 ?\",\"isPartOf\":{\"@id\":\"https:\/\/www.mes-allocs.fr\/guides\/#website\"},\"primaryImageOfPage\":{\"@id\":\"https:\/\/www.mes-allocs.fr\/guides\/chomage\/prime-pole-emploi\/#primaryimage\"},\"datePublished\":\"2021-07-23T13:45:13+00:00\",\"dateModified\":\"2025-07-02T13:39:58+00:00\",\"author\":{\"@id\":\"https:\/\/www.mes-allocs.fr\/guides\/#\/schema\/person\/1c4837d5703727cb02ce84583b5a44aa\"},\"description\":\"La prime P\\u00f4le Emploi \\u00e9tait vers\\u00e9e durant la crise sanitaire. Mais est-elle encore disponible en 2025 ? On vous explique.\",\"inLanguage\":\"fr-FR\"},{\"@type\":\"Person\",\"@id\":\"https:\/\/www.mes-allocs.fr\/guides\/#\/schema\/person\/1c4837d5703727cb02ce84583b5a44aa\",\"name\":\"Fabiola\",\"image\":{\"@type\":\"ImageObject\",\"@id\":\"https:\/\/www.mes-allocs.fr\/guides\/#personlogo\",\"inLanguage\":\"fr-FR\",\"url\":\"https:\/\/www.mes-allocs.fr\/guides\/wp-content\/uploads\/2021\/06\/fabiola-150x150.png\",\"caption\":\"Fabiola\"},\"description\":\"Fabiola est r\\u00e9dactrice au sein de l'\\u00e9quipe Mes Allocs, sp\\u00e9cialis\\u00e9e en sciences politiques et affaires publiques. Dipl\\u00f4m\\u00e9e de l'HEIP, elle rejoint Mes Allocs apr\\u00e8s une premi\\u00e8re exp\\u00e9rience \\u00e0 l'Assembl\\u00e9e Nationale.\",\"sameAs\":[\"https:\/\/www.linkedin.com\/in\/cecilia-philippe-b-8a8085195\"]}]}<\/script>\n<!-- \/ Yoast SEO plugin. -->","amp_validity":null,"acf":{"faq":{"1":{"question":"Qu'est-ce que la prime de P\u00f4le emploi ?","answer":"La prime exceptionnelle \u00e9tait une aide vers\u00e9e par P\u00f4le Emploi aux personnes qui touchent le ch\u00f4mage et dont les revenus ont \u00e9t\u00e9 affect\u00e9s par la crise sanitaire."},"2":{"question":"","answer":""},"3":{"question":"Jusqu'\u00e0 quand est vers\u00e9e la prime exceptionnelle ? ","answer":"La prime exceptionnelle ou prime de P\u00f4le Emploi pouvait vous \u00eatre vers\u00e9e jusqu'en Septembre 2021. Mais l'aide n'est plus accessible. "},"4":{"question":"Quel \u00e9tait le montant de la prime exceptionnelle ?","answer":"Si vous n\u2019aviez aucun revenu d\u2019activit\u00e9 professionnelle ni aucun revenu de remplacement, cette aide vous garantissait un revenu de 900\u20ac."},"5":{"question":"Quand est effectu\u00e9 le versement de la prime de P\u00f4le Emploi ?","answer":"Les versements \u00e9taient effectu\u00e9s en fin de mois. Mais cette aide n'est plus disponible"},"6":{"question":"","answer":""},"7":{"question":"","answer":""},"8":{"question":"","answer":""},"9":{"question":"","answer":""},"10":{"question":"","answer":""},"11":{"question":"","answer":""},"12":{"question":"","answer":""},"13":{"question":"","answer":""},"14":{"question":"","answer":""},"15":{"question":"","answer":""},"16":{"question":"","answer":""}}},"_links":{"self":[{"href":"https:\/\/www.mes-allocs.fr\/guides\/wp-json\/wp\/v2\/posts\/33007","targetHints":{"allow":["GET"]}}],"collection":[{"href":"https:\/\/www.mes-allocs.fr\/guides\/wp-json\/wp\/v2\/posts"}],"about":[{"href":"https:\/\/www.mes-allocs.fr\/guides\/wp-json\/wp\/v2\/types\/post"}],"author":[{"embeddable":true,"href":"https:\/\/www.mes-allocs.fr\/guides\/wp-json\/wp\/v2\/users\/7"}],"replies":[{"embeddable":true,"href":"https:\/\/www.mes-allocs.fr\/guides\/wp-json\/wp\/v2\/comments?post=33007"}],"version-history":[{"count":21,"href":"https:\/\/www.mes-allocs.fr\/guides\/wp-json\/wp\/v2\/posts\/33007\/revisions"}],"predecessor-version":[{"id":101479,"href":"https:\/\/www.mes-allocs.fr\/guides\/wp-json\/wp\/v2\/posts\/33007\/revisions\/101479"}],"wp:featuredmedia":[{"embeddable":true,"href":"https:\/\/www.mes-allocs.fr\/guides\/wp-json\/wp\/v2\/media\/9974"}],"wp:attachment":[{"href":"https:\/\/www.mes-allocs.fr\/guides\/wp-json\/wp\/v2\/media?parent=33007"}],"wp:term":[{"taxonomy":"category","embeddable":true,"href":"https:\/\/www.mes-allocs.fr\/guides\/wp-json\/wp\/v2\/categories?post=33007"},{"taxonomy":"post_tag","embeddable":true,"href":"https:\/\/www.mes-allocs.fr\/guides\/wp-json\/wp\/v2\/tags?post=33007"}],"curies":[{"name":"wp","href":"https:\/\/api.w.org\/{rel}","templated":true}]}}