{"id":32986,"date":"2021-07-21T17:27:44","date_gmt":"2021-07-21T15:27:44","guid":{"rendered":"https:\/\/www.mes-allocs.fr\/guides\/?p=32986"},"modified":"2025-10-07T15:55:19","modified_gmt":"2025-10-07T13:55:19","slug":"calcul-allocation-chomage-fonction-publique","status":"publish","type":"post","link":"https:\/\/www.mes-allocs.fr\/guides\/chomage\/calculer-chomage\/calcul-allocation-chomage-fonction-publique\/","title":{"rendered":"Calcul allocation ch\u00f4mage fonction publique explication"},"content":{"rendered":"<p>L&rsquo;allocation ch\u00f4mage est attribu\u00e9e \u00e0 une personne inscrite chez P\u00f4le Emploi et en recherche d&rsquo;un nouvel emploi. Cette aide financi\u00e8re est attribu\u00e9e que vous soyez salari\u00e9 du secteur priv\u00e9, public ou bien agent de la fonction publique. Mes Allocs vous explique la m\u00e9thode de<a href=\"https:\/\/www.mes-allocs.fr\/guides\/chomage\/calculer-chomage\/\"> calcul de l&rsquo;allocation ch\u00f4mage<\/a> fonction publique.<\/p>\n<div class='cta-block'><div class='text'>Simulez votre ch\u00f4mage en 2 min.<\/div><a href='https:\/\/www.mes-allocs.fr\/simulation-chomage?origin=guides\/wp-json\/wp\/v2\/posts\/32986' class='app-button fit'>Simulation gratuite<\/a><\/div>\n<h1>Qu&rsquo;est-ce que l&rsquo;allocation ch\u00f4mage pour la fonction publique ?<\/h1>\n<p><img loading=\"lazy\" decoding=\"async\" class=\"alignright wp-image-32995 size-medium\" title=\"Quest ce que lallocation cho\u0302mage pour la fonction publique\" src=\"https:\/\/www.mes-allocs.fr\/guides\/wp-content\/uploads\/2021\/07\/Quest-ce-que-lallocation-cho\u0302mage-pour-la-fonction-publique--300x200.jpg\" alt=\"Quest ce que lallocation cho\u0302mage pour la fonction publique\" width=\"300\" height=\"200\" srcset=\"https:\/\/www.mes-allocs.fr\/guides\/wp-content\/uploads\/2021\/07\/Quest-ce-que-lallocation-cho\u0302mage-pour-la-fonction-publique--300x200.jpg 300w, https:\/\/www.mes-allocs.fr\/guides\/wp-content\/uploads\/2021\/07\/Quest-ce-que-lallocation-cho\u0302mage-pour-la-fonction-publique--1024x682.jpg 1024w, https:\/\/www.mes-allocs.fr\/guides\/wp-content\/uploads\/2021\/07\/Quest-ce-que-lallocation-cho\u0302mage-pour-la-fonction-publique--768x512.jpg 768w, https:\/\/www.mes-allocs.fr\/guides\/wp-content\/uploads\/2021\/07\/Quest-ce-que-lallocation-cho\u0302mage-pour-la-fonction-publique--600x400.jpg 600w, https:\/\/www.mes-allocs.fr\/guides\/wp-content\/uploads\/2021\/07\/Quest-ce-que-lallocation-cho\u0302mage-pour-la-fonction-publique-.jpg 1280w\" sizes=\"auto, (max-width: 300px) 100vw, 300px\" \/><\/p>\n<p>L&rsquo;ARE est attribu\u00e9e en cas de perte involontaire d&#8217;emploi. Vous devez justifier, \u00e0 la date de fin du contrat de travail, d&rsquo;une p\u00e9riode minimale de travail, autrement dit, vous devez remplir les conditions en vigueur. Un agent public b\u00e9n\u00e9ficie de l&rsquo;ARE dans les m\u00eames conditions qu&rsquo;un salari\u00e9 du secteur priv\u00e9, cela est indiqu\u00e9 dans le Code du Travail.<\/p>\n<p>Vous \u00eates indemnis\u00e9 par l&rsquo;administration ou par P\u00f4le emploi. Le versement cesse si vous retrouvez une activit\u00e9 salari\u00e9e. Les conditions d&rsquo; indemnisation <a href=\"https:\/\/www.mes-allocs.fr\/guides\/chomage\/\">ch\u00f4mage<\/a> ne sont pas les m\u00eames selon votre \u00e2ge.<\/p>\n<p><strong>\u00c0 noter : Le montant brut journalier de l&rsquo;ARE comprend : une partie fixe \u00e9gale \u00e0 13,18 \u20ac, une partie variable, \u00e9gale \u00e0 40,4 % du salaire journalier de r\u00e9f\u00e9rence (SJR). Le salaire brut est pris en compte pour le calcul.<\/strong><\/p>\n<h2>Qui peut en b\u00e9n\u00e9ficier ?<\/h2>\n<p>Les agents de la fonction publique licenci\u00e9s sont indemnis\u00e9s au m\u00eame titre, et dans les m\u00eames conditions, que les salari\u00e9s du secteur priv\u00e9. Cette indemnisation concerne :<\/p>\n<ul>\n<li>les fonctionnaires de l&rsquo;\u00c9tat ;<\/li>\n<li>les agents hospitaliers ;<\/li>\n<li>le personnel des collectivit\u00e9s territoriales ;<\/li>\n<li>les agents contractuels (CDD, CDI).<\/li>\n<\/ul>\n<h2>Conditions \u00e0 respecter pour en b\u00e9n\u00e9ficier<\/h2>\n<p>Pour percevoir l&rsquo; assurance ch\u00f4mage, l&rsquo;agent de la fonction publique doit :<\/p>\n<ul>\n<li>\u00eatre priv\u00e9 involontairement d&#8217;emploi ;<\/li>\n<li>justifier d&rsquo;une dur\u00e9e d&rsquo;activit\u00e9 professionnelle minimum de\u00a0<strong>910<\/strong>\u00a0<strong>heures ou 130<\/strong>\u00a0<strong>jours travaill\u00e9s, soit 6<\/strong>\u00a0<strong>mois<\/strong>, au cours des 24 derniers mois pour les moins de 53 ans, ou au cours des 36 derniers mois pour les plus de 53 ans ;<\/li>\n<li>\u00eatre \u00e2g\u00e9 de\u00a0<strong>moins de 64 ans<\/strong>\u00a0: toutefois, les demandeurs d&#8217;emploi qui ne comptabilisent pas un nombre suffisant de trimestres pour faire valoir leur droit \u00e0 retraite \u00e0 taux plein, peuvent b\u00e9n\u00e9ficier de l&rsquo;allocation de ch\u00f4mage jusqu&rsquo;\u00e0\u00a0<strong>67<\/strong>\u00a0<strong>ans<\/strong>\u00a0;<\/li>\n<li>\u00eatre apte physiquement \u00e0 l&rsquo;exercice d&rsquo;une activit\u00e9 professionnelle ;<\/li>\n<li>rechercher activement un emploi ;<\/li>\n<li>r\u00e9sider en France.<\/li>\n<\/ul>\n<h2>Fonction publique : Combien de temps peut-on b\u00e9n\u00e9ficier du ch\u00f4mage ?<\/h2>\n<p><img loading=\"lazy\" decoding=\"async\" class=\"alignright wp-image-32997 size-medium\" title=\"Fonction publique\" src=\"https:\/\/www.mes-allocs.fr\/guides\/wp-content\/uploads\/2021\/07\/Fonction-publique-300x200.jpg\" alt=\"Fonction publique\" width=\"300\" height=\"200\" srcset=\"https:\/\/www.mes-allocs.fr\/guides\/wp-content\/uploads\/2021\/07\/Fonction-publique-300x200.jpg 300w, https:\/\/www.mes-allocs.fr\/guides\/wp-content\/uploads\/2021\/07\/Fonction-publique-1024x682.jpg 1024w, https:\/\/www.mes-allocs.fr\/guides\/wp-content\/uploads\/2021\/07\/Fonction-publique-768x512.jpg 768w, https:\/\/www.mes-allocs.fr\/guides\/wp-content\/uploads\/2021\/07\/Fonction-publique-600x400.jpg 600w, https:\/\/www.mes-allocs.fr\/guides\/wp-content\/uploads\/2021\/07\/Fonction-publique.jpg 1280w\" sizes=\"auto, (max-width: 300px) 100vw, 300px\" \/><\/p>\n<p>Les b\u00e9n\u00e9ficiaires de l &lsquo;allocation d&rsquo; aide au retour \u00e0 l&#8217;emploi ARE, involontairement priv\u00e9 issu de la fonction publique peuvent \u00eatre indemnis\u00e9s sur une p\u00e9riode maximum de :<\/p>\n<ul>\n<li><strong>548 jours<\/strong>, soit 18 mois pour les moins de 53 ans ;<\/li>\n<li><strong>685 jours,\u00a0<\/strong>soit 22 mois et demi pour les 53 et54 ans ;<\/li>\n<li><strong>822 jours<\/strong>, soit 27 mois pour les 55 ans et plus.<\/li>\n<\/ul>\n<p>L&rsquo;indemnisation des personnes allocataires arrivant en fin de droits entre le 1er mars 2020 et le 31 mai 2020 avait \u00e9t\u00e9 prolong\u00e9e en raison de la crise sanitaire li\u00e9e \u00e0 l&rsquo;\u00e9pid\u00e9mie de Covid-19.<\/p>\n<p>Les droits ont \u00e9t\u00e9 prolong\u00e9s de 92 jours calendaires pour les demandeurs d&#8217;emploi arriv\u00e9s en fin de droits entre le 1er mars et le 31 mars 2020, de 61 jours calendaires pour ceux arriv\u00e9s en fin de droits entre le 1er avril et le 30 avril 2020, et de 31 jours calendaires pour ceux arriv\u00e9s en fin de droits entre le 1er mai et le 31 mai 2020.<\/p>\n<p>La dur\u00e9e d&rsquo;indemnisation est aussi prolong\u00e9e pour les allocataires dont la fin de droits intervient entre le 30\u00a0octobre 2020 et le 31 mai 2021. La dur\u00e9e de cette prolongation est \u00e9gale au nombre de jours calendaires compris entre la date de la fin des droits et le 31\u00a0mai 2021 (d\u00e9cret n\u00b0\u00a02021-346 du 30\u00a0mars 2021).<\/p>\n<h2>Quelles sont les d\u00e9marches \u00e0 effectuer pour b\u00e9n\u00e9ficier de aide au retour \u00e0 l&rsquo; emploi ARE ?<\/h2>\n<p>Si vous \u00eates radi\u00e9 de la fonction publique, dans ce cas vous devez faire plusieurs d\u00e9marches pour \u00eatre indemnis\u00e9 au titre du ch\u00f4mage.<\/p>\n<p><strong>Les d\u00e9marches \u00e0 effectuer sont les suivantes :\u00a0<\/strong><\/p>\n<ul>\n<li>contacter P\u00f4le emploi ;<\/li>\n<li>s&rsquo;inscrire comme demandeur d&#8217;emploi (depuis le\u00a01er\u00a0mars\u00a02016, l&rsquo;inscription se fait uniquement par Internet sur le site de P\u00f4le emploi, mais les personnes ne pouvant pas s&rsquo;inscrire en ligne peuvent se rendre dans une agence P\u00f4le emploi) ;<\/li>\n<li>fournir les pi\u00e8ces justificatives lors de son inscription ;<\/li>\n<li>r\u00e9pondre aux convocations.<\/li>\n<\/ul>\n<p><iframe loading=\"lazy\" title=\"Tout savoir sur le ch\u00f4mage en France !\" width=\"500\" height=\"281\" src=\"https:\/\/www.youtube.com\/embed\/jgv9qS4jh7k?feature=oembed\" frameborder=\"0\" allow=\"accelerometer; autoplay; clipboard-write; encrypted-media; gyroscope; picture-in-picture; web-share\" referrerpolicy=\"strict-origin-when-cross-origin\" allowfullscreen><\/iframe><\/p>\n<h1>D\u00e9missionner dans la fonction publique, qu&rsquo;est-ce que cela implique ?<\/h1>\n<p>Une fois que votre d\u00e9mission est prise en compte et accept\u00e9e, cette derni\u00e8re est irr\u00e9vocable.<\/p>\n<p>Au moment de votre d\u00e9mission, et apr\u00e8s avoir fait votre pr\u00e9avis, vous perdez donc votre statut de fonctionnaire, ou bien d&rsquo;agent non titulaire.<\/p>\n<p>Si par la suite vous changez d&rsquo;avis et que vous souhaitez r\u00e9int\u00e9grer la fonction publique, dans ce cas vous devrez repasser les concours ou bien devenir un agent contractuel.<\/p>\n<div class='cta-block'><div class='text'>Simulez votre ch\u00f4mage en 2 min.<\/div><a href='https:\/\/www.mes-allocs.fr\/simulation-chomage?origin=guides\/wp-json\/wp\/v2\/posts\/32986' class='app-button fit'>Simulation gratuite<\/a><\/div>\n<p><strong>En ce qui concerne les allocations \u00e9ventuellement per\u00e7ues :\u00a0<\/strong><\/p>\n<ul>\n<li>sauf en cas de d\u00e9mission consid\u00e9r\u00e9e comme l\u00e9gitime, l&rsquo;agent d\u00e9missionnaire n&rsquo;aura pas le droit de b\u00e9n\u00e9ficier d&rsquo;allocations de l&rsquo;assurance ch\u00f4mage\u00a0;<\/li>\n<li>pour la\u00a0pension de retraite de la fonction publique\u00a0: si le fonctionnaire a cotis\u00e9 plus de 24 mois, il conserve son droit \u00e0 pension de retraite. Si la dur\u00e9e de services est inf\u00e9rieure \u00e0 2 ans, il perd ce b\u00e9n\u00e9fice et est affili\u00e9 au r\u00e9gime g\u00e9n\u00e9ral.<\/li>\n<\/ul>\n<h2>Le pr\u00e9avis d&rsquo;un agent titulaire<\/h2>\n<p>Aucun d\u00e9lai n&rsquo;est l\u00e9galement fix\u00e9 pour les 3 fonctions publiques (\u00c9tat, territoriale et hospitali\u00e8re). En effet, c&rsquo;est l&rsquo;Administration qui est en charge de d\u00e9terminer date \u00e0 laquelle la d\u00e9mission prend effet.<\/p>\n<p>\u00c0 noter : si un fonctionnaire ne vient plus travailler avant la date fix\u00e9e, dans ce cas ce dernier peut faire l&rsquo;objet d&rsquo;une sanction.<\/p>\n<h2>Le pr\u00e9avis du fonctionnaire en stage<\/h2>\n<p><img loading=\"lazy\" decoding=\"async\" class=\"alignright wp-image-32996 size-medium\" title=\"Le pre\u0301avis du fonctionnaire en stage\" src=\"https:\/\/www.mes-allocs.fr\/guides\/wp-content\/uploads\/2021\/07\/Le-pre\u0301avis-du-fonctionnaire-en-stage-300x200.jpg\" alt=\"Le pre\u0301avis du fonctionnaire en stage\" width=\"300\" height=\"200\" \/><\/p>\n<p>La dur\u00e9e du pr\u00e9avis d\u00e9pend de la fonction publique concern\u00e9e\u00a0:<\/p>\n<ul>\n<li>FPT\u00a0: aucun d\u00e9lai n&rsquo;est fix\u00e9\u00a0;<\/li>\n<li>FPE et FPH\u00a0: le fonctionnaire doit faire conna\u00eetre sa d\u00e9mission au minimum 1\u00a0mois avant son d\u00e9part.<\/li>\n<\/ul>\n<h2>Le pr\u00e9avis de l&rsquo;agent contractuel (non titulaire)<\/h2>\n<p>La dur\u00e9e du pr\u00e9avis d\u00e9pend de l&rsquo;anciennet\u00e9 de l&rsquo;agent contractuel\u00a0:<\/p>\n<ul>\n<li>moins de 6 mois de services\u00a0: 8 jours\u00a0;<\/li>\n<li>entre 6 mois et 2 ans de services : 1 mois\u00a0;<\/li>\n<li>au moins 2\u00a0ans de services\u00a0: 2 mois.<\/li>\n<\/ul>\n<div class='cta-block'><div class='text'>Simulez votre ch\u00f4mage en 2 min.<\/div><a href='https:\/\/www.mes-allocs.fr\/simulation-chomage?origin=guides\/wp-json\/wp\/v2\/posts\/32986' class='app-button fit'>Simulation gratuite<\/a><\/div>\n","protected":false},"excerpt":{"rendered":"<p>L&rsquo;allocation ch\u00f4mage est attribu\u00e9e \u00e0 une personne inscrite chez P\u00f4le Emploi et en recherche d&rsquo;un nouvel emploi. Cette aide financi\u00e8re est attribu\u00e9e que vous soyez salari\u00e9 du secteur priv\u00e9, public ou bien agent de la fonction publique. Mes Allocs vous explique la m\u00e9thode de calcul de l&rsquo;allocation ch\u00f4mage fonction publique. Qu&rsquo;est-ce que l&rsquo;allocation ch\u00f4mage pour [&hellip;]<\/p>\n","protected":false},"author":10,"featured_media":32994,"comment_status":"open","ping_status":"open","sticky":false,"template":"","format":"standard","meta":{"amp_status":"","footnotes":""},"categories":[2990,2989],"tags":[],"class_list":["post-32986","post","type-post","status-publish","format-standard","has-post-thumbnail","hentry","category-calculer-chomage","category-chomage"],"yoast_head":"<!-- This site is optimized with the Yoast SEO plugin v14.9 - https:\/\/yoast.com\/wordpress\/plugins\/seo\/ -->\n<title>Calcul allocation ch\u00f4mage fonction publique explication | Mes-Allocs.fr<\/title>\n<meta name=\"description\" content=\"Un agent de la fonction publique peut b\u00e9n\u00e9ficier du ch\u00f4mage. Mes Allocs vous explique le calcul allocation ch\u00f4mage fonction publique.\" \/>\n<meta name=\"robots\" content=\"index, follow, max-snippet:-1, max-image-preview:large, max-video-preview:-1\" \/>\n<link rel=\"canonical\" href=\"https:\/\/www.mes-allocs.fr\/guides\/chomage\/calculer-chomage\/calcul-allocation-chomage-fonction-publique\/\" \/>\n<meta property=\"og:locale\" content=\"fr_FR\" \/>\n<meta property=\"og:type\" content=\"article\" \/>\n<meta property=\"og:title\" content=\"Calcul allocation ch\u00f4mage fonction publique explication | Mes-Allocs.fr\" \/>\n<meta property=\"og:description\" content=\"Un agent de la fonction publique peut b\u00e9n\u00e9ficier du ch\u00f4mage. Mes Allocs vous explique le calcul allocation ch\u00f4mage fonction publique.\" \/>\n<meta property=\"og:url\" content=\"https:\/\/www.mes-allocs.fr\/guides\/chomage\/calculer-chomage\/calcul-allocation-chomage-fonction-publique\/\" \/>\n<meta property=\"og:site_name\" content=\"Mes-Allocs.fr\" \/>\n<meta property=\"article:published_time\" content=\"2021-07-21T15:27:44+00:00\" \/>\n<meta property=\"article:modified_time\" content=\"2025-10-07T13:55:19+00:00\" \/>\n<meta property=\"og:image\" content=\"https:\/\/www.mes-allocs.fr\/guides\/wp-content\/uploads\/2021\/07\/Calcul-allocation-cho\u0302mage-fonction-publique-e1626788578567.jpg?wsr\" \/>\n\t<meta property=\"og:image:width\" content=\"1280\" \/>\n\t<meta property=\"og:image:height\" content=\"473\" \/>\n<meta name=\"twitter:card\" content=\"summary_large_image\" \/>\n<script type=\"application\/ld+json\" class=\"yoast-schema-graph\">{\"@context\":\"https:\/\/schema.org\",\"@graph\":[{\"@type\":\"WebSite\",\"@id\":\"https:\/\/www.mes-allocs.fr\/guides\/#website\",\"url\":\"https:\/\/www.mes-allocs.fr\/guides\/\",\"name\":\"Mes-Allocs.fr\",\"description\":\"\",\"potentialAction\":[{\"@type\":\"SearchAction\",\"target\":\"https:\/\/www.mes-allocs.fr\/guides\/?s={search_term_string}\",\"query-input\":\"required name=search_term_string\"}],\"inLanguage\":\"fr-FR\"},{\"@type\":\"ImageObject\",\"@id\":\"https:\/\/www.mes-allocs.fr\/guides\/chomage\/calculer-chomage\/calcul-allocation-chomage-fonction-publique\/#primaryimage\",\"inLanguage\":\"fr-FR\",\"url\":\"https:\/\/www.mes-allocs.fr\/guides\/wp-content\/uploads\/2021\/07\/Calcul-allocation-cho\\u0302mage-fonction-publique-e1626788578567.jpg?wsr\",\"width\":1280,\"height\":473,\"caption\":\"Calcul allocation cho\\u0302mage fonction publique\"},{\"@type\":\"WebPage\",\"@id\":\"https:\/\/www.mes-allocs.fr\/guides\/chomage\/calculer-chomage\/calcul-allocation-chomage-fonction-publique\/#webpage\",\"url\":\"https:\/\/www.mes-allocs.fr\/guides\/chomage\/calculer-chomage\/calcul-allocation-chomage-fonction-publique\/\",\"name\":\"Calcul allocation ch\\u00f4mage fonction publique explication | Mes-Allocs.fr\",\"isPartOf\":{\"@id\":\"https:\/\/www.mes-allocs.fr\/guides\/#website\"},\"primaryImageOfPage\":{\"@id\":\"https:\/\/www.mes-allocs.fr\/guides\/chomage\/calculer-chomage\/calcul-allocation-chomage-fonction-publique\/#primaryimage\"},\"datePublished\":\"2021-07-21T15:27:44+00:00\",\"dateModified\":\"2025-10-07T13:55:19+00:00\",\"author\":{\"@id\":\"https:\/\/www.mes-allocs.fr\/guides\/#\/schema\/person\/8d47b912c0ad15f379df96b4e4e33f58\"},\"description\":\"Un agent de la fonction publique peut b\\u00e9n\\u00e9ficier du ch\\u00f4mage. Mes Allocs vous explique le calcul allocation ch\\u00f4mage fonction publique.\",\"inLanguage\":\"fr-FR\"},{\"@type\":\"Person\",\"@id\":\"https:\/\/www.mes-allocs.fr\/guides\/#\/schema\/person\/8d47b912c0ad15f379df96b4e4e33f58\",\"name\":\"Constance de Cagny\",\"image\":{\"@type\":\"ImageObject\",\"@id\":\"https:\/\/www.mes-allocs.fr\/guides\/#personlogo\",\"inLanguage\":\"fr-FR\",\"url\":\"https:\/\/www.mes-allocs.fr\/guides\/wp-content\/uploads\/2021\/06\/Constance.2e8ee0b.png\",\"caption\":\"Constance de Cagny\"},\"description\":\"Constance est r\\u00e9dactrice au sein de l'\\u00e9quipe Mes Allocs. Elle a l'habitude d'\\u00e9crire sur les sujets conso, bons plans et \\u00e9conomies. Dipl\\u00f4m\\u00e9e de l'ENACO, elle rejoint Mes Allocs apr\\u00e8s une premi\\u00e8re exp\\u00e9rience en cabinet notarial.\",\"sameAs\":[\"https:\/\/www.linkedin.com\/in\/constance-de-cagny-mayeur-bbb414135\"]}]}<\/script>\n<!-- \/ Yoast SEO plugin. -->","amp_validity":null,"acf":{"faq":{"1":{"question":" Puis-je travailler et toucher le ch\u00f4mage ?","answer":"Vous pouvez travailler et toucher le ch\u00f4mage si votre nouveau salaire est plus bas que l'ancien."},"2":{"question":"Comment avoir droit au ch\u00f4mage apr\u00e8s d\u00e9mission ?","answer":"Vous pouvez avoir droit au ch\u00f4mage apr\u00e8s une d\u00e9mission si vous fa\u00eetes une d\u00e9mission l\u00e9gitime."},"3":{"question":"Comment faire pour toucher le ch\u00f4mage apr\u00e8s une d\u00e9mission ?","answer":"La d\u00e9mission l\u00e9gitime n'est pas l'unique cas qui ouvre droit au ch\u00f4mage apr\u00e8s une d\u00e9mission. Lorsque vous effectuez une reconversion professionnelle ou que vous cr\u00e9ez ou reprenez une entreprise, vous pouvez \u00e9galement b\u00e9n\u00e9ficier des allocations ch\u00f4mage"},"4":{"question":"Comment faire une simulation Ch\u00f4mage Technique ?","answer":"Le plus simple pour savoir si vous \u00eates \u00e9ligible au Ch\u00f4mage Technique en fonction de vos revenus et de votre situation, est de faire la simulation gratuite de Mes Allocs."},"5":{"question":"Comment calculer le salaire de r\u00e9f\u00e9rence ?","answer":"Vous devez additionner l'ensemble des salaires bruts per\u00e7us au cours des douze derniers mois, y compris les treizi\u00e8mes mois, primes et bonus."},"6":{"question":"Comment calculer son ch\u00f4mage apr\u00e8s une rupture conventionnelle ?","answer":"Le calcul correspond \u00e0 la prise en compte de 13,18 \u20ac d'indemnit\u00e9 fixe et de 40,4 % du salaire journalier de r\u00e9f\u00e9rence (SJR)."},"7":{"question":"","answer":""},"8":{"question":"","answer":""},"9":{"question":"","answer":""},"10":{"question":"","answer":""},"11":{"question":"","answer":""},"12":{"question":"","answer":""},"13":{"question":"","answer":""},"14":{"question":"","answer":""},"15":{"question":"","answer":""},"16":{"question":"","answer":""}}},"_links":{"self":[{"href":"https:\/\/www.mes-allocs.fr\/guides\/wp-json\/wp\/v2\/posts\/32986","targetHints":{"allow":["GET"]}}],"collection":[{"href":"https:\/\/www.mes-allocs.fr\/guides\/wp-json\/wp\/v2\/posts"}],"about":[{"href":"https:\/\/www.mes-allocs.fr\/guides\/wp-json\/wp\/v2\/types\/post"}],"author":[{"embeddable":true,"href":"https:\/\/www.mes-allocs.fr\/guides\/wp-json\/wp\/v2\/users\/10"}],"replies":[{"embeddable":true,"href":"https:\/\/www.mes-allocs.fr\/guides\/wp-json\/wp\/v2\/comments?post=32986"}],"version-history":[{"count":17,"href":"https:\/\/www.mes-allocs.fr\/guides\/wp-json\/wp\/v2\/posts\/32986\/revisions"}],"predecessor-version":[{"id":104405,"href":"https:\/\/www.mes-allocs.fr\/guides\/wp-json\/wp\/v2\/posts\/32986\/revisions\/104405"}],"wp:featuredmedia":[{"embeddable":true,"href":"https:\/\/www.mes-allocs.fr\/guides\/wp-json\/wp\/v2\/media\/32994"}],"wp:attachment":[{"href":"https:\/\/www.mes-allocs.fr\/guides\/wp-json\/wp\/v2\/media?parent=32986"}],"wp:term":[{"taxonomy":"category","embeddable":true,"href":"https:\/\/www.mes-allocs.fr\/guides\/wp-json\/wp\/v2\/categories?post=32986"},{"taxonomy":"post_tag","embeddable":true,"href":"https:\/\/www.mes-allocs.fr\/guides\/wp-json\/wp\/v2\/tags?post=32986"}],"curies":[{"name":"wp","href":"https:\/\/api.w.org\/{rel}","templated":true}]}}