{"id":32882,"date":"2021-07-19T17:12:32","date_gmt":"2021-07-19T15:12:32","guid":{"rendered":"https:\/\/www.mes-allocs.fr\/guides\/?p=32882"},"modified":"2025-07-18T15:55:40","modified_gmt":"2025-07-18T13:55:40","slug":"etudes-photographe","status":"publish","type":"post","link":"https:\/\/www.mes-allocs.fr\/guides\/reconversion-professionnelle\/aide-recherche-emploi\/recherche-emploi-photographe\/etudes-photographe\/","title":{"rendered":"Quelles \u00e9tudes pour \u00eatre photographe ?"},"content":{"rendered":"<p><img loading=\"lazy\" decoding=\"async\" class=\"alignnone wp-image-32934 size-large\" title=\"etudes photographe\" src=\"https:\/\/www.mes-allocs.fr\/guides\/wp-content\/uploads\/2021\/07\/pexels-rafael-barros-1728163-e1626697137745-1024x302.jpg\" alt=\"etudes photographe\" width=\"1024\" height=\"302\" srcset=\"https:\/\/www.mes-allocs.fr\/guides\/wp-content\/uploads\/2021\/07\/pexels-rafael-barros-1728163-e1626697137745-1024x302.jpg 1024w, https:\/\/www.mes-allocs.fr\/guides\/wp-content\/uploads\/2021\/07\/pexels-rafael-barros-1728163-e1626697137745-300x88.jpg 300w, https:\/\/www.mes-allocs.fr\/guides\/wp-content\/uploads\/2021\/07\/pexels-rafael-barros-1728163-e1626697137745-768x226.jpg 768w, https:\/\/www.mes-allocs.fr\/guides\/wp-content\/uploads\/2021\/07\/pexels-rafael-barros-1728163-e1626697137745-600x177.jpg 600w, https:\/\/www.mes-allocs.fr\/guides\/wp-content\/uploads\/2021\/07\/pexels-rafael-barros-1728163-e1626697137745.jpg 1280w\" sizes=\"auto, (max-width: 1024px) 100vw, 1024px\" \/><\/p>\n<p style=\"text-align: justify;\"><strong>Il est possible d&rsquo;effectuer une <a href=\"https:\/\/www.mes-allocs.fr\/guides\/reconversion-professionnelle\/\">reconversion professionnelle<\/a> pour devenir photographe. On vous dit tout sur les dipl\u00f4mes ainsi que les \u00e9tudes qui sont requises pour exercer ce m\u00e9tier.<\/strong><\/p>\n<div class='cta-block'><div class='text'>Coaching \u00e0 distance pay\u00e9 par vos aides formation.<\/div><a href='https:\/\/www.formademia.fr\/formulaire\/coaching' class='app-button fit'>V\u00e9rifier votre \u00e9ligibilit\u00e9<\/a><\/div>\n<h1>Qu&rsquo;est-ce qu&rsquo;un photographe ?<\/h1>\n<p>Le photographe est un professionnel charg\u00e9 de r\u00e9aliser des clich\u00e9s et des tirages. Selon ses passions, il r\u00e9aliser ses prises de vue dans plusieurs domaines, \u00e0 savoir :<\/p>\n<ul>\n<li>La mode<\/li>\n<li>Le paysage<\/li>\n<li>Les mariages<\/li>\n<li>etc.<\/li>\n<\/ul>\n<p>Il r\u00e9alise\u00a0une prise de vue, fait une retouche, organise une s\u00e9ance photo ou des reportages photo, proc\u00e8de \u00e0 des r\u00e9glages techniques tels que ceux relatifs \u00e0 la lumi\u00e8re, au cadrage ou encore \u00e0 la vitesse du clich\u00e9.<\/p>\n<p>Vous souhaitez savoir si ce m\u00e9tier est fait pour vous ? D\u00e9couvrez les\u00a0<a href=\"https:\/\/www.mes-allocs.fr\/guides\/reconversion-professionnelle\/aide-recherche-emploi\/\">aides \u00e0 la recherche d\u2019emploi<\/a>\u00a0qui existent en France !<\/p>\n<h2>Les diff\u00e9rents types de photographe<\/h2>\n<div class=\"co8aDb XcVN5d\" role=\"heading\" aria-level=\"3\">Il existe plusieurs sp\u00e9cialit\u00e9s dans le m\u00e9tier de photographe. D\u00e9couvrons-les ensemble :<\/div>\n<div class=\"RqBzHd\">\n<ul class=\"i8Z77e\">\n<li class=\"TrT0Xe\">Photographe animalier<\/li>\n<li class=\"TrT0Xe\">Photographe\u00a0de mode<\/li>\n<li class=\"TrT0Xe\">Photographe\u00a0culinaire<\/li>\n<li class=\"TrT0Xe\">Photographe\u00a0sportif<\/li>\n<li class=\"TrT0Xe\">Photographes de mariage<\/li>\n<li class=\"TrT0Xe\">Photographe de presse<\/li>\n<li>Reporter photographe<\/li>\n<li>etc.<\/li>\n<\/ul>\n<p><iframe loading=\"lazy\" title=\"La reconversion professionnelle\" width=\"500\" height=\"281\" src=\"https:\/\/www.youtube.com\/embed\/EiVUthswxl0?feature=oembed\" frameborder=\"0\" allow=\"accelerometer; autoplay; clipboard-write; encrypted-media; gyroscope; picture-in-picture; web-share\" referrerpolicy=\"strict-origin-when-cross-origin\" allowfullscreen><\/iframe><\/p>\n<\/div>\n<h2>Le r\u00f4le du photographe<\/h2>\n<p>Il existe plusieurs types de photographes. Qu&rsquo;il soit ind\u00e9pendant ou salari\u00e9, il doit r\u00e9aliser des clich\u00e9s destin\u00e9s \u00e0 sa client\u00e8le.<\/p>\n<p>Ses missions principales sont :<\/p>\n<ul>\n<li>Adapter la lumi\u00e8re, le cadrage et la composition au sujet sur lequel il travaille<\/li>\n<li>R\u00e9aliser des prises de vue en accord avec le cahier des charges d\u00e9fini par le client<\/li>\n<li>Mettre \u00e0 l&rsquo;aise et s&rsquo;adapter \u00e0 son sujet lorsqu&rsquo;il s&rsquo;agit d&rsquo;une personne ou d&rsquo;un animal<\/li>\n<li>Effectuer tous les travaux de retouches n\u00e9cessaires<\/li>\n<li>D\u00e9velopper et tirer ses photographies sur la base des outils num\u00e9riques actuels<\/li>\n<li>Vendre ses clich\u00e9s<\/li>\n<li>R\u00e9aliser des expositions pour les photographes d&rsquo;art<\/li>\n<li>Se former r\u00e9guli\u00e8rement aux nouveaut\u00e9s des mat\u00e9riels photographique et informatiques.<\/li>\n<\/ul>\n<h2>Les qualit\u00e9s requises pour \u00eatre photographe<\/h2>\n<div class=\"section-data\">\n<p>Les <strong>comp\u00e9tences<\/strong> pour \u00eatre <strong>photographe<\/strong> sont les suivantes\u00a0:<\/p>\n<ul>\n<li>Connaissance des techniques de photographie<\/li>\n<li>Capacit\u00e9s de r\u00e9aliser des photographies de qualit\u00e9 professionnelle<\/li>\n<li>Capacit\u00e9s de modifier les photos \u00e0 l\u2019aide de logiciels de retouche<\/li>\n<li>Cr\u00e9ativit\u00e9 et sensibilit\u00e9 artistique<\/li>\n<li>Attention \u00e0 l\u2019\u00e9gard des d\u00e9tails<\/li>\n<li>Capacit\u00e9s d\u2019adaptation et flexibilit\u00e9<\/li>\n<li>Capacit\u00e9s de communication<\/li>\n<li>Disponibilit\u00e9 \u00e0 se d\u00e9placer selon les besoins du travail<\/li>\n<\/ul>\n<p><a href=\"https:\/\/www.mes-allocs.fr\/guides\/reconversion-professionnelle\/aide-recherche-emploi\/recherche-emploi-photographe\/\">Chercher un emploi de photographe<\/a>\u00a0n\u2019est pas toujours \u00e9vident dans le cadre d\u2019une reconversion, c\u2019est pourquoi Mes Allocs a mis en place une \u00e9quipe d\u00e9di\u00e9e \u00e0 votre r\u00e9ussite professionnelle. Contactez-nous !<\/p>\n<\/div>\n<div id=\"employer\">\n<h1>\u00c9tudes de photographe : quelles formations pour acc\u00e9der au m\u00e9tier ?<\/h1>\n<\/div>\n<p>Quelles formations pour devenir photographe ? Si vous souhaitez devenir photographe, vous devez suivre les diff\u00e9rentes formations qui peuvent vous conduire vers ce m\u00e9tier.<\/p>\n<h2>Formation initiale<\/h2>\n<div id=\"employer\">\n<div id=\"study-text\">\n<h3><strong>Bac pro photographie\u00a0<\/strong><\/h3>\n<p>Ce dipl\u00f4me se pr\u00e9pare dans les lyc\u00e9es professionnels publics ou priv\u00e9s, ou dans les Centres de Formation des Apprentis (CFA). Le\u00a0programme du Bac pro photo\u00a0aborde les principaux domaines allant de la prise de vues au traitement de l&rsquo;image.<\/p>\n<h3><strong>Bep photographie<\/strong><\/h3>\n<p>Le BEP Photographie est une forme d&rsquo;apprentissage de 1 an. Tout comme le Bac pro photo, il s&rsquo;agit d&rsquo;un\u00a0dipl\u00f4me d&rsquo;\u00e9tat, qui est d\u00e9livr\u00e9 par l&rsquo;Education Nationale et reconnu par la profession.<\/p>\n<h3><strong>Bac +2 : BTS photographie<\/strong><\/h3>\n<p>Le\u00a0BTS Photographie\u00a0est un dipl\u00f4me de l&rsquo;enseignement sup\u00e9rieur reconnu par l&rsquo;\u00e9tat, que l&rsquo;on peut obtenir apr\u00e8s deux ans d&rsquo;\u00e9tudes (niveau Bac+2). Ce cursus est potentiellement accessible aux titulaires de n&rsquo;importe quel Baccalaur\u00e9at ou dipl\u00f4me \u00e9quivalent.<\/p>\n<h3><strong>Bac +5 : Master Pro Arts \u2013 Option Photographie<\/strong><\/h3>\n<h2>Formation continue<\/h2>\n<p>Pour les professionnels d\u00e9j\u00e0 dipl\u00f4m\u00e9s, de rares sp\u00e9cialisations existent comme le master arts plastiques et art contemporain, sp\u00e9cialit\u00e9 photographie et arts contemporains ou les formations dispens\u00e9es aux Gobelins, l\u2019Ecole de l\u2019image ou le CFPJ. Ces formations sont \u00e9galement envisageables dans le cadre d\u2019une reconversion professionnelle.<\/p>\n<\/div>\n<p><strong>Les \u00e9coles de photographie<br \/>\n<\/strong><\/p>\n<ul>\n<li>l\u2019\u00c9cole nationale sup\u00e9rieure de la photographie d\u2019Arles (ENSP)<\/li>\n<li>l\u2019\u00c9cole nationale sup\u00e9rieure Louis Lumi\u00e8re section photographie<\/li>\n<li>Les Gobelins \u00e0 Paris<\/li>\n<li>l\u2019\u00c9cole nationale sup\u00e9rieure des arts d\u00e9coratifs (ENSAD) \u00e0 Paris.<\/li>\n<\/ul>\n<h1>Quel est le salaire du photographe ?<\/h1>\n<div id=\"career\">\n<p>Le <a href=\"https:\/\/www.mes-allocs.fr\/guides\/reconversion-professionnelle\/aide-recherche-emploi\/recherche-emploi-photographe\/salaire-photographe\/\">salaire d\u2019un photographe<\/a> d\u00e9butant se situe autour du SMIC et aux environs de <strong>1 900 \u20ac<\/strong> bruts\/mois pour les plus exp\u00e9riment\u00e9s.<\/p>\n<p>Cependant, dans la profession, les salaires sont tr\u00e8s variables et d\u00e9pendent du secteur dans lequel le photographe travaille.<\/p>\n<p>Lorsqu&rsquo;un photographe travaille \u00e0 son compte, c&rsquo;est lui qui d\u00e9termine le prix de ses photos, celui de ses forfaits. Ces tarifs n&rsquo;\u00e9tant pas fixes, il est donc difficile de d\u00e9terminer une r\u00e9mun\u00e9ration.<\/p>\n<h1>Evolution de carri\u00e8re<\/h1>\n<div id=\"career\">\n<p>Un photographe peut d\u00e9cider de se sp\u00e9cialiser : photographe de presse, d\u2019art, photographe professionnel sp\u00e9cialis\u00e9 dans la photo de paysages, de personnes\u00a0photographe de mode, photographe animalier\u2026<\/p>\n<p>Avec de l&rsquo;exp\u00e9rience et\/ou une formation compl\u00e9mentaire, un photographe peut \u00e9voluer vers des postes de responsable de service dans un studio photo, une agence, un journal ou un magasin.<\/p>\n<p>Il peut aussi se mettre \u00e0 son compte (free lance).<\/p>\n<\/div>\n<div id=\"employer\">\n<p>La photographie est utilis\u00e9e dans tous les secteurs. Ainsi, un photographe peut travailler \u00e0 son compte ou pour celui d&rsquo;une entreprise, d&rsquo;une association, ou encore :<\/p>\n<\/div>\n<p>Il est aussi possible de viser des m\u00e9tiers comme\u00a0:<\/p>\n<ul>\n<li>Assistant photographe<\/li>\n<li>Photographe animalier<\/li>\n<li>Photographe auteur<\/li>\n<li>Photographe culinaire<\/li>\n<li>Photographe de mariage<\/li>\n<li>Photographe sportif<\/li>\n<li>Chef Entrepreneur<\/li>\n<li>etc.<\/li>\n<\/ul>\n<p>D\u00e9couvrez la <a href=\"https:\/\/www.mes-allocs.fr\/guides\/reconversion-professionnelle\/aide-recherche-emploi\/recherche-emploi-photographe\/fiche-metier-photographe\/\">fiche m\u00e9tier du photographe<\/a> !<\/p>\n<h1>Comment financer sa formation de photographe ?<\/h1>\n<p>Plusieurs dispositifs sont mis en place pour vous permettre de financer votre formation. Pour b\u00e9n\u00e9ficier de ces aides, il faut que cette formation soit reconnue et qu&rsquo;elle soit en ad\u00e9quation avec votre projet professionnel.<\/p>\n<h2>Le Compte Personnel de Formation CPF<\/h2>\n<p>Le Compte personnel de formation (CPF) permet \u00e0 toute personne active d\u2019acqu\u00e9rir des droits \u00e0 la formation. Le montant de l&rsquo;aide oscille entre <strong>500\u20ac<\/strong> et <strong>800 \u20ac<\/strong> par an.<\/p>\n<p>Pour connaitre le montant que vous pouvez percevoir, vous pouvez vous rendre sur moncompteformation.gouv.fr, vous pourrez \u00e9galement avoir acc\u00e8s \u00e0 toutes les formations \u00e9ligibles au CPF.<\/p>\n<h2>Aide Individuelle \u00e0 la Formation AIF<\/h2>\n<p>Si vous \u00eates en recherche d&#8217;emploi, vous pouvez b\u00e9n\u00e9ficier de l\u2019Aide Individuelle \u00e0 la Formation\u00a0(AIF). C&rsquo;est une aide financi\u00e8re pour suivre une formation non couverte par d\u2019autres dispositifs. Elle vient aussi compl\u00e9ter les aides des collectivit\u00e9s territoriales, des OPCO\u00a0ou des Opacif.<\/p>\n<div class='cta-block'><div class='text'>Besoin d&rsquo;aide dans votre reconversion ?<\/div><a href='' class='app-button fit'>En savoir plus sur notre programme<\/a><\/div>\n<\/div>\n<\/div>\n","protected":false},"excerpt":{"rendered":"<p>Il est possible d&rsquo;effectuer une reconversion professionnelle pour devenir photographe. On vous dit tout sur les dipl\u00f4mes ainsi que les \u00e9tudes qui sont requises pour exercer ce m\u00e9tier. Qu&rsquo;est-ce qu&rsquo;un photographe ? Le photographe est un professionnel charg\u00e9 de r\u00e9aliser des clich\u00e9s et des tirages. Selon ses passions, il r\u00e9aliser ses prises de vue dans [&hellip;]<\/p>\n","protected":false},"author":7,"featured_media":32933,"comment_status":"open","ping_status":"open","sticky":false,"template":"","format":"standard","meta":{"amp_status":"","footnotes":""},"categories":[8789,8920,5081],"tags":[],"class_list":["post-32882","post","type-post","status-publish","format-standard","has-post-thumbnail","hentry","category-aide-recherche-emploi","category-recherche-emploi-photographe","category-reconversion-professionnelle"],"yoast_head":"<!-- This site is optimized with the Yoast SEO plugin v14.9 - https:\/\/yoast.com\/wordpress\/plugins\/seo\/ -->\n<title>Quelles \u00e9tudes pour \u00eatre photographe ? | Mes-Allocs.fr<\/title>\n<meta name=\"description\" content=\"Vous souhaitez devenir photographe ? Mes-Allocs.fr vous dit tout sur les \u00e9tudes et formations pour avoir acc\u00e8s \u00e0 la profession.\" \/>\n<meta name=\"robots\" content=\"index, follow, max-snippet:-1, max-image-preview:large, max-video-preview:-1\" \/>\n<link rel=\"canonical\" href=\"https:\/\/www.mes-allocs.fr\/guides\/reconversion-professionnelle\/aide-recherche-emploi\/recherche-emploi-photographe\/etudes-photographe\/\" \/>\n<meta property=\"og:locale\" content=\"fr_FR\" \/>\n<meta property=\"og:type\" content=\"article\" \/>\n<meta property=\"og:title\" content=\"Quelles \u00e9tudes pour \u00eatre photographe ? | Mes-Allocs.fr\" \/>\n<meta property=\"og:description\" content=\"Vous souhaitez devenir photographe ? Mes-Allocs.fr vous dit tout sur les \u00e9tudes et formations pour avoir acc\u00e8s \u00e0 la profession.\" \/>\n<meta property=\"og:url\" content=\"https:\/\/www.mes-allocs.fr\/guides\/reconversion-professionnelle\/aide-recherche-emploi\/recherche-emploi-photographe\/etudes-photographe\/\" \/>\n<meta property=\"og:site_name\" content=\"Mes-Allocs.fr\" \/>\n<meta property=\"article:published_time\" content=\"2021-07-19T15:12:32+00:00\" \/>\n<meta property=\"article:modified_time\" content=\"2025-07-18T13:55:40+00:00\" \/>\n<meta property=\"og:image\" content=\"https:\/\/www.mes-allocs.fr\/guides\/wp-content\/uploads\/2021\/07\/metier-photographe.jpg?wsr\" \/>\n\t<meta property=\"og:image:width\" content=\"1280\" \/>\n\t<meta property=\"og:image:height\" content=\"853\" \/>\n<meta name=\"twitter:card\" content=\"summary_large_image\" \/>\n<script type=\"application\/ld+json\" class=\"yoast-schema-graph\">{\"@context\":\"https:\/\/schema.org\",\"@graph\":[{\"@type\":\"WebSite\",\"@id\":\"https:\/\/www.mes-allocs.fr\/guides\/#website\",\"url\":\"https:\/\/www.mes-allocs.fr\/guides\/\",\"name\":\"Mes-Allocs.fr\",\"description\":\"\",\"potentialAction\":[{\"@type\":\"SearchAction\",\"target\":\"https:\/\/www.mes-allocs.fr\/guides\/?s={search_term_string}\",\"query-input\":\"required name=search_term_string\"}],\"inLanguage\":\"fr-FR\"},{\"@type\":\"ImageObject\",\"@id\":\"https:\/\/www.mes-allocs.fr\/guides\/reconversion-professionnelle\/aide-recherche-emploi\/recherche-emploi-photographe\/etudes-photographe\/#primaryimage\",\"inLanguage\":\"fr-FR\",\"url\":\"https:\/\/www.mes-allocs.fr\/guides\/wp-content\/uploads\/2021\/07\/metier-photographe.jpg?wsr\",\"width\":1280,\"height\":853,\"caption\":\"etudes photographe\"},{\"@type\":\"WebPage\",\"@id\":\"https:\/\/www.mes-allocs.fr\/guides\/reconversion-professionnelle\/aide-recherche-emploi\/recherche-emploi-photographe\/etudes-photographe\/#webpage\",\"url\":\"https:\/\/www.mes-allocs.fr\/guides\/reconversion-professionnelle\/aide-recherche-emploi\/recherche-emploi-photographe\/etudes-photographe\/\",\"name\":\"Quelles \\u00e9tudes pour \\u00eatre photographe ? | Mes-Allocs.fr\",\"isPartOf\":{\"@id\":\"https:\/\/www.mes-allocs.fr\/guides\/#website\"},\"primaryImageOfPage\":{\"@id\":\"https:\/\/www.mes-allocs.fr\/guides\/reconversion-professionnelle\/aide-recherche-emploi\/recherche-emploi-photographe\/etudes-photographe\/#primaryimage\"},\"datePublished\":\"2021-07-19T15:12:32+00:00\",\"dateModified\":\"2025-07-18T13:55:40+00:00\",\"author\":{\"@id\":\"https:\/\/www.mes-allocs.fr\/guides\/#\/schema\/person\/1c4837d5703727cb02ce84583b5a44aa\"},\"description\":\"Vous souhaitez devenir photographe ? Mes-Allocs.fr vous dit tout sur les \\u00e9tudes et formations pour avoir acc\\u00e8s \\u00e0 la profession.\",\"inLanguage\":\"fr-FR\"},{\"@type\":\"Person\",\"@id\":\"https:\/\/www.mes-allocs.fr\/guides\/#\/schema\/person\/1c4837d5703727cb02ce84583b5a44aa\",\"name\":\"Fabiola\",\"image\":{\"@type\":\"ImageObject\",\"@id\":\"https:\/\/www.mes-allocs.fr\/guides\/#personlogo\",\"inLanguage\":\"fr-FR\",\"url\":\"https:\/\/www.mes-allocs.fr\/guides\/wp-content\/uploads\/2021\/06\/fabiola-150x150.png\",\"caption\":\"Fabiola\"},\"description\":\"Fabiola est r\\u00e9dactrice au sein de l'\\u00e9quipe Mes Allocs, sp\\u00e9cialis\\u00e9e en sciences politiques et affaires publiques. Dipl\\u00f4m\\u00e9e de l'HEIP, elle rejoint Mes Allocs apr\\u00e8s une premi\\u00e8re exp\\u00e9rience \\u00e0 l'Assembl\\u00e9e Nationale.\",\"sameAs\":[\"https:\/\/www.linkedin.com\/in\/cecilia-philippe-b-8a8085195\"]}]}<\/script>\n<!-- \/ Yoast SEO plugin. -->","amp_validity":null,"acf":{"faq":{"1":{"question":"Qu'est-ce que le m\u00e9tier de photographe ?","answer":"Le m\u00e9tier de photographe consiste \u00e0 prendre de bonnes photographies d'un sujet ou \u00e0 capturer des instants."},"2":{"question":"Quels sont les avantages du m\u00e9tier de photographe ?","answer":"Le m\u00e9tier de photographe permet de gagner en cr\u00e9ativit\u00e9 et permet de faire des rencontres vari\u00e9es."},"3":{"question":"O\u00f9 travaille un photographe ?","answer":"Le photographe peut travailler dans : \r\n- Une agence de communication\r\n- Une soci\u00e9t\u00e9 d'\u00e9v\u00e9nementiel\r\n- Des collectivit\u00e9s locales\r\n- Des entreprises vari\u00e9es : e-commerce, laboratoires, banque."},"4":{"question":"Quel est le salaire d'un photographe professionnel ?","answer":"Extr\u00eamement variable selon le secteur et la renomm\u00e9e du photographe, le salaire moyen mensuel d'un photographe est de 1430 euros bruts.\r\n"},"5":{"question":" Quelle formation suivre pour devenir photographe ind\u00e9pendant ?","answer":"- Bac Pro en photographie (formation de 3 ans apr\u00e8s la classe de 3e) \r\n- BTS Photographie (accessible apr\u00e8s un Bac g\u00e9n\u00e9ral)\r\n- Master Pro Arts sp\u00e9cialit\u00e9 Photographie \u00e0 l'universit\u00e9 \r\n- MST Photographie et multim\u00e9dias."},"6":{"question":" Quelles sont les qualit\u00e9s d'un photographe ?","answer":"- Avoir une bonne connaissance des arts visuels et une propension aux relations humaines. ...\r\n- Bonne \u00e9coute et observation \r\n- L'organisation\r\n- La discr\u00e9tion."},"7":{"question":"","answer":""},"8":{"question":"","answer":""},"9":{"question":"","answer":""},"10":{"question":"","answer":""},"11":{"question":"","answer":""},"12":{"question":"","answer":""},"13":{"question":"","answer":""},"14":{"question":"","answer":""},"15":{"question":"","answer":""},"16":{"question":"","answer":""}}},"_links":{"self":[{"href":"https:\/\/www.mes-allocs.fr\/guides\/wp-json\/wp\/v2\/posts\/32882","targetHints":{"allow":["GET"]}}],"collection":[{"href":"https:\/\/www.mes-allocs.fr\/guides\/wp-json\/wp\/v2\/posts"}],"about":[{"href":"https:\/\/www.mes-allocs.fr\/guides\/wp-json\/wp\/v2\/types\/post"}],"author":[{"embeddable":true,"href":"https:\/\/www.mes-allocs.fr\/guides\/wp-json\/wp\/v2\/users\/7"}],"replies":[{"embeddable":true,"href":"https:\/\/www.mes-allocs.fr\/guides\/wp-json\/wp\/v2\/comments?post=32882"}],"version-history":[{"count":9,"href":"https:\/\/www.mes-allocs.fr\/guides\/wp-json\/wp\/v2\/posts\/32882\/revisions"}],"predecessor-version":[{"id":102667,"href":"https:\/\/www.mes-allocs.fr\/guides\/wp-json\/wp\/v2\/posts\/32882\/revisions\/102667"}],"wp:featuredmedia":[{"embeddable":true,"href":"https:\/\/www.mes-allocs.fr\/guides\/wp-json\/wp\/v2\/media\/32933"}],"wp:attachment":[{"href":"https:\/\/www.mes-allocs.fr\/guides\/wp-json\/wp\/v2\/media?parent=32882"}],"wp:term":[{"taxonomy":"category","embeddable":true,"href":"https:\/\/www.mes-allocs.fr\/guides\/wp-json\/wp\/v2\/categories?post=32882"},{"taxonomy":"post_tag","embeddable":true,"href":"https:\/\/www.mes-allocs.fr\/guides\/wp-json\/wp\/v2\/tags?post=32882"}],"curies":[{"name":"wp","href":"https:\/\/api.w.org\/{rel}","templated":true}]}}