{"id":32869,"date":"2021-07-19T17:11:04","date_gmt":"2021-07-19T15:11:04","guid":{"rendered":"https:\/\/www.mes-allocs.fr\/guides\/?p=32869"},"modified":"2025-07-18T15:44:23","modified_gmt":"2025-07-18T13:44:23","slug":"diplome-electricien","status":"publish","type":"post","link":"https:\/\/www.mes-allocs.fr\/guides\/reconversion-professionnelle\/aide-recherche-emploi\/recherche-emploi-electricien\/diplome-electricien\/","title":{"rendered":"Dipl\u00f4me d&rsquo;\u00e9lectricien : quelles \u00e9tudes faut-il faire ?"},"content":{"rendered":"<p><img loading=\"lazy\" decoding=\"async\" class=\"alignnone wp-image-32875 size-large\" title=\"Diplome electricien\" src=\"https:\/\/www.mes-allocs.fr\/guides\/wp-content\/uploads\/2021\/07\/pexels-monstera-6238120-e1626663808730-1024x330.jpg\" alt=\"diplome electricien\" width=\"1024\" height=\"330\" srcset=\"https:\/\/www.mes-allocs.fr\/guides\/wp-content\/uploads\/2021\/07\/pexels-monstera-6238120-e1626663808730-1024x330.jpg 1024w, https:\/\/www.mes-allocs.fr\/guides\/wp-content\/uploads\/2021\/07\/pexels-monstera-6238120-e1626663808730-300x97.jpg 300w, https:\/\/www.mes-allocs.fr\/guides\/wp-content\/uploads\/2021\/07\/pexels-monstera-6238120-e1626663808730-768x247.jpg 768w, https:\/\/www.mes-allocs.fr\/guides\/wp-content\/uploads\/2021\/07\/pexels-monstera-6238120-e1626663808730-600x193.jpg 600w, https:\/\/www.mes-allocs.fr\/guides\/wp-content\/uploads\/2021\/07\/pexels-monstera-6238120-e1626663808730.jpg 1280w\" sizes=\"auto, (max-width: 1024px) 100vw, 1024px\" \/><\/p>\n<p style=\"text-align: justify;\"><strong>Il est possible d&rsquo;effectuer une <a href=\"https:\/\/www.mes-allocs.fr\/guides\/reconversion-professionnelle\/\">reconversion professionnelle<\/a> pour devenir \u00e9lectricien. On vous dit tout sur les dipl\u00f4mes d&rsquo;\u00e9lectricien ainsi que les formations qui sont requises pour exercer ce m\u00e9tier.<\/strong><\/p>\n<div class='cta-block'><div class='text'>Besoin d&rsquo;aide dans votre reconversion ?<\/div><a href='' class='app-button fit'>En savoir plus sur notre programme<\/a><\/div>\n<h1>Qu&rsquo;est-ce qu&rsquo;un \u00e9lectricien ?<\/h1>\n<p>L&rsquo;\u00e9lectricien est un technicien charg\u00e9 de la mise en service de c\u00e2bles et d&rsquo; \u00e9quipements \u00e9lectriques dans un endroit pr\u00e9cis. Dans les b\u00e2timents industriels, les logements et les bureaux, il est tenu d&rsquo;assurer la distribution de l&rsquo;\u00e9lectricit\u00e9.<\/p>\n<div class=\"thrv_wrapper thrv_text_element\">\n<p>Il peut \u00eatre sollicit\u00e9 pour s\u00e9curiser, r\u00e9nover un ancien syst\u00e8me \u00e9lectrique. Il intervient \u00e9galement en urgence pour effectuer des r\u00e9parations sur un \u00e9quipement d\u00e9fectueux.<\/p>\n<p>Besoin d\u2019<a href=\"https:\/\/www.mes-allocs.fr\/guides\/reconversion-professionnelle\/aide-recherche-emploi\/\">aide dans la recherche d\u2019un emploi<\/a> ? De nombreuses structures sont l\u00e0 pour vous accompagner. Renseignez-vous !<\/p>\n<h2>Les missions de l&rsquo;\u00e9lectricien<\/h2>\n<p>Au cours de sa carri\u00e8re, l&rsquo;\u00e9lectricien est charg\u00e9 d&rsquo;effectuer diff\u00e9rentes t\u00e2ches ou missions. \u00c0 savoir :<\/p>\n<\/div>\n<div class=\"thrv_wrapper thrv_text_element\">\n<ul>\n<li>Proc\u00e9der \u00e0 l&rsquo; installation\u00a0d\u2019appareils \u00e9lectriques\u00a0chez son client (qui peut \u00eatre une personne physique ou morale)<\/li>\n<li>Intervenir lors d&rsquo;une panne \u00e9lectrique<\/li>\n<li>Tester la mise aux normes de s\u00e9curit\u00e9 des ouvrages \u00e9lectriques ou installations \u00e9lectriques<\/li>\n<li>Poser des c\u00e2bles et installer des prises de courant<\/li>\n<li>etc.<\/li>\n<\/ul>\n<p>De fa\u00e7on g\u00e9n\u00e9rale donc, l\u2019\u00e9lectricien assure le bon fonctionnement des outils \u00e9lectriques et de la distribution \u00e9lectrique, de la maintenance \u00e9lectrique des syst\u00e8mes \u00e9lectroniques, de fa\u00e7on s\u00e9curis\u00e9e et en ad\u00e9quation avec les r\u00e8gles en vigueur.<\/p>\n<h2>Les qualit\u00e9s requises pour \u00eatre \u00e9lectricien<\/h2>\n<p>Vous \u00eates \u00e0 la\u00a0<a href=\"https:\/\/www.mes-allocs.fr\/guides\/reconversion-professionnelle\/aide-recherche-emploi\/recherche-emploi-electricien\/\">recherche d\u2019un emploi dans le secteur de l\u2019\u00e9lectricit\u00e9<\/a> ? Sachez que l&rsquo;\u00e9lectricien est tr\u00e8s souvent confront\u00e9 \u00e0 des missions \u00e0 risque. Ainsi donc, si vous voulez exercer ce m\u00e9tier, vous devez avoir certaines qualit\u00e9s, \u00e0 savoir :<\/p>\n<ul>\n<li>Minutie et habilit\u00e9<\/li>\n<li>Prudence<\/li>\n<li>Rigueur<\/li>\n<li>Capacit\u00e9 d&rsquo;adaptation<\/li>\n<li>Force physique<\/li>\n<li>Bon sens du relationnel.<\/li>\n<\/ul>\n<p><iframe loading=\"lazy\" title=\"La reconversion professionnelle\" width=\"500\" height=\"281\" src=\"https:\/\/www.youtube.com\/embed\/EiVUthswxl0?feature=oembed\" frameborder=\"0\" allow=\"accelerometer; autoplay; clipboard-write; encrypted-media; gyroscope; picture-in-picture; web-share\" referrerpolicy=\"strict-origin-when-cross-origin\" allowfullscreen><\/iframe><\/p>\n<h1>Dipl\u00f4me d&rsquo;\u00e9lectricien : quelles formations doit-on suivre ?<\/h1>\n<p>Pour exercer le m\u00e9tier d\u2019\u00e9lectricien, vous devez suivre les formations appropri\u00e9es. Ces derni\u00e8res vont vous permettre d\u2019obtenir les dipl\u00f4mes requis pour devenir professionnel dans ce domaine.<\/p>\n<div class=\"thrv_wrapper thrv_text_element\">\n<h2>Formation initiale<\/h2>\n<\/div>\n<div class=\"thrv_wrapper thrv_text_element\">\n<h3>Niveau CAP<\/h3>\n<\/div>\n<div class=\"thrv_wrapper thrv_text_element tve-froala fr-box fr-basic\">\n<ul class=\"\">\n<li>CAP \u00e9lectricien, accessible apr\u00e8s la troisi\u00e8me . Se pr\u00e9pare en deux ans \u00e0 temps plein ou en apprentissage ;<\/li>\n<li>CAP \u00e9lectricien d\u2019\u00e9quipement du b\u00e2timent, accessible apr\u00e8s la troisi\u00e8me. Se pr\u00e9pare en deux ans \u00e0 temps plein ou en apprentissage.<\/li>\n<\/ul>\n<p>Pour les personnes en reconversion professionnelle, certains \u00e9tablissements proposent le CAP \u00e0 distance. Vous pouvez suivre la formation par correspondance.<\/p>\n<\/div>\n<div class=\"thrv_wrapper thrv_text_element\">\n<h3>Niveau bac<\/h3>\n<\/div>\n<div class=\"thrv_wrapper thrv_text_element\">\n<ul class=\"\">\n<li>Bac professionnel \u00e9lectricien. Se pr\u00e9pare en deux ans apr\u00e8s un CAP du m\u00eame secteur ;<\/li>\n<li>Bac professionnel m\u00e9tiers de l\u2019\u00e9lectricit\u00e9 et de ses environnements connect\u00e9s (MELEC). Se pr\u00e9pare en trois ans apr\u00e8s la classe de troisi\u00e8me, \u00e0 temps plein ou en apprentissage. Les \u00e9l\u00e8ves de CAP du m\u00eame secteur peuvent \u00e9galement le pr\u00e9parer en deux ans sous certaines conditions ;<\/li>\n<li>Brevet technique des m\u00e9tiers installateur en \u00e9quipements \u00e9lectriques. Se pr\u00e9pare en 2 ans apr\u00e8s un CAP.<\/li>\n<\/ul>\n<\/div>\n<div class=\"thrv_wrapper thrv_text_element\">\n<h3>Bac + 1<\/h3>\n<\/div>\n<div class=\"thrv_wrapper thrv_text_element\">\n<ul class=\"\">\n<li>Formation compl\u00e9mentaire d\u2019initiative locale technicien \u00e9lectricien installateur en \u00e9clairage performant. Se pr\u00e9pare en un an ;<\/li>\n<li>Formation compl\u00e9mentaire d\u2019initiative locale \u00e9lectricien du spectacle. Se pr\u00e9pare en un an ;<\/li>\n<li>Mention compl\u00e9mentaire en \u00e9nergies renouvelables option A : \u00e9nergie \u00e9lectrique. Se pr\u00e9pare en 1 an.<\/li>\n<\/ul>\n<\/div>\n<div class=\"thrv_wrapper thrv_text_element\">\n<h3>Bac + 2<\/h3>\n<\/div>\n<div class=\"thrv_wrapper thrv_text_element\">\n<ul class=\"\">\n<li>BTS FED &#8211; fluides \u00e9nergies domotique. Se pr\u00e9pare en deux ans, \u00e0 temps plein ou en alternance, apr\u00e8s l\u2019obtention d\u2019un bac professionnel MELEC ;<\/li>\n<li>BTS \u00e9lectrotechnique. Se pr\u00e9pare en deux ans, \u00e0 temps plein ou en alternance, apr\u00e8s l\u2019obtention d\u2019un bac professionnel \u00e9lectricien ou MELEC.<\/li>\n<\/ul>\n<\/div>\n<div class=\"thrv_wrapper thrv_text_element\">\n<h2>Formation continue<\/h2>\n<\/div>\n<div class=\"thrv_wrapper thrv_text_element\">\n<p>Il est possible d\u2019effectuer une reconversion professionnelle vers le m\u00e9tier d\u2019\u00e9lectricien. Le TP (titre professionnel) \u00e9lectricien d\u2019\u00e9quipement du b\u00e2timent est la formation la plus appropri\u00e9e.<\/p>\n<p>Vous avez \u00e9galement la possibilit\u00e9 d&rsquo;obtenir votre dipl\u00f4me par le moyen de la formation continue. Les dipl\u00f4mes suivants peuvent \u00eatre suivis par la voie de la formation continue des adultes :<\/p>\n<\/div>\n<div class=\"thrv_wrapper thrv_text_element\">\n<ul class=\"\">\n<li>CAP \u00e9lectricien (ancien CAP\u00a0pr\u00e9paration et r\u00e9alisation d&rsquo; ouvrages \u00e9lectriques)<\/li>\n<li>Bac pro \u00e9lectronique, \u00e9nergie, \u00e9quipements communicants<\/li>\n<li>Bac pro MELEC<\/li>\n<\/ul>\n<\/div>\n<p><strong>\u00c0 noter<\/strong>\u00a0: Compte tenu des risques encourus lors de l&rsquo;exercice de ce m\u00e9tier, nous vous conseillons d&rsquo;obtenir un Certificat d\u2019Aptitude \u00e0 la Conduite en S\u00e9curit\u00e9 (CACES).<\/p>\n<h2>Formations professionnelles<\/h2>\n<p>Si vous \u00eates demandeur d\u2019emploi ou un salari\u00e9 en reconversion, il est aussi possible de suivre une formation professionnelle d\u2019\u00e9lectricien, gr\u00e2ce \u00e0 des dispositifs comme le CPF (Compte Personnel de Formation) ou le PTP (Projet de Transition Professionnelle).<\/p>\n<\/div>\n<p>Un \u00e9lectricien d\u00e9butant touche g\u00e9n\u00e9ralement un salaire aux alentours du SMIC. Cependant, tout d\u00e9pend de la structure o\u00f9 il exerce.<\/p>\n<h1>Quel est le salaire d&rsquo;un \u00e9lectricien ?<\/h1>\n<p>Le <a href=\"https:\/\/www.mes-allocs.fr\/guides\/reconversion-professionnelle\/aide-recherche-emploi\/recherche-emploi-electricien\/salaire-electricien\/\">salaire d&rsquo;un \u00e9lectricien<\/a> d\u00e9pend de plusieurs crit\u00e8res tels que son niveau d&rsquo;exp\u00e9rience, ou s&rsquo;il travaille ou non \u00e0 son compte.<\/p>\n<h2><span id=\"salaire-dun-electricien-debutant\">Si vous \u00eates d\u00e9butant<\/span><\/h2>\n<p>Pour un \u00e9lectricien qui d\u00e9bute, le salaire que vous percevrez sera proche du SMIC.\u00a0Lorsque vous gagnerez plus d&rsquo;exp\u00e9rience, vous pourrez toucher entre\u00a0<strong>2 000<\/strong> et <strong>3 000\u20ac<\/strong> bruts\/mois.<\/p>\n<h2><span id=\"salaire-dun-electricien-experimente\">Si vous avez de l&rsquo;exp\u00e9rience <\/span><\/h2>\n<p>Apr\u00e8s 5 ans de travail, vous pouvez pr\u00e9tendre \u00e0 des revenus plus \u00e9lev\u00e9s. L&rsquo;\u00e9lectricien avec plus de savoir faire peut gagner jusqu\u2019\u00e0\u00a0<strong>2 000\u20ac<\/strong> bruts par mois.<\/p>\n<p>Lorsque vous atteignez 10 ans de carri\u00e8re ou que vous \u00eates en fin de carri\u00e8re votre salaire augmente. En effet, il est compris entre\u00a0<strong>2 200<\/strong>\u00a0et\u00a0<strong>3 000\u20ac<\/strong> bruts par mois.<\/p>\n<p>Si vous travaillez \u00e0 votre compte, vos revenus mensuels brut peuvent aller jusqu&rsquo;\u00e0\u00a0<strong>4\u00a0000\u20ac<\/strong> en fonction\u00a0de la taille de votre entreprise ainsi que de votre client\u00e8le.<\/p>\n<h2>Evolutions de carri\u00e8re<\/h2>\n<p>Apr\u00e8s plusieurs ann\u00e9es d\u2019exp\u00e9rience professionnelle, l\u2019\u00e9lectricien peut \u00e9voluer et acc\u00e9der \u00e0 des professions \u00e0 plus haute responsabilit\u00e9, telles que celle de :<\/p>\n<ul>\n<li>Chef de chantier<\/li>\n<li>Chef d\u2019\u00e9quipe<\/li>\n<li>Conducteur de travaux<\/li>\n<li>Superviseur de projet<\/li>\n<li>etc.<\/li>\n<\/ul>\n<p>Si vous souhaitez en savoir plus sur le m\u00e9tier d&rsquo;\u00e9lectricien, nous vous invitons \u00e0 lire la <a href=\"https:\/\/www.mes-allocs.fr\/guides\/reconversion-professionnelle\/aide-recherche-emploi\/recherche-emploi-electricien\/fiche-metier-electricien\/\">fiche m\u00e9tier<\/a>.<\/p>\n<div class='cta-block'><div class='text'>Besoin d&rsquo;aide dans votre reconversion ?<\/div><a href='' class='app-button fit'>En savoir plus sur notre programme<\/a><\/div>\n","protected":false},"excerpt":{"rendered":"<p>Il est possible d&rsquo;effectuer une reconversion professionnelle pour devenir \u00e9lectricien. On vous dit tout sur les dipl\u00f4mes d&rsquo;\u00e9lectricien ainsi que les formations qui sont requises pour exercer ce m\u00e9tier. Qu&rsquo;est-ce qu&rsquo;un \u00e9lectricien ? L&rsquo;\u00e9lectricien est un technicien charg\u00e9 de la mise en service de c\u00e2bles et d&rsquo; \u00e9quipements \u00e9lectriques dans un endroit pr\u00e9cis. Dans les [&hellip;]<\/p>\n","protected":false},"author":7,"featured_media":32874,"comment_status":"open","ping_status":"open","sticky":false,"template":"","format":"standard","meta":{"amp_status":"","footnotes":""},"categories":[8789,9085,5081],"tags":[],"class_list":["post-32869","post","type-post","status-publish","format-standard","has-post-thumbnail","hentry","category-aide-recherche-emploi","category-recherche-emploi-electricien","category-reconversion-professionnelle"],"yoast_head":"<!-- This site is optimized with the Yoast SEO plugin v14.9 - https:\/\/yoast.com\/wordpress\/plugins\/seo\/ -->\n<title>Dipl\u00f4me d&#039;\u00e9lectricien : quelles \u00e9tudes faut-il faire ? | Mes-Allocs.fr<\/title>\n<meta name=\"description\" content=\"Si vous souhaitez exercer le m\u00e9tier d&#039;\u00e9lectricien, vous devez suivre une formation et obtenir un dipl\u00f4me. Mes-Allocs.fr vous explique.\" \/>\n<meta name=\"robots\" content=\"index, follow, max-snippet:-1, max-image-preview:large, max-video-preview:-1\" \/>\n<link rel=\"canonical\" href=\"https:\/\/www.mes-allocs.fr\/guides\/reconversion-professionnelle\/aide-recherche-emploi\/recherche-emploi-electricien\/diplome-electricien\/\" \/>\n<meta property=\"og:locale\" content=\"fr_FR\" \/>\n<meta property=\"og:type\" content=\"article\" \/>\n<meta property=\"og:title\" content=\"Dipl\u00f4me d&#039;\u00e9lectricien : quelles \u00e9tudes faut-il faire ? | Mes-Allocs.fr\" \/>\n<meta property=\"og:description\" content=\"Si vous souhaitez exercer le m\u00e9tier d&#039;\u00e9lectricien, vous devez suivre une formation et obtenir un dipl\u00f4me. Mes-Allocs.fr vous explique.\" \/>\n<meta property=\"og:url\" content=\"https:\/\/www.mes-allocs.fr\/guides\/reconversion-professionnelle\/aide-recherche-emploi\/recherche-emploi-electricien\/diplome-electricien\/\" \/>\n<meta property=\"og:site_name\" content=\"Mes-Allocs.fr\" \/>\n<meta property=\"article:published_time\" content=\"2021-07-19T15:11:04+00:00\" \/>\n<meta property=\"article:modified_time\" content=\"2025-07-18T13:44:23+00:00\" \/>\n<meta property=\"og:image\" content=\"https:\/\/www.mes-allocs.fr\/guides\/wp-content\/uploads\/2021\/07\/pexels-karolina-grabowska-8106662.jpg?wsr\" \/>\n\t<meta property=\"og:image:width\" content=\"1280\" \/>\n\t<meta property=\"og:image:height\" content=\"853\" \/>\n<meta name=\"twitter:card\" content=\"summary_large_image\" \/>\n<script type=\"application\/ld+json\" class=\"yoast-schema-graph\">{\"@context\":\"https:\/\/schema.org\",\"@graph\":[{\"@type\":\"WebSite\",\"@id\":\"https:\/\/www.mes-allocs.fr\/guides\/#website\",\"url\":\"https:\/\/www.mes-allocs.fr\/guides\/\",\"name\":\"Mes-Allocs.fr\",\"description\":\"\",\"potentialAction\":[{\"@type\":\"SearchAction\",\"target\":\"https:\/\/www.mes-allocs.fr\/guides\/?s={search_term_string}\",\"query-input\":\"required name=search_term_string\"}],\"inLanguage\":\"fr-FR\"},{\"@type\":\"ImageObject\",\"@id\":\"https:\/\/www.mes-allocs.fr\/guides\/reconversion-professionnelle\/aide-recherche-emploi\/recherche-emploi-electricien\/diplome-electricien\/#primaryimage\",\"inLanguage\":\"fr-FR\",\"url\":\"https:\/\/www.mes-allocs.fr\/guides\/wp-content\/uploads\/2021\/07\/pexels-karolina-grabowska-8106662.jpg?wsr\",\"width\":1280,\"height\":853,\"caption\":\"Diplome electricien\"},{\"@type\":\"WebPage\",\"@id\":\"https:\/\/www.mes-allocs.fr\/guides\/reconversion-professionnelle\/aide-recherche-emploi\/recherche-emploi-electricien\/diplome-electricien\/#webpage\",\"url\":\"https:\/\/www.mes-allocs.fr\/guides\/reconversion-professionnelle\/aide-recherche-emploi\/recherche-emploi-electricien\/diplome-electricien\/\",\"name\":\"Dipl\\u00f4me d'\\u00e9lectricien : quelles \\u00e9tudes faut-il faire ? | Mes-Allocs.fr\",\"isPartOf\":{\"@id\":\"https:\/\/www.mes-allocs.fr\/guides\/#website\"},\"primaryImageOfPage\":{\"@id\":\"https:\/\/www.mes-allocs.fr\/guides\/reconversion-professionnelle\/aide-recherche-emploi\/recherche-emploi-electricien\/diplome-electricien\/#primaryimage\"},\"datePublished\":\"2021-07-19T15:11:04+00:00\",\"dateModified\":\"2025-07-18T13:44:23+00:00\",\"author\":{\"@id\":\"https:\/\/www.mes-allocs.fr\/guides\/#\/schema\/person\/1c4837d5703727cb02ce84583b5a44aa\"},\"description\":\"Si vous souhaitez exercer le m\\u00e9tier d'\\u00e9lectricien, vous devez suivre une formation et obtenir un dipl\\u00f4me. Mes-Allocs.fr vous explique.\",\"inLanguage\":\"fr-FR\"},{\"@type\":\"Person\",\"@id\":\"https:\/\/www.mes-allocs.fr\/guides\/#\/schema\/person\/1c4837d5703727cb02ce84583b5a44aa\",\"name\":\"Fabiola\",\"image\":{\"@type\":\"ImageObject\",\"@id\":\"https:\/\/www.mes-allocs.fr\/guides\/#personlogo\",\"inLanguage\":\"fr-FR\",\"url\":\"https:\/\/www.mes-allocs.fr\/guides\/wp-content\/uploads\/2021\/06\/fabiola-150x150.png\",\"caption\":\"Fabiola\"},\"description\":\"Fabiola est r\\u00e9dactrice au sein de l'\\u00e9quipe Mes Allocs, sp\\u00e9cialis\\u00e9e en sciences politiques et affaires publiques. Dipl\\u00f4m\\u00e9e de l'HEIP, elle rejoint Mes Allocs apr\\u00e8s une premi\\u00e8re exp\\u00e9rience \\u00e0 l'Assembl\\u00e9e Nationale.\",\"sameAs\":[\"https:\/\/www.linkedin.com\/in\/cecilia-philippe-b-8a8085195\"]}]}<\/script>\n<!-- \/ Yoast SEO plugin. -->","amp_validity":null,"acf":{"faq":{"1":{"question":"Quelle est la fonction d'un \u00e9lectricien ?","answer":"L'\u00e9lectricien r\u00e9alise des travaux d'installation et de mise en service des \u00e9quipements \u00e9lectriques dans des b\u00e2timents \u00e0 usage domestique, tertiaire et industriel selon les r\u00e8gles de s\u00e9curit\u00e9."},"2":{"question":"Comment devenir auto entrepreneur en \u00e9lectricit\u00e9 ?","answer":"Pour devenir \u00e9lectricien ind\u00e9pendant, il est n\u00e9cessaire de justifier d'une qualification professionnelle suffisante. Vous devez donc : Avoir un dipl\u00f4me dans le domaine (CAP, Bac professionnel, MC technicien, BTS\u2026) Justifier de 3 ann\u00e9es d'exp\u00e9rience professionnelle en tant qu'\u00e9lectricien."},"3":{"question":"Quels m\u00e9tiers avec un CAP \u00e9lectricien ?","answer":"- \u00c9lectrom\u00e9canicien ; \r\n- \u00c9lectricien installateur ;\r\n- \u00c9lectricien du b\u00e2timent  ;\r\n- Electrotechnicien  ;\r\n- Monteur c\u00e2bleur  ;\r\n- Agent d'encadrement en \u00e9lectricit\u00e9  ; \r\n- Chef de chantier en installations \u00e9lectriques.\r\n"},"4":{"question":"Quel est le salaire d'un electricien ?","answer":"Un d\u00e9butant \u00e9lectricien en b\u00e2timent gagne le SMIC. Le salaire moyen d'un professionnel d'exp\u00e9rience peut atteindre 2 500 \u20ac brut par mois. S'il se met \u00e0 son compte, ses revenus peuvent consid\u00e9rablement varier et augmenter jusqu'\u00e0 4 000 \u20ac en fin de carri\u00e8re."},"5":{"question":"Quelle formation pour devenir \u00e9lectricien ?","answer":"Devenir \u00e9lectricien est possible apr\u00e8s un CAP en \u00e9lectricit\u00e9 (Pr\u00e9paration et r\u00e9alisation d'ouvrages \u00e9lectriques par exemple), ou divers BEP (Electrotechnique \u00e9nergie \u00e9quipements communicants, ou Syst\u00e8mes \u00e9lectroniques num\u00e9riques entre autres), voire un bac professionnel."},"6":{"question":"","answer":""},"7":{"question":"","answer":""},"8":{"question":"","answer":""},"9":{"question":"","answer":""},"10":{"question":"","answer":""},"11":{"question":"","answer":""},"12":{"question":"","answer":""},"13":{"question":"","answer":""},"14":{"question":"","answer":""},"15":{"question":"","answer":""},"16":{"question":"","answer":""}}},"_links":{"self":[{"href":"https:\/\/www.mes-allocs.fr\/guides\/wp-json\/wp\/v2\/posts\/32869","targetHints":{"allow":["GET"]}}],"collection":[{"href":"https:\/\/www.mes-allocs.fr\/guides\/wp-json\/wp\/v2\/posts"}],"about":[{"href":"https:\/\/www.mes-allocs.fr\/guides\/wp-json\/wp\/v2\/types\/post"}],"author":[{"embeddable":true,"href":"https:\/\/www.mes-allocs.fr\/guides\/wp-json\/wp\/v2\/users\/7"}],"replies":[{"embeddable":true,"href":"https:\/\/www.mes-allocs.fr\/guides\/wp-json\/wp\/v2\/comments?post=32869"}],"version-history":[{"count":10,"href":"https:\/\/www.mes-allocs.fr\/guides\/wp-json\/wp\/v2\/posts\/32869\/revisions"}],"predecessor-version":[{"id":102642,"href":"https:\/\/www.mes-allocs.fr\/guides\/wp-json\/wp\/v2\/posts\/32869\/revisions\/102642"}],"wp:featuredmedia":[{"embeddable":true,"href":"https:\/\/www.mes-allocs.fr\/guides\/wp-json\/wp\/v2\/media\/32874"}],"wp:attachment":[{"href":"https:\/\/www.mes-allocs.fr\/guides\/wp-json\/wp\/v2\/media?parent=32869"}],"wp:term":[{"taxonomy":"category","embeddable":true,"href":"https:\/\/www.mes-allocs.fr\/guides\/wp-json\/wp\/v2\/categories?post=32869"},{"taxonomy":"post_tag","embeddable":true,"href":"https:\/\/www.mes-allocs.fr\/guides\/wp-json\/wp\/v2\/tags?post=32869"}],"curies":[{"name":"wp","href":"https:\/\/api.w.org\/{rel}","templated":true}]}}