{"id":32840,"date":"2021-07-16T16:25:59","date_gmt":"2021-07-16T14:25:59","guid":{"rendered":"https:\/\/www.mes-allocs.fr\/guides\/?p=32840"},"modified":"2026-04-03T14:32:51","modified_gmt":"2026-04-03T13:32:51","slug":"forfait-rsa-sfr","status":"publish","type":"post","link":"https:\/\/www.mes-allocs.fr\/guides\/rsa\/forfait-rsa-sfr\/","title":{"rendered":"Forfait SFR RSA 2026 : conditions, montant, d\u00e9marches"},"content":{"rendered":"<p><img loading=\"lazy\" decoding=\"async\" class=\"aligncenter wp-image-32841 size-full\" title=\"telephone\" src=\"https:\/\/www.mes-allocs.fr\/guides\/wp-content\/uploads\/2021\/07\/telephone--e1685539136775.jpg\" alt=\"forfait sfr RSA\" width=\"1125\" height=\"267\" srcset=\"https:\/\/www.mes-allocs.fr\/guides\/wp-content\/uploads\/2021\/07\/telephone--e1685539136775.jpg 1125w, https:\/\/www.mes-allocs.fr\/guides\/wp-content\/uploads\/2021\/07\/telephone--e1685539136775-300x71.jpg 300w, https:\/\/www.mes-allocs.fr\/guides\/wp-content\/uploads\/2021\/07\/telephone--e1685539136775-1024x243.jpg 1024w, https:\/\/www.mes-allocs.fr\/guides\/wp-content\/uploads\/2021\/07\/telephone--e1685539136775-768x182.jpg 768w, https:\/\/www.mes-allocs.fr\/guides\/wp-content\/uploads\/2021\/07\/telephone--e1685539136775-600x142.jpg 600w\" sizes=\"auto, (max-width: 1125px) 100vw, 1125px\" \/><\/p>\n<p style=\"text-align: justify;\">[Mis \u00e0 jour le 03\/04\/2026] Si vous b\u00e9n\u00e9ficiez du <a href=\"https:\/\/www.mes-allocs.fr\/guides\/rsa\">RSA<\/a>, il existe certaines offres qui vous sont r\u00e9serv\u00e9es. Il existe par exemple des r\u00e9ductions sur vos forfaits mobiles. Dans cet article, nous allons voir les offres de l&rsquo;op\u00e9rateur SFR en 2026.<\/p>\n<div class='cta-block'><div class='text'>Simulez vos aides en 2 min.<\/div><a href='https:\/\/www.mes-allocs.fr\/ab-app?origin=guides\/wp-json\/wp\/v2\/posts\/32840' class='app-button fit'>Simulation gratuite<\/a><\/div>\n<h1 style=\"text-align: justify;\"><span id=\"Quest-ce_que_laide_telephonique\">Qu\u2019est-ce que l\u2019aide t\u00e9l\u00e9phonique ?<\/span><\/h1>\n<h2 style=\"text-align: justify;\"><span id=\"Definition\">Petit rappel\u00a0<\/span><\/h2>\n<p style=\"text-align: justify;\">L\u2019aide t\u00e9l\u00e9phonique est une aide qui permet aux b\u00e9n\u00e9ficiaires d\u2019avoir une prise en charge des factures t\u00e9l\u00e9phoniques. Cette aide est r\u00e9serv\u00e9e aux b\u00e9n\u00e9ficiaires des minima sociaux : le RSA, l\u2019AAH et l\u2019ASS.<\/p>\n<p style=\"text-align: justify;\">Cette aide existe depuis 1999 avec le d\u00e9cret d\u2019application n\u00b0 99-162 du 8 mars. Elle existe sous deux formes :<\/p>\n<ul style=\"text-align: justify;\">\n<li>R\u00e9duction de l\u2019abonnement mensuel<\/li>\n<li>Une aide financi\u00e8re pour r\u00e9gler les factures impay\u00e9es.<\/li>\n<\/ul>\n<p style=\"text-align: justify;\">La r\u00e9duction de l\u2019abonnement mensuel concerne principalement le t\u00e9l\u00e9phone fixe.<\/p>\n<p style=\"text-align: justify;\">En plus de cette r\u00e9duction, il est possible de b\u00e9n\u00e9ficier d\u2019une aide concernant internet. Cette aide s\u2019adresse aux personnes qui habitent dans des communes n\u2019ayant pas de r\u00e9seau filaire. Le montant de l\u2019aide s\u2019\u00e9l\u00e8ve \u00e0 150 euros.<\/p>\n<h2 style=\"text-align: justify;\"><span id=\"Conditions_dacces\">Conditions d\u2019acc\u00e8s<\/span><\/h2>\n<p style=\"text-align: justify;\">Pour b\u00e9n\u00e9ficier de l\u2019aide t\u00e9l\u00e9phonique sous toutes ses formes, il faut que soyez dans une de ces situations :<\/p>\n<ul class=\"list-1\" style=\"text-align: justify;\">\n<li>B\u00e9n\u00e9ficiaires du RSA socle (les b\u00e9n\u00e9ficiaires de la prime activit\u00e9 ne peuvent pas b\u00e9n\u00e9ficier de la r\u00e9duction sociale t\u00e9l\u00e9phonique)<\/li>\n<li>B\u00e9n\u00e9ficiaires de l\u2019ASS : l\u2019allocation de solidarit\u00e9 sp\u00e9cifique<\/li>\n<li>B\u00e9n\u00e9ficiaires de l\u2019Allocation Adulte Handicap\u00e9 (AAH)<\/li>\n<li>Invalides de guerre<\/li>\n<\/ul>\n<h2 style=\"text-align: justify;\">Le forfait RSA SFR<\/h2>\n<p style=\"text-align: justify;\">L\u2019offre t\u00e9l\u00e9phonie mobile de SFR concernant les b\u00e9n\u00e9ficiaires du RSA est dans la lign\u00e9e de celles\u00a0de la concurrence. Tout comme celle d\u2019Orange et de Coriolis, cette derni\u00e8re \u00e9tant bien s\u00fbr\u00a0ouverte \u00e0 la souscription pour une personne touchant l\u2019ASS, ou b\u00e9n\u00e9ficiant de l\u2019allocation adulte handicap\u00e9, mais aussi \u00e0 toute personne qui en fait la demande.<\/p>\n<div class=\"page\" style=\"text-align: justify;\" title=\"Page 1\">\n<div class=\"layoutArea\">\n<div class=\"column\">\n<p>L\u2019offre Forfait Bloque\u0301 Be\u0301ne\u0301ficiaire RSA est re\u0301serve\u0301e aux personnes be\u0301ne\u0301ficiaires du RSA, sur pre\u0301sentation d\u2019une attestation de perception de l\u2019allocation RSA date\u0301e de moins de 2 mois au jour de la souscription.<br \/>\nL\u2019offre Forfait Bloque\u0301 Be\u0301ne\u0301ficiaire RSA est valable un an a\u0300 compter de la souscription et peut e\u0302tre prolonge\u0301e par pe\u0301riode successive d\u2019un an sous re\u0301serve de la pre\u0301sentation d\u2019une nouvelle attestation de perception de l\u2019allocation RSA date\u0301e de moins de 2 mois au jour de la demande de prolongation.<\/p>\n<p>\u00c0 de\u0301faut de remise par l\u2019Abonne\u0301 de ladite attestation, celui-ci est informe\u0301 qu\u2019il ne pourra plus be\u0301ne\u0301ficier de l\u2019offre Forfait Bloque\u0301 Be\u0301ne\u0301ficiaires RSA.<\/p>\n<p>Il est important aussi de savoir que ces forfaits uniquement r\u00e9serv\u00e9s aux allocataires du RSA ont tendance \u00e0 ne plus exister. En effet, de nombreux op\u00e9rateurs ont mis en place des forfaits \u00ab\u00a0low cost\u00a0\u00bb. Ces forfaits conviennent parfaitement aux personnes ayant de faibles ressources. SFR a aussi mis en place ces forfaits.<\/p>\n<div class='cta-block'><div class='text'> Simulez votre RSA en 2 min. Gratuit.<\/div><a href='https:\/\/www.mes-allocs.fr\/ab-app?origin=guides\/wp-json\/wp\/v2\/posts\/32840' class='app-button fit'>Simulation gratuite<\/a><\/div>\n<h1>Quelles sont les autres aides disponibles ?<\/h1>\n<h2 id=\"Pour_obtenir_l\u2019all\u00e8gement_tarifaire_de_l\u2019abonnement_t\u00e9l\u00e9phonique_:\"><span id=\"La_reduction_de_labonnement_telephonique\">La r\u00e9duction de l\u2019abonnement t\u00e9l\u00e9phonique<\/span><\/h2>\n<p>Concernant la r\u00e9duction du forfait mobile, la demande est assez simple. Si vous \u00eates dans une des situations \u00e9voqu\u00e9es ci-dessus, la CAF (pour le RSA), la MSA ou le P\u00f4le Emploi (pour l\u2019ASS) va vous transmettre directement un document. Ce dernier sera \u00e0 remplir directement et \u00e0 retourner \u00e0 l\u2019adresse que votre organisme vous communiquera.<\/p>\n<p>Dans certains cas, il arrive que ce document ne vous soit pas donn\u00e9 directement. Dans ce cas, il vous faudra faire une demande par courrier pour votre organisme.<\/p>\n<p>La r\u00e9duction de l\u2019abonnement t\u00e9l\u00e9phonique est appliqu\u00e9e sous un \u00e0 deux mois apr\u00e8s l\u2019envoi du document. Cette r\u00e9duction s\u2019\u00e9tale sur un an. Apr\u00e8s cette p\u00e9riode de validit\u00e9, le renouvellement se fait sur \u00e9tudes des droits.<\/p>\n<h2><span id=\"Pour_les_factures_impayees\">Pour les factures impay\u00e9es<\/span><\/h2>\n<p>Pour b\u00e9n\u00e9ficier de la prise en charge des factures de vos abonnements mensuels, il faut effectuer la demande aupr\u00e8s de votre conseil r\u00e9gional. Pour se faire, il faut aussi envoyer un courrier recommand\u00e9. En compl\u00e9ment de cette lettre, il faut envoyer des documents qui montrent vos ressources ainsi que la nature et le montant des dettes t\u00e9l\u00e9phoniques.<\/p>\n<p>Apr\u00e8s \u00e9tude des ressources et des conditions familiales, le fonds de solidarit\u00e9 pour le logement ou FSL d\u00e9cide\u00a0d\u2019attribuer ces aides exceptionnelles permettant de r\u00e9gulariser les charges ayant attrait au logement (internet, t\u00e9l\u00e9phone fixe). Lorsqu\u2019il y a saisie du FSL, la ligne t\u00e9l\u00e9phonique est automatiquement restreinte.<\/p>\n<h2><span id=\"Montant_des_aides\">Montant des aides<\/span><\/h2>\n<p>Concernant le montant de ces aides, il n\u2019y a pas beaucoup d\u2019op\u00e9rateurs qui effectuent un tarif social. Il y a seulement Orange qui dispose d\u2019une offre sociale de t\u00e9l\u00e9phone fixe. L\u2019abonnement est de 6 \u20ac par mois. L\u2019ouverture de la ligne sera sans frais mais les frais d\u2019installations sont de 55 \u20ac.<\/p>\n<p>Orange propose aussi aux seuls b\u00e9n\u00e9ficiaires du RSA socle, une offre de t\u00e9l\u00e9phone fixe associant un abonnement internet pour un d\u00e9bit de 20 m\u00e9gas \u00e0 l\u2019utilisation du t\u00e9l\u00e9phone fixe. Cette offre est factur\u00e9e 23 euros par mois. Dans le d\u00e9tail, cela donne 20 euros d\u2019abonnement comprenant l\u2019acc\u00e8s \u00e0 internet et t\u00e9l\u00e9phone et 3 euros pour la location de la box. L\u2019allocataire du RSA socle peut b\u00e9n\u00e9ficier d\u2019appels t\u00e9l\u00e9phoniques illimit\u00e9s vers les fixes en France m\u00e9tropolitaine et les D\u00e9partements d\u2019Outre-Mer.<\/p>\n<div class='cta-block'><div class='text'> Simulez votre RSA en 2 min. Gratuit.<\/div><a href='https:\/\/www.mes-allocs.fr\/ab-app?origin=guides\/wp-json\/wp\/v2\/posts\/32840' class='app-button fit'>Simulation gratuite<\/a><\/div>\n<p>&nbsp;<\/p>\n<h1>Petit retour sur le RSA<\/h1>\n<p>&nbsp;<\/p>\n<p style=\"text-align: center;\"><iframe loading=\"lazy\" src=\"\/\/www.youtube.com\/embed\/2aMlunSI1-U?t=32s\" width=\"560\" height=\"314\" allowfullscreen=\"allowfullscreen\" data-mce-fragment=\"1\"><\/iframe><\/p>\n<p>&nbsp;<\/p>\n<h2 class=\"amp-wp-7d27179\" data-amp-original-style=\"text-align: justify;\"><span id=\"Conditions_dattribution\">Conditions d\u2019attribution<\/span><\/h2>\n<p class=\"amp-wp-7d27179\" data-amp-original-style=\"text-align: justify;\">Comme pour toutes les aides sociales de la CAF, pour b\u00e9n\u00e9ficier du RSA, il faut r\u00e9pondre \u00e0 certaines conditions. \u00a0Premi\u00e8rement, les b\u00e9n\u00e9ficiaires du RSA doivent \u00eatre \u00e2g\u00e9s de plus de 25 ans. Une d\u00e9rogation peut \u00eatre faite si vous \u00eates enceinte ou que vous avez un enfant \u00e0 charge.<\/p>\n<p class=\"amp-wp-7d27179\" data-amp-original-style=\"text-align: justify;\">Si vous avez entre 18 et 25 ans, vous pouvez aussi en b\u00e9n\u00e9ficier. Seulement, il faut que sur les trois derni\u00e8res ann\u00e9es, vous ayez exerc\u00e9 une activit\u00e9 \u00e0 plein temps sur deux ans minimums. Cette sp\u00e9cificit\u00e9 est nomm\u00e9e le RSA Jeune.<\/p>\n<p class=\"amp-wp-7d27179\" data-amp-original-style=\"text-align: justify;\">Au-del\u00e0 de ces sp\u00e9cialit\u00e9s, voici les conditions d\u2019attribution :<\/p>\n<ul class=\"amp-wp-7d27179\" data-amp-original-style=\"text-align: justify;\">\n<li class=\"amp-wp-7d27179\" data-amp-original-style=\"text-align: justify;\"><span class=\"amp-wp-fe3f5cc\" data-amp-original-style=\"font-weight: 400;\">Vous habitez en France de fa\u00e7on stable, plus de 6 mois par an<\/span><\/li>\n<li class=\"amp-wp-7d27179\" data-amp-original-style=\"text-align: justify;\"><span class=\"amp-wp-fe3f5cc\" data-amp-original-style=\"font-weight: 400;\">Vous devez \u00eatre de nationalit\u00e9 fran\u00e7aise, citoyen de l\u2019Espace \u00c9conomique Europ\u00e9en, suisse tout en vous justifiant d\u2019un droit de s\u00e9jour, ou enfin vous \u00eates ressortissant d\u2019un autre pays et vous r\u00e9sidez en France depuis 5 ans\u00a0<\/span><\/li>\n<li class=\"amp-wp-7d27179\" data-amp-original-style=\"text-align: justify;\"><span class=\"amp-wp-fe3f5cc\" data-amp-original-style=\"font-weight: 400;\">Les ressources mensuelles moyennes de votre foyer pendant les 3 mois qui pr\u00e9c\u00e8dent votre demande ne doivent pas d\u00e9passer un certain seuil .\u00a0<\/span><\/li>\n<li class=\"amp-wp-7d27179\" data-amp-original-style=\"text-align: justify;\"><span class=\"amp-wp-fe3f5cc\" data-amp-original-style=\"font-weight: 400;\">Vous devez avoir fait valoir vos droits concernant toute autre prestation sociale \u00e0 laquelle vous pouvez pr\u00e9tendre. Autrement dit, vous ne pouvez percevoir le RSA que si vous n\u2019avez pas ou plus le droit \u00e0 une autre aide, par exemple \u00e0 la fin de votre p\u00e9riode d\u2019indemnisation de ch\u00f4mage.<\/span><\/li>\n<\/ul>\n<h2 class=\"amp-wp-7d27179\" data-amp-original-style=\"text-align: justify;\"><span id=\"Montant_du_RSA\">Montant du RSA<\/span><\/h2>\n<p class=\"amp-wp-7d27179 amp-wp-7d27179\" data-amp-original-style=\"text-align: justify;\"><span class=\"amp-wp-fe3f5cc\" data-amp-original-style=\"font-weight: 400;\">Le montant du RSA est variable d\u2019une personne \u00e0 une autre. Il est calcul\u00e9 selon vos ressources. Dans les faits, le RSA est en r\u00e9alit\u00e9 <\/span>la diff\u00e9rence entre le montant maximum du RSA et vos revenus moyens des 3 derniers mois pr\u00e9c\u00e9dant votre demande<span class=\"amp-wp-fe3f5cc\" data-amp-original-style=\"font-weight: 400;\">, incluant les prestations familiales. Attention, certaines prestations familiales ne sont pas prises en compte dans le calcul. <\/span><\/p>\n<p class=\"amp-wp-7d27179 amp-wp-7d27179\" data-amp-original-style=\"text-align: justify;\"><span class=\"amp-wp-fe3f5cc\" data-amp-original-style=\"font-weight: 400;\">L\u2019aide ne sera pas per\u00e7ue si elle se r\u00e9v\u00e8le \u00eatre inf\u00e9rieure \u00e0 6\u00ad \u20ac par mois. Dans le d\u00e9tail, voici le montant du RSA en moyenne et selon les situations :<\/span><\/p>\n<p style=\"text-align: justify;\"><span style=\"font-weight: 400;\">Le RSA <strong>pour une personne seule<\/strong> (montant mensuel) :<\/span><\/p>\n\n<div class=\"wpdt-c row wpDataTableContainerSimpleTable wpDataTables wpDataTablesWrapper\n\"\n    >\n    <table id=\"wpdtSimpleTable-3\"\n           class=\"wpdtSimpleTable wpDataTable\"\n           data-column=\"2\"\n           data-rows=\"5\"\n           data-wpID=\"3\"\n           data-responsive=\"0\"\n           data-has-header=\"1\">\n\n                    <thead>        <tr class=\"wpdt-cell-row \" >\n                            <th class=\"wpdt-cell wpdt-bc-F3F9FE wpdt-bold\"\n                                    data-cell-id=\"A1\"\n                data-col-index=\"0\"\n                data-row-index=\"0\"\n                style=\" width:48.571428571429%;                padding:10px;\"\n                >\n                                Situation familiale                <\/th>\n                                            <th class=\"wpdt-cell wpdt-bc-F3F9FE wpdt-bold\"\n                                    data-cell-id=\"B1\"\n                data-col-index=\"1\"\n                data-row-index=\"0\"\n                style=\" width:51.428571428571%;                padding:10px;\"\n                >\n                                Montant pour une personne seule avant d\u00e9duction du forfait logement                <\/th>\n                                        <\/tr>\n                    <tbody>        <tr class=\"wpdt-cell-row \" >\n                            <td class=\"wpdt-cell \"\n                                    data-cell-id=\"A2\"\n                data-col-index=\"0\"\n                data-row-index=\"1\"\n                style=\"                padding:10px;\"\n                >\n                                Personne seule sans enfant                <\/td>\n                                            <td class=\"wpdt-cell \"\n                                    data-cell-id=\"B2\"\n                data-col-index=\"1\"\n                data-row-index=\"1\"\n                style=\"                padding:10px;\"\n                >\n                                651,69 \u20ac                <\/td>\n                                        <\/tr>\n                            <tr class=\"wpdt-cell-row \" >\n                            <td class=\"wpdt-cell \"\n                                    data-cell-id=\"A3\"\n                data-col-index=\"0\"\n                data-row-index=\"2\"\n                style=\"                padding:10px;\"\n                >\n                                Personne seule avec 1 enfant                <\/td>\n                                            <td class=\"wpdt-cell \"\n                                    data-cell-id=\"B3\"\n                data-col-index=\"1\"\n                data-row-index=\"2\"\n                style=\"                padding:10px;\"\n                >\n                                977,54 \u20ac                <\/td>\n                                        <\/tr>\n                            <tr class=\"wpdt-cell-row \" >\n                            <td class=\"wpdt-cell \"\n                                    data-cell-id=\"A4\"\n                data-col-index=\"0\"\n                data-row-index=\"3\"\n                style=\"                padding:10px;\"\n                >\n                                Personne seule avec 2 enfants                <\/td>\n                                            <td class=\"wpdt-cell \"\n                                    data-cell-id=\"B4\"\n                data-col-index=\"1\"\n                data-row-index=\"3\"\n                style=\"                padding:10px;\"\n                >\n                                1 173,05 \u20ac                <\/td>\n                                        <\/tr>\n                            <tr class=\"wpdt-cell-row \" >\n                            <td class=\"wpdt-cell \"\n                                    data-cell-id=\"A5\"\n                data-col-index=\"0\"\n                data-row-index=\"4\"\n                style=\"                padding:10px;\"\n                >\n                                Par enfant suppl\u00e9mentaire                <\/td>\n                                            <td class=\"wpdt-cell \"\n                                    data-cell-id=\"B5\"\n                data-col-index=\"1\"\n                data-row-index=\"4\"\n                style=\"                padding:10px;\"\n                >\n                                + 260,68 \u20ac                <\/td>\n                                        <\/tr>\n                    <\/table>\n<\/div><style id='wpdt-custom-style-3'>\ntable#wpdtSimpleTable-3{ table-layout: fixed !important; }\n.wpdt-bc-F3F9FE { background-color: #F3F9FE !important;}\n<\/style>\n\n<\/div>\n<p style=\"text-align: justify;\"><span style=\"font-weight: 400;\">Le RSA <strong>pour un couple<\/strong> (montant mensuel) :<\/span><\/p>\n\n<div class=\"wpdt-c row wpDataTableContainerSimpleTable wpDataTables wpDataTablesWrapper\n\"\n    >\n    <table id=\"wpdtSimpleTable-4\"\n           class=\"wpdtSimpleTable wpDataTable\"\n           data-column=\"2\"\n           data-rows=\"5\"\n           data-wpID=\"4\"\n           data-responsive=\"0\"\n           data-has-header=\"1\">\n\n                    <thead>        <tr class=\"wpdt-cell-row \" >\n                            <th class=\"wpdt-cell wpdt-bc-F3F9FE wpdt-bold\"\n                                    data-cell-id=\"A1\"\n                data-col-index=\"0\"\n                data-row-index=\"0\"\n                style=\" width:48.571428571429%;                padding:10px;\"\n                >\n                                Situation familiale                <\/th>\n                                            <th class=\"wpdt-cell wpdt-bc-F3F9FE wpdt-bold\"\n                                    data-cell-id=\"B1\"\n                data-col-index=\"1\"\n                data-row-index=\"0\"\n                style=\" width:51.428571428571%;                padding:10px;\"\n                >\n                                Montant pour un couple avant d\u00e9duction du forfait logement                <\/th>\n                                        <\/tr>\n                    <tbody>        <tr class=\"wpdt-cell-row \" >\n                            <td class=\"wpdt-cell \"\n                                    data-cell-id=\"A2\"\n                data-col-index=\"0\"\n                data-row-index=\"1\"\n                style=\"                padding:10px;\"\n                >\n                                Couple sans enfant                <\/td>\n                                            <td class=\"wpdt-cell \"\n                                    data-cell-id=\"B2\"\n                data-col-index=\"1\"\n                data-row-index=\"1\"\n                style=\"                padding:10px;\"\n                >\n                                977,54 \u20ac                <\/td>\n                                        <\/tr>\n                            <tr class=\"wpdt-cell-row \" >\n                            <td class=\"wpdt-cell \"\n                                    data-cell-id=\"A3\"\n                data-col-index=\"0\"\n                data-row-index=\"2\"\n                style=\"                padding:10px;\"\n                >\n                                Couple avec 1 enfant                <\/td>\n                                            <td class=\"wpdt-cell \"\n                                    data-cell-id=\"B3\"\n                data-col-index=\"1\"\n                data-row-index=\"2\"\n                style=\"                padding:10px;\"\n                >\n                                1 173,05 \u20ac                <\/td>\n                                        <\/tr>\n                            <tr class=\"wpdt-cell-row \" >\n                            <td class=\"wpdt-cell \"\n                                    data-cell-id=\"A4\"\n                data-col-index=\"0\"\n                data-row-index=\"3\"\n                style=\"                padding:10px;\"\n                >\n                                Couple avec 2 enfants                <\/td>\n                                            <td class=\"wpdt-cell \"\n                                    data-cell-id=\"B4\"\n                data-col-index=\"1\"\n                data-row-index=\"3\"\n                style=\"                padding:10px;\"\n                >\n                                1 368,56 \u20ac                <\/td>\n                                        <\/tr>\n                            <tr class=\"wpdt-cell-row \" >\n                            <td class=\"wpdt-cell \"\n                                    data-cell-id=\"A5\"\n                data-col-index=\"0\"\n                data-row-index=\"4\"\n                style=\"                padding:10px;\"\n                >\n                                Par enfant suppl\u00e9mentaire                <\/td>\n                                            <td class=\"wpdt-cell \"\n                                    data-cell-id=\"B5\"\n                data-col-index=\"1\"\n                data-row-index=\"4\"\n                style=\"                padding:10px;\"\n                >\n                                + 260,68 \u20ac                <\/td>\n                                        <\/tr>\n                    <\/table>\n<\/div><style id='wpdt-custom-style-4'>\ntable#wpdtSimpleTable-4{ table-layout: fixed !important; }\ntable#wpdtSimpleTable-4 td, table.wpdtSimpleTable4 th { white-space: normal !important; }\n.wpdt-bc-F3F9FE { background-color: #F3F9FE !important;}\n<\/style>\n\n<p data-amp-original-style=\"text-align: justify;\">Depuis <strong data-start=\"7\" data-end=\"26\">mars 2025<\/strong>, la <strong data-start=\"277\" data-end=\"321\">d\u00e9claration trimestrielle est simplifi\u00e9e<\/strong> gr\u00e2ce \u00e0 un <strong data-start=\"333\" data-end=\"358\">formulaire pr\u00e9-rempli<\/strong>, int\u00e9grant automatiquement certains revenus avec la possibilit\u00e9 de corrections. Par ailleurs, les <strong data-start=\"457\" data-end=\"495\">p\u00e9riodes de d\u00e9claration ont chang\u00e9<\/strong>: depuis mars, il faut d\u00e9clarer les revenus de <strong data-start=\"543\" data-end=\"576\">novembre, d\u00e9cembre et janvier<\/strong>, au lieu de <strong data-start=\"589\" data-end=\"621\">d\u00e9cembre, janvier et f\u00e9vrier <\/strong>auparavant. Cette modification vise \u00e0 <strong data-start=\"660\" data-end=\"723\">r\u00e9duire les erreurs et acc\u00e9l\u00e9rer le traitement des dossiers <\/strong>pour un versement plus fluide.<\/p>\n<div class='cta-block'><div class='text'> Simulez votre RSA en 2 min. Gratuit.<\/div><a href='https:\/\/www.mes-allocs.fr\/ab-app?origin=guides\/wp-json\/wp\/v2\/posts\/32840' class='app-button fit'>Simulation gratuite<\/a><\/div>\n<\/div>\n<\/div>\n","protected":false},"excerpt":{"rendered":"<p>[Mis \u00e0 jour le 03\/04\/2026] Si vous b\u00e9n\u00e9ficiez du RSA, il existe certaines offres qui vous sont r\u00e9serv\u00e9es. Il existe par exemple des r\u00e9ductions sur vos forfaits mobiles. Dans cet article, nous allons voir les offres de l&rsquo;op\u00e9rateur SFR en 2026. Qu\u2019est-ce que l\u2019aide t\u00e9l\u00e9phonique ? Petit rappel\u00a0 L\u2019aide t\u00e9l\u00e9phonique est une aide qui permet [&hellip;]<\/p>\n","protected":false},"author":6,"featured_media":32841,"comment_status":"open","ping_status":"open","sticky":false,"template":"","format":"standard","meta":{"amp_status":"","footnotes":""},"categories":[14],"tags":[],"class_list":["post-32840","post","type-post","status-publish","format-standard","has-post-thumbnail","hentry","category-rsa"],"yoast_head":"<!-- This site is optimized with the Yoast SEO plugin v14.9 - https:\/\/yoast.com\/wordpress\/plugins\/seo\/ -->\n<title>Forfait SFR RSA 2026 : conditions, montant, d\u00e9marches | Mes-Allocs.fr<\/title>\n<meta name=\"description\" content=\"Si vous avez le RSA vous pouvez b\u00e9n\u00e9ficiez d&#039;offres de t\u00e9l\u00e9phonie. Mes Allocs vous pr\u00e9sente le forfait SFR pour les allocataires RSA.\" \/>\n<meta name=\"robots\" content=\"index, follow, max-snippet:-1, max-image-preview:large, max-video-preview:-1\" \/>\n<link rel=\"canonical\" href=\"https:\/\/www.mes-allocs.fr\/guides\/rsa\/forfait-rsa-sfr\/\" \/>\n<meta property=\"og:locale\" content=\"fr_FR\" \/>\n<meta property=\"og:type\" content=\"article\" \/>\n<meta property=\"og:title\" content=\"Forfait SFR RSA 2026 : conditions, montant, d\u00e9marches | Mes-Allocs.fr\" \/>\n<meta property=\"og:description\" content=\"Si vous avez le RSA vous pouvez b\u00e9n\u00e9ficiez d&#039;offres de t\u00e9l\u00e9phonie. Mes Allocs vous pr\u00e9sente le forfait SFR pour les allocataires RSA.\" \/>\n<meta property=\"og:url\" content=\"https:\/\/www.mes-allocs.fr\/guides\/rsa\/forfait-rsa-sfr\/\" \/>\n<meta property=\"og:site_name\" content=\"Mes-Allocs.fr\" \/>\n<meta property=\"article:published_time\" content=\"2021-07-16T14:25:59+00:00\" \/>\n<meta property=\"article:modified_time\" content=\"2026-04-03T13:32:51+00:00\" \/>\n<meta property=\"og:image\" content=\"https:\/\/www.mes-allocs.fr\/guides\/wp-content\/uploads\/2021\/07\/telephone--e1685539136775.jpg?wsr\" \/>\n\t<meta property=\"og:image:width\" content=\"1125\" \/>\n\t<meta property=\"og:image:height\" content=\"267\" \/>\n<meta name=\"twitter:card\" content=\"summary_large_image\" \/>\n<script type=\"application\/ld+json\" class=\"yoast-schema-graph\">{\"@context\":\"https:\/\/schema.org\",\"@graph\":[{\"@type\":\"WebSite\",\"@id\":\"https:\/\/www.mes-allocs.fr\/guides\/#website\",\"url\":\"https:\/\/www.mes-allocs.fr\/guides\/\",\"name\":\"Mes-Allocs.fr\",\"description\":\"\",\"potentialAction\":[{\"@type\":\"SearchAction\",\"target\":\"https:\/\/www.mes-allocs.fr\/guides\/?s={search_term_string}\",\"query-input\":\"required name=search_term_string\"}],\"inLanguage\":\"fr-FR\"},{\"@type\":\"ImageObject\",\"@id\":\"https:\/\/www.mes-allocs.fr\/guides\/rsa\/forfait-rsa-sfr\/#primaryimage\",\"inLanguage\":\"fr-FR\",\"url\":\"https:\/\/www.mes-allocs.fr\/guides\/wp-content\/uploads\/2021\/07\/telephone--e1685539136775.jpg?wsr\",\"width\":1125,\"height\":267,\"caption\":\"assurance habitation telephone cass\\u00e9\"},{\"@type\":\"WebPage\",\"@id\":\"https:\/\/www.mes-allocs.fr\/guides\/rsa\/forfait-rsa-sfr\/#webpage\",\"url\":\"https:\/\/www.mes-allocs.fr\/guides\/rsa\/forfait-rsa-sfr\/\",\"name\":\"Forfait SFR RSA 2026 : conditions, montant, d\\u00e9marches | Mes-Allocs.fr\",\"isPartOf\":{\"@id\":\"https:\/\/www.mes-allocs.fr\/guides\/#website\"},\"primaryImageOfPage\":{\"@id\":\"https:\/\/www.mes-allocs.fr\/guides\/rsa\/forfait-rsa-sfr\/#primaryimage\"},\"datePublished\":\"2021-07-16T14:25:59+00:00\",\"dateModified\":\"2026-04-03T13:32:51+00:00\",\"author\":{\"@id\":\"https:\/\/www.mes-allocs.fr\/guides\/#\/schema\/person\/0ecd61a8600573914d00d970a588c024\"},\"description\":\"Si vous avez le RSA vous pouvez b\\u00e9n\\u00e9ficiez d'offres de t\\u00e9l\\u00e9phonie. Mes Allocs vous pr\\u00e9sente le forfait SFR pour les allocataires RSA.\",\"inLanguage\":\"fr-FR\"},{\"@type\":\"Person\",\"@id\":\"https:\/\/www.mes-allocs.fr\/guides\/#\/schema\/person\/0ecd61a8600573914d00d970a588c024\",\"name\":\"Jonathan\",\"image\":{\"@type\":\"ImageObject\",\"@id\":\"https:\/\/www.mes-allocs.fr\/guides\/#personlogo\",\"inLanguage\":\"fr-FR\",\"url\":\"https:\/\/www.mes-allocs.fr\/guides\/wp-content\/uploads\/2021\/06\/jonathan-150x150.png\",\"caption\":\"Jonathan\"},\"description\":\"Jonathan est r\\u00e9dacteur au sein de l'\\u00e9quipe Mes Allocs, sp\\u00e9cialis\\u00e9 sur les sujets li\\u00e9s au handicap. Dipl\\u00f4m\\u00e9e de l'UPEM, il rejoint Mes Allocs apr\\u00e8s avoir travaill\\u00e9 \\u00e0 l'association AEDE qui accompagne les adultes en situation de handicap. Quand il n'\\u00e9crit pas, on peut le retrouver sur un terrain de basket.\",\"sameAs\":[\"https:\/\/www.linkedin.com\/in\/jonathan-bambela-8637861b7\"]}]}<\/script>\n<!-- \/ Yoast SEO plugin. -->","amp_validity":null,"acf":{"faq":{"1":{"question":"Est-ce possible d'\u00eatre exon\u00e9r\u00e9 de la redevance audiovisuelle ?","answer":"Oui, en tant que b\u00e9n\u00e9ficiaire du RSA, il est possible d'\u00eatre exon\u00e9r\u00e9."},"2":{"question":"Tous les op\u00e9rateurs font-ils des tarifs avantageux ?","answer":"Non, tous les op\u00e9rateurs ne font pas de tarifs avantageux."},"3":{"question":"L'aide t\u00e9l\u00e9phonique est-elle disponible pour tous ?","answer":"L'aide t\u00e9l\u00e9phonique est r\u00e9serv\u00e9 principalement aux personnes touchant les minima sociaux. Pour en b\u00e9n\u00e9ficier, il faut remplir les conditions d'attribution."},"4":{"question":"Existe-t-il une aide pour les factures impay\u00e9es ?","answer":"Oui, il faut faire la demande aupr\u00e8s de votre conseil r\u00e9gional."},"5":{"question":"Le montant de l'aide est-il variable ?","answer":"Le montant des aides est fixe mails il d\u00e9pend de votre abonnement personnel. Il varie donc selon votre op\u00e9rateur."},"6":{"question":"Quel est le tarif internet RSA de SFR ?","answer":"Le forfait \u00ab Forfait bloqu\u00e9 B\u00e9n\u00e9ficiaire RSA \u00bb de SFR est g\u00e9n\u00e9ralement propos\u00e9 autour de 10 \u20ac par mois pour un forfait mobile avec acc\u00e8s Internet limit\u00e9, sous condition d\u2019\u00eatre allocataire RSA et de fournir une attestation CAF dat\u00e9e de moins de 2 mois."},"7":{"question":"","answer":""},"8":{"question":"","answer":""},"9":{"question":"","answer":""},"10":{"question":"","answer":""},"11":{"question":"","answer":""},"12":{"question":"","answer":""},"13":{"question":"","answer":""},"14":{"question":"","answer":""},"15":{"question":"","answer":""},"16":{"question":"","answer":""}}},"_links":{"self":[{"href":"https:\/\/www.mes-allocs.fr\/guides\/wp-json\/wp\/v2\/posts\/32840","targetHints":{"allow":["GET"]}}],"collection":[{"href":"https:\/\/www.mes-allocs.fr\/guides\/wp-json\/wp\/v2\/posts"}],"about":[{"href":"https:\/\/www.mes-allocs.fr\/guides\/wp-json\/wp\/v2\/types\/post"}],"author":[{"embeddable":true,"href":"https:\/\/www.mes-allocs.fr\/guides\/wp-json\/wp\/v2\/users\/6"}],"replies":[{"embeddable":true,"href":"https:\/\/www.mes-allocs.fr\/guides\/wp-json\/wp\/v2\/comments?post=32840"}],"version-history":[{"count":32,"href":"https:\/\/www.mes-allocs.fr\/guides\/wp-json\/wp\/v2\/posts\/32840\/revisions"}],"predecessor-version":[{"id":111545,"href":"https:\/\/www.mes-allocs.fr\/guides\/wp-json\/wp\/v2\/posts\/32840\/revisions\/111545"}],"wp:featuredmedia":[{"embeddable":true,"href":"https:\/\/www.mes-allocs.fr\/guides\/wp-json\/wp\/v2\/media\/32841"}],"wp:attachment":[{"href":"https:\/\/www.mes-allocs.fr\/guides\/wp-json\/wp\/v2\/media?parent=32840"}],"wp:term":[{"taxonomy":"category","embeddable":true,"href":"https:\/\/www.mes-allocs.fr\/guides\/wp-json\/wp\/v2\/categories?post=32840"},{"taxonomy":"post_tag","embeddable":true,"href":"https:\/\/www.mes-allocs.fr\/guides\/wp-json\/wp\/v2\/tags?post=32840"}],"curies":[{"name":"wp","href":"https:\/\/api.w.org\/{rel}","templated":true}]}}