{"id":32832,"date":"2021-07-16T16:23:57","date_gmt":"2021-07-16T14:23:57","guid":{"rendered":"https:\/\/www.mes-allocs.fr\/guides\/?p=32832"},"modified":"2026-02-19T14:40:30","modified_gmt":"2026-02-19T13:40:30","slug":"pension-alimentaire-quotient-familial","status":"publish","type":"post","link":"https:\/\/www.mes-allocs.fr\/guides\/allocations-familiales\/quotient-familial\/pension-alimentaire-quotient-familial\/","title":{"rendered":"Pension alimentaire et quotient familial : ce que vous devez savoir"},"content":{"rendered":"<p><img loading=\"lazy\" decoding=\"async\" class=\"aligncenter wp-image-32833\" title=\"parent\" src=\"https:\/\/www.mes-allocs.fr\/guides\/wp-content\/uploads\/2021\/07\/parent--e1626426257827.jpg\" alt=\"Pension alimentaire et quotient familial : comment \u00e7a marche ?\" width=\"1200\" height=\"500\" srcset=\"https:\/\/www.mes-allocs.fr\/guides\/wp-content\/uploads\/2021\/07\/parent--e1626426257827.jpg 1125w, https:\/\/www.mes-allocs.fr\/guides\/wp-content\/uploads\/2021\/07\/parent--e1626426257827-300x125.jpg 300w, https:\/\/www.mes-allocs.fr\/guides\/wp-content\/uploads\/2021\/07\/parent--e1626426257827-1024x427.jpg 1024w, https:\/\/www.mes-allocs.fr\/guides\/wp-content\/uploads\/2021\/07\/parent--e1626426257827-768x320.jpg 768w, https:\/\/www.mes-allocs.fr\/guides\/wp-content\/uploads\/2021\/07\/parent--e1626426257827-600x250.jpg 600w\" sizes=\"auto, (max-width: 1200px) 100vw, 1200px\" \/><\/p>\n<p style=\"text-align: justify;\">[Mis \u00e0 jour le 19\/02\/2026] Si vous b\u00e9n\u00e9ficiez des <a href=\"https:\/\/www.mes-allocs.fr\/guides\/allocations-familiales\">allocations familiales<\/a>, le quotient familial est un indicateur qui vous est familier. Mais, il peut aussi servir dans le cadre de la pension alimentaire. Mes Allocs vous explique tout sur le lien entre <strong>quotient familial et pension alimentaire<\/strong>.<\/p>\n<p style=\"text-align: justify;\"><div class='cta-block'><div class='text'>Simulez toutes vos aides en 2 min.<\/div><a href='https:\/\/www.mes-allocs.fr\/ab-app?origin=guides\/wp-json\/wp\/v2\/posts\/32832' class='app-button fit'>Simulation gratuite<\/a><\/div><\/p>\n<h1 class=\"amp-wp-7d27179\" style=\"text-align: justify;\" data-amp-original-style=\"text-align: justify;\"><span id=\"Dans_quelles_situations_vais-je_utiliser_le_quotient_familial\">Les diff\u00e9rentes utilisations du quotient familial\u00a0<\/span><\/h1>\n<p class=\"amp-wp-7d27179\" style=\"text-align: justify;\" data-amp-original-style=\"text-align: justify;\">Au-del\u00e0 d\u2019\u00eatre un simple indicateur chiffr\u00e9, le quotient familial a un r\u00e9el int\u00e9r\u00eat. On pourrait penser qu\u2019il va se limiter \u00e0 la CAF mais non. Il va aussi vous servir pour le calcul de vos imp\u00f4ts. Explications.<\/p>\n<h2 id=\"Le_calcul_du_montant_de_l\u2019imp\u00f4t_sur_le_revenu\" class=\"amp-wp-7d27179\" style=\"text-align: justify;\" data-amp-original-style=\"text-align: justify;\"><span id=\"Le_calcul_du_montant_de_limpot_sur_le_revenu\">Le calcul du montant de l\u2019imp\u00f4t sur le revenu<\/span><\/h2>\n<p class=\"amp-wp-7d27179\" style=\"text-align: justify;\" data-amp-original-style=\"text-align: justify;\">Au d\u00e9part, le quotient familial avait une seule utilit\u00e9. Il servait principalement au calcul de votre imp\u00f4t sur le revenu par l\u2019 administration fiscale. En effet selon le nombre de parts fiscales d\u2019un foyer, pour des revenus imposables \u00e9quivalents, le montant de vos imp\u00f4ts va varier \u00a0si vous avez plus de personnes \u00e0 charge.<\/p>\n<p class=\"amp-wp-7d27179\" style=\"text-align: justify;\" data-amp-original-style=\"text-align: justify;\">L\u2019administration fiscale consid\u00e8re, \u00e0 juste titre, que les d\u00e9penses d\u2019un foyer augmentent selon le nombre de personnes le composant. De fait, il serait inappropri\u00e9 que tout le monde paie le m\u00eame montant d\u2019imp\u00f4t si le nombre de personnes \u00e0 charge dans le foyer est important.<\/p>\n<p class=\"amp-wp-7d27179\" style=\"text-align: justify;\" data-amp-original-style=\"text-align: justify;\">C\u2019est pourquoi avec un revenu net imposable \u00e9gal, un couple mari\u00e9 ou pacs\u00e9 sans enfants paiera plus d\u2019imp\u00f4ts sur le revenu qu\u2019un couple mari\u00e9 avec deux enfants, qu\u2019un parent isol\u00e9 avec deux enfants ou qu\u2019une personne c\u00e9libataire divorc\u00e9e. Leur nombre de parts fiscales \u00e9tant plus faible, le quotient familial du foyer sans enfants \u00e0 charge sera plus \u00e9lev\u00e9.<\/p>\n<p class=\"amp-wp-7d27179\" style=\"text-align: justify;\" data-amp-original-style=\"text-align: justify;\">Il est important de noter que cet effet comptable est limit\u00e9 par un plafonnement du quotient familial. Il y a plafonnement pour \u00e9viter que la baisse de l\u2019imp\u00f4t sur le revenu ne soit trop importante selon le nombre de parts fiscales.<\/p>\n<h2 class=\"amp-wp-7d27179\" style=\"text-align: justify;\" data-amp-original-style=\"text-align: justify;\"><span id=\"Le_quotient_familial_et_la_CAF\">Le quotient familial et la CAF<\/span><\/h2>\n<p class=\"amp-wp-7d27179\" style=\"text-align: justify;\" data-amp-original-style=\"text-align: justify;\">Il n\u2019y pas pas que l\u2019administration fiscale qui se sert du quotient familial. Il est aussi utilis\u00e9 par la Caisse d\u2019 Allocations Familiales pour l\u2019attribution de certaines aides sociales et prestations familiales.<\/p>\n<p class=\"amp-wp-7d27179\" style=\"text-align: justify;\" data-amp-original-style=\"text-align: justify;\">S\u2019il sert \u00e0 d\u00e9finir les revenus d\u2019une famille en prenant en compte le nombre de personnes qui la compose, il est l\u00e9g\u00e8rement diff\u00e9rent du quotient familial utilis\u00e9 par l\u2019administration fiscale. Cela se v\u00e9rifie dans la mesure o\u00f9 la CAF utilise un quotient familial mensualis\u00e9 et que le nombre de parts accord\u00e9 est l\u00e9g\u00e8rement diff\u00e9rent.<\/p>\n<p class=\"amp-wp-7d27179\" style=\"text-align: justify;\" data-amp-original-style=\"text-align: justify;\">Le quotient familial de la CAF est utilis\u00e9 principalement pour l\u2019attribution de certaines aides, en particulier celles g\u00e9r\u00e9es au niveau d\u00e9partemental. Il sera \u00e9galement souvent pris en compte si vous sollicitez un pr\u00eat de la CAF.<\/p>\n<p class=\"amp-wp-7d27179\" style=\"text-align: justify;\" data-amp-original-style=\"text-align: justify;\">Au niveau des aides de la CAF qui incluent d\u2019une mani\u00e8re ou d\u2019une autre le quotient familial, voici quelque exemples :<\/p>\n<ul class=\"list-1 amp-wp-7d27179\" style=\"text-align: justify;\" data-amp-original-style=\"text-align: justify;\">\n<li>L\u2019Aide aux Vacances Familiales\u00a0(AVF)<\/li>\n<li>L\u2019attribution\u00a0de ch\u00e8ques vacances\u00a0pour financer les frais li\u00e9s au s\u00e9jour<\/li>\n<\/ul>\n<p class=\"amp-wp-7d27179\" style=\"text-align: justify;\" data-amp-original-style=\"text-align: justify;\">Via le quotient familial, la CAF finance \u00e9galement des cr\u00e8ches.\u00a0 En contrepartie de cette m\u00e9thode de financement,\u00a0 ces \u00e9tablissements ont pour obligation d\u2019adapter leurs tarifs en fonction du quotient familial CAF des familles qui y inscrivent leurs enfants. Sachez enfin que votre quotient familial sera \u00e9galement regard\u00e9 et \u00e9tudi\u00e9 dans le cadre de l\u2019aide \u00e0 la cantine. C\u2019est pourquoi il peut \u00eatre n\u00e9cessaire de fournir une attestation de quotient familial que vous pouvez t\u00e9l\u00e9charger directement depuis votre espace personnel de la CAF.<\/p>\n<p><iframe loading=\"lazy\" title=\"Tout Savoir sur les Allocations Familiales !\" width=\"500\" height=\"281\" src=\"https:\/\/www.youtube.com\/embed\/XEX_FdLLYMo?feature=oembed\" frameborder=\"0\" allow=\"accelerometer; autoplay; clipboard-write; encrypted-media; gyroscope; picture-in-picture; web-share\" referrerpolicy=\"strict-origin-when-cross-origin\" allowfullscreen><\/iframe><\/p>\n<p data-amp-original-style=\"text-align: justify;\"><div class='cta-block'><div class='text'>Simulez toutes vos aides en 2 min.<\/div><a href='https:\/\/www.mes-allocs.fr\/ab-app?origin=guides\/wp-json\/wp\/v2\/posts\/32832' class='app-button fit'>Simulation gratuite<\/a><\/div><\/p>\n<h1 style=\"text-align: justify;\" data-amp-original-style=\"text-align: justify;\">Qu&rsquo;en est-il de la pension alimentaire \u00a0?<\/h1>\n<p style=\"text-align: justify;\">Pour la pension alimentaire, le quotient familial va avoir un r\u00f4le secondaire. Il est important de connaitre tout le processus qui m\u00e8ne \u00e0 l&rsquo;utilisation de l&rsquo;indicateur chiffr\u00e9e. On vous dit tout.<\/p>\n<h2 style=\"text-align: justify;\">Petit retour sur la pension alimentaire<\/h2>\n<p style=\"text-align: justify;\">Suite au cas de divorce avec votre conjoint, il se peut que vous n&rsquo;ayez pas la garde de vos enfants mineurs. Les enfants majeurs d\u00e9cident chez qui ils veulent r\u00e9sider. Si vous avez la garde totale, ou garde altern\u00e9e, il est possible qu&rsquo;au l&rsquo;autre parent verse une pension alimentaire, apr\u00e8s d\u00e9cision de justice, ou par commun accord.<\/p>\n<p style=\"text-align: justify;\">Dans ce cas pr\u00e9cis,\u00a0\u00a0vous pouvez d\u00e9duire la pension alimentaire que vous versez \u00e0 votre ex-conjoint pour l\u2019entretien et l\u2019\u00e9ducation de vos enfants mineurs. Dans la rubrique \u00ab charges d\u00e9ductibles \u00bb du revenu global de la d\u00e9claration des revenus, vous devez indiquer dans la case d\u00e9di\u00e9e le nom et l\u2019adresse du b\u00e9n\u00e9ficiaire de la pension alimentaire.<\/p>\n<p style=\"text-align: justify;\">Les conditions pour pouvoir faire cette d\u00e9duction sont :<\/p>\n<ul style=\"text-align: justify;\">\n<li>d\u2019\u00eatre impos\u00e9(e) s\u00e9par\u00e9ment de votre ex-conjoint ;<\/li>\n<li>de ne pas avoir la garde des enfants pour lesquels vous versez la pension.<\/li>\n<\/ul>\n<p style=\"text-align: justify;\">\u00c0 l&rsquo;inverse, si c&rsquo;est vous qui avez la garde des enfants mineurs, vous devez d\u00e9clarer la pension que vous percevez en leur nom dans la rubrique \u00ab pensions alimentaires per\u00e7ues \u00bb.<\/p>\n<p style=\"text-align: justify;\">Si le juge a fix\u00e9 le montant de la pension, vous ne pouvez pas d\u00e9duire plus que ce montant. Cependant, vous pouvez revaloriser volontairement cette pension et d\u00e9duire les sommes vers\u00e9es d\u00e8s lors que leur montant est compatible avec vos ressources et avec les besoins de l&rsquo;enfant.<\/p>\n<p style=\"text-align: justify;\">S\u2019il n\u2019y a pas eu de jugement, vous pouvez d\u00e9duire une pension alimentaire qui tient compte des besoins de vos enfants (en fonction des revenus du parent ayant la garde) et de vos ressources. Vous devez pouvoir justifier vos versements.<\/p>\n<p style=\"text-align: justify;\">En revanche, vous ne pouvez pas d\u00e9duire les frais occasionn\u00e9s par le droit de visite (frais de voyage, d\u00e9penses engag\u00e9es pour accueillir votre enfant &#8230;).<\/p>\n<h2 style=\"text-align: justify;\">O\u00f9 intervient le quotient familial ?<\/h2>\n<p style=\"text-align: justify;\">Notre petit indicateur va intervenir dans le calcul des imp\u00f4ts. En effet, comme la charge des enfants est quelque peu modifi\u00e9, le montant des imp\u00f4ts risque de varier en fonction du nombre de personne \u00e0 charge dans le foyer fiscal. Voici un exemple.<\/p>\n<p style=\"text-align: justify;\">Jean et Anne ont divorc\u00e9 le 15 Janvier N-1. Ils ont deux enfants mineurs. Pour le divorce, ils l&rsquo;ont signal\u00e9 \u00a0dans les 60 jours \u00e0 l&rsquo;administration fiscale via le service \u00ab G\u00e9rer mon pr\u00e9l\u00e8vement \u00e0 la source \u00bb disponible dans leur \u00ab espace Finances publiques \u00bb afin d&rsquo;ajuster imm\u00e9diatement leur taux de pr\u00e9l\u00e8vement \u00e0 la source et, le cas \u00e9ch\u00e9ant, leurs acomptes contemporains.<\/p>\n<p style=\"text-align: justify;\">Pour la charge des enfants, le juge a fix\u00e9 le lieu de la r\u00e9sidence habituelle des enfants chez Anne et le montant de la pension alimentaire que Jean\u00a0doit verser pour l&rsquo;entretien des enfants.<\/p>\n<p style=\"text-align: justify;\">De fait pour l&rsquo;ann\u00e9e N, chacun des deux ex-\u00e9poux doit effectuer sa propre d\u00e9claration de revenus au titre de l&rsquo;ann\u00e9e N-1 du divorce.<\/p>\n<p style=\"text-align: justify;\">Jean va donc se retrouver \u00e0\u00a0d\u00e9clarer s\u00e9par\u00e9ment ses revenus propres du 1<sup>er<\/sup> janvier au 31 d\u00e9cembre N-1. La pension alimentaire qu&rsquo;il verse \u00e0 Marie sera donc d\u00e9ductible du revenu imposable et pour le calcul des imp\u00f4ts (via le quotient familial), il\u00a0b\u00e9n\u00e9ficie d&rsquo;une part pour le calcul du quotient familial.<\/p>\n<p style=\"text-align: justify;\">Pour Anne, elle va\u00a0d\u00e9clarer s\u00e9par\u00e9ment ses revenus propres du 1<sup>er<\/sup> janvier au 31 d\u00e9cembre N-1. Elle doit aussi\u00a0d\u00e9clarer la pension alimentaire qu&rsquo;elle re\u00e7oit de Pierre et elle\u00a0b\u00e9n\u00e9ficie de 2,5 parts pour le calcul de son quotient familial, si elle vit seule au 31 d\u00e9cembre N-1 et supporte effectivement la charge de ses enfants. Dans ce cas, elle coche la case T (parent isol\u00e9) de sa d\u00e9claration de revenus.<\/p>\n<p style=\"text-align: justify;\"><div class='cta-block'><div class='text'>Simulez toutes vos aides en 2 min.<\/div><a href='https:\/\/www.mes-allocs.fr\/ab-app?origin=guides\/wp-json\/wp\/v2\/posts\/32832' class='app-button fit'>Simulation gratuite<\/a><\/div><\/p>\n","protected":false},"excerpt":{"rendered":"<p>[Mis \u00e0 jour le 19\/02\/2026] Si vous b\u00e9n\u00e9ficiez des allocations familiales, le quotient familial est un indicateur qui vous est familier. Mais, il peut aussi servir dans le cadre de la pension alimentaire. Mes Allocs vous explique tout sur le lien entre quotient familial et pension alimentaire. Les diff\u00e9rentes utilisations du quotient familial\u00a0 Au-del\u00e0 d\u2019\u00eatre [&hellip;]<\/p>\n","protected":false},"author":6,"featured_media":105272,"comment_status":"open","ping_status":"open","sticky":false,"template":"","format":"standard","meta":{"amp_status":"","footnotes":""},"categories":[10,9894],"tags":[],"class_list":["post-32832","post","type-post","status-publish","format-standard","has-post-thumbnail","hentry","category-allocations-familiales","category-quotient-familial"],"yoast_head":"<!-- This site is optimized with the Yoast SEO plugin v14.9 - https:\/\/yoast.com\/wordpress\/plugins\/seo\/ -->\n<title>Pension alimentaire et quotient familial : ce que vous devez savoir<\/title>\n<meta name=\"description\" content=\"Si vous percevez ou versez une pension alimentaire, le quotient familial va jouer un r\u00f4le pour vos imp\u00f4ts. Mes Allocs vous dit tout.\" \/>\n<meta name=\"robots\" content=\"index, follow, max-snippet:-1, max-image-preview:large, max-video-preview:-1\" \/>\n<link rel=\"canonical\" href=\"https:\/\/www.mes-allocs.fr\/guides\/allocations-familiales\/quotient-familial\/pension-alimentaire-quotient-familial\/\" \/>\n<meta property=\"og:locale\" content=\"fr_FR\" \/>\n<meta property=\"og:type\" content=\"article\" \/>\n<meta property=\"og:title\" content=\"Pension alimentaire et quotient familial : ce que vous devez savoir\" \/>\n<meta property=\"og:description\" content=\"Si vous percevez ou versez une pension alimentaire, le quotient familial va jouer un r\u00f4le pour vos imp\u00f4ts. Mes Allocs vous dit tout.\" \/>\n<meta property=\"og:url\" content=\"https:\/\/www.mes-allocs.fr\/guides\/allocations-familiales\/quotient-familial\/pension-alimentaire-quotient-familial\/\" \/>\n<meta property=\"og:site_name\" content=\"Mes-Allocs.fr\" \/>\n<meta property=\"article:published_time\" content=\"2021-07-16T14:23:57+00:00\" \/>\n<meta property=\"article:modified_time\" content=\"2026-02-19T13:40:30+00:00\" \/>\n<meta property=\"og:image\" content=\"https:\/\/www.mes-allocs.fr\/guides\/wp-content\/uploads\/2021\/07\/pension-alimentaire-quotient-familial.jpg?wsr\" \/>\n\t<meta property=\"og:image:width\" content=\"1280\" \/>\n\t<meta property=\"og:image:height\" content=\"850\" \/>\n<meta name=\"twitter:card\" content=\"summary_large_image\" \/>\n<script type=\"application\/ld+json\" class=\"yoast-schema-graph\">{\"@context\":\"https:\/\/schema.org\",\"@graph\":[{\"@type\":\"WebSite\",\"@id\":\"https:\/\/www.mes-allocs.fr\/guides\/#website\",\"url\":\"https:\/\/www.mes-allocs.fr\/guides\/\",\"name\":\"Mes-Allocs.fr\",\"description\":\"\",\"potentialAction\":[{\"@type\":\"SearchAction\",\"target\":\"https:\/\/www.mes-allocs.fr\/guides\/?s={search_term_string}\",\"query-input\":\"required name=search_term_string\"}],\"inLanguage\":\"fr-FR\"},{\"@type\":\"ImageObject\",\"@id\":\"https:\/\/www.mes-allocs.fr\/guides\/allocations-familiales\/quotient-familial\/pension-alimentaire-quotient-familial\/#primaryimage\",\"inLanguage\":\"fr-FR\",\"url\":\"https:\/\/www.mes-allocs.fr\/guides\/wp-content\/uploads\/2021\/07\/pension-alimentaire-quotient-familial.jpg?wsr\",\"width\":1280,\"height\":850,\"caption\":\"pension alimentaire quotient familial\"},{\"@type\":\"WebPage\",\"@id\":\"https:\/\/www.mes-allocs.fr\/guides\/allocations-familiales\/quotient-familial\/pension-alimentaire-quotient-familial\/#webpage\",\"url\":\"https:\/\/www.mes-allocs.fr\/guides\/allocations-familiales\/quotient-familial\/pension-alimentaire-quotient-familial\/\",\"name\":\"Pension alimentaire et quotient familial : ce que vous devez savoir\",\"isPartOf\":{\"@id\":\"https:\/\/www.mes-allocs.fr\/guides\/#website\"},\"primaryImageOfPage\":{\"@id\":\"https:\/\/www.mes-allocs.fr\/guides\/allocations-familiales\/quotient-familial\/pension-alimentaire-quotient-familial\/#primaryimage\"},\"datePublished\":\"2021-07-16T14:23:57+00:00\",\"dateModified\":\"2026-02-19T13:40:30+00:00\",\"author\":{\"@id\":\"https:\/\/www.mes-allocs.fr\/guides\/#\/schema\/person\/0ecd61a8600573914d00d970a588c024\"},\"description\":\"Si vous percevez ou versez une pension alimentaire, le quotient familial va jouer un r\\u00f4le pour vos imp\\u00f4ts. Mes Allocs vous dit tout.\",\"inLanguage\":\"fr-FR\"},{\"@type\":\"Person\",\"@id\":\"https:\/\/www.mes-allocs.fr\/guides\/#\/schema\/person\/0ecd61a8600573914d00d970a588c024\",\"name\":\"Jonathan\",\"image\":{\"@type\":\"ImageObject\",\"@id\":\"https:\/\/www.mes-allocs.fr\/guides\/#personlogo\",\"inLanguage\":\"fr-FR\",\"url\":\"https:\/\/www.mes-allocs.fr\/guides\/wp-content\/uploads\/2021\/06\/jonathan-150x150.png\",\"caption\":\"Jonathan\"},\"description\":\"Jonathan est r\\u00e9dacteur au sein de l'\\u00e9quipe Mes Allocs, sp\\u00e9cialis\\u00e9 sur les sujets li\\u00e9s au handicap. Dipl\\u00f4m\\u00e9e de l'UPEM, il rejoint Mes Allocs apr\\u00e8s avoir travaill\\u00e9 \\u00e0 l'association AEDE qui accompagne les adultes en situation de handicap. Quand il n'\\u00e9crit pas, on peut le retrouver sur un terrain de basket.\",\"sameAs\":[\"https:\/\/www.linkedin.com\/in\/jonathan-bambela-8637861b7\"]}]}<\/script>\n<!-- \/ Yoast SEO plugin. -->","amp_validity":null,"acf":{"faq":{"1":{"question":"Comment demander le quotient familial ?","answer":"L\u2019Administration fiscale qui se charge de calculer votre quotient familial, chaque ann\u00e9e, en se fondant sur votre d\u00e9claration annuelle de revenus."},"2":{"question":"Est-il possible de faire une simulation des aides ?","answer":"Oui, sur Mes Allocs, nous vous proposons une simulation pour connaitre les diff\u00e9rentes aides auxquels vous \u00eates \u00e9ligible."},"3":{"question":"Toutes les aides de la CAF d\u00e9pendent-elles du quotient familial ?","answer":"M\u00eame si la plupart des aides sont en lien avec le quotient familial, il existe certaines aides qui ne d\u00e9pendent pas de cet indicateur."},"4":{"question":"Mon quotient familial est-il susceptible d'\u00e9voluer ? ","answer":"Oui, cet indicateur va varier selon la composition de votre foyer. Si un de vos enfants atteint les 18 ans, le quotient familial va changer. "},"5":{"question":"Le quotient familial d\u00e9finit-il le montant de mes aides ? ","answer":"Pas n\u00e9cessairement, le quotient familial va servir dans le calcul de vos aides mais ce n'est pas le cas pour toutes les aides. "},"6":{"question":"Le quotient familial peut-il \u00e9voluer dans le temps ?","answer":"Votre quotient familial d\u00e9pend du nombres de parts dans votre foyer. Donc oui, ce dernier peut \u00e9voluer dans le temps.\r\n<br> <a href=\u201chttps:\/\/www.mes-allocs.fr\/guides\/allocations-familiales\/quotient-familial\/mon-quotient-familial-a-augmente\/\u201d>Lire la suite<\/a>"},"7":{"question":"","answer":""},"8":{"question":"","answer":""},"9":{"question":"","answer":""},"10":{"question":"","answer":""},"11":{"question":"","answer":""},"12":{"question":"","answer":""},"13":{"question":"","answer":""},"14":{"question":"","answer":""},"15":{"question":"","answer":""},"16":{"question":"","answer":""}}},"_links":{"self":[{"href":"https:\/\/www.mes-allocs.fr\/guides\/wp-json\/wp\/v2\/posts\/32832","targetHints":{"allow":["GET"]}}],"collection":[{"href":"https:\/\/www.mes-allocs.fr\/guides\/wp-json\/wp\/v2\/posts"}],"about":[{"href":"https:\/\/www.mes-allocs.fr\/guides\/wp-json\/wp\/v2\/types\/post"}],"author":[{"embeddable":true,"href":"https:\/\/www.mes-allocs.fr\/guides\/wp-json\/wp\/v2\/users\/6"}],"replies":[{"embeddable":true,"href":"https:\/\/www.mes-allocs.fr\/guides\/wp-json\/wp\/v2\/comments?post=32832"}],"version-history":[{"count":18,"href":"https:\/\/www.mes-allocs.fr\/guides\/wp-json\/wp\/v2\/posts\/32832\/revisions"}],"predecessor-version":[{"id":109332,"href":"https:\/\/www.mes-allocs.fr\/guides\/wp-json\/wp\/v2\/posts\/32832\/revisions\/109332"}],"wp:featuredmedia":[{"embeddable":true,"href":"https:\/\/www.mes-allocs.fr\/guides\/wp-json\/wp\/v2\/media\/105272"}],"wp:attachment":[{"href":"https:\/\/www.mes-allocs.fr\/guides\/wp-json\/wp\/v2\/media?parent=32832"}],"wp:term":[{"taxonomy":"category","embeddable":true,"href":"https:\/\/www.mes-allocs.fr\/guides\/wp-json\/wp\/v2\/categories?post=32832"},{"taxonomy":"post_tag","embeddable":true,"href":"https:\/\/www.mes-allocs.fr\/guides\/wp-json\/wp\/v2\/tags?post=32832"}],"curies":[{"name":"wp","href":"https:\/\/api.w.org\/{rel}","templated":true}]}}