{"id":32735,"date":"2021-07-16T16:15:00","date_gmt":"2021-07-16T14:15:00","guid":{"rendered":"https:\/\/www.mes-allocs.fr\/guides\/?p=32735"},"modified":"2025-07-17T10:09:54","modified_gmt":"2025-07-17T08:09:54","slug":"aide-au-transport-conseil-regional","status":"publish","type":"post","link":"https:\/\/www.mes-allocs.fr\/guides\/aide-au-transport\/aide-au-transport-conseil-regional\/","title":{"rendered":"Les aides au transport du Conseil r\u00e9gional"},"content":{"rendered":"<p><img loading=\"lazy\" decoding=\"async\" class=\"aligncenter wp-image-32736 size-full\" title=\"aide au transport conseil regional\" src=\"https:\/\/www.mes-allocs.fr\/guides\/wp-content\/uploads\/2021\/07\/station--e1694087210211.jpg\" alt=\"aide au transport conseil regional\" width=\"1260\" height=\"286\" srcset=\"https:\/\/www.mes-allocs.fr\/guides\/wp-content\/uploads\/2021\/07\/station--e1694087210211.jpg 1260w, https:\/\/www.mes-allocs.fr\/guides\/wp-content\/uploads\/2021\/07\/station--e1694087210211-300x68.jpg 300w, https:\/\/www.mes-allocs.fr\/guides\/wp-content\/uploads\/2021\/07\/station--e1694087210211-1024x232.jpg 1024w, https:\/\/www.mes-allocs.fr\/guides\/wp-content\/uploads\/2021\/07\/station--e1694087210211-768x174.jpg 768w, https:\/\/www.mes-allocs.fr\/guides\/wp-content\/uploads\/2021\/07\/station--e1694087210211-600x136.jpg 600w\" sizes=\"auto, (max-width: 1260px) 100vw, 1260px\" \/><\/p>\n<p style=\"text-align: justify;\"><strong>Sur le territoire fran\u00e7ais, de nombreuses <a href=\"https:\/\/www.mes-allocs.fr\/guides\/aide-au-transport\/\">aides au transport<\/a> existent. Elles s&rsquo;adressent \u00e0 diff\u00e9rentes cat\u00e9gories de personnes. Ces aides peuvent \u00eatre distribu\u00e9es par des organismes tels que P\u00f4le Emploi ou encore le Conseil d\u00e9partemental. D\u00e9couvrez maintenant toutes les aides au transport du Conseil r\u00e9gional !<\/strong><\/p>\n<p style=\"text-align: justify;\"><div class='cta-block'><div class='text'>Simulez toutes vos aides au transport en 2 min. <\/div><a href='https:\/\/www.mes-allocs.fr\/ab-app?origin=guides\/wp-json\/wp\/v2\/posts\/32735' class='app-button fit'>Simulation gratuite<\/a><\/div><\/p>\n<h1>En quoi consiste les aides au transport du Conseil r\u00e9gional ?<\/h1>\n<p style=\"text-align: justify;\">L&rsquo;aide au transport concerne aussi bien les transports en commun que les transports personnels type voiture. Les subventions et la nature de l&rsquo;aide peut varier selon la situation du demandeur et ses moyens de locomotion. Mais d&rsquo;une r\u00e9gion \u00e0 une autre, l&rsquo;aide au transport est \u00e9galement variable. Voici un \u00e9chantillon des diff\u00e9rentes aides au transport par r\u00e9gion :<\/p>\n<ul>\n<li>La carte navigo<\/li>\n<li>Les ch\u00e8ques mobilit\u00e9<\/li>\n<li>Les <a href=\"https:\/\/www.mes-allocs.fr\/guides\/aide-au-transport\/aide-au-transport-sncf\/\">cartes SNCF<\/a><\/li>\n<\/ul>\n<p><iframe loading=\"lazy\" title=\"Les aides au transport\" width=\"500\" height=\"281\" src=\"https:\/\/www.youtube.com\/embed\/zRZFzrnwvEs?feature=oembed\" frameborder=\"0\" allow=\"accelerometer; autoplay; clipboard-write; encrypted-media; gyroscope; picture-in-picture; web-share\" referrerpolicy=\"strict-origin-when-cross-origin\" allowfullscreen><\/iframe><\/p>\n<h1>Les aides au transport des Conseils r\u00e9gionaux<\/h1>\n<p>Les aides au transport des r\u00e9gions sont g\u00e9n\u00e9ralement d\u00e9livr\u00e9es par les conseils r\u00e9gionaux.<\/p>\n<h2 style=\"text-align: justify;\">L&rsquo;aide au transport dans le Grand-Est<\/h2>\n<h3 style=\"text-align: justify;\">Pour les \u00e9tudiants<\/h3>\n<p class=\"amp-wp-7d27179\" style=\"text-align: justify;\" data-amp-original-style=\"text-align: justify;\">Pour les \u00e9tudiants du sup\u00e9rieur ou non, il existe de nombreuses offres concernant les transports au niveau national. Dans le <a href=\"https:\/\/www.mes-allocs.fr\/guides\/aide-au-transport\/aide-au-transport-conseil-regional\/aide-au-transport-grand-est\/\">Grand-Est<\/a>, les coll\u00e9giens et les lyc\u00e9ens peuvent souscrire \u00e0 un abonnement sp\u00e9cial, il s\u2019agit de l\u2019abonnement scolaire r\u00e9gional. Il autorise les \u00e9tudiants \u00e0 utiliser les <a href=\"https:\/\/www.mes-allocs.fr\/guides\/aide-au-transport\/aide-transport-scolaire\/\">transports scolaires et publics<\/a> de l\u2019ensemble de la r\u00e9gion sans aucune restriction.<\/p>\n<p class=\"amp-wp-7d27179\" style=\"text-align: justify;\" data-amp-original-style=\"text-align: justify;\">Ce forfait est financ\u00e9 partiellement ou enti\u00e8rement par les multiples collectivit\u00e9s territoriales. En ce qui concerne la grille tarifaire de l\u2019abonnement, il faut se rapprocher du lieu de scolarisation de votre enfant ou du site internet de la collectivit\u00e9 territoriale. Le formulaire d\u2019inscription est aussi disponible dans l\u2019ensemble des gares SNCF de la r\u00e9gion.<\/p>\n<p class=\"amp-wp-7d27179\" style=\"text-align: justify;\" data-amp-original-style=\"text-align: justify;\">Pour les personnes ayant moins de 26 ans, il existe la carte Primo. Ce titre de transport vous permet de b\u00e9n\u00e9ficier de \u00a050% sur l\u2019ensemble du r\u00e9seau TER du Grand-Est. Et pendant les week-ends, la r\u00e9duction est de 75%. L\u2019abonnement peut \u00eatre hebdomadaire, mensuel ou annuel.<\/p>\n<p class=\"amp-wp-7d27179\" style=\"text-align: justify;\" data-amp-original-style=\"text-align: justify;\">Si vous avez plus de 26 ans, cette carte est aussi valable mais \u00e0 un prix plus \u00e9lev\u00e9.<\/p>\n<p class=\"amp-wp-7d27179\" style=\"text-align: justify;\" data-amp-original-style=\"text-align: justify;\">Les diff\u00e9rentes compagnies de transports en commun ont aussi mis en place des tarifs avantageux pour les \u00e9tudiants. Voici la liste des villes:<\/p>\n<ul style=\"text-align: justify;\">\n<li>Troyes<\/li>\n<li>Reims<\/li>\n<li>Metz<\/li>\n<li>Strasbourg<\/li>\n<li>Mulhouse<\/li>\n<li>Nancy<\/li>\n<\/ul>\n<h3 style=\"text-align: justify;\">Pour les personnes en recherche d&#8217;emploi<\/h3>\n<p class=\"amp-wp-7d27179\" style=\"text-align: justify;\" data-amp-original-style=\"text-align: justify;\">En tant que demandeur d\u2019emploi, il est possible d\u2019acc\u00e9der \u00e0 des offres d\u2019 aides \u00e0 la mobilit\u00e9. La Compagnie des transports du Bas-Rhin \u00a0permet aux demandeurs d\u2019emploi de voyager\u00a0gratuitement via ses bus, tramways et TER. Ses voyages se font sans conditions de ressources et pour une dur\u00e9e de six mois. Pour pouvoir en b\u00e9n\u00e9ficier, il faut se rendre \u00e0 l\u2019agence commerciale, situ\u00e9e \u00e0 Strasbourg.<\/p>\n<p class=\"amp-wp-7d27179\" style=\"text-align: justify;\" data-amp-original-style=\"text-align: justify;\">Une deuxi\u00e8me offre disponible est le Billet Emploi-Formation. Pour un entretien d\u2019embauche ou un concours, vous pouvez b\u00e9n\u00e9ficier d\u2019une r\u00e9duction de 80 euros sur les billets de TER. Pour en b\u00e9n\u00e9ficier, il faut se rendre en gare avec un justificatif.<\/p>\n<p style=\"text-align: justify;\" data-amp-original-style=\"text-align: justify;\"><div class='cta-block'><div class='text'>Simulez toutes vos aides en 2 min.<\/div><a href='https:\/\/www.mes-allocs.fr\/ab-app?origin=guides\/wp-json\/wp\/v2\/posts\/32735' class='app-button fit'>Simulation gratuite<\/a><\/div><\/p>\n<h2 style=\"text-align: justify;\" data-amp-original-style=\"text-align: justify;\">Les aides au transport en \u00cele-de-France<\/h2>\n<h3 style=\"text-align: justify;\"><span id=\"Laide_au_transport_pour_les_demandeurs_d_emploi_en_Ile-de-France\">L\u2019aide au transport pour les demandeurs d\u2019emploi\u00a0<\/span><\/h3>\n<p class=\"amp-wp-7d27179\" style=\"text-align: justify;\" data-amp-original-style=\"text-align: justify;\">La <a href=\"https:\/\/www.mes-allocs.fr\/guides\/aide-au-transport\/aide-au-transport-conseil-regional\/aide-transport-ile-de-france\/\">r\u00e9gion \u00cele-de-France<\/a> a mis en place un dispositif d\u2019aide pour les personnes en recherche d\u2019emploi. Elle concerne principalement les transports en commun.<\/p>\n<p class=\"amp-wp-7d27179\" style=\"text-align: justify;\" data-amp-original-style=\"text-align: justify;\">Pour l\u2019organisme P\u00f4le Emploi, les aides financi\u00e8res sont \u00e9quivalentes \u00e0 celles pr\u00e9sentes sur le territoire. En effet, il s\u2019agit de l\u2019aide \u00e0 la mobilit\u00e9. Elle vise \u00e0 accompagner le b\u00e9n\u00e9ficiaire dans sa recherche d\u2019emploi. Voici les trois formes:<\/p>\n<ul style=\"text-align: justify;\">\n<li>L\u2019ensemble des frais de transport<\/li>\n<li>Les frais d\u2019h\u00e9bergement<\/li>\n<li>Tout les frais de repas<\/li>\n<\/ul>\n<h4 style=\"text-align: justify;\"><span id=\"Le_forfait_Navigo_gratuite\">Le forfait Navigo gratuit\u00e9<\/span><\/h4>\n<p class=\"amp-wp-7d27179\" style=\"text-align: justify;\" data-amp-original-style=\"text-align: justify;\">Ce forfait Navigo a \u00e9t\u00e9 sp\u00e9cialement con\u00e7u pour les personnes b\u00e9n\u00e9ficiaires du RSA et de la couverture maladie universelle compl\u00e9mentaire (qui est devenu la compl\u00e9mentaire sant\u00e9 solidaire). Il permet \u00e0 ces personnes de voyager gratuitement sur l\u2019ensemble du r\u00e9seau fracillien quelque soit les zones (1-5).<\/p>\n<p class=\"amp-wp-7d27179\" style=\"text-align: justify;\" data-amp-original-style=\"text-align: justify;\">Ce format de gratuit\u00e9 des transports est uniquement d\u00e9livr\u00e9 avec le forfait Navigo classique. La validit\u00e9 du pass est de trois mois et est renouvelable tant que les conditions d\u2019attributions sont remplies.<\/p>\n<p class=\"amp-wp-7d27179\" style=\"text-align: justify;\" data-amp-original-style=\"text-align: justify;\">Pour y souscrire, il faut se rendre sur le site internet de Solidarit\u00e9 Transport ou contacter le 0800 948 999.<\/p>\n<h4 style=\"text-align: justify;\"><span id=\"Les_reductions_Solidarite_Transport\">Les r\u00e9ductions Solidarit\u00e9 Transport<\/span><\/h4>\n<p class=\"amp-wp-7d27179\" style=\"text-align: justify;\" data-amp-original-style=\"text-align: justify;\">Ce dispositif de r\u00e9ductions sur les transports publics est r\u00e9serv\u00e9 aux titulaires de l\u2019allocation de solidarit\u00e9 sp\u00e9cifique. La tarification solidarit\u00e9 transport existe sous deux formes:<\/p>\n<ul style=\"text-align: justify;\">\n<li>Une premi\u00e8re r\u00e9duction de 75% sur les prix des forfaits Navigo hebdomadaires ou mensuels<\/li>\n<li>Une r\u00e9duction de 50% sur les carnets de billets (valable sur le r\u00e9seau SNCF et RATP)<\/li>\n<\/ul>\n<p style=\"text-align: justify;\"><div class='cta-block'><div class='text'>Simulez votre toutes vos aides en 2 min.<\/div><a href='https:\/\/www.mes-allocs.fr\/ab-app?origin=guides\/wp-json\/wp\/v2\/posts\/32735' class='app-button fit'>Simulation gratuite<\/a><\/div><\/p>\n<h3 style=\"text-align: justify;\">Les aides au transport pour les jeunes en Ile-de-France<\/h3>\n<p class=\"amp-wp-7d27179\" style=\"text-align: justify;\" data-amp-original-style=\"text-align: justify;\">L\u2019aide au transport pour les jeunes diff\u00e8re en peu de choses \u00e0 celle pour les \u00e9tudiants. Elle prend simplement en crit\u00e8re principal l\u2019\u00e2ge du b\u00e9n\u00e9ficiaire. Voici les diff\u00e9rentes aides:<\/p>\n<ul style=\"text-align: justify;\">\n<li>Le Pass Navigo Jeunes<\/li>\n<li>Gratuit\u00e9 du V\u00e9llib\u2019<\/li>\n<\/ul>\n<div class=\"___STag_a9dhv_gg_ ___STag_90cy7_gg_ __size_90cy7_gg_ __size_m_90cy7_gg_ __theme_a9dhv_gg_ __theme_90cy7_gg_ __theme_secondary-muted_90cy7_gg_ amp-wp-7d27179\" style=\"text-align: justify;\" data-ui-name=\"Tag\" data-amp-original-style=\"text-align: justify;\">Pour les coll\u00e9giens et lyc\u00e9ens r\u00e9sidant dans Paris intra-muros, le forfait Navigo est divis\u00e9 de moiti\u00e9. La r\u00e9duction est possible via un remboursement.<\/div>\n<div class=\"amp-wp-7d27179\" style=\"text-align: justify;\" data-ui-name=\"Tag\" data-amp-original-style=\"text-align: justify;\">Pour les jeunes \u00e9l\u00e8ves de Troisi\u00e8me, il est m\u00eame possible de se faire rembourser une mensualit\u00e9 du forfait dans le cadre du stage d\u2019observation professionnelle obligatoire.<\/div>\n<p class=\"amp-wp-7d27179\" style=\"text-align: justify;\" data-amp-original-style=\"text-align: justify;\">Les offres de transport concernent aussi bien la RATP ou la SNCF pour le Pass Navigo. Pour la gratuit\u00e9 des V\u00e9lib\u2019, les adolescents qui ont entre 14 et 18 ans voient leur abonnement \u00eatre int\u00e9gralement pris en charge par la municipalit\u00e9. Il suffit simplement de r\u00e9sider dans Paris.<\/p>\n<p class=\"amp-wp-7d27179\" style=\"text-align: justify;\" data-amp-original-style=\"text-align: justify;\">En dehors de ces r\u00e9ductions, il existe d\u2019autres offres:<\/p>\n<ul style=\"text-align: justify;\">\n<li>La carte Avantage ( r\u00e9duction de 30% sur les TGVet TER )<\/li>\n<li>L\u2019abonnement TGV Max ( Voyage en illimit\u00e9 dans les TGV pour 79 \u20ac\/ mois)<\/li>\n<\/ul>\n<h1>Quelles sont les d\u00e9marches pour b\u00e9n\u00e9ficier des aides du Conseil r\u00e9gional ?<\/h1>\n<h2>Comment faire une demande d&rsquo;aide au transport ?<\/h2>\n<p>Pour b\u00e9n\u00e9ficier des aides au transport dans votre r\u00e9gion, la premi\u00e8re \u00e9tape est de faire une demande. Les proc\u00e9dures peuvent varier d&rsquo;une r\u00e9gion \u00e0 l&rsquo;autre, mais g\u00e9n\u00e9ralement, vous devrez suivre ces \u00e9tapes :<\/p>\n<ol>\n<li>Renseignez-vous : informez-vous sur les aides disponibles dans votre r\u00e9gion en consultant le site web de la r\u00e9gion, en contactant les autorit\u00e9s locales ou en visitant les guichets d&rsquo;information.<\/li>\n<li>Remplissez le formulaire : obtenez le formulaire de demande correspondant \u00e0 l&rsquo;aide qui vous int\u00e9resse. Il peut \u00eatre disponible en ligne ou en version papier dans les points d&rsquo;accueil d\u00e9di\u00e9s.<\/li>\n<li>Rassemblez les documents : pr\u00e9parez les pi\u00e8ces justificatives requises, telles que des preuves de domicile, de revenus ou de situation (carte d&rsquo;\u00e9tudiant, attestation de demandeur d&#8217;emploi, etc.).<\/li>\n<li>Soumettez votre demande : envoyez votre demande d&rsquo;aide compl\u00e8te selon les instructions sp\u00e9cifiques de votre r\u00e9gion. Assurez-vous de respecter les d\u00e9lais de candidature.<\/li>\n<\/ol>\n<h2>Les crit\u00e8res d&rsquo;\u00e9ligibilit\u00e9 \u00e0 respecter<\/h2>\n<p>Chaque aide au transport a ses propres crit\u00e8res d&rsquo;\u00e9ligibilit\u00e9. Il est essentiel de les comprendre avant de faire votre demande. Les crit\u00e8res peuvent inclure des aspects tels que le lieu de r\u00e9sidence, les revenus, l&rsquo;\u00e2ge, la situation professionnelle, etc. Assurez-vous de r\u00e9pondre \u00e0 ces crit\u00e8res pour maximiser vos chances d&rsquo;obtenir l&rsquo;aide.<\/p>\n<h2>Les pi\u00e8ces justificatives n\u00e9cessaires<\/h2>\n<p>Les autorit\u00e9s r\u00e9gionales exigent g\u00e9n\u00e9ralement des pi\u00e8ces justificatives pour v\u00e9rifier votre \u00e9ligibilit\u00e9. Les documents couramment demand\u00e9s peuvent inclure :<\/p>\n<ul>\n<li>Une copie de votre carte d&rsquo;identit\u00e9 ou de votre titre de s\u00e9jour<\/li>\n<li>Un justificatif de domicile (facture d&rsquo;\u00e9lectricit\u00e9, quittance de loyer, etc.)<\/li>\n<li>Des preuves de revenus (avis d&rsquo;imposition, bulletins de salaire, etc.)<\/li>\n<li>Des documents sp\u00e9cifiques \u00e0 votre situation (carte d&rsquo;\u00e9tudiant, certificat de demandeur d&#8217;emploi, etc.)<\/li>\n<li>Le formulaire de demande d\u00fbment rempli<\/li>\n<\/ul>\n<p>En respectant ces \u00e9tapes et en fournissant les documents requis, vous augmenterez vos chances de recevoir l&rsquo;aide au transport r\u00e9gionale qui vous convient. Assurez-vous de v\u00e9rifier les sp\u00e9cificit\u00e9s de votre r\u00e9gion pour garantir une demande r\u00e9ussie.<\/p>\n<p>En cas de besoin, un expert de l&rsquo;\u00e9quipe Mes Allocs peut <a href=\"https:\/\/www.mes-allocs.fr\/souscription\" target=\"_blank\" rel=\"noopener\">vous accompagner<\/a> dans ces d\u00e9marches pour vous faire gagner du temps et de l&rsquo;argent.<\/p>\n<h1><strong>Quel est l&rsquo;impact social et \u00e9conomique des aides r\u00e9gionales au transport ?<\/strong><\/h1>\n<h2>Discussion de l&rsquo;impact global des aides r\u00e9gionales au transport sur la soci\u00e9t\u00e9 et l&rsquo;\u00e9conomie<\/h2>\n<p>Les aides r\u00e9gionales au transport jouent un r\u00f4le significatif dans le d\u00e9veloppement socio-\u00e9conomique des r\u00e9gions. Elles contribuent de mani\u00e8re essentielle \u00e0 l&rsquo;am\u00e9lioration de la qualit\u00e9 de vie des citoyens en facilitant leur mobilit\u00e9 au quotidien. Cet impact global englobe divers aspects :<\/p>\n<ul>\n<li><em>Stimulation de l&#8217;emploi<\/em> : en am\u00e9liorant l&rsquo;accessibilit\u00e9 aux emplois, les aides au transport favorisent l&#8217;emploi et la croissance \u00e9conomique r\u00e9gionale. Les travailleurs peuvent acc\u00e9der plus facilement aux zones industrielles ou aux centres-villes, \u00e9largissant ainsi leurs opportunit\u00e9s professionnelles.<\/li>\n<li><em>\u00c9conomies financi\u00e8res<\/em> : les r\u00e9ductions tarifaires et les incitations au covoiturage r\u00e9duisent la pression financi\u00e8re sur les m\u00e9nages, laissant plus d&rsquo;argent disponible pour d&rsquo;autres besoins essentiels, ce qui stimule la demande locale.<\/li>\n<li><em>Mobilit\u00e9 accrue<\/em> : ces aides contribuent \u00e0 la mobilit\u00e9 de la population, garantissant un acc\u00e8s aux services essentiels tels que les soins de sant\u00e9, l&rsquo;\u00e9ducation et les loisirs. Cela r\u00e9duit les in\u00e9galit\u00e9s d&rsquo;acc\u00e8s aux opportunit\u00e9s et aux services.<\/li>\n<\/ul>\n<h2>Importance de la mobilit\u00e9 pour l&rsquo;acc\u00e8s \u00e0 l&#8217;emploi, \u00e0 l&rsquo;\u00e9ducation et aux services de sant\u00e9<\/h2>\n<p>L&rsquo;acc\u00e8s \u00e0 l&#8217;emploi, \u00e0 l&rsquo;\u00e9ducation et aux services de sant\u00e9 d\u00e9pend largement de la mobilit\u00e9. Les aides r\u00e9gionales au transport jouent un r\u00f4le essentiel dans la promotion de ces acc\u00e8s :<\/p>\n<ul>\n<li><em>Acc\u00e8s \u00e0 l&#8217;emploi<\/em> : une mobilit\u00e9 facilit\u00e9e signifie que les travailleurs peuvent chercher des emplois dans un rayon plus large, correspondant \u00e0 leurs comp\u00e9tences et \u00e0 leurs aspirations. Cela encourage la flexibilit\u00e9 sur le march\u00e9 du travail.<\/li>\n<li><em>Acc\u00e8s \u00e0 l&rsquo;\u00e9ducation<\/em> : les \u00e9tudiants, en particulier ceux des zones rurales, peuvent acc\u00e9der plus facilement aux \u00e9tablissements d&rsquo;enseignement sup\u00e9rieur, \u00e9largissant ainsi leurs perspectives d&rsquo;apprentissage et d&#8217;emploi.<\/li>\n<li><em>Acc\u00e8s aux services de sant\u00e9<\/em> : pour les patients vivant dans des zones \u00e9loign\u00e9es des centres m\u00e9dicaux, les aides au transport permettent de recevoir des soins m\u00e9dicaux essentiels plus rapidement, ce qui peut sauver des vies.<\/li>\n<\/ul>\n<h2>La contribution \u00e0 la r\u00e9duction des in\u00e9galit\u00e9s territoriales<\/h2>\n<p>Les aides r\u00e9gionales au transport sont un outil crucial pour r\u00e9duire les in\u00e9galit\u00e9s territoriales. En garantissant que m\u00eame les zones moins dens\u00e9ment peupl\u00e9es ou \u00e9loign\u00e9es des centres urbains aient acc\u00e8s \u00e0 des options de transport abordables et efficaces, elles att\u00e9nuent les disparit\u00e9s entre les r\u00e9gions.<\/p>\n<p>Cela renforce la coh\u00e9sion sociale et favorise un d\u00e9veloppement \u00e9quilibr\u00e9 sur le territoire, garantissant que personne ne soit laiss\u00e9 pour compte. En somme, ces aides renforcent le tissu social et \u00e9conomique des r\u00e9gions, contribuant ainsi \u00e0 une soci\u00e9t\u00e9 plus \u00e9quitable et prosp\u00e8re.<\/p>\n<p>D\u00e9couvrez les <a href=\"https:\/\/www.mes-allocs.fr\/guides\/aide-au-transport\/aide-au-transport-conseil-general\/\">aides du Conseil g\u00e9n\u00e9ral<\/a> !<\/p>\n<p style=\"text-align: justify;\"><div class='cta-block'><div class='text'>Simulez toutes vos aides en 2 min.<\/div><a href='https:\/\/www.mes-allocs.fr\/ab-app?origin=guides\/wp-json\/wp\/v2\/posts\/32735' class='app-button fit'>Simulation gratuite<\/a><\/div><\/p>\n","protected":false},"excerpt":{"rendered":"<p>Sur le territoire fran\u00e7ais, de nombreuses aides au transport existent. Elles s&rsquo;adressent \u00e0 diff\u00e9rentes cat\u00e9gories de personnes. Ces aides peuvent \u00eatre distribu\u00e9es par des organismes tels que P\u00f4le Emploi ou encore le Conseil d\u00e9partemental. D\u00e9couvrez maintenant toutes les aides au transport du Conseil r\u00e9gional ! En quoi consiste les aides au transport du Conseil r\u00e9gional [&hellip;]<\/p>\n","protected":false},"author":6,"featured_media":32736,"comment_status":"open","ping_status":"open","sticky":false,"template":"","format":"standard","meta":{"amp_status":"","footnotes":""},"categories":[5332],"tags":[],"class_list":["post-32735","post","type-post","status-publish","format-standard","has-post-thumbnail","hentry","category-aide-au-transport"],"yoast_head":"<!-- This site is optimized with the Yoast SEO plugin v14.9 - https:\/\/yoast.com\/wordpress\/plugins\/seo\/ -->\n<title>Les aides au transport du Conseil r\u00e9gional | Mes-Allocs.fr<\/title>\n<meta name=\"description\" content=\"Pour le transport, vous pouvez b\u00e9n\u00e9ficier d&#039;aides accord\u00e9es par le Conseil R\u00e9gional. L&#039;\u00e9quipe de Mes Allocs vous pr\u00e9sente ces aides !\" \/>\n<meta name=\"robots\" content=\"index, follow, max-snippet:-1, max-image-preview:large, max-video-preview:-1\" \/>\n<link rel=\"canonical\" href=\"https:\/\/www.mes-allocs.fr\/guides\/aide-au-transport\/aide-au-transport-conseil-regional\/\" \/>\n<meta property=\"og:locale\" content=\"fr_FR\" \/>\n<meta property=\"og:type\" content=\"article\" \/>\n<meta property=\"og:title\" content=\"Les aides au transport du Conseil r\u00e9gional | Mes-Allocs.fr\" \/>\n<meta property=\"og:description\" content=\"Pour le transport, vous pouvez b\u00e9n\u00e9ficier d&#039;aides accord\u00e9es par le Conseil R\u00e9gional. L&#039;\u00e9quipe de Mes Allocs vous pr\u00e9sente ces aides !\" \/>\n<meta property=\"og:url\" content=\"https:\/\/www.mes-allocs.fr\/guides\/aide-au-transport\/aide-au-transport-conseil-regional\/\" \/>\n<meta property=\"og:site_name\" content=\"Mes-Allocs.fr\" \/>\n<meta property=\"article:published_time\" content=\"2021-07-16T14:15:00+00:00\" \/>\n<meta property=\"article:modified_time\" content=\"2025-07-17T08:09:54+00:00\" \/>\n<meta property=\"og:image\" content=\"https:\/\/www.mes-allocs.fr\/guides\/wp-content\/uploads\/2021\/07\/station--e1694087210211.jpg?wsr\" \/>\n\t<meta property=\"og:image:width\" content=\"1260\" \/>\n\t<meta property=\"og:image:height\" content=\"286\" \/>\n<meta name=\"twitter:card\" content=\"summary_large_image\" \/>\n<script type=\"application\/ld+json\" class=\"yoast-schema-graph\">{\"@context\":\"https:\/\/schema.org\",\"@graph\":[{\"@type\":\"WebSite\",\"@id\":\"https:\/\/www.mes-allocs.fr\/guides\/#website\",\"url\":\"https:\/\/www.mes-allocs.fr\/guides\/\",\"name\":\"Mes-Allocs.fr\",\"description\":\"\",\"potentialAction\":[{\"@type\":\"SearchAction\",\"target\":\"https:\/\/www.mes-allocs.fr\/guides\/?s={search_term_string}\",\"query-input\":\"required name=search_term_string\"}],\"inLanguage\":\"fr-FR\"},{\"@type\":\"ImageObject\",\"@id\":\"https:\/\/www.mes-allocs.fr\/guides\/aide-au-transport\/aide-au-transport-conseil-regional\/#primaryimage\",\"inLanguage\":\"fr-FR\",\"url\":\"https:\/\/www.mes-allocs.fr\/guides\/wp-content\/uploads\/2021\/07\/station--e1694087210211.jpg?wsr\",\"width\":1260,\"height\":286,\"caption\":\"aide au transport conseil regional\"},{\"@type\":\"WebPage\",\"@id\":\"https:\/\/www.mes-allocs.fr\/guides\/aide-au-transport\/aide-au-transport-conseil-regional\/#webpage\",\"url\":\"https:\/\/www.mes-allocs.fr\/guides\/aide-au-transport\/aide-au-transport-conseil-regional\/\",\"name\":\"Les aides au transport du Conseil r\\u00e9gional | Mes-Allocs.fr\",\"isPartOf\":{\"@id\":\"https:\/\/www.mes-allocs.fr\/guides\/#website\"},\"primaryImageOfPage\":{\"@id\":\"https:\/\/www.mes-allocs.fr\/guides\/aide-au-transport\/aide-au-transport-conseil-regional\/#primaryimage\"},\"datePublished\":\"2021-07-16T14:15:00+00:00\",\"dateModified\":\"2025-07-17T08:09:54+00:00\",\"author\":{\"@id\":\"https:\/\/www.mes-allocs.fr\/guides\/#\/schema\/person\/0ecd61a8600573914d00d970a588c024\"},\"description\":\"Pour le transport, vous pouvez b\\u00e9n\\u00e9ficier d'aides accord\\u00e9es par le Conseil R\\u00e9gional. L'\\u00e9quipe de Mes Allocs vous pr\\u00e9sente ces aides !\",\"inLanguage\":\"fr-FR\"},{\"@type\":\"Person\",\"@id\":\"https:\/\/www.mes-allocs.fr\/guides\/#\/schema\/person\/0ecd61a8600573914d00d970a588c024\",\"name\":\"Jonathan\",\"image\":{\"@type\":\"ImageObject\",\"@id\":\"https:\/\/www.mes-allocs.fr\/guides\/#personlogo\",\"inLanguage\":\"fr-FR\",\"url\":\"https:\/\/www.mes-allocs.fr\/guides\/wp-content\/uploads\/2021\/06\/jonathan-150x150.png\",\"caption\":\"Jonathan\"},\"description\":\"Jonathan est r\\u00e9dacteur au sein de l'\\u00e9quipe Mes Allocs, sp\\u00e9cialis\\u00e9 sur les sujets li\\u00e9s au handicap. Dipl\\u00f4m\\u00e9e de l'UPEM, il rejoint Mes Allocs apr\\u00e8s avoir travaill\\u00e9 \\u00e0 l'association AEDE qui accompagne les adultes en situation de handicap. Quand il n'\\u00e9crit pas, on peut le retrouver sur un terrain de basket.\",\"sameAs\":[\"https:\/\/www.linkedin.com\/in\/jonathan-bambela-8637861b7\"]}]}<\/script>\n<!-- \/ Yoast SEO plugin. -->","amp_validity":null,"acf":{"faq":{"1":{"question":"Le Pass Navigo me permet-il de me d\u00e9placer dans toute la France ?","answer":"Non, le Pass Navigo est pr\u00e9vu pour voyager sur l'ensemble du territoire francilien"},"2":{"question":"La gratuit\u00e9 des transports existe-t-elle en \u00cele de France ?","answer":"Oui, la gratuit\u00e9 des transports existe sous forme d'exon\u00e9ration ou de remboursement et selon notre statut."},"3":{"question":"Existe-il des aides pour les ch\u00f4meurs?","answer":"Oui, P\u00f4le Emploi aide les demandeurs d'emploi dans leurs recherches. Cela passe notamment par des aides pour se d\u00e9placer"},"4":{"question":"Les aides sont-elles disponibles dans toutes les r\u00e9gions ?","answer":"La plupart des r\u00e9gions ont un syst\u00e8me d'aide au transport mais elles peuvent varier d'une r\u00e9gion \u00e0 une autre."},"5":{"question":"L'aide au transport concerne-t-elle tous les transports?","answer":"Oui, elle concerne tout type de transport. Cependant, selon le transport, il faut s'adresser \u00e0 diff\u00e9rents organismes."},"6":{"question":"L'aide au transport pour les salari\u00e9s concerne-t-elle tous les transports? ","answer":"Les aides obligatoires ne concernent pas tous les transports mais certaines facultatives oui."},"7":{"question":"","answer":""},"8":{"question":"","answer":""},"9":{"question":"","answer":""},"10":{"question":"","answer":""},"11":{"question":"","answer":""},"12":{"question":"","answer":""},"13":{"question":"","answer":""},"14":{"question":"","answer":""},"15":{"question":"","answer":""},"16":{"question":"","answer":""}}},"_links":{"self":[{"href":"https:\/\/www.mes-allocs.fr\/guides\/wp-json\/wp\/v2\/posts\/32735","targetHints":{"allow":["GET"]}}],"collection":[{"href":"https:\/\/www.mes-allocs.fr\/guides\/wp-json\/wp\/v2\/posts"}],"about":[{"href":"https:\/\/www.mes-allocs.fr\/guides\/wp-json\/wp\/v2\/types\/post"}],"author":[{"embeddable":true,"href":"https:\/\/www.mes-allocs.fr\/guides\/wp-json\/wp\/v2\/users\/6"}],"replies":[{"embeddable":true,"href":"https:\/\/www.mes-allocs.fr\/guides\/wp-json\/wp\/v2\/comments?post=32735"}],"version-history":[{"count":18,"href":"https:\/\/www.mes-allocs.fr\/guides\/wp-json\/wp\/v2\/posts\/32735\/revisions"}],"predecessor-version":[{"id":102415,"href":"https:\/\/www.mes-allocs.fr\/guides\/wp-json\/wp\/v2\/posts\/32735\/revisions\/102415"}],"wp:featuredmedia":[{"embeddable":true,"href":"https:\/\/www.mes-allocs.fr\/guides\/wp-json\/wp\/v2\/media\/32736"}],"wp:attachment":[{"href":"https:\/\/www.mes-allocs.fr\/guides\/wp-json\/wp\/v2\/media?parent=32735"}],"wp:term":[{"taxonomy":"category","embeddable":true,"href":"https:\/\/www.mes-allocs.fr\/guides\/wp-json\/wp\/v2\/categories?post=32735"},{"taxonomy":"post_tag","embeddable":true,"href":"https:\/\/www.mes-allocs.fr\/guides\/wp-json\/wp\/v2\/tags?post=32735"}],"curies":[{"name":"wp","href":"https:\/\/api.w.org\/{rel}","templated":true}]}}