{"id":32646,"date":"2021-07-15T11:26:27","date_gmt":"2021-07-15T09:26:27","guid":{"rendered":"https:\/\/www.mes-allocs.fr\/guides\/?p=32646"},"modified":"2025-07-09T14:56:26","modified_gmt":"2025-07-09T12:56:26","slug":"probleme-prime-a-la-conversion","status":"publish","type":"post","link":"https:\/\/www.mes-allocs.fr\/guides\/prime-a-la-conversion\/probleme-prime-a-la-conversion\/","title":{"rendered":"Que faire en cas de probl\u00e8me li\u00e9 \u00e0 la prime \u00e0 la conversion ?"},"content":{"rendered":"<p><img loading=\"lazy\" decoding=\"async\" class=\"aligncenter wp-image-32649 \" title=\"proble\u0300me prime a\u0300 la conversion\" src=\"https:\/\/www.mes-allocs.fr\/guides\/wp-content\/uploads\/2021\/07\/proble\u0300me-prime-a\u0300-la-conversion--e1693473199827.jpg\" alt=\"proble\u0300me prime a\u0300 la conversion\" width=\"1374\" height=\"233\" srcset=\"https:\/\/www.mes-allocs.fr\/guides\/wp-content\/uploads\/2021\/07\/proble\u0300me-prime-a\u0300-la-conversion--e1693473199827.jpg 1280w, https:\/\/www.mes-allocs.fr\/guides\/wp-content\/uploads\/2021\/07\/proble\u0300me-prime-a\u0300-la-conversion--e1693473199827-300x51.jpg 300w, https:\/\/www.mes-allocs.fr\/guides\/wp-content\/uploads\/2021\/07\/proble\u0300me-prime-a\u0300-la-conversion--e1693473199827-1024x174.jpg 1024w, https:\/\/www.mes-allocs.fr\/guides\/wp-content\/uploads\/2021\/07\/proble\u0300me-prime-a\u0300-la-conversion--e1693473199827-768x130.jpg 768w, https:\/\/www.mes-allocs.fr\/guides\/wp-content\/uploads\/2021\/07\/proble\u0300me-prime-a\u0300-la-conversion--e1693473199827-600x102.jpg 600w\" sizes=\"auto, (max-width: 1374px) 100vw, 1374px\" \/><\/p>\n<p><strong>La <a href=\"https:\/\/www.mes-allocs.fr\/guides\/prime-a-la-conversion\/\">prime \u00e0 la conversion<\/a> est un dispositif qui a \u00e9t\u00e9 mis en place pour encourager \u00e0 rouler avec un v\u00e9hicule peu polluant. Cette aide peut \u00eatre attribu\u00e9e pour une location d&rsquo;un v\u00e9hicule, ou pour acheter un v\u00e9hicule neuf ou d&rsquo;occasion. Plusieurs \u00e9l\u00e9ments sont pris en compte pour d\u00e9terminer vos droits. Mes Allocs vous explique que faire en cas de probl\u00e8me \u00e0 la prime \u00e0 la conversion.<\/strong><\/p>\n<div class='cta-block'><div class='text'>Simulez toutes vos aides en 2 min.<\/div><a href='https:\/\/www.mes-allocs.fr\/ab-app?origin=guides\/wp-json\/wp\/v2\/posts\/32646' class='app-button fit'>Simulation gratuite<\/a><\/div>\n<p class=\"p1\"><div class='shortcode disclaimer'><div class='title'>Attention<\/div><div class='content'>La prime \u00e0 la conversion n\u2019est plus disponible depuis d\u00e9cembre 2024. Apr\u00e8s cette date, il n\u2019est plus possible d\u2019en b\u00e9n\u00e9ficier, que ce soit pour les particuliers ou les professionnels. <\/div><\/div><\/p>\n<h1>Les probl\u00e8mes li\u00e9s \u00e0 la prime \u00e0 la conversion<\/h1>\n<h2>Quels sont les probl\u00e8mes actuels li\u00e9s \u00e0 la prime \u00e0 la conversion ?<\/h2>\n<p><strong>La complexit\u00e9 administrative<\/strong> : la prime \u00e0 la conversion peut parfois \u00eatre per\u00e7ue comme complexe en raison des diff\u00e9rentes conditions et d\u00e9marches \u00e0 suivre pour en b\u00e9n\u00e9ficier. Certains propri\u00e9taires de v\u00e9hicules \u00e9ligibles peuvent \u00eatre d\u00e9courag\u00e9s par les <a href=\"https:\/\/www.mes-allocs.fr\/guides\/prime-a-la-conversion\/prime-a-la-conversion-dossier\/\">formalit\u00e9s administratives<\/a>.<\/p>\n<p><strong>Les montants insuffisants<\/strong> : certains critiques estiment que les <a href=\"https:\/\/www.mes-allocs.fr\/guides\/prime-a-la-conversion\/montant-prime-a-la-conversion\/\">montants de la prime \u00e0 la conversion<\/a> ne sont pas suffisamment incitatifs pour encourager les propri\u00e9taires de v\u00e9hicules anciens \u00e0 les remplacer. Ils sugg\u00e8rent d&rsquo;augmenter les montants pour rendre l&rsquo;incitation plus attractive.<\/p>\n<p><strong>Les limitations de l&rsquo;\u00e9ligibilit\u00e9<\/strong> : les <a href=\"https:\/\/www.mes-allocs.fr\/guides\/prime-a-la-conversion\/conditions-prime-a-la-conversion\/\">crit\u00e8res d&rsquo;\u00e9ligibilit\u00e9<\/a> peuvent exclure certains v\u00e9hicules qui pourraient b\u00e9n\u00e9ficier de la prime \u00e0 la conversion. Par exemple, les v\u00e9hicules immatricul\u00e9s apr\u00e8s une certaine date peuvent \u00eatre exclus, m\u00eame s&rsquo;ils sont relativement anciens et polluants.<\/p>\n<h2>Quelles sont les solutions potentielles pour r\u00e9soudre les probl\u00e8mes li\u00e9s \u00e0 prime \u00e0 la conversion ?<\/h2>\n<p>1. <strong>La simplification des d\u00e9marches administratives<\/strong> : il serait b\u00e9n\u00e9fique de simplifier les proc\u00e9dures et de rendre les d\u00e9marches plus accessibles. Cela pourrait \u00eatre r\u00e9alis\u00e9 en simplifiant les formulaires de demande, en offrant un soutien en ligne ou en mettant en place des guichets uniques pour faciliter le processus.<\/p>\n<p>2. <strong>L&rsquo;augmentation des montants de la prime<\/strong> : une augmentation des montants de la prime \u00e0 la conversion pourrait rendre l&rsquo;incitation plus attrayante pour les propri\u00e9taires de v\u00e9hicules anciens. Cela pourrait encourager davantage de personnes \u00e0 opter pour des v\u00e9hicules plus propres et plus respectueux de l&rsquo;environnement.<\/p>\n<p>3. <strong>La r\u00e9vision des crit\u00e8res d&rsquo;\u00e9ligibilit\u00e9<\/strong> : une r\u00e9vision des crit\u00e8res d&rsquo;\u00e9ligibilit\u00e9 pourrait permettre d&rsquo;inclure davantage de v\u00e9hicules anciens et polluants dans le programme. Cela pourrait \u00eatre fait en ajustant les dates d&rsquo;immatriculation ou en prenant en compte d&rsquo;autres facteurs tels que le kilom\u00e9trage ou le niveau de pollution r\u00e9el du v\u00e9hicule.<\/p>\n<div class='cta-block'><div class='text'>Simulez toutes vos aides en 2 min.<\/div><a href='https:\/\/www.mes-allocs.fr\/ab-app?origin=guides\/wp-json\/wp\/v2\/posts\/32646' class='app-button fit'>Simulation gratuite<\/a><\/div>\n<h1>Les conditions pour b\u00e9n\u00e9ficier de la prime \u00e0 la conversion en 2025<\/h1>\n<h2>Les crit\u00e8res relatifs \u00e0 votre personne<\/h2>\n<p>Si vous voulez \u00eatre b\u00e9n\u00e9ficiaire de la prime \u00e0 la conversion, vous devrez respecter un certain nombre de conditions, \u00e0 savoir :<\/p>\n<ul>\n<li>\u00catre domicili\u00e9 en France<\/li>\n<li>Le revenu fiscal de r\u00e9f\u00e9rence par part inf\u00e9rieur indiqu\u00e9 sur l\u2019avis d\u2019imposition de vos revenus de l\u2019ann\u00e9e pr\u00e9c\u00e9dente est inf\u00e9rieur ou \u00e9gal \u00e0 <strong> 24 900 \u20ac.<\/strong><\/li>\n<\/ul>\n<p><strong>\u00c0 noter : faites attention \u00e0 bien faire des mises \u00e0 jour de vos donn\u00e9es personnelles.<\/strong><\/p>\n<h2>Les conditions li\u00e9es \u00e0 votre ancien v\u00e9hicule<\/h2>\n<p>Dans le cadre d&rsquo;un v\u00e9hicule mis au rebut, pour \u00eatre b\u00e9n\u00e9ficiaire de la prime \u00e0 la conversion ce dernier doit respecter certaines conditions, \u00e0 savoir :<\/p>\n<ul>\n<li data-insertor-excluded=\"1\">L&rsquo; ancien v\u00e9hicule doit appartenir au demandeur de la prime \u00e0 la casse depuis au moins 1 an<\/li>\n<li data-insertor-excluded=\"1\">Il doit s&rsquo;agit de votre voiture ou d&rsquo;une camionnette<\/li>\n<li data-insertor-excluded=\"1\">Il doit \u00eatre immatricul\u00e9 dans l&rsquo;Hexagone, dans une s\u00e9rie normale ou avec un num\u00e9ro d&rsquo;immatriculation d\u00e9finitif<\/li>\n<li data-insertor-excluded=\"1\">Il doit avoir fait l&rsquo;objet d&rsquo;une premi\u00e8re\u00a0immatriculation avant le 1er janvier 2006\u00a0si c&rsquo;est un v\u00e9hicule essence ou avant le 1er janvier 2011 si c&rsquo;est un v\u00e9hicule diesel<\/li>\n<li data-insertor-excluded=\"1\">Il ne doit pas \u00eatre reconnu comme un v\u00e9hicule endommag\u00e9<\/li>\n<li data-insertor-excluded=\"1\">Il doit \u00eatre donn\u00e9 pour mise \u00e0 la casse \u00e0 un\u00a0centre agr\u00e9\u00e9\u00a0ou \u00e0 une installation de d\u00e9pollution et de d\u00e9montage de v\u00e9hicules hors d&rsquo;usage dans les trois mois qui pr\u00e9c\u00e8dent la facturation du nouveau v\u00e9hicule ou dans les six mois qui la suivent<\/li>\n<li data-insertor-excluded=\"1\">Il doit \u00eatre assur\u00e9 \u00e0 la date de sa remise pour destruction ou \u00e0 la date de facturation du nouveau v\u00e9hicule.<\/li>\n<\/ul>\n<h2><strong>Deux cat\u00e9gories de v\u00e9hicules non \u00e9ligibles \u00e0 la prime \u00e0 la conversion\u00a0<\/strong><\/h2>\n<ul>\n<li><strong>Tous les v\u00e9hicules diesel :<\/strong> mesure voulue par Barbara Pompili. Gr\u00e2ce \u00e0 l\u2019exclusion des v\u00e9hicules recevant la vignette Crit\u2019Air 2, plus aucun diesel, m\u00eame si ces derniers sont neufs ne pourront \u00eatre \u00e9ligibles \u00e0 la prime \u00e0 la conversion. En revanche, uniquement quelques Mercedes hybrides rechargeables aliment\u00e9es au gazole pourront en b\u00e9n\u00e9ficier (sous conditions)<\/li>\n<li><strong>Les voitures neuves essence et hybrides qui rejettent plus de 132 g\/km de CO<sub>2<\/sub>\u00a0:<\/strong> en effet, le Gouvernement a abaiss\u00e9 le seuil maximum d\u2019\u00e9missions de CO<sub>2<\/sub>. Ce dernier descend de 137 g\/km \u00e0 132 g\/km sur le cycle WLTP. Autrement dit, certains mod\u00e8les essence ou hybrides ne sont plus \u00e9ligibles au dispositif.\u00a0En revanche, la barre des 137 g\/km (ou 109 g\/km sur l\u2019ancien cycle NEDC) reste d\u2019actualit\u00e9 pour les voitures d\u2019occasion immatricul\u00e9es en France depuis plus de six mois.<\/li>\n<\/ul>\n<p><strong>\u00c0 noter : depuis le\u00a01er juin\u00a02020, vous pouvez b\u00e9n\u00e9ficier d&rsquo;une\u00a0prime\u00a0au r\u00e9trofit \u00e9lectrique pour la transformation d&rsquo;un moteur thermique en moteur \u00e9lectrique sur un v\u00e9hicule ancien.<\/strong><\/p>\n<h1>Comment demander la prime \u00e0 la conversion ?<\/h1>\n<h2><span id=\"Quels_sont_les_justificatifs_a_fournir\">Les justificatifs \u00e0 joindre au dossier\u00a0<\/span><\/h2>\n<p>Normalement au moment de l\u2019achat ou de la location de votre nouveau v\u00e9hicule la prime \u00e0 la conversion vous est propos\u00e9e par le concessionnaire.<\/p>\n<p><strong>Dans tous les cas si vous devez faire la demande de prime \u00e0 la conversion de votre c\u00f4t\u00e9 vous devrez communiquer les informations suivantes pour un dossier de\u00a0demande prime \u00e0 la conversion<\/strong><\/p>\n<ul>\n<li>Une\u00a0<strong>copie de la carte grise<\/strong>\u00a0du v\u00e9hicule d\u2019occasion<\/li>\n<li>Une copie du\u00a0certificat de cession<\/li>\n<li>D\u00e9claration du prix d\u2019acquisition toutes taxes comprises ou facture du v\u00e9hicule achet\u00e9<\/li>\n<li>Copie de la carte grise du vieux v\u00e9hicule remise pour destruction, v\u00e9hicule hors d\u2019usage vhu (la carte grise doit disposer de la mention \u00ab vendu ou c\u00e9d\u00e9 pour destruction ou \u00e0 la date pr\u00e9vue)<\/li>\n<li>Copie du\u00a0<strong>certificat de destruction<\/strong>\u00a0(Cerfa 14365*01)<\/li>\n<li>Certificat de non-gage\u00a0du <a href=\"https:\/\/www.mes-allocs.fr\/guides\/prime-a-la-conversion\/vehicules-eligibles-a-la-prime-a-la-conversion\/\">v\u00e9hicule<\/a> mis \u00e0 la casse<\/li>\n<li>Un RIB pour le versement de la prime \u00e0 la conversion<\/li>\n<li>Pour les non imposables : un avis d\u2019imposition<\/li>\n<\/ul>\n<h2>Estimez vos droits \u00e0 la prime \u00e0 la conversion<\/h2>\n<p>Comme nous l&rsquo;avons expliqu\u00e9, un certain nombre de conditions sont \u00e0 respecter pour b\u00e9n\u00e9ficier de la prime \u00e0 la conversion. Le montant n&rsquo;est pas fixe et peut varier d&rsquo;un foyer \u00e0 l&rsquo;autre selon le type de v\u00e9hicule peu polluant et le revenu fiscal de r\u00e9f\u00e9rence.<\/p>\n<p>En revanche, si vous souhaitez une estimation fiable de vos droits, vous pouvez utiliser le simulateur d&rsquo;aides sociales Mes Allocs. En deux minutes vous aurez une estimation de vos droits \u00e0 la prime \u00e0 la conversion 2024.<\/p>\n<h2>Quel est le montant de la prime \u00e0 la conversion en 2025 ?<\/h2>\n<p>Pour b\u00e9n\u00e9ficier de ces primes automobiles, vous devez mettre \u00e0 la casse une ancienne voiture. La nouvelle prime \u00e0 la reconversion vous permet de faire reprendre des voitures Crit\u2019Air 3, Crit\u2019Air 4 et Crit\u2019Air 5, soit toutes les voitures diesel dont la premi\u00e8re date d\u2019immatriculation date d\u2019avant le 1er janvier 2011, et toutes les voitures essence dont la premi\u00e8re date d\u2019immatriculation date d\u2019avant le 1er janvier 2006.<\/p>\n<p>Le v\u00e9hicule en votre possession doit \u00eatre roulant si repris \u00e0 domicile ou \u00eatre amen\u00e9 \u00e0 l\u2019agence si non roulant, non gag\u00e9, encore assur\u00e9, avec carte grise \u00e0 votre nom depuis plus de 12 mois (ou preuve d\u2019achat de plus de 12 mois).<\/p>\n<p><strong>Sont distingu\u00e9es :<\/strong><\/p>\n<ul>\n<li>Les personnes physiques avec un revenu fiscal de r\u00e9f\u00e9rence par part inf\u00e9rieur ou \u00e9gal \u00e0 6300 euros nets ou inf\u00e9rieur ou \u00e9gal \u00e0 <strong> 24 900 \u20ac<\/strong>\u00a0euros nets et \u00e9tant un gros rouleurs.<\/li>\n<li>Les personnes physiques avec un revenu fiscal de r\u00e9f\u00e9rence par part inf\u00e9rieur ou \u00e9gal \u00e0 <strong> 24 900 \u20ac<\/strong><strong>\u00a0<\/strong>nets.<\/li>\n<li>Les personnes physiques avec un revenu fiscal de r\u00e9f\u00e9rence par part sup\u00e9rieur \u00e0 <strong> 24 900 \u20ac<\/strong>\u00a0nets.<\/li>\n<li>Les personnes morales.<\/li>\n<\/ul>\n<p style=\"text-align: justify;\">Voici un tableau r\u00e9capitulatif du montant de la prime \u00e0 la conversion 2024<\/p>\n\n<div class=\"wpdt-c row wpDataTableContainerSimpleTable wpDataTables wpDataTablesWrapper\n\"\n    >\n    <table id=\"wpdtSimpleTable-349\"\n           class=\"wpdtSimpleTable wpDataTable\"\n           data-column=\"6\"\n           data-rows=\"7\"\n           data-wpID=\"349\"\n           data-responsive=\"0\"\n           data-has-header=\"1\">\n\n                    <thead>        <tr class=\"wpdt-cell-row \" style=\"height:101px;\">\n                            <th class=\"wpdt-cell wpdt-bc-8FB6D7 wpdt-bold wpdt-align-center\"\n                                    data-cell-id=\"A1\"\n                data-col-index=\"0\"\n                data-row-index=\"0\"\n                style=\" width:16.504854368932%;                padding:10px;\"\n                >\n                                V\u00e9hicules \u00e9ligibles \u00e0 acheter pour b\u00e9n\u00e9ficier de la prime \u00e0 la conversion                <\/th>\n                                            <th class=\"wpdt-cell wpdt-bc-8FB6D7 wpdt-bold wpdt-align-center\"\n                                    data-cell-id=\"B1\"\n                data-col-index=\"1\"\n                data-row-index=\"0\"\n                style=\" width:17.47572815534%;                padding:10px;\"\n                >\n                                Revenu fiscal de r\u00e9f\u00e9rence \u2264 7 100 \u20ac par part ou ceux avec un RFR\/part \u2264 14 089 \u20ac qui sont gros rouleurs (+ 60km\/jour ou +12 000 km\/an)                <\/th>\n                                            <th class=\"wpdt-cell wpdt-bc-8FB6D7 wpdt-bold wpdt-align-center\"\n                                    data-cell-id=\"C1\"\n                data-col-index=\"2\"\n                data-row-index=\"0\"\n                style=\" width:16.504854368932%;                padding:10px;\"\n                >\n                                RFR\/part \u2264 14 089 \u20ac                <\/th>\n                                            <th class=\"wpdt-cell wpdt-bc-8FB6D7 wpdt-bold wpdt-align-center\"\n                                    data-cell-id=\"D1\"\n                data-col-index=\"3\"\n                data-row-index=\"0\"\n                style=\" width:16.504854368932%;                padding:10px;\"\n                >\n                                RFR\/part > 14 089 \u20ac                <\/th>\n                                            <th class=\"wpdt-cell wpdt-bc-8FB6D7 wpdt-bold wpdt-align-center\"\n                                    data-cell-id=\"E1\"\n                data-col-index=\"4\"\n                data-row-index=\"0\"\n                style=\" width:16.504854368932%;                padding:10px;\"\n                >\n                                Personne morale (entreprise)                <\/th>\n                                            <th class=\"wpdt-cell wpdt-bc-8FB6D7 wpdt-bold wpdt-align-center\"\n                                    data-cell-id=\"F1\"\n                data-col-index=\"5\"\n                data-row-index=\"0\"\n                style=\" width:16.504854368932%;                padding:10px;\"\n                >\n                                Bonus \u00e9cologique Max                <\/th>\n                                        <\/tr>\n                    <tbody>        <tr class=\"wpdt-cell-row \" style=\"height:107px;\">\n                            <td class=\"wpdt-cell \"\n                                    data-cell-id=\"A2\"\n                data-col-index=\"0\"\n                data-row-index=\"1\"\n                style=\"                padding:10px;\"\n                >\n                                Diesel Crit'AIR 2\nimmatricul\u00e9\u00a0apr\u00e8s\u00a0le 01\/09\/2019\n(taux d'\u00e9mission CO2 \u2264 137g\/km)                <\/td>\n                                            <td class=\"wpdt-cell \"\n                                    data-cell-id=\"B2\"\n                data-col-index=\"1\"\n                data-row-index=\"1\"\n                style=\"                padding:10px;\"\n                >\n                                3000\u20ac\nlimit\u00e9 \u00e0 80% du prix du v\u00e9hicule                <\/td>\n                                            <td class=\"wpdt-cell \"\n                                    data-cell-id=\"C2\"\n                data-col-index=\"2\"\n                data-row-index=\"1\"\n                style=\"                padding:10px;\"\n                >\n                                1500\u20ac                <\/td>\n                                            <td class=\"wpdt-cell \"\n                                    data-cell-id=\"D2\"\n                data-col-index=\"3\"\n                data-row-index=\"1\"\n                style=\"                padding:10px;\"\n                >\n                                0\u20ac                <\/td>\n                                            <td class=\"wpdt-cell \"\n                                    data-cell-id=\"E2\"\n                data-col-index=\"4\"\n                data-row-index=\"1\"\n                style=\"                padding:10px;\"\n                >\n                                0\u20ac                <\/td>\n                                            <td class=\"wpdt-cell \"\n                                    data-cell-id=\"F2\"\n                data-col-index=\"5\"\n                data-row-index=\"1\"\n                style=\"                padding:10px;\"\n                >\n                                0\u20ac                <\/td>\n                                        <\/tr>\n                            <tr class=\"wpdt-cell-row \" >\n                            <td class=\"wpdt-cell \"\n                                    data-cell-id=\"A3\"\n                data-col-index=\"0\"\n                data-row-index=\"2\"\n                style=\"                padding:10px;\"\n                >\n                                Essence ou Diesel Crit'AIR 2\nimmatricul\u00e9\u00a0avant\u00a0le 01\/09\/2019                <\/td>\n                                            <td class=\"wpdt-cell \"\n                                    data-cell-id=\"B3\"\n                data-col-index=\"1\"\n                data-row-index=\"2\"\n                style=\"                padding:10px;\"\n                >\n                                0\u20ac                <\/td>\n                                            <td class=\"wpdt-cell \"\n                                    data-cell-id=\"C3\"\n                data-col-index=\"2\"\n                data-row-index=\"2\"\n                style=\"                padding:10px;\"\n                >\n                                0\u20ac                <\/td>\n                                            <td class=\"wpdt-cell \"\n                                    data-cell-id=\"D3\"\n                data-col-index=\"3\"\n                data-row-index=\"2\"\n                style=\"                padding:10px;\"\n                >\n                                0\u20ac                <\/td>\n                                            <td class=\"wpdt-cell \"\n                                    data-cell-id=\"E3\"\n                data-col-index=\"4\"\n                data-row-index=\"2\"\n                style=\"                padding:10px;\"\n                >\n                                0\u20ac                <\/td>\n                                            <td class=\"wpdt-cell \"\n                                    data-cell-id=\"F3\"\n                data-col-index=\"5\"\n                data-row-index=\"2\"\n                style=\"                padding:10px;\"\n                >\n                                0\u20ac                <\/td>\n                                        <\/tr>\n                            <tr class=\"wpdt-cell-row \" >\n                            <td class=\"wpdt-cell \"\n                                    data-cell-id=\"A4\"\n                data-col-index=\"0\"\n                data-row-index=\"3\"\n                style=\"                padding:10px;\"\n                >\n                                \u00c9lectrique Crit'AIR 0 neuf ou occasion\n(taux d'\u00e9mission CO2 \u2264 20g\/km)                <\/td>\n                                            <td class=\"wpdt-cell \"\n                                    data-cell-id=\"B4\"\n                data-col-index=\"1\"\n                data-row-index=\"3\"\n                style=\"                padding:10px;\"\n                >\n                                5000\u20ac\nlimit\u00e9 \u00e0 80% du prix du v\u00e9hicule                <\/td>\n                                            <td class=\"wpdt-cell \"\n                                    data-cell-id=\"C4\"\n                data-col-index=\"2\"\n                data-row-index=\"3\"\n                style=\"                padding:10px;\"\n                >\n                                2500\u20ac                <\/td>\n                                            <td class=\"wpdt-cell \"\n                                    data-cell-id=\"D4\"\n                data-col-index=\"3\"\n                data-row-index=\"3\"\n                style=\"                padding:10px;\"\n                >\n                                2500\u20ac                <\/td>\n                                            <td class=\"wpdt-cell \"\n                                    data-cell-id=\"E4\"\n                data-col-index=\"4\"\n                data-row-index=\"3\"\n                style=\"                padding:10px;\"\n                >\n                                2500\u20ac                <\/td>\n                                            <td class=\"wpdt-cell \"\n                                    data-cell-id=\"F4\"\n                data-col-index=\"5\"\n                data-row-index=\"3\"\n                style=\"                padding:10px;\"\n                >\n                                7000\u20ac\n(1000\u20ac pour l'occasion)                <\/td>\n                                        <\/tr>\n                            <tr class=\"wpdt-cell-row \" >\n                            <td class=\"wpdt-cell \"\n                                    data-cell-id=\"A5\"\n                data-col-index=\"0\"\n                data-row-index=\"4\"\n                style=\"                padding:10px;\"\n                >\n                                V\u00e9hicule hybride rechargeable neuf ou occasion Crit'AIR 1\nAutonomie \u00e9lectrique >50km\n(20g\/km < taux d'\u00e9mission CO2 \u2264 50g\/km)                <\/td>\n                                            <td class=\"wpdt-cell \"\n                                    data-cell-id=\"B5\"\n                data-col-index=\"1\"\n                data-row-index=\"4\"\n                style=\"                padding:10px;\"\n                >\n                                5000\u20ac\nlimit\u00e9 \u00e0 80% du prix du v\u00e9hicule                <\/td>\n                                            <td class=\"wpdt-cell \"\n                                    data-cell-id=\"C5\"\n                data-col-index=\"2\"\n                data-row-index=\"4\"\n                style=\"                padding:10px;\"\n                >\n                                2500\u20ac                <\/td>\n                                            <td class=\"wpdt-cell \"\n                                    data-cell-id=\"D5\"\n                data-col-index=\"3\"\n                data-row-index=\"4\"\n                style=\"                padding:10px;\"\n                >\n                                2500\u20ac                <\/td>\n                                            <td class=\"wpdt-cell \"\n                                    data-cell-id=\"E5\"\n                data-col-index=\"4\"\n                data-row-index=\"4\"\n                style=\"                padding:10px;\"\n                >\n                                2500\u20ac                <\/td>\n                                            <td class=\"wpdt-cell \"\n                                    data-cell-id=\"F5\"\n                data-col-index=\"5\"\n                data-row-index=\"4\"\n                style=\"                padding:10px;\"\n                >\n                                2000\u20ac\n(uniquement pour du neuf)                <\/td>\n                                        <\/tr>\n                            <tr class=\"wpdt-cell-row \" style=\"height:107px;\">\n                            <td class=\"wpdt-cell \"\n                                    data-cell-id=\"A6\"\n                data-col-index=\"0\"\n                data-row-index=\"5\"\n                style=\"                padding:10px;\"\n                >\n                                V\u00e9hicule hybride rechargeable neuf ou occasion Crit'AIR 1\nAutonomie \u00e9lectrique <50km\n(20g\/km < taux d'\u00e9mission CO2 \u2264 50g\/km)                <\/td>\n                                            <td class=\"wpdt-cell \"\n                                    data-cell-id=\"B6\"\n                data-col-index=\"1\"\n                data-row-index=\"5\"\n                style=\"                padding:10px;\"\n                >\n                                3000\u20ac\nlimit\u00e9 \u00e0 80% du prix du v\u00e9hicule                <\/td>\n                                            <td class=\"wpdt-cell \"\n                                    data-cell-id=\"C6\"\n                data-col-index=\"2\"\n                data-row-index=\"5\"\n                style=\"                padding:10px;\"\n                >\n                                1500\u20ac                <\/td>\n                                            <td class=\"wpdt-cell \"\n                                    data-cell-id=\"D6\"\n                data-col-index=\"3\"\n                data-row-index=\"5\"\n                style=\"                padding:10px;\"\n                >\n                                1500\u20ac                <\/td>\n                                            <td class=\"wpdt-cell \"\n                                    data-cell-id=\"E6\"\n                data-col-index=\"4\"\n                data-row-index=\"5\"\n                style=\"                padding:10px;\"\n                >\n                                0\u20ac                <\/td>\n                                            <td class=\"wpdt-cell \"\n                                    data-cell-id=\"F6\"\n                data-col-index=\"5\"\n                data-row-index=\"5\"\n                style=\"                padding:10px;\"\n                >\n                                0\u20ac                <\/td>\n                                        <\/tr>\n                            <tr class=\"wpdt-cell-row \" >\n                            <td class=\"wpdt-cell \"\n                                    data-cell-id=\"A7\"\n                data-col-index=\"0\"\n                data-row-index=\"6\"\n                style=\"                padding:10px;\"\n                >\n                                Deux-roues, trois-roues motoris\u00e9 ou quadricycle \u00e9lectrique Crit'AIR 0 neuf                <\/td>\n                                            <td class=\"wpdt-cell \"\n                                    data-cell-id=\"B7\"\n                data-col-index=\"1\"\n                data-row-index=\"6\"\n                style=\"                padding:10px;\"\n                >\n                                1100\u20ac                <\/td>\n                                            <td class=\"wpdt-cell \"\n                                    data-cell-id=\"C7\"\n                data-col-index=\"2\"\n                data-row-index=\"6\"\n                style=\"                padding:10px;\"\n                >\n                                1100\u20ac                <\/td>\n                                            <td class=\"wpdt-cell \"\n                                    data-cell-id=\"D7\"\n                data-col-index=\"3\"\n                data-row-index=\"6\"\n                style=\"                padding:10px;\"\n                >\n                                100\u20ac                <\/td>\n                                            <td class=\"wpdt-cell \"\n                                    data-cell-id=\"E7\"\n                data-col-index=\"4\"\n                data-row-index=\"6\"\n                style=\"                padding:10px;\"\n                >\n                                0\u20ac                <\/td>\n                                            <td class=\"wpdt-cell \"\n                                    data-cell-id=\"F7\"\n                data-col-index=\"5\"\n                data-row-index=\"6\"\n                style=\"                padding:10px;\"\n                >\n                                250\u20ac\/kWh                <\/td>\n                                        <\/tr>\n                    <\/table>\n<\/div><style id='wpdt-custom-style-349'>\ntable#wpdtSimpleTable-349{ table-layout: fixed !important; }\n.wpdt-bc-8FB6D7 { background-color: #8FB6D7 !important;}\n<\/style>\n\n<p>En cas de besoin, un expert de l&rsquo;\u00e9quipe Mes Allocs peut <a href=\"https:\/\/www.mes-allocs.fr\/souscription\" target=\"_blank\" rel=\"noopener\">vous accompagner<\/a> dans ces d\u00e9marches pour vous faire gagner du temps et de l&rsquo;argent.<\/p>\n<h1>Le bonus \u00e9cologique : comment \u00e7a marche ?<\/h1>\n<p class=\"p1\"><div class='shortcode disclaimer'><div class='title'>Attention<\/div><div class='content'>Depuis juillet 2025, le bonus \u00e9cologique pour les voitures particuli\u00e8res neuves n\u2019est plus disponible. Vous pouvez cependant b\u00e9n\u00e9ficier de l\u2019aide financi\u00e8re pour l\u2019achat ou la location d\u2019une voiture \u00e9lectrique neuve distribu\u00e9e par les certificats d\u2019\u00e9conomies d\u2019\u00e9nergie (CEE), sous conditions.<\/div><\/div><\/p>\n<h2>Qu&rsquo;est-ce que le bonus \u00e9cologique ?<\/h2>\n<p>Le bonus \u00e9cologique est une mesure mise en place par le gouvernement fran\u00e7ais dans le but d&rsquo;encourager l&rsquo;achat de v\u00e9hicules propres et respectueux de l&rsquo;environnement. Son objectif principal est de r\u00e9duire les \u00e9missions de gaz \u00e0 effet de serre et de favoriser la transition vers une mobilit\u00e9 plus durable. Le bonus \u00e9cologique offre des avantages financiers aux acheteurs de ces v\u00e9hicules, ce qui les rend plus accessibles et attrayants sur le march\u00e9.<\/p>\n<h2>Quels sont les avantages du bonus \u00e9cologique ?<\/h2>\n<p>En ce qui concerne les avantages financiers, le bonus \u00e9cologique peut prendre diff\u00e9rentes formes. Il peut s&rsquo;agir d&rsquo;une <strong>r\u00e9duction directe sur le prix d&rsquo;achat du v\u00e9hicule<\/strong>, d&rsquo;une <strong>exon\u00e9ration partielle ou totale<\/strong> de la taxe sur les v\u00e9hicules de soci\u00e9t\u00e9 (TVS) ou encore d&rsquo;une <strong>r\u00e9duction de la taxe d&rsquo;immatriculation<\/strong>. Ces avantages financiers peuvent varier en fonction du type de v\u00e9hicule et de ses caract\u00e9ristiques environnementales. Sachez que <a href=\"https:\/\/www.mes-allocs.fr\/guides\/prime-a-la-conversion\/prime-a-la-conversion-et-bonus-ecologique\/\">bonus \u00e9cologique et prime \u00e0 la conversion<\/a> sont cumulables.<\/p>\n<p><strong>Le bonus \u00e9cologique peut atteindre jusqu\u2019\u00e0 7.000 euros depuis le mois de juin 2020. <\/strong><\/p>\n<div class='cta-block'><div class='text'>Simulez toutes vos aides en 2 min.<\/div><a href='https:\/\/www.mes-allocs.fr\/ab-app?origin=guides\/wp-json\/wp\/v2\/posts\/32646' class='app-button fit'>Simulation gratuite<\/a><\/div>\n","protected":false},"excerpt":{"rendered":"<p>La prime \u00e0 la conversion est un dispositif qui a \u00e9t\u00e9 mis en place pour encourager \u00e0 rouler avec un v\u00e9hicule peu polluant. Cette aide peut \u00eatre attribu\u00e9e pour une location d&rsquo;un v\u00e9hicule, ou pour acheter un v\u00e9hicule neuf ou d&rsquo;occasion. Plusieurs \u00e9l\u00e9ments sont pris en compte pour d\u00e9terminer vos droits. Mes Allocs vous explique [&hellip;]<\/p>\n","protected":false},"author":10,"featured_media":32649,"comment_status":"open","ping_status":"open","sticky":false,"template":"","format":"standard","meta":{"amp_status":"","footnotes":""},"categories":[9930],"tags":[],"class_list":["post-32646","post","type-post","status-publish","format-standard","has-post-thumbnail","hentry","category-prime-a-la-conversion"],"yoast_head":"<!-- This site is optimized with the Yoast SEO plugin v14.9 - https:\/\/yoast.com\/wordpress\/plugins\/seo\/ -->\n<title>Que faire en cas de probl\u00e8me li\u00e9 \u00e0 la prime \u00e0 la conversion ?<\/title>\n<meta name=\"description\" content=\"La prime \u00e0 la conversion est une aide pour louer\/acheter un v\u00e9hicule peu polluant. Vous rencontrez des probl\u00e8mes ? Nous sommes l\u00e0 pour vous.\" \/>\n<meta name=\"robots\" content=\"index, follow, max-snippet:-1, max-image-preview:large, max-video-preview:-1\" \/>\n<link rel=\"canonical\" href=\"https:\/\/www.mes-allocs.fr\/guides\/prime-a-la-conversion\/probleme-prime-a-la-conversion\/\" \/>\n<meta property=\"og:locale\" content=\"fr_FR\" \/>\n<meta property=\"og:type\" content=\"article\" \/>\n<meta property=\"og:title\" content=\"Que faire en cas de probl\u00e8me li\u00e9 \u00e0 la prime \u00e0 la conversion ?\" \/>\n<meta property=\"og:description\" content=\"La prime \u00e0 la conversion est une aide pour louer\/acheter un v\u00e9hicule peu polluant. Vous rencontrez des probl\u00e8mes ? Nous sommes l\u00e0 pour vous.\" \/>\n<meta property=\"og:url\" content=\"https:\/\/www.mes-allocs.fr\/guides\/prime-a-la-conversion\/probleme-prime-a-la-conversion\/\" \/>\n<meta property=\"og:site_name\" content=\"Mes-Allocs.fr\" \/>\n<meta property=\"article:published_time\" content=\"2021-07-15T09:26:27+00:00\" \/>\n<meta property=\"article:modified_time\" content=\"2025-07-09T12:56:26+00:00\" \/>\n<meta property=\"og:image\" content=\"https:\/\/www.mes-allocs.fr\/guides\/wp-content\/uploads\/2021\/07\/proble\u0300me-prime-a\u0300-la-conversion--e1693473199827.jpg?wsr\" \/>\n\t<meta property=\"og:image:width\" content=\"1280\" \/>\n\t<meta property=\"og:image:height\" content=\"217\" \/>\n<meta name=\"twitter:card\" content=\"summary_large_image\" \/>\n<script type=\"application\/ld+json\" class=\"yoast-schema-graph\">{\"@context\":\"https:\/\/schema.org\",\"@graph\":[{\"@type\":\"WebSite\",\"@id\":\"https:\/\/www.mes-allocs.fr\/guides\/#website\",\"url\":\"https:\/\/www.mes-allocs.fr\/guides\/\",\"name\":\"Mes-Allocs.fr\",\"description\":\"\",\"potentialAction\":[{\"@type\":\"SearchAction\",\"target\":\"https:\/\/www.mes-allocs.fr\/guides\/?s={search_term_string}\",\"query-input\":\"required name=search_term_string\"}],\"inLanguage\":\"fr-FR\"},{\"@type\":\"ImageObject\",\"@id\":\"https:\/\/www.mes-allocs.fr\/guides\/prime-a-la-conversion\/probleme-prime-a-la-conversion\/#primaryimage\",\"inLanguage\":\"fr-FR\",\"url\":\"https:\/\/www.mes-allocs.fr\/guides\/wp-content\/uploads\/2021\/07\/proble\\u0300me-prime-a\\u0300-la-conversion--e1693473199827.jpg?wsr\",\"width\":1280,\"height\":217,\"caption\":\"proble\\u0300me prime a\\u0300 la conversion\"},{\"@type\":\"WebPage\",\"@id\":\"https:\/\/www.mes-allocs.fr\/guides\/prime-a-la-conversion\/probleme-prime-a-la-conversion\/#webpage\",\"url\":\"https:\/\/www.mes-allocs.fr\/guides\/prime-a-la-conversion\/probleme-prime-a-la-conversion\/\",\"name\":\"Que faire en cas de probl\\u00e8me li\\u00e9 \\u00e0 la prime \\u00e0 la conversion ?\",\"isPartOf\":{\"@id\":\"https:\/\/www.mes-allocs.fr\/guides\/#website\"},\"primaryImageOfPage\":{\"@id\":\"https:\/\/www.mes-allocs.fr\/guides\/prime-a-la-conversion\/probleme-prime-a-la-conversion\/#primaryimage\"},\"datePublished\":\"2021-07-15T09:26:27+00:00\",\"dateModified\":\"2025-07-09T12:56:26+00:00\",\"author\":{\"@id\":\"https:\/\/www.mes-allocs.fr\/guides\/#\/schema\/person\/8d47b912c0ad15f379df96b4e4e33f58\"},\"description\":\"La prime \\u00e0 la conversion est une aide pour louer\/acheter un v\\u00e9hicule peu polluant. Vous rencontrez des probl\\u00e8mes ? Nous sommes l\\u00e0 pour vous.\",\"inLanguage\":\"fr-FR\"},{\"@type\":\"Person\",\"@id\":\"https:\/\/www.mes-allocs.fr\/guides\/#\/schema\/person\/8d47b912c0ad15f379df96b4e4e33f58\",\"name\":\"Constance de Cagny\",\"image\":{\"@type\":\"ImageObject\",\"@id\":\"https:\/\/www.mes-allocs.fr\/guides\/#personlogo\",\"inLanguage\":\"fr-FR\",\"url\":\"https:\/\/www.mes-allocs.fr\/guides\/wp-content\/uploads\/2021\/06\/Constance.2e8ee0b.png\",\"caption\":\"Constance de Cagny\"},\"description\":\"Constance est r\\u00e9dactrice au sein de l'\\u00e9quipe Mes Allocs. Elle a l'habitude d'\\u00e9crire sur les sujets conso, bons plans et \\u00e9conomies. Dipl\\u00f4m\\u00e9e de l'ENACO, elle rejoint Mes Allocs apr\\u00e8s une premi\\u00e8re exp\\u00e9rience en cabinet notarial.\",\"sameAs\":[\"https:\/\/www.linkedin.com\/in\/constance-de-cagny-mayeur-bbb414135\"]}]}<\/script>\n<!-- \/ Yoast SEO plugin. -->","amp_validity":null,"acf":{"faq":{"1":{"question":"Comment obtenir le bonus \u00e9cologique ?","answer":"Pour obtenir le bonus \u00e9cologique, vous devez l\u2019acquisition ou la location d\u2019une voiture \u00e9lectrique neuve.\r\n"},"2":{"question":"Quand est vers\u00e9 le bonus ecologique ?","answer":"Le bonus \u00e9cologique est g\u00e9n\u00e9ralement d\u00e9duit directement du prix d\u2019achat ou du premier loyer par le concessionnaire."},"3":{"question":"Comment b\u00e9n\u00e9ficier de la prime ZFE ?","answer":"La prime \u00e0 la conversion peut \u00eatre cumul\u00e9e avec le bonus \u00e9cologique. Il existe une surprime d'un maximum de 1 000 euros lorsque le b\u00e9n\u00e9ficiaire habite ou travaille dans une zone \u00e0 faibles \u00e9missions (ZFE) et qu'il a b\u00e9n\u00e9fici\u00e9 d'une aide similaire attribu\u00e9e par une collectivit\u00e9 territoriale"},"4":{"question":"Quelle prime pour scooter electrique ?","answer":"Montant de la prime : 900 euros dans la limite de 50% du prix HT du nouveau scooter \u00e9lectrique ou moto \u00e9lectrique, si le b\u00e9n\u00e9ficiaire dispose d'un revenu fiscal de r\u00e9f\u00e9rence compris entre 15154 et 35052 euros."},"5":{"question":"Quelle aide pour l'achat d'un scooter \u00e9lectrique ?","answer":"un scooter avec une puissance inf\u00e9rieure \u00e0 2 kilowatts b\u00e9n\u00e9ficie d'un bonus fix\u00e9 \u00e0 20 % du co\u00fbt d'achat, en respectant la limite de 100 \u20ac ; le montant est \u00e0 hauteur de 250 \u20ac pour un deux-roues dot\u00e9 d'une puissance sup\u00e9rieure \u00e0 2 kilowatts, dans la limite de 27 % du co\u00fbt d'achat ou de 900 \u20ac maximum."},"6":{"question":"Quel est le montant du bonus \u00e9cologique ?","answer":"Le montant du bonus est de 4 200 \u20ac ou 3 100 \u20ac selon votre situation."},"7":{"question":"","answer":""},"8":{"question":"","answer":""},"9":{"question":"","answer":""},"10":{"question":"","answer":""},"11":{"question":"","answer":""},"12":{"question":"","answer":""},"13":{"question":"","answer":""},"14":{"question":"","answer":""},"15":{"question":"","answer":""},"16":{"question":"","answer":""}}},"_links":{"self":[{"href":"https:\/\/www.mes-allocs.fr\/guides\/wp-json\/wp\/v2\/posts\/32646","targetHints":{"allow":["GET"]}}],"collection":[{"href":"https:\/\/www.mes-allocs.fr\/guides\/wp-json\/wp\/v2\/posts"}],"about":[{"href":"https:\/\/www.mes-allocs.fr\/guides\/wp-json\/wp\/v2\/types\/post"}],"author":[{"embeddable":true,"href":"https:\/\/www.mes-allocs.fr\/guides\/wp-json\/wp\/v2\/users\/10"}],"replies":[{"embeddable":true,"href":"https:\/\/www.mes-allocs.fr\/guides\/wp-json\/wp\/v2\/comments?post=32646"}],"version-history":[{"count":21,"href":"https:\/\/www.mes-allocs.fr\/guides\/wp-json\/wp\/v2\/posts\/32646\/revisions"}],"predecessor-version":[{"id":101798,"href":"https:\/\/www.mes-allocs.fr\/guides\/wp-json\/wp\/v2\/posts\/32646\/revisions\/101798"}],"wp:featuredmedia":[{"embeddable":true,"href":"https:\/\/www.mes-allocs.fr\/guides\/wp-json\/wp\/v2\/media\/32649"}],"wp:attachment":[{"href":"https:\/\/www.mes-allocs.fr\/guides\/wp-json\/wp\/v2\/media?parent=32646"}],"wp:term":[{"taxonomy":"category","embeddable":true,"href":"https:\/\/www.mes-allocs.fr\/guides\/wp-json\/wp\/v2\/categories?post=32646"},{"taxonomy":"post_tag","embeddable":true,"href":"https:\/\/www.mes-allocs.fr\/guides\/wp-json\/wp\/v2\/tags?post=32646"}],"curies":[{"name":"wp","href":"https:\/\/api.w.org\/{rel}","templated":true}]}}