{"id":32547,"date":"2021-07-12T17:53:58","date_gmt":"2021-07-12T15:53:58","guid":{"rendered":"https:\/\/www.mes-allocs.fr\/guides\/?p=32547"},"modified":"2025-10-27T16:04:36","modified_gmt":"2025-10-27T14:04:36","slug":"aide-au-transport-conseil-general","status":"publish","type":"post","link":"https:\/\/www.mes-allocs.fr\/guides\/aide-au-transport\/aide-au-transport-conseil-general\/","title":{"rendered":"Les aides au transport du Conseil g\u00e9n\u00e9ral"},"content":{"rendered":"<p><img loading=\"lazy\" decoding=\"async\" class=\"aligncenter wp-image-32548 size-full\" title=\"aide au transport conseil g\u00e9n\u00e9ral\" src=\"https:\/\/www.mes-allocs.fr\/guides\/wp-content\/uploads\/2021\/07\/quai-2-e1694090581624.jpg\" alt=\"aide au transport conseil g\u00e9n\u00e9ral\" width=\"1128\" height=\"270\" \/><\/p>\n<p style=\"text-align: justify;\"><strong>Selon votre r\u00e9gion, vous pouvez b\u00e9n\u00e9ficier de certaines <a href=\"https:\/\/www.mes-allocs.fr\/guides\/aide-au-transport\/\">aides au transport<\/a>. Ces aides financi\u00e8res, selon votre statut, ont pour but de r\u00e9duire vos frais de d\u00e9placement. Mes Allocs vous explique quelles sont les aides au transport qui peuvent vous \u00eatres attribu\u00e9es par le Conseil g\u00e9n\u00e9ral.\u00a0<\/strong><\/p>\n<div class='cta-block'><div class='text'>Simulez toutes vos aides au transport en 2 min. <\/div><a href='https:\/\/www.mes-allocs.fr\/ab-app?origin=guides\/wp-json\/wp\/v2\/posts\/32547' class='app-button fit'>Simulation gratuite<\/a><\/div>\n<h1 style=\"text-align: justify;\">Les aides au transport dans les Hauts-de-France<\/h1>\n<h2 style=\"text-align: justify;\">L&rsquo;aide au transport pour les particuliers en Hauts-de-France<\/h2>\n<p style=\"text-align: justify;\">L\u2019utilisation du v\u00e9hicule personnel est souvent une r\u00e9alit\u00e9 pour les personnes n\u2019ayant pas acc\u00e8s aux transports publics. Il peut \u00eatre mis \u00e0 contribution pour emmener les enfants \u00e0 l\u2019\u00e9cole ou pour se rendre au travail.<\/p>\n<p style=\"text-align: justify;\">Depuis 2016, la R\u00e9gion des Hauts-de-France a mis en place une aide pour les particuliers. Il s\u2019agit d\u2019une aide au transport facultative de 20 euros par mois. Cette aide a pout but d&rsquo;aider les personnes utilisant leur v\u00e9hicules personnels. Ce montant est vers\u00e9 directement sur le compte bancaire du b\u00e9n\u00e9ficiaire.<\/p>\n<p style=\"text-align: justify;\">Tout les particuliers ne peuvent pas en b\u00e9n\u00e9ficier. Pour se faire, il faut que l&rsquo;utilisation de votre v\u00e9hicule soit indispensable.<\/p>\n<p style=\"text-align: justify;\">Dans le d\u00e9tail, il faut que le trajet domicile-travail est de plus de 20 kilom\u00e8tres. Concernant les conditions financi\u00e8res, il faut percevoir moins du double du SMIC net. Et pour votre statut, il faut \u00eatre\u00a0salari\u00e9 ou apprenti.<\/p>\n<h2 style=\"text-align: justify;\">L&rsquo;aide pour les transports en commun des Hauts-de-France<\/h2>\n<p class=\"amp-wp-7d27179\" style=\"text-align: justify;\" data-amp-original-style=\"text-align: justify;\">Au-del\u00e0 des aides pour les particuliers, la r\u00e9gion des Hauts-de-France propose tout un ensemble de dispositif pour permettre aux \u00e9tudiants de pouvoir se d\u00e9placer \u00e0 tarif r\u00e9duit sur l\u2019ensemble de la r\u00e9gion. Ces aides concernent aussi bien le r\u00e9seau de transport r\u00e9gional que la SNCF. En voici quelques exemples:<\/p>\n<ul style=\"text-align: justify;\">\n<li>L\u2019Abonnement Scolaire R\u00e9glement\u00e9<\/li>\n<li>La carte Avantage Jeune<\/li>\n<li>L\u2019abonnement TGV Max<\/li>\n<li>La carte TER Hauts-de-France<\/li>\n<li>L\u2019abonnement \u00e9l\u00e8ve, \u00e9tudiant et apprenti<\/li>\n<li>L\u2019abonnement Interne Scolaire<\/li>\n<\/ul>\n<div class='cta-block'><div class='text'>Simulez toutes vos Aides Sociales en 2 min.<\/div><a href='https:\/\/www.mes-allocs.fr\/ab-app?origin=guides\/wp-json\/wp\/v2\/posts\/32547' class='app-button fit'>Simulation gratuite<\/a><\/div>\n<h1 style=\"text-align: justify;\">Les aides au transport en Nouvelle Aquitaine<\/h1>\n<h2 style=\"text-align: justify;\">Les aides au transport pour les personnes en recherche d&#8217;emploi<\/h2>\n<p class=\"amp-wp-7d27179\" style=\"text-align: justify;\" data-amp-original-style=\"text-align: justify;\">Les personnes qui sont \u00e0 la recherche d&rsquo;un emploi peuvent avoir du mal \u00e0 se d\u00e9placer. Cela peut \u00eatre due au co\u00fbt de d\u00e9placements qui peuvent \u00eatre \u00e9lev\u00e9s. Pour les aider dans les diff\u00e9rents d\u00e9placements, la r\u00e9gion a mis en place diff\u00e9rentes aides.<\/p>\n<p class=\"amp-wp-7d27179\" style=\"text-align: justify;\" data-amp-original-style=\"text-align: justify;\">Le fond d \u2018aide \u00e0 la mobilit\u00e9 a \u00e9t\u00e9 \u00e9labor\u00e9 dans ce sens. Il permet de s\u00e9curiser l\u2019acc\u00e8s vers un emploi et de participer aux \u00e9ventuelles d\u00e9penses li\u00e9es au transport et au logement.<\/p>\n<p class=\"amp-wp-7d27179\" style=\"text-align: justify;\" data-amp-original-style=\"text-align: justify;\">Pour en b\u00e9n\u00e9ficier, il faut \u00eatre titulaire d\u2019un CDD d\u2019au moins trois mois ou d\u2019un CDI. Il faut aussi sortir d\u2019une formation \u00a0depuis moins de 6 mois.<\/p>\n<p class=\"amp-wp-7d27179\" style=\"text-align: justify;\" data-amp-original-style=\"text-align: justify;\">Dans la forme, l\u2019aide est de 1000 euros pour les frais de transport et de 1000 euros pour les frais de logement. Le versement se fait en deux fois. Le premier versement correspond \u00e0 60% de la somme allou\u00e9 et le deuxi\u00e8me vient compl\u00e9ter le premier. Cette aide n\u2019est pas cumulable avec d\u2019autre aides.<\/p>\n<p><iframe loading=\"lazy\" title=\"Les aides au transport\" width=\"500\" height=\"281\" src=\"https:\/\/www.youtube.com\/embed\/zRZFzrnwvEs?feature=oembed\" frameborder=\"0\" allow=\"accelerometer; autoplay; clipboard-write; encrypted-media; gyroscope; picture-in-picture; web-share\" referrerpolicy=\"strict-origin-when-cross-origin\" allowfullscreen><\/iframe><\/p>\n<h2 style=\"text-align: justify;\" data-amp-original-style=\"text-align: justify;\">Les aides au transport pour les \u00e9tudiants en Nouvelle Aquitaine<\/h2>\n<p class=\"amp-wp-7d27179\" style=\"text-align: justify;\" data-amp-original-style=\"text-align: justify;\">Concernant les \u00e9tudiants, la Nouvelle Aquitaine a mis en place de nombreux dispositifs visant \u00e0 une meilleure prise en charge de la mobilit\u00e9 des \u00e9tudiants.<\/p>\n<p class=\"amp-wp-7d27179\" style=\"text-align: justify;\" data-amp-original-style=\"text-align: justify;\">La premi\u00e8re subvention disponible pour les \u00e9tudiants concerne exclusivement les demi-pensionnaires et les internes de chaque \u00e9tablissement. La subvention permet de b\u00e9n\u00e9ficier d\u2019une r\u00e9duction de moiti\u00e9 concernant les billets des trajets hebdomadaires domicile-\u00e9tablissement. Pour les externes, ce trajet est gratuit et illimit\u00e9.<\/p>\n<p class=\"amp-wp-7d27179\" style=\"text-align: justify;\" data-amp-original-style=\"text-align: justify;\">Un dispositif similaire est aussi disponible uniquement pour les \u00e9l\u00e8ves internes. Il autorise les internes des \u00e9tablissements \u00e0 b\u00e9n\u00e9ficier d\u2019une r\u00e9duction de moiti\u00e9 sur les trajets hebdomadaire entre le domicile et l\u2019\u00e9tablissement. Cette aide individuelle au transport est\u00a0disponible au prix de 30 euros par an.<\/p>\n<p class=\"amp-wp-7d27179\" style=\"text-align: justify;\" data-amp-original-style=\"text-align: justify;\">Le Pass moins de 28 ans est un titre de transport qui permet aux personnes \u00e2g\u00e9es de moins de 28 ans de b\u00e9n\u00e9ficier d\u2019un pourcentage de r\u00e9duction de 33% compar\u00e9 \u00e0 un pass classique. Le dispositif est \u00e9ligible \u00e0 l\u2019aide obligatoire pr\u00e9vue par le Code du Travail qui stipule que l\u2019employeur s\u2019engage \u00e0 rembourser la moiti\u00e9 des frais de transports de l\u2019employ\u00e9. Ce dispositif se d\u00e9cline de plusieurs fa\u00e7ons, il peut \u00eatre hebdomadaire, mensuel, ou bien\u00a0annuel.<\/p>\n<h1 style=\"text-align: justify;\" data-amp-original-style=\"text-align: justify;\">L&rsquo;aide au transport en \u00cele-de-France<\/h1>\n<h2 style=\"text-align: justify;\">Les offres pour les \u00e9tudiants en Ile-de-France<\/h2>\n<p class=\"amp-wp-7d27179\" style=\"text-align: justify;\" data-amp-original-style=\"text-align: justify;\">Il existe de nombreux dispositifs d\u00e9di\u00e9s aux \u00e9tudiants pour qu\u2019ils puissent emprunter les <a href=\"https:\/\/www.mes-allocs.fr\/guides\/aide-au-transport\/aide-transport-scolaire\/\">transports scolaires et en commun \u00e0 prix r\u00e9duit<\/a>. Le dispositif le plus r\u00e9pandu est la Carte Imagine\u2019 R. Ce titre de transport est disponible pour les \u00e9coliers, coll\u00e9giens, lyc\u00e9ens et \u00e9tudiants jusqu\u2019\u00e0 l\u2019\u00e2ge de 26 ans.<\/p>\n<p class=\"amp-wp-7d27179\" style=\"text-align: justify;\" data-amp-original-style=\"text-align: justify;\">Ce titre de transport permet aux \u00e9tudiants de se mouvoir sur l\u2019ensemble de la r\u00e9gion \u00e0 des tarifs avantageux. Il permet aussi de voyager sur l\u2019ensemble des structures de la RATP de mani\u00e8re illimit\u00e9 et continue dans la semaine.<\/p>\n<p class=\"amp-wp-7d27179\" style=\"text-align: justify;\" data-amp-original-style=\"text-align: justify;\">La Carte Navigo s\u2019\u00e9l\u00e8ve \u00e0 350 euros pour une ann\u00e9e scolaire. Le montant de l\u2019abonnement est payable en une seule fois ou en plusieurs mensualit\u00e9s.<\/p>\n<p class=\"amp-wp-7d27179\" style=\"text-align: justify;\" data-amp-original-style=\"text-align: justify;\">Les \u00e9l\u00e8ves de l\u2019Education Nationale peuvent b\u00e9n\u00e9ficier d\u2019une bourse d\u2019\u00e9tudes ( au m\u00e9rite ou selon les crit\u00e8res sociaux) qui peut les aider \u00e0 payer l\u2019 abonnement Imagine \u2018R. Cette subvention sociale d\u00e9di\u00e9e \u00e0 l\u2019abonnement est distribu\u00e9e par le programme \u00cele de France Mobilit\u00e9s.<\/p>\n<p class=\"amp-wp-7d27179\" style=\"text-align: justify;\" data-amp-original-style=\"text-align: justify;\">Le forfait est con\u00e7u pour une dur\u00e9e de 12 mois et est renouvelable le temps de la scolarit\u00e9 de l\u2019\u00e9l\u00e8ve ou de l\u2019\u00e9tudiant. Pour effectuer la demande, il faut se rendre dans une agence commerciale de la RATP ou sur leur site internet.<\/p>\n<h2 style=\"text-align: justify;\"><span id=\"Laide_au_transport_pour_les_demandeurs_d_emploi_en_Ile-de-France\">Les aides pour les demandeurs d\u2019emploi d&rsquo;\u00cele-de-France<\/span><\/h2>\n<p class=\"amp-wp-7d27179\" style=\"text-align: justify;\" data-amp-original-style=\"text-align: justify;\">La r\u00e9gion \u00cele-de-France a mis en place un dispositif d\u2019aide pour les personnes en recherche d\u2019emploi. Elle concerne principalement la gratuit\u00e9 des transports en commun. Pour en savoir plus, nous vous invitons \u00e0 lire l&rsquo;article d\u00e9di\u00e9 \u00e0 cette question.<\/p>\n<p>En cas de besoin, un expert de l&rsquo;\u00e9quipe Mes Allocs peut <a href=\"https:\/\/www.mes-allocs.fr\/souscription\" target=\"_blank\" rel=\"noopener\">vous accompagner<\/a> dans ces d\u00e9marches pour vous faire gagner du temps et de l&rsquo;argent.<\/p>\n<h1><strong>L&rsquo;impact sur la mobilit\u00e9 des individus<\/strong><\/h1>\n<h2>Quelles sont les cons\u00e9quences de la mobilit\u00e9 des individus ?<\/h2>\n<p>L&rsquo;une des cons\u00e9quences les plus directes des aides au transport fournies par les Conseils G\u00e9n\u00e9raux est l&rsquo;am\u00e9lioration significative de la mobilit\u00e9 des individus. En facilitant l&rsquo;acc\u00e8s \u00e0 des moyens de transport abordables et efficaces, ces aides permettent aux b\u00e9n\u00e9ficiaires de se d\u00e9placer plus facilement vers leur lieu de travail, leur \u00e9cole, les services m\u00e9dicaux, ou d&rsquo;autres destinations essentielles.<\/p>\n<p>Cela a un impact direct sur leur qualit\u00e9 de vie en r\u00e9duisant les contraintes de d\u00e9placement et en ouvrant de nouvelles opportunit\u00e9s. De plus, une meilleure mobilit\u00e9 peut contribuer \u00e0 la coh\u00e9sion sociale en favorisant l&rsquo;inclusion de ceux qui \u00e9taient pr\u00e9c\u00e9demment limit\u00e9s dans leurs d\u00e9placements.<\/p>\n<h2><strong>La promotion de la durabilit\u00e9 environnementale<\/strong><\/h2>\n<p>Les aides au transport offertes par les Conseils G\u00e9n\u00e9raux peuvent \u00e9galement jouer un r\u00f4le crucial dans la promotion de la durabilit\u00e9 environnementale. En encourageant l&rsquo;utilisation de modes de transport plus respectueux de l&rsquo;environnement, tel que le covoiturage, le v\u00e9lo, les transports en commun, ou encore les v\u00e9hicules \u00e9lectriques, ces aides contribuent \u00e0 r\u00e9duire les \u00e9missions de gaz \u00e0 effet de serre et la congestion routi\u00e8re.<\/p>\n<p>Elles soutiennent ainsi les objectifs de lutte contre le changement climatique et de pr\u00e9servation de l&rsquo;environnement en favorisant des choix de transport plus \u00e9cologiques. De plus, elles encouragent la recherche de solutions de mobilit\u00e9 innovantes et durables pour les r\u00e9gions, ce qui est essentiel pour un avenir plus respectueux de la plan\u00e8te.<\/p>\n<div class='cta-block'><div class='text'>Simulez toutes vos Aides Sociales en 2 min.<\/div><a href='https:\/\/www.mes-allocs.fr\/ab-app?origin=guides\/wp-json\/wp\/v2\/posts\/32547' class='app-button fit'>Simulation gratuite<\/a><\/div>\n","protected":false},"excerpt":{"rendered":"<p>Selon votre r\u00e9gion, vous pouvez b\u00e9n\u00e9ficier de certaines aides au transport. Ces aides financi\u00e8res, selon votre statut, ont pour but de r\u00e9duire vos frais de d\u00e9placement. Mes Allocs vous explique quelles sont les aides au transport qui peuvent vous \u00eatres attribu\u00e9es par le Conseil g\u00e9n\u00e9ral.\u00a0 Les aides au transport dans les Hauts-de-France L&rsquo;aide au transport [&hellip;]<\/p>\n","protected":false},"author":6,"featured_media":105264,"comment_status":"open","ping_status":"open","sticky":false,"template":"","format":"standard","meta":{"amp_status":"","footnotes":""},"categories":[5332],"tags":[],"class_list":["post-32547","post","type-post","status-publish","format-standard","has-post-thumbnail","hentry","category-aide-au-transport"],"yoast_head":"<!-- This site is optimized with the Yoast SEO plugin v14.9 - https:\/\/yoast.com\/wordpress\/plugins\/seo\/ -->\n<title>Les aides au transport du Conseil g\u00e9n\u00e9ral | Mes-Allocs.fr<\/title>\n<meta name=\"description\" content=\"Le Conseil g\u00e9n\u00e9ral peut vous attribuer des aides au transport. Mes Allocs vous explique comment en b\u00e9n\u00e9ficier.\" \/>\n<meta name=\"robots\" content=\"index, follow, max-snippet:-1, max-image-preview:large, max-video-preview:-1\" \/>\n<link rel=\"canonical\" href=\"https:\/\/www.mes-allocs.fr\/guides\/aide-au-transport\/aide-au-transport-conseil-general\/\" \/>\n<meta property=\"og:locale\" content=\"fr_FR\" \/>\n<meta property=\"og:type\" content=\"article\" \/>\n<meta property=\"og:title\" content=\"Les aides au transport du Conseil g\u00e9n\u00e9ral | Mes-Allocs.fr\" \/>\n<meta property=\"og:description\" content=\"Le Conseil g\u00e9n\u00e9ral peut vous attribuer des aides au transport. Mes Allocs vous explique comment en b\u00e9n\u00e9ficier.\" \/>\n<meta property=\"og:url\" content=\"https:\/\/www.mes-allocs.fr\/guides\/aide-au-transport\/aide-au-transport-conseil-general\/\" \/>\n<meta property=\"og:site_name\" content=\"Mes-Allocs.fr\" \/>\n<meta property=\"article:published_time\" content=\"2021-07-12T15:53:58+00:00\" \/>\n<meta property=\"article:modified_time\" content=\"2025-10-27T14:04:36+00:00\" \/>\n<meta property=\"og:image\" content=\"https:\/\/www.mes-allocs.fr\/guides\/wp-content\/uploads\/2021\/07\/aide-transport-conseil-general.jpg?wsr\" \/>\n\t<meta property=\"og:image:width\" content=\"1280\" \/>\n\t<meta property=\"og:image:height\" content=\"853\" \/>\n<meta name=\"twitter:card\" content=\"summary_large_image\" \/>\n<script type=\"application\/ld+json\" class=\"yoast-schema-graph\">{\"@context\":\"https:\/\/schema.org\",\"@graph\":[{\"@type\":\"WebSite\",\"@id\":\"https:\/\/www.mes-allocs.fr\/guides\/#website\",\"url\":\"https:\/\/www.mes-allocs.fr\/guides\/\",\"name\":\"Mes-Allocs.fr\",\"description\":\"\",\"potentialAction\":[{\"@type\":\"SearchAction\",\"target\":\"https:\/\/www.mes-allocs.fr\/guides\/?s={search_term_string}\",\"query-input\":\"required name=search_term_string\"}],\"inLanguage\":\"fr-FR\"},{\"@type\":\"ImageObject\",\"@id\":\"https:\/\/www.mes-allocs.fr\/guides\/aide-au-transport\/aide-au-transport-conseil-general\/#primaryimage\",\"inLanguage\":\"fr-FR\",\"url\":\"https:\/\/www.mes-allocs.fr\/guides\/wp-content\/uploads\/2021\/07\/aide-transport-conseil-general.jpg?wsr\",\"width\":1280,\"height\":853,\"caption\":\"aide transport conseil general\"},{\"@type\":\"WebPage\",\"@id\":\"https:\/\/www.mes-allocs.fr\/guides\/aide-au-transport\/aide-au-transport-conseil-general\/#webpage\",\"url\":\"https:\/\/www.mes-allocs.fr\/guides\/aide-au-transport\/aide-au-transport-conseil-general\/\",\"name\":\"Les aides au transport du Conseil g\\u00e9n\\u00e9ral | Mes-Allocs.fr\",\"isPartOf\":{\"@id\":\"https:\/\/www.mes-allocs.fr\/guides\/#website\"},\"primaryImageOfPage\":{\"@id\":\"https:\/\/www.mes-allocs.fr\/guides\/aide-au-transport\/aide-au-transport-conseil-general\/#primaryimage\"},\"datePublished\":\"2021-07-12T15:53:58+00:00\",\"dateModified\":\"2025-10-27T14:04:36+00:00\",\"author\":{\"@id\":\"https:\/\/www.mes-allocs.fr\/guides\/#\/schema\/person\/0ecd61a8600573914d00d970a588c024\"},\"description\":\"Le Conseil g\\u00e9n\\u00e9ral peut vous attribuer des aides au transport. Mes Allocs vous explique comment en b\\u00e9n\\u00e9ficier.\",\"inLanguage\":\"fr-FR\"},{\"@type\":\"Person\",\"@id\":\"https:\/\/www.mes-allocs.fr\/guides\/#\/schema\/person\/0ecd61a8600573914d00d970a588c024\",\"name\":\"Jonathan\",\"image\":{\"@type\":\"ImageObject\",\"@id\":\"https:\/\/www.mes-allocs.fr\/guides\/#personlogo\",\"inLanguage\":\"fr-FR\",\"url\":\"https:\/\/www.mes-allocs.fr\/guides\/wp-content\/uploads\/2021\/06\/jonathan-150x150.png\",\"caption\":\"Jonathan\"},\"description\":\"Jonathan est r\\u00e9dacteur au sein de l'\\u00e9quipe Mes Allocs, sp\\u00e9cialis\\u00e9 sur les sujets li\\u00e9s au handicap. Dipl\\u00f4m\\u00e9e de l'UPEM, il rejoint Mes Allocs apr\\u00e8s avoir travaill\\u00e9 \\u00e0 l'association AEDE qui accompagne les adultes en situation de handicap. Quand il n'\\u00e9crit pas, on peut le retrouver sur un terrain de basket.\",\"sameAs\":[\"https:\/\/www.linkedin.com\/in\/jonathan-bambela-8637861b7\"]}]}<\/script>\n<!-- \/ Yoast SEO plugin. -->","amp_validity":null,"acf":{"faq":{"1":{"question":"Le Pass Navigo me permet-il de me d\u00e9placer dans toute la France?","answer":"Non, le Pass Navigo est pr\u00e9vu pour voyager sur l'ensemble du territoire francilien"},"2":{"question":"Comment obtenir un Pass Navigo Imagine'R?","answer":"Il faut se tourner vers le site imagine-r.com ou dans une agence de la RATP"},"3":{"question":"Les bourses d'\u00e9tudes sont-elles compatibles avec les aides ?","answer":"Oui absolument, les bourses sont compatibles. Cependant pour certaine aides, on peut peut cumuler les deux."},"4":{"question":" Quels organismes versent les aides ?","answer":"Les aides sous forme de subvention (et non de r\u00e9duction) sont vers\u00e9s par les collectivit\u00e9s ou par le P\u00f4le Emploi si l'aide vient de ce dispositif"},"5":{"question":"Est-il possible de cumuler les aides ?","answer":"Si ces derni\u00e8res concernent l'aide mise en place par le conseil r\u00e9gional, non elles ne sont pas cumulables. Cependant, rapprochez vous de votre collectivit\u00e9 pour en savoir plus car tr\u00e8s souvent le cumul des aides se fait au cas par cas. "},"6":{"question":"Existe-t-il des aides d\u00e9partementales ?","answer":"Pour savoir si des aides d\u00e9partementales existent, il faut se rapprocher de ces collectivit\u00e9s."},"7":{"question":"","answer":""},"8":{"question":"","answer":""},"9":{"question":"","answer":""},"10":{"question":"","answer":""},"11":{"question":"","answer":""},"12":{"question":"","answer":""},"13":{"question":"","answer":""},"14":{"question":"","answer":""},"15":{"question":"","answer":""},"16":{"question":"","answer":""}}},"_links":{"self":[{"href":"https:\/\/www.mes-allocs.fr\/guides\/wp-json\/wp\/v2\/posts\/32547","targetHints":{"allow":["GET"]}}],"collection":[{"href":"https:\/\/www.mes-allocs.fr\/guides\/wp-json\/wp\/v2\/posts"}],"about":[{"href":"https:\/\/www.mes-allocs.fr\/guides\/wp-json\/wp\/v2\/types\/post"}],"author":[{"embeddable":true,"href":"https:\/\/www.mes-allocs.fr\/guides\/wp-json\/wp\/v2\/users\/6"}],"replies":[{"embeddable":true,"href":"https:\/\/www.mes-allocs.fr\/guides\/wp-json\/wp\/v2\/comments?post=32547"}],"version-history":[{"count":20,"href":"https:\/\/www.mes-allocs.fr\/guides\/wp-json\/wp\/v2\/posts\/32547\/revisions"}],"predecessor-version":[{"id":102432,"href":"https:\/\/www.mes-allocs.fr\/guides\/wp-json\/wp\/v2\/posts\/32547\/revisions\/102432"}],"wp:featuredmedia":[{"embeddable":true,"href":"https:\/\/www.mes-allocs.fr\/guides\/wp-json\/wp\/v2\/media\/105264"}],"wp:attachment":[{"href":"https:\/\/www.mes-allocs.fr\/guides\/wp-json\/wp\/v2\/media?parent=32547"}],"wp:term":[{"taxonomy":"category","embeddable":true,"href":"https:\/\/www.mes-allocs.fr\/guides\/wp-json\/wp\/v2\/categories?post=32547"},{"taxonomy":"post_tag","embeddable":true,"href":"https:\/\/www.mes-allocs.fr\/guides\/wp-json\/wp\/v2\/tags?post=32547"}],"curies":[{"name":"wp","href":"https:\/\/api.w.org\/{rel}","templated":true}]}}