{"id":32485,"date":"2021-07-23T15:50:58","date_gmt":"2021-07-23T13:50:58","guid":{"rendered":"https:\/\/www.mes-allocs.fr\/guides\/?p=32485"},"modified":"2025-10-14T18:08:14","modified_gmt":"2025-10-14T16:08:14","slug":"chomage-partiel-interim","status":"publish","type":"post","link":"https:\/\/www.mes-allocs.fr\/guides\/chomage\/chomage-partiel\/chomage-partiel-interim\/","title":{"rendered":"Peut-on \u00eatre au ch\u00f4mage technique en int\u00e9rim ?"},"content":{"rendered":"<p><img loading=\"lazy\" decoding=\"async\" class=\"aligncenter wp-image-32493\" title=\"travailleur\" src=\"https:\/\/www.mes-allocs.fr\/guides\/wp-content\/uploads\/2021\/07\/travailleur-3-e1625820805773.jpg\" alt=\"travailleur\" width=\"1200\" height=\"462\" \/><\/p>\n<p>Se retrouver au ch\u00f4mage du jour au lendemain peut engendrer beaucoup d&rsquo;incertitudes. C&rsquo;est pour cette raison qu&rsquo;a \u00e9t\u00e9 mis en place <a href=\"https:\/\/www.mes-allocs.fr\/guides\/chomage\/chomage-technique\">le ch\u00f4mage technique<\/a>. Dans cet article, nous allons voir s&rsquo;il est possible d&rsquo;\u00eatre mis en activit\u00e9 partielle si l&rsquo;on est en int\u00e9rim.<\/p>\n<div class='cta-block'><div class='text'>Simulez vos aides en 2 min.<\/div><a href='https:\/\/www.mes-allocs.fr\/ab-app?origin=guides\/wp-json\/wp\/v2\/posts\/32485' class='app-button fit'>Simulation gratuite<\/a><\/div>\n<h1 class=\"amp-wp-7d27179\" data-amp-original-style=\"text-align: justify;\"><span id=\"Le_chomage_technique\"><span id=\"Definition\">Le ch\u00f4mage technique\u00a0<\/span><\/span><\/h1>\n<h2>Qu&rsquo;est-ce que ce dispositif ?<\/h2>\n<p class=\"amp-wp-7d27179\" dir=\"ltr\" data-amp-original-style=\"text-align: justify;\">Le ch\u00f4mage technique est une situation peu habituelle. Elle intervient lorsque l\u2019entreprise subit une r\u00e9duction temporaire et partielle de son activit\u00e9 n\u00e9cessitante, pour sa main d\u2019\u0153uvre, une baisse du nombre d\u2019heures en dessous de l\u2019horaire l\u00e9gal de travail. Le ch\u00f4mage technique se pr\u00e9sente comme une alternative au licenciement \u00e9conomique.<\/p>\n<p class=\"amp-wp-7d27179\" dir=\"ltr\" data-amp-original-style=\"text-align: justify;\">Plut\u00f4t que d\u2019avoir recours au licenciement, l\u2019entreprise maintient alors ses salari\u00e9s \u00e0 leur poste et <img loading=\"lazy\" decoding=\"async\" class=\" wp-image-33220 alignright\" title=\"entreprise\" src=\"https:\/\/www.mes-allocs.fr\/guides\/wp-content\/uploads\/2021\/07\/entreprise-.jpeg\" alt=\"entreprise\" width=\"315\" height=\"177\" srcset=\"https:\/\/www.mes-allocs.fr\/guides\/wp-content\/uploads\/2021\/07\/entreprise-.jpeg 1260w, https:\/\/www.mes-allocs.fr\/guides\/wp-content\/uploads\/2021\/07\/entreprise--300x168.jpeg 300w, https:\/\/www.mes-allocs.fr\/guides\/wp-content\/uploads\/2021\/07\/entreprise--1024x575.jpeg 1024w, https:\/\/www.mes-allocs.fr\/guides\/wp-content\/uploads\/2021\/07\/entreprise--768x431.jpeg 768w, https:\/\/www.mes-allocs.fr\/guides\/wp-content\/uploads\/2021\/07\/entreprise--600x337.jpeg 600w\" sizes=\"auto, (max-width: 315px) 100vw, 315px\" \/>ceux-ci subissent une baisse d\u2019activit\u00e9 (baisse du temps de travail), pendant une dur\u00e9e limit\u00e9e. Cette pratique est encadr\u00e9e par le Code du Travail.<\/p>\n<p class=\"amp-wp-7d27179\" dir=\"ltr\" data-amp-original-style=\"text-align: justify;\">Dans ces conditions, l\u2019entreprise r\u00e9duit l\u2019ensemble de ses charges de personnel tout en conservant son effectif. Il existe aussi une autre nomination. Ce dispositif est aussi appel\u00e9 ch\u00f4mage partiel.<\/p>\n<h2 class=\"amp-wp-7d27179\" dir=\"ltr\" data-amp-original-style=\"text-align: justify;\"><span id=\"Qui_est_concerne\">A qui est-il destin\u00e9 ?\u00a0<\/span><\/h2>\n<p class=\"amp-wp-7d27179\" data-amp-original-style=\"text-align: justify;\">Le ch\u00f4mage partiel est une mesure collective, elle s\u2019applique donc \u00e0 tous les salari\u00e9s d\u2019un \u00e9tablissement ou \u00e0 aucun d\u2019entre eux. Cette indication peut varier selon les accords collectifs des entreprises. Le type de contrat du salari\u00e9 n\u2019influe pas sur ce dispositif. Que vous soyez \u00e0 temps partiel, \u00e0 domicile, en CDD ou CDI est sans incidence sur cette r\u00e8gle.<\/p>\n<div class=\"fiche-item amp-wp-7d27179\" data-amp-original-style=\"text-align: justify;\">\n<div id=\"fiche-item-1situation1\" class=\"fiche-item-content collapse in\" aria-expanded=\"true\" aria-hidden=\"false\">\n<p class=\"fiche-title-1\">Cependant, ce dispositif ne s\u2019applique pas \u00e0 tous. Si vous \u00eates dans l\u2019une des situations suivantes, vous n\u2019\u00eates pas concern\u00e9 par le dispositif de ch\u00f4mage partiel :<\/p>\n<ul>\n<li>Titulaire d\u2019un contrat de travail de droit fran\u00e7ais qui travaille \u00e0 l\u2019\u00e9tranger,<\/li>\n<li>Salari\u00e9 expatri\u00e9 titulaire d\u2019un contrat de droit local,<\/li>\n<li>Salari\u00e9 dont la r\u00e9duction ou la suspension de l\u2019activit\u00e9 professionnelle est due \u00e0 une discorde collectif de travail (gr\u00e8ve, notamment).<\/li>\n<\/ul>\n<p>Au-del\u00e0 des petites et moyennes entreprises, les associations figurent aussi dans le champ des structures \u00e9ligibles \u00e0 l\u2019activit\u00e9 partielle. Comme les entreprises, elles doivent respecter les motifs de recours pr\u00e9vus par la r\u00e9glementation. Les ressources sp\u00e9cifiques dont peuvent b\u00e9n\u00e9ficier les associations nous am\u00e8ne \u00e0 rappeler le principe selon lequel le recours \u00e0 l\u2019activit\u00e9 partielle ne pourrait avoir comme effet de financer deux fois les charges de personnel (une premi\u00e8re fois par des subventions \u00a0ext\u00e9rieures et une seconde fois par l\u2019activit\u00e9 partielle).<\/p>\n<p>Les demandes d\u00e9pos\u00e9es par les associations b\u00e9n\u00e9ficiant de subventions doivent donc respecter cette obligation.<\/p>\n<div class='cta-block'><div class='text'>Simulez toutes vos aides en 2 min.<\/div><a href='https:\/\/www.mes-allocs.fr\/ab-app?origin=guides\/wp-json\/wp\/v2\/posts\/32485' class='app-button fit'>Simulation gratuite<\/a><\/div>\n<h2 class=\"amp-wp-7d27179\" data-amp-original-style=\"text-align: justify;\"><span id=\"Le_calcul_de_lindemnite\">Le calcul de l\u2019indemnit\u00e9 de ch\u00f4mage technique\u00a0<\/span><\/h2>\n<p class=\"amp-wp-7d27179\" data-amp-original-style=\"text-align: justify;\">Pour le <a href=\"https:\/\/www.mes-allocs.fr\/guides\/chomage\/calculer-droit-chomage\">calcul de l\u2019indemnit\u00e9<\/a>, dans le d\u00e9tail, il s\u2019agit des heures non travaill\u00e9es qui sont prises en compte. Chaque heure de travail effectif doit \u00eatre pay\u00e9e normalement par l\u2019employeur.<\/p>\n<p class=\"amp-wp-7d27179\" data-amp-original-style=\"text-align: justify;\">Le nombre d\u2019heures \u00e9ligibles au dispositif de ch\u00f4mage partiel correspond \u00e0 la diff\u00e9rence entre la dur\u00e9e l\u00e9gale de travail (ou la dur\u00e9e stipul\u00e9e dans votre contrat de travail ou sur votre convention collective si elle d\u00e9roge \u00e0 la r\u00e8gle l\u00e9gale des 35 heures) et le nombre d\u2019heures travaill\u00e9es sur la p\u00e9riode de ch\u00f4mage partiel. Voici la formule :<\/p>\n<p class=\"amp-wp-cdd8ca0\" style=\"text-align: center;\" data-amp-original-style=\"text-align: center;\"><strong>Heures d\u00e9clar\u00e9es en ch\u00f4mage partiel\u00a0: dur\u00e9e l\u00e9gale du travail \u2013 heures travaill\u00e9es pendant la p\u00e9riode de ch\u00f4mage partiel.<\/strong><\/p>\n<p class=\"amp-wp-7d27179\" data-amp-original-style=\"text-align: justify;\">De nombreux param\u00e8tres vont rentrer en compte dans le calcul de l\u2019indemnit\u00e9. Si vous le faites \u00e0 partir du salaire brut, voici les primes qu\u2019il faudra prendre en compte :<\/p>\n<ul class=\"amp-wp-7d27179\" data-amp-original-style=\"text-align: justify;\">\n<li>La prime de nuit,<\/li>\n<li>La prime d\u2019\u00e9quipe,<\/li>\n<li>Lla prime d\u2019anciennet\u00e9,<\/li>\n<li>Et la prime d\u2019habillage.<\/li>\n<\/ul>\n<p><iframe loading=\"lazy\" title=\"Le ch\u00f4mage partiel\" width=\"500\" height=\"281\" src=\"https:\/\/www.youtube.com\/embed\/lNULAAGKO1s?feature=oembed\" frameborder=\"0\" allow=\"accelerometer; autoplay; clipboard-write; encrypted-media; gyroscope; picture-in-picture; web-share\" referrerpolicy=\"strict-origin-when-cross-origin\" allowfullscreen><\/iframe><\/p>\n<h1>Qu&rsquo;en est-il des employ\u00e9s en int\u00e9rim ?<\/h1>\n<h2>\u00cates-vous concern\u00e9 ?<\/h2>\n<p>Si vous travaillez en int\u00e9rim, vous pouvez b\u00e9n\u00e9ficier de ce dispositif si vous \u00e9tiez d\u00e9j\u00e0 en mission au moment du passage \u00e0 l\u2019activit\u00e9 partielle, et ce, jusqu\u2019au terme pr\u00e9vu par votre contrat. L\u2019Entreprise de Travail Temporaire peut uniquement formuler une demande :<img loading=\"lazy\" decoding=\"async\" class=\" wp-image-33219 alignright\" title=\"travail\" src=\"https:\/\/www.mes-allocs.fr\/guides\/wp-content\/uploads\/2021\/07\/travail-1.jpg\" alt=\"travail\" width=\"304\" height=\"203\" srcset=\"https:\/\/www.mes-allocs.fr\/guides\/wp-content\/uploads\/2021\/07\/travail-1.jpg 1125w, https:\/\/www.mes-allocs.fr\/guides\/wp-content\/uploads\/2021\/07\/travail-1-300x200.jpg 300w, https:\/\/www.mes-allocs.fr\/guides\/wp-content\/uploads\/2021\/07\/travail-1-1024x683.jpg 1024w, https:\/\/www.mes-allocs.fr\/guides\/wp-content\/uploads\/2021\/07\/travail-1-768x512.jpg 768w, https:\/\/www.mes-allocs.fr\/guides\/wp-content\/uploads\/2021\/07\/travail-1-600x400.jpg 600w\" sizes=\"auto, (max-width: 304px) 100vw, 304px\" \/><\/p>\n<ul>\n<li>si l\u2019entreprise utilisatrice a elle-m\u00eame plac\u00e9 ses salari\u00e9s sous contrat classique (CDD, CDI) en activit\u00e9 partielle,<\/li>\n<li>si l\u2019entreprise utilisatrice a suspendu, rompu ou annul\u00e9 un contrat de mise \u00e0 disposition sign\u00e9.<\/li>\n<\/ul>\n<p>D\u00e8s lors, vous b\u00e9n\u00e9ficiez de l\u2019indemnit\u00e9 ch\u00f4mage correspondante.<\/p>\n<p>Notez que la mise au ch\u00f4mage technique ne peut durer que le temps de votre contrat initial. Il ne peut \u00eatre prolong\u00e9 qu\u2019avec le renouvellement de votre contrat de mission d&rsquo; int\u00e9rim.<\/p>\n<div class='cta-block'><div class='text'>Simulez toutes vos aides en 2 min.<\/div><a href='https:\/\/www.mes-allocs.fr\/ab-app?origin=guides\/wp-json\/wp\/v2\/posts\/32485' class='app-button fit'>Simulation gratuite<\/a><\/div>\n<h2>Quelle est l&rsquo;indemnisation ?<\/h2>\n<p>Pour toute heure ch\u00f4m\u00e9e, les salari\u00e9s int\u00e9rimaires des entreprises de travail temporaire (CDI-Int\u00e9rimaire et missions \u00e0 temps complet sur un moins minimum) per\u00e7oivent une indemnit\u00e9 \u00e9gale \u00e0 70% de leur salaire brut (soit environ 84% du salaire net). Cette indemnit\u00e9 ne peut \u00eatre inf\u00e9rieure \u00e0 8,03\u20ac\/heure afin de garantir une r\u00e9mun\u00e9ration mensuelle minimale correspondant au SMIC.<\/p>\n<p>L&rsquo;indemnit\u00e9 vous est vers\u00e9e mensuellement aux \u00e9ch\u00e9ances habituelles de paie.<\/p>\n<p>A la fin de votre mission, vous pourrez vous inscrire \u00e0 P\u00f4le Emploi pour recevoir l&rsquo;allocation de ch\u00f4mage au titre des contrats perdus, si vous y avez droit.<\/p>\n<p>Si vous \u00eates \u00a0mis au ch\u00f4mage partiel, vos cong\u00e9s pay\u00e9s ne sont pas impact\u00e9 par cette mesure du ch\u00f4mage technique<\/p>\n<div class='cta-block'><div class='text'>Simulez toutes vos aides en 2 min.<\/div><a href='https:\/\/www.mes-allocs.fr\/ab-app?origin=guides\/wp-json\/wp\/v2\/posts\/32485' class='app-button fit'>Simulation gratuite<\/a><\/div>\n<\/div>\n<\/div>\n","protected":false},"excerpt":{"rendered":"<p>Se retrouver au ch\u00f4mage du jour au lendemain peut engendrer beaucoup d&rsquo;incertitudes. C&rsquo;est pour cette raison qu&rsquo;a \u00e9t\u00e9 mis en place le ch\u00f4mage technique. Dans cet article, nous allons voir s&rsquo;il est possible d&rsquo;\u00eatre mis en activit\u00e9 partielle si l&rsquo;on est en int\u00e9rim. Le ch\u00f4mage technique\u00a0 Qu&rsquo;est-ce que ce dispositif ? Le ch\u00f4mage technique est [&hellip;]<\/p>\n","protected":false},"author":6,"featured_media":32493,"comment_status":"open","ping_status":"open","sticky":false,"template":"","format":"standard","meta":{"amp_status":"","footnotes":""},"categories":[45628,2989],"tags":[],"class_list":["post-32485","post","type-post","status-publish","format-standard","has-post-thumbnail","hentry","category-chomage-partiel","category-chomage"],"yoast_head":"<!-- This site is optimized with the Yoast SEO plugin v14.9 - https:\/\/yoast.com\/wordpress\/plugins\/seo\/ -->\n<title>Peut-on \u00eatre au ch\u00f4mage technique en int\u00e9rim ? | Mes-Allocs.fr<\/title>\n<meta name=\"description\" content=\"Lorsque vous \u00eates en int\u00e9rim, le ch\u00f4mage technique peut \u00eatre une situation quelque peu compliqu\u00e9e. Mes Allocs vous dit tout sur la situation.\" \/>\n<meta name=\"robots\" content=\"index, follow, max-snippet:-1, max-image-preview:large, max-video-preview:-1\" \/>\n<link rel=\"canonical\" href=\"https:\/\/www.mes-allocs.fr\/guides\/chomage\/chomage-partiel\/chomage-partiel-interim\/\" \/>\n<meta property=\"og:locale\" content=\"fr_FR\" \/>\n<meta property=\"og:type\" content=\"article\" \/>\n<meta property=\"og:title\" content=\"Peut-on \u00eatre au ch\u00f4mage technique en int\u00e9rim ? | Mes-Allocs.fr\" \/>\n<meta property=\"og:description\" content=\"Lorsque vous \u00eates en int\u00e9rim, le ch\u00f4mage technique peut \u00eatre une situation quelque peu compliqu\u00e9e. Mes Allocs vous dit tout sur la situation.\" \/>\n<meta property=\"og:url\" content=\"https:\/\/www.mes-allocs.fr\/guides\/chomage\/chomage-partiel\/chomage-partiel-interim\/\" \/>\n<meta property=\"og:site_name\" content=\"Mes-Allocs.fr\" \/>\n<meta property=\"article:published_time\" content=\"2021-07-23T13:50:58+00:00\" \/>\n<meta property=\"article:modified_time\" content=\"2025-10-14T16:08:14+00:00\" \/>\n<meta property=\"og:image\" content=\"https:\/\/www.mes-allocs.fr\/guides\/wp-content\/uploads\/2021\/07\/travailleur-3.jpg?wsr\" \/>\n\t<meta property=\"og:image:width\" content=\"1125\" \/>\n\t<meta property=\"og:image:height\" content=\"750\" \/>\n<meta name=\"twitter:card\" content=\"summary_large_image\" \/>\n<script type=\"application\/ld+json\" class=\"yoast-schema-graph\">{\"@context\":\"https:\/\/schema.org\",\"@graph\":[{\"@type\":\"WebSite\",\"@id\":\"https:\/\/www.mes-allocs.fr\/guides\/#website\",\"url\":\"https:\/\/www.mes-allocs.fr\/guides\/\",\"name\":\"Mes-Allocs.fr\",\"description\":\"\",\"potentialAction\":[{\"@type\":\"SearchAction\",\"target\":\"https:\/\/www.mes-allocs.fr\/guides\/?s={search_term_string}\",\"query-input\":\"required name=search_term_string\"}],\"inLanguage\":\"fr-FR\"},{\"@type\":\"ImageObject\",\"@id\":\"https:\/\/www.mes-allocs.fr\/guides\/chomage\/chomage-partiel\/chomage-partiel-interim\/#primaryimage\",\"inLanguage\":\"fr-FR\",\"url\":\"https:\/\/www.mes-allocs.fr\/guides\/wp-content\/uploads\/2021\/07\/travailleur-3.jpg?wsr\",\"width\":1125,\"height\":750,\"caption\":\"travailleur\"},{\"@type\":\"WebPage\",\"@id\":\"https:\/\/www.mes-allocs.fr\/guides\/chomage\/chomage-partiel\/chomage-partiel-interim\/#webpage\",\"url\":\"https:\/\/www.mes-allocs.fr\/guides\/chomage\/chomage-partiel\/chomage-partiel-interim\/\",\"name\":\"Peut-on \\u00eatre au ch\\u00f4mage technique en int\\u00e9rim ? | Mes-Allocs.fr\",\"isPartOf\":{\"@id\":\"https:\/\/www.mes-allocs.fr\/guides\/#website\"},\"primaryImageOfPage\":{\"@id\":\"https:\/\/www.mes-allocs.fr\/guides\/chomage\/chomage-partiel\/chomage-partiel-interim\/#primaryimage\"},\"datePublished\":\"2021-07-23T13:50:58+00:00\",\"dateModified\":\"2025-10-14T16:08:14+00:00\",\"author\":{\"@id\":\"https:\/\/www.mes-allocs.fr\/guides\/#\/schema\/person\/0ecd61a8600573914d00d970a588c024\"},\"description\":\"Lorsque vous \\u00eates en int\\u00e9rim, le ch\\u00f4mage technique peut \\u00eatre une situation quelque peu compliqu\\u00e9e. Mes Allocs vous dit tout sur la situation.\",\"inLanguage\":\"fr-FR\"},{\"@type\":\"Person\",\"@id\":\"https:\/\/www.mes-allocs.fr\/guides\/#\/schema\/person\/0ecd61a8600573914d00d970a588c024\",\"name\":\"Jonathan\",\"image\":{\"@type\":\"ImageObject\",\"@id\":\"https:\/\/www.mes-allocs.fr\/guides\/#personlogo\",\"inLanguage\":\"fr-FR\",\"url\":\"https:\/\/www.mes-allocs.fr\/guides\/wp-content\/uploads\/2021\/06\/jonathan-150x150.png\",\"caption\":\"Jonathan\"},\"description\":\"Jonathan est r\\u00e9dacteur au sein de l'\\u00e9quipe Mes Allocs, sp\\u00e9cialis\\u00e9 sur les sujets li\\u00e9s au handicap. Dipl\\u00f4m\\u00e9e de l'UPEM, il rejoint Mes Allocs apr\\u00e8s avoir travaill\\u00e9 \\u00e0 l'association AEDE qui accompagne les adultes en situation de handicap. Quand il n'\\u00e9crit pas, on peut le retrouver sur un terrain de basket.\",\"sameAs\":[\"https:\/\/www.linkedin.com\/in\/jonathan-bambela-8637861b7\"]}]}<\/script>\n<!-- \/ Yoast SEO plugin. -->","amp_validity":null,"acf":{"faq":{"1":{"question":"Les chefs d'entreprise peuvent-ils \u00eatre au ch\u00f4mage technique ?","answer":"Oui absolument, si l'entreprise arr\u00eate totalement son activit\u00e9, un chef d'entreprise peut \u00eatre au ch\u00f4mage technique. Cependant, cela doit \u00eatre \u00e9crit dans les accords collectifs de l'entreprise."},"2":{"question":"Les personnes dans la fonction publique peuvent-elles \u00eatre au ch\u00f4mage technique ?","answer":"Suite \u00e0 la pand\u00e9mie mondiale, les salari\u00e9s qui ne peuvent se rendre sur leur lieu de travail pour diverses raisons, il existe un moyen pour \u00eatre plac\u00e9 au ch\u00f4mage technique."},"3":{"question":"Quelle est la diff\u00e9rence entre le ch\u00f4mage technique et le ch\u00f4mage partiel ?","answer":"Entre ces deux termes, il n'y a pas de r\u00e9elle diff\u00e9rence entre le ch\u00f4mage technique et partiel. Le terme officiel est activit\u00e9 partielle."},"4":{"question":"Dans quel cas nous ne pouvons pas percevoir les indemnit\u00e9s de ch\u00f4mage partiel ?","answer":"Les personnes titulaire d\u2019un contrat de travail de droit fran\u00e7ais qui travaille \u00e0 l\u2019\u00e9tranger, les salari\u00e9s expatri\u00e9s titulaire d\u2019un contrat de droit local ou encore les salari\u00e9s dont la r\u00e9duction ou la suspension de l\u2019activit\u00e9 professionnelle est due \u00e0 un discorde collectif de travail ne peuvent b\u00e9n\u00e9ficier de l'indemnit\u00e9."},"5":{"question":"Comment est vers\u00e9 cette indemnit\u00e9 ?","answer":"L'indemnit\u00e9 li\u00e9e au ch\u00f4mage technique est vers\u00e9e tous les mois. Le versement s'effectue \u00e0 la m\u00eame date que votre salaire normal."},"6":{"question":"","answer":""},"7":{"question":"","answer":""},"8":{"question":"","answer":""},"9":{"question":"","answer":""},"10":{"question":"","answer":""},"11":{"question":"","answer":""},"12":{"question":"","answer":""},"13":{"question":"","answer":""},"14":{"question":"","answer":""},"15":{"question":"","answer":""},"16":{"question":"","answer":""}}},"_links":{"self":[{"href":"https:\/\/www.mes-allocs.fr\/guides\/wp-json\/wp\/v2\/posts\/32485","targetHints":{"allow":["GET"]}}],"collection":[{"href":"https:\/\/www.mes-allocs.fr\/guides\/wp-json\/wp\/v2\/posts"}],"about":[{"href":"https:\/\/www.mes-allocs.fr\/guides\/wp-json\/wp\/v2\/types\/post"}],"author":[{"embeddable":true,"href":"https:\/\/www.mes-allocs.fr\/guides\/wp-json\/wp\/v2\/users\/6"}],"replies":[{"embeddable":true,"href":"https:\/\/www.mes-allocs.fr\/guides\/wp-json\/wp\/v2\/comments?post=32485"}],"version-history":[{"count":11,"href":"https:\/\/www.mes-allocs.fr\/guides\/wp-json\/wp\/v2\/posts\/32485\/revisions"}],"predecessor-version":[{"id":101983,"href":"https:\/\/www.mes-allocs.fr\/guides\/wp-json\/wp\/v2\/posts\/32485\/revisions\/101983"}],"wp:featuredmedia":[{"embeddable":true,"href":"https:\/\/www.mes-allocs.fr\/guides\/wp-json\/wp\/v2\/media\/32493"}],"wp:attachment":[{"href":"https:\/\/www.mes-allocs.fr\/guides\/wp-json\/wp\/v2\/media?parent=32485"}],"wp:term":[{"taxonomy":"category","embeddable":true,"href":"https:\/\/www.mes-allocs.fr\/guides\/wp-json\/wp\/v2\/categories?post=32485"},{"taxonomy":"post_tag","embeddable":true,"href":"https:\/\/www.mes-allocs.fr\/guides\/wp-json\/wp\/v2\/tags?post=32485"}],"curies":[{"name":"wp","href":"https:\/\/api.w.org\/{rel}","templated":true}]}}