{"id":32465,"date":"2021-07-12T17:59:04","date_gmt":"2021-07-12T15:59:04","guid":{"rendered":"https:\/\/www.mes-allocs.fr\/guides\/?p=32465"},"modified":"2025-06-12T11:41:53","modified_gmt":"2025-06-12T09:41:53","slug":"nombre-heures-pole-emploi-auto-entrepreneur","status":"publish","type":"post","link":"https:\/\/www.mes-allocs.fr\/guides\/chomage\/pole-emploi-actualisation\/actualisation-pole-emploi-auto-entrepreneur\/nombre-heures-pole-emploi-auto-entrepreneur\/","title":{"rendered":"Quel nombre d&rsquo;heures en auto-entreprise d\u00e9clarer \u00e0 France Travail ?"},"content":{"rendered":"<p><img loading=\"lazy\" decoding=\"async\" class=\"alignnone wp-image-32467 \" title=\"entrepreneur\" src=\"https:\/\/www.mes-allocs.fr\/guides\/wp-content\/uploads\/2021\/07\/entrepreneur-1-1-e1625797677228-1024x346.jpg\" alt=\"entrepreneur\" width=\"1435\" height=\"485\" srcset=\"https:\/\/www.mes-allocs.fr\/guides\/wp-content\/uploads\/2021\/07\/entrepreneur-1-1-e1625797677228-1024x346.jpg 1024w, https:\/\/www.mes-allocs.fr\/guides\/wp-content\/uploads\/2021\/07\/entrepreneur-1-1-e1625797677228-300x101.jpg 300w, https:\/\/www.mes-allocs.fr\/guides\/wp-content\/uploads\/2021\/07\/entrepreneur-1-1-e1625797677228-768x259.jpg 768w, https:\/\/www.mes-allocs.fr\/guides\/wp-content\/uploads\/2021\/07\/entrepreneur-1-1-e1625797677228-600x203.jpg 600w, https:\/\/www.mes-allocs.fr\/guides\/wp-content\/uploads\/2021\/07\/entrepreneur-1-1-e1625797677228.jpg 1280w\" sizes=\"auto, (max-width: 1435px) 100vw, 1435px\" \/><\/p>\n<div class=\"elementor-element elementor-element-2622815 hello-post elementor-widget elementor-widget-theme-post-content nitro-offscreen\" data-id=\"2622815\" data-element_type=\"widget\" data-widget_type=\"theme-post-content.default\">\n<div class=\"elementor-widget-container\">\n<p>Au <a href=\"https:\/\/www.mes-allocs.fr\/guides\/chomage\/\">ch\u00f4mage<\/a>, m\u00eame si vous avez lanc\u00e9 votre activit\u00e9 ind\u00e9pendante, vous devez continuer \u00e0 actualiser votre situation chaque mois aupr\u00e8s de France Travail. L\u2019un des \u00e9l\u00e9ments \u00e0 d\u00e9clarer est le nombre d\u2019heures travaill\u00e9es au titre de votre micro-entreprise, m\u00eame si vous ne touchez plus d\u2019allocations ou n\u2019avez g\u00e9n\u00e9r\u00e9 aucun chiffre d&rsquo;affaires. Dans cet article, d\u00e9couvrez comment<b> d\u00e9clarer votre nombre d&rsquo;heures \u00e0 France Travail en tant qu\u2019auto-entrepreneur<\/b>, quelles r\u00e8gles appliquer et que faire en cas d\u2019erreur dans votre d\u00e9claration.<\/p>\n<div class='cta-block'><div class='text'>Simulez toutes vos Aides en 2 min.<\/div><a href='https:\/\/www.mes-allocs.fr\/ab-app?origin=guides\/wp-json\/wp\/v2\/posts\/32465' class='app-button fit'>Simulation gratuite<\/a><\/div>\n<h1>Comment fonctionne l\u2019actualisation France travail pour un auto-entrepreneur ?<\/h1>\n<h2>Pourquoi l\u2019actualisation est obligatoire pour un auto-entrepreneur ?<\/h2>\n<p>Chaque mois, vous \u00eates tenu de proc\u00e9der \u00e0 l\u2019actualisation de votre situation aupr\u00e8s de France Travail (anciennement P\u00f4le Emploi), une <b>obligation<\/b> qui concerne tous les demandeurs d\u2019emploi, y compris ceux qui exercent une activit\u00e9 d\u2019auto-entrepreneur, qu\u2019elle soit principale ou secondaire.<\/p>\n<p>M\u00eame si vous n\u2019avez r\u00e9alis\u00e9 aucun chiffre d\u2019affaires, vous devez d\u00e9clarer votre situation.<\/p>\n<h2>Quelles informations devez-vous d\u00e9clarer en tant qu\u2019auto-entrepreneur ?<\/h2>\n<p>Lors de votre actualisation France Travail, les informations li\u00e9es \u00e0 votre activit\u00e9 d\u2019auto-entrepreneur qui doivent \u00eatre d\u00e9clar\u00e9es sont :<\/p>\n<ul>\n<li aria-level=\"1\"><b>Le nombre d\u2019heures travaill\u00e9es dans le mois<\/b> : une estimation du temps consacr\u00e9 \u00e0 votre activit\u00e9 non salari\u00e9e.<\/li>\n<li aria-level=\"1\"><b>Le montant de vos revenus d\u2019activit\u00e9 soumis \u00e0 cotisation sociale avant un abattement \u00e9ventuel <\/b>: votre chiffre d\u2019affaires encaiss\u00e9 sur la p\u00e9riode, sans d\u00e9duire l\u2019abattement fiscal. Si vous n\u2019avez rien encaiss\u00e9, indiquez 0.<\/li>\n<li aria-level=\"1\"><b>Le maintien ou non de votre inscription comme demandeur d\u2019emploi<\/b> : vous devez pr\u00e9ciser si vous voulez rester inscrit \u00e0 France Travail.<\/li>\n<\/ul>\n<div class='cta-block'><div class='text'>Simulez toutes vos Aides en 2 min.<\/div><a href='https:\/\/www.mes-allocs.fr\/ab-app?origin=guides\/wp-json\/wp\/v2\/posts\/32465' class='app-button fit'>Simulation gratuite<\/a><\/div>\n<h1>Nombre d\u2019heures \u00e0 d\u00e9clarer : comment s\u2019y prendre en tant qu\u2019auto-entrepreneur ?<\/h1>\n<h2>Devez-vous d\u00e9clarer un nombre d\u2019heures chaque mois ?<\/h2>\n<p><b>Oui<\/b>, chaque mois, lors de votre actualisation aupr\u00e8s de France Travail, vous devez indiquer une estimation du <b>nombre d\u2019heures consacr\u00e9es \u00e0 votre activit\u00e9 d\u2019auto-entrepreneur<\/b>. Cette \u00e9tape fait partie int\u00e9grante du processus d\u2019actualisation et permet de suivre l\u2019\u00e9volution de votre activit\u00e9, m\u00eame si vous ne touchez pas d\u2019indemnisation ou que vous n\u2019avez pas g\u00e9n\u00e9r\u00e9 de chiffre d\u2019affaires ce mois-l\u00e0.<\/p>\n<h2>Combien d\u2019heures faut-il d\u00e9clarer \u00e0 France Travail en tant qu\u2019auto-entrepreneur ?<\/h2>\n<p>L\u2019<b>estimation<\/b> de votre nombre d&rsquo;heures \u00e0 d\u00e9clarer est laiss\u00e9e \u00e0 votre appr\u00e9ciation, car il n\u2019existe pas de r\u00e8gle uniforme imposant un minimum ou un maximum d\u2019heure. Il s\u2019agit de refl\u00e9ter la r\u00e9alit\u00e9 de votre engagement professionnel sur la p\u00e9riode concern\u00e9e. Si vous n\u2019avez pas travaill\u00e9 durant le mois, certains formulaires peuvent rendre difficile la d\u00e9claration de \u201c0 heure\u201d. Dans ce cas, vous devez contacter votre conseiller.<\/p>\n<p>Si vous cumulez votre micro-entreprise avec une activit\u00e9 salari\u00e9e, vous devez <b>additionner le nombre d\u2019heures travaill\u00e9es dans chacune de vos activit\u00e9s<\/b>. Le total est \u00e0 renseigner lors de votre actualisation mensuelle. Cela permet \u00e0 France Travail d\u2019avoir une vision de votre charge de travail mensuelle et d\u2019ajuster si besoin vos droits ou votre accompagnement.<\/p>\n<p><iframe loading=\"lazy\" title=\"Tout savoir sur le ch\u00f4mage en France !\" width=\"500\" height=\"281\" src=\"https:\/\/www.youtube.com\/embed\/jgv9qS4jh7k?feature=oembed\" frameborder=\"0\" allow=\"accelerometer; autoplay; clipboard-write; encrypted-media; gyroscope; picture-in-picture; web-share\" referrerpolicy=\"strict-origin-when-cross-origin\" allowfullscreen><\/iframe><\/p>\n<h1>Est-ce que le nombre d\u2019heures impacte le calcul de l\u2019ARE ?<\/h1>\n<p>Le nombre d\u2019heures que vous d\u00e9clarez \u00e0 France Travail en tant qu\u2019auto-entrepreneur <b>n\u2019impacte pas directement le montant de l\u2019Allocation de Retour \u00e0 l\u2019Emploi<\/b> (ARE). La d\u00e9claration permet \u00e0 France Travail de suivre votre activit\u00e9 et de v\u00e9rifier la coh\u00e9rence de votre situation par rapport \u00e0 vos droits. Ce sont surtout les revenus issus de votre activit\u00e9 qui sont pris en compte dans le calcul de l\u2019ARE.<\/p>\n<p>En revanche, ce sont surtout des revenus issus de votre activit\u00e9 qui sont pris en compte dans le calcul de votre ARE.<\/p>\n<p>Le calcul de l\u2019ARE partielle repose sur la soustraction de 70 % des revenus bruts issus de votre entreprise. au montant de l\u2019ARE mensuelle th\u00e9orique. Par exemple, si vous r\u00e9alisez un chiffre d\u2019affaires, France Travail applique un abattement, puis d\u00e9duit 70 % de ce revenu net du montant de votre allocation ch\u00f4mage mensuelle.<\/p>\n<h1>Que faire en cas d\u2019erreur dans la d\u00e9claration du nombre d\u2019heures ?<\/h1>\n<p>Si vous avez fait une erreur dans la d\u00e9claration du nombre d&rsquo;heures travaill\u00e9es lors de votre actualisation mensuelle, France Travail vous permet de corriger cette information. Vous pouvez la<b> modifier en contactant votre conseiller France Travail <\/b>notamment par t\u00e9l\u00e9phone ou \u00e0 partir de votre espace personnel. Il pourra alors r\u00e9gulariser votre situation, mais il peut y avoir un d\u00e9lai dans le versement de vos allocations, voire une demande de remboursement en cas de trop-per\u00e7ues.<\/p>\n<p>Vous devez <b>rapidement signaler l\u2019erreur<\/b> si c\u2019est le cas, car une fausse d\u00e9claration, m\u00eame involontaire, peut entra\u00eener des sanctions telles que la radiation de la liste des demandeurs d\u2019emploi ou la suppression partielle ou totale de vos allocations.<\/p>\n<div class='shortcode summary'><div class='title'>En r\u00e9sum\u00e9 :<\/div><div class='content'><ul><li>En tant qu\u2019auto-entrepreneurs inscrits \u00e0 France Travail, vous devez estimer et d\u00e9clarer chaque mois le nombre d\u2019heures consacr\u00e9es \u00e0 votre activit\u00e9, m\u00eame en l\u2019absence de chiffre d\u2019affaires. Cela fait partie int\u00e9grante du processus d\u2019actualisation.<\/li><li>La d\u00e9claration repose sur votre propre estimation, en fonction du temps r\u00e9ellement pass\u00e9 \u00e0 travailler sur votre micro-entreprise. Il n\u2019existe aucun minimum ou maximum impos\u00e9, mais l\u2019estimation doit rester coh\u00e9rente avec votre activit\u00e9.<\/li><li>Le nombre d&rsquo;heures d\u00e9clar\u00e9es \u00e0 France Travail n\u2019a pas d\u2019impact direct sur le montant de l\u2019ARE. Ce sont vos revenus mensuels issus de votre auto-entreprise qui sont pris en compte pour ajuster vos allocations.<\/li><li>Une erreur dans la d\u00e9claration du nombre d&rsquo;heures travaill\u00e9es peut \u00eatre rectifi\u00e9e avec l\u2019aide de votre conseiller.<\/li><\/ul><\/div><\/div>\n<div class='cta-block'><div class='text'>Simulez toutes vos Aides en 2 min.<\/div><a href='https:\/\/www.mes-allocs.fr\/ab-app?origin=guides\/wp-json\/wp\/v2\/posts\/32465' class='app-button fit'>Simulation gratuite<\/a><\/div>\n<\/div>\n<\/div>\n","protected":false},"excerpt":{"rendered":"<p>Au ch\u00f4mage, m\u00eame si vous avez lanc\u00e9 votre activit\u00e9 ind\u00e9pendante, vous devez continuer \u00e0 actualiser votre situation chaque mois aupr\u00e8s de France Travail. L\u2019un des \u00e9l\u00e9ments \u00e0 d\u00e9clarer est le nombre d\u2019heures travaill\u00e9es au titre de votre micro-entreprise, m\u00eame si vous ne touchez plus d\u2019allocations ou n\u2019avez g\u00e9n\u00e9r\u00e9 aucun chiffre d&rsquo;affaires. Dans cet article, d\u00e9couvrez [&hellip;]<\/p>\n","protected":false},"author":7,"featured_media":32455,"comment_status":"open","ping_status":"open","sticky":false,"template":"","format":"standard","meta":{"amp_status":"","footnotes":""},"categories":[45047,2989,3007],"tags":[],"class_list":["post-32465","post","type-post","status-publish","format-standard","has-post-thumbnail","hentry","category-actualisation-pole-emploi-auto-entrepreneur","category-chomage","category-pole-emploi-actualisation"],"yoast_head":"<!-- This site is optimized with the Yoast SEO plugin v14.9 - https:\/\/yoast.com\/wordpress\/plugins\/seo\/ -->\n<title>Quel nombre d&#039;heures en auto-entreprise d\u00e9clarer \u00e0 France Travail ?<\/title>\n<meta name=\"description\" content=\"Vous \u00eates un auto-entrepreneur inscrit \u00e0 France Travail ? D\u00e9couvrez comment d\u00e9clarer votre nombre d&#039;heures et \u00e9viter les erreurs.\" \/>\n<meta name=\"robots\" content=\"index, follow, max-snippet:-1, max-image-preview:large, max-video-preview:-1\" \/>\n<link rel=\"canonical\" href=\"https:\/\/www.mes-allocs.fr\/guides\/chomage\/pole-emploi-actualisation\/actualisation-pole-emploi-auto-entrepreneur\/nombre-heures-pole-emploi-auto-entrepreneur\/\" \/>\n<meta property=\"og:locale\" content=\"fr_FR\" \/>\n<meta property=\"og:type\" content=\"article\" \/>\n<meta property=\"og:title\" content=\"Quel nombre d&#039;heures en auto-entreprise d\u00e9clarer \u00e0 France Travail ?\" \/>\n<meta property=\"og:description\" content=\"Vous \u00eates un auto-entrepreneur inscrit \u00e0 France Travail ? D\u00e9couvrez comment d\u00e9clarer votre nombre d&#039;heures et \u00e9viter les erreurs.\" \/>\n<meta property=\"og:url\" content=\"https:\/\/www.mes-allocs.fr\/guides\/chomage\/pole-emploi-actualisation\/actualisation-pole-emploi-auto-entrepreneur\/nombre-heures-pole-emploi-auto-entrepreneur\/\" \/>\n<meta property=\"og:site_name\" content=\"Mes-Allocs.fr\" \/>\n<meta property=\"article:published_time\" content=\"2021-07-12T15:59:04+00:00\" \/>\n<meta property=\"article:modified_time\" content=\"2025-06-12T09:41:53+00:00\" \/>\n<meta property=\"og:image\" content=\"https:\/\/www.mes-allocs.fr\/guides\/wp-content\/uploads\/2021\/07\/De\u0301claration-trimestrielle-de-ressources.jpg?wsr\" \/>\n\t<meta property=\"og:image:width\" content=\"1280\" \/>\n\t<meta property=\"og:image:height\" content=\"853\" \/>\n<meta name=\"twitter:card\" content=\"summary_large_image\" \/>\n<script type=\"application\/ld+json\" class=\"yoast-schema-graph\">{\"@context\":\"https:\/\/schema.org\",\"@graph\":[{\"@type\":\"WebSite\",\"@id\":\"https:\/\/www.mes-allocs.fr\/guides\/#website\",\"url\":\"https:\/\/www.mes-allocs.fr\/guides\/\",\"name\":\"Mes-Allocs.fr\",\"description\":\"\",\"potentialAction\":[{\"@type\":\"SearchAction\",\"target\":\"https:\/\/www.mes-allocs.fr\/guides\/?s={search_term_string}\",\"query-input\":\"required name=search_term_string\"}],\"inLanguage\":\"fr-FR\"},{\"@type\":\"ImageObject\",\"@id\":\"https:\/\/www.mes-allocs.fr\/guides\/chomage\/pole-emploi-actualisation\/actualisation-pole-emploi-auto-entrepreneur\/nombre-heures-pole-emploi-auto-entrepreneur\/#primaryimage\",\"inLanguage\":\"fr-FR\",\"url\":\"https:\/\/www.mes-allocs.fr\/guides\/wp-content\/uploads\/2021\/07\/De\\u0301claration-trimestrielle-de-ressources.jpg?wsr\",\"width\":1280,\"height\":853,\"caption\":\"Actualisation pole emploi cr\\u00e9ation d'entreprise\"},{\"@type\":\"WebPage\",\"@id\":\"https:\/\/www.mes-allocs.fr\/guides\/chomage\/pole-emploi-actualisation\/actualisation-pole-emploi-auto-entrepreneur\/nombre-heures-pole-emploi-auto-entrepreneur\/#webpage\",\"url\":\"https:\/\/www.mes-allocs.fr\/guides\/chomage\/pole-emploi-actualisation\/actualisation-pole-emploi-auto-entrepreneur\/nombre-heures-pole-emploi-auto-entrepreneur\/\",\"name\":\"Quel nombre d'heures en auto-entreprise d\\u00e9clarer \\u00e0 France Travail ?\",\"isPartOf\":{\"@id\":\"https:\/\/www.mes-allocs.fr\/guides\/#website\"},\"primaryImageOfPage\":{\"@id\":\"https:\/\/www.mes-allocs.fr\/guides\/chomage\/pole-emploi-actualisation\/actualisation-pole-emploi-auto-entrepreneur\/nombre-heures-pole-emploi-auto-entrepreneur\/#primaryimage\"},\"datePublished\":\"2021-07-12T15:59:04+00:00\",\"dateModified\":\"2025-06-12T09:41:53+00:00\",\"author\":{\"@id\":\"https:\/\/www.mes-allocs.fr\/guides\/#\/schema\/person\/1c4837d5703727cb02ce84583b5a44aa\"},\"description\":\"Vous \\u00eates un auto-entrepreneur inscrit \\u00e0 France Travail ? D\\u00e9couvrez comment d\\u00e9clarer votre nombre d'heures et \\u00e9viter les erreurs.\",\"inLanguage\":\"fr-FR\"},{\"@type\":\"Person\",\"@id\":\"https:\/\/www.mes-allocs.fr\/guides\/#\/schema\/person\/1c4837d5703727cb02ce84583b5a44aa\",\"name\":\"Fabiola\",\"image\":{\"@type\":\"ImageObject\",\"@id\":\"https:\/\/www.mes-allocs.fr\/guides\/#personlogo\",\"inLanguage\":\"fr-FR\",\"url\":\"https:\/\/www.mes-allocs.fr\/guides\/wp-content\/uploads\/2021\/06\/fabiola-150x150.png\",\"caption\":\"Fabiola\"},\"description\":\"Fabiola est r\\u00e9dactrice au sein de l'\\u00e9quipe Mes Allocs, sp\\u00e9cialis\\u00e9e en sciences politiques et affaires publiques. Dipl\\u00f4m\\u00e9e de l'HEIP, elle rejoint Mes Allocs apr\\u00e8s une premi\\u00e8re exp\\u00e9rience \\u00e0 l'Assembl\\u00e9e Nationale.\",\"sameAs\":[\"https:\/\/www.linkedin.com\/in\/cecilia-philippe-b-8a8085195\"]}]}<\/script>\n<!-- \/ Yoast SEO plugin. -->","amp_validity":null,"acf":{"faq":{"1":{"question":"Quelle date pour s'actualiser au France Travail ?","answer":"L'actualisation aupr\u00e8s de France Travail doit se faire chaque mois entre le 28 du mois et le 15 du mois suivant.\r\n<br> <a href=\"https:\/\/www.mes-allocs.fr\/guides\/pole-emploi-actualisation\/pole-emploi-dates-actualisation\/\">Lire la suite<\/a>"},"2":{"question":"Qui doit s'actualiser aupr\u00e8s de France Travail ?","answer":"D\u00e8s lors que vous percevez des allocations ch\u00f4mage, vous devez vous actualiser tous les mois sous peine d'\u00eatre radi\u00e9 de France Travail."},"3":{"question":"Qu'est-ce que l'actualisation France Travail ?","answer":"L'actualisation France Travail mensuelle permet la mise \u00e0 jour de sa situation afin d'\u00eatre en mesure de recevoir l'Aide au Retour \u00e0 l'Emploi."},"4":{"question":"Comment faire pour actualiser \u00e0 France Travail ?","answer":"Pour d\u00e9clarer votre situation chaque mois, vous pouvez :\r\n-Par internet sur le site de France Travail\r\n-Sur l'application mobile \"Mon espace\"\r\n-Par t\u00e9l\u00e9phone en composant le 39 49 ."},"5":{"question":"Comment France Travail sait si on travaille ?","answer":"France Travail re\u00e7oit de l'urssaf les fichiers de d\u00e9claration pr\u00e9alable \u00e0 l'embauche et est directement inform\u00e9 si une demandeur d'emploi retrouve un travail."},"6":{"question":"","answer":""},"7":{"question":"","answer":""},"8":{"question":"","answer":""},"9":{"question":"","answer":""},"10":{"question":"","answer":""},"11":{"question":"","answer":""},"12":{"question":"","answer":""},"13":{"question":"","answer":""},"14":{"question":"","answer":""},"15":{"question":"","answer":""},"16":{"question":"","answer":""}}},"_links":{"self":[{"href":"https:\/\/www.mes-allocs.fr\/guides\/wp-json\/wp\/v2\/posts\/32465","targetHints":{"allow":["GET"]}}],"collection":[{"href":"https:\/\/www.mes-allocs.fr\/guides\/wp-json\/wp\/v2\/posts"}],"about":[{"href":"https:\/\/www.mes-allocs.fr\/guides\/wp-json\/wp\/v2\/types\/post"}],"author":[{"embeddable":true,"href":"https:\/\/www.mes-allocs.fr\/guides\/wp-json\/wp\/v2\/users\/7"}],"replies":[{"embeddable":true,"href":"https:\/\/www.mes-allocs.fr\/guides\/wp-json\/wp\/v2\/comments?post=32465"}],"version-history":[{"count":16,"href":"https:\/\/www.mes-allocs.fr\/guides\/wp-json\/wp\/v2\/posts\/32465\/revisions"}],"predecessor-version":[{"id":100181,"href":"https:\/\/www.mes-allocs.fr\/guides\/wp-json\/wp\/v2\/posts\/32465\/revisions\/100181"}],"wp:featuredmedia":[{"embeddable":true,"href":"https:\/\/www.mes-allocs.fr\/guides\/wp-json\/wp\/v2\/media\/32455"}],"wp:attachment":[{"href":"https:\/\/www.mes-allocs.fr\/guides\/wp-json\/wp\/v2\/media?parent=32465"}],"wp:term":[{"taxonomy":"category","embeddable":true,"href":"https:\/\/www.mes-allocs.fr\/guides\/wp-json\/wp\/v2\/categories?post=32465"},{"taxonomy":"post_tag","embeddable":true,"href":"https:\/\/www.mes-allocs.fr\/guides\/wp-json\/wp\/v2\/tags?post=32465"}],"curies":[{"name":"wp","href":"https:\/\/api.w.org\/{rel}","templated":true}]}}