{"id":32205,"date":"2021-07-09T22:09:27","date_gmt":"2021-07-09T20:09:27","guid":{"rendered":"https:\/\/www.mes-allocs.fr\/guides\/?p=32205"},"modified":"2025-10-21T09:49:13","modified_gmt":"2025-10-21T07:49:13","slug":"transfert-dossier-rsa","status":"publish","type":"post","link":"https:\/\/www.mes-allocs.fr\/guides\/caisse-allocations-familiales\/caf-changement-adresse\/transfert-dossier-rsa\/","title":{"rendered":"RSA : comment faire un transfert de dossier CAF ?"},"content":{"rendered":"<p><img loading=\"lazy\" decoding=\"async\" class=\"aligncenter wp-image-32212 size-full\" title=\"dossier\" src=\"https:\/\/www.mes-allocs.fr\/guides\/wp-content\/uploads\/2021\/07\/dossier-3-e1685612832204.jpeg\" alt=\"transfert dossier caf rsa\" width=\"1125\" height=\"230\" \/><\/p>\n<p style=\"text-align: justify;\"><strong>Lorsque vous \u00eates au <a href=\"https:\/\/www.mes-allocs.fr\/guides\/rsa\">RSA<\/a>, votre antenne locale de la CAF d\u00e9tient votre dossier. En cas de d\u00e9m\u00e9nagement, ce dossier est transf\u00e9r\u00e9 vers votre nouvelle antenne. Mes Allocs vous explique tout.<\/strong><\/p>\n<p><span style=\"font-weight: 400;\"><div class='cta-block'><div class='text'>Simulez toutes vos aides en 2 min.<\/div><a href='https:\/\/www.mes-allocs.fr\/ab-app?origin=guides\/wp-json\/wp\/v2\/posts\/32205' class='app-button fit'>Simulation gratuite<\/a><\/div><\/span><\/p>\n<h1 style=\"text-align: justify;\">Le transfert de dossier<\/h1>\n<h2 style=\"text-align: justify;\">Comment \u00e7a se passe ?<\/h2>\n<p style=\"text-align: justify;\">Lorsque vous d\u00e9m\u00e9nagez, votre adresse change naturellement. Vous devez signaler ce changement aupr\u00e8s de pas mal de services. Cela peut \u00eatre pour votre carte d&rsquo;identit\u00e9, pour votre banque ou encore pour votre travail.<\/p>\n<p style=\"text-align: justify;\">Il est important de ne pas oublier les services de la Caisse d&rsquo;Allocations Familiales (CAF). Il est tr\u00e8s important de signaler tout changement d&rsquo;adresse \u00e0 la CAF car cela peut affecter votre RSA.<\/p>\n<h2>Que faire ?<\/h2>\n<p style=\"text-align: justify;\">En cas de changement d&rsquo;adresse, vous devez d\u00e9clarer votre nouvelle adresse aupr\u00e8s des services en ligne de la CAF. Cela se passe sur le site de la CAF, dans l\u2019espace Mon Compte, rubrique D\u00e9clarer un changement.<\/p>\n<p style=\"text-align: justify;\">Il est aussi important de signaler si vous changez de domicile, car cela peut affecter vos aides au logement. Si vous b\u00e9n\u00e9ficiez de l\u2019aide personnelle au logement, il est important pour vous de faire une demande pour ma nouvelle adresse, notamment si vous changez de d\u00e9partement.<\/p>\n<p style=\"text-align: justify;\">Vous pouvez aussi faire une nouvelle demande en ligne aupr\u00e8s de votre nouvelle CAF.<\/p>\n<p style=\"text-align: justify;\">Pour \u00e9viter tout retard de versement du RSA, vous devez d\u00e9clarer imm\u00e9diatement votre\u00a0changement d\u2019adresse via la d\u00e9marche en ligne dans l\u2019Espace Mon Compte. Il en va de m\u00eame pour les changements de situation. Pour ne pas perdre de droits, je dois faire la demande d\u00e8s mon entr\u00e9e dans les lieux, car le versement de l\u2019allocation logement peut commencer le mois suivant mon emm\u00e9nagement.<\/p>\n<p style=\"text-align: justify;\">Il est important de s&rsquo;informer sur les aides aupr\u00e8s de la CAF car, au-del\u00e0 du retard de versement, il y a aussi les situations de trop-per\u00e7u.<\/p>\n<h1 class=\"amp-wp-7d27179\" style=\"text-align: justify;\" data-amp-original-style=\"text-align: justify;\"><span id=\"Le_RSA_definition_et_conditions_dacces\">Le RSA : d\u00e9finition et conditions d\u2019acc\u00e8s<\/span><\/h1>\n<h2 class=\"amp-wp-7d27179\" style=\"text-align: justify;\" data-amp-original-style=\"text-align: justify;\"><span id=\"Definition\">D\u00e9finition<\/span><\/h2>\n<p class=\"amp-wp-7d27179\" style=\"text-align: justify;\" data-amp-original-style=\"text-align: justify;\">Le Revenu de Solidarit\u00e9 Active (RSA) est une prestation de nature financi\u00e8re qui est vers\u00e9e par la Caisse d\u2019Allocations Familiales. Elle permet aux personnes ayant un faible revenu ou n\u2019ayant pas de revenu de b\u00e9n\u00e9ficier d\u2019un compl\u00e9ment qui lui garantira un revenu minimal pour vivre.<\/p>\n<p class=\"amp-wp-7d27179\" style=\"text-align: justify;\" data-amp-original-style=\"text-align: justify;\">Au niveau de la gestion, c\u2019est le conseil d\u00e9partemental de votre d\u00e9partement qui s\u2019en charge. Le RSA est vers\u00e9 par la CAF ou la Mutualit\u00e9 Sociale Agricole (MSA). En contrepartie de cette somme vers\u00e9e aux allocataires, ils ont une obligation de chercher une activit\u00e9 professionnelle.<\/p>\n<p class=\"amp-wp-7d27179\" style=\"text-align: justify;\" data-amp-original-style=\"text-align: justify;\">Cette activit\u00e9 professionnelle peut correspondre \u00e0 la recherche d\u2019un emploi, \u00e0 une formation ou un stage. Le RSA, dans le cadre des politiques sociales en France s\u2019inscrit dans les aides solidaires.<\/p>\n<p class=\"amp-wp-7d27179\" style=\"text-align: justify;\" data-amp-original-style=\"text-align: justify;\">Le RSA a quelque peu \u00e9volu\u00e9. En effet, depuis le <time class=\"nowrap\" datetime=\"2016-01-01\" data-sort-value=\"2016-01-01\"><abbr class=\"abbr\" title=\"premier\">1<sup>er<\/sup><\/abbr>\u00a0janvier 2016<\/time>, le RSA activit\u00e9 et la prime pour l\u2019emploi ont \u00e9t\u00e9 remplac\u00e9s par la prime d\u2019activit\u00e9.\u00a0Le RSA n\u2019\u00e9tant pas parvenu \u00e0 r\u00e9duire la pauvret\u00e9, ce nouveau dispositif est n\u00e9. Ce qu\u2019il reste du RSA, c\u2019est le \u201cRSA socle\u201d qui \u00e9tait la deuxi\u00e8me composante du RSA jusqu\u2019en 2016.\u00a0<sup id=\"cite_ref-4\" class=\"reference\"><\/sup><\/p>\n<p>&nbsp;<\/p>\n<p style=\"text-align: center;\"><iframe loading=\"lazy\" src=\"\/\/www.youtube.com\/embed\/2aMlunSI1-U?t=32s\" width=\"560\" height=\"314\" allowfullscreen=\"allowfullscreen\" data-mce-fragment=\"1\"><\/iframe><\/p>\n<p>&nbsp;<\/p>\n<h2 class=\"amp-wp-7d27179\" style=\"text-align: justify;\" data-amp-original-style=\"text-align: justify;\"><span id=\"Conditions_dattribution\">Conditions d\u2019attribution<\/span><\/h2>\n<p class=\"amp-wp-7d27179\" style=\"text-align: justify;\" data-amp-original-style=\"text-align: justify;\">Comme pour toutes les aides sociales de la CAF, elles sont attribu\u00e9es selon certaines conditions. Premi\u00e8rement, les b\u00e9n\u00e9ficiaires du RSA doivent \u00eatre \u00e2g\u00e9s de plus de 25 ans. Une d\u00e9rogation est faite si vous \u00eates enceintes ou que vous avez un enfant \u00e0 charge.<\/p>\n<p class=\"amp-wp-7d27179\" style=\"text-align: justify;\" data-amp-original-style=\"text-align: justify;\">Si vous avez entre 18 et 25 ans, vous pouvez aussi en b\u00e9n\u00e9ficier. Seulement il faut que sur les\u00a0trois derni\u00e8res ann\u00e9es, vous ayez exerc\u00e9 une activit\u00e9 \u00e0 plein temps sur deux ans minimums. Cette sp\u00e9cificit\u00e9 est nomm\u00e9e le RSA Jeune.<\/p>\n<p class=\"amp-wp-7d27179\" style=\"text-align: justify;\" data-amp-original-style=\"text-align: justify;\">Au-del\u00e0 de ces sp\u00e9cialit\u00e9s, voici les conditions d\u2019attribution :<\/p>\n<ul class=\"amp-wp-7d27179\" style=\"text-align: justify;\" data-amp-original-style=\"text-align: justify;\">\n<li class=\"amp-wp-7d27179\" data-amp-original-style=\"text-align: justify;\"><span class=\"amp-wp-fe3f5cc\" data-amp-original-style=\"font-weight: 400;\">Vous habitez en France de fa\u00e7on stable, plus de 6 mois par an,<\/span><\/li>\n<li class=\"amp-wp-7d27179\" data-amp-original-style=\"text-align: justify;\"><span class=\"amp-wp-fe3f5cc\" data-amp-original-style=\"font-weight: 400;\">Vous \u00eates fran\u00e7ais, citoyen de l\u2019Espace \u00c9conomique Europ\u00e9en (EEE), suisse tout en vous justifiant d\u2019un droit de s\u00e9jour, ou enfin vous \u00eates ressortissant d\u2019un autre pays et vous r\u00e9sidez en France depuis 5 ans\u00a0<\/span><\/li>\n<li class=\"amp-wp-7d27179\" data-amp-original-style=\"text-align: justify;\"><span class=\"amp-wp-fe3f5cc\" data-amp-original-style=\"font-weight: 400;\">Les ressources mensuelles moyennes de votre foyer pendant les 3 mois qui pr\u00e9c\u00e8dent votre demande ne doivent pas d\u00e9passer un certain seuil (voir le montant plus bas).\u00a0<\/span><\/li>\n<li class=\"amp-wp-7d27179\" data-amp-original-style=\"text-align: justify;\"><span class=\"amp-wp-fe3f5cc\" data-amp-original-style=\"font-weight: 400;\">Vous devez avoir fait valoir vos droits concernant toute autre prestation sociale (comme l\u2019allocation ch\u00f4mage, la retraite) \u00e0 laquelle vous pouvez pr\u00e9tendre. Autrement dit, vous ne pouvez percevoir le RSA que si vous n\u2019avez pas ou plus le droit \u00e0 une autre aide, par exemple \u00e0 la fin de votre p\u00e9riode d\u2019indemnisation de ch\u00f4mage.<\/span><\/li>\n<\/ul>\n<p>&nbsp;<\/p>\n<div class='cta-block'><div class='text'>Simulez vos aides en 2 min.<\/div><a href='https:\/\/www.mes-allocs.fr\/ab-app?origin=guides\/wp-json\/wp\/v2\/posts\/32205' class='app-button fit'>Simulation gratuite<\/a><\/div>\n","protected":false},"excerpt":{"rendered":"<p>Lorsque vous \u00eates au RSA, votre antenne locale de la CAF d\u00e9tient votre dossier. En cas de d\u00e9m\u00e9nagement, ce dossier est transf\u00e9r\u00e9 vers votre nouvelle antenne. Mes Allocs vous explique tout. Le transfert de dossier Comment \u00e7a se passe ? Lorsque vous d\u00e9m\u00e9nagez, votre adresse change naturellement. Vous devez signaler ce changement aupr\u00e8s de pas [&hellip;]<\/p>\n","protected":false},"author":6,"featured_media":32212,"comment_status":"open","ping_status":"open","sticky":false,"template":"","format":"standard","meta":{"amp_status":"","footnotes":""},"categories":[12327,14],"tags":[],"class_list":["post-32205","post","type-post","status-publish","format-standard","has-post-thumbnail","hentry","category-caf-changement-adresse","category-rsa"],"yoast_head":"<!-- This site is optimized with the Yoast SEO plugin v14.9 - https:\/\/yoast.com\/wordpress\/plugins\/seo\/ -->\n<title>RSA : comment faire un transfert de dossier CAF ? | Mes-Allocs.fr<\/title>\n<meta name=\"description\" content=\"Lorsque vous d\u00e9m\u00e9nagez, votre dossier RSA est aussi transf\u00e9r\u00e9 vers votre nouvelle antenne CAF. Mes Allocs vous explique tout.\" \/>\n<meta name=\"robots\" content=\"index, follow, max-snippet:-1, max-image-preview:large, max-video-preview:-1\" \/>\n<link rel=\"canonical\" href=\"https:\/\/www.mes-allocs.fr\/guides\/caisse-allocations-familiales\/caf-changement-adresse\/transfert-dossier-rsa\/\" \/>\n<meta property=\"og:locale\" content=\"fr_FR\" \/>\n<meta property=\"og:type\" content=\"article\" \/>\n<meta property=\"og:title\" content=\"RSA : comment faire un transfert de dossier CAF ? | Mes-Allocs.fr\" \/>\n<meta property=\"og:description\" content=\"Lorsque vous d\u00e9m\u00e9nagez, votre dossier RSA est aussi transf\u00e9r\u00e9 vers votre nouvelle antenne CAF. Mes Allocs vous explique tout.\" \/>\n<meta property=\"og:url\" content=\"https:\/\/www.mes-allocs.fr\/guides\/caisse-allocations-familiales\/caf-changement-adresse\/transfert-dossier-rsa\/\" \/>\n<meta property=\"og:site_name\" content=\"Mes-Allocs.fr\" \/>\n<meta property=\"article:published_time\" content=\"2021-07-09T20:09:27+00:00\" \/>\n<meta property=\"article:modified_time\" content=\"2025-10-21T07:49:13+00:00\" \/>\n<meta property=\"og:image\" content=\"https:\/\/www.mes-allocs.fr\/guides\/wp-content\/uploads\/2021\/07\/dossier-3.jpeg?wsr\" \/>\n\t<meta property=\"og:image:width\" content=\"1125\" \/>\n\t<meta property=\"og:image:height\" content=\"750\" \/>\n<meta name=\"twitter:card\" content=\"summary_large_image\" \/>\n<script type=\"application\/ld+json\" class=\"yoast-schema-graph\">{\"@context\":\"https:\/\/schema.org\",\"@graph\":[{\"@type\":\"WebSite\",\"@id\":\"https:\/\/www.mes-allocs.fr\/guides\/#website\",\"url\":\"https:\/\/www.mes-allocs.fr\/guides\/\",\"name\":\"Mes-Allocs.fr\",\"description\":\"\",\"potentialAction\":[{\"@type\":\"SearchAction\",\"target\":\"https:\/\/www.mes-allocs.fr\/guides\/?s={search_term_string}\",\"query-input\":\"required name=search_term_string\"}],\"inLanguage\":\"fr-FR\"},{\"@type\":\"ImageObject\",\"@id\":\"https:\/\/www.mes-allocs.fr\/guides\/caisse-allocations-familiales\/caf-changement-adresse\/transfert-dossier-rsa\/#primaryimage\",\"inLanguage\":\"fr-FR\",\"url\":\"https:\/\/www.mes-allocs.fr\/guides\/wp-content\/uploads\/2021\/07\/dossier-3.jpeg?wsr\",\"width\":1125,\"height\":750,\"caption\":\"dossier\"},{\"@type\":\"WebPage\",\"@id\":\"https:\/\/www.mes-allocs.fr\/guides\/caisse-allocations-familiales\/caf-changement-adresse\/transfert-dossier-rsa\/#webpage\",\"url\":\"https:\/\/www.mes-allocs.fr\/guides\/caisse-allocations-familiales\/caf-changement-adresse\/transfert-dossier-rsa\/\",\"name\":\"RSA : comment faire un transfert de dossier CAF ? | Mes-Allocs.fr\",\"isPartOf\":{\"@id\":\"https:\/\/www.mes-allocs.fr\/guides\/#website\"},\"primaryImageOfPage\":{\"@id\":\"https:\/\/www.mes-allocs.fr\/guides\/caisse-allocations-familiales\/caf-changement-adresse\/transfert-dossier-rsa\/#primaryimage\"},\"datePublished\":\"2021-07-09T20:09:27+00:00\",\"dateModified\":\"2025-10-21T07:49:13+00:00\",\"author\":{\"@id\":\"https:\/\/www.mes-allocs.fr\/guides\/#\/schema\/person\/0ecd61a8600573914d00d970a588c024\"},\"description\":\"Lorsque vous d\\u00e9m\\u00e9nagez, votre dossier RSA est aussi transf\\u00e9r\\u00e9 vers votre nouvelle antenne CAF. Mes Allocs vous explique tout.\",\"inLanguage\":\"fr-FR\"},{\"@type\":\"Person\",\"@id\":\"https:\/\/www.mes-allocs.fr\/guides\/#\/schema\/person\/0ecd61a8600573914d00d970a588c024\",\"name\":\"Jonathan\",\"image\":{\"@type\":\"ImageObject\",\"@id\":\"https:\/\/www.mes-allocs.fr\/guides\/#personlogo\",\"inLanguage\":\"fr-FR\",\"url\":\"https:\/\/www.mes-allocs.fr\/guides\/wp-content\/uploads\/2021\/06\/jonathan-150x150.png\",\"caption\":\"Jonathan\"},\"description\":\"Jonathan est r\\u00e9dacteur au sein de l'\\u00e9quipe Mes Allocs, sp\\u00e9cialis\\u00e9 sur les sujets li\\u00e9s au handicap. Dipl\\u00f4m\\u00e9e de l'UPEM, il rejoint Mes Allocs apr\\u00e8s avoir travaill\\u00e9 \\u00e0 l'association AEDE qui accompagne les adultes en situation de handicap. Quand il n'\\u00e9crit pas, on peut le retrouver sur un terrain de basket.\",\"sameAs\":[\"https:\/\/www.linkedin.com\/in\/jonathan-bambela-8637861b7\"]}]}<\/script>\n<!-- \/ Yoast SEO plugin. -->","amp_validity":null,"acf":{"faq":{"1":{"question":"Quelles sont les conditions li\u00e9es au RSA ?","answer":"Les conditions d'\u00e9ligibilit\u00e9 pour obtenir le RSA peuvent varier en fonction de votre nationalit\u00e9 ainsi que vos ressources. Faites la simulation gratuite directement sur le site de Mes Allocs pour conna\u00eetre tous vos droits d'\u00e9ligibilit\u00e9s."},"2":{"question":"Qui est \u00e9ligible au RSA ?","answer":"Vous pouvez demander le RSA si vous \u00eates \u00e2g\u00e9 d'au moins 25 ans et que vous r\u00e9sidez en France de mani\u00e8re stable et effective. Il n'y a pas d'\u00e2ge plafond pour b\u00e9n\u00e9ficier du RSA."},"3":{"question":"Quel est le d\u00e9lai pour informer la CAF d'un changement ?","answer":"Il n'y a pas de r\u00e9el d\u00e9lai pour informer la CAF. Vous devez le faire le plus rapidement possible."},"4":{"question":"Quand s'arr\u00eate le versement du RSA ?","answer":"Le RSA ne vous est plus vers\u00e9 si : vous ne respectez pas vos obligations, vous \u00eates hospitalis\u00e9, ou si vous \u00eates incarc\u00e9r\u00e9."},"5":{"question":"Est-ce que les \u00e9trangers ont droit au RSA ?","answer":"Les \u00e9trangers ont le droit de toucher le RSA. Des conditions suppl\u00e9mentaires peuvent s'ajouter (titre de s\u00e9jour, etc.)"},"6":{"question":"","answer":""},"7":{"question":"","answer":""},"8":{"question":"","answer":""},"9":{"question":"","answer":""},"10":{"question":"","answer":""},"11":{"question":"","answer":""},"12":{"question":"","answer":""},"13":{"question":"","answer":""},"14":{"question":"","answer":""},"15":{"question":"","answer":""},"16":{"question":"","answer":""}}},"_links":{"self":[{"href":"https:\/\/www.mes-allocs.fr\/guides\/wp-json\/wp\/v2\/posts\/32205","targetHints":{"allow":["GET"]}}],"collection":[{"href":"https:\/\/www.mes-allocs.fr\/guides\/wp-json\/wp\/v2\/posts"}],"about":[{"href":"https:\/\/www.mes-allocs.fr\/guides\/wp-json\/wp\/v2\/types\/post"}],"author":[{"embeddable":true,"href":"https:\/\/www.mes-allocs.fr\/guides\/wp-json\/wp\/v2\/users\/6"}],"replies":[{"embeddable":true,"href":"https:\/\/www.mes-allocs.fr\/guides\/wp-json\/wp\/v2\/comments?post=32205"}],"version-history":[{"count":22,"href":"https:\/\/www.mes-allocs.fr\/guides\/wp-json\/wp\/v2\/posts\/32205\/revisions"}],"predecessor-version":[{"id":101499,"href":"https:\/\/www.mes-allocs.fr\/guides\/wp-json\/wp\/v2\/posts\/32205\/revisions\/101499"}],"wp:featuredmedia":[{"embeddable":true,"href":"https:\/\/www.mes-allocs.fr\/guides\/wp-json\/wp\/v2\/media\/32212"}],"wp:attachment":[{"href":"https:\/\/www.mes-allocs.fr\/guides\/wp-json\/wp\/v2\/media?parent=32205"}],"wp:term":[{"taxonomy":"category","embeddable":true,"href":"https:\/\/www.mes-allocs.fr\/guides\/wp-json\/wp\/v2\/categories?post=32205"},{"taxonomy":"post_tag","embeddable":true,"href":"https:\/\/www.mes-allocs.fr\/guides\/wp-json\/wp\/v2\/tags?post=32205"}],"curies":[{"name":"wp","href":"https:\/\/api.w.org\/{rel}","templated":true}]}}