{"id":32204,"date":"2021-07-07T15:20:25","date_gmt":"2021-07-07T13:20:25","guid":{"rendered":"https:\/\/www.mes-allocs.fr\/guides\/?p=32204"},"modified":"2026-04-03T14:40:16","modified_gmt":"2026-04-03T13:40:16","slug":"gratuite-transport-marseille-rsa","status":"publish","type":"post","link":"https:\/\/www.mes-allocs.fr\/guides\/rsa\/aide-transport-rsa\/gratuite-transport-marseille-rsa\/","title":{"rendered":"RSA et gratuit\u00e9 des transports \u00e0 Marseille : comment en b\u00e9n\u00e9ficier ?"},"content":{"rendered":"<p><img loading=\"lazy\" decoding=\"async\" class=\"aligncenter wp-image-32333\" title=\"transport\" src=\"https:\/\/www.mes-allocs.fr\/guides\/wp-content\/uploads\/2021\/07\/transport-3-e1625647292199.jpeg\" alt=\"transport\" width=\"1200\" height=\"404\" \/><\/p>\n<p style=\"text-align: justify;\">[Mis \u00e0 jour le <span data-sheets-root=\"1\">03\/04\/2026<\/span>] En tant qu&rsquo;allocataire du <a href=\"https:\/\/www.mes-allocs.fr\/guides\/rsa\">RSA<\/a>, vous pouvez b\u00e9n\u00e9ficier de multiples droits en plus de l&rsquo;allocation. Vous pouvez par exemple b\u00e9n\u00e9ficier de la gratuit\u00e9 des transports en commun. Dans cet article, nous allons voir si c&rsquo;est le cas dans la ville de Marseille en 2026.<\/p>\n<div class='cta-block'><div class='text'>Simulez vos aides en 2 min.<\/div><a href='https:\/\/www.mes-allocs.fr\/ab-app?origin=guides\/wp-json\/wp\/v2\/posts\/32204' class='app-button fit'>Simulation gratuite<\/a><\/div>\n<h1 style=\"text-align: justify;\" data-amp-original-style=\"text-align: justify;\">La gratuit\u00e9 des transports pour Marseille<\/h1>\n<h2 style=\"text-align: justify;\" data-amp-original-style=\"text-align: justify;\">Comment en b\u00e9n\u00e9ficier ?<\/h2>\n<p style=\"text-align: justify;\">L&rsquo;agglom\u00e9ration de Marseille a mis en place un tarif sp\u00e9cial pour les b\u00e9n\u00e9ficiaires du RSA. En effet, vous pouvez b\u00e9n\u00e9ficier de la gratuit\u00e9 des transports. Cette libre circulation vous permet de voyager en illimit\u00e9 sur la zone BLEUE : r\u00e9seau RTM (Bus, M\u00e9tro, Tramway, la navette, Ferry Boat) ainsi que sur d&rsquo;autres r\u00e9seaux urbains.<\/p>\n<p style=\"text-align: justify;\">Pour en b\u00e9n\u00e9ficier, il faut \u00eatre domicili\u00e9 sur une des 18 communes du territoire de Marseille Provence, \u00eatre b\u00e9n\u00e9ficiaire du RSA socle et titulaire d\u2019un Contrat d\u2019Engagement R\u00e9ciproque avec le D\u00e9partement des Bouches-du-Rh\u00f4ne et enfin, \u00eatre inscrit \u00e0 P\u00f4le Emploi et mobilis\u00e9 sur une action d&rsquo;insertion \u00e0 vis\u00e9e professionnelle, seulement pour une dur\u00e9e de 12 mois maximum depuis l&rsquo;entr\u00e9e au RSA.<\/p>\n<h2 style=\"text-align: justify;\">Le dossier<\/h2>\n<p style=\"text-align: justify;\">Pour b\u00e9n\u00e9ficier de cette tarification sp\u00e9ciale, il vous suffit de pr\u00e9senter une pi\u00e8ce d\u2019identit\u00e9 du titulaire du Pass recto\/verso ou recto et une attestation d&rsquo;ouverture de droit RSA Socle.<\/p>\n<p style=\"text-align: justify;\">En ce qui concerne les points de ventes, les voici :<\/p>\n<ul class=\"field-items ul-style\" style=\"text-align: justify;\">\n<li class=\"field-item\">Points d&rsquo;accueil M\u00e9tro : Castellane, Saint-Charles, Vieux-Port, Noailles, G\u00e8ze, La Rose, Sainte-Marguerite<\/li>\n<li class=\"field-item\">Espace Service Client Bourse (6 rue des Fabres, 13001)<\/li>\n<\/ul>\n<h1 class=\"amp-wp-7d27179\" style=\"text-align: justify;\" data-amp-original-style=\"text-align: justify;\"><span id=\"Petit_rappel_sur_le_RSA\">Petit rappel sur le RSA<\/span><\/h1>\n<p>&nbsp;<\/p>\n<p style=\"text-align: center;\"><iframe loading=\"lazy\" src=\"\/\/www.youtube.com\/embed\/2aMlunSI1-U?t=32s\" width=\"560\" height=\"314\" allowfullscreen=\"allowfullscreen\" data-mce-fragment=\"1\"><\/iframe><\/p>\n<p>&nbsp;<\/p>\n<h2 class=\"amp-wp-7d27179\" style=\"text-align: justify;\" data-amp-original-style=\"text-align: justify;\"><span id=\"Definition\">D\u00e9finition<\/span><\/h2>\n<p class=\"amp-wp-7d27179\" style=\"text-align: justify;\" data-amp-original-style=\"text-align: justify;\">Le Revenu de Solidarit\u00e9 Active (RSA) est une prestation de nature financi\u00e8re qui est vers\u00e9e par la Caisse d\u2019Allocations Familiales. Elle permet aux personnes ayant un faible revenu ou n\u2019ayant pas de revenu de b\u00e9n\u00e9ficier d\u2019un compl\u00e9ment qui lui garantira un revenu minimal pour vivre.<\/p>\n<p class=\"amp-wp-7d27179\" style=\"text-align: justify;\" data-amp-original-style=\"text-align: justify;\">Au niveau de la gestion, c\u2019est le conseil d\u00e9partemental de votre d\u00e9partement qui s\u2019en charge. Le RSA est vers\u00e9 par la CAF ou la Mutualit\u00e9 Sociale Agricole (MSA). En contrepartie de cette somme vers\u00e9e aux allocataires, ils ont une obligation de chercher une activit\u00e9 professionnelle.<\/p>\n<p class=\"amp-wp-7d27179\" style=\"text-align: justify;\" data-amp-original-style=\"text-align: justify;\">Cette activit\u00e9 professionnelle peut correspondre \u00e0 la recherche d\u2019un emploi, \u00e0 une formation ou un stage. Le RSA, dans le cadre des politiques sociales en France s\u2019inscrit dans les aides solidaires.<\/p>\n<p class=\"amp-wp-7d27179\" style=\"text-align: justify;\" data-amp-original-style=\"text-align: justify;\">Le RSA a quelque peu \u00e9volu\u00e9. La prime d&rsquo;activit\u00e9 remplace le RSA activit\u00e9 et la prime pour l\u2019emploi depuis janvier 2016.\u00a0Ce qu\u2019il reste du RSA, c\u2019est le \u201cRSA socle\u201d qui \u00e9tait la deuxi\u00e8me composante du RSA jusqu\u2019en 2016.\u00a0<sup id=\"cite_ref-4\" class=\"reference\"><\/sup><\/p>\n<p style=\"text-align: justify;\" data-amp-original-style=\"text-align: justify;\"><div class='cta-block'><div class='text'>Simulez vos aides en 2 min.<\/div><a href='https:\/\/www.mes-allocs.fr\/ab-app?origin=guides\/wp-json\/wp\/v2\/posts\/32204' class='app-button fit'>Simulation gratuite<\/a><\/div><\/p>\n<h2 class=\"amp-wp-7d27179\" style=\"text-align: justify;\" data-amp-original-style=\"text-align: justify;\"><span id=\"Conditions_dattribution\">Conditions d\u2019attribution<\/span><\/h2>\n<p class=\"amp-wp-7d27179\" style=\"text-align: justify;\" data-amp-original-style=\"text-align: justify;\">Comme pour toutes les aides sociales de la CAF, elles sont attribu\u00e9es selon certaines conditions.\u00a0Premi\u00e8rement, les b\u00e9n\u00e9ficiaires du RSA doivent \u00eatre \u00e2g\u00e9s de plus de 25 ans. Une d\u00e9rogation est faite si vous \u00eates enceintes ou que vous avez un enfant \u00e0 charge.<\/p>\n<p class=\"amp-wp-7d27179\" style=\"text-align: justify;\" data-amp-original-style=\"text-align: justify;\">Si vous avez entre 18 et 25 ans, vous pouvez aussi en b\u00e9n\u00e9ficier. Seulement il faut que sur les trois derni\u00e8res ann\u00e9es, vous ayez exerc\u00e9 une activit\u00e9 \u00e0 plein temps sur deux ans minimums. Cette sp\u00e9cificit\u00e9 est nomm\u00e9e le RSA Jeune.<\/p>\n<p class=\"amp-wp-7d27179\" style=\"text-align: justify;\" data-amp-original-style=\"text-align: justify;\">Au-del\u00e0 de ces sp\u00e9cialit\u00e9s, voici les conditions d\u2019attribution :<\/p>\n<ul class=\"amp-wp-7d27179\" style=\"text-align: justify;\" data-amp-original-style=\"text-align: justify;\">\n<li class=\"amp-wp-7d27179\" data-amp-original-style=\"text-align: justify;\"><span class=\"amp-wp-fe3f5cc\" data-amp-original-style=\"font-weight: 400;\">Vous habitez en France de fa\u00e7on stable, plus de 6 mois par an ;<\/span><\/li>\n<li class=\"amp-wp-7d27179\" data-amp-original-style=\"text-align: justify;\"><span class=\"amp-wp-fe3f5cc\" data-amp-original-style=\"font-weight: 400;\">Vous \u00eates fran\u00e7ais, citoyen de l\u2019Espace \u00c9conomique Europ\u00e9en (EEE), suisse tout en vous justifiant d\u2019un droit de s\u00e9jour, ou enfin vous \u00eates ressortissant d\u2019un autre pays et vous r\u00e9sidez en France depuis 5 ans\u00a0<\/span><\/li>\n<li class=\"amp-wp-7d27179\" data-amp-original-style=\"text-align: justify;\"><span class=\"amp-wp-fe3f5cc\" data-amp-original-style=\"font-weight: 400;\">Les ressources mensuelles moyennes de votre foyer pendant les 3 mois qui pr\u00e9c\u00e8dent votre demande ne doivent pas d\u00e9passer un certain seuil (voir le montant plus bas).\u00a0<\/span><\/li>\n<li class=\"amp-wp-7d27179\" data-amp-original-style=\"text-align: justify;\"><span class=\"amp-wp-fe3f5cc\" data-amp-original-style=\"font-weight: 400;\">Vous devez avoir fait valoir vos droits concernant toute autre prestation sociale (comme l\u2019allocation ch\u00f4mage, la retraite) \u00e0 laquelle vous pouvez pr\u00e9tendre. Autrement dit, vous ne pouvez percevoir le RSA que si vous n\u2019avez pas ou plus le droit \u00e0 une autre aide, par exemple \u00e0 la fin de votre p\u00e9riode d\u2019indemnisation de ch\u00f4mage.<\/span><\/li>\n<li data-amp-original-style=\"text-align: justify;\">Vous devez d\u00e9sormais r\u00e9aliser entre <strong>15 et 20 heures d&rsquo;activit\u00e9s par semaine<\/strong>, ce qui peut inclure la recherche d&#8217;emploi ou des formations.<\/li>\n<\/ul>\n<p data-amp-original-style=\"text-align: justify;\">Depuis <strong data-start=\"7\" data-end=\"26\">mars 2025<\/strong>, la <strong data-start=\"277\" data-end=\"321\">d\u00e9claration trimestrielle est simplifi\u00e9e<\/strong> gr\u00e2ce \u00e0 un <strong data-start=\"333\" data-end=\"358\">formulaire pr\u00e9-rempli<\/strong>, int\u00e9grant automatiquement certains revenus avec la possibilit\u00e9 de corrections. Par ailleurs, les <strong data-start=\"457\" data-end=\"495\">p\u00e9riodes de d\u00e9claration ont chang\u00e9<\/strong>: depuis mars, il faut d\u00e9clarer les revenus de <strong data-start=\"543\" data-end=\"576\">novembre, d\u00e9cembre et janvier<\/strong>, au lieu de <strong data-start=\"589\" data-end=\"621\">d\u00e9cembre, janvier et f\u00e9vrier <\/strong>auparavant. Cette modification vise \u00e0 <strong data-start=\"660\" data-end=\"723\">r\u00e9duire les erreurs et acc\u00e9l\u00e9rer le traitement des dossiers <\/strong>pour un versement plus fluide.<\/p>\n<div class='cta-block'><div class='text'>Simulez vos aides en 2 min.<\/div><a href='https:\/\/www.mes-allocs.fr\/ab-app?origin=guides\/wp-json\/wp\/v2\/posts\/32204' class='app-button fit'>Simulation gratuite<\/a><\/div>\n<div class=\"cta-block\" style=\"text-align: justify;\"><\/div>\n","protected":false},"excerpt":{"rendered":"<p>[Mis \u00e0 jour le 03\/04\/2026] En tant qu&rsquo;allocataire du RSA, vous pouvez b\u00e9n\u00e9ficier de multiples droits en plus de l&rsquo;allocation. Vous pouvez par exemple b\u00e9n\u00e9ficier de la gratuit\u00e9 des transports en commun. Dans cet article, nous allons voir si c&rsquo;est le cas dans la ville de Marseille en 2026. La gratuit\u00e9 des transports pour Marseille [&hellip;]<\/p>\n","protected":false},"author":6,"featured_media":32333,"comment_status":"open","ping_status":"open","sticky":false,"template":"","format":"standard","meta":{"amp_status":"","footnotes":""},"categories":[8282,14],"tags":[],"class_list":["post-32204","post","type-post","status-publish","format-standard","has-post-thumbnail","hentry","category-aide-transport-rsa","category-rsa"],"yoast_head":"<!-- This site is optimized with the Yoast SEO plugin v14.9 - https:\/\/yoast.com\/wordpress\/plugins\/seo\/ -->\n<title>RSA et gratuit\u00e9 des transports \u00e0 Marseille : comment en b\u00e9n\u00e9ficier ?<\/title>\n<meta name=\"description\" content=\"Si vous avez le RSA et que vous habitez Marseille, vous pouvez b\u00e9n\u00e9ficier de la gratuit\u00e9 des transports. Mes Allocs vous explique tout.\" \/>\n<meta name=\"robots\" content=\"index, follow, max-snippet:-1, max-image-preview:large, max-video-preview:-1\" \/>\n<link rel=\"canonical\" href=\"https:\/\/www.mes-allocs.fr\/guides\/rsa\/aide-transport-rsa\/gratuite-transport-marseille-rsa\/\" \/>\n<meta property=\"og:locale\" content=\"fr_FR\" \/>\n<meta property=\"og:type\" content=\"article\" \/>\n<meta property=\"og:title\" content=\"RSA et gratuit\u00e9 des transports \u00e0 Marseille : comment en b\u00e9n\u00e9ficier ?\" \/>\n<meta property=\"og:description\" content=\"Si vous avez le RSA et que vous habitez Marseille, vous pouvez b\u00e9n\u00e9ficier de la gratuit\u00e9 des transports. Mes Allocs vous explique tout.\" \/>\n<meta property=\"og:url\" content=\"https:\/\/www.mes-allocs.fr\/guides\/rsa\/aide-transport-rsa\/gratuite-transport-marseille-rsa\/\" \/>\n<meta property=\"og:site_name\" content=\"Mes-Allocs.fr\" \/>\n<meta property=\"article:published_time\" content=\"2021-07-07T13:20:25+00:00\" \/>\n<meta property=\"article:modified_time\" content=\"2026-04-03T13:40:16+00:00\" \/>\n<meta property=\"og:image\" content=\"https:\/\/www.mes-allocs.fr\/guides\/wp-content\/uploads\/2021\/07\/transport-3.jpeg?wsr\" \/>\n\t<meta property=\"og:image:width\" content=\"1107\" \/>\n\t<meta property=\"og:image:height\" content=\"750\" \/>\n<meta name=\"twitter:card\" content=\"summary_large_image\" \/>\n<script type=\"application\/ld+json\" class=\"yoast-schema-graph\">{\"@context\":\"https:\/\/schema.org\",\"@graph\":[{\"@type\":\"WebSite\",\"@id\":\"https:\/\/www.mes-allocs.fr\/guides\/#website\",\"url\":\"https:\/\/www.mes-allocs.fr\/guides\/\",\"name\":\"Mes-Allocs.fr\",\"description\":\"\",\"potentialAction\":[{\"@type\":\"SearchAction\",\"target\":\"https:\/\/www.mes-allocs.fr\/guides\/?s={search_term_string}\",\"query-input\":\"required name=search_term_string\"}],\"inLanguage\":\"fr-FR\"},{\"@type\":\"ImageObject\",\"@id\":\"https:\/\/www.mes-allocs.fr\/guides\/rsa\/aide-transport-rsa\/gratuite-transport-marseille-rsa\/#primaryimage\",\"inLanguage\":\"fr-FR\",\"url\":\"https:\/\/www.mes-allocs.fr\/guides\/wp-content\/uploads\/2021\/07\/transport-3.jpeg?wsr\",\"width\":1107,\"height\":750,\"caption\":\"transport\"},{\"@type\":\"WebPage\",\"@id\":\"https:\/\/www.mes-allocs.fr\/guides\/rsa\/aide-transport-rsa\/gratuite-transport-marseille-rsa\/#webpage\",\"url\":\"https:\/\/www.mes-allocs.fr\/guides\/rsa\/aide-transport-rsa\/gratuite-transport-marseille-rsa\/\",\"name\":\"RSA et gratuit\\u00e9 des transports \\u00e0 Marseille : comment en b\\u00e9n\\u00e9ficier ?\",\"isPartOf\":{\"@id\":\"https:\/\/www.mes-allocs.fr\/guides\/#website\"},\"primaryImageOfPage\":{\"@id\":\"https:\/\/www.mes-allocs.fr\/guides\/rsa\/aide-transport-rsa\/gratuite-transport-marseille-rsa\/#primaryimage\"},\"datePublished\":\"2021-07-07T13:20:25+00:00\",\"dateModified\":\"2026-04-03T13:40:16+00:00\",\"author\":{\"@id\":\"https:\/\/www.mes-allocs.fr\/guides\/#\/schema\/person\/0ecd61a8600573914d00d970a588c024\"},\"description\":\"Si vous avez le RSA et que vous habitez Marseille, vous pouvez b\\u00e9n\\u00e9ficier de la gratuit\\u00e9 des transports. Mes Allocs vous explique tout.\",\"inLanguage\":\"fr-FR\"},{\"@type\":\"Person\",\"@id\":\"https:\/\/www.mes-allocs.fr\/guides\/#\/schema\/person\/0ecd61a8600573914d00d970a588c024\",\"name\":\"Jonathan\",\"image\":{\"@type\":\"ImageObject\",\"@id\":\"https:\/\/www.mes-allocs.fr\/guides\/#personlogo\",\"inLanguage\":\"fr-FR\",\"url\":\"https:\/\/www.mes-allocs.fr\/guides\/wp-content\/uploads\/2021\/06\/jonathan-150x150.png\",\"caption\":\"Jonathan\"},\"description\":\"Jonathan est r\\u00e9dacteur au sein de l'\\u00e9quipe Mes Allocs, sp\\u00e9cialis\\u00e9 sur les sujets li\\u00e9s au handicap. Dipl\\u00f4m\\u00e9e de l'UPEM, il rejoint Mes Allocs apr\\u00e8s avoir travaill\\u00e9 \\u00e0 l'association AEDE qui accompagne les adultes en situation de handicap. Quand il n'\\u00e9crit pas, on peut le retrouver sur un terrain de basket.\",\"sameAs\":[\"https:\/\/www.linkedin.com\/in\/jonathan-bambela-8637861b7\"]}]}<\/script>\n<!-- \/ Yoast SEO plugin. -->","amp_validity":null,"acf":{"faq":{"1":{"question":"Quel est le montant du RSA ?","answer":"Le montant du RSA est de 651,69 \u20ac en 2026. Ce montant est applicable jusqu'au 31 mars 2027 et sera revaloris\u00e9 le 1er avril 2027.\r\n"},"2":{"question":"Les aides au transport sont-elles cumulables ?","answer":"Oui, la plupart des aides au transport sont cumulables."},"3":{"question":"Le montant du RSA varie-t-il ?","answer":"Oui, il varie selon les ressources de votre foyer et le nombre de personnes \u00e0 charge."},"4":{"question":"Les aides varient-elles d'une r\u00e9gion \u00e0 une autre ?","answer":"Oui absolument. Les offres de transport s'adaptent aux infrastructures pr\u00e9sentes sur la r\u00e9gion."},"5":{"question":"La gratuit\u00e9 des transports est-elle disponible sur Marseille ? ","answer":"Oui absolument, en tant que b\u00e9n\u00e9ficiaire du RSA, vous pouvez \u00eatre exempt\u00e9 de somme \u00e0 payer pour vous d\u00e9placer avec les transports publics. "},"6":{"question":"","answer":""},"7":{"question":"","answer":""},"8":{"question":"","answer":""},"9":{"question":"","answer":""},"10":{"question":"","answer":""},"11":{"question":"","answer":""},"12":{"question":"","answer":""},"13":{"question":"","answer":""},"14":{"question":"","answer":""},"15":{"question":"","answer":""},"16":{"question":"","answer":""}}},"_links":{"self":[{"href":"https:\/\/www.mes-allocs.fr\/guides\/wp-json\/wp\/v2\/posts\/32204","targetHints":{"allow":["GET"]}}],"collection":[{"href":"https:\/\/www.mes-allocs.fr\/guides\/wp-json\/wp\/v2\/posts"}],"about":[{"href":"https:\/\/www.mes-allocs.fr\/guides\/wp-json\/wp\/v2\/types\/post"}],"author":[{"embeddable":true,"href":"https:\/\/www.mes-allocs.fr\/guides\/wp-json\/wp\/v2\/users\/6"}],"replies":[{"embeddable":true,"href":"https:\/\/www.mes-allocs.fr\/guides\/wp-json\/wp\/v2\/comments?post=32204"}],"version-history":[{"count":28,"href":"https:\/\/www.mes-allocs.fr\/guides\/wp-json\/wp\/v2\/posts\/32204\/revisions"}],"predecessor-version":[{"id":111549,"href":"https:\/\/www.mes-allocs.fr\/guides\/wp-json\/wp\/v2\/posts\/32204\/revisions\/111549"}],"wp:featuredmedia":[{"embeddable":true,"href":"https:\/\/www.mes-allocs.fr\/guides\/wp-json\/wp\/v2\/media\/32333"}],"wp:attachment":[{"href":"https:\/\/www.mes-allocs.fr\/guides\/wp-json\/wp\/v2\/media?parent=32204"}],"wp:term":[{"taxonomy":"category","embeddable":true,"href":"https:\/\/www.mes-allocs.fr\/guides\/wp-json\/wp\/v2\/categories?post=32204"},{"taxonomy":"post_tag","embeddable":true,"href":"https:\/\/www.mes-allocs.fr\/guides\/wp-json\/wp\/v2\/tags?post=32204"}],"curies":[{"name":"wp","href":"https:\/\/api.w.org\/{rel}","templated":true}]}}