{"id":32158,"date":"2021-07-09T22:16:55","date_gmt":"2021-07-09T20:16:55","guid":{"rendered":"https:\/\/www.mes-allocs.fr\/guides\/?p=32158"},"modified":"2025-03-18T15:55:14","modified_gmt":"2025-03-18T13:55:14","slug":"duree-conge-maternite","status":"publish","type":"post","link":"https:\/\/www.mes-allocs.fr\/guides\/allocations-familiales\/conge-maternite\/duree-conge-maternite\/","title":{"rendered":"Quelle est la dur\u00e9e du cong\u00e9 maternit\u00e9 ?"},"content":{"rendered":"<p><img loading=\"lazy\" decoding=\"async\" class=\"alignnone wp-image-32497 size-full\" title=\"naissance\" src=\"https:\/\/www.mes-allocs.fr\/guides\/wp-content\/uploads\/2021\/07\/naissance-e1630426079705.jpg\" alt=\"duree conge maternite\" width=\"1280\" height=\"243\" srcset=\"https:\/\/www.mes-allocs.fr\/guides\/wp-content\/uploads\/2021\/07\/naissance-e1630426079705.jpg 1280w, https:\/\/www.mes-allocs.fr\/guides\/wp-content\/uploads\/2021\/07\/naissance-e1630426079705-300x57.jpg 300w, https:\/\/www.mes-allocs.fr\/guides\/wp-content\/uploads\/2021\/07\/naissance-e1630426079705-1024x194.jpg 1024w, https:\/\/www.mes-allocs.fr\/guides\/wp-content\/uploads\/2021\/07\/naissance-e1630426079705-768x146.jpg 768w, https:\/\/www.mes-allocs.fr\/guides\/wp-content\/uploads\/2021\/07\/naissance-e1630426079705-600x114.jpg 600w\" sizes=\"auto, (max-width: 1280px) 100vw, 1280px\" \/><\/p>\n<p style=\"text-align: justify;\">Le cong\u00e9 maternit\u00e9 fait partie de la liste des <a href=\"https:\/\/www.mes-allocs.fr\/guides\/allocations-familiales\">allocations familiales<\/a>. Il permet \u00e0 une salari\u00e9e enceinte de s&rsquo;absenter de son travail avant, pendant et apr\u00e8s son accouchement. Mais quelle est la <strong>dur\u00e9e du cong\u00e9 maternit\u00e9<\/strong> ? Combien de temps peut-il durer ?<\/p>\n<div class='cta-block'><div class='text'>Simulez vos Allocations Familiales en 2 min.<\/div><a href='https:\/\/www.mes-allocs.fr\/ab-app?origin=guides\/wp-json\/wp\/v2\/posts\/32158' class='app-button fit'>Simulation gratuite<\/a><\/div>\n<h1>Le cong\u00e9 maternit\u00e9, c&rsquo;est quoi ?<\/h1>\n<p><img loading=\"lazy\" decoding=\"async\" class=\"alignright wp-image-2751\" title=\"montant conge maternite\" src=\"https:\/\/www.mes-allocs.fr\/guides\/wp-content\/uploads\/2019\/12\/montant-conge-maternite-300x169.jpg\" alt=\"duree conge maternite\" width=\"288\" height=\"163\" srcset=\"https:\/\/www.mes-allocs.fr\/guides\/wp-content\/uploads\/2019\/12\/montant-conge-maternite-300x169.jpg 300w, https:\/\/www.mes-allocs.fr\/guides\/wp-content\/uploads\/2019\/12\/montant-conge-maternite-768x432.jpg 768w, https:\/\/www.mes-allocs.fr\/guides\/wp-content\/uploads\/2019\/12\/montant-conge-maternite-600x338.jpg 600w, https:\/\/www.mes-allocs.fr\/guides\/wp-content\/uploads\/2019\/12\/montant-conge-maternite.jpg 1000w\" sizes=\"auto, (max-width: 288px) 100vw, 288px\" \/><\/p>\n<p>En tant que salari\u00e9e, vous pouvez b\u00e9n\u00e9ficier d\u2019un cong\u00e9 maternit\u00e9 dans le cadre de votre grossesse.<\/p>\n<p style=\"text-align: justify;\">Le cong\u00e9 maternit\u00e9 correspond \u00e0 une suspension du contrat de travail, qui permet aux femmes enceintes salari\u00e9es de cesser leur activit\u00e9 professionnelle durant la p\u00e9riode pr\u00e9c\u00e9dant et suivant de la naissance de leur(s) enfant(s), tout en continuant \u00e0 percevoir une r\u00e9mun\u00e9ration.<\/p>\n<p>La dur\u00e9e du cong\u00e9 maternit\u00e9 varie selon le nombre d\u2019enfants attendus ou encore la situation familiale.<\/p>\n<h2>Comment b\u00e9n\u00e9ficier du cong\u00e9 maternit\u00e9 ?<\/h2>\n<div id=\"les-amenagements-de-la-duree-de-conge-maternite\" class=\"ce_text block\">\n<p>Pour b\u00e9n\u00e9ficier du\u00a0cong\u00e9 maternit\u00e9, vous devez remplir les conditions suivantes :<\/p>\n<ul>\n<li>\u00catre affili\u00e9 \u00e0 la s\u00e9curit\u00e9 sociale<\/li>\n<li>Justifier de 10 mois d\u2019immatriculation (possession d\u2019un num\u00e9ro d\u2019assur\u00e9 social) \u00e0 la date pr\u00e9vue de l\u2019accouchement<\/li>\n<li>Cesser toute activit\u00e9 professionnelle pendant 8 semaines minimum<\/li>\n<\/ul>\n<p>L&rsquo;assur\u00e9e\u00a0doit aussi respecter l&rsquo;une des deux conditions suivantes :<\/p>\n<ul>\n<li>Avoir travaill\u00e9 au moins 150 heures au cours des 3 mois pr\u00e9c\u00e9dant la date de d\u00e9but de\u00a0cong\u00e9 maternit\u00e9 pr\u00e9natal<\/li>\n<li>Avoir cotis\u00e9 sur un salaire \u00e9quivalent \u00e0 1\u202f015 fois le Smic horaire,\u00a0au cours des 6 mois pr\u00e9c\u00e9dant le\u00a0cong\u00e9 pr\u00e9natal<\/li>\n<\/ul>\n<p>Si\u00a0l\u2019assur\u00e9e\u00a0exerce une activit\u00e9 discontinue de type activit\u00e9 saisonni\u00e8re, elle doit\u202fjustifier de l&rsquo;une des deux conditions suivantes :<\/p>\n<ul>\n<li>Avoir travaill\u00e9 au moins 600 heures\u00a0au cours de l&rsquo;ann\u00e9e pr\u00e9c\u00e9dant la date du d\u00e9but de grossesse<\/li>\n<li>Avoir cotis\u00e9 2\u202f030 fois le Smic horaire au cours des 12 mois pr\u00e9c\u00e9dents.<\/li>\n<\/ul>\n<\/div>\n<div class=\"ce_text block\">\n<p>Pendant la dur\u00e9e du cong\u00e9 maternit\u00e9, l\u2019employeur ne peut pas prononcer la rupture du contrat de travail de sa b\u00e9n\u00e9ficiaire.<\/p>\n<p>\u00c0 noter : Pour que vous puissiez b\u00e9n\u00e9ficier d\u2019indemnit\u00e9s journali\u00e8res durant votre\u00a0cong\u00e9, le Code du travail impose une p\u00e9riode de repos de 8 semaines minimum, dont 6 semaines prises apr\u00e8s l\u2019accouchement.<\/p>\n<p><iframe loading=\"lazy\" title=\"Le cong\u00e9 maternit\u00e9\" width=\"500\" height=\"281\" src=\"https:\/\/www.youtube.com\/embed\/6e67ojUjl0Q?feature=oembed\" frameborder=\"0\" allow=\"accelerometer; autoplay; clipboard-write; encrypted-media; gyroscope; picture-in-picture; web-share\" referrerpolicy=\"strict-origin-when-cross-origin\" allowfullscreen><\/iframe><\/p>\n<h2><span id=\"Comment_faire_une_demande_de_conge_maternite\">Comment faire une demande de cong\u00e9 maternit\u00e9 ?<\/span><\/h2>\n<p>Avant le d\u00e9but du cong\u00e9 maternit\u00e9, la femme enceinte pr\u00e9vient son employeur en lui envoyant un courrier en recommand\u00e9 avec accus\u00e9 de r\u00e9ception.<\/p>\n<p>Ce dernier doit contenir :<\/p>\n<ul>\n<li>Une attestation m\u00e9dicale ;<\/li>\n<li>Une lettre pr\u00e9cisant la date pr\u00e9sum\u00e9e de l\u2019accouchement ;<\/li>\n<li>Les dates de d\u00e9but et de fin du cong\u00e9 maternit\u00e9.<\/li>\n<\/ul>\n<p>Si aucun d\u00e9lai n\u2019est pr\u00e9vu par la loi, ce courrier est g\u00e9n\u00e9ralement envoy\u00e9 au d\u00e9but du deuxi\u00e8me trimestre de grossesse.<\/p>\n<p>Il faut savoir que le cong\u00e9 d\u2019adoption est soumis \u00e0 des r\u00e8gles sp\u00e9cifiques. Il peut \u00eatre r\u00e9parti entre la m\u00e8re et le p\u00e8re adoptifs, voire m\u00eame pris int\u00e9gralement par ce dernier.<\/p>\n<h2 id=\"quand-commence-le-conge-maternite\">Quand commence le cong\u00e9 maternit\u00e9 ?<\/h2>\n<p>Le cong\u00e9 maternit\u00e9 commence au minimum 6 (six)\u00a0semaines avant la date pr\u00e9vue de l\u2019accouchement.<\/p>\n<p>Il est possible de faire le calcul de la date de d\u00e9but de cong\u00e9 maternit\u00e9 et du nombre de semaines de cong\u00e9 maternit\u00e9.<\/p>\n<div id=\"est-il-possible-damenager-la-duree-du-conge-maternite\" class=\"ce_text block\">\n<h1 id=\"quelle-est-la-duree-du-conge-maternite\">Quelle est la dur\u00e9e du cong\u00e9 maternit\u00e9 ? <img loading=\"lazy\" decoding=\"async\" class=\"alignright wp-image-32499 size-medium\" title=\"duree du conge maternite\" src=\"https:\/\/www.mes-allocs.fr\/guides\/wp-content\/uploads\/2021\/07\/duree-du-conge-maternite-300x200.jpg\" alt=\"duree du conge maternite\" width=\"300\" height=\"200\" srcset=\"https:\/\/www.mes-allocs.fr\/guides\/wp-content\/uploads\/2021\/07\/duree-du-conge-maternite-300x200.jpg 300w, https:\/\/www.mes-allocs.fr\/guides\/wp-content\/uploads\/2021\/07\/duree-du-conge-maternite-1024x683.jpg 1024w, https:\/\/www.mes-allocs.fr\/guides\/wp-content\/uploads\/2021\/07\/duree-du-conge-maternite-768x512.jpg 768w, https:\/\/www.mes-allocs.fr\/guides\/wp-content\/uploads\/2021\/07\/duree-du-conge-maternite-600x400.jpg 600w, https:\/\/www.mes-allocs.fr\/guides\/wp-content\/uploads\/2021\/07\/duree-du-conge-maternite.jpg 1280w\" sizes=\"auto, (max-width: 300px) 100vw, 300px\" \/><\/h1>\n<p style=\"text-align: justify;\">Le cong\u00e9 maternit\u00e9 est la p\u00e9riode au cours de laquelle le contrat de travail de la salari\u00e9e est suspendu avant et apr\u00e8s la date pr\u00e9vue de l\u2019accouchement. Elle va d\u00e9pendre du nombre d&rsquo; enfants \u00e0 charge que vous avez d\u00e9j\u00e0, et du nombre d&rsquo;enfants \u00e0 na\u00eetre.<\/p>\n<p>La dur\u00e9e l\u00e9gale du cong\u00e9 maternit\u00e9\u00a0est de 16 semaines, soit 112 jours, articul\u00e9e autour de deux p\u00e9riodes\u00a0:<\/p>\n<ul>\n<li>Le cong\u00e9 maternit\u00e9 pr\u00e9natal<\/li>\n<li>Le cong\u00e9 maternit\u00e9 postnatal<\/li>\n<\/ul>\n<p>G\u00e9n\u00e9ralement ces p\u00e9riodes sont r\u00e9parties comme suit\u00a0:<\/p>\n<ul>\n<li>6 semaines pr\u00e9natales<\/li>\n<li>10 semaines postnatales<\/li>\n<\/ul>\n<p>La dur\u00e9e l\u00e9gale du cong\u00e9 maternit\u00e9 varie :<\/p>\n<ul>\n<li>En fonction du nombre d\u2019enfants dans le foyer<\/li>\n<li>En cas de grossesse multiple.<\/li>\n<\/ul>\n\n<div class=\"wpdt-c row wpDataTableContainerSimpleTable wpDataTables wpDataTablesWrapper\n\"\n    >\n    <table id=\"wpdtSimpleTable-30\"\n           class=\"wpdtSimpleTable wpDataTable\"\n           data-column=\"4\"\n           data-rows=\"5\"\n           data-wpID=\"30\"\n           data-responsive=\"0\"\n           data-has-header=\"1\">\n\n                    <thead>        <tr class=\"wpdt-cell-row \" >\n                            <th class=\"wpdt-cell wpdt-bc-F3F9FE wpdt-bold wpdt-empty-cell \"\n                                    data-cell-id=\"A1\"\n                data-col-index=\"0\"\n                data-row-index=\"0\"\n                style=\" width:26.917293233083%;                padding:10px;\"\n                >\n                                                <\/th>\n                                            <th class=\"wpdt-cell wpdt-bc-F3F9FE wpdt-bold\"\n                                    data-cell-id=\"B1\"\n                data-col-index=\"1\"\n                data-row-index=\"0\"\n                style=\" width:22.706766917293%;                padding:10px;\"\n                >\n                                Avant l\u2019accouchement\n(cong\u00e9 pr\u00e9natal)                <\/th>\n                                            <th class=\"wpdt-cell wpdt-bc-F3F9FE wpdt-bold\"\n                                    data-cell-id=\"C1\"\n                data-col-index=\"2\"\n                data-row-index=\"0\"\n                style=\" width:28.421052631579%;                padding:10px;\"\n                >\n                                Apr\u00e8s l\u2019accouchement\n(cong\u00e9 postnatal)                <\/th>\n                                            <th class=\"wpdt-cell wpdt-bc-F3F9FE wpdt-bold\"\n                                    data-cell-id=\"D1\"\n                data-col-index=\"3\"\n                data-row-index=\"0\"\n                style=\" width:21.954887218045%;                padding:10px;\"\n                >\n                                Total                <\/th>\n                                        <\/tr>\n                    <tbody>        <tr class=\"wpdt-cell-row \" >\n                            <td class=\"wpdt-cell wpdt-bold\"\n                                    data-cell-id=\"A2\"\n                data-col-index=\"0\"\n                data-row-index=\"1\"\n                style=\"                padding:10px;\"\n                >\n                                1\u00e8re ou 2\u00e8me naissance                <\/td>\n                                            <td class=\"wpdt-cell \"\n                                    data-cell-id=\"B2\"\n                data-col-index=\"1\"\n                data-row-index=\"1\"\n                style=\"                padding:10px;\"\n                >\n                                6 semaines                <\/td>\n                                            <td class=\"wpdt-cell \"\n                                    data-cell-id=\"C2\"\n                data-col-index=\"2\"\n                data-row-index=\"1\"\n                style=\"                padding:10px;\"\n                >\n                                10 semaines                <\/td>\n                                            <td class=\"wpdt-cell \"\n                                    data-cell-id=\"D2\"\n                data-col-index=\"3\"\n                data-row-index=\"1\"\n                style=\"                padding:10px;\"\n                >\n                                16 semaines                <\/td>\n                                        <\/tr>\n                            <tr class=\"wpdt-cell-row \" >\n                            <td class=\"wpdt-cell wpdt-bold\"\n                                    data-cell-id=\"A3\"\n                data-col-index=\"0\"\n                data-row-index=\"2\"\n                style=\"                padding:10px;\"\n                >\n                                3 \u00e8me naissance                <\/td>\n                                            <td class=\"wpdt-cell \"\n                                    data-cell-id=\"B3\"\n                data-col-index=\"1\"\n                data-row-index=\"2\"\n                style=\"                padding:10px;\"\n                >\n                                8 semaines                <\/td>\n                                            <td class=\"wpdt-cell \"\n                                    data-cell-id=\"C3\"\n                data-col-index=\"2\"\n                data-row-index=\"2\"\n                style=\"                padding:10px;\"\n                >\n                                18 semaines                <\/td>\n                                            <td class=\"wpdt-cell \"\n                                    data-cell-id=\"D3\"\n                data-col-index=\"3\"\n                data-row-index=\"2\"\n                style=\"                padding:10px;\"\n                >\n                                26 semaines                <\/td>\n                                        <\/tr>\n                            <tr class=\"wpdt-cell-row \" >\n                            <td class=\"wpdt-cell wpdt-bold\"\n                                    data-cell-id=\"A4\"\n                data-col-index=\"0\"\n                data-row-index=\"3\"\n                style=\"                padding:10px;\"\n                >\n                                Naissance de jumeaux                <\/td>\n                                            <td class=\"wpdt-cell \"\n                                    data-cell-id=\"B4\"\n                data-col-index=\"1\"\n                data-row-index=\"3\"\n                style=\"                padding:10px;\"\n                >\n                                12 semaines                <\/td>\n                                            <td class=\"wpdt-cell \"\n                                    data-cell-id=\"C4\"\n                data-col-index=\"2\"\n                data-row-index=\"3\"\n                style=\"                padding:10px;\"\n                >\n                                22 semaines                <\/td>\n                                            <td class=\"wpdt-cell \"\n                                    data-cell-id=\"D4\"\n                data-col-index=\"3\"\n                data-row-index=\"3\"\n                style=\"                padding:10px;\"\n                >\n                                34 semaines                <\/td>\n                                        <\/tr>\n                            <tr class=\"wpdt-cell-row \" >\n                            <td class=\"wpdt-cell wpdt-bold\"\n                                    data-cell-id=\"A5\"\n                data-col-index=\"0\"\n                data-row-index=\"4\"\n                style=\"                padding:10px;\"\n                >\n                                Naissance simultan\u00e9e de plus de deux enfants                <\/td>\n                                            <td class=\"wpdt-cell \"\n                                    data-cell-id=\"B5\"\n                data-col-index=\"1\"\n                data-row-index=\"4\"\n                style=\"                padding:10px;\"\n                >\n                                24 semaines                <\/td>\n                                            <td class=\"wpdt-cell \"\n                                    data-cell-id=\"C5\"\n                data-col-index=\"2\"\n                data-row-index=\"4\"\n                style=\"                padding:10px;\"\n                >\n                                22 semaines                <\/td>\n                                            <td class=\"wpdt-cell \"\n                                    data-cell-id=\"D5\"\n                data-col-index=\"3\"\n                data-row-index=\"4\"\n                style=\"                padding:10px;\"\n                >\n                                46 semaines                <\/td>\n                                        <\/tr>\n                    <\/table>\n<\/div><style id='wpdt-custom-style-30'>\ntable#wpdtSimpleTable-30{ table-layout: fixed !important; }\ntable#wpdtSimpleTable-30 td, table.wpdtSimpleTable30 th { white-space: normal !important; }\n.wpdt-bc-F3F9FE { background-color: #F3F9FE !important;}\n<\/style>\n\n<p><strong>\u00c0 noter<\/strong> : Selon la convention collective appliqu\u00e9e dans l\u2019entreprise, des dispositions plus favorables que celles offertes par l\u2019Assurance maladie peuvent \u00eatre mises en place dans le cadre d\u2019un cong\u00e9 maternit\u00e9. La salari\u00e9e a donc tout int\u00e9r\u00eat \u00e0 se rapprocher de son employeur.<\/p>\n<\/div>\n<\/div>\n<div class=\"ce_text block\">\n<div class=\"ce_text block\">\n<h2>Si vous \u00eates m\u00e8re d&rsquo;un b\u00e9b\u00e9 pr\u00e9matur\u00e9<\/h2>\n<p>Le cong\u00e9 est allong\u00e9 si vous avez accouch\u00e9 en et que l&rsquo;\u00e9tat du b\u00e9b\u00e9 n\u00e9cessite une hospitalisation. L&rsquo;allongement de ce nouveau cong\u00e9 maternel d\u00e9pend du nombre de jours d&rsquo;avance du b\u00e9b\u00e9.<\/p>\n<p>La p\u00e9riode pendant laquelle la maman peut b\u00e9n\u00e9ficier des jours de repos est augment\u00e9e du nombre de jours entre la naissance du b\u00e9b\u00e9 et 6\u00a0semaines avant la date de l&rsquo;accouchement. Cette p\u00e9riode s&rsquo;ajoute \u00e0 la dur\u00e9e du cong\u00e9 l\u00e9gal, mais elle ne peut pas \u00eatre d\u00e9tachable de celle ci. Par ailleurs, les m\u00e8res de b\u00e9b\u00e9s pr\u00e9matur\u00e9s d\u00e9c\u00e9d\u00e9s quelques temps apr\u00e8s la naissance ont le droit aux m\u00eames droits.<\/p>\n<h2>Si vous \u00eates une m\u00e8re auto entrepreneur<\/h2>\n<p>Les travailleuses ind\u00e9pendantes\u00a0peuvent\u00a0b\u00e9n\u00e9ficier de la m\u00eame dur\u00e9e de cong\u00e9 maternit\u00e9 que les salari\u00e9es. Alors qu&rsquo;elles avaient droit entre 6\u00a0et 11\u00a0semaines de cong\u00e9 maternit\u00e9, les futures et jeunes mamans peuvent d\u00e9sormais s&rsquo;arr\u00eater entre8\u00a0semaines minimum et au maximum jusqu&rsquo;\u00e0 16\u00a0semaines.<\/p>\n<div class='cta-block'><div class='text'>Simulez vos Allocations Familiales en 2 min.<\/div><a href='https:\/\/www.mes-allocs.fr\/ab-app?origin=guides\/wp-json\/wp\/v2\/posts\/32158' class='app-button fit'>Simulation gratuite<\/a><\/div>\n<h1>Est-il possible d&rsquo;am\u00e9nager la dur\u00e9e du cong\u00e9 maternit\u00e9 ? <img loading=\"lazy\" decoding=\"async\" class=\"alignright wp-image-32500 size-medium\" title=\"pexels shvets production\" src=\"https:\/\/www.mes-allocs.fr\/guides\/wp-content\/uploads\/2021\/07\/pexels-shvets-production-6991888-300x200.jpg\" alt=\"duree conge maternite\" width=\"300\" height=\"200\" srcset=\"https:\/\/www.mes-allocs.fr\/guides\/wp-content\/uploads\/2021\/07\/pexels-shvets-production-6991888-300x200.jpg 300w, https:\/\/www.mes-allocs.fr\/guides\/wp-content\/uploads\/2021\/07\/pexels-shvets-production-6991888-1024x683.jpg 1024w, https:\/\/www.mes-allocs.fr\/guides\/wp-content\/uploads\/2021\/07\/pexels-shvets-production-6991888-768x512.jpg 768w, https:\/\/www.mes-allocs.fr\/guides\/wp-content\/uploads\/2021\/07\/pexels-shvets-production-6991888-600x400.jpg 600w, https:\/\/www.mes-allocs.fr\/guides\/wp-content\/uploads\/2021\/07\/pexels-shvets-production-6991888.jpg 1280w\" sizes=\"auto, (max-width: 300px) 100vw, 300px\" \/><\/h1>\n<p>Il est possible d\u2019am\u00e9nager la dur\u00e9e du cong\u00e9 maternit\u00e9 :<\/p>\n<ul>\n<li>Reporter le d\u00e9but du\u00a0cong\u00e9 maternit\u00e9 pr\u00e9natal sur le\u00a0cong\u00e9 maternit\u00e9 postnatal<\/li>\n<li>ou anticiper le cong\u00e9 maternit\u00e9 pr\u00e9natal.<\/li>\n<\/ul>\n<div id=\"reporter-une-partie-du-conge-prenatal-sur-le-conge-postnatal\" class=\"ce_text block\">\n<h2 id=\"report-dune-partie-du-conge-prenatal-sur-le-conge-postnatal\">Report d\u2019une partie du cong\u00e9 pr\u00e9natal sur le cong\u00e9 postnatal<\/h2>\n<p>La salari\u00e9e peut choisir de faire le report d\u2019une partie de son cong\u00e9 maternit\u00e9 pr\u00e9natal apr\u00e8s l&rsquo;accouchement, dans la limite de 3 semaines et sur avis favorable du m\u00e9decin qui suit sa grossesse.<\/p>\n<p>Son cong\u00e9 maternit\u00e9 pr\u00e9natal serait alors de 3 semaines et son cong\u00e9 maternit\u00e9 postnatal de 13 semaines.<\/p>\n<p>Pour en b\u00e9n\u00e9ficier, l&rsquo;assur\u00e9e doit faire parvenir \u00e0 son organisme d\u2019Assurance maladie\u00a0:<\/p>\n<ul>\n<li>Une demande \u00e9crite de report de cong\u00e9 maternit\u00e9 pr\u00e9natal<\/li>\n<li>Un certificat m\u00e9dical attestant que l&rsquo;\u00e9tat de sant\u00e9 de l&rsquo;assur\u00e9e permet le report<\/li>\n<\/ul>\n<p>La demande de report doit \u00eatre faite au plus tard la veille de la date \u00e0 laquelle le cong\u00e9 maternit\u00e9 pr\u00e9natal devait commencer.<\/p>\n<p>Si un arr\u00eat de travail est prescrit pendant la p\u00e9riode de report, et donc avant la date de initiale du cong\u00e9 maternit\u00e9, le report est annul\u00e9 et le cong\u00e9 maternit\u00e9 pr\u00e9natal commence au premier jour de l&rsquo;arr\u00eat de travail.<\/p>\n<p>En cas de naissance pr\u00e9matur\u00e9e, la dur\u00e9e du cong\u00e9 maternit\u00e9 reste le m\u00eame\u00a0: le cong\u00e9 maternit\u00e9 postnatal est prolong\u00e9 du nombre de jours restant du cong\u00e9 maternit\u00e9 pr\u00e9natal.<\/p>\n<\/div>\n<div id=\"anticiper-le-conge-prenatal\" class=\"ce_text block\">\n<h2 id=\"anticiper-le-conge-prenatal\">Anticiper le cong\u00e9 pr\u00e9natal<\/h2>\n<p>Dans le cas o\u00f9 l&rsquo;assur\u00e9e attend son 3\u00e8me enfant, elle peut choisir d&rsquo;anticiper son\u00a0cong\u00e9 maternit\u00e9 pr\u00e9natal\u00a0dans la limite de 2 semaines.<\/p>\n<p>Son\u00a0cong\u00e9 pr\u00e9natal\u00a0sera donc de 10 semaines et son\u00a0cong\u00e9 postnatal\u00a0de 16 semaines.<\/p>\n<p>Dans le cas d\u2019une grossesse multiple, comme la naissance de jumeaux, l&rsquo;assur\u00e9e peut choisir d&rsquo;allonger son\u00a0cong\u00e9 maternit\u00e9 pr\u00e9natal\u00a0de 4 semaines.<\/p>\n<p>Son\u00a0cong\u00e9 pr\u00e9natal\u00a0sera donc de 16 semaines et son\u00a0cong\u00e9 postnatal\u00a0de 18 semaines.<\/p>\n<p>En cas de naissance apr\u00e8s terme, le cong\u00e9 maternit\u00e9 pr\u00e9natal est prolong\u00e9 jusqu&rsquo;\u00e0 la date de l\u2019accouchement et la dur\u00e9e du cong\u00e9 postnatal reste identique.<\/p>\n<\/div>\n<div id=\"le-conge-maternite-et-les-vacances-de-la-salariee\" class=\"ce_text block\">\n<h2 id=\"le-conge-maternite-et-les-vacances-de-la-salariee\">Le cong\u00e9 maternit\u00e9 et les vacances de la salari\u00e9e<\/h2>\n<p>Si la date de cong\u00e9 maternit\u00e9 co\u00efncide avec sa p\u00e9riode de cong\u00e9s pay\u00e9s, la salari\u00e9e pourra prendre ses vacances \u00e0 l\u2019issue de son cong\u00e9 maternit\u00e9 m\u00eame si la p\u00e9riode de cong\u00e9s pay\u00e9s a expir\u00e9. Ainsi les cong\u00e9s pay\u00e9s pourront \u00eatre pris \u00e0 la reprise du travail.<\/p>\n<\/div>\n<div id=\"conge-maternite-etat-pathologique-lie-a-la-grossesse\" class=\"ce_text block\">\n<h2 id=\"conge-maternite-etat-pathologique-lie-a-la-grossesse\">Cong\u00e9 maternit\u00e9 : \u00e9tat pathologique li\u00e9 \u00e0 la grossesse <img loading=\"lazy\" decoding=\"async\" class=\"alignright wp-image-32501 size-medium\" title=\"grossesse\" src=\"https:\/\/www.mes-allocs.fr\/guides\/wp-content\/uploads\/2021\/07\/grossesse-300x200.jpg\" alt=\"duree conge maternite\" width=\"300\" height=\"200\" srcset=\"https:\/\/www.mes-allocs.fr\/guides\/wp-content\/uploads\/2021\/07\/grossesse-300x200.jpg 300w, https:\/\/www.mes-allocs.fr\/guides\/wp-content\/uploads\/2021\/07\/grossesse-1024x682.jpg 1024w, https:\/\/www.mes-allocs.fr\/guides\/wp-content\/uploads\/2021\/07\/grossesse-768x512.jpg 768w, https:\/\/www.mes-allocs.fr\/guides\/wp-content\/uploads\/2021\/07\/grossesse-600x400.jpg 600w, https:\/\/www.mes-allocs.fr\/guides\/wp-content\/uploads\/2021\/07\/grossesse.jpg 1280w\" sizes=\"auto, (max-width: 300px) 100vw, 300px\" \/><\/h2>\n<p>En cas d&rsquo;\u00e9tat pathologique r\u00e9sultant de la grossesse (exemple\u00a0: diab\u00e8te gestationnel), la salari\u00e9e enceinte, qui a d\u00e9clar\u00e9 sa grossesse, peut se voir prescrire par son m\u00e9decin un cong\u00e9 pathologique.<\/p>\n<ul>\n<li>Le cong\u00e9 pathologique dure deux semaines maximum et peut \u00eatre prescrit en une ou plusieurs fois<\/li>\n<li>Le cong\u00e9 pathologique ne peut pas \u00eatre report\u00e9 sur la p\u00e9riode de cong\u00e9 maternit\u00e9 postnatal<\/li>\n<\/ul>\n<h2 id=\"prolongation-pour-3-ans-de-la-duree-du-conge-maternite\">Prolongation pour 3 ans de la dur\u00e9e du cong\u00e9 maternit\u00e9<\/h2>\n<p>La salari\u00e9e \u00e0 la possibilit\u00e9 de prolonger son cong\u00e9 maternit\u00e9 pour une p\u00e9riode de 3 ans. On parle alors de cong\u00e9 parental d\u2019\u00e9ducation.<\/p>\n<ul>\n<li>La demande de cong\u00e9 parental doit \u00eatre effectu\u00e9e \u00e0 l\u2019attention de l\u2019employeur par lettre recommand\u00e9e avec accus\u00e9 de r\u00e9ception, 1 mois avant la fin du cong\u00e9 maternit\u00e9<\/li>\n<li>La salari\u00e9e doit avoir au moins 1 an d\u2019anciennet\u00e9 dans l\u2019entreprise \u00e0 la date de naissance de l\u2019enfant<\/li>\n<li>Le cong\u00e9 parental peut \u00eatre pris \u00e0 temps complet ou temps partiel (dans une limite entre 16h\/semaine et 80 % d\u2019un temps complet), par l\u2019un des parents ou les deux simultan\u00e9ment, dans le cas d\u2019un temps partiel<\/li>\n<li>L\u2019employeur ne peut refuser le cong\u00e9 parental, n\u00e9anmoins, la dur\u00e9e du travail et la r\u00e9partition des horaires doivent \u00eatre fix\u00e9es en accord avec lui<\/li>\n<\/ul>\n<div class='cta-block'><div class='text'>Simulez vos Allocations Familiales en 2 min.<\/div><a href='https:\/\/www.mes-allocs.fr\/ab-app?origin=guides\/wp-json\/wp\/v2\/posts\/32158' class='app-button fit'>Simulation gratuite<\/a><\/div>\n<\/div>\n<\/div>\n<\/div>\n","protected":false},"excerpt":{"rendered":"<p>Le cong\u00e9 maternit\u00e9 fait partie de la liste des allocations familiales. Il permet \u00e0 une salari\u00e9e enceinte de s&rsquo;absenter de son travail avant, pendant et apr\u00e8s son accouchement. Mais quelle est la dur\u00e9e du cong\u00e9 maternit\u00e9 ? Combien de temps peut-il durer ? Le cong\u00e9 maternit\u00e9, c&rsquo;est quoi ? En tant que salari\u00e9e, vous pouvez [&hellip;]<\/p>\n","protected":false},"author":7,"featured_media":32495,"comment_status":"open","ping_status":"open","sticky":false,"template":"","format":"standard","meta":{"amp_status":"","footnotes":""},"categories":[10,36],"tags":[],"class_list":["post-32158","post","type-post","status-publish","format-standard","has-post-thumbnail","hentry","category-allocations-familiales","category-conge-maternite"],"yoast_head":"<!-- This site is optimized with the Yoast SEO plugin v14.9 - https:\/\/yoast.com\/wordpress\/plugins\/seo\/ -->\n<title>Quelle est la dur\u00e9e du cong\u00e9 maternit\u00e9 ? | Mes-Allocs.fr<\/title>\n<meta name=\"description\" content=\"Le cong\u00e9 maternit\u00e9 est la p\u00e9riode qui vous permet de suspendre votre actiivt\u00e9 professionelle lorsque vous \u00eates enceinte. Quelle est sa dur\u00e9e ?\" \/>\n<meta name=\"robots\" content=\"index, follow, max-snippet:-1, max-image-preview:large, max-video-preview:-1\" \/>\n<link rel=\"canonical\" href=\"https:\/\/www.mes-allocs.fr\/guides\/allocations-familiales\/conge-maternite\/duree-conge-maternite\/\" \/>\n<meta property=\"og:locale\" content=\"fr_FR\" \/>\n<meta property=\"og:type\" content=\"article\" \/>\n<meta property=\"og:title\" content=\"Quelle est la dur\u00e9e du cong\u00e9 maternit\u00e9 ? | Mes-Allocs.fr\" \/>\n<meta property=\"og:description\" content=\"Le cong\u00e9 maternit\u00e9 est la p\u00e9riode qui vous permet de suspendre votre actiivt\u00e9 professionelle lorsque vous \u00eates enceinte. Quelle est sa dur\u00e9e ?\" \/>\n<meta property=\"og:url\" content=\"https:\/\/www.mes-allocs.fr\/guides\/allocations-familiales\/conge-maternite\/duree-conge-maternite\/\" \/>\n<meta property=\"og:site_name\" content=\"Mes-Allocs.fr\" \/>\n<meta property=\"article:published_time\" content=\"2021-07-09T20:16:55+00:00\" \/>\n<meta property=\"article:modified_time\" content=\"2025-03-18T13:55:14+00:00\" \/>\n<meta property=\"og:image\" content=\"https:\/\/www.mes-allocs.fr\/guides\/wp-content\/uploads\/2021\/07\/conge-maternite.jpg?wsr\" \/>\n\t<meta property=\"og:image:width\" content=\"1280\" \/>\n\t<meta property=\"og:image:height\" content=\"854\" \/>\n<meta name=\"twitter:card\" content=\"summary_large_image\" \/>\n<script type=\"application\/ld+json\" class=\"yoast-schema-graph\">{\"@context\":\"https:\/\/schema.org\",\"@graph\":[{\"@type\":\"WebSite\",\"@id\":\"https:\/\/www.mes-allocs.fr\/guides\/#website\",\"url\":\"https:\/\/www.mes-allocs.fr\/guides\/\",\"name\":\"Mes-Allocs.fr\",\"description\":\"\",\"potentialAction\":[{\"@type\":\"SearchAction\",\"target\":\"https:\/\/www.mes-allocs.fr\/guides\/?s={search_term_string}\",\"query-input\":\"required name=search_term_string\"}],\"inLanguage\":\"fr-FR\"},{\"@type\":\"ImageObject\",\"@id\":\"https:\/\/www.mes-allocs.fr\/guides\/allocations-familiales\/conge-maternite\/duree-conge-maternite\/#primaryimage\",\"inLanguage\":\"fr-FR\",\"url\":\"https:\/\/www.mes-allocs.fr\/guides\/wp-content\/uploads\/2021\/07\/conge-maternite.jpg?wsr\",\"width\":1280,\"height\":854,\"caption\":\"conge maternite\"},{\"@type\":\"WebPage\",\"@id\":\"https:\/\/www.mes-allocs.fr\/guides\/allocations-familiales\/conge-maternite\/duree-conge-maternite\/#webpage\",\"url\":\"https:\/\/www.mes-allocs.fr\/guides\/allocations-familiales\/conge-maternite\/duree-conge-maternite\/\",\"name\":\"Quelle est la dur\\u00e9e du cong\\u00e9 maternit\\u00e9 ? | Mes-Allocs.fr\",\"isPartOf\":{\"@id\":\"https:\/\/www.mes-allocs.fr\/guides\/#website\"},\"primaryImageOfPage\":{\"@id\":\"https:\/\/www.mes-allocs.fr\/guides\/allocations-familiales\/conge-maternite\/duree-conge-maternite\/#primaryimage\"},\"datePublished\":\"2021-07-09T20:16:55+00:00\",\"dateModified\":\"2025-03-18T13:55:14+00:00\",\"author\":{\"@id\":\"https:\/\/www.mes-allocs.fr\/guides\/#\/schema\/person\/1c4837d5703727cb02ce84583b5a44aa\"},\"description\":\"Le cong\\u00e9 maternit\\u00e9 est la p\\u00e9riode qui vous permet de suspendre votre actiivt\\u00e9 professionelle lorsque vous \\u00eates enceinte. Quelle est sa dur\\u00e9e ?\",\"inLanguage\":\"fr-FR\"},{\"@type\":\"Person\",\"@id\":\"https:\/\/www.mes-allocs.fr\/guides\/#\/schema\/person\/1c4837d5703727cb02ce84583b5a44aa\",\"name\":\"Fabiola\",\"image\":{\"@type\":\"ImageObject\",\"@id\":\"https:\/\/www.mes-allocs.fr\/guides\/#personlogo\",\"inLanguage\":\"fr-FR\",\"url\":\"https:\/\/www.mes-allocs.fr\/guides\/wp-content\/uploads\/2021\/06\/fabiola-150x150.png\",\"caption\":\"Fabiola\"},\"description\":\"Fabiola est r\\u00e9dactrice au sein de l'\\u00e9quipe Mes Allocs, sp\\u00e9cialis\\u00e9e en sciences politiques et affaires publiques. Dipl\\u00f4m\\u00e9e de l'HEIP, elle rejoint Mes Allocs apr\\u00e8s une premi\\u00e8re exp\\u00e9rience \\u00e0 l'Assembl\\u00e9e Nationale.\",\"sameAs\":[\"https:\/\/www.linkedin.com\/in\/cecilia-philippe-b-8a8085195\"]}]}<\/script>\n<!-- \/ Yoast SEO plugin. -->","amp_validity":null,"acf":{"faq":{"1":{"question":"\ud83e\udd1d C'est quoi le cong\u00e9 maternit\u00e9 ?","answer":"Le cong\u00e9 maternit\u00e9 correspond \u00e0 la dur\u00e9e pendant laquelle une femme salari\u00e9e quitte son activit\u00e9 au moment de la naissance de son enfant."},"2":{"question":"\ud83e\udd37\u200d\u2640\ufe0f Quel est la dur\u00e9e d'un cong\u00e9 maternit\u00e9 ?","answer":"Si il s'agit de votre 1er ou 2e enfant, la dur\u00e9e totale de votre cong\u00e9 est de : 16 semaines. \r\nPour un troisi\u00e8me enfant ou plus, elle est de 26 semaine au total."},"3":{"question":"\ud83e\udd14 Comment se d\u00e9clenche le cong\u00e9 maternit\u00e9 ?","answer":"Le cong\u00e9 maternit\u00e9 d\u00e9bute le 1er jour de l'arr\u00eat de travail prescrit et se termine au plus tard la veille du d\u00e9but du cong\u00e9 pr\u00e9natal. "},"4":{"question":"\ud83e\udd1d Quelle est la dur\u00e9e du cong\u00e9 apr\u00e8s accouchement ?","answer":"Le cong\u00e9 postnatal (apr\u00e8s accouchement), est de 10 semaines. "},"5":{"question":"\ud83e\udd37\u200d\u2640\ufe0f Comment faire pour prolonger son cong\u00e9 maternit\u00e9 ?","answer":"Si vous souhaitez prolonger votre cong\u00e9 maternit\u00e9, vous devez en faire la demande aupr\u00e8s de la CPAM."},"6":{"question":"","answer":""},"7":{"question":"","answer":""},"8":{"question":"","answer":""},"9":{"question":"","answer":""},"10":{"question":"","answer":""},"11":{"question":"","answer":""},"12":{"question":"","answer":""},"13":{"question":"","answer":""},"14":{"question":"","answer":""},"15":{"question":"","answer":""},"16":{"question":"","answer":""}}},"_links":{"self":[{"href":"https:\/\/www.mes-allocs.fr\/guides\/wp-json\/wp\/v2\/posts\/32158","targetHints":{"allow":["GET"]}}],"collection":[{"href":"https:\/\/www.mes-allocs.fr\/guides\/wp-json\/wp\/v2\/posts"}],"about":[{"href":"https:\/\/www.mes-allocs.fr\/guides\/wp-json\/wp\/v2\/types\/post"}],"author":[{"embeddable":true,"href":"https:\/\/www.mes-allocs.fr\/guides\/wp-json\/wp\/v2\/users\/7"}],"replies":[{"embeddable":true,"href":"https:\/\/www.mes-allocs.fr\/guides\/wp-json\/wp\/v2\/comments?post=32158"}],"version-history":[{"count":17,"href":"https:\/\/www.mes-allocs.fr\/guides\/wp-json\/wp\/v2\/posts\/32158\/revisions"}],"predecessor-version":[{"id":95930,"href":"https:\/\/www.mes-allocs.fr\/guides\/wp-json\/wp\/v2\/posts\/32158\/revisions\/95930"}],"wp:featuredmedia":[{"embeddable":true,"href":"https:\/\/www.mes-allocs.fr\/guides\/wp-json\/wp\/v2\/media\/32495"}],"wp:attachment":[{"href":"https:\/\/www.mes-allocs.fr\/guides\/wp-json\/wp\/v2\/media?parent=32158"}],"wp:term":[{"taxonomy":"category","embeddable":true,"href":"https:\/\/www.mes-allocs.fr\/guides\/wp-json\/wp\/v2\/categories?post=32158"},{"taxonomy":"post_tag","embeddable":true,"href":"https:\/\/www.mes-allocs.fr\/guides\/wp-json\/wp\/v2\/tags?post=32158"}],"curies":[{"name":"wp","href":"https:\/\/api.w.org\/{rel}","templated":true}]}}