{"id":32098,"date":"2021-07-05T17:22:34","date_gmt":"2021-07-05T15:22:34","guid":{"rendered":"https:\/\/www.mes-allocs.fr\/guides\/?p=32098"},"modified":"2025-10-07T16:19:25","modified_gmt":"2025-10-07T14:19:25","slug":"calcul-chomage-apres-conge-parental","status":"publish","type":"post","link":"https:\/\/www.mes-allocs.fr\/guides\/chomage\/calculer-chomage\/calcul-chomage-apres-conge-parental\/","title":{"rendered":"Tout savoir sur le calcul ch\u00f4mage apr\u00e8s cong\u00e9 parental"},"content":{"rendered":"<p>Bonne nouvelle, depuis le\u00a0 1<sup>er<\/sup>\u00a0juillet\u00a02021, la dur\u00e9e du\u00a0cong\u00e9 de paternit\u00e9 est modifi\u00e9e et passe donc de 11 \u00e0 25 jours. La dur\u00e9e du cong\u00e9 reste de 11 jours pour une naissance intervenant avant cette date. Mes Allocs vous explique en d\u00e9tail le calcul ch\u00f4mage apr\u00e8s cong\u00e9 parental.<\/p>\n<div class='cta-block'><div class='text'>Simulez votre ch\u00f4mage en 2 min.<\/div><a href='https:\/\/www.mes-allocs.fr\/simulation-chomage?origin=guides\/wp-json\/wp\/v2\/posts\/32098' class='app-button fit'>Simulation gratuite<\/a><\/div>\n<h1>Le ch\u00f4mage apr\u00e8s un cong\u00e9 parental<\/h1>\n<h2>Quelles indemnit\u00e9s en cas de ch\u00f4mage apr\u00e8s un cong\u00e9 parental ?<\/h2>\n<p><img loading=\"lazy\" decoding=\"async\" class=\"alignright wp-image-32108 size-medium\" title=\"Quelles indemnite\u0301s en cas de cho\u0302mage apre\u0300s un conge\u0301 parental\" src=\"https:\/\/www.mes-allocs.fr\/guides\/wp-content\/uploads\/2021\/07\/Quelles-indemnite\u0301s-en-cas-de-cho\u0302mage-apre\u0300s-un-conge\u0301-parental--300x200.jpg\" alt=\"Quelles indemnite\u0301s en cas de cho\u0302mage apre\u0300s un conge\u0301 parental\" width=\"300\" height=\"200\" srcset=\"https:\/\/www.mes-allocs.fr\/guides\/wp-content\/uploads\/2021\/07\/Quelles-indemnite\u0301s-en-cas-de-cho\u0302mage-apre\u0300s-un-conge\u0301-parental--300x200.jpg 300w, https:\/\/www.mes-allocs.fr\/guides\/wp-content\/uploads\/2021\/07\/Quelles-indemnite\u0301s-en-cas-de-cho\u0302mage-apre\u0300s-un-conge\u0301-parental--1024x682.jpg 1024w, https:\/\/www.mes-allocs.fr\/guides\/wp-content\/uploads\/2021\/07\/Quelles-indemnite\u0301s-en-cas-de-cho\u0302mage-apre\u0300s-un-conge\u0301-parental--768x512.jpg 768w, https:\/\/www.mes-allocs.fr\/guides\/wp-content\/uploads\/2021\/07\/Quelles-indemnite\u0301s-en-cas-de-cho\u0302mage-apre\u0300s-un-conge\u0301-parental--600x400.jpg 600w, https:\/\/www.mes-allocs.fr\/guides\/wp-content\/uploads\/2021\/07\/Quelles-indemnite\u0301s-en-cas-de-cho\u0302mage-apre\u0300s-un-conge\u0301-parental-.jpg 1280w\" sizes=\"auto, (max-width: 300px) 100vw, 300px\" \/><\/p>\n<p>Que ce soit de son fait ou suite \u00e0 une d\u00e9cision de son employeur, un jeune papa ou une nouvelle maman peut se retrouver au <a href=\"https:\/\/www.mes-allocs.fr\/guides\/chomage\/\">ch\u00f4mage<\/a> au sortir de son cong\u00e9 parental.<\/p>\n<p>Peut-\u00eatre que la structure de l\u2019entreprise a \u00e9volu\u00e9 en sa d\u00e9faveur\u2026 Peut-\u00eatre que le salari\u00e9 ne d\u00e9sire plus reprendre sa routine d\u2019antan\u2026 Peu importe les circonstances, la finalit\u00e9 est la m\u00eame : le professionnel se retrouve en situation de ch\u00f4mage.<\/p>\n<p><strong>\u00c0 noter : Les allocations ch\u00f4mage que le parent per\u00e7oit seront automatiquement <a href=\"https:\/\/www.mes-allocs.fr\/guides\/chomage\/calculer-chomage\/\">calcul\u00e9es<\/a> sur les prestations auxquelles ils avaient droit quand il \u00e9tait encore salari\u00e9 \u00e0 plein temps.<\/strong><\/p>\n<h2>Comment sont calcul\u00e9es les allocations ch\u00f4mage apr\u00e8s un cong\u00e9 parental ?<\/h2>\n<p>Il y a deux cas de figures. Dans le premier, vous avez fait un cong\u00e9 parental complet. Les allocations seront alors calcul\u00e9es en fonction de votre salaire des 12 derniers mois ouvr\u00e9s.<\/p>\n<p>Dans le second cas, vous avez fait un cong\u00e9 parental partiel avec les aide de l\u2019\u00e9tat PrePare, alors les allocations seront calcul\u00e9es sur les douze derniers mois travaill\u00e9s, que ce soit en temps partiels ou en temps plein.<\/p>\n<h1>Qu&rsquo;est-ce que le cong\u00e9 parental ?<\/h1>\n<p><img loading=\"lazy\" decoding=\"async\" class=\"alignright wp-image-32110 size-medium\" title=\"Quest ce que le conge\u0301 parental\" src=\"https:\/\/www.mes-allocs.fr\/guides\/wp-content\/uploads\/2021\/07\/Quest-ce-que-le-conge\u0301-parental--300x200.jpg\" alt=\"Quest ce que le conge\u0301 parental\" width=\"300\" height=\"200\" srcset=\"https:\/\/www.mes-allocs.fr\/guides\/wp-content\/uploads\/2021\/07\/Quest-ce-que-le-conge\u0301-parental--300x200.jpg 300w, https:\/\/www.mes-allocs.fr\/guides\/wp-content\/uploads\/2021\/07\/Quest-ce-que-le-conge\u0301-parental--1024x682.jpg 1024w, https:\/\/www.mes-allocs.fr\/guides\/wp-content\/uploads\/2021\/07\/Quest-ce-que-le-conge\u0301-parental--768x512.jpg 768w, https:\/\/www.mes-allocs.fr\/guides\/wp-content\/uploads\/2021\/07\/Quest-ce-que-le-conge\u0301-parental--600x400.jpg 600w, https:\/\/www.mes-allocs.fr\/guides\/wp-content\/uploads\/2021\/07\/Quest-ce-que-le-conge\u0301-parental-.jpg 1280w\" sizes=\"auto, (max-width: 300px) 100vw, 300px\" \/><\/p>\n<p>Apr\u00e8s la naissance d&rsquo;un, plusieurs enfant ou suite \u00e0 une adoption tous les salari\u00e9s peuvent prendre un cong\u00e9 parental d&rsquo;\u00e9ducation. En revanche est pris en compte votre anciennet\u00e9, pour en b\u00e9n\u00e9ficier vous devez justifier d&rsquo;au moins 1 an dans l&rsquo;entreprise.<\/p>\n<p>La dur\u00e9e de ce cong\u00e9 est variable. Ainsi, il permet \u00e0 la m\u00e8re ou au p\u00e8re de suspendre ou simplement de r\u00e9duire son activit\u00e9 professionnelle cela pour s&rsquo;occuper de l&rsquo;\u00e9ducation de l&rsquo;enfant.<\/p>\n<p>Attention, pendant le cong\u00e9 parental vous ne percevez pas une r\u00e9mun\u00e9ration habituelle, r\u00e9mun\u00e9ration normale. En revanche, dans certains cas vous pouvez pr\u00e9tendre \u00e0 des allocations vers\u00e9es par la CAF ou par la MSA si vous relevez du secteur agricole.<\/p>\n<p><strong>\u00c0 noter : Il est possible d&rsquo;envisager une\u00a0rupture conventionnelle\u00a0mais uniquement d&rsquo;un commun accord\u00a0<\/strong><\/p>\n<h2 id=\"quelles-conditions-pour-beneficier-dun-conge-parental\">Quelles conditions pour b\u00e9n\u00e9ficier d\u2019un cong\u00e9 parental ?<\/h2>\n<p>Pour \u00eatre \u00e9ligible au cong\u00e9 parental vous devez comme nous l&rsquo;avons expliqu\u00e9 justifier d&rsquo;au moins 1 an d&rsquo;anciennet\u00e9 dans votre entreprise. Cela \u00e0 partir de la date\u00a0naissance de l\u2019enfant ou d\u2019arriv\u00e9e de l\u2019enfant de moins de 16 ans dans le foyer, en cas d\u2019adoption.<\/p>\n<p>Le\u00a0cong\u00e9 parental\u00a0d\u2019\u00e9ducation est un droit inscrit dans le Code du travail. Autrement dit, votre employeur ne peut donc pas le refuser. Il en est de m\u00eame si vous souhaitez prolonger votre cong\u00e9. \u00a0Le versement des allocations\u00a0ch\u00f4mage\u00a0reprend \u00e0 la fin de votre\u00a0cong\u00e9 parental\u00a0sans que la dur\u00e9e d&rsquo;indemnisation de votre\u00a0ch\u00f4mage ne soit impact\u00e9 (ch\u00f4mage partiel ou pas).<\/p>\n<p>En revanche,\u00a0en cas de <strong>cong\u00e9 parental<\/strong> \u00e0 temps partiel, la dur\u00e9e des jours travaill\u00e9s et la r\u00e9partition des horaires doivent \u00eatre fix\u00e9es en accord avec l\u2019employeur.<\/p>\n<h2 id=\"quand-prendre-son-conge-parental\">Quand peut-on b\u00e9n\u00e9ficier d&rsquo;un cong\u00e9 parental ?<\/h2>\n<p>Vous pouvez b\u00e9n\u00e9ficier d&rsquo;une p\u00e9riode de cong\u00e9 parental \u00e0 la fin de votre cong\u00e9 maternit\u00e9, paternit\u00e9 ou dans le cas d&rsquo;une adoption. Notez \u00e9galement que le cong\u00e9 parental d&rsquo;\u00e9ducation peut quant \u00e0 lui commencer \u00e0 n&rsquo;importe quel moment mais jusqu&rsquo;au 3 ans de votre enfant.<\/p>\n<p>Vous pouvez faire une demande de cong\u00e9 parental :<\/p>\n<ul>\n<li>\u00c0 temps complet. En revanche pendant ce temps il y a une suspension du contrat de travail<\/li>\n<li>Ou \u00e0 mi temps. En revanche la p\u00e9riode de r\u00e9f\u00e9rence est comprise entre 16h\/semaine et 80 % d\u2019un temps complet<\/li>\n<\/ul>\n<p><strong>\u00c0 noter : Le cong\u00e9 parental peut \u00eatre pris par l\u2019un des parents, les deux simultan\u00e9ment ou successivement, dans le cas d\u2019un temps partiel.<\/strong><\/p>\n<div class='cta-block'><div class='text'>Simulez votre ch\u00f4mage en 2 min.<\/div><a href='https:\/\/www.mes-allocs.fr\/simulation-chomage?origin=guides\/wp-json\/wp\/v2\/posts\/32098' class='app-button fit'>Simulation gratuite<\/a><\/div>\n<h1>L&rsquo;allocation ch\u00f4mage<\/h1>\n<h2>Qu&rsquo;est-ce que l&rsquo;allocation ch\u00f4mage ?<\/h2>\n<p>L&rsquo;<strong>allocation\u00a0<\/strong><strong>ch\u00f4mage<\/strong>\u00a0est un revenu de remplacement \u00e9galement appel\u00e9 prestation ch\u00f4mage ou allocation d\u2019<strong>Aide<\/strong><strong>\u00a0au retour \u00e0 l\u2019emploi<\/strong> (ARE) vers\u00e9e par p\u00f4le emploi \u00e0 conditions de respecter toutes les conditions d&rsquo;attribution.\u00a0L\u2019allocation ch\u00f4mage a pour but de compenser en tout ou partie la perte des revenus du travail. Le montant de cette aide varie d\u2019un individu \u00e0 un autre en fonction de nombreux facteurs tels que l\u2019\u00e2ge ou l\u2019ancien revenu.<\/p>\n<p><strong>La m\u00e9thode de calcul du salaire journalier de r\u00e9f\u00e9rence est la suivante :\u00a0<\/strong><\/p>\n<p><em><strong>\u00a0Le calcul du SJR est obtenu de la fa\u00e7on suivante : SJR = salaire de r\u00e9f\u00e9rence \/ (nombre de jours travaill\u00e9s).<\/strong><\/em><\/p>\n<p><iframe loading=\"lazy\" title=\"Tout savoir sur le ch\u00f4mage en France !\" width=\"500\" height=\"281\" src=\"https:\/\/www.youtube.com\/embed\/jgv9qS4jh7k?feature=oembed\" frameborder=\"0\" allow=\"accelerometer; autoplay; clipboard-write; encrypted-media; gyroscope; picture-in-picture; web-share\" referrerpolicy=\"strict-origin-when-cross-origin\" allowfullscreen><\/iframe><\/p>\n<p>&nbsp;<\/p>\n<h2>Peut-on b\u00e9n\u00e9ficier d&rsquo;indemnit\u00e9s arr\u00eat maladie et percevoir l&rsquo; assurance ch\u00f4mage ?<\/h2>\n<p role=\"heading\" data-attrid=\"wa:\/description\" aria-level=\"3\" data-hveid=\"CAYQAA\">Oui, en revanche plusieurs conditions sont prises en compte dans le calcul de vos droits. Vous devez \u00e9galement respecter les conditions suivantes :<\/p>\n<ul>\n<li>Il faut justifier de votre incapacit\u00e9 \u00e0 rechercher en emploi si vous \u00eates malade, afin qu\u2019une indemnit\u00e9 d\u2019arr\u00eat maladie vous soit vers\u00e9e au lieu de votre\u00a0allocation ch\u00f4mage. L\u2019indemnit\u00e9 journali\u00e8re d\u2019arr\u00eat maladie vous sera alors vers\u00e9e tous les 14 jours.<\/li>\n<li>Son calcul se fait sur la base de vos salaires ant\u00e9rieurs. Elle \u00e9quivaut \u00e0 50 % du montant du salaire journalier de base. Et ce, dans la limite de 1.8 fois le SMIC en vigueur.<\/li>\n<\/ul>\n<p><strong>\u00c0 noter : P\u00f4le Emploi applique un d\u00e9lai de carence de 3 jours d\u00e8s la date de l\u2019arr\u00eat.<\/strong><\/p>\n<div class='cta-block'><div class='text'>Simulez votre ch\u00f4mage en 2 min.<\/div><a href='https:\/\/www.mes-allocs.fr\/simulation-chomage?origin=guides\/wp-json\/wp\/v2\/posts\/32098' class='app-button fit'>Simulation gratuite<\/a><\/div>\n","protected":false},"excerpt":{"rendered":"<p>Bonne nouvelle, depuis le\u00a0 1er\u00a0juillet\u00a02021, la dur\u00e9e du\u00a0cong\u00e9 de paternit\u00e9 est modifi\u00e9e et passe donc de 11 \u00e0 25 jours. La dur\u00e9e du cong\u00e9 reste de 11 jours pour une naissance intervenant avant cette date. Mes Allocs vous explique en d\u00e9tail le calcul ch\u00f4mage apr\u00e8s cong\u00e9 parental. Le ch\u00f4mage apr\u00e8s un cong\u00e9 parental Quelles indemnit\u00e9s [&hellip;]<\/p>\n","protected":false},"author":10,"featured_media":32107,"comment_status":"open","ping_status":"open","sticky":false,"template":"","format":"standard","meta":{"amp_status":"","footnotes":""},"categories":[2990,2989],"tags":[],"class_list":["post-32098","post","type-post","status-publish","format-standard","has-post-thumbnail","hentry","category-calculer-chomage","category-chomage"],"yoast_head":"<!-- This site is optimized with the Yoast SEO plugin v14.9 - https:\/\/yoast.com\/wordpress\/plugins\/seo\/ -->\n<title>Tout savoir sur le calcul ch\u00f4mage apr\u00e8s cong\u00e9 parental | Mes-Allocs.fr<\/title>\n<meta name=\"description\" content=\"Le ch\u00f4mage vous est vers\u00e9 par P\u00f4le Emploi sous condition. Mes Allocs vous explique le calcul ch\u00f4mage apr\u00e8s cong\u00e9 parental.\" \/>\n<meta name=\"robots\" content=\"index, follow, max-snippet:-1, max-image-preview:large, max-video-preview:-1\" \/>\n<link rel=\"canonical\" href=\"https:\/\/www.mes-allocs.fr\/guides\/chomage\/calculer-chomage\/calcul-chomage-apres-conge-parental\/\" \/>\n<meta property=\"og:locale\" content=\"fr_FR\" \/>\n<meta property=\"og:type\" content=\"article\" \/>\n<meta property=\"og:title\" content=\"Tout savoir sur le calcul ch\u00f4mage apr\u00e8s cong\u00e9 parental | Mes-Allocs.fr\" \/>\n<meta property=\"og:description\" content=\"Le ch\u00f4mage vous est vers\u00e9 par P\u00f4le Emploi sous condition. Mes Allocs vous explique le calcul ch\u00f4mage apr\u00e8s cong\u00e9 parental.\" \/>\n<meta property=\"og:url\" content=\"https:\/\/www.mes-allocs.fr\/guides\/chomage\/calculer-chomage\/calcul-chomage-apres-conge-parental\/\" \/>\n<meta property=\"og:site_name\" content=\"Mes-Allocs.fr\" \/>\n<meta property=\"article:published_time\" content=\"2021-07-05T15:22:34+00:00\" \/>\n<meta property=\"article:modified_time\" content=\"2025-10-07T14:19:25+00:00\" \/>\n<meta property=\"og:image\" content=\"https:\/\/www.mes-allocs.fr\/guides\/wp-content\/uploads\/2021\/07\/calcul-cho\u0302mage-apre\u0300s-conge\u0301-parental-e1625481571435.jpg?wsr\" \/>\n\t<meta property=\"og:image:width\" content=\"1280\" \/>\n\t<meta property=\"og:image:height\" content=\"470\" \/>\n<meta name=\"twitter:card\" content=\"summary_large_image\" \/>\n<script type=\"application\/ld+json\" class=\"yoast-schema-graph\">{\"@context\":\"https:\/\/schema.org\",\"@graph\":[{\"@type\":\"WebSite\",\"@id\":\"https:\/\/www.mes-allocs.fr\/guides\/#website\",\"url\":\"https:\/\/www.mes-allocs.fr\/guides\/\",\"name\":\"Mes-Allocs.fr\",\"description\":\"\",\"potentialAction\":[{\"@type\":\"SearchAction\",\"target\":\"https:\/\/www.mes-allocs.fr\/guides\/?s={search_term_string}\",\"query-input\":\"required name=search_term_string\"}],\"inLanguage\":\"fr-FR\"},{\"@type\":\"ImageObject\",\"@id\":\"https:\/\/www.mes-allocs.fr\/guides\/chomage\/calculer-chomage\/calcul-chomage-apres-conge-parental\/#primaryimage\",\"inLanguage\":\"fr-FR\",\"url\":\"https:\/\/www.mes-allocs.fr\/guides\/wp-content\/uploads\/2021\/07\/calcul-cho\\u0302mage-apre\\u0300s-conge\\u0301-parental-e1625481571435.jpg?wsr\",\"width\":1280,\"height\":470,\"caption\":\"calcul cho\\u0302mage apre\\u0300s conge\\u0301 parental\"},{\"@type\":\"WebPage\",\"@id\":\"https:\/\/www.mes-allocs.fr\/guides\/chomage\/calculer-chomage\/calcul-chomage-apres-conge-parental\/#webpage\",\"url\":\"https:\/\/www.mes-allocs.fr\/guides\/chomage\/calculer-chomage\/calcul-chomage-apres-conge-parental\/\",\"name\":\"Tout savoir sur le calcul ch\\u00f4mage apr\\u00e8s cong\\u00e9 parental | Mes-Allocs.fr\",\"isPartOf\":{\"@id\":\"https:\/\/www.mes-allocs.fr\/guides\/#website\"},\"primaryImageOfPage\":{\"@id\":\"https:\/\/www.mes-allocs.fr\/guides\/chomage\/calculer-chomage\/calcul-chomage-apres-conge-parental\/#primaryimage\"},\"datePublished\":\"2021-07-05T15:22:34+00:00\",\"dateModified\":\"2025-10-07T14:19:25+00:00\",\"author\":{\"@id\":\"https:\/\/www.mes-allocs.fr\/guides\/#\/schema\/person\/8d47b912c0ad15f379df96b4e4e33f58\"},\"description\":\"Le ch\\u00f4mage vous est vers\\u00e9 par P\\u00f4le Emploi sous condition. Mes Allocs vous explique le calcul ch\\u00f4mage apr\\u00e8s cong\\u00e9 parental.\",\"inLanguage\":\"fr-FR\"},{\"@type\":\"Person\",\"@id\":\"https:\/\/www.mes-allocs.fr\/guides\/#\/schema\/person\/8d47b912c0ad15f379df96b4e4e33f58\",\"name\":\"Constance de Cagny\",\"image\":{\"@type\":\"ImageObject\",\"@id\":\"https:\/\/www.mes-allocs.fr\/guides\/#personlogo\",\"inLanguage\":\"fr-FR\",\"url\":\"https:\/\/www.mes-allocs.fr\/guides\/wp-content\/uploads\/2021\/06\/Constance.2e8ee0b.png\",\"caption\":\"Constance de Cagny\"},\"description\":\"Constance est r\\u00e9dactrice au sein de l'\\u00e9quipe Mes Allocs. Elle a l'habitude d'\\u00e9crire sur les sujets conso, bons plans et \\u00e9conomies. Dipl\\u00f4m\\u00e9e de l'ENACO, elle rejoint Mes Allocs apr\\u00e8s une premi\\u00e8re exp\\u00e9rience en cabinet notarial.\",\"sameAs\":[\"https:\/\/www.linkedin.com\/in\/constance-de-cagny-mayeur-bbb414135\"]}]}<\/script>\n<!-- \/ Yoast SEO plugin. -->","amp_validity":null,"acf":{"faq":{"1":{"question":"Comment se calcul le ch\u00f4mage partiel ?","answer":"Dans le contexte de crise sanitaire actuel, le calcul revient \u00e0 appliquer 70% de salaire mensuel brut puis \u00e0 soustraire 6.7% de ce m\u00eame r\u00e9sultat. Calcul = (70% du mensuel brut) - ((70% du mensuel brut) * 6,7%)"},"2":{"question":"Quel salaire pris en compte pour le ch\u00f4mage ?","answer":"Ce sont vos derniers salaires bruts qui sont pris en charge pour le calcul du ch\u00f4mage. En outre, plus votre salaire \u00e9tait \u00e9lev\u00e9, plus votre allocation sera \u00e9lev\u00e9e."},"3":{"question":"Est-ce que je touche le ch\u00f4mage apr\u00e8s un CDD ?","answer":"Vous pouvez toucher le ch\u00f4mage apr\u00e8s un CDD si vous \u00eates licenci\u00e9s ou si vous fa\u00eetes une d\u00e9mission l\u00e9gitime."},"4":{"question":"Quelle est la dur\u00e9e du ch\u00f4mage ?","answer":"Pour une personne de \u2013 de 50 ans : La dur\u00e9e maximum d'indemnisation est de 730 jours, soit 24 mois. Peu importe, si vous avez travaill\u00e9 plus de 2 ans."},"5":{"question":"Quelles sont les conditions li\u00e9es au Ch\u00f4mage ?","answer":"Vous devez justifier d\u2019une p\u00e9riode minimale de travail de 88 jours \u2013 dite dur\u00e9e d\u2019affiliation \u2013 ou 610 heures, sur la p\u00e9riode des 28 derniers mois pr\u00e9c\u00e9dant la fin du contrat de travail."},"6":{"question":"Qu'est ce que le Ch\u00f4mage ?","answer":"Le ch\u00f4mage peut \u00eatre d\u00e9fini comme l'\u00e9tat d'une personne souhaitant travailler et qui est \u00e0 la recherche d'un emploi. Cette d\u00e9finition du ch\u00f4mage conna\u00eet de nombreuses variantes et son concept donne toujours lieu \u00e0 des controverses th\u00e9oriques et statistiques."},"7":{"question":"","answer":""},"8":{"question":"","answer":""},"9":{"question":"","answer":""},"10":{"question":"","answer":""},"11":{"question":"","answer":""},"12":{"question":"","answer":""},"13":{"question":"","answer":""},"14":{"question":"","answer":""},"15":{"question":"","answer":""},"16":{"question":"","answer":""}}},"_links":{"self":[{"href":"https:\/\/www.mes-allocs.fr\/guides\/wp-json\/wp\/v2\/posts\/32098","targetHints":{"allow":["GET"]}}],"collection":[{"href":"https:\/\/www.mes-allocs.fr\/guides\/wp-json\/wp\/v2\/posts"}],"about":[{"href":"https:\/\/www.mes-allocs.fr\/guides\/wp-json\/wp\/v2\/types\/post"}],"author":[{"embeddable":true,"href":"https:\/\/www.mes-allocs.fr\/guides\/wp-json\/wp\/v2\/users\/10"}],"replies":[{"embeddable":true,"href":"https:\/\/www.mes-allocs.fr\/guides\/wp-json\/wp\/v2\/comments?post=32098"}],"version-history":[{"count":14,"href":"https:\/\/www.mes-allocs.fr\/guides\/wp-json\/wp\/v2\/posts\/32098\/revisions"}],"predecessor-version":[{"id":104446,"href":"https:\/\/www.mes-allocs.fr\/guides\/wp-json\/wp\/v2\/posts\/32098\/revisions\/104446"}],"wp:featuredmedia":[{"embeddable":true,"href":"https:\/\/www.mes-allocs.fr\/guides\/wp-json\/wp\/v2\/media\/32107"}],"wp:attachment":[{"href":"https:\/\/www.mes-allocs.fr\/guides\/wp-json\/wp\/v2\/media?parent=32098"}],"wp:term":[{"taxonomy":"category","embeddable":true,"href":"https:\/\/www.mes-allocs.fr\/guides\/wp-json\/wp\/v2\/categories?post=32098"},{"taxonomy":"post_tag","embeddable":true,"href":"https:\/\/www.mes-allocs.fr\/guides\/wp-json\/wp\/v2\/tags?post=32098"}],"curies":[{"name":"wp","href":"https:\/\/api.w.org\/{rel}","templated":true}]}}