{"id":32071,"date":"2021-07-05T17:15:52","date_gmt":"2021-07-05T15:15:52","guid":{"rendered":"https:\/\/www.mes-allocs.fr\/guides\/?p=32071"},"modified":"2025-10-07T16:19:04","modified_gmt":"2025-10-07T14:19:04","slug":"auto-entrepreneur-et-chomage-calcul","status":"publish","type":"post","link":"https:\/\/www.mes-allocs.fr\/guides\/chomage\/calculer-chomage\/auto-entrepreneur-et-chomage-calcul\/","title":{"rendered":"Auto entrepreneur et ch\u00f4mage calcul"},"content":{"rendered":"<p>Il est tout \u00e0 fait d&rsquo;avoir \u00e0 la fois le statut d&rsquo;auto-entrepreneur et l&rsquo;allocation ch\u00f4mage. Selon votre situation personnelle et professionnelle, vous pourrez ainsi toucher l&rsquo;int\u00e9gralit\u00e9 ou bien seulement une partie de vos droits \u00e0 l&rsquo;ARE. Cela au moment de la cr\u00e9ation de votre entreprise. Mes Allocs vous explique tout sur le statut auto-entrepreneur et <a href=\"https:\/\/www.mes-allocs.fr\/guides\/chomage\/calculer-chomage\/\">ch\u00f4mage calcul<\/a>.<\/p>\n<div class='cta-block'><div class='text'>Simulez votre ch\u00f4mage en 2 min.<\/div><a href='https:\/\/www.mes-allocs.fr\/simulation-chomage?origin=guides\/wp-json\/wp\/v2\/posts\/32071' class='app-button fit'>Simulation gratuite<\/a><\/div>\n<h1>Peut-on b\u00e9n\u00e9ficier de l&rsquo;allocation ch\u00f4mage en \u00e9tant auto entrepreneur ?<\/h1>\n<p><img loading=\"lazy\" decoding=\"async\" class=\"alignright wp-image-32093 size-medium\" title=\"Peut on be\u0301ne\u0301ficier de lallocation cho\u0302mage en e\u0301tant auto entrepreneur\" src=\"https:\/\/www.mes-allocs.fr\/guides\/wp-content\/uploads\/2021\/07\/Peut-on-be\u0301ne\u0301ficier-de-lallocation-cho\u0302mage-en-e\u0301tant-auto-entrepreneur--300x200.jpg\" alt=\"Peut on be\u0301ne\u0301ficier de lallocation cho\u0302mage en e\u0301tant auto entrepreneur\" width=\"300\" height=\"200\" srcset=\"https:\/\/www.mes-allocs.fr\/guides\/wp-content\/uploads\/2021\/07\/Peut-on-be\u0301ne\u0301ficier-de-lallocation-cho\u0302mage-en-e\u0301tant-auto-entrepreneur--300x200.jpg 300w, https:\/\/www.mes-allocs.fr\/guides\/wp-content\/uploads\/2021\/07\/Peut-on-be\u0301ne\u0301ficier-de-lallocation-cho\u0302mage-en-e\u0301tant-auto-entrepreneur--1024x682.jpg 1024w, https:\/\/www.mes-allocs.fr\/guides\/wp-content\/uploads\/2021\/07\/Peut-on-be\u0301ne\u0301ficier-de-lallocation-cho\u0302mage-en-e\u0301tant-auto-entrepreneur--768x512.jpg 768w, https:\/\/www.mes-allocs.fr\/guides\/wp-content\/uploads\/2021\/07\/Peut-on-be\u0301ne\u0301ficier-de-lallocation-cho\u0302mage-en-e\u0301tant-auto-entrepreneur--600x400.jpg 600w, https:\/\/www.mes-allocs.fr\/guides\/wp-content\/uploads\/2021\/07\/Peut-on-be\u0301ne\u0301ficier-de-lallocation-cho\u0302mage-en-e\u0301tant-auto-entrepreneur-.jpg 1280w\" sizes=\"auto, (max-width: 300px) 100vw, 300px\" \/><\/p>\n<p>En tant qu&rsquo;auto-entrepreneur il est tout \u00e0 fait possible de b\u00e9n\u00e9ficier de l&rsquo;allocation <a href=\"https:\/\/www.mes-allocs.fr\/guides\/chomage\/\">ch\u00f4mage<\/a>. Et cela depuis le 1er novembre 2019.<\/p>\n<p><strong>Si vous poss\u00e9dez votre micro entreprise alors vous pouvez pr\u00e9tendre \u00e0 cette allocation mensuelle si vous respectez les conditions suivantes :<\/strong><\/p>\n<ul class=\"css-px8c62\" role=\"list\">\n<li class=\"css-0\">\n<p class=\"chakra-text css-17rox1a\">\u00eatre en liquidation ou redressement judiciaire<\/p>\n<\/li>\n<li class=\"css-0\">\n<p class=\"chakra-text css-17rox1a\">avoir g\u00e9n\u00e9r\u00e9 un revenu de minimum 10 000\u00a0\u20ac par an sur les deux derni\u00e8res ann\u00e9es<\/p>\n<\/li>\n<\/ul>\n<p class=\"chakra-text css-17rox1a\">Le montant de l&rsquo;allocation ne peut pas d\u00e9passer 800\u20ac par mois. Et cela pendant 6 mois maximum.<\/p>\n<p>Si vous cr\u00e9ez votre auto entreprise il est tout \u00e0 fait possible de b\u00e9n\u00e9ficier de l&rsquo;allocation ch\u00f4mage. Pour vous aider durant votre activit\u00e9 d&rsquo;auto-entrepreneur vous pouvez notamment b\u00e9n\u00e9ficier de l&rsquo;Arce (Aide \u00e0 la reprise ou \u00e0 la cr\u00e9ation d&rsquo;entreprise). Ils ont m\u00eame \u00e9t\u00e9 mis en place pour favoriser le retour \u00e0 l&#8217;emploi des ch\u00f4meurs.<\/p>\n<h2>Qu&rsquo;est-ce que l&rsquo;allocation ch\u00f4mage ?<\/h2>\n<p class=\"amp-wp-7d27179\" data-amp-original-style=\"text-align: justify;\"><span class=\"amp-wp-fe3f5cc\" data-amp-original-style=\"font-weight: 400;\">Pour \u00eatre \u00e9ligible \u00e0 l\u2019Allocation ch\u00f4mage d\u2019aide au retour \u00e0 l\u2019emploi (ARE). Et ainsi avoir droit au ch\u00f4mage, vous devez \u00eatre priv\u00e9 involontairement d\u2019un emploi. La raison de la cessation de votre contrat doit \u00eatre une des suivantes :<\/span><\/p>\n<ul>\n<li class=\"amp-wp-7d27179\" data-amp-original-style=\"text-align: justify;\"><span class=\"amp-wp-fe3f5cc\" data-amp-original-style=\"font-weight: 400;\">Licenciement pour motif personnel ou \u00e9conomique, ou d\u2019une r\u00e9vocation (sanction disciplinaire dans la fonction publique)<\/span><\/li>\n<li class=\"amp-wp-7d27179\" data-amp-original-style=\"text-align: justify;\"><span class=\"amp-wp-fe3f5cc\" data-amp-original-style=\"font-weight: 400;\">Rupture conventionnelle\u00a0(rupture dans le cadre d\u2019un CDI, qui peut \u00eatre initi\u00e9e par l\u2019employ\u00e9 comme par l\u2019employeur)<\/span><\/li>\n<li class=\"amp-wp-7d27179\" data-amp-original-style=\"text-align: justify;\"><span class=\"amp-wp-fe3f5cc\" data-amp-original-style=\"font-weight: 400;\">Non-renouvellement de votre CDD (Contrat \u00e0 Dur\u00e9e D\u00e9termin\u00e9e)<\/span><\/li>\n<li class=\"amp-wp-7d27179\" data-amp-original-style=\"text-align: justify;\"><span class=\"amp-wp-fe3f5cc\" data-amp-original-style=\"font-weight: 400;\">D\u00e9mission l\u00e9gitime. Par exemple pour suivre la personne avec qui vous vivez et qui a \u00e9t\u00e9 mut\u00e9e. Cela est pr\u00e9vu dans un contrat de travail d&rsquo;un salari\u00e9.<\/span><\/li>\n<\/ul>\n<p class=\"amp-wp-7d27179\" data-amp-original-style=\"text-align: justify;\"><span class=\"amp-wp-fe3f5cc\" data-amp-original-style=\"font-weight: 400;\">Vous devez \u00eatre \u00e2g\u00e9 de moins de 64 ans (\u00e2ge minimum l\u00e9gal de d\u00e9part \u00e0 la retraite). Et vous ne devez pas avoir cumul\u00e9 suffisamment de trimestres travaill\u00e9s pour pouvoir b\u00e9n\u00e9ficier d\u2019une retraite \u00e0 taux plein.<\/span><\/p>\n<p class=\"amp-wp-7d27179\" data-amp-original-style=\"text-align: justify;\"><span class=\"amp-wp-fe3f5cc\" data-amp-original-style=\"font-weight: 400;\"> Vous \u00eates \u00e2g\u00e9 de plus de 64 ans. Mais que vous n\u2019avez pas atteint votre nombre de trimestres requis pour une retraite \u00e0 taux plein. Dans ce cas, l\u2019ARE pourra vous \u00eatre accord\u00e9e jusqu\u2019\u00e0 l\u2019obtention d\u2019une retraite \u00e0 taux plein.\u00a0<\/span><\/p>\n<h2>Quelles sont les conditions pour en b\u00e9n\u00e9ficier ?<\/h2>\n<p>Pour \u00eatre \u00e9ligible \u00e0 l&rsquo;allocation ch\u00f4mage vers\u00e9e par P\u00f4le Emploi ARE \u00a0(allocation ch\u00f4mage d&rsquo;Aide au Retour \u00e0 l&rsquo;Emploi).<strong> Vous devez respecter un certain nombre de conditions, \u00e0 savoir :<\/strong><\/p>\n<ul>\n<li>Vous devez vivre en France de mani\u00e8re stable. Ainsi, vous devrez justifier d&rsquo;une pr\u00e9sence sur le territoire Fran\u00e7ais plus de 6 mois par ans. Cela pendant les ann\u00e9es de versement mensuelle de l&rsquo;allocation<\/li>\n<\/ul>\n<ul class=\"css-px8c62\" role=\"list\">\n<li class=\"css-0\">\n<p class=\"chakra-text css-17rox1a\">Vous devez \u00eatre inscrit comme demandeur d&rsquo; emploi aupr\u00e8s de p\u00f4le emploi pour b\u00e9n\u00e9ficier de l&rsquo; ARE mensuelle. (la cr\u00e9ation de votre activit\u00e9 d&rsquo;auto-entrepreneur est consid\u00e9r\u00e9e comme de la recherche d&#8217;emploi)\u00a0;<\/p>\n<\/li>\n<li class=\"css-0\">\n<p class=\"chakra-text css-17rox1a\"><b class=\"chakra-text css-1bsgmhw\">la somme de vos allocations et de votre chiffre d affaire d&rsquo;auto-entrepreneur ne doit pas d\u00e9passer votre salaire journalier de r\u00e9f\u00e9rence <\/b>(SJR) calcul\u00e9 en fonction de vos revenus per\u00e7us au cours des douze derniers mois.<\/p>\n<\/li>\n<\/ul>\n<h2>Comment calculer son montant ?<\/h2>\n<p class=\"chakra-text css-17rox1a\"><b class=\"chakra-text css-1bsgmhw\">Tous les mois, P\u00f4le Emploi vous demandera de communiquer vos revenus d&rsquo;auto-entrepreneur<\/b> pour permettre le <a href=\"https:\/\/www.mes-allocs.fr\/guides\/chomage\/\">calcul de l\u2019allocation ch\u00f4mage<\/a>.<\/p>\n<p>Le montant de l&rsquo;ARE que vous allez percevoir est calcul\u00e9 ainsi :<\/p>\n<p><b class=\"chakra-text css-1bsgmhw\">Montant de l\u2019ARE moins 70% des revenus de l&rsquo;auto-entrepreneur <\/b>(correspondant au chiffre d&rsquo;affaires moins l&rsquo;abattement forfaitaire correspondant \u00e0 votre activit\u00e9. 34 % pour les activit\u00e9s lib\u00e9rales. 71 % pour les activit\u00e9s commerciales et 50 % pour les prestations de service non-commerciales). Capital de d\u00e9part.<\/p>\n<p><strong>Donc si vos revenus de votre activit\u00e9 d&rsquo;auto entrepreneur augmentent, le montant mensuel de l&rsquo;ARE que vous allez percevoir va diminuer. En revanche, s<b class=\"chakra-text css-1bsgmhw\">i votre activit\u00e9 d&rsquo;auto-entrepreneur ne vous rapporte aucun revenu, votre montant d&rsquo;allocation ch\u00f4mage mensuel reste le m\u00eame.<\/b><\/strong><\/p>\n<div class='cta-block'><div class='text'>Simulez votre ch\u00f4mage en 2 min.<\/div><a href='https:\/\/www.mes-allocs.fr\/simulation-chomage?origin=guides\/wp-json\/wp\/v2\/posts\/32071' class='app-button fit'>Simulation gratuite<\/a><\/div>\n<h1>Comment faire une demande d&rsquo;allocation ?<\/h1>\n<p><img loading=\"lazy\" decoding=\"async\" class=\"alignright wp-image-32095 size-medium\" title=\"Comment fair une demande dallocation\" src=\"https:\/\/www.mes-allocs.fr\/guides\/wp-content\/uploads\/2021\/07\/Comment-fair-une-demande-dallocation--300x200.jpg\" alt=\"Comment fair une demande dallocation\" width=\"300\" height=\"200\" srcset=\"https:\/\/www.mes-allocs.fr\/guides\/wp-content\/uploads\/2021\/07\/Comment-fair-une-demande-dallocation--300x200.jpg 300w, https:\/\/www.mes-allocs.fr\/guides\/wp-content\/uploads\/2021\/07\/Comment-fair-une-demande-dallocation--1024x683.jpg 1024w, https:\/\/www.mes-allocs.fr\/guides\/wp-content\/uploads\/2021\/07\/Comment-fair-une-demande-dallocation--768x512.jpg 768w, https:\/\/www.mes-allocs.fr\/guides\/wp-content\/uploads\/2021\/07\/Comment-fair-une-demande-dallocation--600x400.jpg 600w, https:\/\/www.mes-allocs.fr\/guides\/wp-content\/uploads\/2021\/07\/Comment-fair-une-demande-dallocation-.jpg 1280w\" sizes=\"auto, (max-width: 300px) 100vw, 300px\" \/><\/p>\n<p><strong>L\u2019ARE vous et vers\u00e9e mensuellement<\/strong>, et son montant \u00e9quivaut \u00e0 votre montant journalier multipli\u00e9 par le nombre de jours calendaires du mois. Si vous travailliez dans le secteur priv\u00e9, c\u2019est P\u00f4le Emploi qui vous verse cette allocation. Si vous \u00e9tiez agent public, c\u2019est l\u2019administration en question qui s\u2019occupe du versement de l\u2019ARE. Pour vous aider dans vos d\u00e9marches vous pouvez demander \u00e0 Mes Allocs de faire toutes les d\u00e9marches administratives \u00e0 votre place !<\/p>\n<h2>Cumuler ARE avec<span id=\"Cumul_avec_des_revenus_dactivite\"><b>\u00a0des revenus d\u2019activit\u00e9<\/b><\/span><\/h2>\n<p class=\"amp-wp-7d27179\" data-amp-original-style=\"text-align: justify;\"><span class=\"amp-wp-fe3f5cc\" data-amp-original-style=\"font-weight: 400;\">Vous pouvez cumuler des revenus d\u2019activit\u00e9 avec l\u2019allocation d\u2019Aide au Retour \u00e0 l\u2019Emploi (ARE). Qui ne vous sera cependant pas vers\u00e9e dans sa totalit\u00e9. Le montant de l\u2019ARE vers\u00e9 correspond au montant de l\u2019ARE journali\u00e8re. En suite multipli\u00e9 par le nombre de jours indemnisables par mois au titre de l\u2019ARE.<\/span><span class=\"amp-wp-fe3f5cc\" data-amp-original-style=\"font-weight: 400;\">\u00a0<\/span><\/p>\n<p class=\"amp-wp-7d27179\" data-amp-original-style=\"text-align: justify;\"><span class=\"amp-wp-fe3f5cc\" data-amp-original-style=\"font-weight: 400;\">Si vous effectuez une activit\u00e9 salari\u00e9e. Mais que vous d\u00e9clarez \u00eatre encore en recherche d\u2019emploi, vos jours indemnisables par mois se calculent ainsi :<\/span><span class=\"amp-wp-fe3f5cc\" data-amp-original-style=\"font-weight: 400;\">\u00a0<\/span><\/p>\n<p class=\"amp-wp-7d27179\" data-amp-original-style=\"text-align: justify;\"><span class=\"amp-wp-fe3f5cc\" data-amp-original-style=\"font-weight: 400;\"><strong>(montant de l\u2019ARE mensuelle \u2013 70% * salaire brut de votre nouvelle activit\u00e9) \/ montant de l\u2019ARE journali\u00e8re<\/strong>. La somme est arrondie \u00e0 l\u2019entier le plus proche.<\/span><\/p>\n<p><iframe loading=\"lazy\" title=\"Tout savoir sur le ch\u00f4mage en France !\" width=\"500\" height=\"281\" src=\"https:\/\/www.youtube.com\/embed\/jgv9qS4jh7k?feature=oembed\" frameborder=\"0\" allow=\"accelerometer; autoplay; clipboard-write; encrypted-media; gyroscope; picture-in-picture; web-share\" referrerpolicy=\"strict-origin-when-cross-origin\" allowfullscreen><\/iframe><\/p>\n<h1>Versement de l&rsquo;ARE pour les\u00a0auto-entrepreneurs ?<\/h1>\n<h2 class=\"chakra-text css-17rox1a\">Si vous d\u00e9clarer vos revenus mensuels il s&rsquo;agit d&rsquo;un paiement par avance<\/h2>\n<h4 class=\"chakra-heading css-u3k436\">Si vous avez la possibilit\u00e9 de faire une d\u00e9claration de votre chiffre d&rsquo;affaires tous les mois. Dans ce cas vous percevrez une avance de paiement. Cette derni\u00e8re est \u00e9gale \u00e0 80 % du montant de l&rsquo;ARE auquel vous pouvez pr\u00e9tendre.<\/h4>\n<h2 class=\"chakra-text css-17rox1a\">Si vous ne pouvez pas d\u00e9clarer vos revenus tous les mois il s&rsquo;agit d&rsquo;un paiement provisoire<\/h2>\n<p>Si vous ne pouvez pas faire de d\u00e9claration mensuelle de vos revenus. Dans ce cas P\u00f4le Emploi va vous verser 70 % du montant de l&rsquo;ARE auquel vous pouvez pr\u00e9tendre.<\/p>\n<p>L&rsquo;ARE per\u00e7ue avant de commencer votre activit\u00e9 d&rsquo;auto-entrepreneur et proc\u00e8de par la ensuite \u00e0 une r\u00e9gularisation annuelle ou trimestrielle. Cela pour vous verser le reste auquel vous avez droit. Ou dans d&rsquo;autres situations, vous demander le trop-per\u00e7u selon vos revenus et votre statut d&rsquo; auto-entrepreneur.<\/p>\n<p>Afin d&rsquo;\u00e9viter un remboursement de l&rsquo;ARE aupr\u00e8s d&rsquo;une agence P\u00f4le Emploi, vous pouvez faire une estimation de vos droits avec Mes Allocs. Gr\u00e2ce au simulateur d&rsquo;aides sociales vous aurez une estimation fiable en deux minutes.<\/p>\n<h1>Statut auto-entrepreneur<\/h1>\n<h2>Qu&rsquo;est-ce que le statut d&rsquo;auto-entrepreneur ?<\/h2>\n<p>Avant tout l&rsquo;auto-entreprise est un r\u00e9gime et non un statut ou une quelconque forme juridique. Autrement dit un auto-entrepreneur ne peut pas s\u2019opposer \u00e0 EI ou EURL.<\/p>\n<p>On consid\u00e8re un\u00a0<strong>auto-entrepreneur<\/strong>,\u00a0un porteur de projet cr\u00e9e son entreprise individuelle (EI).<\/p>\n<p><strong>En revanche, concernant l&rsquo;EI, il a le choix entre plusieurs r\u00e9gimes fiscaux et sociaux :<\/strong><\/p>\n<ul>\n<li>Il peut \u00eatre TNS au r\u00e9gime classique de droit commun ou au r\u00e9gime micro-social\u00a0;<\/li>\n<li>Il peut \u00eatre impos\u00e9 sur le revenu au r\u00e9gime r\u00e9el normal. Mais \u00e9galement au r\u00e9gime r\u00e9el simplifi\u00e9, au r\u00e9gime micro-fiscal ou encore au r\u00e9gime micro-fiscal simplifi\u00e9.<\/li>\n<\/ul>\n<p>Autrement dit, un auto-entrepreneur est \u00a0<strong>un entrepreneur individuel au r\u00e9gime micro-social et au r\u00e9gime micro-fiscal<\/strong>\u00a0(ou micro-fiscal simplifi\u00e9).<\/p>\n<p><strong>En revanche, ce r\u00e9gime implique certaines obligations, \u00e0 savoir :<\/strong><\/p>\n<ul>\n<li>Vous devez payer des imp\u00f4ts sur la base de votre chiffre d&rsquo;affaire(CA) que vous avez r\u00e9alis\u00e9 ;<\/li>\n<li>Vos charges r\u00e9elles ne sont pas prises en compte. Cela en fonction de votre activit\u00e9, un abattement forfaitaire est appliqu\u00e9 sur votre CA pour calculer votre taux d&rsquo;imposition ;<\/li>\n<li>Vous avez la possibilit\u00e9 de payer votre IRPP au fur et \u00e0 mesure que vous r\u00e9alisez votre chiffre d&rsquo;affaires ;<\/li>\n<li>Vous n&rsquo;aurez pas \u00e0 payer des charges sociales que sur la base de votre chiffre d&rsquo;affaires effectivement r\u00e9alis\u00e9 si vous en r\u00e9alisez un<\/li>\n<\/ul>\n<h2>Comment devenir auto-entrepreneur ?<\/h2>\n<p>Pour mettre en place la cr\u00e9ation de votre auto-entreprise et d\u00e9clarer votre activit\u00e9 aupr\u00e8s de votre Centre de Formalit\u00e9s des Entreprises (CFE). Vous devrez dans un premier temps faire une d\u00e9claration de d\u00e9but d&rsquo;activit\u00e9.<\/p>\n<p><strong>Autrement dit, au moment de la cr\u00e9ation tous les auto-entrepreneurs devront communiquer les informations suivantes :\u00a0<\/strong><\/p>\n<ul>\n<li><strong style=\"box-sizing: border-box; text-size-adjust: 100%;\">une copie de votre pi\u00e8ce d\u2019identit\u00e9 (passeport ou carte d&rsquo;identit\u00e9)<\/strong><\/li>\n<li><strong style=\"box-sizing: border-box; text-size-adjust: 100%;\">le formulaire \u00ab P0 Micro-Entrepreneur \u00bb. <\/strong>Compos\u00e9 de plusieurs parties : activit\u00e9s exerc\u00e9es, informations civiles, lieu d\u2019exercice (choix de la domiciliation), option choisie pour le versement des cotisations, etc..<\/li>\n<\/ul>\n<div class='cta-block'><div class='text'>Simulez votre ch\u00f4mage en 2 min.<\/div><a href='https:\/\/www.mes-allocs.fr\/simulation-chomage?origin=guides\/wp-json\/wp\/v2\/posts\/32071' class='app-button fit'>Simulation gratuite<\/a><\/div>\n","protected":false},"excerpt":{"rendered":"<p>Il est tout \u00e0 fait d&rsquo;avoir \u00e0 la fois le statut d&rsquo;auto-entrepreneur et l&rsquo;allocation ch\u00f4mage. Selon votre situation personnelle et professionnelle, vous pourrez ainsi toucher l&rsquo;int\u00e9gralit\u00e9 ou bien seulement une partie de vos droits \u00e0 l&rsquo;ARE. Cela au moment de la cr\u00e9ation de votre entreprise. Mes Allocs vous explique tout sur le statut auto-entrepreneur et [&hellip;]<\/p>\n","protected":false},"author":10,"featured_media":32092,"comment_status":"open","ping_status":"open","sticky":false,"template":"","format":"standard","meta":{"amp_status":"","footnotes":""},"categories":[2990,2989],"tags":[],"class_list":["post-32071","post","type-post","status-publish","format-standard","has-post-thumbnail","hentry","category-calculer-chomage","category-chomage"],"yoast_head":"<!-- This site is optimized with the Yoast SEO plugin v14.9 - https:\/\/yoast.com\/wordpress\/plugins\/seo\/ -->\n<title>Auto entrepreneur et ch\u00f4mage calcul | Mes-Allocs.fr<\/title>\n<meta name=\"description\" content=\"Votre statut vous permet de b\u00e9n\u00e9ficier de l&#039;ARE. Mes Allocs vous explique tout sur l&#039;auto entrepreneur et ch\u00f4mage calcul de vos droits.\" \/>\n<meta name=\"robots\" content=\"index, follow, max-snippet:-1, max-image-preview:large, max-video-preview:-1\" \/>\n<link rel=\"canonical\" href=\"https:\/\/www.mes-allocs.fr\/guides\/chomage\/calculer-chomage\/auto-entrepreneur-et-chomage-calcul\/\" \/>\n<meta property=\"og:locale\" content=\"fr_FR\" \/>\n<meta property=\"og:type\" content=\"article\" \/>\n<meta property=\"og:title\" content=\"Auto entrepreneur et ch\u00f4mage calcul | Mes-Allocs.fr\" \/>\n<meta property=\"og:description\" content=\"Votre statut vous permet de b\u00e9n\u00e9ficier de l&#039;ARE. Mes Allocs vous explique tout sur l&#039;auto entrepreneur et ch\u00f4mage calcul de vos droits.\" \/>\n<meta property=\"og:url\" content=\"https:\/\/www.mes-allocs.fr\/guides\/chomage\/calculer-chomage\/auto-entrepreneur-et-chomage-calcul\/\" \/>\n<meta property=\"og:site_name\" content=\"Mes-Allocs.fr\" \/>\n<meta property=\"article:published_time\" content=\"2021-07-05T15:15:52+00:00\" \/>\n<meta property=\"article:modified_time\" content=\"2025-10-07T14:19:04+00:00\" \/>\n<meta property=\"og:image\" content=\"https:\/\/www.mes-allocs.fr\/guides\/wp-content\/uploads\/2021\/07\/Auto-entrepreneur-et-cho\u0302mage-calcul-e1625479480560.jpg?wsr\" \/>\n\t<meta property=\"og:image:width\" content=\"1280\" \/>\n\t<meta property=\"og:image:height\" content=\"460\" \/>\n<meta name=\"twitter:card\" content=\"summary_large_image\" \/>\n<script type=\"application\/ld+json\" class=\"yoast-schema-graph\">{\"@context\":\"https:\/\/schema.org\",\"@graph\":[{\"@type\":\"WebSite\",\"@id\":\"https:\/\/www.mes-allocs.fr\/guides\/#website\",\"url\":\"https:\/\/www.mes-allocs.fr\/guides\/\",\"name\":\"Mes-Allocs.fr\",\"description\":\"\",\"potentialAction\":[{\"@type\":\"SearchAction\",\"target\":\"https:\/\/www.mes-allocs.fr\/guides\/?s={search_term_string}\",\"query-input\":\"required name=search_term_string\"}],\"inLanguage\":\"fr-FR\"},{\"@type\":\"ImageObject\",\"@id\":\"https:\/\/www.mes-allocs.fr\/guides\/chomage\/calculer-chomage\/auto-entrepreneur-et-chomage-calcul\/#primaryimage\",\"inLanguage\":\"fr-FR\",\"url\":\"https:\/\/www.mes-allocs.fr\/guides\/wp-content\/uploads\/2021\/07\/Auto-entrepreneur-et-cho\\u0302mage-calcul-e1625479480560.jpg?wsr\",\"width\":1280,\"height\":460,\"caption\":\"Auto entrepreneur et cho\\u0302mage calcul\"},{\"@type\":\"WebPage\",\"@id\":\"https:\/\/www.mes-allocs.fr\/guides\/chomage\/calculer-chomage\/auto-entrepreneur-et-chomage-calcul\/#webpage\",\"url\":\"https:\/\/www.mes-allocs.fr\/guides\/chomage\/calculer-chomage\/auto-entrepreneur-et-chomage-calcul\/\",\"name\":\"Auto entrepreneur et ch\\u00f4mage calcul | Mes-Allocs.fr\",\"isPartOf\":{\"@id\":\"https:\/\/www.mes-allocs.fr\/guides\/#website\"},\"primaryImageOfPage\":{\"@id\":\"https:\/\/www.mes-allocs.fr\/guides\/chomage\/calculer-chomage\/auto-entrepreneur-et-chomage-calcul\/#primaryimage\"},\"datePublished\":\"2021-07-05T15:15:52+00:00\",\"dateModified\":\"2025-10-07T14:19:04+00:00\",\"author\":{\"@id\":\"https:\/\/www.mes-allocs.fr\/guides\/#\/schema\/person\/8d47b912c0ad15f379df96b4e4e33f58\"},\"description\":\"Votre statut vous permet de b\\u00e9n\\u00e9ficier de l'ARE. Mes Allocs vous explique tout sur l'auto entrepreneur et ch\\u00f4mage calcul de vos droits.\",\"inLanguage\":\"fr-FR\"},{\"@type\":\"Person\",\"@id\":\"https:\/\/www.mes-allocs.fr\/guides\/#\/schema\/person\/8d47b912c0ad15f379df96b4e4e33f58\",\"name\":\"Constance de Cagny\",\"image\":{\"@type\":\"ImageObject\",\"@id\":\"https:\/\/www.mes-allocs.fr\/guides\/#personlogo\",\"inLanguage\":\"fr-FR\",\"url\":\"https:\/\/www.mes-allocs.fr\/guides\/wp-content\/uploads\/2021\/06\/Constance.2e8ee0b.png\",\"caption\":\"Constance de Cagny\"},\"description\":\"Constance est r\\u00e9dactrice au sein de l'\\u00e9quipe Mes Allocs. Elle a l'habitude d'\\u00e9crire sur les sujets conso, bons plans et \\u00e9conomies. Dipl\\u00f4m\\u00e9e de l'ENACO, elle rejoint Mes Allocs apr\\u00e8s une premi\\u00e8re exp\\u00e9rience en cabinet notarial.\",\"sameAs\":[\"https:\/\/www.linkedin.com\/in\/constance-de-cagny-mayeur-bbb414135\"]}]}<\/script>\n<!-- \/ Yoast SEO plugin. -->","amp_validity":null,"acf":{"faq":{"1":{"question":"Est-ce qu'un Auto-entrepreneur peut b\u00e9n\u00e9ficier du ch\u00f4mage ?","answer":"Vous ne serez plus consid\u00e9r\u00e9 comme ch\u00f4meur mais cr\u00e9ateur d'entreprise, auto-entrepreneur. ... En revanche, si vous d\u00e9cidez que votre activit\u00e9 d'auto-entrepreneur ne sera qu'une activit\u00e9 secondaire, vous continuerez \u00e0 percevoir de mani\u00e8re partielle vos allocations."},"2":{"question":"Comment P\u00f4le emploi calcule le compl\u00e9ment de salaire ?","answer":"P\u00f4le emploi effectue un calcul pour d\u00e9terminer le nombre de jours indemnisables. La formule est la suivante : (ARE mensuelle \u2013 nouvelle r\u00e9mun\u00e9ration brute x 0,70) \u00f7 allocation journali\u00e8re = nombre de jours indemnisables au salaire journalier de r\u00e9f\u00e9rence."},"3":{"question":"Comment cumuler ARE et salaire ?","answer":"Les personnes qui reprennent une activit\u00e9 salari\u00e9e en cours d'indemnisation peuvent cumuler partiellement l'allocation d'aide au retour \u00e0 l'emploi (ARE) avec leur r\u00e9mun\u00e9ration quel que soit le nombre d'heures effectu\u00e9es au titre de cette activit\u00e9."},"4":{"question":"Quelles aides Peut-on cumuler avec l'ARE ?","answer":"En tant que demandeur d'emploi, vous pouvez toucher \u00e0 la fois l'allocation d'Aide au Retour \u00e0 l'Emploi (ARE) et le Revenu de Solidarit\u00e9 Active (RSA)."},"5":{"question":"Comment calculer le nombre d'heure de ch\u00f4mage partiel ?","answer":"L'activit\u00e9 partielle tient compte du volume horaire non travaill\u00e9 dans la limite de 35h par semaine ou du volume horaire contractuel."},"6":{"question":"Comment d\u00e9clarer un ch\u00f4mage technique ?","answer":"En tant qu'employeur, vous devez d\u00e9pose une demande d'autorisation, \u00e0 laquelle doit \u00eatre joint un avis du CSE aupr\u00e8s de la Direccte."},"7":{"question":"","answer":""},"8":{"question":"","answer":""},"9":{"question":"","answer":""},"10":{"question":"","answer":""},"11":{"question":"","answer":""},"12":{"question":"","answer":""},"13":{"question":"","answer":""},"14":{"question":"","answer":""},"15":{"question":"","answer":""},"16":{"question":"","answer":""}}},"_links":{"self":[{"href":"https:\/\/www.mes-allocs.fr\/guides\/wp-json\/wp\/v2\/posts\/32071","targetHints":{"allow":["GET"]}}],"collection":[{"href":"https:\/\/www.mes-allocs.fr\/guides\/wp-json\/wp\/v2\/posts"}],"about":[{"href":"https:\/\/www.mes-allocs.fr\/guides\/wp-json\/wp\/v2\/types\/post"}],"author":[{"embeddable":true,"href":"https:\/\/www.mes-allocs.fr\/guides\/wp-json\/wp\/v2\/users\/10"}],"replies":[{"embeddable":true,"href":"https:\/\/www.mes-allocs.fr\/guides\/wp-json\/wp\/v2\/comments?post=32071"}],"version-history":[{"count":15,"href":"https:\/\/www.mes-allocs.fr\/guides\/wp-json\/wp\/v2\/posts\/32071\/revisions"}],"predecessor-version":[{"id":104445,"href":"https:\/\/www.mes-allocs.fr\/guides\/wp-json\/wp\/v2\/posts\/32071\/revisions\/104445"}],"wp:featuredmedia":[{"embeddable":true,"href":"https:\/\/www.mes-allocs.fr\/guides\/wp-json\/wp\/v2\/media\/32092"}],"wp:attachment":[{"href":"https:\/\/www.mes-allocs.fr\/guides\/wp-json\/wp\/v2\/media?parent=32071"}],"wp:term":[{"taxonomy":"category","embeddable":true,"href":"https:\/\/www.mes-allocs.fr\/guides\/wp-json\/wp\/v2\/categories?post=32071"},{"taxonomy":"post_tag","embeddable":true,"href":"https:\/\/www.mes-allocs.fr\/guides\/wp-json\/wp\/v2\/tags?post=32071"}],"curies":[{"name":"wp","href":"https:\/\/api.w.org\/{rel}","templated":true}]}}