{"id":31420,"date":"2021-06-28T17:09:03","date_gmt":"2021-06-28T15:09:03","guid":{"rendered":"https:\/\/www.mes-allocs.fr\/guides\/?p=31420"},"modified":"2025-07-09T14:32:06","modified_gmt":"2025-07-09T12:32:06","slug":"prime-a-la-conversion-plusieurs-fois","status":"publish","type":"post","link":"https:\/\/www.mes-allocs.fr\/guides\/prime-a-la-conversion\/prime-a-la-conversion-plusieurs-fois\/","title":{"rendered":"Est-il possible de b\u00e9n\u00e9ficier de la prime \u00e0 la conversion plusieurs fois ?"},"content":{"rendered":"<p><img loading=\"lazy\" decoding=\"async\" class=\"aligncenter wp-image-31551 \" title=\"Prime a\u0300 la conversion plusieurs fois\" src=\"https:\/\/www.mes-allocs.fr\/guides\/wp-content\/uploads\/2021\/06\/Prime-a\u0300-la-conversion-plusieurs-fois--e1693497748949.jpg\" alt=\"Prime \u00e0 la conversion plusieurs fois\" width=\"1422\" height=\"362\" srcset=\"https:\/\/www.mes-allocs.fr\/guides\/wp-content\/uploads\/2021\/06\/Prime-a\u0300-la-conversion-plusieurs-fois--e1693497748949.jpg 1280w, https:\/\/www.mes-allocs.fr\/guides\/wp-content\/uploads\/2021\/06\/Prime-a\u0300-la-conversion-plusieurs-fois--e1693497748949-300x76.jpg 300w, https:\/\/www.mes-allocs.fr\/guides\/wp-content\/uploads\/2021\/06\/Prime-a\u0300-la-conversion-plusieurs-fois--e1693497748949-1024x261.jpg 1024w, https:\/\/www.mes-allocs.fr\/guides\/wp-content\/uploads\/2021\/06\/Prime-a\u0300-la-conversion-plusieurs-fois--e1693497748949-768x196.jpg 768w, https:\/\/www.mes-allocs.fr\/guides\/wp-content\/uploads\/2021\/06\/Prime-a\u0300-la-conversion-plusieurs-fois--e1693497748949-600x153.jpg 600w\" sizes=\"auto, (max-width: 1422px) 100vw, 1422px\" \/><\/p>\n<p><strong>La <a href=\"https:\/\/www.mes-allocs.fr\/guides\/prime-a-la-conversion\/\">prime \u00e0 la conversion<\/a> est un dispositif mis en place pour vous encourager \u00e0 utiliser un v\u00e9hicule plus propre. Certaines conditions sont \u00e0 respecter, \u00e0 la fois li\u00e9es \u00e0 votre ancien v\u00e9hicule et au nouveau. Mes Allocs vous explique si vous pouvez b\u00e9n\u00e9ficier de la prime \u00e0 la conversion plusieurs fois.<\/strong><\/p>\n<div class='cta-block'><div class='text'>Simulez toutes vos aides en 2 min.<\/div><a href='https:\/\/www.mes-allocs.fr\/ab-app?origin=guides\/wp-json\/wp\/v2\/posts\/31420' class='app-button fit'>Simulation gratuite<\/a><\/div>\n<p class=\"p1\"><div class='shortcode disclaimer'><div class='title'>Attention<\/div><div class='content'>La prime \u00e0 la conversion n\u2019est plus disponible depuis d\u00e9cembre 2024. Apr\u00e8s cette date, il n\u2019est plus possible d\u2019en b\u00e9n\u00e9ficier, que ce soit pour les particuliers ou les professionnels. <\/div><\/div><\/p>\n<h1>Combien de fois peut-on b\u00e9n\u00e9ficier de la prime \u00e0 la conversion ?<\/h1>\n<p>Vous pouvez b\u00e9n\u00e9ficier une seule fois de la prime \u00e0 la conversion. En effet cette derni\u00e8re ne peut \u00eatre attribu\u00e9e plusieurs fois m\u00eame si vous mettez plusieurs v\u00e9hicules \u00e0 la casse.<\/p>\n<h1>Qu\u2019est-ce que la prime \u00e0 la conversion ?<\/h1>\n<p>La prime \u00e0 la conversion est une aide qui a \u00e9t\u00e9 mise en place en 2020 par le Minist\u00e8re de la Transition \u00c9cologique . Ainsi, il permet aux automobilistes d\u2019utiliser un v\u00e9hicule propre respectueux de l\u2019environnement. Voiture \u00e9lectrique, hybride rechargeable.<\/p>\n<p>Depuis le 1er juillet 2021 il n&rsquo;est plus possible d\u2019acheter un v\u00e9hicule diesel ou un mod\u00e8le qui rejette plus de 132 g\/km de CO2.<\/p>\n<p>Notez que les m\u00e9nages qui sont imposables ne peuvent acheter que des voitures essence qui ont \u00e9t\u00e9 immatricul\u00e9es apr\u00e8s le 1<sup>er<\/sup> janvier 2011. En revanche, les foyers non-imposables peuvent quant \u00e0 eux mettre en place une location d\u2019un v\u00e9hicule ou acheter une voiture essence immatricul\u00e9e apr\u00e8s le 1<sup>er<\/sup> janvier 2006 et un diesel immatricul\u00e9 apr\u00e8s le 1<sup>er<\/sup> janvier 2011, s\u2019il \u00e9met moins de 122 g de CO2\/km.<\/p>\n<h1>Quelles sont les conditions \u00e0 respecter pour \u00eatre \u00e9ligible \u00e0 la prime \u00e0 la conversion ?<\/h1>\n<p>Pour devenir b\u00e9n\u00e9ficiaire de la prime \u00e0 la conversion vous devez respecter certaines <a href=\"https:\/\/www.mes-allocs.fr\/guides\/prime-a-la-conversion\/conditions-prime-a-la-conversion\/\">conditions<\/a>. Ces derni\u00e8res varient selon la date d\u2019achat de votre nouveau v\u00e9hicule.<\/p>\n<ul>\n<li>Votre revenu fiscal de r\u00e9f\u00e9rence par part inf\u00e9rieur indiqu\u00e9 sur l\u2019avis d\u2019imposition de vos revenus de l\u2019ann\u00e9e pr\u00e9c\u00e9dente est inf\u00e9rieur ou \u00e9gal \u00e0 24 900 \u20ac<\/li>\n<li>Vous devez vivre en France de mani\u00e8re stable et permanente<\/li>\n<li>Vous devez acheter ou bien louer un v\u00e9hicule peu polluant<\/li>\n<\/ul>\n<ul>\n<li>Vous devez \u00eatre domicili\u00e9 en France<\/li>\n<li>Le revenu fiscal de r\u00e9f\u00e9rence par part indiqu\u00e9 sur l\u2019avis d\u2019imposition de vos revenus de l\u2019ann\u00e9e pr\u00e9c\u00e9dente est inf\u00e9rieur ou \u00e9gal \u00e0 24 900 \u20ac<\/li>\n<\/ul>\n<p><strong>\u00c0 noter : cette aide ne peut \u00eatre vers\u00e9e qu\u2019une seule fois par foyer.<\/strong><\/p>\n<p>Dans le cadre d&rsquo;un v\u00e9hicule mis au rebut, pour b\u00e9n\u00e9ficier de la prime \u00e0 la conversion ce dernier doit respecter certaines conditions, \u00e0 savoir :<\/p>\n<ul>\n<li data-insertor-excluded=\"1\">L&rsquo; ancien v\u00e9hicule doit appartenir au demandeur de la prime \u00e0 la casse depuis au moins 1 an<\/li>\n<li data-insertor-excluded=\"1\">Il doit s&rsquo;agit de votre voiture ou d&rsquo;une camionnette<\/li>\n<li data-insertor-excluded=\"1\">Il doit \u00eatre immatricul\u00e9 dans l&rsquo;Hexagone, dans une s\u00e9rie normale ou avec un num\u00e9ro d&rsquo;immatriculation d\u00e9finitif<\/li>\n<li data-insertor-excluded=\"1\">Il doit avoir fait l&rsquo;objet d&rsquo;une premi\u00e8re\u00a0immatriculation avant le 1er janvier 2006\u00a0si c&rsquo;est un v\u00e9hicule essence ou avant le 1er janvier 2011 si c&rsquo;est un v\u00e9hicule diesel<\/li>\n<li data-insertor-excluded=\"1\">Il ne doit pas \u00eatre reconnu comme un v\u00e9hicule endommag\u00e9<\/li>\n<li data-insertor-excluded=\"1\">Il doit \u00eatre donn\u00e9 pour mise \u00e0 la casse \u00e0 un\u00a0centre agr\u00e9\u00e9\u00a0ou \u00e0 une installation de d\u00e9pollution et de d\u00e9montage de v\u00e9hicules hors d&rsquo;usage dans les trois mois qui pr\u00e9c\u00e8dent la facturation du nouveau v\u00e9hicule ou dans les six mois qui la suivent<\/li>\n<li data-insertor-excluded=\"1\">Il doit \u00eatre assur\u00e9 \u00e0 la date de sa remise pour destruction ou \u00e0 la date de facturation du nouveau v\u00e9hicule.<\/li>\n<\/ul>\n<h1>Comment faire la demande de la prime \u00e0 la conversion ?<\/h1>\n<h2>Aupr\u00e8s du concessionnaire<\/h2>\n<p>Normalement c&rsquo;est le \u00a0concessionnaire qui vous avance le montant de la prime au moment de l&rsquo;achat ou de la location de votre nouveau v\u00e9hicule.\u00a0mais si ce n\u2019est pas le cas, vous devrez faire votre demande de prime de votre c\u00f4t\u00e9.<\/p>\n<p>Si vous faites la demande de votre c\u00f4t\u00e9, vous avez un d\u00e9lai de 6 mois \u00e0 partir de la date de facturation du v\u00e9hicule pour finaliser votre dossier. En revanche, s\u2019il s\u2019agit d\u2019une voiture de location \u00e0 longue dur\u00e9e, vous avez jusqu\u2019au 1er loyer pour faire votre demande de prime \u00e0 la conversion.<\/p>\n<h2>Les document \u00e0 fournir pour \u00eatre \u00e9ligible \u00e0 la prime \u00e0 la conversion<\/h2>\n<ul>\n<li>Copie de la carte grise du v\u00e9hicule confi\u00e9 au centre VHU<\/li>\n<li>Copie du certificat de destruction du v\u00e9hicule<\/li>\n<li>Certificat de non gage<\/li>\n<li>Une copie du contrat d\u2019assurance en cours de validit\u00e9<\/li>\n<li>Copie de l\u2019avis d\u2019imposition de l\u2019ann\u00e9e pr\u00e9c\u00e9dente<\/li>\n<li>Attestation de l\u2019employeur si vous \u00eates \u00ab\u00a0gros rouleur\u00a0\u00bb<\/li>\n<li>Copie de la carte grise du v\u00e9hicule neuf<\/li>\n<li>Copie de la facture du v\u00e9hicule<\/li>\n<\/ul>\n<p style=\"text-align: justify;\">Voici un tableau r\u00e9capitulatif des montants de la prime \u00e0 la conversion 2025<\/p>\n\n<div class=\"wpdt-c row wpDataTableContainerSimpleTable wpDataTables wpDataTablesWrapper\n\"\n    >\n    <table id=\"wpdtSimpleTable-349\"\n           class=\"wpdtSimpleTable wpDataTable\"\n           data-column=\"6\"\n           data-rows=\"7\"\n           data-wpID=\"349\"\n           data-responsive=\"0\"\n           data-has-header=\"1\">\n\n                    <thead>        <tr class=\"wpdt-cell-row \" style=\"height:101px;\">\n                            <th class=\"wpdt-cell wpdt-bc-8FB6D7 wpdt-bold wpdt-align-center\"\n                                    data-cell-id=\"A1\"\n                data-col-index=\"0\"\n                data-row-index=\"0\"\n                style=\" width:16.504854368932%;                padding:10px;\"\n                >\n                                V\u00e9hicules \u00e9ligibles \u00e0 acheter pour b\u00e9n\u00e9ficier de la prime \u00e0 la conversion                <\/th>\n                                            <th class=\"wpdt-cell wpdt-bc-8FB6D7 wpdt-bold wpdt-align-center\"\n                                    data-cell-id=\"B1\"\n                data-col-index=\"1\"\n                data-row-index=\"0\"\n                style=\" width:17.47572815534%;                padding:10px;\"\n                >\n                                Revenu fiscal de r\u00e9f\u00e9rence \u2264 7 100 \u20ac par part ou ceux avec un RFR\/part \u2264 14 089 \u20ac qui sont gros rouleurs (+ 60km\/jour ou +12 000 km\/an)                <\/th>\n                                            <th class=\"wpdt-cell wpdt-bc-8FB6D7 wpdt-bold wpdt-align-center\"\n                                    data-cell-id=\"C1\"\n                data-col-index=\"2\"\n                data-row-index=\"0\"\n                style=\" width:16.504854368932%;                padding:10px;\"\n                >\n                                RFR\/part \u2264 14 089 \u20ac                <\/th>\n                                            <th class=\"wpdt-cell wpdt-bc-8FB6D7 wpdt-bold wpdt-align-center\"\n                                    data-cell-id=\"D1\"\n                data-col-index=\"3\"\n                data-row-index=\"0\"\n                style=\" width:16.504854368932%;                padding:10px;\"\n                >\n                                RFR\/part > 14 089 \u20ac                <\/th>\n                                            <th class=\"wpdt-cell wpdt-bc-8FB6D7 wpdt-bold wpdt-align-center\"\n                                    data-cell-id=\"E1\"\n                data-col-index=\"4\"\n                data-row-index=\"0\"\n                style=\" width:16.504854368932%;                padding:10px;\"\n                >\n                                Personne morale (entreprise)                <\/th>\n                                            <th class=\"wpdt-cell wpdt-bc-8FB6D7 wpdt-bold wpdt-align-center\"\n                                    data-cell-id=\"F1\"\n                data-col-index=\"5\"\n                data-row-index=\"0\"\n                style=\" width:16.504854368932%;                padding:10px;\"\n                >\n                                Bonus \u00e9cologique Max                <\/th>\n                                        <\/tr>\n                    <tbody>        <tr class=\"wpdt-cell-row \" style=\"height:107px;\">\n                            <td class=\"wpdt-cell \"\n                                    data-cell-id=\"A2\"\n                data-col-index=\"0\"\n                data-row-index=\"1\"\n                style=\"                padding:10px;\"\n                >\n                                Diesel Crit'AIR 2\nimmatricul\u00e9\u00a0apr\u00e8s\u00a0le 01\/09\/2019\n(taux d'\u00e9mission CO2 \u2264 137g\/km)                <\/td>\n                                            <td class=\"wpdt-cell \"\n                                    data-cell-id=\"B2\"\n                data-col-index=\"1\"\n                data-row-index=\"1\"\n                style=\"                padding:10px;\"\n                >\n                                3000\u20ac\nlimit\u00e9 \u00e0 80% du prix du v\u00e9hicule                <\/td>\n                                            <td class=\"wpdt-cell \"\n                                    data-cell-id=\"C2\"\n                data-col-index=\"2\"\n                data-row-index=\"1\"\n                style=\"                padding:10px;\"\n                >\n                                1500\u20ac                <\/td>\n                                            <td class=\"wpdt-cell \"\n                                    data-cell-id=\"D2\"\n                data-col-index=\"3\"\n                data-row-index=\"1\"\n                style=\"                padding:10px;\"\n                >\n                                0\u20ac                <\/td>\n                                            <td class=\"wpdt-cell \"\n                                    data-cell-id=\"E2\"\n                data-col-index=\"4\"\n                data-row-index=\"1\"\n                style=\"                padding:10px;\"\n                >\n                                0\u20ac                <\/td>\n                                            <td class=\"wpdt-cell \"\n                                    data-cell-id=\"F2\"\n                data-col-index=\"5\"\n                data-row-index=\"1\"\n                style=\"                padding:10px;\"\n                >\n                                0\u20ac                <\/td>\n                                        <\/tr>\n                            <tr class=\"wpdt-cell-row \" >\n                            <td class=\"wpdt-cell \"\n                                    data-cell-id=\"A3\"\n                data-col-index=\"0\"\n                data-row-index=\"2\"\n                style=\"                padding:10px;\"\n                >\n                                Essence ou Diesel Crit'AIR 2\nimmatricul\u00e9\u00a0avant\u00a0le 01\/09\/2019                <\/td>\n                                            <td class=\"wpdt-cell \"\n                                    data-cell-id=\"B3\"\n                data-col-index=\"1\"\n                data-row-index=\"2\"\n                style=\"                padding:10px;\"\n                >\n                                0\u20ac                <\/td>\n                                            <td class=\"wpdt-cell \"\n                                    data-cell-id=\"C3\"\n                data-col-index=\"2\"\n                data-row-index=\"2\"\n                style=\"                padding:10px;\"\n                >\n                                0\u20ac                <\/td>\n                                            <td class=\"wpdt-cell \"\n                                    data-cell-id=\"D3\"\n                data-col-index=\"3\"\n                data-row-index=\"2\"\n                style=\"                padding:10px;\"\n                >\n                                0\u20ac                <\/td>\n                                            <td class=\"wpdt-cell \"\n                                    data-cell-id=\"E3\"\n                data-col-index=\"4\"\n                data-row-index=\"2\"\n                style=\"                padding:10px;\"\n                >\n                                0\u20ac                <\/td>\n                                            <td class=\"wpdt-cell \"\n                                    data-cell-id=\"F3\"\n                data-col-index=\"5\"\n                data-row-index=\"2\"\n                style=\"                padding:10px;\"\n                >\n                                0\u20ac                <\/td>\n                                        <\/tr>\n                            <tr class=\"wpdt-cell-row \" >\n                            <td class=\"wpdt-cell \"\n                                    data-cell-id=\"A4\"\n                data-col-index=\"0\"\n                data-row-index=\"3\"\n                style=\"                padding:10px;\"\n                >\n                                \u00c9lectrique Crit'AIR 0 neuf ou occasion\n(taux d'\u00e9mission CO2 \u2264 20g\/km)                <\/td>\n                                            <td class=\"wpdt-cell \"\n                                    data-cell-id=\"B4\"\n                data-col-index=\"1\"\n                data-row-index=\"3\"\n                style=\"                padding:10px;\"\n                >\n                                5000\u20ac\nlimit\u00e9 \u00e0 80% du prix du v\u00e9hicule                <\/td>\n                                            <td class=\"wpdt-cell \"\n                                    data-cell-id=\"C4\"\n                data-col-index=\"2\"\n                data-row-index=\"3\"\n                style=\"                padding:10px;\"\n                >\n                                2500\u20ac                <\/td>\n                                            <td class=\"wpdt-cell \"\n                                    data-cell-id=\"D4\"\n                data-col-index=\"3\"\n                data-row-index=\"3\"\n                style=\"                padding:10px;\"\n                >\n                                2500\u20ac                <\/td>\n                                            <td class=\"wpdt-cell \"\n                                    data-cell-id=\"E4\"\n                data-col-index=\"4\"\n                data-row-index=\"3\"\n                style=\"                padding:10px;\"\n                >\n                                2500\u20ac                <\/td>\n                                            <td class=\"wpdt-cell \"\n                                    data-cell-id=\"F4\"\n                data-col-index=\"5\"\n                data-row-index=\"3\"\n                style=\"                padding:10px;\"\n                >\n                                7000\u20ac\n(1000\u20ac pour l'occasion)                <\/td>\n                                        <\/tr>\n                            <tr class=\"wpdt-cell-row \" >\n                            <td class=\"wpdt-cell \"\n                                    data-cell-id=\"A5\"\n                data-col-index=\"0\"\n                data-row-index=\"4\"\n                style=\"                padding:10px;\"\n                >\n                                V\u00e9hicule hybride rechargeable neuf ou occasion Crit'AIR 1\nAutonomie \u00e9lectrique >50km\n(20g\/km < taux d'\u00e9mission CO2 \u2264 50g\/km)                <\/td>\n                                            <td class=\"wpdt-cell \"\n                                    data-cell-id=\"B5\"\n                data-col-index=\"1\"\n                data-row-index=\"4\"\n                style=\"                padding:10px;\"\n                >\n                                5000\u20ac\nlimit\u00e9 \u00e0 80% du prix du v\u00e9hicule                <\/td>\n                                            <td class=\"wpdt-cell \"\n                                    data-cell-id=\"C5\"\n                data-col-index=\"2\"\n                data-row-index=\"4\"\n                style=\"                padding:10px;\"\n                >\n                                2500\u20ac                <\/td>\n                                            <td class=\"wpdt-cell \"\n                                    data-cell-id=\"D5\"\n                data-col-index=\"3\"\n                data-row-index=\"4\"\n                style=\"                padding:10px;\"\n                >\n                                2500\u20ac                <\/td>\n                                            <td class=\"wpdt-cell \"\n                                    data-cell-id=\"E5\"\n                data-col-index=\"4\"\n                data-row-index=\"4\"\n                style=\"                padding:10px;\"\n                >\n                                2500\u20ac                <\/td>\n                                            <td class=\"wpdt-cell \"\n                                    data-cell-id=\"F5\"\n                data-col-index=\"5\"\n                data-row-index=\"4\"\n                style=\"                padding:10px;\"\n                >\n                                2000\u20ac\n(uniquement pour du neuf)                <\/td>\n                                        <\/tr>\n                            <tr class=\"wpdt-cell-row \" style=\"height:107px;\">\n                            <td class=\"wpdt-cell \"\n                                    data-cell-id=\"A6\"\n                data-col-index=\"0\"\n                data-row-index=\"5\"\n                style=\"                padding:10px;\"\n                >\n                                V\u00e9hicule hybride rechargeable neuf ou occasion Crit'AIR 1\nAutonomie \u00e9lectrique <50km\n(20g\/km < taux d'\u00e9mission CO2 \u2264 50g\/km)                <\/td>\n                                            <td class=\"wpdt-cell \"\n                                    data-cell-id=\"B6\"\n                data-col-index=\"1\"\n                data-row-index=\"5\"\n                style=\"                padding:10px;\"\n                >\n                                3000\u20ac\nlimit\u00e9 \u00e0 80% du prix du v\u00e9hicule                <\/td>\n                                            <td class=\"wpdt-cell \"\n                                    data-cell-id=\"C6\"\n                data-col-index=\"2\"\n                data-row-index=\"5\"\n                style=\"                padding:10px;\"\n                >\n                                1500\u20ac                <\/td>\n                                            <td class=\"wpdt-cell \"\n                                    data-cell-id=\"D6\"\n                data-col-index=\"3\"\n                data-row-index=\"5\"\n                style=\"                padding:10px;\"\n                >\n                                1500\u20ac                <\/td>\n                                            <td class=\"wpdt-cell \"\n                                    data-cell-id=\"E6\"\n                data-col-index=\"4\"\n                data-row-index=\"5\"\n                style=\"                padding:10px;\"\n                >\n                                0\u20ac                <\/td>\n                                            <td class=\"wpdt-cell \"\n                                    data-cell-id=\"F6\"\n                data-col-index=\"5\"\n                data-row-index=\"5\"\n                style=\"                padding:10px;\"\n                >\n                                0\u20ac                <\/td>\n                                        <\/tr>\n                            <tr class=\"wpdt-cell-row \" >\n                            <td class=\"wpdt-cell \"\n                                    data-cell-id=\"A7\"\n                data-col-index=\"0\"\n                data-row-index=\"6\"\n                style=\"                padding:10px;\"\n                >\n                                Deux-roues, trois-roues motoris\u00e9 ou quadricycle \u00e9lectrique Crit'AIR 0 neuf                <\/td>\n                                            <td class=\"wpdt-cell \"\n                                    data-cell-id=\"B7\"\n                data-col-index=\"1\"\n                data-row-index=\"6\"\n                style=\"                padding:10px;\"\n                >\n                                1100\u20ac                <\/td>\n                                            <td class=\"wpdt-cell \"\n                                    data-cell-id=\"C7\"\n                data-col-index=\"2\"\n                data-row-index=\"6\"\n                style=\"                padding:10px;\"\n                >\n                                1100\u20ac                <\/td>\n                                            <td class=\"wpdt-cell \"\n                                    data-cell-id=\"D7\"\n                data-col-index=\"3\"\n                data-row-index=\"6\"\n                style=\"                padding:10px;\"\n                >\n                                100\u20ac                <\/td>\n                                            <td class=\"wpdt-cell \"\n                                    data-cell-id=\"E7\"\n                data-col-index=\"4\"\n                data-row-index=\"6\"\n                style=\"                padding:10px;\"\n                >\n                                0\u20ac                <\/td>\n                                            <td class=\"wpdt-cell \"\n                                    data-cell-id=\"F7\"\n                data-col-index=\"5\"\n                data-row-index=\"6\"\n                style=\"                padding:10px;\"\n                >\n                                250\u20ac\/kWh                <\/td>\n                                        <\/tr>\n                    <\/table>\n<\/div><style id='wpdt-custom-style-349'>\ntable#wpdtSimpleTable-349{ table-layout: fixed !important; }\n.wpdt-bc-8FB6D7 { background-color: #8FB6D7 !important;}\n<\/style>\n\n<p>En cas de besoin, un expert de l&rsquo;\u00e9quipe Mes Allocs peut <a href=\"https:\/\/www.mes-allocs.fr\/souscription\" target=\"_blank\" rel=\"noopener\">vous accompagner<\/a> dans ces d\u00e9marches pour vous faire gagner du temps et de l&rsquo;argent.<\/p>\n<h1><strong>Quelles cat\u00e9gories de v\u00e9hicules vont \u00eatre exclues du dispositif de la prime \u00e0 la <\/strong><b>conversion ?<\/b><\/h1>\n<p>Il existe de nombreux <a href=\"https:\/\/www.mes-allocs.fr\/guides\/prime-a-la-conversion\/vehicules-eligibles-a-la-prime-a-la-conversion\/\">v\u00e9hicules \u00e9ligibles<\/a> \u00e0 la prime \u00e0 la conversion. N\u00e9anmoins, en 2024, certains types de v\u00e9hicules ne permettent pas de b\u00e9n\u00e9ficier de cette subvention.<\/p>\n<h2><strong>Les v\u00e9hicules diesel\u00a0<\/strong><\/h2>\n<p>c&rsquo;est le changement majeur. Gr\u00e2ce \u00e0 l&rsquo;exclusion des v\u00e9hicules recevant la vignette Crit&rsquo;Air 2, plus aucun diesel, m\u00eame neuf, ne pourra rester \u00e9ligible. Seules quelques Mercedes hybrides rechargeables qui sont aliment\u00e9es au gazole pourront faire exception.<\/p>\n<h2><strong>Les voitures neuves essence et hybrides rejetant plus de 132 g\/km de CO<sub>2<\/sub>\u00a0<\/strong><\/h2>\n<p>Le\u00a0Gouvernement a aussi abaiss\u00e9 le seuil maximum d&rsquo;\u00e9missions de CO<sub>2<\/sub>. Il descend de 137 g\/km \u00e0 132 g\/km sur le cycle WLTP, ce qui prive d&rsquo;aide certains mod\u00e8les essence ou hybrides. En revanche, la limite des 137 g\/km (ou 109 g\/km sur l&rsquo;ancien cycle NEDC) reste d&rsquo;actualit\u00e9 pour les voitures d&rsquo;occasion immatricul\u00e9es en France depuis plus de six mois.<\/p>\n<h1>Peut-on b\u00e9n\u00e9ficier plusieurs fois du bonus \u00e9cologique ?<\/h1>\n<p class=\"p1\"><div class='shortcode disclaimer'><div class='title'>Attention<\/div><div class='content'>Depuis juillet 2025, le bonus \u00e9cologique pour les voitures particuli\u00e8res neuves n\u2019est plus disponible. Vous pouvez cependant b\u00e9n\u00e9ficier de l\u2019aide financi\u00e8re pour l\u2019achat ou la location d\u2019une voiture \u00e9lectrique neuve distribu\u00e9e par les certificats d\u2019\u00e9conomies d\u2019\u00e9nergie (CEE), sous conditions.<\/div><\/div><\/p>\n<p>Vous pouvez tout \u00e0 fait demander plusieurs fois le bonus \u00e9cologique. En revanche, votre demande doit \u00eatre contenue dans un seul et unique dossier que vous allez envoyer au minist\u00e8re de la Transition \u00e9cologique et solidaire. En revanche, comme nous l&rsquo;avons expliqu\u00e9 plus haut, il est impossible de b\u00e9n\u00e9ficier plusieurs fois de la prime \u00e0 la conversion.<\/p>\n<h2>Qu&rsquo;est-ce que le bonus \u00e9cologique ?<\/h2>\n<p>Pour les particuliers, le montant du bonus peut aller jusqu\u2019\u00e0 7.000 euros. Pour b\u00e9n\u00e9ficier de ce montant maximum, il faut toutefois que la voiture \u00e9lectrique achet\u00e9e ou lou\u00e9e (v\u00e9hicules \u00e9lectriques ou thermiques)soit vendue \u00e0 un prix de vente inf\u00e9rieur \u00e0 45.000 euros.<\/p>\n<p>Pour un v\u00e9hicule achet\u00e9 entre 45.000 et 60.000 euros, le montant de la prime diminue \u00e0 3.000 euros. En revanche, au-del\u00e0 de\u00a0 60.000 euros, ce dernier retombe \u00e0 0 euros. En revanche il y a une exception pour les utilitaires et voitues \u00e0 hydrog\u00e8ne qui peuvent ainsi conserver une aide de 3.000 euros.<\/p>\n<h2>Quelles sont les conditions \u00e0 respecter pour b\u00e9n\u00e9ficier du bonus \u00e9cologique ?<\/h2>\n<p style=\"font-weight: 400;\">Pour b\u00e9n\u00e9ficier du bonus \u00e9cologique, le v\u00e9hicule doit remplir les conditions suivantes\u00a0:<\/p>\n<ul style=\"font-weight: 400;\">\n<li>avoir un taux d&rsquo;\u00e9missions de CO<sub>2<\/sub>\u00a0de 20 g\/km au plus (voiture \u00e9lectrique)\u00a0;<\/li>\n<li>\u00eatre achet\u00e9 (ou lou\u00e9 avec option d&rsquo;achat ou pour une dur\u00e9e d&rsquo;au moins 2\u00a0ans)\u00a0;<\/li>\n<li>\u00eatre un v\u00e9hicule neuf\u00a0;<\/li>\n<li>\u00eatre immatricul\u00e9 en France dans une s\u00e9rie d\u00e9finitive\u00a0;<\/li>\n<li>ne pas \u00eatre vendu dans les 6 mois suivant son achat, ni avant d&rsquo;avoir parcouru au moins 6\u00a0000\u00a0km.<\/li>\n<\/ul>\n<h2>Comment percevoir le bonus \u00e9cologique ?<\/h2>\n<p>Le\u00a0<strong>montant de l&rsquo;aide\u00a0<\/strong>est soit d\u00e9duit de la facture par le vendeur du v\u00e9hicule, soit vers\u00e9 plus tard \u00e0 l&rsquo;acheteur, cela par le Fonds d&rsquo;aide \u00e0 l&rsquo;acquisition de v\u00e9hicules propres. Ce dernier \u00e9tant g\u00e9r\u00e9 par l&rsquo;Agence de services et de paiement (ASP);<\/p>\n<p><strong>\u00c0 noter : Dans ce cas, la demande de versement de l&rsquo;aide se fait via le site d\u00e9di\u00e9 \u00e0 la prime \u00e0 la conversion.<\/strong><\/p>\n<div class='cta-block'><div class='text'>Simulez toutes vos aides en 2 min.<\/div><a href='https:\/\/www.mes-allocs.fr\/ab-app?origin=guides\/wp-json\/wp\/v2\/posts\/31420' class='app-button fit'>Simulation gratuite<\/a><\/div>\n","protected":false},"excerpt":{"rendered":"<p>La prime \u00e0 la conversion est un dispositif mis en place pour vous encourager \u00e0 utiliser un v\u00e9hicule plus propre. Certaines conditions sont \u00e0 respecter, \u00e0 la fois li\u00e9es \u00e0 votre ancien v\u00e9hicule et au nouveau. Mes Allocs vous explique si vous pouvez b\u00e9n\u00e9ficier de la prime \u00e0 la conversion plusieurs fois. Combien de fois [&hellip;]<\/p>\n","protected":false},"author":10,"featured_media":31551,"comment_status":"open","ping_status":"open","sticky":false,"template":"","format":"standard","meta":{"amp_status":"","footnotes":""},"categories":[9930],"tags":[],"class_list":["post-31420","post","type-post","status-publish","format-standard","has-post-thumbnail","hentry","category-prime-a-la-conversion"],"yoast_head":"<!-- This site is optimized with the Yoast SEO plugin v14.9 - https:\/\/yoast.com\/wordpress\/plugins\/seo\/ -->\n<title>Peut-on b\u00e9n\u00e9ficier de la prime \u00e0 la conversion plusieurs fois ?<\/title>\n<meta name=\"description\" content=\"La prime \u00e0 la conversion est une aide pour acheter ou louer un v\u00e9hicule moins polluant. Mais pouvez-vous en b\u00e9n\u00e9ficier plusieurs fois ?\" \/>\n<meta name=\"robots\" content=\"index, follow, max-snippet:-1, max-image-preview:large, max-video-preview:-1\" \/>\n<link rel=\"canonical\" href=\"https:\/\/www.mes-allocs.fr\/guides\/prime-a-la-conversion\/prime-a-la-conversion-plusieurs-fois\/\" \/>\n<meta property=\"og:locale\" content=\"fr_FR\" \/>\n<meta property=\"og:type\" content=\"article\" \/>\n<meta property=\"og:title\" content=\"Peut-on b\u00e9n\u00e9ficier de la prime \u00e0 la conversion plusieurs fois ?\" \/>\n<meta property=\"og:description\" content=\"La prime \u00e0 la conversion est une aide pour acheter ou louer un v\u00e9hicule moins polluant. Mais pouvez-vous en b\u00e9n\u00e9ficier plusieurs fois ?\" \/>\n<meta property=\"og:url\" content=\"https:\/\/www.mes-allocs.fr\/guides\/prime-a-la-conversion\/prime-a-la-conversion-plusieurs-fois\/\" \/>\n<meta property=\"og:site_name\" content=\"Mes-Allocs.fr\" \/>\n<meta property=\"article:published_time\" content=\"2021-06-28T15:09:03+00:00\" \/>\n<meta property=\"article:modified_time\" content=\"2025-07-09T12:32:06+00:00\" \/>\n<meta property=\"og:image\" content=\"https:\/\/www.mes-allocs.fr\/guides\/wp-content\/uploads\/2021\/06\/Prime-a\u0300-la-conversion-plusieurs-fois--e1693497748949.jpg?wsr\" \/>\n\t<meta property=\"og:image:width\" content=\"1280\" \/>\n\t<meta property=\"og:image:height\" content=\"326\" \/>\n<meta name=\"twitter:card\" content=\"summary_large_image\" \/>\n<script type=\"application\/ld+json\" class=\"yoast-schema-graph\">{\"@context\":\"https:\/\/schema.org\",\"@graph\":[{\"@type\":\"WebSite\",\"@id\":\"https:\/\/www.mes-allocs.fr\/guides\/#website\",\"url\":\"https:\/\/www.mes-allocs.fr\/guides\/\",\"name\":\"Mes-Allocs.fr\",\"description\":\"\",\"potentialAction\":[{\"@type\":\"SearchAction\",\"target\":\"https:\/\/www.mes-allocs.fr\/guides\/?s={search_term_string}\",\"query-input\":\"required name=search_term_string\"}],\"inLanguage\":\"fr-FR\"},{\"@type\":\"ImageObject\",\"@id\":\"https:\/\/www.mes-allocs.fr\/guides\/prime-a-la-conversion\/prime-a-la-conversion-plusieurs-fois\/#primaryimage\",\"inLanguage\":\"fr-FR\",\"url\":\"https:\/\/www.mes-allocs.fr\/guides\/wp-content\/uploads\/2021\/06\/Prime-a\\u0300-la-conversion-plusieurs-fois--e1693497748949.jpg?wsr\",\"width\":1280,\"height\":326,\"caption\":\"Prime a\\u0300 la conversion plusieurs fois\"},{\"@type\":\"WebPage\",\"@id\":\"https:\/\/www.mes-allocs.fr\/guides\/prime-a-la-conversion\/prime-a-la-conversion-plusieurs-fois\/#webpage\",\"url\":\"https:\/\/www.mes-allocs.fr\/guides\/prime-a-la-conversion\/prime-a-la-conversion-plusieurs-fois\/\",\"name\":\"Peut-on b\\u00e9n\\u00e9ficier de la prime \\u00e0 la conversion plusieurs fois ?\",\"isPartOf\":{\"@id\":\"https:\/\/www.mes-allocs.fr\/guides\/#website\"},\"primaryImageOfPage\":{\"@id\":\"https:\/\/www.mes-allocs.fr\/guides\/prime-a-la-conversion\/prime-a-la-conversion-plusieurs-fois\/#primaryimage\"},\"datePublished\":\"2021-06-28T15:09:03+00:00\",\"dateModified\":\"2025-07-09T12:32:06+00:00\",\"author\":{\"@id\":\"https:\/\/www.mes-allocs.fr\/guides\/#\/schema\/person\/8d47b912c0ad15f379df96b4e4e33f58\"},\"description\":\"La prime \\u00e0 la conversion est une aide pour acheter ou louer un v\\u00e9hicule moins polluant. Mais pouvez-vous en b\\u00e9n\\u00e9ficier plusieurs fois ?\",\"inLanguage\":\"fr-FR\"},{\"@type\":\"Person\",\"@id\":\"https:\/\/www.mes-allocs.fr\/guides\/#\/schema\/person\/8d47b912c0ad15f379df96b4e4e33f58\",\"name\":\"Constance de Cagny\",\"image\":{\"@type\":\"ImageObject\",\"@id\":\"https:\/\/www.mes-allocs.fr\/guides\/#personlogo\",\"inLanguage\":\"fr-FR\",\"url\":\"https:\/\/www.mes-allocs.fr\/guides\/wp-content\/uploads\/2021\/06\/Constance.2e8ee0b.png\",\"caption\":\"Constance de Cagny\"},\"description\":\"Constance est r\\u00e9dactrice au sein de l'\\u00e9quipe Mes Allocs. Elle a l'habitude d'\\u00e9crire sur les sujets conso, bons plans et \\u00e9conomies. Dipl\\u00f4m\\u00e9e de l'ENACO, elle rejoint Mes Allocs apr\\u00e8s une premi\\u00e8re exp\\u00e9rience en cabinet notarial.\",\"sameAs\":[\"https:\/\/www.linkedin.com\/in\/constance-de-cagny-mayeur-bbb414135\"]}]}<\/script>\n<!-- \/ Yoast SEO plugin. -->","amp_validity":null,"acf":{"faq":{"1":{"question":"Quel est le montant du bonus \u00e9cologique ?","answer":"Le montant du bonus est de 4 200 \u20ac ou 3 100 \u20ac selon votre situation."},"2":{"question":"Puis-je b\u00e9n\u00e9ficier 2 fois du Bonus Ecologique ?","answer":"Non, en 2025, vous ne pouvez b\u00e9n\u00e9ficier du bonus \u00e9cologique qu\u2019une seule fois tous les trois ans."},"3":{"question":"Qui est \u00e9ligible au Bonus Ecologique ?","answer":"Pour b\u00e9n\u00e9ficier du bonus \u00e9cologique, le v\u00e9hicule doit remplir les conditions suivantes : \u00eatre un v\u00e9hicule neuf ; \u00eatre immatricul\u00e9 en France dans une s\u00e9rie d\u00e9finitive ; ne pas \u00eatre vendu dans les 6 mois suivant son achat, ni avant d'avoir parcouru au moins 6 000 km."},"4":{"question":"Quel v\u00e9hicule est \u00e9ligible \u00e0 la prime \u00e0 la conversion en 2024 ?","answer":"La prime \u00e0 la conversion est accessible pour l'achat d'un v\u00e9hicule neuf ou d'occasion Crit'Air 1 ou 2, quel que soit son carburant, \u00e0 condition que ses \u00e9missions de CO2 ne d\u00e9passent pas 137 g\/km "},"5":{"question":"Quand sera vers\u00e9e la prime \u00e0 la conversion ?","answer":"L'aide est vers\u00e9e au maximum une fois par personne. "},"6":{"question":"Pourquoi acheter une voiture \u00e9lectrique ? ","answer":"Gr\u00e2ce au v\u00e9hicule \u00e9lectrique vous faites le choix d'une voiture \u00e9cologique et moins polluante \u00e0 l'usage, mais aussi plus silencieuse pour contribuer \u00e0 r\u00e9duire les nuisances sonores"},"7":{"question":"","answer":""},"8":{"question":"","answer":""},"9":{"question":"","answer":""},"10":{"question":"","answer":""},"11":{"question":"","answer":""},"12":{"question":"","answer":""},"13":{"question":"","answer":""},"14":{"question":"","answer":""},"15":{"question":"","answer":""},"16":{"question":"","answer":""}}},"_links":{"self":[{"href":"https:\/\/www.mes-allocs.fr\/guides\/wp-json\/wp\/v2\/posts\/31420","targetHints":{"allow":["GET"]}}],"collection":[{"href":"https:\/\/www.mes-allocs.fr\/guides\/wp-json\/wp\/v2\/posts"}],"about":[{"href":"https:\/\/www.mes-allocs.fr\/guides\/wp-json\/wp\/v2\/types\/post"}],"author":[{"embeddable":true,"href":"https:\/\/www.mes-allocs.fr\/guides\/wp-json\/wp\/v2\/users\/10"}],"replies":[{"embeddable":true,"href":"https:\/\/www.mes-allocs.fr\/guides\/wp-json\/wp\/v2\/comments?post=31420"}],"version-history":[{"count":18,"href":"https:\/\/www.mes-allocs.fr\/guides\/wp-json\/wp\/v2\/posts\/31420\/revisions"}],"predecessor-version":[{"id":101773,"href":"https:\/\/www.mes-allocs.fr\/guides\/wp-json\/wp\/v2\/posts\/31420\/revisions\/101773"}],"wp:featuredmedia":[{"embeddable":true,"href":"https:\/\/www.mes-allocs.fr\/guides\/wp-json\/wp\/v2\/media\/31551"}],"wp:attachment":[{"href":"https:\/\/www.mes-allocs.fr\/guides\/wp-json\/wp\/v2\/media?parent=31420"}],"wp:term":[{"taxonomy":"category","embeddable":true,"href":"https:\/\/www.mes-allocs.fr\/guides\/wp-json\/wp\/v2\/categories?post=31420"},{"taxonomy":"post_tag","embeddable":true,"href":"https:\/\/www.mes-allocs.fr\/guides\/wp-json\/wp\/v2\/tags?post=31420"}],"curies":[{"name":"wp","href":"https:\/\/api.w.org\/{rel}","templated":true}]}}