{"id":30787,"date":"2021-06-23T18:46:50","date_gmt":"2021-06-23T16:46:50","guid":{"rendered":"https:\/\/www.mes-allocs.fr\/guides\/?p=30787"},"modified":"2026-02-18T18:11:59","modified_gmt":"2026-02-18T17:11:59","slug":"quotient-familial-cts","status":"publish","type":"post","link":"https:\/\/www.mes-allocs.fr\/guides\/allocations-familiales\/quotient-familial\/quotient-familial-cts\/","title":{"rendered":"Quel est le r\u00f4le du quotient familial dans les CTS ?"},"content":{"rendered":"<p><img loading=\"lazy\" decoding=\"async\" class=\"aligncenter wp-image-30788\" src=\"https:\/\/www.mes-allocs.fr\/guides\/wp-content\/uploads\/2021\/06\/arre\u0302t-de-bus--e1624366710205.jpeg\" alt=\"quotient familial cts\" width=\"1200\" height=\"446\" \/><\/p>\n<p style=\"text-align: justify;\">[Mis \u00e0 jour le 18\/02\/2026] Le quotient familial est un indicateur mon\u00e9taire qui permet de d\u00e9terminer certains prix. Il est utilis\u00e9 principalement dans le cadre de <a href=\"https:\/\/www.mes-allocs.fr\/guides\/allocations-familiales\">allocations familiales<\/a>. Dans cet article, nous allons voir le r\u00f4le du <strong>quotient familial aupr\u00e8s de la CTS<\/strong>.<\/p>\n<p><span style=\"font-weight: 400;\"><div class='cta-block'><div class='text'>Simulez toutes vos aides en 2 min.<\/div><a href='https:\/\/www.mes-allocs.fr\/ab-app?origin=guides\/wp-json\/wp\/v2\/posts\/30787' class='app-button fit'>Simulation gratuite<\/a><\/div><\/span><\/p>\n<h1 style=\"text-align: justify;\">Qu&rsquo;est-ce que\u00a0 la CTS ?<\/h1>\n<h2 style=\"text-align: justify;\">En quelques mots<\/h2>\n<p style=\"text-align: justify;\">La Compagnie des Transports de Strasbourg est le service de transport qui dessert l&rsquo;ensemble de l&rsquo;agglom\u00e9ration de Strasbourg. La CTS est \u00e0 la fois op\u00e9rateur et ma\u00eetre d\u2019ouvrage du r\u00e9seau urbain de l\u2019Eurom\u00e9tropole de Strasbourg.<\/p>\n<p style=\"text-align: justify;\">Cette compagnie de transports a deux missions compl\u00e9mentaires. Dans un premier temps, elle exploite les transports publics urbains de l\u2019agglom\u00e9ration strasbourgeoise. Et deuxi\u00e8mement, elle assure la conception, la construction et le financement des infrastructures : voies et stations, billetterie, vid\u00e9osurveillance, parkings-relais, travaux&#8230;<\/p>\n<p>Vous pouvez utiliser une carte badg\u00e9o pour voyager sur ce r\u00e9seau. En cas de situation de handicap, vous pouvez aussi faire une demande de carte d&rsquo;invalidit\u00e9.<\/p>\n<h2 style=\"text-align: justify;\">Le r\u00f4le du quotient familial dans la tarification<\/h2>\n<p style=\"text-align: justify;\">Comme pour tout les transports publics, lorsque vous en utilisez un, il vous faudra payer un titre de transport. Le prix de ce dernier peut varier en fonction de votre situation. En ce qui concerne la CTS, il existe un tarif social.<\/p>\n<p style=\"text-align: justify;\">Propos\u00e9e en partenariat avec l&rsquo;Eurom\u00e9tropole de Strasbourg, la mise en place de la tarification solidaire vous permet de b\u00e9n\u00e9ficier d&rsquo;une r\u00e9duction sur le prix de votre abonnement. Cette r\u00e9duction est valable durant 12 mois maximum, et peut \u00eatre renouvelable lors d&rsquo;une nouvelle demande d&rsquo;abonnement.<\/p>\n<p style=\"text-align: justify;\">Pour b\u00e9n\u00e9ficier d&rsquo;un abonnement mensuel \u00e0 tarif r\u00e9duit, votre quotient familial doit \u00eatre inf\u00e9rieur ou \u00e9gal \u00e0 764 euros. Si ce n&rsquo;est pas le cas, rendez-vous dans la rubrique Abonnements pour conna\u00eetre le tarif qui vous sera applicable. Il vous faut fournir une attestation de quotient familial.<\/p>\n<p style=\"text-align: justify;\">Dans le d\u00e9tail, si votre quotient familial est inf\u00e9rieur \u00e0 370 euros, le prix sera de 3,40 euros. Si vous avez entre 26 et 64 ans, le prix est de 5,80 euros. Si votre quotient familial se situe entre\u00a0 371 et 582 euros le prix sera de 7,30 euros. Si vous avez entre 26 et 64 ans, le prix est de 13,40 euros.<\/p>\n<p style=\"text-align: justify;\">Enfin, si votre quotient familial se situe entre 583 et 795 euros, le prix va \u00eatre de 13,60 euros. Si vous avez entre 26 et 64 ans, le prix est de 25,70 euros.<\/p>\n<p><iframe loading=\"lazy\" title=\"Tout Savoir sur les Allocations Familiales !\" width=\"500\" height=\"281\" src=\"https:\/\/www.youtube.com\/embed\/XEX_FdLLYMo?feature=oembed\" frameborder=\"0\" allow=\"accelerometer; autoplay; clipboard-write; encrypted-media; gyroscope; picture-in-picture; web-share\" referrerpolicy=\"strict-origin-when-cross-origin\" allowfullscreen><\/iframe><\/p>\n<p style=\"text-align: justify;\"><div class='cta-block'><div class='text'>Simulez toutes vos aides en 2 min.<\/div><a href='https:\/\/www.mes-allocs.fr\/ab-app?origin=guides\/wp-json\/wp\/v2\/posts\/30787' class='app-button fit'>Simulation gratuite<\/a><\/div><\/p>\n<h1 style=\"text-align: justify;\">Petit retour sur le quotient familial CAF<\/h1>\n<p class=\"amp-wp-7d27179 amp-wp-7d27179\" style=\"text-align: justify;\" data-amp-original-style=\"text-align: justify;\">Le quotient familial d\u00e9signe le nombre de parts affect\u00e9es \u00e0 chaque foyer fiscal pour le calcul de l\u2019imp\u00f4t sur le revenu. L\u2019objectif est d\u2019ajuster le montant de l\u2019imp\u00f4t aux capacit\u00e9s contributives de chaque foyer. Le quotient familial permet de proportionner le montant de l\u2019imp\u00f4t aff\u00e9rent \u00e0 un revenu donn\u00e9 en fonction du nombre de personne qui vivent sur ce revenu.<\/p>\n<h2 class=\"amp-wp-7d27179 amp-wp-7d27179\" style=\"text-align: justify;\" data-amp-original-style=\"text-align: justify;\"><span id=\"A_quoi_sert-il\">A quoi sert-il ?<\/span><\/h2>\n<p class=\"amp-wp-7d27179 amp-wp-7d27179\" style=\"text-align: justify;\" data-amp-original-style=\"text-align: justify;\">Le quotient familial est utilis\u00e9 par la CAF, notamment pour l\u2019attribution d\u2019aides financi\u00e8res individuelles au titre de l\u2019action sociale. Mais, il est aussi utilis\u00e9 par les mairies, les associations du secteur p\u00e9riscolaire ou de l\u2019accueil de loisirs pour l\u2019application des tarifs (cantine scolaire, centre de loisirs\u2026).<\/p>\n<p class=\"amp-wp-7d27179 amp-wp-7d27179\" style=\"text-align: justify;\" data-amp-original-style=\"text-align: justify;\">Le quotient familial CAF est calcul\u00e9 en euros, en fonction des ressources de l\u2019ann\u00e9e N-2, des aides familiales accord\u00e9es ainsi que du nombre de parts du foyer fiscal. Le quotient familial de la CAF sert \u00e0 d\u00e9terminer la participation financi\u00e8re des familles aux prestations familiales offertes par la CAF.<\/p>\n<h2 class=\"amp-wp-7d27179\" style=\"text-align: justify;\" data-amp-original-style=\"text-align: justify;\"><span id=\"Ou_trouver_mon_quotient_familial\">O\u00f9 trouver mon quotient familial ?<\/span><\/h2>\n<p class=\"amp-wp-7d27179\" style=\"text-align: justify;\" data-amp-original-style=\"text-align: justify;\"><a href=\"https:\/\/www.mes-allocs.fr\/guides\/allocations-familiales\/quotient-familial\/ou-trouver-le-quotient-familial\/\">Pour trouver ce petit indicateur<\/a>, vous pouvez directement consulter votre quotient familial avec votre num\u00e9ro allocataire et votre mot de passe dans votre espace Mon Compte.<\/p>\n<p class=\"amp-wp-7d27179 amp-wp-7d27179\" style=\"text-align: justify;\" data-amp-original-style=\"text-align: justify;\">Vous pouvez aussi retrouver votre quotient familial sur n\u2019importe laquelle des attestations de paiement \u00e9dit\u00e9es par votre Caisse. Il est \u00e9galement disponible sur ou sur une bonne de libre-service si les accueils de votre Caisse en sont \u00e9quip\u00e9s.<\/p>\n<p data-amp-original-style=\"text-align: justify;\"><span style=\"font-weight: 400;\"><div class='cta-block'><div class='text'>Simulez toutes vos aides en 2 min.<\/div><a href='https:\/\/www.mes-allocs.fr\/ab-app?origin=guides\/wp-json\/wp\/v2\/posts\/30787' class='app-button fit'>Simulation gratuite<\/a><\/div><\/span><\/p>\n","protected":false},"excerpt":{"rendered":"<p>[Mis \u00e0 jour le 18\/02\/2026] Le quotient familial est un indicateur mon\u00e9taire qui permet de d\u00e9terminer certains prix. Il est utilis\u00e9 principalement dans le cadre de allocations familiales. Dans cet article, nous allons voir le r\u00f4le du quotient familial aupr\u00e8s de la CTS. Qu&rsquo;est-ce que\u00a0 la CTS ? En quelques mots La Compagnie des Transports [&hellip;]<\/p>\n","protected":false},"author":6,"featured_media":30788,"comment_status":"open","ping_status":"open","sticky":false,"template":"","format":"standard","meta":{"amp_status":"","footnotes":""},"categories":[10,9894],"tags":[],"class_list":["post-30787","post","type-post","status-publish","format-standard","has-post-thumbnail","hentry","category-allocations-familiales","category-quotient-familial"],"yoast_head":"<!-- This site is optimized with the Yoast SEO plugin v14.9 - https:\/\/yoast.com\/wordpress\/plugins\/seo\/ -->\n<title>Quel est le r\u00f4le du quotient familial dans les CTS ? | Mes-Allocs.fr<\/title>\n<meta name=\"description\" content=\"La CTS est l&#039;organisme de transport starsbourgeois. Pour la tarification, elle utilise le quotient familial. Notre \u00e9quipe vous explique.\" \/>\n<meta name=\"robots\" content=\"index, follow, max-snippet:-1, max-image-preview:large, max-video-preview:-1\" \/>\n<link rel=\"canonical\" href=\"https:\/\/www.mes-allocs.fr\/guides\/allocations-familiales\/quotient-familial\/quotient-familial-cts\/\" \/>\n<meta property=\"og:locale\" content=\"fr_FR\" \/>\n<meta property=\"og:type\" content=\"article\" \/>\n<meta property=\"og:title\" content=\"Quel est le r\u00f4le du quotient familial dans les CTS ? | Mes-Allocs.fr\" \/>\n<meta property=\"og:description\" content=\"La CTS est l&#039;organisme de transport starsbourgeois. Pour la tarification, elle utilise le quotient familial. Notre \u00e9quipe vous explique.\" \/>\n<meta property=\"og:url\" content=\"https:\/\/www.mes-allocs.fr\/guides\/allocations-familiales\/quotient-familial\/quotient-familial-cts\/\" \/>\n<meta property=\"og:site_name\" content=\"Mes-Allocs.fr\" \/>\n<meta property=\"article:published_time\" content=\"2021-06-23T16:46:50+00:00\" \/>\n<meta property=\"article:modified_time\" content=\"2026-02-18T17:11:59+00:00\" \/>\n<meta property=\"og:image\" content=\"https:\/\/www.mes-allocs.fr\/guides\/wp-content\/uploads\/2021\/06\/arre\u0302t-de-bus-.jpeg?wsr\" \/>\n\t<meta property=\"og:image:width\" content=\"1129\" \/>\n\t<meta property=\"og:image:height\" content=\"750\" \/>\n<meta name=\"twitter:card\" content=\"summary_large_image\" \/>\n<script type=\"application\/ld+json\" class=\"yoast-schema-graph\">{\"@context\":\"https:\/\/schema.org\",\"@graph\":[{\"@type\":\"WebSite\",\"@id\":\"https:\/\/www.mes-allocs.fr\/guides\/#website\",\"url\":\"https:\/\/www.mes-allocs.fr\/guides\/\",\"name\":\"Mes-Allocs.fr\",\"description\":\"\",\"potentialAction\":[{\"@type\":\"SearchAction\",\"target\":\"https:\/\/www.mes-allocs.fr\/guides\/?s={search_term_string}\",\"query-input\":\"required name=search_term_string\"}],\"inLanguage\":\"fr-FR\"},{\"@type\":\"ImageObject\",\"@id\":\"https:\/\/www.mes-allocs.fr\/guides\/allocations-familiales\/quotient-familial\/quotient-familial-cts\/#primaryimage\",\"inLanguage\":\"fr-FR\",\"url\":\"https:\/\/www.mes-allocs.fr\/guides\/wp-content\/uploads\/2021\/06\/arre\\u0302t-de-bus-.jpeg?wsr\",\"width\":1129,\"height\":750,\"caption\":\"quotient familial cts\"},{\"@type\":\"WebPage\",\"@id\":\"https:\/\/www.mes-allocs.fr\/guides\/allocations-familiales\/quotient-familial\/quotient-familial-cts\/#webpage\",\"url\":\"https:\/\/www.mes-allocs.fr\/guides\/allocations-familiales\/quotient-familial\/quotient-familial-cts\/\",\"name\":\"Quel est le r\\u00f4le du quotient familial dans les CTS ? | Mes-Allocs.fr\",\"isPartOf\":{\"@id\":\"https:\/\/www.mes-allocs.fr\/guides\/#website\"},\"primaryImageOfPage\":{\"@id\":\"https:\/\/www.mes-allocs.fr\/guides\/allocations-familiales\/quotient-familial\/quotient-familial-cts\/#primaryimage\"},\"datePublished\":\"2021-06-23T16:46:50+00:00\",\"dateModified\":\"2026-02-18T17:11:59+00:00\",\"author\":{\"@id\":\"https:\/\/www.mes-allocs.fr\/guides\/#\/schema\/person\/0ecd61a8600573914d00d970a588c024\"},\"description\":\"La CTS est l'organisme de transport starsbourgeois. Pour la tarification, elle utilise le quotient familial. Notre \\u00e9quipe vous explique.\",\"inLanguage\":\"fr-FR\"},{\"@type\":\"Person\",\"@id\":\"https:\/\/www.mes-allocs.fr\/guides\/#\/schema\/person\/0ecd61a8600573914d00d970a588c024\",\"name\":\"Jonathan\",\"image\":{\"@type\":\"ImageObject\",\"@id\":\"https:\/\/www.mes-allocs.fr\/guides\/#personlogo\",\"inLanguage\":\"fr-FR\",\"url\":\"https:\/\/www.mes-allocs.fr\/guides\/wp-content\/uploads\/2021\/06\/jonathan-150x150.png\",\"caption\":\"Jonathan\"},\"description\":\"Jonathan est r\\u00e9dacteur au sein de l'\\u00e9quipe Mes Allocs, sp\\u00e9cialis\\u00e9 sur les sujets li\\u00e9s au handicap. Dipl\\u00f4m\\u00e9e de l'UPEM, il rejoint Mes Allocs apr\\u00e8s avoir travaill\\u00e9 \\u00e0 l'association AEDE qui accompagne les adultes en situation de handicap. Quand il n'\\u00e9crit pas, on peut le retrouver sur un terrain de basket.\",\"sameAs\":[\"https:\/\/www.linkedin.com\/in\/jonathan-bambela-8637861b7\"]}]}<\/script>\n<!-- \/ Yoast SEO plugin. -->","amp_validity":null,"acf":{"faq":{"1":{"question":"Toutes les aides de la CAF d\u00e9pendent-elles du quotient familial ?","answer":"M\u00eame si la plupart des aides sont en lien avec le quotient familial, il existe certaines aides qui ne d\u00e9pendent pas de cet indicateur."},"2":{"question":"Le quotient familial peut-il \u00e9voluer dans le temps ?","answer":"Votre quotient familial d\u00e9pend du nombres de parts dans votre foyer. Donc oui, ce dernier peut \u00e9voluer dans le temps."},"3":{"question":" Le quotient familial des imp\u00f4ts est-il le m\u00eame que celui de la CAF ? ","answer":"Non pas exactement. Bien qu'il aient la m\u00eame d\u00e9nomination, leurs formes et les param\u00e8tres de calculs ne sont pas les m\u00eames. "},"4":{"question":"Quel est le montant du quotient familial ?","answer":"Le nombre de parts de quotient familial d\u00e9pend de la composition de votre foyer. Le quotient familial est \u00e9gal au revenu net global imposable divis\u00e9 par le nombre de parts."},"5":{"question":"Est-il possible de faire une simulation des aides ?","answer":"Oui, sur Mes allocs, nous vous proposons une simulation pour connaitre les diff\u00e9rentes aides auxquels vous \u00eates \u00e9ligible."},"6":{"question":"","answer":""},"7":{"question":"","answer":""},"8":{"question":"","answer":""},"9":{"question":"","answer":""},"10":{"question":"","answer":""},"11":{"question":"","answer":""},"12":{"question":"","answer":""},"13":{"question":"","answer":""},"14":{"question":"","answer":""},"15":{"question":"","answer":""},"16":{"question":"","answer":""}}},"_links":{"self":[{"href":"https:\/\/www.mes-allocs.fr\/guides\/wp-json\/wp\/v2\/posts\/30787","targetHints":{"allow":["GET"]}}],"collection":[{"href":"https:\/\/www.mes-allocs.fr\/guides\/wp-json\/wp\/v2\/posts"}],"about":[{"href":"https:\/\/www.mes-allocs.fr\/guides\/wp-json\/wp\/v2\/types\/post"}],"author":[{"embeddable":true,"href":"https:\/\/www.mes-allocs.fr\/guides\/wp-json\/wp\/v2\/users\/6"}],"replies":[{"embeddable":true,"href":"https:\/\/www.mes-allocs.fr\/guides\/wp-json\/wp\/v2\/comments?post=30787"}],"version-history":[{"count":14,"href":"https:\/\/www.mes-allocs.fr\/guides\/wp-json\/wp\/v2\/posts\/30787\/revisions"}],"predecessor-version":[{"id":109291,"href":"https:\/\/www.mes-allocs.fr\/guides\/wp-json\/wp\/v2\/posts\/30787\/revisions\/109291"}],"wp:featuredmedia":[{"embeddable":true,"href":"https:\/\/www.mes-allocs.fr\/guides\/wp-json\/wp\/v2\/media\/30788"}],"wp:attachment":[{"href":"https:\/\/www.mes-allocs.fr\/guides\/wp-json\/wp\/v2\/media?parent=30787"}],"wp:term":[{"taxonomy":"category","embeddable":true,"href":"https:\/\/www.mes-allocs.fr\/guides\/wp-json\/wp\/v2\/categories?post=30787"},{"taxonomy":"post_tag","embeddable":true,"href":"https:\/\/www.mes-allocs.fr\/guides\/wp-json\/wp\/v2\/tags?post=30787"}],"curies":[{"name":"wp","href":"https:\/\/api.w.org\/{rel}","templated":true}]}}