{"id":30451,"date":"2021-06-18T17:20:13","date_gmt":"2021-06-18T15:20:13","guid":{"rendered":"https:\/\/www.mes-allocs.fr\/guides\/?p=30451"},"modified":"2025-10-22T16:39:28","modified_gmt":"2025-10-22T14:39:28","slug":"chomage-partiel-incendie","status":"publish","type":"post","link":"https:\/\/www.mes-allocs.fr\/guides\/chomage\/chomage-partiel\/chomage-partiel-incendie\/","title":{"rendered":"Le ch\u00f4mage technique cause incendie"},"content":{"rendered":"<p><img loading=\"lazy\" decoding=\"async\" class=\"aligncenter wp-image-30452\" src=\"https:\/\/www.mes-allocs.fr\/guides\/wp-content\/uploads\/2021\/06\/incendie--e1623919034875.jpeg\" alt=\"ch\u00f4mage technique cause incendie\" width=\"1200\" height=\"398\" \/><\/p>\n<p><strong>P\u00f4le Emploi est une institution qui g\u00e8re (en partie) le ch\u00f4mage technique. Pour b\u00e9n\u00e9ficier du <a href=\"https:\/\/www.mes-allocs.fr\/guides\/chomage\/chomage-technique\">ch\u00f4mage technique<\/a>, il faut que certains param\u00e8tres soient remplis. Nous allons voir si l&rsquo;incendie de vos locaux rentrent dans ces param\u00e8tres.<\/strong><\/p>\n<div class='cta-block'><div class='text'>Simulez vos aides en 2 min.<\/div><a href='https:\/\/www.mes-allocs.fr\/ab-app?origin=guides\/wp-json\/wp\/v2\/posts\/30451' class='app-button fit'>Simulation gratuite<\/a><\/div>\n<h1 class=\"amp-wp-7d27179\" style=\"text-align: justify;\" data-amp-original-style=\"text-align: justify;\"><span id=\"Quest-ce_que_le_chomage_technique\">Le dispositif du ch\u00f4mage technique<\/span><\/h1>\n<h2 class=\"amp-wp-7d27179\" style=\"text-align: justify;\" data-amp-original-style=\"text-align: justify;\"><span id=\"Definition\">Petit point de d\u00e9finition<\/span><\/h2>\n<p class=\"amp-wp-7d27179\" dir=\"ltr\" style=\"text-align: justify;\" data-amp-original-style=\"text-align: justify;\">Le ch\u00f4mage technique est une situation peu habituelle. Elle intervient lorsque l\u2019entreprise subit une r\u00e9duction temporaire et partielle de son activit\u00e9. Cette coupure d&rsquo;activit\u00e9 est n\u00e9c\u00e9ssaire, pour sa main d\u2019\u0153uvre car elle risque de mettre en p\u00e9ril la sant\u00e9 financi\u00e8re de l&rsquo;entreprise.<\/p>\n<p class=\"amp-wp-7d27179\" dir=\"ltr\" style=\"text-align: justify;\" data-amp-original-style=\"text-align: justify;\">De fait, il y a une baisse du nombre d\u2019heures. Les horaires de travail passent en dessous de l\u2019horaire l\u00e9gal de travail. Le dispositif d&rsquo;activit\u00e9 partielle se pr\u00e9sente comme une alternative solide et efficace au licenciement \u00e9conomique.<\/p>\n<p class=\"amp-wp-7d27179\" dir=\"ltr\" style=\"text-align: justify;\" data-amp-original-style=\"text-align: justify;\">Plut\u00f4t que d\u2019avoir recours \u00e0 cette solution qu&rsquo;est le licenciement, l\u2019entreprise maintient alors ses salari\u00e9s \u00e0 leur poste et ceux-ci subissent une baisse d\u2019activit\u00e9 (baisse du temps de travail), pendant une dur\u00e9e limit\u00e9e. Cette pratique est encadr\u00e9e par le Code du Travail.<\/p>\n<p class=\"amp-wp-7d27179\" dir=\"ltr\" style=\"text-align: justify;\" data-amp-original-style=\"text-align: justify;\">Dans ces conditions, cela permet \u00e0 l\u2019entreprise de r\u00e9duire l\u2019ensemble de ses charges de personnel tout en conservant son effectif. Il existe aussi une autre nomination. Ce dispositif est aussi appel\u00e9 ch\u00f4mage partiel. Les deux appellations concernent la m\u00eame situation, l\u2019activit\u00e9 partielle d\u2019un salari\u00e9 dans son entreprise.<\/p>\n<p dir=\"ltr\" data-amp-original-style=\"text-align: justify;\"><div class='cta-block'><div class='text'>Simulez toutes vos aides en 2 min.<\/div><a href='https:\/\/www.mes-allocs.fr\/ab-app?origin=guides\/wp-json\/wp\/v2\/posts\/30451' class='app-button fit'>Simulation gratuite<\/a><\/div><\/p>\n<h2 class=\"amp-wp-7d27179\" dir=\"ltr\" style=\"text-align: justify;\" data-amp-original-style=\"text-align: justify;\"><span id=\"Qui_est_concerne\">Qui est concern\u00e9 ?<\/span><\/h2>\n<p class=\"amp-wp-7d27179\" style=\"text-align: justify;\" data-amp-original-style=\"text-align: justify;\">La mise en activit\u00e9 partielle est une mesure collective, elle s\u2019applique donc \u00e0 tous les salari\u00e9s d\u2019un \u00e9tablissement ou \u00e0 aucun d\u2019entre eux. Cette indication peut varier selon les accords collectifs des entreprises. Le type de contrat du salari\u00e9 n\u2019influe pas sur ce dispositif. Que vous soyez \u00e0 temps partiel, \u00e0 domicile, en CDD ou CDI est sans incidence sur cette r\u00e8gle.<\/p>\n<div class=\"fiche-item amp-wp-7d27179\" style=\"text-align: justify;\" data-amp-original-style=\"text-align: justify;\">\n<div id=\"fiche-item-1situation1\" class=\"fiche-item-content collapse in\" aria-expanded=\"true\" aria-hidden=\"false\">\n<p class=\"fiche-title-1\">Cependant, ce dispositif ne s\u2019applique pas \u00e0 tous. Si vous \u00eates dans l\u2019une des situations suivantes, vous n\u2019\u00eates pas concern\u00e9 par le dispositif de ch\u00f4mage partiel :<\/p>\n<ul>\n<li>Titulaire d\u2019un contrat de travail de droit fran\u00e7ais qui travaille \u00e0 l\u2019\u00e9tranger,<\/li>\n<li>Salari\u00e9 expatri\u00e9 titulaire d\u2019un contrat de droit local,<\/li>\n<li>Salari\u00e9 dont la r\u00e9duction ou la suspension de l\u2019activit\u00e9 professionnelle est due \u00e0 une discorde collectif de travail (gr\u00e8ve, notamment).<img loading=\"lazy\" decoding=\"async\" class=\" wp-image-30455 alignright\" src=\"https:\/\/www.mes-allocs.fr\/guides\/wp-content\/uploads\/2021\/06\/gre\u0300ve-.jpeg\" alt=\"ch\u00f4mage technique cause incendie\" width=\"275\" height=\"183\" srcset=\"https:\/\/www.mes-allocs.fr\/guides\/wp-content\/uploads\/2021\/06\/gre\u0300ve-.jpeg 1125w, https:\/\/www.mes-allocs.fr\/guides\/wp-content\/uploads\/2021\/06\/gre\u0300ve--300x200.jpeg 300w, https:\/\/www.mes-allocs.fr\/guides\/wp-content\/uploads\/2021\/06\/gre\u0300ve--1024x683.jpeg 1024w, https:\/\/www.mes-allocs.fr\/guides\/wp-content\/uploads\/2021\/06\/gre\u0300ve--768x512.jpeg 768w, https:\/\/www.mes-allocs.fr\/guides\/wp-content\/uploads\/2021\/06\/gre\u0300ve--600x400.jpeg 600w\" sizes=\"auto, (max-width: 275px) 100vw, 275px\" \/><\/li>\n<\/ul>\n<p>Au-del\u00e0 des petites et moyennes entreprises, les associations figurent aussi dans le champ des structures \u00e9ligibles \u00e0 l\u2019activit\u00e9 partielle. Comme les entreprises, elles doivent respecter les motifs de recours pr\u00e9vus par la r\u00e9glementation. Les ressources sp\u00e9cifiques dont peuvent b\u00e9n\u00e9ficier les associations nous am\u00e8ne \u00e0 rappeler le principe selon lequel le recours \u00e0 l\u2019activit\u00e9 partielle ne pourrait avoir comme effet de financer deux fois les charges de personnel (une premi\u00e8re fois par des subventions \u00a0ext\u00e9rieures et une seconde fois par l\u2019activit\u00e9 partielle).<\/p>\n<p>Les demandes d\u00e9pos\u00e9es par les associations b\u00e9n\u00e9ficiant de subventions doivent donc respecter cette obligation. Des contr\u00f4les seront r\u00e9alis\u00e9s suite \u00e0 cette demande et en cas de constat d\u2019un financement en doublon, les indemnisations seront ajust\u00e9es \u00e0 la baisse.<\/p>\n<\/div>\n<\/div>\n<p class=\"amp-wp-7d27179\" dir=\"ltr\" style=\"text-align: justify;\" data-amp-original-style=\"text-align: justify;\">La\u00a0<span class=\"___SText_90cy7_gg_\" data-ui-name=\"Tag.Text\">mise en \u0153uvre\u00a0<\/span>du ch\u00f4mage technique n&rsquo;est possible qu\u2019en cas de force majeur. Votre employeur ne peut vous mettre au ch\u00f4mage technique simplement pour r\u00e9duire ses co\u00fbts.<\/p>\n<p><iframe loading=\"lazy\" title=\"Le ch\u00f4mage partiel\" width=\"500\" height=\"281\" src=\"https:\/\/www.youtube.com\/embed\/lNULAAGKO1s?feature=oembed\" frameborder=\"0\" allow=\"accelerometer; autoplay; clipboard-write; encrypted-media; gyroscope; picture-in-picture; web-share\" referrerpolicy=\"strict-origin-when-cross-origin\" allowfullscreen><\/iframe><\/p>\n<div class=\"content-wrap drop-shadow\" style=\"text-align: justify;\">\n<div class=\"content\">\n<h1 class=\"amp-wp-7d27179\" dir=\"ltr\" data-amp-original-style=\"text-align: justify;\"><span id=\"Quelles_conditions_pour_lentreprise\">Les param\u00e8tres du dispositif\u00a0<\/span><\/h1>\n<h2>Les motifs<\/h2>\n<p class=\"amp-wp-7d27179\" dir=\"ltr\" data-amp-original-style=\"text-align: justify;\">Les entreprises ont un d\u00e9lai de 30 jours pour d\u00e9poser une demande de ch\u00f4mage partiel, avec effet r\u00e9troactif. En l\u2019absence de r\u00e9ponse dans les 15 jours, l\u2019autorisation est consid\u00e9r\u00e9e comme accord\u00e9e pour 6 mois renouvelables. Pour que votre entreprise puisse mettre en place le ch\u00f4mage technique, l\u2019entreprise doit subir une perte partielle d\u2019activit\u00e9 due \u00e0 la conjoncture \u00e9conomique :<\/p>\n<ul class=\"amp-wp-7d27179\" dir=\"ltr\" data-amp-original-style=\"text-align: justify;\">\n<li>Restructuration ou modernisation de l\u2019entreprise<\/li>\n<li>Force majeure, \u00e9v\u00e9nement sp\u00e9cifique (perte accidentelle des outils de production\u2026)<\/li>\n<li>Une baisse conjoncturelle et importante des commandes, perte d\u2019un client cons\u00e9quent<\/li>\n<li>Perte d\u2019un fournisseur, difficult\u00e9s temporaires d\u2019approvisionnement<\/li>\n<li>Toute autre circonstance exceptionnel (<span class=\"___SText_90cy7_gg_\" data-ui-name=\"Tag.Text\">intemp\u00e9ries de caract\u00e8re exceptionnel,\u00a0<\/span>catastrophe climatique, pand\u00e9mie \u2026)<img loading=\"lazy\" decoding=\"async\" class=\" wp-image-30456 alignright\" src=\"https:\/\/www.mes-allocs.fr\/guides\/wp-content\/uploads\/2021\/06\/tempe\u0302te-.jpeg\" alt=\"ch\u00f4mage technique cause incendie\" width=\"268\" height=\"178\" srcset=\"https:\/\/www.mes-allocs.fr\/guides\/wp-content\/uploads\/2021\/06\/tempe\u0302te-.jpeg 1128w, https:\/\/www.mes-allocs.fr\/guides\/wp-content\/uploads\/2021\/06\/tempe\u0302te--300x199.jpeg 300w, https:\/\/www.mes-allocs.fr\/guides\/wp-content\/uploads\/2021\/06\/tempe\u0302te--1024x681.jpeg 1024w, https:\/\/www.mes-allocs.fr\/guides\/wp-content\/uploads\/2021\/06\/tempe\u0302te--768x511.jpeg 768w, https:\/\/www.mes-allocs.fr\/guides\/wp-content\/uploads\/2021\/06\/tempe\u0302te--600x399.jpeg 600w\" sizes=\"auto, (max-width: 268px) 100vw, 268px\" \/><\/li>\n<\/ul>\n<p data-amp-original-style=\"text-align: justify;\">En ce qui concerne la question des incendies, si vos locaux sont la proie des flammes ou que ces derni\u00e8res ont d\u00e9truit votre principal outil de travail, vous pouvez \u00eatre plac\u00e9 en ch\u00f4mage technique. Ce dispositif s&rsquo;appliquera le temps que vous puissiez retrouver votre outil de travail. Au-del\u00e0 de ces situations o\u00f9 le ch\u00f4mage technique peut intervenir, votre employer se doit de vous donner des garanties quant \u00e0 votre poste.<\/p>\n<p data-amp-original-style=\"text-align: justify;\"><div class='cta-block'><div class='text'>Simulez toutes vos aides en 2 min.<\/div><a href='https:\/\/www.mes-allocs.fr\/ab-app?origin=guides\/wp-json\/wp\/v2\/posts\/30451' class='app-button fit'>Simulation gratuite<\/a><\/div><\/p>\n<h2 class=\"amp-wp-7d27179\" data-amp-original-style=\"text-align: justify;\">La r\u00e9mun\u00e9ration<\/h2>\n<div class=\"_box-inline_1p6fl_gg_\" data-ui-name=\"Tooltip.Trigger\" aria-pressed=\"true\" aria-describedby=\"13254\">\n<div class=\"___STag_a9dhv_gg_ ___STag_90cy7_gg_ __size_90cy7_gg_ __size_m_90cy7_gg_ __theme_a9dhv_gg_ __theme_90cy7_gg_ __theme_secondary-muted_90cy7_gg_\" data-ui-name=\"Tag\"><span class=\"___SText_90cy7_gg_\" data-ui-name=\"Tag.Text\">Pour les salari\u00e9s en activit\u00e9 partielle<\/span><span class=\"amp-wp-fe3f5cc\" data-amp-original-style=\"font-weight: 400;\">, il n\u2019y pas de r\u00e9elle r\u00e9mun\u00e9ration comme pourrait l\u2019\u00eatre un salaire. Par contre, vous recevez une <\/span>indemnit\u00e9 horaire\u00a0<span class=\"amp-wp-fe3f5cc\" data-amp-original-style=\"font-weight: 400;\">vers\u00e9e par votre employeur \u00e0 l\u2019\u00e9ch\u00e9ance habituelle de votre bulletin de paie. \u00c0 compter de 2023, une indemnit\u00e9 de <span class=\"prix\">72\u00a0%<\/span> du salaire net sera vers\u00e9e au salari\u00e9 avec un plancher calcul\u00e9 sur la base de 9<span class=\"prix\">,12 \u20ac<\/span> par heure, dans la limite de\u00a0<span class=\"sp-prix\">31,10\u00a0\u20ac<\/span>\u00a0par heure ch\u00f4m\u00e9e.<\/span><\/div>\n<\/div>\n<p class=\"amp-wp-7d27179 amp-wp-7d27179\" data-amp-original-style=\"text-align: justify;\"><span class=\"amp-wp-fe3f5cc\" data-amp-original-style=\"font-weight: 400;\">En lien avec la crise sanitaire actuelle, les salari\u00e9s des entreprises relevant de secteurs les plus touch\u00e9s par la crise continueront cependant de percevoir une indemnit\u00e9 \u00e9gale \u00e0\u00a0<span class=\"prix\">84\u00a0%<\/span> du salaire net jusqu\u2019au 31 Mars 2021. Ceux des entreprises ferm\u00e9es administrativement percevront toujours une indemnit\u00e9 \u00e9gale \u00e0 <span class=\"prix\">84\u00a0%<\/span>\u00a0du salaire net mais jusqu\u2019au 30\u00a0juin\u00a02021.<\/span><\/p>\n<p class=\"amp-wp-7d27179 amp-wp-7d27179\" data-amp-original-style=\"text-align: justify;\">Depuis 2023, l\u2019indemnit\u00e9 ne peut en aucun cas \u00eatre inf\u00e9rieure \u00e0 9<span class=\"prix\">,12 \u20ac<\/span> net. Ce plancher correspond au montant horaire net ni sup\u00e9rieure \u00e0 un plafond de\u00a0<span class=\"prix\">31,10 \u20ac<\/span>\u00a0par heure ch\u00f4m\u00e9e.<\/p>\n<p data-amp-original-style=\"text-align: justify;\">En 2024, l&rsquo;indemnit\u00e9 ne peut en aucun cas \u00eatre inf\u00e9rieure \u00e0 9.40\u20ac net avec un plafond de <span class=\"prix\">32.08\u20ac<\/span>\u00a0par heure ch\u00f4m\u00e9e.<\/p>\n<p class=\"amp-wp-7d27179 amp-wp-7d27179\" data-amp-original-style=\"text-align: justify;\"><span class=\"amp-wp-fe3f5cc\" data-amp-original-style=\"font-weight: 400;\">Pour aider votre employeur, ce dernier re\u00e7oit de son c\u00f4t\u00e9 une allocation compensatrice. Cette allocation est financ\u00e9e par l\u2019\u00c9tat et l\u2019Unedic. Elle est \u00e9gale \u00e0 :<\/span><\/p>\n<ul class=\"amp-wp-7d27179 amp-wp-7d27179\" data-amp-original-style=\"text-align: justify;\">\n<li class=\"amp-wp-fe3f5cc\" data-amp-original-style=\"font-weight: 400;\"><span class=\"amp-wp-fe3f5cc\" data-amp-original-style=\"font-weight: 400;\"><span style=\"font-weight: 400;\"><strong><span class=\"sp-prix\">8,21 \u20ac<\/span>\u00a0<\/strong>minimum<strong> et de\u00a0<span class=\"sp-prix\">18,66 \u20ac\u00a0<\/span><\/strong>maximum<\/span> par heure ch\u00f4m\u00e9e dans les entreprises par salari\u00e9<\/span><\/li>\n<\/ul>\n<p class=\"amp-wp-7d27179 amp-wp-7d27179\" data-amp-original-style=\"text-align: justify;\"><span class=\"amp-wp-fe3f5cc\" data-amp-original-style=\"font-weight: 400;\">Il se peut que dans certaines circonstances, votre employeur ne puisse b\u00e9n\u00e9ficier de cette allocation compensatrice. Cette allocation compensatrice ne lui est pas due si :<\/span><\/p>\n<ul class=\"amp-wp-7d27179 amp-wp-7d27179\" data-amp-original-style=\"text-align: justify;\">\n<li class=\"amp-wp-fe3f5cc\" data-amp-original-style=\"font-weight: 400;\"><span class=\"amp-wp-fe3f5cc\" data-amp-original-style=\"font-weight: 400;\">La r\u00e9duction ou la suspension de l\u2019activit\u00e9 est due \u00e0 une gr\u00e8ve (sauf si votre employeur d\u00e9cide de fermer l\u2019entreprise suite \u00e0 une gr\u00e8ve pour une dur\u00e9e sup\u00e9rieure \u00e0 3 jours) ;<\/span><\/li>\n<li class=\"amp-wp-fe3f5cc\" data-amp-original-style=\"font-weight: 400;\"><span class=\"amp-wp-fe3f5cc\" data-amp-original-style=\"font-weight: 400;\">Pour les salari\u00e9s en forfait jours ou heures (sauf en cas de fermeture totale de l\u2019\u00e9tablissement).<\/span><\/li>\n<\/ul>\n<p class=\"amp-wp-7d27179 amp-wp-7d27179\" data-amp-original-style=\"text-align: justify;\"><span class=\"amp-wp-fe3f5cc\" data-amp-original-style=\"font-weight: 400;\">Cette indemnit\u00e9 vers\u00e9e ne peut pas \u00eatre sup\u00e9rieure \u00e0 l\u2019indemnit\u00e9 qui vous est due si vous \u00eates en contrat d\u2019apprentissage ou en contrat de professionnalisation. Dans tous les cas, votre employeur doit vous assurer, lorsque vous \u00eates en activit\u00e9 partielle, une <\/span>r\u00e9mun\u00e9ration nette au moins \u00e9gale au SMIC<span class=\"amp-wp-fe3f5cc\" data-amp-original-style=\"font-weight: 400;\">. Le salari\u00e9 peut donc b\u00e9n\u00e9ficier d\u2019une allocation compl\u00e9mentaire prise en charge par l\u2019employeur, si la somme accord\u00e9e ne le couvre pas suffisamment.\u00a0<\/span><\/p>\n<p data-amp-original-style=\"text-align: justify;\"><div class='cta-block'><div class='text'>Simulez toutes vos aides en 2 min.<\/div><a href='https:\/\/www.mes-allocs.fr\/ab-app?origin=guides\/wp-json\/wp\/v2\/posts\/30451' class='app-button fit'>Simulation gratuite<\/a><\/div><\/p>\n<\/div>\n<\/div>\n","protected":false},"excerpt":{"rendered":"<p>P\u00f4le Emploi est une institution qui g\u00e8re (en partie) le ch\u00f4mage technique. Pour b\u00e9n\u00e9ficier du ch\u00f4mage technique, il faut que certains param\u00e8tres soient remplis. Nous allons voir si l&rsquo;incendie de vos locaux rentrent dans ces param\u00e8tres. Le dispositif du ch\u00f4mage technique Petit point de d\u00e9finition Le ch\u00f4mage technique est une situation peu habituelle. Elle intervient [&hellip;]<\/p>\n","protected":false},"author":6,"featured_media":30452,"comment_status":"open","ping_status":"open","sticky":false,"template":"","format":"standard","meta":{"amp_status":"","footnotes":""},"categories":[45628,2989],"tags":[],"class_list":["post-30451","post","type-post","status-publish","format-standard","has-post-thumbnail","hentry","category-chomage-partiel","category-chomage"],"yoast_head":"<!-- This site is optimized with the Yoast SEO plugin v14.9 - https:\/\/yoast.com\/wordpress\/plugins\/seo\/ -->\n<title>Le ch\u00f4mage technique cause incendie | Mes-Allocs.fr<\/title>\n<meta name=\"description\" content=\"Le ch\u00f4mage technique est employ\u00e9 en cas de circonstances exeptionnelles pour l&#039;entreprise. Est-ce le cas pour un incendie ? On vous dit tout.\" \/>\n<meta name=\"robots\" content=\"index, follow, max-snippet:-1, max-image-preview:large, max-video-preview:-1\" \/>\n<link rel=\"canonical\" href=\"https:\/\/www.mes-allocs.fr\/guides\/chomage\/chomage-partiel\/chomage-partiel-incendie\/\" \/>\n<meta property=\"og:locale\" content=\"fr_FR\" \/>\n<meta property=\"og:type\" content=\"article\" \/>\n<meta property=\"og:title\" content=\"Le ch\u00f4mage technique cause incendie | Mes-Allocs.fr\" \/>\n<meta property=\"og:description\" content=\"Le ch\u00f4mage technique est employ\u00e9 en cas de circonstances exeptionnelles pour l&#039;entreprise. Est-ce le cas pour un incendie ? On vous dit tout.\" \/>\n<meta property=\"og:url\" content=\"https:\/\/www.mes-allocs.fr\/guides\/chomage\/chomage-partiel\/chomage-partiel-incendie\/\" \/>\n<meta property=\"og:site_name\" content=\"Mes-Allocs.fr\" \/>\n<meta property=\"article:published_time\" content=\"2021-06-18T15:20:13+00:00\" \/>\n<meta property=\"article:modified_time\" content=\"2025-10-22T14:39:28+00:00\" \/>\n<meta property=\"og:image\" content=\"https:\/\/www.mes-allocs.fr\/guides\/wp-content\/uploads\/2021\/06\/incendie-.jpeg?wsr\" \/>\n\t<meta property=\"og:image:width\" content=\"1260\" \/>\n\t<meta property=\"og:image:height\" content=\"658\" \/>\n<meta name=\"twitter:card\" content=\"summary_large_image\" \/>\n<script type=\"application\/ld+json\" class=\"yoast-schema-graph\">{\"@context\":\"https:\/\/schema.org\",\"@graph\":[{\"@type\":\"WebSite\",\"@id\":\"https:\/\/www.mes-allocs.fr\/guides\/#website\",\"url\":\"https:\/\/www.mes-allocs.fr\/guides\/\",\"name\":\"Mes-Allocs.fr\",\"description\":\"\",\"potentialAction\":[{\"@type\":\"SearchAction\",\"target\":\"https:\/\/www.mes-allocs.fr\/guides\/?s={search_term_string}\",\"query-input\":\"required name=search_term_string\"}],\"inLanguage\":\"fr-FR\"},{\"@type\":\"ImageObject\",\"@id\":\"https:\/\/www.mes-allocs.fr\/guides\/chomage\/chomage-partiel\/chomage-partiel-incendie\/#primaryimage\",\"inLanguage\":\"fr-FR\",\"url\":\"https:\/\/www.mes-allocs.fr\/guides\/wp-content\/uploads\/2021\/06\/incendie-.jpeg?wsr\",\"width\":1260,\"height\":658,\"caption\":\"ch\\u00f4mage technique cause incendie\"},{\"@type\":\"WebPage\",\"@id\":\"https:\/\/www.mes-allocs.fr\/guides\/chomage\/chomage-partiel\/chomage-partiel-incendie\/#webpage\",\"url\":\"https:\/\/www.mes-allocs.fr\/guides\/chomage\/chomage-partiel\/chomage-partiel-incendie\/\",\"name\":\"Le ch\\u00f4mage technique cause incendie | Mes-Allocs.fr\",\"isPartOf\":{\"@id\":\"https:\/\/www.mes-allocs.fr\/guides\/#website\"},\"primaryImageOfPage\":{\"@id\":\"https:\/\/www.mes-allocs.fr\/guides\/chomage\/chomage-partiel\/chomage-partiel-incendie\/#primaryimage\"},\"datePublished\":\"2021-06-18T15:20:13+00:00\",\"dateModified\":\"2025-10-22T14:39:28+00:00\",\"author\":{\"@id\":\"https:\/\/www.mes-allocs.fr\/guides\/#\/schema\/person\/0ecd61a8600573914d00d970a588c024\"},\"description\":\"Le ch\\u00f4mage technique est employ\\u00e9 en cas de circonstances exeptionnelles pour l'entreprise. Est-ce le cas pour un incendie ? On vous dit tout.\",\"inLanguage\":\"fr-FR\"},{\"@type\":\"Person\",\"@id\":\"https:\/\/www.mes-allocs.fr\/guides\/#\/schema\/person\/0ecd61a8600573914d00d970a588c024\",\"name\":\"Jonathan\",\"image\":{\"@type\":\"ImageObject\",\"@id\":\"https:\/\/www.mes-allocs.fr\/guides\/#personlogo\",\"inLanguage\":\"fr-FR\",\"url\":\"https:\/\/www.mes-allocs.fr\/guides\/wp-content\/uploads\/2021\/06\/jonathan-150x150.png\",\"caption\":\"Jonathan\"},\"description\":\"Jonathan est r\\u00e9dacteur au sein de l'\\u00e9quipe Mes Allocs, sp\\u00e9cialis\\u00e9 sur les sujets li\\u00e9s au handicap. Dipl\\u00f4m\\u00e9e de l'UPEM, il rejoint Mes Allocs apr\\u00e8s avoir travaill\\u00e9 \\u00e0 l'association AEDE qui accompagne les adultes en situation de handicap. Quand il n'\\u00e9crit pas, on peut le retrouver sur un terrain de basket.\",\"sameAs\":[\"https:\/\/www.linkedin.com\/in\/jonathan-bambela-8637861b7\"]}]}<\/script>\n<!-- \/ Yoast SEO plugin. -->","amp_validity":null,"acf":{"faq":{"1":{"question":"Quelle diff\u00e9rence entre le ch\u00f4mage partiel et technique ?","answer":"Entre les deux termes il n'y a aucune diff\u00e9rence. Au niveau de la loi, on parle d'activit\u00e9 partielle."},"2":{"question":"Mon salaire sera-t-il garantit \u00e0 100% au ch\u00f4mage partiel ?","answer":"En r\u00e8gle g\u00e9n\u00e9rale non. Il sera l\u00e9g\u00e8rement plus bas. Cependant pour certaines professions, ce salaire sera garantit a 100%. Pour le savoir, il faut se r\u00e9f\u00e9rer aux accords collectifs de votre entreprise."},"3":{"question":"Les chefs d'entreprise peuvent-ils \u00eatre au ch\u00f4mage partiel ?","answer":"Oui absolument si l'entreprise arr\u00eate totalement son activit\u00e9. Pour en b\u00e9n\u00e9ficier, il faut que cette sp\u00e9cificit\u00e9 soit \u00e9crite dans les accords de l'entreprise. "},"4":{"question":"De combien de temps dispose mon entreprise pour faire la demande de ch\u00f4mage partiel ? ","answer":"Les entreprises ont un d\u00e9lai de 30 jours\u00a0pour d\u00e9poser une demande de ch\u00f4mage partiel, avec effet r\u00e9troactif. En l\u2019absence de r\u00e9ponse dans les 15 jours, l\u2019autorisation est consid\u00e9r\u00e9e comme accord\u00e9e."},"5":{"question":"Comment est vers\u00e9 cette indemnit\u00e9 ?","answer":"L'indemnit\u00e9 li\u00e9e au ch\u00f4mage technique est vers\u00e9e tous les mois. Le versement s'effectue \u00e0 la m\u00eame date que votre salaire normal. "},"6":{"question":"","answer":""},"7":{"question":"","answer":""},"8":{"question":"","answer":""},"9":{"question":"","answer":""},"10":{"question":"","answer":""},"11":{"question":"","answer":""},"12":{"question":"","answer":""},"13":{"question":"","answer":""},"14":{"question":"","answer":""},"15":{"question":"","answer":""},"16":{"question":"","answer":""}}},"_links":{"self":[{"href":"https:\/\/www.mes-allocs.fr\/guides\/wp-json\/wp\/v2\/posts\/30451","targetHints":{"allow":["GET"]}}],"collection":[{"href":"https:\/\/www.mes-allocs.fr\/guides\/wp-json\/wp\/v2\/posts"}],"about":[{"href":"https:\/\/www.mes-allocs.fr\/guides\/wp-json\/wp\/v2\/types\/post"}],"author":[{"embeddable":true,"href":"https:\/\/www.mes-allocs.fr\/guides\/wp-json\/wp\/v2\/users\/6"}],"replies":[{"embeddable":true,"href":"https:\/\/www.mes-allocs.fr\/guides\/wp-json\/wp\/v2\/comments?post=30451"}],"version-history":[{"count":9,"href":"https:\/\/www.mes-allocs.fr\/guides\/wp-json\/wp\/v2\/posts\/30451\/revisions"}],"predecessor-version":[{"id":101997,"href":"https:\/\/www.mes-allocs.fr\/guides\/wp-json\/wp\/v2\/posts\/30451\/revisions\/101997"}],"wp:featuredmedia":[{"embeddable":true,"href":"https:\/\/www.mes-allocs.fr\/guides\/wp-json\/wp\/v2\/media\/30452"}],"wp:attachment":[{"href":"https:\/\/www.mes-allocs.fr\/guides\/wp-json\/wp\/v2\/media?parent=30451"}],"wp:term":[{"taxonomy":"category","embeddable":true,"href":"https:\/\/www.mes-allocs.fr\/guides\/wp-json\/wp\/v2\/categories?post=30451"},{"taxonomy":"post_tag","embeddable":true,"href":"https:\/\/www.mes-allocs.fr\/guides\/wp-json\/wp\/v2\/tags?post=30451"}],"curies":[{"name":"wp","href":"https:\/\/api.w.org\/{rel}","templated":true}]}}