{"id":30400,"date":"2021-06-16T16:51:23","date_gmt":"2021-06-16T14:51:23","guid":{"rendered":"https:\/\/www.mes-allocs.fr\/guides\/?p=30400"},"modified":"2025-07-11T10:59:51","modified_gmt":"2025-07-11T08:59:51","slug":"chomage-partiel-independants","status":"publish","type":"post","link":"https:\/\/www.mes-allocs.fr\/guides\/chomage\/chomage-partiel\/chomage-partiel-independants\/","title":{"rendered":"Le ch\u00f4mage technique des ind\u00e9pendants"},"content":{"rendered":"<p><img loading=\"lazy\" decoding=\"async\" class=\"aligncenter wp-image-30404 size-full\" src=\"https:\/\/www.mes-allocs.fr\/guides\/wp-content\/uploads\/2021\/06\/avocat-2-e1623841374633.jpeg\" alt=\"ch\u00f4mage technique des ind\u00e9pendants\" width=\"1000\" height=\"375\" srcset=\"https:\/\/www.mes-allocs.fr\/guides\/wp-content\/uploads\/2021\/06\/avocat-2-e1623841374633.jpeg 1000w, https:\/\/www.mes-allocs.fr\/guides\/wp-content\/uploads\/2021\/06\/avocat-2-e1623841374633-300x113.jpeg 300w, https:\/\/www.mes-allocs.fr\/guides\/wp-content\/uploads\/2021\/06\/avocat-2-e1623841374633-768x288.jpeg 768w, https:\/\/www.mes-allocs.fr\/guides\/wp-content\/uploads\/2021\/06\/avocat-2-e1623841374633-600x225.jpeg 600w\" sizes=\"auto, (max-width: 1000px) 100vw, 1000px\" \/><\/p>\n<p>Le <a href=\"https:\/\/www.mes-allocs.fr\/guides\/chomage\/chomage-technique\">ch\u00f4mage technique<\/a> est un dispositif pour aider les employ\u00e9s. Ce syst\u00e8me est control\u00e9 par le <a href=\"https:\/\/www.mes-allocs.fr\/guides\/chomage\">P\u00f4le Emploi<\/a> et d&rsquo;autres institutions. Nous allons voir dans cet article si les travailleurs ind\u00e9pendants, peuvent b\u00e9n\u00e9ficier de cette aide.<\/p>\n<div class='cta-block'><div class='text'>Simulez vos aides en 2 min.<\/div><a href='https:\/\/www.mes-allocs.fr\/ab-app?origin=guides\/wp-json\/wp\/v2\/posts\/30400' class='app-button fit'>Simulation gratuite<\/a><\/div>\n<h1 class=\"amp-wp-7d27179\" data-amp-original-style=\"text-align: justify;\"><span id=\"Quest-ce_que_le_chomage_technique\">Qu\u2019est-ce que le ch\u00f4mage technique ?<\/span><\/h1>\n<h2 class=\"amp-wp-7d27179\" data-amp-original-style=\"text-align: justify;\"><span id=\"Definition\">D\u00e9finition<\/span><\/h2>\n<p class=\"amp-wp-7d27179\" dir=\"ltr\" data-amp-original-style=\"text-align: justify;\">Le ch\u00f4mage technique est une situation peu habituelle. Elle intervient lorsque l\u2019entreprise subit une r\u00e9duction temporaire et partielle de son activit\u00e9 n\u00e9cessitante, pour sa main d\u2019\u0153uvre, une baisse du nombre d\u2019heures en dessous de l\u2019horaire l\u00e9gal de travail. Le ch\u00f4mage technique se pr\u00e9sente comme une alternative au licenciement \u00e9conomique.<\/p>\n<p class=\"amp-wp-7d27179\" dir=\"ltr\" data-amp-original-style=\"text-align: justify;\">Plut\u00f4t que d\u2019avoir recours au licenciement, l\u2019entreprise maintient alors ses salari\u00e9s \u00e0 leur poste et ceux-ci subissent une baisse d\u2019activit\u00e9 (baisse du temps de travail), pendant une dur\u00e9e limit\u00e9e. Cette pratique est encadr\u00e9e par le Code du Travail.<img loading=\"lazy\" decoding=\"async\" class=\"alignright wp-image-30421 \" src=\"https:\/\/www.mes-allocs.fr\/guides\/wp-content\/uploads\/2021\/06\/justice-3.jpg\" alt=\"ch\u00f4mage technique des ind\u00e9pendants\" width=\"273\" height=\"204\" srcset=\"https:\/\/www.mes-allocs.fr\/guides\/wp-content\/uploads\/2021\/06\/justice-3.jpg 960w, https:\/\/www.mes-allocs.fr\/guides\/wp-content\/uploads\/2021\/06\/justice-3-300x225.jpg 300w, https:\/\/www.mes-allocs.fr\/guides\/wp-content\/uploads\/2021\/06\/justice-3-768x575.jpg 768w, https:\/\/www.mes-allocs.fr\/guides\/wp-content\/uploads\/2021\/06\/justice-3-600x449.jpg 600w\" sizes=\"auto, (max-width: 273px) 100vw, 273px\" \/><\/p>\n<p class=\"amp-wp-7d27179\" dir=\"ltr\" data-amp-original-style=\"text-align: justify;\">Dans ces conditions, l\u2019entreprise r\u00e9duit l\u2019ensemble de ses charges de personnel tout en conservant son effectif. Il existe aussi une autre nomination. Ce dispositif est aussi appel\u00e9 ch\u00f4mage partiel. Les deux appellations concernent la m\u00eame situation, l\u2019activit\u00e9 partielle d\u2019un salari\u00e9 dans son entreprise.<\/p>\n<p dir=\"ltr\" data-amp-original-style=\"text-align: justify;\"><div class='cta-block'><div class='text'>Simulez toutes vos aides en 2 min.<\/div><a href='https:\/\/www.mes-allocs.fr\/ab-app?origin=guides\/wp-json\/wp\/v2\/posts\/30400' class='app-button fit'>Simulation gratuite<\/a><\/div><\/p>\n<h2 class=\"amp-wp-7d27179\" dir=\"ltr\" data-amp-original-style=\"text-align: justify;\"><span id=\"Qui_est_concerne\">Qui est concern\u00e9 ?<\/span><\/h2>\n<p class=\"amp-wp-7d27179\" data-amp-original-style=\"text-align: justify;\">Le ch\u00f4mage partiel est une mesure collective, elle s\u2019applique donc \u00e0 tous les salari\u00e9s d\u2019un \u00e9tablissement ou \u00e0 aucun d\u2019entre eux. Cette indication peut varier selon les accords collectifs des entreprises. Le type de contrat du salari\u00e9 n\u2019influe pas sur ce dispositif. Que vous soyez \u00e0 temps partiel, \u00e0 domicile, en CDD ou CDI est sans incidence sur cette r\u00e8gle.<\/p>\n<div class=\"fiche-item amp-wp-7d27179\" data-amp-original-style=\"text-align: justify;\">\n<div id=\"fiche-item-1situation1\" class=\"fiche-item-content collapse in\" aria-expanded=\"true\" aria-hidden=\"false\">\n<p class=\"fiche-title-1\">Cependant, ce dispositif ne s\u2019applique pas \u00e0 tous. Si vous \u00eates dans l\u2019une des situations suivantes, vous n\u2019\u00eates pas concern\u00e9 par le dispositif de ch\u00f4mage partiel :<\/p>\n<ul>\n<li>Titulaire d\u2019un contrat de travail de droit fran\u00e7ais qui travaille \u00e0 l\u2019\u00e9tranger,<\/li>\n<li>Salari\u00e9 expatri\u00e9 titulaire d\u2019un contrat de droit local,<\/li>\n<li>Salari\u00e9 dont la r\u00e9duction ou la suspension de l\u2019activit\u00e9 professionnelle est due \u00e0 une discorde collectif de travail (gr\u00e8ve, notamment).<\/li>\n<\/ul>\n<p>Au-del\u00e0 des petites et moyennes entreprises, les associations figurent aussi dans le champ des structures \u00e9ligibles \u00e0 l\u2019activit\u00e9 partielle. Comme les entreprises, elles doivent respecter les motifs de recours pr\u00e9vus par la r\u00e9glementation. Les ressources sp\u00e9cifiques dont peuvent b\u00e9n\u00e9ficier les associations nous am\u00e8ne \u00e0 rappeler le principe selon lequel le recours \u00e0 l\u2019activit\u00e9 partielle ne pourrait avoir comme effet de financer deux fois les charges de personnel (une premi\u00e8re fois par des subventions \u00a0ext\u00e9rieures et une seconde fois par l\u2019activit\u00e9 partielle).<\/p>\n<p>Les demandes d\u00e9pos\u00e9es par les associations b\u00e9n\u00e9ficiant de subventions doivent donc respecter cette obligation. Des contr\u00f4les seront r\u00e9alis\u00e9s suite \u00e0 cette demande et en cas de constat d\u2019un financement en doublon, les indemnisations seront ajust\u00e9es \u00e0 la baisse.<\/p>\n<\/div>\n<\/div>\n<p class=\"amp-wp-7d27179\" dir=\"ltr\" data-amp-original-style=\"text-align: justify;\">Cependant le ch\u00f4mage technique est une situation possible qu\u2019en cas de force majeur. Votre employeur ne peut vous mettre au ch\u00f4mage technique simplement pour r\u00e9duire ses co\u00fbts.<\/p>\n<p><iframe loading=\"lazy\" title=\"Le ch\u00f4mage partiel\" width=\"500\" height=\"281\" src=\"https:\/\/www.youtube.com\/embed\/lNULAAGKO1s?feature=oembed\" frameborder=\"0\" allow=\"accelerometer; autoplay; clipboard-write; encrypted-media; gyroscope; picture-in-picture; web-share\" referrerpolicy=\"strict-origin-when-cross-origin\" allowfullscreen><\/iframe><\/p>\n<h2 dir=\"ltr\" data-amp-original-style=\"text-align: justify;\">Le cas des travailleurs ind\u00e9pendants<\/h2>\n<p>En tant que travailleur ind\u00e9pendant, vous pouvez b\u00e9n\u00e9ficier du ch\u00f4mage partiel. Il vous suffira simplement de faire les m\u00eames d\u00e9marches qu&rsquo;en tant que chef d&rsquo;entreprise. Au-del\u00e0 de ce param\u00e8tre, un autre est particuli\u00e8rement int\u00e9ressant \u00e0 connaitre. Il concerne l&rsquo;exon\u00e9ration des cotisations sociales.<\/p>\n<p>Si vous exercez votre activit\u00e9 principale dans un des secteurs fortement impact\u00e9s par la crise sanitaire, les travailleurs ind\u00e9pendants b\u00e9n\u00e9ficient d\u2019une r\u00e9duction des cotisations et des contributions de S\u00e9curit\u00e9 sociale. Le montant de cette r\u00e9duction est d\u00e9fini par un d\u00e9cret. Dans le d\u00e9tail, la r\u00e9duction est de :<\/p>\n<ul>\n<li>2 400 \u20ac pour les travailleurs ind\u00e9pendants dont l&rsquo;activit\u00e9 principale rel\u00e8ve des secteurs mentionn\u00e9s dans ce d\u00e9cret<\/li>\n<li>1 800 \u20ac pour les travailleurs ind\u00e9pendants dont l&rsquo;activit\u00e9 principale rel\u00e8ve des secteurs, autres que ceux mentionn\u00e9s dans ces annexes, qui impliquent l&rsquo;accueil du public et dont l\u2019activit\u00e9 a \u00e9t\u00e9 interrompues du fait de la propagation de l&rsquo;\u00e9pid\u00e9mie de covid-19<\/li>\n<\/ul>\n<p>La loi de financement de s\u00e9curit\u00e9 sociale pour l&rsquo;ann\u00e9e 2021 a mis en place une\u00a0nouvelle r\u00e9duction de cotisation, pour la seconde p\u00e9riode d&rsquo;\u00e9tat d&rsquo;urgence sanitaire (automne 2020). Elle vient en compl\u00e9ment de la r\u00e9duction de cotisation mis en place dans le cadre de la premi\u00e8re p\u00e9riode d&rsquo;\u00e9tat d&rsquo;urgence sanitaire. Les employeurs r\u00e9pondant aux\u00a0conditions d&rsquo;\u00e9ligibilit\u00e9\u00a0peuvent b\u00e9n\u00e9ficier d&rsquo;un\u00a0montant de r\u00e9duction de cotisation\u00a0de\u00a0600 \u20ac\u00a0par mois d\u2019\u00e9ligibilit\u00e9.<\/p>\n<div class='cta-block'><div class='text'>Simulez toutes vos aides en 2 min.<\/div><a href='https:\/\/www.mes-allocs.fr\/ab-app?origin=guides\/wp-json\/wp\/v2\/posts\/30400' class='app-button fit'>Simulation gratuite<\/a><\/div>\n<h1 class=\"amp-wp-7d27179\" dir=\"ltr\" data-amp-original-style=\"text-align: justify;\"><span id=\"Quelles_conditions_pour_lentreprise\">La mise au ch\u00f4mage technique par l\u2019entreprise\u00a0<\/span><\/h1>\n<p class=\"amp-wp-7d27179\" dir=\"ltr\" data-amp-original-style=\"text-align: justify;\">Les entreprises ont un d\u00e9lai de 30 jours\u00a0pour d\u00e9poser une demande de ch\u00f4mage partiel, avec effet r\u00e9troactif.\u00a0Pour que votre entreprise puisse mettre en place le ch\u00f4mage technique, l\u2019entreprise doit subir une perte partielle d\u2019activit\u00e9 due \u00e0 une situation conjoncturelle :<\/p>\n<ul class=\"amp-wp-7d27179\" dir=\"ltr\" data-amp-original-style=\"text-align: justify;\">\n<li>Modernisation ou restructuration de l\u2019entreprise<\/li>\n<li>Force majeure, \u00e9v\u00e9nement sp\u00e9cifique (incendie, perte accidentelle des outils de production\u2026)<\/li>\n<li>Une baisse conjoncturelle et importante des commandes, perte d\u2019un client cons\u00e9quent<\/li>\n<li>Perte d\u2019un fournisseur, difficult\u00e9s temporaires d\u2019approvisionnement<\/li>\n<li>Toute autre circonstance exceptionnel (<span class=\"___SText_90cy7_gg_\" data-ui-name=\"Tag.Text\">intemp\u00e9ries de caract\u00e8re exceptionnel,\u00a0<\/span>catastrophe climatique, pand\u00e9mie \u2026)<\/li>\n<\/ul>\n<p class=\"amp-wp-7d27179\" data-amp-original-style=\"text-align: justify;\">Au-del\u00e0 de ces situations o\u00f9 le ch\u00f4mage technique peut intervenir, votre employer se doit de vous donner des garanties quant \u00e0 votre poste.<\/p>\n<p data-amp-original-style=\"text-align: justify;\"><div class='cta-block'><div class='text'>Simulez toutes vos aides en 2 min.<\/div><a href='https:\/\/www.mes-allocs.fr\/ab-app?origin=guides\/wp-json\/wp\/v2\/posts\/30400' class='app-button fit'>Simulation gratuite<\/a><\/div><\/p>\n<h2 class=\"amp-wp-7d27179\" data-amp-original-style=\"text-align: justify;\"><span id=\"Les_garanties_de_lemployeur\">Les garanties de l\u2019employeur<\/span><\/h2>\n<p class=\"amp-wp-7d27179\" data-amp-original-style=\"text-align: justify;\">Lorsque vous \u00eates plac\u00e9 en ch\u00f4mage partiel, votre employeur vous donne des garanties concernant votre poste et votre emploi. Elles peuvent concerner :<\/p>\n<ul class=\"amp-wp-7d27179 amp-wp-7d27179\" data-amp-original-style=\"text-align: justify;\">\n<li class=\"amp-wp-fe3f5cc\" data-amp-original-style=\"font-weight: 400;\"><span class=\"amp-wp-fe3f5cc\" data-amp-original-style=\"font-weight: 400;\">Votre maintien dans l\u2019emploi pendant une dur\u00e9e pouvant atteindre le double de la p\u00e9riode d\u2019autorisation de ch\u00f4mage partielle accord\u00e9e par le pr\u00e9fet ;<\/span><\/li>\n<li class=\"amp-wp-fe3f5cc\" data-amp-original-style=\"font-weight: 400;\"><span class=\"amp-wp-fe3f5cc\" data-amp-original-style=\"font-weight: 400;\">Des actions de formation pour les salari\u00e9s plac\u00e9s en activit\u00e9 partielle ;<\/span><\/li>\n<li class=\"amp-wp-fe3f5cc\" data-amp-original-style=\"font-weight: 400;\"><span class=\"amp-wp-fe3f5cc\" data-amp-original-style=\"font-weight: 400;\">Des actions en mati\u00e8re de Gestion Pr\u00e9visionnelle des Emplois et des Comp\u00e9tences (GPEC);<\/span><\/li>\n<li class=\"amp-wp-fe3f5cc\" data-amp-original-style=\"font-weight: 400;\"><span class=\"amp-wp-fe3f5cc\" data-amp-original-style=\"font-weight: 400;\">Les actions visant \u00e0 r\u00e9tablir la situation \u00e9conomique de l\u2019entreprise.<\/span><\/li>\n<\/ul>\n<p class=\"amp-wp-7d27179\" data-amp-original-style=\"text-align: justify;\">De fait, vous n\u2019\u00eates pas laiss\u00e9s \u00e0 l\u2019abandon pendant le ch\u00f4mage partiel et apr\u00e8s cette p\u00e9riode.<\/p>\n<h2 class=\"amp-wp-7d27179\" data-amp-original-style=\"text-align: justify;\"><span id=\"Quel_impact_sur_les_droits_des_employes\">Quel impact sur les droits des employ\u00e9s ?<\/span><\/h2>\n<p class=\"amp-wp-7d27179\" dir=\"ltr\" data-amp-original-style=\"text-align: justify;\">Pour les cong\u00e9s pay\u00e9s, les heures de ch\u00f4mage partiel ne sont pas consid\u00e9r\u00e9es comme des heures de travail effectif. Elles ne sont donc pas prises en compte pour calculer les cong\u00e9s pay\u00e9s. Vous risquez donc de voir votre p\u00e9riode de cong\u00e9s pay\u00e9es \u00eatre r\u00e9duite.<\/p>\n<p class=\"amp-wp-7d27179\" dir=\"ltr\" data-amp-original-style=\"text-align: justify;\">Les salari\u00e9s en cong\u00e9s maternit\u00e9, maladie ou en arr\u00eat de travail pour accident du travail per\u00e7oivent leurs <span class=\"___SText_90cy7_gg_\" data-ui-name=\"Tag.Text\">revenu de remplacement<\/span>\u00a0issues de la S\u00e9curit\u00e9 Sociale, dans les conditions habituelles. Cependant, ils ne per\u00e7oivent pas d\u2019indemnit\u00e9 compl\u00e9mentaire de l\u2019employeur du fait de la baisse partielle d\u2019activit\u00e9. Cette donn\u00e9e est pr\u00e9sente par souci d\u2019\u00e9quit\u00e9. En effet, les salari\u00e9s plac\u00e9s au ch\u00f4mage technique et b\u00e9n\u00e9ficiant d\u2019autres indemnit\u00e9s ne peuvent pas percevoir une r\u00e9mun\u00e9ration sup\u00e9rieure \u00e0 celle touch\u00e9e par les salari\u00e9s effectivement mis au ch\u00f4mage technique.<img loading=\"lazy\" decoding=\"async\" class=\"alignright wp-image-30422 \" src=\"https:\/\/www.mes-allocs.fr\/guides\/wp-content\/uploads\/2021\/06\/berceau-2-1.jpeg\" alt=\"ch\u00f4mage technique des ind\u00e9pendants\" width=\"325\" height=\"217\" srcset=\"https:\/\/www.mes-allocs.fr\/guides\/wp-content\/uploads\/2021\/06\/berceau-2-1.jpeg 1125w, https:\/\/www.mes-allocs.fr\/guides\/wp-content\/uploads\/2021\/06\/berceau-2-1-300x200.jpeg 300w, https:\/\/www.mes-allocs.fr\/guides\/wp-content\/uploads\/2021\/06\/berceau-2-1-1024x683.jpeg 1024w, https:\/\/www.mes-allocs.fr\/guides\/wp-content\/uploads\/2021\/06\/berceau-2-1-768x512.jpeg 768w, https:\/\/www.mes-allocs.fr\/guides\/wp-content\/uploads\/2021\/06\/berceau-2-1-600x400.jpeg 600w\" sizes=\"auto, (max-width: 325px) 100vw, 325px\" \/><\/p>\n<p class=\"amp-wp-7d27179\" dir=\"ltr\" data-amp-original-style=\"text-align: justify;\">L\u2019autorit\u00e9 administrative s\u2019assure du respect des engagements qui sont souscrits par votre employeur. En cas de non-respect, sans motif l\u00e9gitime, ce dernier peut \u00eatre amen\u00e9 \u00e0 rembourser les sommes per\u00e7ues au titre de l\u2019allocation d\u2019activit\u00e9 partielle. Sauf si ce remboursement est incompatible avec la situation \u00e9conomique et financi\u00e8re de l\u2019entreprise (risque de faillite, par exemple).<\/p>\n<h2 class=\"amp-wp-7d27179\" data-amp-original-style=\"text-align: justify;\"><span id=\"Le_calcul_de_lindemnite\">La question de la r\u00e9mun\u00e9ration<\/span><\/h2>\n<p class=\"amp-wp-7d27179\" data-amp-original-style=\"text-align: justify;\"><span class=\"amp-wp-fe3f5cc\" data-amp-original-style=\"font-weight: 400;\">Si la mise en activit\u00e9 partielle est de vigueur dans votre entreprise, il n\u2019y pas de r\u00e9elle r\u00e9mun\u00e9ration comme pourrait l\u2019\u00eatre un salaire. Par contre, en tant que salari\u00e9 en activit\u00e9 partielle, vous recevez une\u00a0<\/span>indemnit\u00e9 horaire\u00a0<span class=\"amp-wp-fe3f5cc\" data-amp-original-style=\"font-weight: 400;\">vers\u00e9e par votre employeur \u00e0 l\u2019\u00e9ch\u00e9ance habituelle de votre bulletin de paie.<\/span><\/p>\n<p class=\"amp-wp-7d27179\" data-amp-original-style=\"text-align: justify;\">Le nombre d\u2019heures \u00e9ligibles au dispositif de ch\u00f4mage partiel correspond \u00e0 la diff\u00e9rence entre la dur\u00e9e l\u00e9gale de travail (ou la dur\u00e9e stipul\u00e9e dans votre contrat de travail ou sur votre convention collective si elle d\u00e9roge \u00e0 la r\u00e8gle l\u00e9gale des 35 heures) et le nombre d\u2019heures travaill\u00e9es sur la p\u00e9riode de ch\u00f4mage partiel. Voici la formule :<\/p>\n<p class=\"amp-wp-cdd8ca0\" style=\"text-align: center;\" data-amp-original-style=\"text-align: center;\"><strong>Heures d\u00e9clar\u00e9es en ch\u00f4mage partiel\u00a0: dur\u00e9e l\u00e9gale du travail \u2013 heures travaill\u00e9es pendant la p\u00e9riode de ch\u00f4mage partiel.<\/strong><\/p>\n<p dir=\"ltr\" data-amp-original-style=\"text-align: justify;\"><div class='cta-block'><div class='text'>Simulez toutes vos aides en 2 min.<\/div><a href='https:\/\/www.mes-allocs.fr\/ab-app?origin=guides\/wp-json\/wp\/v2\/posts\/30400' class='app-button fit'>Simulation gratuite<\/a><\/div><\/p>\n","protected":false},"excerpt":{"rendered":"<p>Le ch\u00f4mage technique est un dispositif pour aider les employ\u00e9s. Ce syst\u00e8me est control\u00e9 par le P\u00f4le Emploi et d&rsquo;autres institutions. Nous allons voir dans cet article si les travailleurs ind\u00e9pendants, peuvent b\u00e9n\u00e9ficier de cette aide. Qu\u2019est-ce que le ch\u00f4mage technique ? D\u00e9finition Le ch\u00f4mage technique est une situation peu habituelle. Elle intervient lorsque l\u2019entreprise [&hellip;]<\/p>\n","protected":false},"author":6,"featured_media":30404,"comment_status":"open","ping_status":"open","sticky":false,"template":"","format":"standard","meta":{"amp_status":"","footnotes":""},"categories":[45628,2989],"tags":[],"class_list":["post-30400","post","type-post","status-publish","format-standard","has-post-thumbnail","hentry","category-chomage-partiel","category-chomage"],"yoast_head":"<!-- This site is optimized with the Yoast SEO plugin v14.9 - https:\/\/yoast.com\/wordpress\/plugins\/seo\/ -->\n<title>Le ch\u00f4mage technique des ind\u00e9pendants | Mes-Allocs.fr<\/title>\n<meta name=\"description\" content=\"Pour les travailleurs ind\u00e9pendants, la question du ch\u00f4mage technique est assez importante. On vous explique les diff\u00e9rents param\u00e8tres.\" \/>\n<meta name=\"robots\" content=\"index, follow, max-snippet:-1, max-image-preview:large, max-video-preview:-1\" \/>\n<link rel=\"canonical\" href=\"https:\/\/www.mes-allocs.fr\/guides\/chomage\/chomage-partiel\/chomage-partiel-independants\/\" \/>\n<meta property=\"og:locale\" content=\"fr_FR\" \/>\n<meta property=\"og:type\" content=\"article\" \/>\n<meta property=\"og:title\" content=\"Le ch\u00f4mage technique des ind\u00e9pendants | Mes-Allocs.fr\" \/>\n<meta property=\"og:description\" content=\"Pour les travailleurs ind\u00e9pendants, la question du ch\u00f4mage technique est assez importante. On vous explique les diff\u00e9rents param\u00e8tres.\" \/>\n<meta property=\"og:url\" content=\"https:\/\/www.mes-allocs.fr\/guides\/chomage\/chomage-partiel\/chomage-partiel-independants\/\" \/>\n<meta property=\"og:site_name\" content=\"Mes-Allocs.fr\" \/>\n<meta property=\"article:published_time\" content=\"2021-06-16T14:51:23+00:00\" \/>\n<meta property=\"article:modified_time\" content=\"2025-07-11T08:59:51+00:00\" \/>\n<meta property=\"og:image\" content=\"https:\/\/www.mes-allocs.fr\/guides\/wp-content\/uploads\/2021\/06\/avocat-2-e1623841374633.jpeg?wsr\" \/>\n\t<meta property=\"og:image:width\" content=\"1000\" \/>\n\t<meta property=\"og:image:height\" content=\"375\" \/>\n<meta name=\"twitter:card\" content=\"summary_large_image\" \/>\n<script type=\"application\/ld+json\" class=\"yoast-schema-graph\">{\"@context\":\"https:\/\/schema.org\",\"@graph\":[{\"@type\":\"WebSite\",\"@id\":\"https:\/\/www.mes-allocs.fr\/guides\/#website\",\"url\":\"https:\/\/www.mes-allocs.fr\/guides\/\",\"name\":\"Mes-Allocs.fr\",\"description\":\"\",\"potentialAction\":[{\"@type\":\"SearchAction\",\"target\":\"https:\/\/www.mes-allocs.fr\/guides\/?s={search_term_string}\",\"query-input\":\"required name=search_term_string\"}],\"inLanguage\":\"fr-FR\"},{\"@type\":\"ImageObject\",\"@id\":\"https:\/\/www.mes-allocs.fr\/guides\/chomage\/chomage-partiel\/chomage-partiel-independants\/#primaryimage\",\"inLanguage\":\"fr-FR\",\"url\":\"https:\/\/www.mes-allocs.fr\/guides\/wp-content\/uploads\/2021\/06\/avocat-2-e1623841374633.jpeg?wsr\",\"width\":1000,\"height\":375,\"caption\":\"ch\\u00f4mage technique des ind\\u00e9pendants\"},{\"@type\":\"WebPage\",\"@id\":\"https:\/\/www.mes-allocs.fr\/guides\/chomage\/chomage-partiel\/chomage-partiel-independants\/#webpage\",\"url\":\"https:\/\/www.mes-allocs.fr\/guides\/chomage\/chomage-partiel\/chomage-partiel-independants\/\",\"name\":\"Le ch\\u00f4mage technique des ind\\u00e9pendants | Mes-Allocs.fr\",\"isPartOf\":{\"@id\":\"https:\/\/www.mes-allocs.fr\/guides\/#website\"},\"primaryImageOfPage\":{\"@id\":\"https:\/\/www.mes-allocs.fr\/guides\/chomage\/chomage-partiel\/chomage-partiel-independants\/#primaryimage\"},\"datePublished\":\"2021-06-16T14:51:23+00:00\",\"dateModified\":\"2025-07-11T08:59:51+00:00\",\"author\":{\"@id\":\"https:\/\/www.mes-allocs.fr\/guides\/#\/schema\/person\/0ecd61a8600573914d00d970a588c024\"},\"description\":\"Pour les travailleurs ind\\u00e9pendants, la question du ch\\u00f4mage technique est assez importante. On vous explique les diff\\u00e9rents param\\u00e8tres.\",\"inLanguage\":\"fr-FR\"},{\"@type\":\"Person\",\"@id\":\"https:\/\/www.mes-allocs.fr\/guides\/#\/schema\/person\/0ecd61a8600573914d00d970a588c024\",\"name\":\"Jonathan\",\"image\":{\"@type\":\"ImageObject\",\"@id\":\"https:\/\/www.mes-allocs.fr\/guides\/#personlogo\",\"inLanguage\":\"fr-FR\",\"url\":\"https:\/\/www.mes-allocs.fr\/guides\/wp-content\/uploads\/2021\/06\/jonathan-150x150.png\",\"caption\":\"Jonathan\"},\"description\":\"Jonathan est r\\u00e9dacteur au sein de l'\\u00e9quipe Mes Allocs, sp\\u00e9cialis\\u00e9 sur les sujets li\\u00e9s au handicap. Dipl\\u00f4m\\u00e9e de l'UPEM, il rejoint Mes Allocs apr\\u00e8s avoir travaill\\u00e9 \\u00e0 l'association AEDE qui accompagne les adultes en situation de handicap. Quand il n'\\u00e9crit pas, on peut le retrouver sur un terrain de basket.\",\"sameAs\":[\"https:\/\/www.linkedin.com\/in\/jonathan-bambela-8637861b7\"]}]}<\/script>\n<!-- \/ Yoast SEO plugin. -->","amp_validity":null,"acf":{"faq":{"1":{"question":"Le ch\u00f4mage technique d\u00e9pend-t-il de notre statut ?","answer":"Non absolument pas, peu importe votre statut dans l'entreprise vous pouvez b\u00e9n\u00e9ficier du ch\u00f4mage partiel.   "},"2":{"question":"Mes cong\u00e9s pay\u00e9s sont-ils impact\u00e9 par cette mesure ?","answer":"Oui, la dur\u00e9e de vos cong\u00e9s pay\u00e9s risque de varier en fonction de la dur\u00e9e du ch\u00f4mage partiel."},"3":{"question":"Comment est vers\u00e9 cette indemnit\u00e9 ?","answer":"L'indemnit\u00e9 li\u00e9e au ch\u00f4mage technique est vers\u00e9e \u00e0 la m\u00eame date que votre salaire habituel."},"4":{"question":"Quelles aides faut-il enlever dans le calcul de l'indemnit\u00e9 ?","answer":"Pour le calcul de l'indemnit\u00e9 \u00e0 partir du salaire net, il vous faudra enlever les indemnit\u00e9s de transport et l'indemnit\u00e9 de repas."},"5":{"question":"Dans quel cas nous ne pouvons pas percevoir les indemnit\u00e9s de ch\u00f4mage partiel ?","answer":"Les personnes titulaire d\u2019un contrat de travail de droit fran\u00e7ais qui travaille \u00e0 l\u2019\u00e9tranger, les salari\u00e9s expatri\u00e9s titulaire d\u2019un contrat de droit local ou encore les salari\u00e9s dont la r\u00e9duction ou la suspension de l\u2019activit\u00e9 professionnelle est due \u00e0 un discorde collectif de travail ne peuvent b\u00e9n\u00e9ficier de l'indemnit\u00e9."},"6":{"question":"","answer":""},"7":{"question":"","answer":""},"8":{"question":"","answer":""},"9":{"question":"","answer":""},"10":{"question":"","answer":""},"11":{"question":"","answer":""},"12":{"question":"","answer":""},"13":{"question":"","answer":""},"14":{"question":"","answer":""},"15":{"question":"","answer":""},"16":{"question":"","answer":""}}},"_links":{"self":[{"href":"https:\/\/www.mes-allocs.fr\/guides\/wp-json\/wp\/v2\/posts\/30400","targetHints":{"allow":["GET"]}}],"collection":[{"href":"https:\/\/www.mes-allocs.fr\/guides\/wp-json\/wp\/v2\/posts"}],"about":[{"href":"https:\/\/www.mes-allocs.fr\/guides\/wp-json\/wp\/v2\/types\/post"}],"author":[{"embeddable":true,"href":"https:\/\/www.mes-allocs.fr\/guides\/wp-json\/wp\/v2\/users\/6"}],"replies":[{"embeddable":true,"href":"https:\/\/www.mes-allocs.fr\/guides\/wp-json\/wp\/v2\/comments?post=30400"}],"version-history":[{"count":11,"href":"https:\/\/www.mes-allocs.fr\/guides\/wp-json\/wp\/v2\/posts\/30400\/revisions"}],"predecessor-version":[{"id":101982,"href":"https:\/\/www.mes-allocs.fr\/guides\/wp-json\/wp\/v2\/posts\/30400\/revisions\/101982"}],"wp:featuredmedia":[{"embeddable":true,"href":"https:\/\/www.mes-allocs.fr\/guides\/wp-json\/wp\/v2\/media\/30404"}],"wp:attachment":[{"href":"https:\/\/www.mes-allocs.fr\/guides\/wp-json\/wp\/v2\/media?parent=30400"}],"wp:term":[{"taxonomy":"category","embeddable":true,"href":"https:\/\/www.mes-allocs.fr\/guides\/wp-json\/wp\/v2\/categories?post=30400"},{"taxonomy":"post_tag","embeddable":true,"href":"https:\/\/www.mes-allocs.fr\/guides\/wp-json\/wp\/v2\/tags?post=30400"}],"curies":[{"name":"wp","href":"https:\/\/api.w.org\/{rel}","templated":true}]}}