{"id":30378,"date":"2021-06-18T16:51:55","date_gmt":"2021-06-18T14:51:55","guid":{"rendered":"https:\/\/www.mes-allocs.fr\/guides\/?p=30378"},"modified":"2025-07-09T14:46:55","modified_gmt":"2025-07-09T12:46:55","slug":"demande-prime-a-la-conversion","status":"publish","type":"post","link":"https:\/\/www.mes-allocs.fr\/guides\/prime-a-la-conversion\/prime-a-la-conversion-dossier\/demande-prime-a-la-conversion\/","title":{"rendered":"Comment faire une demande de prime \u00e0 la conversion en 2025 ?"},"content":{"rendered":"<p><img loading=\"lazy\" decoding=\"async\" class=\"aligncenter wp-image-30446 \" src=\"https:\/\/www.mes-allocs.fr\/guides\/wp-content\/uploads\/2021\/06\/carsharing-4382651_1280-e1623910724332.jpg\" alt=\"Comment faire une demande prime \u00e0 la conversion ?\" width=\"1384\" height=\"425\" srcset=\"https:\/\/www.mes-allocs.fr\/guides\/wp-content\/uploads\/2021\/06\/carsharing-4382651_1280-e1623910724332.jpg 1280w, https:\/\/www.mes-allocs.fr\/guides\/wp-content\/uploads\/2021\/06\/carsharing-4382651_1280-e1623910724332-300x92.jpg 300w, https:\/\/www.mes-allocs.fr\/guides\/wp-content\/uploads\/2021\/06\/carsharing-4382651_1280-e1623910724332-1024x314.jpg 1024w, https:\/\/www.mes-allocs.fr\/guides\/wp-content\/uploads\/2021\/06\/carsharing-4382651_1280-e1623910724332-768x236.jpg 768w, https:\/\/www.mes-allocs.fr\/guides\/wp-content\/uploads\/2021\/06\/carsharing-4382651_1280-e1623910724332-600x184.jpg 600w\" sizes=\"auto, (max-width: 1384px) 100vw, 1384px\" \/><\/p>\n<p><strong>La <a href=\"https:\/\/www.mes-allocs.fr\/guides\/prime-a-la-conversion\/\">prime \u00e0 la conversion<\/a> peut \u00eatre accord\u00e9e pour la location ou l&rsquo;achat d&rsquo;un v\u00e9hicule peu polluant. Si cette prime ne vous est pas propos\u00e9e, vous devrez faire cette demande d&rsquo;aide de votre c\u00f4t\u00e9. Notez que vous pouvez \u00e9galement cumuler le montant du bonus \u00e9cologique et la prime \u00e0 la conversion. Dans tous les cas, vous devez constituer un dossier de demande d&rsquo;aide. Mes Allocs vous explique en d\u00e9tail comment faire votre demande de prime \u00e0 la conversion.<\/strong><\/p>\n<div class='cta-block'><div class='text'>Simulez toutes vos aides en 2 min.<\/div><a href='https:\/\/www.mes-allocs.fr\/ab-app?origin=guides\/wp-json\/wp\/v2\/posts\/30378' class='app-button fit'>Simulation gratuite<\/a><\/div>\n<p class=\"p1\"><div class='shortcode disclaimer'><div class='title'>Attention<\/div><div class='content'>La prime \u00e0 la conversion n\u2019est plus disponible depuis d\u00e9cembre 2024. Apr\u00e8s cette date, il n\u2019est plus possible d\u2019en b\u00e9n\u00e9ficier, que ce soit pour les particuliers ou les professionnels. <\/div><\/div><\/p>\n<h1>Comment r\u00e9aliser votre demande de prime \u00e0 la conversion ?<\/h1>\n<p>La prime \u00e0 la conversion est une aide financi\u00e8re offerte par l&rsquo;\u00c9tat pour encourager l&rsquo;achat de v\u00e9hicules moins polluants en remplacement de v\u00e9hicules anciens et polluants. Si vous envisagez de b\u00e9n\u00e9ficier de cette prime, voici les \u00e9tapes \u00e0 suivre pour constituer votre <a href=\"https:\/\/www.mes-allocs.fr\/guides\/prime-a-la-conversion\/prime-a-la-conversion-dossier\/\">dossier de demande d&rsquo;aide<\/a>.<\/p>\n<h2>Les diff\u00e9rentes \u00e9tapes \u00e0 suivre pour la demande de la prime \u00e0 la conversion<\/h2>\n<h3><strong>\u00c9tape 1 : V\u00e9rifiez votre \u00e9ligibilit\u00e9<\/strong><\/h3>\n<p>Avant de commencer votre demande, assurez-vous que vous remplissez les conditions d&rsquo;\u00e9ligibilit\u00e9 pour b\u00e9n\u00e9ficier de la prime \u00e0 la conversion. Ces conditions peuvent varier d&rsquo;une ann\u00e9e \u00e0 l&rsquo;autre et en fonction du type de v\u00e9hicule que vous achetez. Les principales conditions incluent g\u00e9n\u00e9ralement :<\/p>\n<ul>\n<li>\u00catre majeur et domicili\u00e9 en France.<\/li>\n<li>Mettre au rebut un v\u00e9hicule ancien en le faisant d\u00e9truire.<\/li>\n<li>Acheter ou louer un v\u00e9hicule peu polluant.<\/li>\n<\/ul>\n<h3><strong>\u00c9tape 2 : Pr\u00e9parez vos documents<\/strong><\/h3>\n<p>Avant de soumettre votre demande, assurez-vous d&rsquo;avoir tous les <a href=\"https:\/\/www.mes-allocs.fr\/guides\/prime-a-la-conversion\/prime-a-la-conversion-dossier\/prime-a-la-conversion-documents-a-fournir\/\">documents n\u00e9cessaires<\/a> \u00e0 port\u00e9e de main. Ces documents peuvent inclure :<\/p>\n<ul>\n<li>Une copie de la carte grise du v\u00e9hicule que vous remplacez.<\/li>\n<li>Une copie du certificat de cession.<\/li>\n<li>Le devis ou la facture d&rsquo;achat du nouveau v\u00e9hicule.<\/li>\n<li>Une copie de la carte grise du vieux v\u00e9hicule remis pour destruction.<\/li>\n<li>Le certificat de destruction du vieux v\u00e9hicule.<\/li>\n<li>Un relev\u00e9 d&rsquo;identit\u00e9 bancaire (RIB) pour le versement<\/li>\n<\/ul>\n<p>Pour b\u00e9n\u00e9ficier de la prime vous devez vous rendre sur le site internet https:\/\/www.primealaconversion.gouv.fr\/. Ce t\u00e9l\u00e9service vous indique <a href=\"https:\/\/www.mes-allocs.fr\/guides\/prime-a-la-conversion\/prime-a-la-conversion-dossier\/ou-envoyer-dossier-prime-a-la-conversion\/\">o\u00f9 transmettre votre demande<\/a> : en ligne directement ou par envoi postal.<\/p>\n<p>En cas de besoin, un expert de l&rsquo;\u00e9quipe Mes Allocs peut vous accompagner dans ces d\u00e9marches pour vous faire gagner du temps et de l&rsquo;argent.<\/p>\n<div class='cta-block'><div class='text'>Simulez toutes vos aides en 2 min.<\/div><a href='https:\/\/www.mes-allocs.fr\/ab-app?origin=guides\/wp-json\/wp\/v2\/posts\/30378' class='app-button fit'>Simulation gratuite<\/a><\/div>\n<h2>Qui peut pr\u00e9tendre \u00e0 la prime \u00e0 la conversion ?<\/h2>\n<p>Pour b\u00e9n\u00e9ficier du montant de la prime \u00e0 la conversion vous devez respecter certaines conditions, \u00e0 savoir :<\/p>\n<ul>\n<li>Vous devez \u00eatre <strong>majeur<\/strong><\/li>\n<li>Vous devez \u00eatre <strong>domicili\u00e9 en France<\/strong><\/li>\n<li>Vous devez mettre en destruction un <strong>v\u00e9hicule ancien<\/strong><\/li>\n<li>Vous devez acheter un <strong>v\u00e9hicule peu polluant<\/strong><\/li>\n<li>Vous devez avoir un <strong>revenu fiscal de r\u00e9f\u00e9rence par part inf\u00e9rieur ou \u00e9gal \u00e0 <\/strong><b>24 900 \u20ac<\/b> (avis d&rsquo;imp\u00f4t 2024 sur les revenus 2023)<\/li>\n<li>Toutefois, dans le cas ou le v\u00e9hicule achet\u00e9 est \u00e9lectrique ou hybride rechargeable, <strong>la prime reste valable<\/strong> m\u00eame en cas de d\u00e9passement de ce seuil).<\/li>\n<\/ul>\n<p>Le d\u00e9cret 2020 relatif aux aides modifie les conditions d&rsquo;attribution et les montants des <b>aides<\/b> \u00e0 l&rsquo;acquisition ou \u00e0 la location de v\u00e9hicules peu polluants. Ainsi, le montant de la <b>prime \u00e0 la conversion<\/b>\u00a0est augment\u00e9 jusqu&rsquo;\u00e0 3 000 \u20ac pour un v\u00e9hicule thermique et jusqu&rsquo;\u00e0 5000 \u20ac pour un v\u00e9hicule \u00e9lectrique ou hybride rechargeable.<\/p>\n<h1><span id=\"Comment_estimer_ses_droits_a_la_prime_a_la_conversion\">Estimez vos droits \u00e0 la prime \u00e0 la conversion en 2025<\/span><\/h1>\n<p>Le plus simple est d&rsquo;utiliser le simulateur d&rsquo;aides sociales Mes Allocs.\u00a0Vous devez communiquer plusieurs informations, mais en deux minutes vous aurez une r\u00e9ponse fiable de vos droits !<\/p>\n<h2>Quel est le montant de la prime \u00e0 la conversion pour l&rsquo;ann\u00e9e 2025 ?<\/h2>\n<p>Le montant de la prime \u00e0 la conversion est d\u00e9termin\u00e9 \u00e0 partir de plusieurs informations, notamment type de v\u00e9hicule \u00e0 mettre \u00e0 la casse, votre nouveau v\u00e9hicule achet\u00e9 ou lou\u00e9 ainsi que votre revenu fiscal de r\u00e9f\u00e9rence.<\/p>\n<p style=\"text-align: justify;\">Montant prime \u00e0 la conversion 2025<\/p>\n\n<div class=\"wpdt-c row wpDataTableContainerSimpleTable wpDataTables wpDataTablesWrapper\n\"\n    >\n    <table id=\"wpdtSimpleTable-349\"\n           class=\"wpdtSimpleTable wpDataTable\"\n           data-column=\"6\"\n           data-rows=\"7\"\n           data-wpID=\"349\"\n           data-responsive=\"0\"\n           data-has-header=\"1\">\n\n                    <thead>        <tr class=\"wpdt-cell-row \" style=\"height:101px;\">\n                            <th class=\"wpdt-cell wpdt-bc-8FB6D7 wpdt-bold wpdt-align-center\"\n                                    data-cell-id=\"A1\"\n                data-col-index=\"0\"\n                data-row-index=\"0\"\n                style=\" width:16.504854368932%;                padding:10px;\"\n                >\n                                V\u00e9hicules \u00e9ligibles \u00e0 acheter pour b\u00e9n\u00e9ficier de la prime \u00e0 la conversion                <\/th>\n                                            <th class=\"wpdt-cell wpdt-bc-8FB6D7 wpdt-bold wpdt-align-center\"\n                                    data-cell-id=\"B1\"\n                data-col-index=\"1\"\n                data-row-index=\"0\"\n                style=\" width:17.47572815534%;                padding:10px;\"\n                >\n                                Revenu fiscal de r\u00e9f\u00e9rence \u2264 7 100 \u20ac par part ou ceux avec un RFR\/part \u2264 14 089 \u20ac qui sont gros rouleurs (+ 60km\/jour ou +12 000 km\/an)                <\/th>\n                                            <th class=\"wpdt-cell wpdt-bc-8FB6D7 wpdt-bold wpdt-align-center\"\n                                    data-cell-id=\"C1\"\n                data-col-index=\"2\"\n                data-row-index=\"0\"\n                style=\" width:16.504854368932%;                padding:10px;\"\n                >\n                                RFR\/part \u2264 14 089 \u20ac                <\/th>\n                                            <th class=\"wpdt-cell wpdt-bc-8FB6D7 wpdt-bold wpdt-align-center\"\n                                    data-cell-id=\"D1\"\n                data-col-index=\"3\"\n                data-row-index=\"0\"\n                style=\" width:16.504854368932%;                padding:10px;\"\n                >\n                                RFR\/part > 14 089 \u20ac                <\/th>\n                                            <th class=\"wpdt-cell wpdt-bc-8FB6D7 wpdt-bold wpdt-align-center\"\n                                    data-cell-id=\"E1\"\n                data-col-index=\"4\"\n                data-row-index=\"0\"\n                style=\" width:16.504854368932%;                padding:10px;\"\n                >\n                                Personne morale (entreprise)                <\/th>\n                                            <th class=\"wpdt-cell wpdt-bc-8FB6D7 wpdt-bold wpdt-align-center\"\n                                    data-cell-id=\"F1\"\n                data-col-index=\"5\"\n                data-row-index=\"0\"\n                style=\" width:16.504854368932%;                padding:10px;\"\n                >\n                                Bonus \u00e9cologique Max                <\/th>\n                                        <\/tr>\n                    <tbody>        <tr class=\"wpdt-cell-row \" style=\"height:107px;\">\n                            <td class=\"wpdt-cell \"\n                                    data-cell-id=\"A2\"\n                data-col-index=\"0\"\n                data-row-index=\"1\"\n                style=\"                padding:10px;\"\n                >\n                                Diesel Crit'AIR 2\nimmatricul\u00e9\u00a0apr\u00e8s\u00a0le 01\/09\/2019\n(taux d'\u00e9mission CO2 \u2264 137g\/km)                <\/td>\n                                            <td class=\"wpdt-cell \"\n                                    data-cell-id=\"B2\"\n                data-col-index=\"1\"\n                data-row-index=\"1\"\n                style=\"                padding:10px;\"\n                >\n                                3000\u20ac\nlimit\u00e9 \u00e0 80% du prix du v\u00e9hicule                <\/td>\n                                            <td class=\"wpdt-cell \"\n                                    data-cell-id=\"C2\"\n                data-col-index=\"2\"\n                data-row-index=\"1\"\n                style=\"                padding:10px;\"\n                >\n                                1500\u20ac                <\/td>\n                                            <td class=\"wpdt-cell \"\n                                    data-cell-id=\"D2\"\n                data-col-index=\"3\"\n                data-row-index=\"1\"\n                style=\"                padding:10px;\"\n                >\n                                0\u20ac                <\/td>\n                                            <td class=\"wpdt-cell \"\n                                    data-cell-id=\"E2\"\n                data-col-index=\"4\"\n                data-row-index=\"1\"\n                style=\"                padding:10px;\"\n                >\n                                0\u20ac                <\/td>\n                                            <td class=\"wpdt-cell \"\n                                    data-cell-id=\"F2\"\n                data-col-index=\"5\"\n                data-row-index=\"1\"\n                style=\"                padding:10px;\"\n                >\n                                0\u20ac                <\/td>\n                                        <\/tr>\n                            <tr class=\"wpdt-cell-row \" >\n                            <td class=\"wpdt-cell \"\n                                    data-cell-id=\"A3\"\n                data-col-index=\"0\"\n                data-row-index=\"2\"\n                style=\"                padding:10px;\"\n                >\n                                Essence ou Diesel Crit'AIR 2\nimmatricul\u00e9\u00a0avant\u00a0le 01\/09\/2019                <\/td>\n                                            <td class=\"wpdt-cell \"\n                                    data-cell-id=\"B3\"\n                data-col-index=\"1\"\n                data-row-index=\"2\"\n                style=\"                padding:10px;\"\n                >\n                                0\u20ac                <\/td>\n                                            <td class=\"wpdt-cell \"\n                                    data-cell-id=\"C3\"\n                data-col-index=\"2\"\n                data-row-index=\"2\"\n                style=\"                padding:10px;\"\n                >\n                                0\u20ac                <\/td>\n                                            <td class=\"wpdt-cell \"\n                                    data-cell-id=\"D3\"\n                data-col-index=\"3\"\n                data-row-index=\"2\"\n                style=\"                padding:10px;\"\n                >\n                                0\u20ac                <\/td>\n                                            <td class=\"wpdt-cell \"\n                                    data-cell-id=\"E3\"\n                data-col-index=\"4\"\n                data-row-index=\"2\"\n                style=\"                padding:10px;\"\n                >\n                                0\u20ac                <\/td>\n                                            <td class=\"wpdt-cell \"\n                                    data-cell-id=\"F3\"\n                data-col-index=\"5\"\n                data-row-index=\"2\"\n                style=\"                padding:10px;\"\n                >\n                                0\u20ac                <\/td>\n                                        <\/tr>\n                            <tr class=\"wpdt-cell-row \" >\n                            <td class=\"wpdt-cell \"\n                                    data-cell-id=\"A4\"\n                data-col-index=\"0\"\n                data-row-index=\"3\"\n                style=\"                padding:10px;\"\n                >\n                                \u00c9lectrique Crit'AIR 0 neuf ou occasion\n(taux d'\u00e9mission CO2 \u2264 20g\/km)                <\/td>\n                                            <td class=\"wpdt-cell \"\n                                    data-cell-id=\"B4\"\n                data-col-index=\"1\"\n                data-row-index=\"3\"\n                style=\"                padding:10px;\"\n                >\n                                5000\u20ac\nlimit\u00e9 \u00e0 80% du prix du v\u00e9hicule                <\/td>\n                                            <td class=\"wpdt-cell \"\n                                    data-cell-id=\"C4\"\n                data-col-index=\"2\"\n                data-row-index=\"3\"\n                style=\"                padding:10px;\"\n                >\n                                2500\u20ac                <\/td>\n                                            <td class=\"wpdt-cell \"\n                                    data-cell-id=\"D4\"\n                data-col-index=\"3\"\n                data-row-index=\"3\"\n                style=\"                padding:10px;\"\n                >\n                                2500\u20ac                <\/td>\n                                            <td class=\"wpdt-cell \"\n                                    data-cell-id=\"E4\"\n                data-col-index=\"4\"\n                data-row-index=\"3\"\n                style=\"                padding:10px;\"\n                >\n                                2500\u20ac                <\/td>\n                                            <td class=\"wpdt-cell \"\n                                    data-cell-id=\"F4\"\n                data-col-index=\"5\"\n                data-row-index=\"3\"\n                style=\"                padding:10px;\"\n                >\n                                7000\u20ac\n(1000\u20ac pour l'occasion)                <\/td>\n                                        <\/tr>\n                            <tr class=\"wpdt-cell-row \" >\n                            <td class=\"wpdt-cell \"\n                                    data-cell-id=\"A5\"\n                data-col-index=\"0\"\n                data-row-index=\"4\"\n                style=\"                padding:10px;\"\n                >\n                                V\u00e9hicule hybride rechargeable neuf ou occasion Crit'AIR 1\nAutonomie \u00e9lectrique >50km\n(20g\/km < taux d'\u00e9mission CO2 \u2264 50g\/km)                <\/td>\n                                            <td class=\"wpdt-cell \"\n                                    data-cell-id=\"B5\"\n                data-col-index=\"1\"\n                data-row-index=\"4\"\n                style=\"                padding:10px;\"\n                >\n                                5000\u20ac\nlimit\u00e9 \u00e0 80% du prix du v\u00e9hicule                <\/td>\n                                            <td class=\"wpdt-cell \"\n                                    data-cell-id=\"C5\"\n                data-col-index=\"2\"\n                data-row-index=\"4\"\n                style=\"                padding:10px;\"\n                >\n                                2500\u20ac                <\/td>\n                                            <td class=\"wpdt-cell \"\n                                    data-cell-id=\"D5\"\n                data-col-index=\"3\"\n                data-row-index=\"4\"\n                style=\"                padding:10px;\"\n                >\n                                2500\u20ac                <\/td>\n                                            <td class=\"wpdt-cell \"\n                                    data-cell-id=\"E5\"\n                data-col-index=\"4\"\n                data-row-index=\"4\"\n                style=\"                padding:10px;\"\n                >\n                                2500\u20ac                <\/td>\n                                            <td class=\"wpdt-cell \"\n                                    data-cell-id=\"F5\"\n                data-col-index=\"5\"\n                data-row-index=\"4\"\n                style=\"                padding:10px;\"\n                >\n                                2000\u20ac\n(uniquement pour du neuf)                <\/td>\n                                        <\/tr>\n                            <tr class=\"wpdt-cell-row \" style=\"height:107px;\">\n                            <td class=\"wpdt-cell \"\n                                    data-cell-id=\"A6\"\n                data-col-index=\"0\"\n                data-row-index=\"5\"\n                style=\"                padding:10px;\"\n                >\n                                V\u00e9hicule hybride rechargeable neuf ou occasion Crit'AIR 1\nAutonomie \u00e9lectrique <50km\n(20g\/km < taux d'\u00e9mission CO2 \u2264 50g\/km)                <\/td>\n                                            <td class=\"wpdt-cell \"\n                                    data-cell-id=\"B6\"\n                data-col-index=\"1\"\n                data-row-index=\"5\"\n                style=\"                padding:10px;\"\n                >\n                                3000\u20ac\nlimit\u00e9 \u00e0 80% du prix du v\u00e9hicule                <\/td>\n                                            <td class=\"wpdt-cell \"\n                                    data-cell-id=\"C6\"\n                data-col-index=\"2\"\n                data-row-index=\"5\"\n                style=\"                padding:10px;\"\n                >\n                                1500\u20ac                <\/td>\n                                            <td class=\"wpdt-cell \"\n                                    data-cell-id=\"D6\"\n                data-col-index=\"3\"\n                data-row-index=\"5\"\n                style=\"                padding:10px;\"\n                >\n                                1500\u20ac                <\/td>\n                                            <td class=\"wpdt-cell \"\n                                    data-cell-id=\"E6\"\n                data-col-index=\"4\"\n                data-row-index=\"5\"\n                style=\"                padding:10px;\"\n                >\n                                0\u20ac                <\/td>\n                                            <td class=\"wpdt-cell \"\n                                    data-cell-id=\"F6\"\n                data-col-index=\"5\"\n                data-row-index=\"5\"\n                style=\"                padding:10px;\"\n                >\n                                0\u20ac                <\/td>\n                                        <\/tr>\n                            <tr class=\"wpdt-cell-row \" >\n                            <td class=\"wpdt-cell \"\n                                    data-cell-id=\"A7\"\n                data-col-index=\"0\"\n                data-row-index=\"6\"\n                style=\"                padding:10px;\"\n                >\n                                Deux-roues, trois-roues motoris\u00e9 ou quadricycle \u00e9lectrique Crit'AIR 0 neuf                <\/td>\n                                            <td class=\"wpdt-cell \"\n                                    data-cell-id=\"B7\"\n                data-col-index=\"1\"\n                data-row-index=\"6\"\n                style=\"                padding:10px;\"\n                >\n                                1100\u20ac                <\/td>\n                                            <td class=\"wpdt-cell \"\n                                    data-cell-id=\"C7\"\n                data-col-index=\"2\"\n                data-row-index=\"6\"\n                style=\"                padding:10px;\"\n                >\n                                1100\u20ac                <\/td>\n                                            <td class=\"wpdt-cell \"\n                                    data-cell-id=\"D7\"\n                data-col-index=\"3\"\n                data-row-index=\"6\"\n                style=\"                padding:10px;\"\n                >\n                                100\u20ac                <\/td>\n                                            <td class=\"wpdt-cell \"\n                                    data-cell-id=\"E7\"\n                data-col-index=\"4\"\n                data-row-index=\"6\"\n                style=\"                padding:10px;\"\n                >\n                                0\u20ac                <\/td>\n                                            <td class=\"wpdt-cell \"\n                                    data-cell-id=\"F7\"\n                data-col-index=\"5\"\n                data-row-index=\"6\"\n                style=\"                padding:10px;\"\n                >\n                                250\u20ac\/kWh                <\/td>\n                                        <\/tr>\n                    <\/table>\n<\/div><style id='wpdt-custom-style-349'>\ntable#wpdtSimpleTable-349{ table-layout: fixed !important; }\n.wpdt-bc-8FB6D7 { background-color: #8FB6D7 !important;}\n<\/style>\n\n<h2><strong>Exemples et t\u00e9moignages<\/strong><\/h2>\n<ul>\n<li><strong>Sophie, 34 ans &#8211; Un choix \u00e9cologique et financier :<\/strong> \u00ab\u00a0<em>J&rsquo;ai d\u00e9cid\u00e9 de faire une demande de prime \u00e0 la conversion pour mon vieux v\u00e9hicule diesel. Non seulement j&rsquo;ai re\u00e7u une aide financi\u00e8re pour l&rsquo;achat d&rsquo;une voiture plus propre, mais j&rsquo;ai aussi pu \u00e9conomiser sur les co\u00fbts de carburant et d&rsquo;entretien. Cela a \u00e9t\u00e9 un choix \u00e9cologique et financier gagnant pour mo<\/em>i.\u00a0\u00bb<\/li>\n<li><strong>Marc, 56 ans &#8211; un nouveau souffle pour ma Mobilit\u00e9 :<\/strong> \u00ab\u00a0<em>En tant que retrait\u00e9, je n&rsquo;aurais jamais pens\u00e9 b\u00e9n\u00e9ficier d&rsquo;une prime \u00e0 la conversion. Cependant, gr\u00e2ce \u00e0 cette incitation, j&rsquo;ai pu remplacer mon ancienne voiture par un mod\u00e8le hybride. Cela a revitalis\u00e9 ma mobilit\u00e9 tout en contribuant \u00e0 la pr\u00e9servation de l&rsquo;environnement.\u00a0\u00bb<\/em><\/li>\n<li><strong>\u00c9milie, 28 ans &#8211; un encouragement pour l&rsquo;\u00e9lectrique :<\/strong> \u00ab\u00a0<em>La prime \u00e0 la conversion a \u00e9t\u00e9 un v\u00e9ritable encouragement pour moi d&rsquo;opter pour une voiture \u00e9lectrique. Les \u00e9conomies financi\u00e8res \u00e0 l&rsquo;achat ont \u00e9t\u00e9 un plus, et je me sens bien de contribuer \u00e0 r\u00e9duire les \u00e9missions polluantes.\u00a0\u00bb<\/em><\/li>\n<li><strong>Thomas, 42 ans &#8211; moins de polluants et plus d&rsquo;avantages :<\/strong> \u00ab\u00a0<em>Mon vieux v\u00e9hicule diesel n&rsquo;\u00e9tait plus rentable. La prime \u00e0 la conversion m&rsquo;a aid\u00e9 \u00e0 acheter une voiture moins polluante. Les \u00e9conomies sur les taxes et les avantages environnementaux ont rendu ce choix encore plus judicieux.\u00a0\u00bb<\/em><\/li>\n<li><strong>Julie et Alexandre, jeunes parents &#8211; une aide bienvenue :<\/strong> \u00ab\u00a0<em>En tant que jeunes parents, nous avions besoin d&rsquo;un v\u00e9hicule plus spacieux et respectueux de l&rsquo;environnement. La prime \u00e0 la conversion nous a offert une aide pr\u00e9cieuse pour financer notre nouvelle voiture familiale.\u00a0\u00bb<\/em><\/li>\n<\/ul>\n<p>Ces t\u00e9moignages refl\u00e8tent la diversit\u00e9 des situations dans lesquelles la prime \u00e0 la conversion a jou\u00e9 un r\u00f4le positif. Qu&rsquo;il s&rsquo;agisse de pr\u00e9server l&rsquo;environnement, d&rsquo;am\u00e9liorer sa mobilit\u00e9 ou de r\u00e9aliser des \u00e9conomies, cette incitation offre des avantages tangibles aux b\u00e9n\u00e9ficiaires, tout en encourageant le passage \u00e0 des v\u00e9hicules plus respectueux de la plan\u00e8te.<\/p>\n<div class='cta-block'><div class='text'>Simulez toutes vos aides en 2 min.<\/div><a href='https:\/\/www.mes-allocs.fr\/ab-app?origin=guides\/wp-json\/wp\/v2\/posts\/30378' class='app-button fit'>Simulation gratuite<\/a><\/div>\n<h1>Quels sont les v\u00e9hicules \u00e9ligibles \u00e0 la prime \u00e0 la conversion ?<\/h1>\n<p>Les v\u00e9hicules \u00e9ligibles \u00e0 la prime \u00e0 la conversion sont ceux qui r\u00e9pondent aux crit\u00e8res environnementaux \u00e9tablis par les autorit\u00e9s. Voici un aper\u00e7u des types de v\u00e9hicules g\u00e9n\u00e9ralement \u00e9ligibles \u00e0 la prime \u00e0 la conversion.<\/p>\n<h2><strong>Les v\u00e9hicules \u00e9lectriques\u00a0<\/strong><\/h2>\n<p>Les voitures \u00e9lectriques sont souvent \u00e9ligibles \u00e0 la prime \u00e0 la conversion en raison de leur faible impact environnemental. Ces v\u00e9hicules fonctionnent enti\u00e8rement \u00e0 l&rsquo;\u00e9lectricit\u00e9, \u00e9liminant ainsi les \u00e9missions d&rsquo;\u00e9chappement.<\/p>\n<h2><strong>Les v\u00e9hicules hybrides rechargeables et non\u00a0<\/strong>rechargeables<\/h2>\n<p><strong>Les v\u00e9hicules hybrides rechargeables<\/strong> combinent un moteur \u00e9lectrique et un moteur thermique. Ils peuvent \u00eatre recharg\u00e9s \u00e0 partir d&rsquo;une source \u00e9lectrique et offrent une meilleure efficacit\u00e9 \u00e9nerg\u00e9tique par rapport aux v\u00e9hicules enti\u00e8rement thermiques.<\/p>\n<p><strong>Les v\u00e9hicules hybrides non rechargeables :<\/strong> Bien que moins favoris\u00e9s que les hybrides rechargeables, les hybrides non rechargeables qui combinent un moteur \u00e9lectrique et un moteur thermique sont parfois \u00e9ligibles \u00e0 la prime \u00e0 la conversion.<\/p>\n<h2><strong>Les v\u00e9hicules \u00e0 hydrog\u00e8ne et \u00e0 gaz<\/strong><\/h2>\n<p>Les v\u00e9hicules \u00e0 hydrog\u00e8ne, qui utilisent l&rsquo;hydrog\u00e8ne comme source d&rsquo;\u00e9nergie, sont \u00e9galement consid\u00e9r\u00e9s comme \u00e9ligibles \u00e0 la prime \u00e0 la conversion en raison de leurs \u00e9missions nulles.<\/p>\n<p>Certains v\u00e9hicules fonctionnant au gaz naturel ou au gaz de p\u00e9trole liqu\u00e9fi\u00e9 (GPL) peuvent \u00e9galement \u00eatre \u00e9ligibles, car ces carburants \u00e9mettent moins de polluants que l&rsquo;essence ou le diesel.<\/p>\n<h2><strong>Les v\u00e9hicules thermiques r\u00e9pondant \u00e0 certaines normes <\/strong><\/h2>\n<p>Dans certains cas, des v\u00e9hicules thermiques r\u00e9cents r\u00e9pondant \u00e0 des normes strictes en mati\u00e8re d&rsquo;\u00e9missions peuvent \u00eatre \u00e9ligibles \u00e0 la prime \u00e0 la conversion. Cependant, les crit\u00e8res d&rsquo;\u00e9ligibilit\u00e9 varient et d\u00e9pendent des normes en vigueur.<\/p>\n<p>Mes Allocs vous accompagne dans la constitution et le <a href=\"https:\/\/www.mes-allocs.fr\/guides\/prime-a-la-conversion\/prime-a-la-conversion-dossier\/suivi-dossier-prime-a-la-conversion\/\">suivi de votre dossier<\/a>. Contactez-nous !<\/p>\n<p>&nbsp;<\/p>\n","protected":false},"excerpt":{"rendered":"<p>La prime \u00e0 la conversion peut \u00eatre accord\u00e9e pour la location ou l&rsquo;achat d&rsquo;un v\u00e9hicule peu polluant. Si cette prime ne vous est pas propos\u00e9e, vous devrez faire cette demande d&rsquo;aide de votre c\u00f4t\u00e9. Notez que vous pouvez \u00e9galement cumuler le montant du bonus \u00e9cologique et la prime \u00e0 la conversion. Dans tous les cas, [&hellip;]<\/p>\n","protected":false},"author":10,"featured_media":30446,"comment_status":"open","ping_status":"open","sticky":false,"template":"","format":"standard","meta":{"amp_status":"","footnotes":""},"categories":[9930,10494],"tags":[],"class_list":["post-30378","post","type-post","status-publish","format-standard","has-post-thumbnail","hentry","category-prime-a-la-conversion","category-prime-a-la-conversion-dossier"],"yoast_head":"<!-- This site is optimized with the Yoast SEO plugin v14.9 - https:\/\/yoast.com\/wordpress\/plugins\/seo\/ -->\n<title>Comment faire une demande de prime \u00e0 la conversion en 2025 ?<\/title>\n<meta name=\"description\" content=\"Vous souhaitez acheter ou louer un v\u00e9hicule peu polluant ? Mes Allocs vous explique comment faire une demande de prime \u00e0 la conversion.\" \/>\n<meta name=\"robots\" content=\"index, follow, max-snippet:-1, max-image-preview:large, max-video-preview:-1\" \/>\n<link rel=\"canonical\" href=\"https:\/\/www.mes-allocs.fr\/guides\/prime-a-la-conversion\/prime-a-la-conversion-dossier\/demande-prime-a-la-conversion\/\" \/>\n<meta property=\"og:locale\" content=\"fr_FR\" \/>\n<meta property=\"og:type\" content=\"article\" \/>\n<meta property=\"og:title\" content=\"Comment faire une demande de prime \u00e0 la conversion en 2025 ?\" \/>\n<meta property=\"og:description\" content=\"Vous souhaitez acheter ou louer un v\u00e9hicule peu polluant ? Mes Allocs vous explique comment faire une demande de prime \u00e0 la conversion.\" \/>\n<meta property=\"og:url\" content=\"https:\/\/www.mes-allocs.fr\/guides\/prime-a-la-conversion\/prime-a-la-conversion-dossier\/demande-prime-a-la-conversion\/\" \/>\n<meta property=\"og:site_name\" content=\"Mes-Allocs.fr\" \/>\n<meta property=\"article:published_time\" content=\"2021-06-18T14:51:55+00:00\" \/>\n<meta property=\"article:modified_time\" content=\"2025-07-09T12:46:55+00:00\" \/>\n<meta property=\"og:image\" content=\"https:\/\/www.mes-allocs.fr\/guides\/wp-content\/uploads\/2021\/06\/carsharing-4382651_1280-e1623910724332.jpg?wsr\" \/>\n\t<meta property=\"og:image:width\" content=\"1280\" \/>\n\t<meta property=\"og:image:height\" content=\"393\" \/>\n<meta name=\"twitter:card\" content=\"summary_large_image\" \/>\n<script type=\"application\/ld+json\" class=\"yoast-schema-graph\">{\"@context\":\"https:\/\/schema.org\",\"@graph\":[{\"@type\":\"WebSite\",\"@id\":\"https:\/\/www.mes-allocs.fr\/guides\/#website\",\"url\":\"https:\/\/www.mes-allocs.fr\/guides\/\",\"name\":\"Mes-Allocs.fr\",\"description\":\"\",\"potentialAction\":[{\"@type\":\"SearchAction\",\"target\":\"https:\/\/www.mes-allocs.fr\/guides\/?s={search_term_string}\",\"query-input\":\"required name=search_term_string\"}],\"inLanguage\":\"fr-FR\"},{\"@type\":\"ImageObject\",\"@id\":\"https:\/\/www.mes-allocs.fr\/guides\/prime-a-la-conversion\/prime-a-la-conversion-dossier\/demande-prime-a-la-conversion\/#primaryimage\",\"inLanguage\":\"fr-FR\",\"url\":\"https:\/\/www.mes-allocs.fr\/guides\/wp-content\/uploads\/2021\/06\/carsharing-4382651_1280-e1623910724332.jpg?wsr\",\"width\":1280,\"height\":393,\"caption\":\"Comment faire une demande prime \\u00e0 la conversion ?\"},{\"@type\":\"WebPage\",\"@id\":\"https:\/\/www.mes-allocs.fr\/guides\/prime-a-la-conversion\/prime-a-la-conversion-dossier\/demande-prime-a-la-conversion\/#webpage\",\"url\":\"https:\/\/www.mes-allocs.fr\/guides\/prime-a-la-conversion\/prime-a-la-conversion-dossier\/demande-prime-a-la-conversion\/\",\"name\":\"Comment faire une demande de prime \\u00e0 la conversion en 2025 ?\",\"isPartOf\":{\"@id\":\"https:\/\/www.mes-allocs.fr\/guides\/#website\"},\"primaryImageOfPage\":{\"@id\":\"https:\/\/www.mes-allocs.fr\/guides\/prime-a-la-conversion\/prime-a-la-conversion-dossier\/demande-prime-a-la-conversion\/#primaryimage\"},\"datePublished\":\"2021-06-18T14:51:55+00:00\",\"dateModified\":\"2025-07-09T12:46:55+00:00\",\"author\":{\"@id\":\"https:\/\/www.mes-allocs.fr\/guides\/#\/schema\/person\/8d47b912c0ad15f379df96b4e4e33f58\"},\"description\":\"Vous souhaitez acheter ou louer un v\\u00e9hicule peu polluant ? Mes Allocs vous explique comment faire une demande de prime \\u00e0 la conversion.\",\"inLanguage\":\"fr-FR\"},{\"@type\":\"Person\",\"@id\":\"https:\/\/www.mes-allocs.fr\/guides\/#\/schema\/person\/8d47b912c0ad15f379df96b4e4e33f58\",\"name\":\"Constance de Cagny\",\"image\":{\"@type\":\"ImageObject\",\"@id\":\"https:\/\/www.mes-allocs.fr\/guides\/#personlogo\",\"inLanguage\":\"fr-FR\",\"url\":\"https:\/\/www.mes-allocs.fr\/guides\/wp-content\/uploads\/2021\/06\/Constance.2e8ee0b.png\",\"caption\":\"Constance de Cagny\"},\"description\":\"Constance est r\\u00e9dactrice au sein de l'\\u00e9quipe Mes Allocs. Elle a l'habitude d'\\u00e9crire sur les sujets conso, bons plans et \\u00e9conomies. Dipl\\u00f4m\\u00e9e de l'ENACO, elle rejoint Mes Allocs apr\\u00e8s une premi\\u00e8re exp\\u00e9rience en cabinet notarial.\",\"sameAs\":[\"https:\/\/www.linkedin.com\/in\/constance-de-cagny-mayeur-bbb414135\"]}]}<\/script>\n<!-- \/ Yoast SEO plugin. -->","amp_validity":null,"acf":{"faq":{"1":{"question":"Qui a le droit au Bonus Ecologique ?","answer":"En 2025, le bonus \u00e9cologique est r\u00e9serv\u00e9 aux personnes majeures r\u00e9sidant en France qui ach\u00e8tent ou louent une voiture \u00e9lectrique neuve,"},"2":{"question":"Comment savoir si ma voiture est Euro 3 ?","answer":"Pour savoir si votre voiture est Euro 3, vous pouvez v\u00e9rifier son certificat d'immatriculation (carte grise). Sur ce document, la norme Euro de votre v\u00e9hicule est indiqu\u00e9e dans la section \"V.9\" ou \"Emissions de CO2\". Si votre v\u00e9hicule est Euro 3, cette information sera clairement pr\u00e9cis\u00e9e. Sinon, vous pouvez aussi consulter le constructeur ou v\u00e9rifier la date de premi\u00e8re immatriculation, car les v\u00e9hicules Euro 3 sont g\u00e9n\u00e9ralement immatricul\u00e9s entre 2000 et 2005."},"3":{"question":"Quel est le montant du bonus \u00e9cologique ?","answer":"Le montant du bonus est de 4 200 \u20ac ou 3 100 \u20ac selon votre situation."},"4":{"question":" Quelles sont les conditions pour b\u00e9n\u00e9ficier de la prime \u00e0 la casse ?","answer":"Ce dispositif s'adresse aux automobilistes majeurs, domicili\u00e9s en France et d\u00e9sireux d'acqu\u00e9rir, ou de louer avec option d'achat pour une dur\u00e9e d'au moins 2 ans"},"5":{"question":"Est-il possible b\u00e9n\u00e9ficier plusieurs fois la prime \u00e0 la conversion ?","answer":"Il est impossible de cumuler les primes \u00e0 la conversion. M\u00eame en mettant deux voitures \u00e0 la casse, vous ne b\u00e9n\u00e9ficierez que d'une aide."},"6":{"question":"Quels documents pour la prime \u00e0 la conversion ?","answer":"Une copie de la carte grise du v\u00e9hicule d'occasion. Une copie du certificat de cession. D\u00e9claration du prix d'acquisition toutes taxes comprises ou facture. Copie de la carte grise du vieux v\u00e9hicule mis \u00e0 la casse"},"7":{"question":"","answer":""},"8":{"question":"","answer":""},"9":{"question":"","answer":""},"10":{"question":"","answer":""},"11":{"question":"","answer":""},"12":{"question":"","answer":""},"13":{"question":"","answer":""},"14":{"question":"","answer":""},"15":{"question":"","answer":""},"16":{"question":"","answer":""}}},"_links":{"self":[{"href":"https:\/\/www.mes-allocs.fr\/guides\/wp-json\/wp\/v2\/posts\/30378","targetHints":{"allow":["GET"]}}],"collection":[{"href":"https:\/\/www.mes-allocs.fr\/guides\/wp-json\/wp\/v2\/posts"}],"about":[{"href":"https:\/\/www.mes-allocs.fr\/guides\/wp-json\/wp\/v2\/types\/post"}],"author":[{"embeddable":true,"href":"https:\/\/www.mes-allocs.fr\/guides\/wp-json\/wp\/v2\/users\/10"}],"replies":[{"embeddable":true,"href":"https:\/\/www.mes-allocs.fr\/guides\/wp-json\/wp\/v2\/comments?post=30378"}],"version-history":[{"count":20,"href":"https:\/\/www.mes-allocs.fr\/guides\/wp-json\/wp\/v2\/posts\/30378\/revisions"}],"predecessor-version":[{"id":101786,"href":"https:\/\/www.mes-allocs.fr\/guides\/wp-json\/wp\/v2\/posts\/30378\/revisions\/101786"}],"wp:featuredmedia":[{"embeddable":true,"href":"https:\/\/www.mes-allocs.fr\/guides\/wp-json\/wp\/v2\/media\/30446"}],"wp:attachment":[{"href":"https:\/\/www.mes-allocs.fr\/guides\/wp-json\/wp\/v2\/media?parent=30378"}],"wp:term":[{"taxonomy":"category","embeddable":true,"href":"https:\/\/www.mes-allocs.fr\/guides\/wp-json\/wp\/v2\/categories?post=30378"},{"taxonomy":"post_tag","embeddable":true,"href":"https:\/\/www.mes-allocs.fr\/guides\/wp-json\/wp\/v2\/tags?post=30378"}],"curies":[{"name":"wp","href":"https:\/\/api.w.org\/{rel}","templated":true}]}}