{"id":30344,"date":"2021-06-16T16:28:37","date_gmt":"2021-06-16T14:28:37","guid":{"rendered":"https:\/\/www.mes-allocs.fr\/guides\/?p=30344"},"modified":"2026-02-11T18:34:55","modified_gmt":"2026-02-11T17:34:55","slug":"simulation-cmg","status":"publish","type":"post","link":"https:\/\/www.mes-allocs.fr\/guides\/allocations-familiales\/paje\/complement-libre-choix-mode-de-garde\/simulation-cmg\/","title":{"rendered":"Estimez votre Compl\u00e9ment de libre choix du mode de garde en 2 min."},"content":{"rendered":"<p><img loading=\"lazy\" decoding=\"async\" class=\"aligncenter wp-image-30356 size-full\" src=\"https:\/\/www.mes-allocs.fr\/guides\/wp-content\/uploads\/2021\/06\/pexels-jessica-west-3273851-e1623769215219.jpg\" alt=\"Simulation compl\u00e9ment libre choix du mode de garde\" width=\"1280\" height=\"400\" \/><\/p>\n<p style=\"text-align: justify;\">[Mis \u00e0 jour le 11\/02\/2026] Le Compl\u00e9ment Libre Choix de Mode de Garde est une <a href=\"https:\/\/www.mes-allocs.fr\/guides\/allocations-familiales\/\">allocation familiale<\/a>. Il s&rsquo;agit de la prestation d&rsquo;accueil du jeune enfant (Paje). Selon votre situation et vos besoins, il peut s&rsquo;agir d&rsquo;une prise en charge \u00e0 temps plein ou partiel. Mes Allocs vous explique comment faire une <strong>simulation compl\u00e9ment libre choix de mode de garde<\/strong>.<\/p>\n<div class='cta-block'><div class='text'>Simulez toutes vos Aides Sociales en 2 min. Gratuit.<\/div><a href='https:\/\/www.mes-allocs.fr\/ab-app?origin=guides\/wp-json\/wp\/v2\/posts\/30344' class='app-button fit'>Simulation gratuite<\/a><\/div>\n<h1>Comment \u00eatre \u00e9ligible au CMG ?<\/h1>\n<p style=\"text-align: justify;\">Vous pouvez utiliser le CMG pour une garde \u00e0 domicile ou bien en micro cr\u00e8che. En revanche, ce mode de garde aupr\u00e8s des familles peut \u00eatre accord\u00e9 si vous respectez les conditions suivantes :<\/p>\n<p style=\"text-align: justify;\"><strong>Vous devez respecter les conditions suivantes :\u00a0<\/strong><\/p>\n<ul>\n<li style=\"text-align: justify;\">L\u2019enfant doit \u00eatre \u00e2g\u00e9 de moins de six ans (ou jusqu&rsquo;\u00e0 12 ans si vous l&rsquo;\u00e9levez seul(e)\u2009;<\/li>\n<li style=\"text-align: justify;\">Le parent doit justifier de revenus professionnels sauf dans certains cas\u2009;<\/li>\n<li style=\"text-align: justify;\">L\u2019enfant doit \u00eatre gard\u00e9 \u00e0 domicile par une nourrice dont le salaire journalier brut ne d\u00e9passe pas 60,10 \u20ac ;<\/li>\n<li style=\"text-align: justify;\">La personne salari\u00e9e peut \u00eatre employ\u00e9e par vous ou par l\u2019interm\u00e9diaire d\u2019un organisme habilit\u00e9 par le conseil g\u00e9n\u00e9ral.<\/li>\n<li>En cr\u00e8che, votre enfant doit \u00eatre \u00e0 garder au moins 16 heures par mois<\/li>\n<\/ul>\n<h1>Conditions li\u00e9es \u00e0 votre activit\u00e9 professionnelle<\/h1>\n<p>Pour b\u00e9n\u00e9ficier du\u00a0 compl\u00e9ment de libre choix du mode de garde vous devez \u00eatre une personne seule ou en couple qui et avoir une activit\u00e9 professionnelle. Dans le cas d\u2019un couple, les deux conjoints doivent exercer chacun une activit\u00e9 professionnelle salari\u00e9e ou non.<\/p>\n<p>Vous pouvez faire une demande de compl\u00e9ment si vous percevez :<\/p>\n<ul>\n<li>Le \u00a0revenu de solidarit\u00e9 active (RSA)<\/li>\n<li>\u00a0L\u2019allocation de solidarit\u00e9 sp\u00e9cifique (ASS)<\/li>\n<li>\u00a0L\u2019allocation aux adultes handicap\u00e9s (AAH)<\/li>\n<li>Les titulaires de l\u2019allocation temporaire d\u2019attente (ATA)<\/li>\n<\/ul>\n<p><strong>\u00c0 noter : si vous \u00eates travailleur non-salari\u00e9 (TNS) vous pouvez \u00e9galement b\u00e9n\u00e9ficier du CMG, \u00e0 condition que vous soyez \u00e0 jour dans vos cotisations sociales d&rsquo;assurance vieillesse.<\/strong><\/p>\n<p style=\"text-align: justify;\"><div itemscope itemtype=\"http:\/\/schema.org\/Table\"><p itemprop=\"about\">conditions li\u00e9es \u00e0 l'activit\u00e9 des parents<\/p><\/div><\/p>\n<div class='cta-block'><div class='text'>Simulez toutes vos Aides Sociales en 2 min. Gratuit.<\/div><a href='https:\/\/www.mes-allocs.fr\/ab-app?origin=guides\/wp-json\/wp\/v2\/posts\/30344' class='app-button fit'>Simulation gratuite<\/a><\/div>\n<h1 class=\"amp-wp-7d27179\" data-amp-original-style=\"text-align: justify;\"><span id=\"Montant_du_CMG\"><b>Montant du CMG<\/b><\/span><\/h1>\n<p class=\"amp-wp-7d27179\" style=\"text-align: justify;\" data-amp-original-style=\"text-align: justify;\"><span class=\"amp-wp-fe3f5cc\" data-amp-original-style=\"font-weight: 400;\">Votre montant maximal de compl\u00e9ment de libre choix du Mode de Garde CMG est \u00e9tabli selon des plafonds de ressources qui varient en fonction du nombre d\u2019enfants gard\u00e9s et qui sont \u00e0 votre charge. <\/span><span style=\"font-weight: 400;\">Si vous faites garder votre enfant par un(e) salari\u00e9(e) \u00e0 votre domicile ou une assistante maternelle, le co\u00fbt horaire de la garde choisie et le nombre d&rsquo;heures de garde effectu\u00e9es par mois auront \u00e9galement un impact sur le calcul du montant de votre CMG.<\/span><\/p>\n<p class=\"amp-wp-7d27179\" style=\"text-align: justify;\" data-amp-original-style=\"text-align: justify;\"><span class=\"amp-wp-fe3f5cc\" data-amp-original-style=\"font-weight: 400;\">C\u2019est le revenu net cat\u00e9goriel (calcul\u00e9 par la somme de vos ressources diminu\u00e9es de vos charges et des abattements fiscaux dont vous b\u00e9n\u00e9ficiez). De l\u2019avant derni\u00e8re ann\u00e9e qui est pris en compte.<\/span><\/p>\n<p class=\"amp-wp-7d27179\" data-amp-original-style=\"text-align: justify;\"><strong><span class=\"amp-wp-fe3f5cc\" data-amp-original-style=\"font-weight: 400;\">Exemple : pour votre montant de CMG en 2026, c\u2019est votre revenu net cat\u00e9goriel de 2024 qui est pris en compte.<\/span><\/strong><\/p>\n<h2>Versement du compl\u00e9ment de libre choix du mode de garde<\/h2>\n<p style=\"text-align: justify;\">Depuis mai 2019, le CMG autrefois vers\u00e9 par la CAF et la MSA est d\u00e9pend d\u00e9sormais des services des Urssaf Pajemploi, cela reste une prestation partag\u00e9e d&rsquo;\u00e9ducation. Le versement est effectu\u00e9 chaque mois directement sur le compte bancaire des parents employeurs \u00e9ligibles \u00e0 cette aide. La date de versement du CMG d\u00e9pend donc de la date de la d\u00e9claration des heures effectu\u00e9es de l&rsquo; accueil du jeune enfant.<\/p>\n<h2><span id=\"Versement_avec_loption_Pajemploi\" class=\"ez-toc-section\">Versement avec l\u2019option Pajemploi+<\/span><\/h2>\n<p style=\"text-align: justify;\">Le paiement est r\u00e9alis\u00e9 deux jours apr\u00e8s votre d\u00e9claration mensuelle, et cela en m\u00eame temps que le pr\u00e9l\u00e8vement des charges.<\/p>\n<p style=\"text-align: justify;\">Vous n&rsquo;avez plus \u00e0 verser \u00e0 la personne employ\u00e9e que le reste \u00e0 charge (salaire + cotisations apr\u00e8s d\u00e9duction des aides vers\u00e9es au titre du CMG). C\u2019est aussi Pajemploi+ qui s\u2019occupe de verser, sous cinq jours, le salaire total sur le compte bancaire de l\u2019assistante maternelle ou la garde \u00e0 domicile.<\/p>\n<p style=\"text-align: justify;\">Notez que le CMG est vers\u00e9 de mani\u00e8re r\u00e9troactive uniquement sur le mois qui pr\u00e9c\u00e8de le d\u00e9p\u00f4t de votre demande. En revanche, si l\u2019assistante maternelle ou la nounou \u00e0 domicile est employ\u00e9e depuis plusieurs mois, les frais de garde de ces mois pass\u00e9s ne seront pas pris en charge.<\/p>\n<h2><span id=\"Versement_sans_loption_Pajemploi\" class=\"ez-toc-section\">Versement sans l\u2019option Pajemploi+<\/span><\/h2>\n<p style=\"text-align: justify;\">Si vous \u00eates parent-employeur et que vous faites le choix de ne pas activer l\u2019option jeune enfant paje Pajemploi+ vous continuez \u00e0 r\u00e9mun\u00e9rer directement votre assistante maternelle ou votre garde \u00e0 domicile. Mais vos d\u00e9marches sont d\u00e9sormais simplifi\u00e9es. D\u00e8s la fin de la d\u00e9claration mensuelle du nombre d\u2019heures travaill\u00e9es et du salaire de la personne employ\u00e9e, vous connaissez imm\u00e9diatement le montant de leur CMG et le co\u00fbt de la garde. Ces montants sont calcul\u00e9s par l\u2019Urssaf, via votre offre Pajemploi.<\/p>\n<h1>La PreParE de la CAF<\/h1>\n<h2>Qu&rsquo;est-ce que la PreParE ?<\/h2>\n<p class=\"amp-wp-7d27179\" style=\"text-align: justify;\" data-amp-original-style=\"text-align: justify;\"><span class=\"amp-wp-57c6437\" data-amp-original-style=\"font-size: 12pt;\">La PreParE CAF a \u00e9t\u00e9 r\u00e9\u00e9valu\u00e9e depuis le 1er Avril 2025. Elle vous aide \u00e0 prendre du temps pour profiter le plus possible de votre jeune enfant.\u00a0<\/span><\/p>\n<p class=\"amp-wp-7d27179\" style=\"text-align: justify;\" data-amp-original-style=\"text-align: justify;\"><span class=\"amp-wp-57c6437\" data-amp-original-style=\"font-size: 12pt;\">La prestation partag\u00e9e d&rsquo;\u00e9ducation de l&rsquo;enfant (PreParE) est une aide financi\u00e8re qui vous permet, que vous soyez parent isol\u00e9 ou en couple, de cesser ou de r\u00e9duire votre activit\u00e9. Si vous exercez\u00a0 une activit\u00e9 professionnelle dans le but de pouvoir passer du temps avec votre ou vos enfant(s) \u00e2g\u00e9(s) de moins de 3 ans.<\/span><\/p>\n<p class=\"amp-wp-7d27179\" style=\"text-align: justify;\" data-amp-original-style=\"text-align: justify;\"><span class=\"amp-wp-57c6437\" data-amp-original-style=\"font-size: 12pt;\">Elle fait partie de la\u00a0Prestation d\u2019Accueil du Jeune Enfant (PAJE), large dispositif d\u2019aide de la\u00a0Caisse d\u2019Allocations Familiales\u00a0(CAF) et de la Mutualit\u00e9 Sociale Agricole (MSA). La dur\u00e9e de versement de la PreParE d\u00e9pend du nombre d\u2019enfant(s) \u00e0 charge et de la situation familiale.<\/span><\/p>\n<p class=\"amp-wp-7d27179\" data-amp-original-style=\"text-align: justify;\"><span class=\"amp-wp-57c6437\" data-amp-original-style=\"font-size: 12pt;\">Si vous avez au moins 3 enfants \u00e0 charge vous pouvez choisir entre la PreParE (simple) ou la PreParE major\u00e9e. La PreParE major\u00e9e donne droit \u00e0 un montant sup\u00e9rieur \u00e0 celui de la PreParE mais est vers\u00e9e moins longtemps que la PreParE (simple).\u00a0<\/span><\/p>\n<p data-amp-original-style=\"text-align: justify;\"><strong>\u00c0 noter : \u00a0Il est tout \u00e0 fait possible de cumuler la PrePare (anciennement CLCA) et le\u00a0CMG\u00a0si vous travaillez entre\u00a050% et\u00a080% du temps de travail pr\u00e9vu dans votre entreprise.<\/strong><\/p>\n<p class=\"amp-wp-7d27179\" data-amp-original-style=\"text-align: justify;\"><span class=\"amp-wp-57c6437\" data-amp-original-style=\"font-size: 12pt;\">Attention : le choix entre la Pr\u00e9Pare et la Pr\u00e9Pare major\u00e9e est d\u00e9finitif. Heureusement, on vous aide \u00e0 y voir plus clair.<\/span><\/p>\n<p><iframe loading=\"lazy\" title=\"La PAJE\" width=\"500\" height=\"281\" src=\"https:\/\/www.youtube.com\/embed\/seHoivZowu8?feature=oembed\" frameborder=\"0\" allow=\"accelerometer; autoplay; clipboard-write; encrypted-media; gyroscope; picture-in-picture; web-share\" referrerpolicy=\"strict-origin-when-cross-origin\" allowfullscreen><\/iframe><\/p>\n<h2 data-amp-original-style=\"text-align: justify;\">Comment formuler votre demande ?<\/h2>\n<p class=\"amp-wp-7d27179\" style=\"text-align: justify;\" data-amp-original-style=\"text-align: justify;\"><span class=\"amp-wp-fe3f5cc\" data-amp-original-style=\"font-weight: 400;\">Que vous demandiez la PreParE ou la PreParE major\u00e9e, que vous d\u00e9pendiez de la CAF ou de la MSA, vous devez remplir un formulaire de demande et fournir certaines pi\u00e8ces justificatives. Pas de panique,\u00a0<\/span><span class=\"amp-wp-fe3f5cc\" data-amp-original-style=\"font-weight: 400;\"><a href=\"https:\/\/www.mes-allocs.fr\/signature\">Mes Allocs<\/a>\u00a0vous d\u00e9barrasse de tous ces tracas administratifs !<\/span><\/p>\n<p class=\"amp-wp-7d27179\" style=\"text-align: justify;\" data-amp-original-style=\"text-align: justify;\"><span class=\"amp-wp-fe3f5cc\" data-amp-original-style=\"font-weight: 400;\"><strong>Attention<\/strong>\u00a0! Si vous \u00eates en\u00a0<\/span><span class=\"amp-wp-fe3f5cc\" data-amp-original-style=\"font-weight: 400;\">cong\u00e9 maternit\u00e9<\/span><span class=\"amp-wp-fe3f5cc\" data-amp-original-style=\"font-weight: 400;\">, paternit\u00e9, d\u2019adoption<\/span>\u00a0<span class=\"amp-wp-fe3f5cc\" data-amp-original-style=\"font-weight: 400;\">ou de maladie, vous devez attendre la fin de l\u2019indemnisation qui vous est vers\u00e9e par votre employeur pour envoyer votre demande de PreParE ou de PreParE major\u00e9e.<\/span><\/p>\n<p data-amp-original-style=\"text-align: justify;\"><div class='cta-block'><div class='text'>Simulez toutes vos Aides Sociales en 2 min. Gratuit.<\/div><a href='https:\/\/www.mes-allocs.fr\/ab-app?origin=guides\/wp-json\/wp\/v2\/posts\/30344' class='app-button fit'>Simulation gratuite<\/a><\/div><\/p>\n","protected":false},"excerpt":{"rendered":"<p>[Mis \u00e0 jour le 11\/02\/2026] Le Compl\u00e9ment Libre Choix de Mode de Garde est une allocation familiale. Il s&rsquo;agit de la prestation d&rsquo;accueil du jeune enfant (Paje). Selon votre situation et vos besoins, il peut s&rsquo;agir d&rsquo;une prise en charge \u00e0 temps plein ou partiel. Mes Allocs vous explique comment faire une simulation compl\u00e9ment libre [&hellip;]<\/p>\n","protected":false},"author":10,"featured_media":30356,"comment_status":"open","ping_status":"open","sticky":false,"template":"","format":"standard","meta":{"amp_status":"","footnotes":""},"categories":[10,9803,11],"tags":[],"class_list":["post-30344","post","type-post","status-publish","format-standard","has-post-thumbnail","hentry","category-allocations-familiales","category-complement-libre-choix-mode-de-garde","category-paje"],"yoast_head":"<!-- This site is optimized with the Yoast SEO plugin v14.9 - https:\/\/yoast.com\/wordpress\/plugins\/seo\/ -->\n<title>Simulation Compl\u00e9ment libre choix du mode de garde (CMG) en 2 min<\/title>\n<meta name=\"description\" content=\"Le CMG est vers\u00e9 pour faire garder votre enfant. Mes Allocs vous propose de r\u00e9aliser une simulation en ligne, rapide et 100% gratuite.\" \/>\n<meta name=\"robots\" content=\"index, follow, max-snippet:-1, max-image-preview:large, max-video-preview:-1\" \/>\n<link rel=\"canonical\" href=\"https:\/\/www.mes-allocs.fr\/guides\/allocations-familiales\/paje\/complement-libre-choix-mode-de-garde\/simulation-cmg\/\" \/>\n<meta property=\"og:locale\" content=\"fr_FR\" \/>\n<meta property=\"og:type\" content=\"article\" \/>\n<meta property=\"og:title\" content=\"Simulation Compl\u00e9ment libre choix du mode de garde (CMG) en 2 min\" \/>\n<meta property=\"og:description\" content=\"Le CMG est vers\u00e9 pour faire garder votre enfant. Mes Allocs vous propose de r\u00e9aliser une simulation en ligne, rapide et 100% gratuite.\" \/>\n<meta property=\"og:url\" content=\"https:\/\/www.mes-allocs.fr\/guides\/allocations-familiales\/paje\/complement-libre-choix-mode-de-garde\/simulation-cmg\/\" \/>\n<meta property=\"og:site_name\" content=\"Mes-Allocs.fr\" \/>\n<meta property=\"article:published_time\" content=\"2021-06-16T14:28:37+00:00\" \/>\n<meta property=\"article:modified_time\" content=\"2026-02-11T17:34:55+00:00\" \/>\n<meta property=\"og:image\" content=\"https:\/\/www.mes-allocs.fr\/guides\/wp-content\/uploads\/2021\/06\/pexels-jessica-west-3273851.jpg?wsr\" \/>\n\t<meta property=\"og:image:width\" content=\"1280\" \/>\n\t<meta property=\"og:image:height\" content=\"960\" \/>\n<meta name=\"twitter:card\" content=\"summary_large_image\" \/>\n<script type=\"application\/ld+json\" class=\"yoast-schema-graph\">{\"@context\":\"https:\/\/schema.org\",\"@graph\":[{\"@type\":\"WebSite\",\"@id\":\"https:\/\/www.mes-allocs.fr\/guides\/#website\",\"url\":\"https:\/\/www.mes-allocs.fr\/guides\/\",\"name\":\"Mes-Allocs.fr\",\"description\":\"\",\"potentialAction\":[{\"@type\":\"SearchAction\",\"target\":\"https:\/\/www.mes-allocs.fr\/guides\/?s={search_term_string}\",\"query-input\":\"required name=search_term_string\"}],\"inLanguage\":\"fr-FR\"},{\"@type\":\"ImageObject\",\"@id\":\"https:\/\/www.mes-allocs.fr\/guides\/allocations-familiales\/paje\/complement-libre-choix-mode-de-garde\/simulation-cmg\/#primaryimage\",\"inLanguage\":\"fr-FR\",\"url\":\"https:\/\/www.mes-allocs.fr\/guides\/wp-content\/uploads\/2021\/06\/pexels-jessica-west-3273851.jpg?wsr\",\"width\":1280,\"height\":960,\"caption\":\"Simulation compl\\u00e9ment libre choix du mode de garde\"},{\"@type\":\"WebPage\",\"@id\":\"https:\/\/www.mes-allocs.fr\/guides\/allocations-familiales\/paje\/complement-libre-choix-mode-de-garde\/simulation-cmg\/#webpage\",\"url\":\"https:\/\/www.mes-allocs.fr\/guides\/allocations-familiales\/paje\/complement-libre-choix-mode-de-garde\/simulation-cmg\/\",\"name\":\"Simulation Compl\\u00e9ment libre choix du mode de garde (CMG) en 2 min\",\"isPartOf\":{\"@id\":\"https:\/\/www.mes-allocs.fr\/guides\/#website\"},\"primaryImageOfPage\":{\"@id\":\"https:\/\/www.mes-allocs.fr\/guides\/allocations-familiales\/paje\/complement-libre-choix-mode-de-garde\/simulation-cmg\/#primaryimage\"},\"datePublished\":\"2021-06-16T14:28:37+00:00\",\"dateModified\":\"2026-02-11T17:34:55+00:00\",\"author\":{\"@id\":\"https:\/\/www.mes-allocs.fr\/guides\/#\/schema\/person\/8d47b912c0ad15f379df96b4e4e33f58\"},\"description\":\"Le CMG est vers\\u00e9 pour faire garder votre enfant. Mes Allocs vous propose de r\\u00e9aliser une simulation en ligne, rapide et 100% gratuite.\",\"inLanguage\":\"fr-FR\"},{\"@type\":\"Person\",\"@id\":\"https:\/\/www.mes-allocs.fr\/guides\/#\/schema\/person\/8d47b912c0ad15f379df96b4e4e33f58\",\"name\":\"Constance de Cagny\",\"image\":{\"@type\":\"ImageObject\",\"@id\":\"https:\/\/www.mes-allocs.fr\/guides\/#personlogo\",\"inLanguage\":\"fr-FR\",\"url\":\"https:\/\/www.mes-allocs.fr\/guides\/wp-content\/uploads\/2021\/06\/Constance.2e8ee0b.png\",\"caption\":\"Constance de Cagny\"},\"description\":\"Constance est r\\u00e9dactrice au sein de l'\\u00e9quipe Mes Allocs. Elle a l'habitude d'\\u00e9crire sur les sujets conso, bons plans et \\u00e9conomies. Dipl\\u00f4m\\u00e9e de l'ENACO, elle rejoint Mes Allocs apr\\u00e8s une premi\\u00e8re exp\\u00e9rience en cabinet notarial.\",\"sameAs\":[\"https:\/\/www.linkedin.com\/in\/constance-de-cagny-mayeur-bbb414135\"]}]}<\/script>\n<!-- \/ Yoast SEO plugin. -->","amp_validity":null,"acf":{"faq":{"1":{"question":"\ud83e\udd14  Quand s'arr\u00eate le paiement de la PAJE ?","answer":"Tant que la famille remplit les conditions de ressources, le versement continue tous les mois jusqu'\u00e0 celui pr\u00e9c\u00e9dant le 3e anniversaire."},"2":{"question":"\ud83e\udd37\u200d\u2640\ufe0f Qui a droit \u00e0 la prime de No\u00ebl P\u00f4le emploi ?","answer":"Pour avoir le droit \u00e0 la prime de no\u00ebl 2026, vous devez simplement b\u00e9n\u00e9ficier de l'un des minima sociaux ci-dessous durant le mois de novembre et\/ou d\u00e9cembre 2026."},"3":{"question":"\ud83e\udd1d Quel est le montant d'allocation familiale ?","answer":"Le montant des allocations familiales en 2026 varie en fonction du nombre d'enfants \u00e0 charge et des ressources du foyer. Par exemple, pour 2 enfants \u00e0 charge, le montant d'allocation familiale est de 151,05 euros pour les foyers aux ressources inf\u00e9rieures ou \u00e9gales \u00e0 78 565 \u20ac."},"4":{"question":"\ud83e\udd14  Quand s'arr\u00eate le compl\u00e9ment de libre choix du mode de garde ?","answer":"Le compl\u00e9ment est vers\u00e9 \u00e0 partir du mois de votre demande. Il s'arr\u00eate le mois au cours duquel l'une des conditions n'est plus remplie."},"5":{"question":"\ud83e\udd37\u200d\u2640\ufe0f Comment faire une simulation Compl\u00e9ment de libre choix du Mode de Garde (CMG) ?","answer":"Le plus simple pour savoir si vous \u00eates \u00e9ligible \u00e0 l'allocation compl\u00e9ment de libre choix du mode de garde en fonction de vos revenus et de votre situation familiale, est de faire la simulation gratuite de Mes Allocs."},"6":{"question":"\ud83e\udd1d Quand d\u00e9bute le paiement du compl\u00e9ment de libre choix d'activit\u00e9 ?","answer":"Si vous accueillez votre premier enfant, le compl\u00e9ment de libre choix d'activit\u00e9 peut \u00eatre vers\u00e9 pendant 6 mois apr\u00e8s votre cong\u00e9 maternit\u00e9 ou paternit\u00e9. Pour les enfants suivants,"},"7":{"question":"","answer":""},"8":{"question":"","answer":""},"9":{"question":"","answer":""},"10":{"question":"","answer":""},"11":{"question":"","answer":""},"12":{"question":"","answer":""},"13":{"question":"","answer":""},"14":{"question":"","answer":""},"15":{"question":"","answer":""},"16":{"question":"","answer":""}}},"_links":{"self":[{"href":"https:\/\/www.mes-allocs.fr\/guides\/wp-json\/wp\/v2\/posts\/30344","targetHints":{"allow":["GET"]}}],"collection":[{"href":"https:\/\/www.mes-allocs.fr\/guides\/wp-json\/wp\/v2\/posts"}],"about":[{"href":"https:\/\/www.mes-allocs.fr\/guides\/wp-json\/wp\/v2\/types\/post"}],"author":[{"embeddable":true,"href":"https:\/\/www.mes-allocs.fr\/guides\/wp-json\/wp\/v2\/users\/10"}],"replies":[{"embeddable":true,"href":"https:\/\/www.mes-allocs.fr\/guides\/wp-json\/wp\/v2\/comments?post=30344"}],"version-history":[{"count":25,"href":"https:\/\/www.mes-allocs.fr\/guides\/wp-json\/wp\/v2\/posts\/30344\/revisions"}],"predecessor-version":[{"id":108991,"href":"https:\/\/www.mes-allocs.fr\/guides\/wp-json\/wp\/v2\/posts\/30344\/revisions\/108991"}],"wp:featuredmedia":[{"embeddable":true,"href":"https:\/\/www.mes-allocs.fr\/guides\/wp-json\/wp\/v2\/media\/30356"}],"wp:attachment":[{"href":"https:\/\/www.mes-allocs.fr\/guides\/wp-json\/wp\/v2\/media?parent=30344"}],"wp:term":[{"taxonomy":"category","embeddable":true,"href":"https:\/\/www.mes-allocs.fr\/guides\/wp-json\/wp\/v2\/categories?post=30344"},{"taxonomy":"post_tag","embeddable":true,"href":"https:\/\/www.mes-allocs.fr\/guides\/wp-json\/wp\/v2\/tags?post=30344"}],"curies":[{"name":"wp","href":"https:\/\/api.w.org\/{rel}","templated":true}]}}