{"id":29686,"date":"2021-06-14T16:10:21","date_gmt":"2021-06-14T16:10:21","guid":{"rendered":"https:\/\/www.mes-allocs.fr\/guides\/?p=29686"},"modified":"2026-03-03T15:16:48","modified_gmt":"2026-03-03T14:16:48","slug":"conge-solidarite-familiale-conditions","status":"publish","type":"post","link":"https:\/\/www.mes-allocs.fr\/guides\/allocations-familiales\/conge-solidarite-familiale\/conge-solidarite-familiale-conditions\/","title":{"rendered":"Quelles sont les conditions pour \u00eatre \u00e9ligible au cong\u00e9 de solidarit\u00e9 familiale ?"},"content":{"rendered":"<p><img loading=\"lazy\" decoding=\"async\" class=\"aligncenter wp-image-29781 size-full\" src=\"https:\/\/www.mes-allocs.fr\/guides\/wp-content\/uploads\/2021\/06\/pexels-cottonbro-5867240-e1623248129797.jpg\" alt=\"Cong\u00e9 de solidarit\u00e9 familiale conditions pour \u00eatre \u00e9ligible\" width=\"1280\" height=\"406\" srcset=\"https:\/\/www.mes-allocs.fr\/guides\/wp-content\/uploads\/2021\/06\/pexels-cottonbro-5867240-e1623248129797.jpg 1280w, https:\/\/www.mes-allocs.fr\/guides\/wp-content\/uploads\/2021\/06\/pexels-cottonbro-5867240-e1623248129797-300x95.jpg 300w, https:\/\/www.mes-allocs.fr\/guides\/wp-content\/uploads\/2021\/06\/pexels-cottonbro-5867240-e1623248129797-1024x325.jpg 1024w, https:\/\/www.mes-allocs.fr\/guides\/wp-content\/uploads\/2021\/06\/pexels-cottonbro-5867240-e1623248129797-768x244.jpg 768w, https:\/\/www.mes-allocs.fr\/guides\/wp-content\/uploads\/2021\/06\/pexels-cottonbro-5867240-e1623248129797-600x190.jpg 600w\" sizes=\"auto, (max-width: 1280px) 100vw, 1280px\" \/><\/p>\n<p style=\"text-align: justify;\">[Mis \u00e0 jour le 03\/03\/2026] Le cong\u00e9 de solidarit\u00e9 familiale permet aux salari\u00e9s de s&rsquo;absenter pour assister un proche ou une personne qui partage le m\u00eame domicile, mais il ne fait pas partie des <a href=\"https:\/\/www.mes-allocs.fr\/guides\/allocations-familiales\/\">allocations familiales<\/a>. Pour percevoir une r\u00e9mun\u00e9ration pendant ce cong\u00e9, vous pouvez faire une demande pour b\u00e9n\u00e9ficier l&rsquo;allocation journali\u00e8re d&rsquo;accompagnement. Mes Allocs vous explique tout sur les <strong>conditions d&rsquo;\u00e9ligibilit\u00e9 au cong\u00e9 de solidarit\u00e9 familiale<\/strong>.<\/p>\n<div class='cta-block'><div class='text'>Simulez toutes vos aides en 2 min.<\/div><a href='https:\/\/www.mes-allocs.fr\/ab-app?origin=guides\/wp-json\/wp\/v2\/posts\/29686' class='app-button fit'>Simulation gratuite<\/a><\/div>\n<h1>Conditions \u00e0 respecter pour \u00eatre \u00e9ligible au cong\u00e9 de solidarit\u00e9 familiale<\/h1>\n<p><strong>En tant que salari\u00e9, vous pouvez formuler une demande de cong\u00e9 pour \u00e9v\u00e8nements familiaux pour :\u00a0<\/strong><\/p>\n<ul>\n<li>L&rsquo;un de vos parents (p\u00e8re ou m\u00e8re)<\/li>\n<li>Un de vos enfants ou bien l&rsquo;un de vos petits-enfants<\/li>\n<li>Un fr\u00e8re ou une soeur<\/li>\n<li>Une personne qui partage le m\u00eame domicile fiscal que vous<\/li>\n<li>Une personne d\u00e9signe comme une personne de confiance<\/li>\n<\/ul>\n<p style=\"text-align: justify;\">\u00c0 votre demande il est obligatoire de joindre un certificat m\u00e9dical du m\u00e9decin qui suit la personne malade. Cela dans le but de justifier les soins n\u00e9cessaires et votre absence de votre lieu de travail. Vous devrez \u00e9galement apporter une preuve de filiation. Cela peut se justifier par un certificat de pacs, un livret de famille, etc.<\/p>\n<h2>Qu&rsquo;est-ce que le cong\u00e9 de solidarit\u00e9 familiale<\/h2>\n<p style=\"text-align: justify;\">Le cong\u00e9 de solidarit\u00e9 familiale peut \u00eatre accord\u00e9 \u00e0 un salari\u00e9 ou bien \u00e0 un fonctionnaire. Cela pour venir en aide \u00e0\u00a0 un proche qui souffre d&rsquo;une pathologie mettant en jeu le pronostic vital. La dur\u00e9e du cong\u00e9 d\u00e9pend de l&rsquo;accord collectif qui a \u00e9t\u00e9 conclu en sein de votre entreprise.<\/p>\n<p style=\"text-align: justify;\">Vous avez la possibilit\u00e9 de demander un renouvellement du cong\u00e9 ou bien une demande de reprise d&rsquo;activit\u00e9 \u00e0 temps partiel. Vous devrez alors informer votre employeur par lettre recommand\u00e9e avec accus\u00e9 de r\u00e9ception.<\/p>\n<p style=\"text-align: justify;\">Comme vous ne percevrez aucune r\u00e9mun\u00e9ration de la part de votre employeur pendant ce cong\u00e9, vous avez la possibilit\u00e9 de faire une demande d&rsquo;allocation journali\u00e8re d&rsquo;accompagnement. Cela permet de percevoir un revenu. Si le proche d\u00e9c\u00e8de pendant le cong\u00e9, il prend fin dans les 3 jours qui suivent.<\/p>\n<p style=\"text-align: justify;\">Notez que le fait de b\u00e9n\u00e9ficier du cong\u00e9 de solidarit\u00e9 ne vous emp\u00eache pas de conserver vos droits telles que l&rsquo;assurance maladie, un cong\u00e9 maternit\u00e9, etc.<\/p>\n<div class=\"liste\">\n<h2>Comment demander le cong\u00e9 de solidarit\u00e9 ?<\/h2>\n<p>Vous devez informer votre employeur de votre souhait de b\u00e9n\u00e9ficier du cong\u00e9 de solidarit\u00e9 familiale au minimum 15 jours avant le d\u00e9but du cong\u00e9. En cas d&rsquo;urgence absolue, le cong\u00e9 de solidarit\u00e9 familiale peut d\u00e9buter plus t\u00f4t ou \u00eatre renouvel\u00e9.<\/p>\n<p><strong>Ainsi, vous avez la possibilit\u00e9 d&rsquo;informer votre employeur par :<\/strong><\/p>\n<ul>\n<li>Lettre recommand\u00e9e avec accus\u00e9 de r\u00e9ception<\/li>\n<li>Une lettre remise en main propre ;<\/li>\n<li>Un email<\/li>\n<\/ul>\n<p>Dans tout les cas, vous devez pouvoir justifier la date de votre demande de cong\u00e9<\/p>\n<p><strong>Dans votre courrier, vous devrez communiquer les informations suivantes :\u00a0<\/strong><\/p>\n<ul>\n<li>La suspension de votre contrat de travail en lien avec votre demande de cong\u00e9 de solidarit\u00e9<\/li>\n<li>La date de d\u00e9part pour le cong\u00e9<\/li>\n<li>mais aussi la date pr\u00e9visible de votre retour au sein de votre entreprise<\/li>\n<li>Votre \u00e9ventuelle demande de fractionner ou bien transformer le cong\u00e9 en travail \u00e0 temps partiel (c&rsquo;est vous qui devez le d\u00e9finir)<\/li>\n<\/ul>\n<div class='cta-block'><div class='text'>Simulez toutes vos aides en 2 min.<\/div><a href='https:\/\/www.mes-allocs.fr\/ab-app?origin=guides\/wp-json\/wp\/v2\/posts\/29686' class='app-button fit'>Simulation gratuite<\/a><\/div>\n<\/div>\n<h1 class=\"main_headline\" title=\"Qu\u2019est-ce que l\u2019Allocation journali\u00e8re du proche aidant (AJPA)\u00a0?\">L\u2019Allocation journali\u00e8re du proche aidant (AJPA) ?<\/h1>\n<p>L\u2019allocation journali\u00e8re du proche aidant\u00a0(AJPA) est une aide financi\u00e8re qui peut \u00eatre attribu\u00e9e \u00e0 un salari\u00e9 ou fonctionnaire. Cela si ce dernier est dans l&rsquo;obligation de r\u00e9duire ou arr\u00eater totalement une activit\u00e9 professionnelle pour aider un proche.<\/p>\n<p>Pour \u00eatre \u00e9ligible vous devez respecter certaines conditions ;<\/p>\n<ul>\n<li>Vous devez avoir un lien avec la personne que vous souhaitez aider<\/li>\n<li>Vous devez r\u00e9sider en France<\/li>\n<li>Votre proche doit avoir un taux d\u2019incapacit\u00e9 \u00e9gal ou sup\u00e9rieur \u00e0 80 %<\/li>\n<\/ul>\n<p>Pour donner un exemple, pour l&rsquo;ann\u00e9e 2026, le montant de l&rsquo;AJPA pour cette ann\u00e9e s&rsquo;\u00e9l\u00e8ve \u00e0 <b>66,64<\/b><strong>\u00a0\u20ac.<\/strong><\/p>\n<p>L&rsquo;AJPA est vers\u00e9e jusqu\u2019\u00e0 66 jours par personne aid\u00e9e.<\/p>\n<p>Ce dispositif vous sera vers\u00e9e uniquement sur demande par la CAF, si vous relevez du secteur agricole, alors la MSA est en charge de vous verser cette prestation.<\/p>\n<p><iframe loading=\"lazy\" title=\"Tout Savoir sur les Allocations Familiales !\" width=\"500\" height=\"281\" src=\"https:\/\/www.youtube.com\/embed\/XEX_FdLLYMo?feature=oembed\" frameborder=\"0\" allow=\"accelerometer; autoplay; clipboard-write; encrypted-media; gyroscope; picture-in-picture; web-share\" referrerpolicy=\"strict-origin-when-cross-origin\" allowfullscreen><\/iframe><\/p>\n<h2 class=\"entry-title entry-title--single\">L\u2019allocation journali\u00e8re d\u2019accompagnement d\u2019une personne en fin de vie<\/h2>\n<p>Cette allocation journali\u00e8re d\u2019accompagnement d\u2019une personne en fin de vie \u00e0 domicile a pu entrer en vigueur gr\u00e2ce \u00e0 la loi du 2 mars 2010. C&rsquo;est un montant de 64,41 \u20ac qui est vers\u00e9 pendant 21 jours maximum. L&rsquo;allocation est proratis\u00e9e en cas de temps temps partiel.<\/p>\n<p>Ainsi, elle permet d&rsquo;attribuer un revenu aux proches qui accompagnent une personne en phase avanc\u00e9e ou terminale d\u2019une affection grave et incurable, quelle qu\u2019en soit la cause, cela est pr\u00e9vu par le Code du Travail.<\/p>\n<h2>Qui peut faire valoir ses droits ?<\/h2>\n<p><strong>Pour pouvoir b\u00e9n\u00e9ficier de cette allocation vous devez respecter certaines conditions, \u00e0 savoir :\u00a0<\/strong><\/p>\n<ul>\n<li>Vous devez b\u00e9n\u00e9ficier du cong\u00e9 de solidarit\u00e9 familiale ou bien avoir modifi\u00e9 ce cong\u00e9 en p\u00e9riode d\u2019activit\u00e9 \u00e0 temps partiel<\/li>\n<li>Vous devez avoir un lien filial avec la personne malade ou bien partager le m\u00eame domicile que la personne que vous souhaitez aider.<\/li>\n<li>La personne malade doit \u00eatre accompagn\u00e9e \u00e0 son domicile et non pas \u00e0 l&rsquo;h\u00f4pital ou maison de repos.<\/li>\n<\/ul>\n<h2>Les indemnit\u00e9s non cumulables<\/h2>\n<p>Si vous b\u00e9n\u00e9ficiez de l\u2019allocation journali\u00e8re d\u2019accompagnement d\u2019une personne en fin de vie vous ne pourrez pas en m\u00eame temps le cumuler avec les dispositifs suivants :<\/p>\n<ul>\n<li>L&rsquo;allocation de ch\u00f4mage<\/li>\n<li>Une indemnit\u00e9 de cong\u00e9s de maternit\u00e9, de paternit\u00e9 ou d\u2019adoption,<\/li>\n<li>Une indemnit\u00e9 d\u2019interruption d\u2019activit\u00e9 ou bien une allocation de remplacement pour cong\u00e9 maternit\u00e9 ou bien pour cong\u00e9 paternit\u00e9<\/li>\n<li>Une indemnit\u00e9 de cong\u00e9 maladie<\/li>\n<li>Une allocation parentale d\u2019\u00e9ducation (APE)<\/li>\n<\/ul>\n<div class='cta-block'><div class='text'>Simulez toutes vos aides en 2 min.<\/div><a href='https:\/\/www.mes-allocs.fr\/ab-app?origin=guides\/wp-json\/wp\/v2\/posts\/29686' class='app-button fit'>Simulation gratuite<\/a><\/div>\n","protected":false},"excerpt":{"rendered":"<p>[Mis \u00e0 jour le 03\/03\/2026] Le cong\u00e9 de solidarit\u00e9 familiale permet aux salari\u00e9s de s&rsquo;absenter pour assister un proche ou une personne qui partage le m\u00eame domicile, mais il ne fait pas partie des allocations familiales. Pour percevoir une r\u00e9mun\u00e9ration pendant ce cong\u00e9, vous pouvez faire une demande pour b\u00e9n\u00e9ficier l&rsquo;allocation journali\u00e8re d&rsquo;accompagnement. Mes Allocs [&hellip;]<\/p>\n","protected":false},"author":10,"featured_media":29781,"comment_status":"open","ping_status":"open","sticky":false,"template":"","format":"standard","meta":{"amp_status":"","footnotes":""},"categories":[10,10875],"tags":[],"class_list":["post-29686","post","type-post","status-publish","format-standard","has-post-thumbnail","hentry","category-allocations-familiales","category-conge-solidarite-familiale"],"yoast_head":"<!-- This site is optimized with the Yoast SEO plugin v14.9 - https:\/\/yoast.com\/wordpress\/plugins\/seo\/ -->\n<title>Quelles conditions pour b\u00e9n\u00e9ficier du cong\u00e9 de solidarit\u00e9 familiale ?<\/title>\n<meta name=\"description\" content=\"Vous pouvez b\u00e9n\u00e9ficier du cong\u00e9 de solidarit\u00e9 familiale pour aider un proche malade. Mes Allocs vous explique tout sur les conditions.\" \/>\n<meta name=\"robots\" content=\"index, follow, max-snippet:-1, max-image-preview:large, max-video-preview:-1\" \/>\n<link rel=\"canonical\" href=\"https:\/\/www.mes-allocs.fr\/guides\/allocations-familiales\/conge-solidarite-familiale\/conge-solidarite-familiale-conditions\/\" \/>\n<meta property=\"og:locale\" content=\"fr_FR\" \/>\n<meta property=\"og:type\" content=\"article\" \/>\n<meta property=\"og:title\" content=\"Quelles conditions pour b\u00e9n\u00e9ficier du cong\u00e9 de solidarit\u00e9 familiale ?\" \/>\n<meta property=\"og:description\" content=\"Vous pouvez b\u00e9n\u00e9ficier du cong\u00e9 de solidarit\u00e9 familiale pour aider un proche malade. Mes Allocs vous explique tout sur les conditions.\" \/>\n<meta property=\"og:url\" content=\"https:\/\/www.mes-allocs.fr\/guides\/allocations-familiales\/conge-solidarite-familiale\/conge-solidarite-familiale-conditions\/\" \/>\n<meta property=\"og:site_name\" content=\"Mes-Allocs.fr\" \/>\n<meta property=\"article:published_time\" content=\"2021-06-14T16:10:21+00:00\" \/>\n<meta property=\"article:modified_time\" content=\"2026-03-03T14:16:48+00:00\" \/>\n<meta property=\"og:image\" content=\"https:\/\/www.mes-allocs.fr\/guides\/wp-content\/uploads\/2021\/06\/pexels-cottonbro-5867240-e1623248129797.jpg?wsr\" \/>\n\t<meta property=\"og:image:width\" content=\"1280\" \/>\n\t<meta property=\"og:image:height\" content=\"406\" \/>\n<meta name=\"twitter:card\" content=\"summary_large_image\" \/>\n<script type=\"application\/ld+json\" class=\"yoast-schema-graph\">{\"@context\":\"https:\/\/schema.org\",\"@graph\":[{\"@type\":\"WebSite\",\"@id\":\"https:\/\/www.mes-allocs.fr\/guides\/#website\",\"url\":\"https:\/\/www.mes-allocs.fr\/guides\/\",\"name\":\"Mes-Allocs.fr\",\"description\":\"\",\"potentialAction\":[{\"@type\":\"SearchAction\",\"target\":\"https:\/\/www.mes-allocs.fr\/guides\/?s={search_term_string}\",\"query-input\":\"required name=search_term_string\"}],\"inLanguage\":\"fr-FR\"},{\"@type\":\"ImageObject\",\"@id\":\"https:\/\/www.mes-allocs.fr\/guides\/allocations-familiales\/conge-solidarite-familiale\/conge-solidarite-familiale-conditions\/#primaryimage\",\"inLanguage\":\"fr-FR\",\"url\":\"https:\/\/www.mes-allocs.fr\/guides\/wp-content\/uploads\/2021\/06\/pexels-cottonbro-5867240-e1623248129797.jpg?wsr\",\"width\":1280,\"height\":406,\"caption\":\"Cong\\u00e9 de solidarit\\u00e9 familiale conditions pour \\u00eatre \\u00e9ligible\"},{\"@type\":\"WebPage\",\"@id\":\"https:\/\/www.mes-allocs.fr\/guides\/allocations-familiales\/conge-solidarite-familiale\/conge-solidarite-familiale-conditions\/#webpage\",\"url\":\"https:\/\/www.mes-allocs.fr\/guides\/allocations-familiales\/conge-solidarite-familiale\/conge-solidarite-familiale-conditions\/\",\"name\":\"Quelles conditions pour b\\u00e9n\\u00e9ficier du cong\\u00e9 de solidarit\\u00e9 familiale ?\",\"isPartOf\":{\"@id\":\"https:\/\/www.mes-allocs.fr\/guides\/#website\"},\"primaryImageOfPage\":{\"@id\":\"https:\/\/www.mes-allocs.fr\/guides\/allocations-familiales\/conge-solidarite-familiale\/conge-solidarite-familiale-conditions\/#primaryimage\"},\"datePublished\":\"2021-06-14T16:10:21+00:00\",\"dateModified\":\"2026-03-03T14:16:48+00:00\",\"author\":{\"@id\":\"https:\/\/www.mes-allocs.fr\/guides\/#\/schema\/person\/8d47b912c0ad15f379df96b4e4e33f58\"},\"description\":\"Vous pouvez b\\u00e9n\\u00e9ficier du cong\\u00e9 de solidarit\\u00e9 familiale pour aider un proche malade. Mes Allocs vous explique tout sur les conditions.\",\"inLanguage\":\"fr-FR\"},{\"@type\":\"Person\",\"@id\":\"https:\/\/www.mes-allocs.fr\/guides\/#\/schema\/person\/8d47b912c0ad15f379df96b4e4e33f58\",\"name\":\"Constance de Cagny\",\"image\":{\"@type\":\"ImageObject\",\"@id\":\"https:\/\/www.mes-allocs.fr\/guides\/#personlogo\",\"inLanguage\":\"fr-FR\",\"url\":\"https:\/\/www.mes-allocs.fr\/guides\/wp-content\/uploads\/2021\/06\/Constance.2e8ee0b.png\",\"caption\":\"Constance de Cagny\"},\"description\":\"Constance est r\\u00e9dactrice au sein de l'\\u00e9quipe Mes Allocs. Elle a l'habitude d'\\u00e9crire sur les sujets conso, bons plans et \\u00e9conomies. Dipl\\u00f4m\\u00e9e de l'ENACO, elle rejoint Mes Allocs apr\\u00e8s une premi\\u00e8re exp\\u00e9rience en cabinet notarial.\",\"sameAs\":[\"https:\/\/www.linkedin.com\/in\/constance-de-cagny-mayeur-bbb414135\"]}]}<\/script>\n<!-- \/ Yoast SEO plugin. -->","amp_validity":null,"acf":{"faq":{"1":{"question":"\ud83e\udd14  Qui peut b\u00e9n\u00e9ficier d'un cong\u00e9 de solidarit\u00e9 familiale ?","answer":"Le droit au cong\u00e9 de solidarit\u00e9 familiale b\u00e9n\u00e9ficie, dans les m\u00eames conditions, au salari\u00e9 qui souhaite assister la personne malade l'ayant d\u00e9sign\u00e9 comme personne de confiance."},"2":{"question":"\ud83e\udd37\u200d\u2640\ufe0f Comment calculer le salaire par jour ?","answer":"Le salaire journalier de r\u00e9f\u00e9rence (SJR) est \u00e9gal au salaire annuel de r\u00e9f\u00e9rence divis\u00e9 par le nombre de jours travaill\u00e9s durant la p\u00e9riode de r\u00e9f\u00e9rence de calcul (PRC). "},"3":{"question":"\ud83e\udd1d Comment calculer les indemnit\u00e9s journali\u00e8re ?","answer":"L'indemnit\u00e9 journali\u00e8re est calcul\u00e9e en fonction du \u00ab salaire journalier de base \u00bb de la personne en arr\u00eat de travail."},"4":{"question":"\ud83e\udd14  Qu'est-ce que les indemnit\u00e9s journali\u00e8res ?","answer":"Suite \u00e0 un arr\u00eat maladie, un accident du travail, une maladie professionnelle ou encore suite \u00e0 une maternit\u00e9, un salari\u00e9 peut recevoir des indemnit\u00e9s journali\u00e8res. "},"5":{"question":"\ud83e\udd37\u200d\u2640\ufe0f Les indemnit\u00e9s journali\u00e8res sont-elles imposables ?","answer":"Le pr\u00e9l\u00e8vement \u00e0 la source de l'imp\u00f4t sur le revenu est effectu\u00e9 sur les indemnit\u00e9s journali\u00e8res vers\u00e9es par l'Assurance Maladie, selon un taux calcul\u00e9 et transmis automatiquement \u00e0 l'Assurance Maladie par l'administration fiscale."},"6":{"question":"\ud83e\udd1d Qui a le droit aux allocations familiales ?","answer":"Les allocations familiales sont vers\u00e9es aux personnes ayant au moins 2 enfants de moins de 20 ans \u00e0 charge. "},"7":{"question":"","answer":""},"8":{"question":"","answer":""},"9":{"question":"","answer":""},"10":{"question":"","answer":""},"11":{"question":"","answer":""},"12":{"question":"","answer":""},"13":{"question":"","answer":""},"14":{"question":"","answer":""},"15":{"question":"","answer":""},"16":{"question":"","answer":""}}},"_links":{"self":[{"href":"https:\/\/www.mes-allocs.fr\/guides\/wp-json\/wp\/v2\/posts\/29686","targetHints":{"allow":["GET"]}}],"collection":[{"href":"https:\/\/www.mes-allocs.fr\/guides\/wp-json\/wp\/v2\/posts"}],"about":[{"href":"https:\/\/www.mes-allocs.fr\/guides\/wp-json\/wp\/v2\/types\/post"}],"author":[{"embeddable":true,"href":"https:\/\/www.mes-allocs.fr\/guides\/wp-json\/wp\/v2\/users\/10"}],"replies":[{"embeddable":true,"href":"https:\/\/www.mes-allocs.fr\/guides\/wp-json\/wp\/v2\/comments?post=29686"}],"version-history":[{"count":27,"href":"https:\/\/www.mes-allocs.fr\/guides\/wp-json\/wp\/v2\/posts\/29686\/revisions"}],"predecessor-version":[{"id":109979,"href":"https:\/\/www.mes-allocs.fr\/guides\/wp-json\/wp\/v2\/posts\/29686\/revisions\/109979"}],"wp:featuredmedia":[{"embeddable":true,"href":"https:\/\/www.mes-allocs.fr\/guides\/wp-json\/wp\/v2\/media\/29781"}],"wp:attachment":[{"href":"https:\/\/www.mes-allocs.fr\/guides\/wp-json\/wp\/v2\/media?parent=29686"}],"wp:term":[{"taxonomy":"category","embeddable":true,"href":"https:\/\/www.mes-allocs.fr\/guides\/wp-json\/wp\/v2\/categories?post=29686"},{"taxonomy":"post_tag","embeddable":true,"href":"https:\/\/www.mes-allocs.fr\/guides\/wp-json\/wp\/v2\/tags?post=29686"}],"curies":[{"name":"wp","href":"https:\/\/api.w.org\/{rel}","templated":true}]}}