{"id":29621,"date":"2021-06-09T12:31:54","date_gmt":"2021-06-09T12:31:54","guid":{"rendered":"https:\/\/www.mes-allocs.fr\/guides\/?p=29621"},"modified":"2025-07-11T11:21:15","modified_gmt":"2025-07-11T09:21:15","slug":"retour-en-france-securite-sociale","status":"publish","type":"post","link":"https:\/\/www.mes-allocs.fr\/guides\/aide-expatriation\/securite-sociale-expatrie\/retour-en-france-securite-sociale\/","title":{"rendered":"Retour en France apr\u00e8s expatriation : inscription \u00e0 la S\u00e9curit\u00e9 sociale"},"content":{"rendered":"<p><img loading=\"lazy\" decoding=\"async\" class=\"aligncenter wp-image-29669 size-full\" src=\"https:\/\/www.mes-allocs.fr\/guides\/wp-content\/uploads\/2021\/06\/paris-843229_1280-e1623162305719.jpg\" alt=\"Inscription s\u00e9curit\u00e9 sociale retour France\" width=\"1280\" height=\"416\" srcset=\"https:\/\/www.mes-allocs.fr\/guides\/wp-content\/uploads\/2021\/06\/paris-843229_1280-e1623162305719.jpg 1280w, https:\/\/www.mes-allocs.fr\/guides\/wp-content\/uploads\/2021\/06\/paris-843229_1280-e1623162305719-300x98.jpg 300w, https:\/\/www.mes-allocs.fr\/guides\/wp-content\/uploads\/2021\/06\/paris-843229_1280-e1623162305719-1024x333.jpg 1024w, https:\/\/www.mes-allocs.fr\/guides\/wp-content\/uploads\/2021\/06\/paris-843229_1280-e1623162305719-768x250.jpg 768w, https:\/\/www.mes-allocs.fr\/guides\/wp-content\/uploads\/2021\/06\/paris-843229_1280-e1623162305719-600x195.jpg 600w\" sizes=\"auto, (max-width: 1280px) 100vw, 1280px\" \/><\/p>\n<p><strong>Les expatri\u00e9s b\u00e9n\u00e9ficient de nombreuses <a href=\"https:\/\/www.mes-allocs.fr\/guides\/aide-expatriation\/\">aides<\/a> pour les accompagner dans leur quotidien. Mais \u00e0 leur retour en France, quelques d\u00e9marches administratives s&rsquo;imposent. Depuis 2016, une loi de simplification est entr\u00e9e en vigueur en ce qui concerne l\u2019affiliation \u00e0 la s\u00e9curit\u00e9 sociale en France. La CMU (Couverture Maladie Universelle) n&rsquo;est plus en vigueur, cela au profit d\u2019une couverture sant\u00e9 universelle \u00e0 laquelle toutes les personnes qui r\u00e9sident sur le sol fran\u00e7ais de mani\u00e8re stable depuis au moins trois mois ont droit. Au moment de votre retour en France, vous devez donc vous r\u00e9inscrire aupr\u00e8s de la S\u00e9curit\u00e9 Sociale.\u00a0<\/strong><\/p>\n<div class='cta-block'><div class='text'>Simulez toutes vos aides en 2 min.<\/div><a href='https:\/\/www.mes-allocs.fr\/ab-app?origin=guides\/wp-json\/wp\/v2\/posts\/29621' class='app-button fit'>Simulation gratuite<\/a><\/div>\n<h1>Votre r\u00e9inscription \u00e0 la S\u00e9curit\u00e9 sociale<\/h1>\n<p>La <a href=\"https:\/\/www.mes-allocs.fr\/guides\/aide-expat\/securite-sociale-expatrie-comment-ca-marche\/\">s\u00e9curit\u00e9 sociale des expatri\u00e9s<\/a> est sp\u00e9cifique, mais vous devez \u00e9galement connaitre les d\u00e9marches \u00e0 effectuer lors de votre retour en France.<\/p>\n<h2>Comment se r\u00e9inscrire \u00e0 la S\u00e9curit\u00e9 sociale ?<\/h2>\n<p>Toutes les personnes qui sont de retour en France apr\u00e8s un s\u00e9jour \u00e0 l&rsquo;\u00e9tranger dans le cadre d&rsquo;une activit\u00e9 professionnelle ou non peuvent formuler une demande d&rsquo; ouverture pour s&rsquo;affilier au r\u00e9gime g\u00e9n\u00e9ral au bout de 3 mois sur le territoire fran\u00e7ais.<\/p>\n<p>Le formulaire \u00e0 remplir se nomme \u201cdemande d\u2019ouverture des droits \u00e0 l\u2019assurance maladie\u201d. Retenez que vous devrez attendre un d\u00e9lai de carence de trois mois entre la date du retour et la date effective de la nouvelle couverture de la primaire d assurance maladie. Sauf si vous avez obtenu le transfert de vos droits dans votre pays de r\u00e9sidence.<\/p>\n<p><iframe loading=\"lazy\" title=\"Les aides \u00e0 l&#039;expatriation\" width=\"500\" height=\"281\" src=\"https:\/\/www.youtube.com\/embed\/rFUO4um_G0M?feature=oembed\" frameborder=\"0\" allow=\"accelerometer; autoplay; clipboard-write; encrypted-media; gyroscope; picture-in-picture; web-share\" referrerpolicy=\"strict-origin-when-cross-origin\" allowfullscreen><\/iframe><\/p>\n<h2><span id=\"Qui_est_eligible_a_la_CPAM\">Qui est \u00e9ligible \u00e0 la CPAM ?<\/span><\/h2>\n<p>L\u2019inscription \u00e0 la CPAM ou \u00e0 la s\u00e9curit\u00e9 sociale est ouverte \u00e0 un large \u00e9ventail de personnes, mais la premi\u00e8re \u00e9tape consiste \u00e0 d\u00e9terminer votre \u00e9ligibilit\u00e9. Voici les principaux groupes \u00e9ligibles :<\/p>\n<ol>\n<li><strong>Citoyens fran\u00e7ais<\/strong>\u00a0: les citoyens fran\u00e7ais qui rentrent en France apr\u00e8s une p\u00e9riode d\u2019expatriation sont g\u00e9n\u00e9ralement \u00e9ligibles pour s\u2019inscrire \u00e0 la CPAM.<\/li>\n<li><strong>Membres de la famille<\/strong>\u00a0: les membres de la famille des citoyens fran\u00e7ais, tels que les conjoints et les enfants, peuvent \u00e9galement \u00eatre \u00e9ligibles, m\u00eame s\u2019ils ne sont pas fran\u00e7ais eux-m\u00eames.<\/li>\n<li><strong>R\u00e9sidents de longue dur\u00e9e<\/strong>\u00a0: les r\u00e9sidents de longue dur\u00e9e dans l\u2019Union europ\u00e9enne (UE) ou l\u2019Espace \u00e9conomique europ\u00e9en (EEE) peuvent \u00e9galement \u00eatre \u00e9ligibles \u00e0 l\u2019inscription \u00e0 la CPAM.<\/li>\n<li><strong>Autres situations sp\u00e9cifiques<\/strong>\u00a0: il existe d\u2019autres situations sp\u00e9cifiques qui peuvent donner droit \u00e0 l\u2019inscription, notamment pour les personnes travaillant dans des organisations internationales, les r\u00e9fugi\u00e9s, etc.<\/li>\n<\/ol>\n<p>Il est important de v\u00e9rifier votre \u00e9ligibilit\u00e9 en fonction de votre situation particuli\u00e8re.<\/p>\n<h2><span id=\"Les_demarches_administratives_a_faire\">Les d\u00e9marches administratives \u00e0 effectuer<\/span><\/h2>\n<p>Une fois que vous avez d\u00e9termin\u00e9 votre \u00e9ligibilit\u00e9, vous devrez entreprendre certaines d\u00e9marches administratives pour vous <a href=\"https:\/\/www.mes-allocs.fr\/guides\/aide-expatriation\/securite-sociale-expatrie\/reinscription-a-la-securite-sociale-apres-expatriation\/\">r\u00e9inscrire \u00e0 la S\u00e9curit\u00e9 sociale<\/a>. Les \u00e9tapes typiques comprennent :<\/p>\n<ol>\n<li><strong>Inscription en ligne<\/strong>\u00a0: la CPAM propose souvent un service en ligne pour commencer le processus d\u2019inscription. Vous devrez cr\u00e9er un compte et fournir des informations personnelles.<\/li>\n<li><strong>Rendez-vous en personne<\/strong>\u00a0: selon votre situation, vous pourriez devoir prendre rendez-vous en personne \u00e0 un bureau de la CPAM. Assurez-vous d\u2019apporter tous les documents requis.<\/li>\n<li><strong>Remplissage de formulaires<\/strong>\u00a0: vous devrez peut-\u00eatre remplir des formulaires sp\u00e9cifiques \u00e0 votre situation. Ces formulaires sont souvent disponibles en ligne ou dans les bureaux de la CPAM.<\/li>\n<\/ol>\n<h2><strong>Documents \u00e0 joindre \u00e0 votre demande\u00a0<\/strong><\/h2>\n<ul>\n<li>une photocopie de vos documents d\u2019identit\u00e9 (passeport ou carte d\u2019identit\u00e9)<\/li>\n<li>un justificatif de domicile prouvant votre r\u00e9sidence stable et r\u00e9guli\u00e8re depuis 3 mois (bail, quittance de loyer, etc.)<\/li>\n<li>un relev\u00e9 d&rsquo;identit\u00e9 bancaire (RIB)<\/li>\n<li>\u00e9ventuellement, le\u00a0formulaire de rattachement des enfants mineurs.<\/li>\n<\/ul>\n<p>Voici un tableau \u00a0r\u00e9capitulatif pour l&rsquo;inscription \u00e0 la s\u00e9curit\u00e9 sociale lors du retour en France :<\/p>\n\n<div class=\"wpdt-c row wpDataTableContainerSimpleTable wpDataTables wpDataTablesWrapper\n\"\n    >\n    <table id=\"wpdtSimpleTable-362\"\n           class=\"wpdtSimpleTable wpDataTable\"\n           data-column=\"2\"\n           data-rows=\"19\"\n           data-wpID=\"362\"\n           data-responsive=\"0\"\n           data-has-header=\"1\">\n\n                    <thead>        <tr class=\"wpdt-cell-row \" >\n                            <th class=\"wpdt-cell wpdt-bc-F3F9FE\"\n                                    data-cell-id=\"A1\"\n                data-col-index=\"0\"\n                data-row-index=\"0\"\n                style=\" width:46.920289855072%;                padding:10px;\"\n                >\n                                \u00c9tape                <\/th>\n                                            <th class=\"wpdt-cell wpdt-bc-F3F9FE\"\n                                    data-cell-id=\"B1\"\n                data-col-index=\"1\"\n                data-row-index=\"0\"\n                style=\" width:53.079710144928%;                padding:10px;\"\n                >\n                                Description                <\/th>\n                                        <\/tr>\n                    <tbody>        <tr class=\"wpdt-cell-row \" >\n                            <td class=\"wpdt-cell \"\n                                    data-cell-id=\"A2\"\n                data-col-index=\"0\"\n                data-row-index=\"1\"\n                style=\"                padding:10px;\"\n                >\n                                1. Comprendre la S\u00e9curit\u00e9 Sociale en France                <\/td>\n                                            <td class=\"wpdt-cell \"\n                                    data-cell-id=\"B2\"\n                data-col-index=\"1\"\n                data-row-index=\"1\"\n                style=\"                padding:10px;\"\n                >\n                                - Familiarisez-vous avec le syst\u00e8me de s\u00e9curit\u00e9 sociale fran\u00e7ais.                <\/td>\n                                        <\/tr>\n                            <tr class=\"wpdt-cell-row \" >\n                            <td class=\"wpdt-cell  wpdt-empty-cell \"\n                                    data-cell-id=\"A3\"\n                data-col-index=\"0\"\n                data-row-index=\"2\"\n                style=\"                padding:10px;\"\n                >\n                                                <\/td>\n                                            <td class=\"wpdt-cell \"\n                                    data-cell-id=\"B3\"\n                data-col-index=\"1\"\n                data-row-index=\"2\"\n                style=\"                padding:10px;\"\n                >\n                                - Identifiez les r\u00e9gimes (r\u00e9gime g\u00e9n\u00e9ral, r\u00e9gimes sp\u00e9ciaux, etc.).                <\/td>\n                                        <\/tr>\n                            <tr class=\"wpdt-cell-row \" >\n                            <td class=\"wpdt-cell  wpdt-empty-cell \"\n                                    data-cell-id=\"A4\"\n                data-col-index=\"0\"\n                data-row-index=\"3\"\n                style=\"                padding:10px;\"\n                >\n                                                <\/td>\n                                            <td class=\"wpdt-cell \"\n                                    data-cell-id=\"B4\"\n                data-col-index=\"1\"\n                data-row-index=\"3\"\n                style=\"                padding:10px;\"\n                >\n                                - Renseignez-vous sur les avantages de la s\u00e9curit\u00e9 sociale en France.                <\/td>\n                                        <\/tr>\n                            <tr class=\"wpdt-cell-row \" >\n                            <td class=\"wpdt-cell \"\n                                    data-cell-id=\"A5\"\n                data-col-index=\"0\"\n                data-row-index=\"4\"\n                style=\"                padding:10px;\"\n                >\n                                2. La D\u00e9marche d'Inscription                <\/td>\n                                            <td class=\"wpdt-cell \"\n                                    data-cell-id=\"B5\"\n                data-col-index=\"1\"\n                data-row-index=\"4\"\n                style=\"                padding:10px;\"\n                >\n                                - Identifiez le moment de votre retour en France pour planifier l'inscription.                <\/td>\n                                        <\/tr>\n                            <tr class=\"wpdt-cell-row \" >\n                            <td class=\"wpdt-cell  wpdt-empty-cell \"\n                                    data-cell-id=\"A6\"\n                data-col-index=\"0\"\n                data-row-index=\"5\"\n                style=\"                padding:10px;\"\n                >\n                                                <\/td>\n                                            <td class=\"wpdt-cell \"\n                                    data-cell-id=\"B6\"\n                data-col-index=\"1\"\n                data-row-index=\"5\"\n                style=\"                padding:10px;\"\n                >\n                                - Pr\u00e9parez les pi\u00e8ces justificatives n\u00e9cessaires (passeport, preuves de r\u00e9sidence, etc.).                <\/td>\n                                        <\/tr>\n                            <tr class=\"wpdt-cell-row \" >\n                            <td class=\"wpdt-cell  wpdt-empty-cell \"\n                                    data-cell-id=\"A7\"\n                data-col-index=\"0\"\n                data-row-index=\"6\"\n                style=\"                padding:10px;\"\n                >\n                                                <\/td>\n                                            <td class=\"wpdt-cell \"\n                                    data-cell-id=\"B7\"\n                data-col-index=\"1\"\n                data-row-index=\"6\"\n                style=\"                padding:10px;\"\n                >\n                                - D\u00e9terminez o\u00f9 et comment d\u00e9poser votre demande d'inscription (en ligne, en personne, etc.).                <\/td>\n                                        <\/tr>\n                            <tr class=\"wpdt-cell-row \" >\n                            <td class=\"wpdt-cell \"\n                                    data-cell-id=\"A8\"\n                data-col-index=\"0\"\n                data-row-index=\"7\"\n                style=\"                padding:10px;\"\n                >\n                                3. Les D\u00e9lais et les D\u00e9marches Urgentes                <\/td>\n                                            <td class=\"wpdt-cell \"\n                                    data-cell-id=\"B8\"\n                data-col-index=\"1\"\n                data-row-index=\"7\"\n                style=\"                padding:10px;\"\n                >\n                                - Connaissez les d\u00e9lais \u00e0 respecter pour effectuer votre inscription.                <\/td>\n                                        <\/tr>\n                            <tr class=\"wpdt-cell-row \" >\n                            <td class=\"wpdt-cell  wpdt-empty-cell \"\n                                    data-cell-id=\"A9\"\n                data-col-index=\"0\"\n                data-row-index=\"8\"\n                style=\"                padding:10px;\"\n                >\n                                                <\/td>\n                                            <td class=\"wpdt-cell \"\n                                    data-cell-id=\"B9\"\n                data-col-index=\"1\"\n                data-row-index=\"8\"\n                style=\"                padding:10px;\"\n                >\n                                - Identifiez les d\u00e9marches en cas de retour en urgence ou de besoin imm\u00e9diat de soins m\u00e9dicaux.                <\/td>\n                                        <\/tr>\n                            <tr class=\"wpdt-cell-row \" >\n                            <td class=\"wpdt-cell \"\n                                    data-cell-id=\"A10\"\n                data-col-index=\"0\"\n                data-row-index=\"9\"\n                style=\"                padding:10px;\"\n                >\n                                4. Les Cas Particuliers                <\/td>\n                                            <td class=\"wpdt-cell \"\n                                    data-cell-id=\"B10\"\n                data-col-index=\"1\"\n                data-row-index=\"9\"\n                style=\"                padding:10px;\"\n                >\n                                - Si vous \u00eates dans une situation sp\u00e9cifique (expatri\u00e9 de longue dur\u00e9e, \u00e9tudiant, retrait\u00e9, etc.), renseignez-vous sur les conditions particuli\u00e8res qui s'appliquent \u00e0 vous.                <\/td>\n                                        <\/tr>\n                            <tr class=\"wpdt-cell-row \" >\n                            <td class=\"wpdt-cell  wpdt-empty-cell \"\n                                    data-cell-id=\"A11\"\n                data-col-index=\"0\"\n                data-row-index=\"10\"\n                style=\"                padding:10px;\"\n                >\n                                                <\/td>\n                                            <td class=\"wpdt-cell \"\n                                    data-cell-id=\"B11\"\n                data-col-index=\"1\"\n                data-row-index=\"10\"\n                style=\"                padding:10px;\"\n                >\n                                - V\u00e9rifiez les cas de dispense ou d'exon\u00e9ration de cotisations.                <\/td>\n                                        <\/tr>\n                            <tr class=\"wpdt-cell-row \" >\n                            <td class=\"wpdt-cell \"\n                                    data-cell-id=\"A12\"\n                data-col-index=\"0\"\n                data-row-index=\"11\"\n                style=\"                padding:10px;\"\n                >\n                                5. Les Avantages de la Couverture M\u00e9dicale en France                <\/td>\n                                            <td class=\"wpdt-cell \"\n                                    data-cell-id=\"B12\"\n                data-col-index=\"1\"\n                data-row-index=\"11\"\n                style=\"                padding:10px;\"\n                >\n                                - Explorez les prestations m\u00e9dicales couvertes par la s\u00e9curit\u00e9 sociale fran\u00e7aise.                <\/td>\n                                        <\/tr>\n                            <tr class=\"wpdt-cell-row \" >\n                            <td class=\"wpdt-cell  wpdt-empty-cell \"\n                                    data-cell-id=\"A13\"\n                data-col-index=\"0\"\n                data-row-index=\"12\"\n                style=\"                padding:10px;\"\n                >\n                                                <\/td>\n                                            <td class=\"wpdt-cell \"\n                                    data-cell-id=\"B13\"\n                data-col-index=\"1\"\n                data-row-index=\"12\"\n                style=\"                padding:10px;\"\n                >\n                                - Consid\u00e9rez la souscription \u00e0 une compl\u00e9mentaire sant\u00e9 (mutuelle) pour une couverture plus \u00e9tendue.                <\/td>\n                                        <\/tr>\n                            <tr class=\"wpdt-cell-row \" >\n                            <td class=\"wpdt-cell \"\n                                    data-cell-id=\"A14\"\n                data-col-index=\"0\"\n                data-row-index=\"13\"\n                style=\"                padding:10px;\"\n                >\n                                6. La Gestion de Votre Dossier de S\u00e9curit\u00e9 Sociale                <\/td>\n                                            <td class=\"wpdt-cell \"\n                                    data-cell-id=\"B14\"\n                data-col-index=\"1\"\n                data-row-index=\"13\"\n                style=\"                padding:10px;\"\n                >\n                                - Apprenez comment g\u00e9rer votre dossier une fois inscrit.                <\/td>\n                                        <\/tr>\n                            <tr class=\"wpdt-cell-row \" >\n                            <td class=\"wpdt-cell  wpdt-empty-cell \"\n                                    data-cell-id=\"A15\"\n                data-col-index=\"0\"\n                data-row-index=\"14\"\n                style=\"                padding:10px;\"\n                >\n                                                <\/td>\n                                            <td class=\"wpdt-cell \"\n                                    data-cell-id=\"B15\"\n                data-col-index=\"1\"\n                data-row-index=\"14\"\n                style=\"                padding:10px;\"\n                >\n                                - Soyez conscient des mises \u00e0 jour et des changements de situation \u00e0 signaler.                <\/td>\n                                        <\/tr>\n                            <tr class=\"wpdt-cell-row \" >\n                            <td class=\"wpdt-cell \"\n                                    data-cell-id=\"A16\"\n                data-col-index=\"0\"\n                data-row-index=\"15\"\n                style=\"                padding:10px;\"\n                >\n                                7. Les Ressources en Ligne et les Points de Contact                <\/td>\n                                            <td class=\"wpdt-cell \"\n                                    data-cell-id=\"B16\"\n                data-col-index=\"1\"\n                data-row-index=\"15\"\n                style=\"                padding:10px;\"\n                >\n                                - Utilisez des ressources en ligne pour obtenir des informations et des formulaires.                <\/td>\n                                        <\/tr>\n                            <tr class=\"wpdt-cell-row \" >\n                            <td class=\"wpdt-cell  wpdt-empty-cell \"\n                                    data-cell-id=\"A17\"\n                data-col-index=\"0\"\n                data-row-index=\"16\"\n                style=\"                padding:10px;\"\n                >\n                                                <\/td>\n                                            <td class=\"wpdt-cell \"\n                                    data-cell-id=\"B17\"\n                data-col-index=\"1\"\n                data-row-index=\"16\"\n                style=\"                padding:10px;\"\n                >\n                                - Identifiez les coordonn\u00e9es des organismes de s\u00e9curit\u00e9 sociale et des caisses primaires.                <\/td>\n                                        <\/tr>\n                            <tr class=\"wpdt-cell-row \" >\n                            <td class=\"wpdt-cell \"\n                                    data-cell-id=\"A18\"\n                data-col-index=\"0\"\n                data-row-index=\"17\"\n                style=\"                padding:10px;\"\n                >\n                                8. Conseils Pratiques pour une Transition en Douceur                <\/td>\n                                            <td class=\"wpdt-cell \"\n                                    data-cell-id=\"B18\"\n                data-col-index=\"1\"\n                data-row-index=\"17\"\n                style=\"                padding:10px;\"\n                >\n                                - Pr\u00e9parez-vous \u00e0 l'avance pour faciliter votre transition.                <\/td>\n                                        <\/tr>\n                            <tr class=\"wpdt-cell-row \" >\n                            <td class=\"wpdt-cell  wpdt-empty-cell \"\n                                    data-cell-id=\"A19\"\n                data-col-index=\"0\"\n                data-row-index=\"18\"\n                style=\"                padding:10px;\"\n                >\n                                                <\/td>\n                                            <td class=\"wpdt-cell \"\n                                    data-cell-id=\"B19\"\n                data-col-index=\"1\"\n                data-row-index=\"18\"\n                style=\"                padding:10px;\"\n                >\n                                - Prenez soin de conserver tous les documents m\u00e9dicaux et assurez-vous de la coordination avec d'autres assurances m\u00e9dicales.                <\/td>\n                                        <\/tr>\n                    <\/table>\n<\/div><style id='wpdt-custom-style-362'>\ntable#wpdtSimpleTable-362{ table-layout: fixed !important; }\n.wpdt-bc-F3F9FE { background-color: #F3F9FE !important;}\n<\/style>\n\n<h1><span id=\"Quel_est_le_delai_dAffiliation_a_la_CPAM\">Quel est le d\u00e9lai d\u2019Affiliation \u00e0 la CPAM ?<\/span><\/h1>\n<p>Lorsque vous rentrez en France apr\u00e8s avoir v\u00e9cu \u00e0 l\u2019\u00e9tranger, il est essentiel de comprendre les aspects li\u00e9s au d\u00e9lai d\u2019affiliation \u00e0 la CPAM (Caisse Primaire d\u2019Assurance Maladie). Cette section explore les principales questions li\u00e9es \u00e0 ce d\u00e9lai.<\/p>\n<h2><span id=\"Le_delai_legal\">Le d\u00e9lai l\u00e9gal<\/span><\/h2>\n<ol>\n<li><strong>D\u00e9lai de trois mois<\/strong>\u00a0: en g\u00e9n\u00e9ral, le d\u00e9lai pour vous affilier \u00e0 la CPAM apr\u00e8s votre retour en France est de trois mois. Cela signifie que vous disposez d\u2019une p\u00e9riode de trois mois \u00e0 partir de votre date de retour pour soumettre votre demande d\u2019inscription.<\/li>\n<li><strong>R\u00e9activit\u00e9 importante<\/strong>\u00a0: il est crucial d\u2019agir rapidement pour respecter ce d\u00e9lai. Ne pas le faire peut entra\u00eener une p\u00e9riode sans couverture m\u00e9dicale ad\u00e9quate, ce qui peut s\u2019av\u00e9rer risqu\u00e9 sur le plan financier et m\u00e9dical.<\/li>\n<li><strong>Exceptions possibles<\/strong>\u00a0: dans certains cas exceptionnels, des d\u00e9rogations au d\u00e9lai de trois mois peuvent \u00eatre accord\u00e9es. Par exemple, si vous pouvez prouver que des circonstances particuli\u00e8res vous ont emp\u00each\u00e9 de vous inscrire \u00e0 temps, il peut y avoir une certaine flexibilit\u00e9.<\/li>\n<\/ol>\n<h2><span id=\"La_retroactivite_des_remboursements\">La r\u00e9troactivit\u00e9 des remboursements<\/span><\/h2>\n<ol>\n<li><strong>Remboursements r\u00e9troactifs<\/strong>\u00a0: une fois que vous \u00eates affili\u00e9 \u00e0 la CPAM, les remboursements m\u00e9dicaux peuvent s\u2019appliquer r\u00e9troactivement \u00e0 la date de votre retour en France. Cela signifie que les frais m\u00e9dicaux engag\u00e9s depuis votre retour peuvent \u00eatre pris en charge, dans la mesure o\u00f9 ils respectent les r\u00e8gles sp\u00e9cifiques de remboursement.<\/li>\n<li><strong>Limite de r\u00e9troactivit\u00e9<\/strong>\u00a0: il est important de noter que la r\u00e9troactivit\u00e9 des remboursements a une limite temporelle. En g\u00e9n\u00e9ral, elle s\u2019\u00e9tend sur quelques mois apr\u00e8s la date de votre retour. Au-del\u00e0 de cette p\u00e9riode, il se peut que certains frais m\u00e9dicaux ne soient pas couverts r\u00e9troactivement.<\/li>\n<\/ol>\n<h2><span id=\"Quelques_cas_specifiques\">Quelques cas sp\u00e9cifiques<\/span><\/h2>\n<ol>\n<li><strong>Travailleurs frontaliers<\/strong>\u00a0: si vous \u00eates un travailleur frontalier, la situation peut \u00eatre complexe en fonction du pays voisin dans lequel vous travaillez. Les r\u00e8gles d\u2019affiliation peuvent varier.<\/li>\n<li><strong>Retraite \u00e0 l\u2019\u00e9tranger<\/strong>\u00a0: si vous prenez votre retraite \u00e0 l\u2019\u00e9tranger puis retournez en France, les d\u00e9lais et les r\u00e8gles d\u2019affiliation peuvent \u00eatre diff\u00e9rents de ceux d\u2019une personne en activit\u00e9.<\/li>\n<li><strong>Cas de force majeure<\/strong>\u00a0: en cas de circonstances exceptionnelles, telles qu\u2019une maladie grave ou une catastrophe naturelle, des d\u00e9rogations aux d\u00e9lais d\u2019affiliation peuvent \u00eatre accord\u00e9es. Cependant, ces situations sont \u00e9valu\u00e9es au cas par cas.<\/li>\n<\/ol>\n<h1>Retour en France avec une activit\u00e9 professionnelle<\/h1>\n<p>Si vous rentrez en France et que vous avez une activit\u00e9 professionnelle, vous serez de nouveau automatiquement affili\u00e9 \u00e0 la caisse primaire d&rsquo;assurance maladie CPAM.<\/p>\n<p><strong>\u00c0 noter : D\u00e8s que vous avez sign\u00e9 votre contrat de travail, vous devrez vous rendre \u00e0 la <span class=\"sigle tooltip-glossaire\" data-tip=\"\" data-for=\"glossaire-R15469\" data-event=\"click\" data-event-off=\"mouseleave\">CPAM caisse primaire<\/span> d&rsquo;assurance maladie de votre lieu de r\u00e9sidence pour faire valoir vos droits.<\/strong><\/p>\n<p>Les expatri\u00e9s fran\u00e7ais qui sont de retour en France pour y r\u00e9sider de mani\u00e8re permanente et qui n\u2019exercent aucune activit\u00e9 professionnelle, peuvent b\u00e9n\u00e9ficier d\u2019une\u00a0prise en charge imm\u00e9diate de leurs soins de sant\u00e9, selon la convention de s\u00e9curit\u00e9 sociale.<\/p>\n<h2 class=\"target Cas\">Vous ne perceviez pas de ch\u00f4mage dans votre pays d&rsquo;expatriation, mais il vous accorde vos droits \u00e0 l&rsquo;assurance maladie aupr\u00e8s de son r\u00e9gime<\/h2>\n<p>Vous b\u00e9n\u00e9ficiez de l&rsquo;assurance par la caisse des Fran\u00e7ais. Dans ce cas, vous devez pr\u00e9senter votre carte europ\u00e9enne d&rsquo;assurance maladie (ou le document portable S1 qui permet l&rsquo;inscription en vue de b\u00e9n\u00e9ficier de la couverture de la caisse primaire d assurance maladie fran\u00e7aise).<\/p>\n<h2>Vous perceviez l&rsquo; allocation ch\u00f4mage dans votre pays d&rsquo;expatriation<\/h2>\n<p>Dans ce cas, vos droits peuvent \u00eatre transf\u00e9r\u00e9s en France pendant 3 mois, mais vous devez respecter certaines conditions, comme le fait d&rsquo;\u00eatre r\u00e9sident en France de mani\u00e8re permanente. Vous b\u00e9n\u00e9ficiez de l&rsquo;assurance maladie sur pr\u00e9sentation de votre carte europ\u00e9enne d&rsquo;assurance maladie.<\/p>\n<p>L&rsquo;organisme d&rsquo;assurance ch\u00f4mage de l&rsquo;Etat o\u00f9 vous vous trouviez pr\u00e9c\u00e9demment, d\u00e9livre un\u00a0document portable U2. Ce document<strong>\u00a0<\/strong>permet de s&rsquo;inscrire aupr\u00e8s des services de P\u00f4le emploi dans les 7\u00a0jours qui suivent la date \u00e0 laquelle vous avez cess\u00e9 d&rsquo;\u00eatre \u00e0 la disposition des services pour l&#8217;emploi de l&rsquo;\u00c9tat comp\u00e9tent.<\/p>\n<p><strong>\u00c0 noter<\/strong> : une fois votre arriv\u00e9e en France n&rsquo;oubliez pas de vous tourner vers P\u00f4le Emploi services pour b\u00e9n\u00e9ficier de vos droits.<\/p>\n<h1><strong>Les avantages de la couverture m\u00e9dicale en France<\/strong><\/h1>\n<h2><strong>Les prestations m\u00e9dicales couvertes<\/strong><\/h2>\n<p>En France, la s\u00e9curit\u00e9 sociale offre une couverture m\u00e9dicale compl\u00e8te, qui comprend :<\/p>\n<ul>\n<li><strong>Les Consultations m\u00e9dicales :<\/strong> les frais des visites chez les m\u00e9decins g\u00e9n\u00e9ralistes et sp\u00e9cialistes sont pris en charge.<\/li>\n<li><strong>Les M\u00e9dicaments :<\/strong> la s\u00e9curit\u00e9 sociale rembourse une partie des co\u00fbts des m\u00e9dicaments prescrits par un m\u00e9decin.<\/li>\n<li><strong>Les Hospitalisations :<\/strong> les frais d&rsquo;hospitalisation sont couverts, y compris les interventions chirurgicales et les soins m\u00e9dicaux.<\/li>\n<li><strong>Les Soins dentaires :<\/strong> la s\u00e9curit\u00e9 sociale rembourse une partie des co\u00fbts des soins dentaires, tels que les proth\u00e8ses et les d\u00e9tartrages.<\/li>\n<li><strong>Les Soins optiques :<\/strong> les frais li\u00e9s aux lunettes et aux lentilles sont partiellement rembours\u00e9s.<\/li>\n<li><strong>La Maternit\u00e9 :<\/strong> les femmes enceintes b\u00e9n\u00e9ficient de prestations maternit\u00e9, notamment le remboursement des frais m\u00e9dicaux et l&rsquo;allocation de maternit\u00e9.<\/li>\n<li><strong>Les Soins de longue dur\u00e9e :<\/strong> les soins \u00e0 domicile ou en \u00e9tablissement pour les personnes en perte d&rsquo;autonomie sont pris en charge.<\/li>\n<\/ul>\n<h2><strong>Les compl\u00e9mentaires sant\u00e9 (Mutuelles)<\/strong><\/h2>\n<p>Bien que la s\u00e9curit\u00e9 sociale couvre une grande partie des frais m\u00e9dicaux, de nombreuses personnes souscrivent \u00e0 des compl\u00e9mentaires sant\u00e9, \u00e9galement appel\u00e9es mutuelles, pour b\u00e9n\u00e9ficier d&rsquo;une couverture plus \u00e9tendue. Ces compl\u00e9mentaires couvrent g\u00e9n\u00e9ralement :<\/p>\n<ul>\n<li style=\"list-style-type: none;\">\n<ul>\n<li><strong>Les Frais non rembours\u00e9s :<\/strong> les d\u00e9penses m\u00e9dicales qui ne sont pas couvertes par la s\u00e9curit\u00e9 sociale, comme les soins dentaires, les lunettes, et certains m\u00e9dicaments.<\/li>\n<li><strong>Le Tiers payant :<\/strong> la possibilit\u00e9 de ne pas avancer les frais m\u00e9dicaux, car la mutuelle r\u00e8gle directement le professionnel de sant\u00e9.<\/li>\n<li><strong>L&rsquo;Hospitalisation :<\/strong> une meilleure prise en charge des frais d&rsquo;hospitalisation, notamment en chambre individuelle.<\/li>\n<li><strong>La M\u00e9decine douce :<\/strong> certaines mutuelles couvrent des traitements alternatifs tels que l&rsquo;ost\u00e9opathie ou l&rsquo;acupuncture.<\/li>\n<li><strong>Le Bien-\u00catre :<\/strong> des avantages tels que des remboursements pour des s\u00e9ances de sport ou des cours de yoga.<\/li>\n<\/ul>\n<\/li>\n<\/ul>\n<h1><strong>Conseils pratiques pour une transition en douceur<\/strong><\/h1>\n<h2><strong>Faciliter votre transition<\/strong><\/h2>\n<ul>\n<li><strong>Anticipation :<\/strong> pr\u00e9parez-vous \u00e0 l&rsquo;avance en consultant les informations sur le syst\u00e8me de sant\u00e9 fran\u00e7ais et les d\u00e9marches administratives requises pour l&rsquo;inscription \u00e0 la s\u00e9curit\u00e9 sociale. Il est essentiel d&rsquo;anticiper les besoins m\u00e9dicaux de votre famille.<\/li>\n<li><strong>Conservation des documents :<\/strong> conservez pr\u00e9cieusement tous les documents m\u00e9dicaux, les ordonnances, et les dossiers m\u00e9dicaux de votre s\u00e9jour \u00e0 l&rsquo;\u00e9tranger. Ces documents peuvent \u00eatre utiles pour vos futurs soins m\u00e9dicaux en France.<\/li>\n<li><strong>Coordination avec votre assurance \u00e0 l&rsquo;\u00e9tranger :<\/strong> si vous avez une assurance m\u00e9dicale \u00e0 l&rsquo;\u00e9tranger, informez-vous sur les modalit\u00e9s de r\u00e9siliation ou de transfert de cette assurance. Assurez-vous que vous \u00eates couvert jusqu&rsquo;\u00e0 votre inscription \u00e0 la s\u00e9curit\u00e9 sociale fran\u00e7aise.<\/li>\n<\/ul>\n<h2><strong>Transfert de dossiers m\u00e9dicaux<\/strong><\/h2>\n<ul>\n<li><strong>Demandez des copies de vos dossiers m\u00e9dicaux :<\/strong> contactez vos m\u00e9decins \u00e0 l&rsquo;\u00e9tranger pour obtenir des copies de vos dossiers m\u00e9dicaux. Ces informations seront utiles pour vos futurs rendez-vous m\u00e9dicaux en France.<\/li>\n<li><strong>Trouvez un m\u00e9decin en France :<\/strong> recherchez un m\u00e9decin g\u00e9n\u00e9raliste en France et prenez rendez-vous d\u00e8s votre retour. Apportez avec vous vos dossiers m\u00e9dicaux pour permettre au m\u00e9decin de mieux comprendre votre historique m\u00e9dical.<\/li>\n<li><strong>Transf\u00e9rez vos ant\u00e9c\u00e9dents m\u00e9dicaux :<\/strong> lors de votre premier rendez-vous m\u00e9dical en France, discutez de vos ant\u00e9c\u00e9dents m\u00e9dicaux avec le m\u00e9decin. Ils pourront vous orienter vers des sp\u00e9cialistes si n\u00e9cessaire.<\/li>\n<li><strong>Assurez-Vous de la continuit\u00e9 des soins :<\/strong> si vous suivez un traitement m\u00e9dical ou prenez des m\u00e9dicaments, assurez-vous d&rsquo;avoir suffisamment de m\u00e9dicaments pour la p\u00e9riode de transition jusqu&rsquo;\u00e0 ce que vous soyez inscrit \u00e0 la s\u00e9curit\u00e9 sociale fran\u00e7aise.<\/li>\n<li><strong>V\u00e9rifiez vos vaccinations :<\/strong> assurez-vous que vos vaccinations sont \u00e0 jour, en particulier si vous avez des enfants. La France peut avoir des exigences sp\u00e9cifiques en mati\u00e8re de vaccinations pour l&rsquo;inscription \u00e0 la s\u00e9curit\u00e9 sociale.<\/li>\n<\/ul>\n<p>Ces conseils pratiques vous aideront \u00e0 effectuer une transition en douceur lors de votre retour en France et \u00e0 assurer une continuit\u00e9 dans vos soins m\u00e9dicaux. La pr\u00e9paration et l&rsquo;organisation sont essentielles pour \u00e9viter tout d\u00e9sagr\u00e9ment li\u00e9 \u00e0 votre couverture m\u00e9dicale.<\/p>\n<p>Un <a href=\"https:\/\/www.mes-allocs.fr\/souscription\">expert de l&rsquo;\u00e9quipe Mes Allocs<\/a> se tient \u00e0 votre disposition pour vous accompagner dans vos d\u00e9marches. Faites-nous confiance, nous sommes l\u00e0 pour vous aider.<\/p>\n<div class='cta-block'><div class='text'>Simulez toutes vos aides en 2 min.<\/div><a href='https:\/\/www.mes-allocs.fr\/ab-app?origin=guides\/wp-json\/wp\/v2\/posts\/29621' class='app-button fit'>Simulation gratuite<\/a><\/div>\n","protected":false},"excerpt":{"rendered":"<p>Les expatri\u00e9s b\u00e9n\u00e9ficient de nombreuses aides pour les accompagner dans leur quotidien. Mais \u00e0 leur retour en France, quelques d\u00e9marches administratives s&rsquo;imposent. Depuis 2016, une loi de simplification est entr\u00e9e en vigueur en ce qui concerne l\u2019affiliation \u00e0 la s\u00e9curit\u00e9 sociale en France. La CMU (Couverture Maladie Universelle) n&rsquo;est plus en vigueur, cela au profit [&hellip;]<\/p>\n","protected":false},"author":10,"featured_media":29669,"comment_status":"open","ping_status":"open","sticky":false,"template":"","format":"standard","meta":{"amp_status":"","footnotes":""},"categories":[8642,9738],"tags":[],"class_list":["post-29621","post","type-post","status-publish","format-standard","has-post-thumbnail","hentry","category-aide-expatriation","category-securite-sociale-expatrie"],"yoast_head":"<!-- This site is optimized with the Yoast SEO plugin v14.9 - https:\/\/yoast.com\/wordpress\/plugins\/seo\/ -->\n<title>Retour en France apr\u00e8s expatriation : inscription \u00e0 la S\u00e9curit\u00e9 sociale<\/title>\n<meta name=\"description\" content=\"De retour en France apr\u00e8s une expatriation, vous devez vous affilier au r\u00e9gime de la s\u00e9curit\u00e9 sociale fran\u00e7aise. Mes Allocs vous explique tout !\" \/>\n<meta name=\"robots\" content=\"index, follow, max-snippet:-1, max-image-preview:large, max-video-preview:-1\" \/>\n<link rel=\"canonical\" href=\"https:\/\/www.mes-allocs.fr\/guides\/aide-expatriation\/securite-sociale-expatrie\/retour-en-france-securite-sociale\/\" \/>\n<meta property=\"og:locale\" content=\"fr_FR\" \/>\n<meta property=\"og:type\" content=\"article\" \/>\n<meta property=\"og:title\" content=\"Retour en France apr\u00e8s expatriation : inscription \u00e0 la S\u00e9curit\u00e9 sociale\" \/>\n<meta property=\"og:description\" content=\"De retour en France apr\u00e8s une expatriation, vous devez vous affilier au r\u00e9gime de la s\u00e9curit\u00e9 sociale fran\u00e7aise. Mes Allocs vous explique tout !\" \/>\n<meta property=\"og:url\" content=\"https:\/\/www.mes-allocs.fr\/guides\/aide-expatriation\/securite-sociale-expatrie\/retour-en-france-securite-sociale\/\" \/>\n<meta property=\"og:site_name\" content=\"Mes-Allocs.fr\" \/>\n<meta property=\"article:published_time\" content=\"2021-06-09T12:31:54+00:00\" \/>\n<meta property=\"article:modified_time\" content=\"2025-07-11T09:21:15+00:00\" \/>\n<meta property=\"og:image\" content=\"https:\/\/www.mes-allocs.fr\/guides\/wp-content\/uploads\/2021\/06\/paris-843229_1280-e1623162305719.jpg?wsr\" \/>\n\t<meta property=\"og:image:width\" content=\"1280\" \/>\n\t<meta property=\"og:image:height\" content=\"416\" \/>\n<meta name=\"twitter:card\" content=\"summary_large_image\" \/>\n<script type=\"application\/ld+json\" class=\"yoast-schema-graph\">{\"@context\":\"https:\/\/schema.org\",\"@graph\":[{\"@type\":\"WebSite\",\"@id\":\"https:\/\/www.mes-allocs.fr\/guides\/#website\",\"url\":\"https:\/\/www.mes-allocs.fr\/guides\/\",\"name\":\"Mes-Allocs.fr\",\"description\":\"\",\"potentialAction\":[{\"@type\":\"SearchAction\",\"target\":\"https:\/\/www.mes-allocs.fr\/guides\/?s={search_term_string}\",\"query-input\":\"required name=search_term_string\"}],\"inLanguage\":\"fr-FR\"},{\"@type\":\"ImageObject\",\"@id\":\"https:\/\/www.mes-allocs.fr\/guides\/aide-expatriation\/securite-sociale-expatrie\/retour-en-france-securite-sociale\/#primaryimage\",\"inLanguage\":\"fr-FR\",\"url\":\"https:\/\/www.mes-allocs.fr\/guides\/wp-content\/uploads\/2021\/06\/paris-843229_1280-e1623162305719.jpg?wsr\",\"width\":1280,\"height\":416,\"caption\":\"Inscription s\\u00e9curit\\u00e9 sociale retour France\"},{\"@type\":\"WebPage\",\"@id\":\"https:\/\/www.mes-allocs.fr\/guides\/aide-expatriation\/securite-sociale-expatrie\/retour-en-france-securite-sociale\/#webpage\",\"url\":\"https:\/\/www.mes-allocs.fr\/guides\/aide-expatriation\/securite-sociale-expatrie\/retour-en-france-securite-sociale\/\",\"name\":\"Retour en France apr\\u00e8s expatriation : inscription \\u00e0 la S\\u00e9curit\\u00e9 sociale\",\"isPartOf\":{\"@id\":\"https:\/\/www.mes-allocs.fr\/guides\/#website\"},\"primaryImageOfPage\":{\"@id\":\"https:\/\/www.mes-allocs.fr\/guides\/aide-expatriation\/securite-sociale-expatrie\/retour-en-france-securite-sociale\/#primaryimage\"},\"datePublished\":\"2021-06-09T12:31:54+00:00\",\"dateModified\":\"2025-07-11T09:21:15+00:00\",\"author\":{\"@id\":\"https:\/\/www.mes-allocs.fr\/guides\/#\/schema\/person\/8d47b912c0ad15f379df96b4e4e33f58\"},\"description\":\"De retour en France apr\\u00e8s une expatriation, vous devez vous affilier au r\\u00e9gime de la s\\u00e9curit\\u00e9 sociale fran\\u00e7aise. Mes Allocs vous explique tout !\",\"inLanguage\":\"fr-FR\"},{\"@type\":\"Person\",\"@id\":\"https:\/\/www.mes-allocs.fr\/guides\/#\/schema\/person\/8d47b912c0ad15f379df96b4e4e33f58\",\"name\":\"Constance de Cagny\",\"image\":{\"@type\":\"ImageObject\",\"@id\":\"https:\/\/www.mes-allocs.fr\/guides\/#personlogo\",\"inLanguage\":\"fr-FR\",\"url\":\"https:\/\/www.mes-allocs.fr\/guides\/wp-content\/uploads\/2021\/06\/Constance.2e8ee0b.png\",\"caption\":\"Constance de Cagny\"},\"description\":\"Constance est r\\u00e9dactrice au sein de l'\\u00e9quipe Mes Allocs. Elle a l'habitude d'\\u00e9crire sur les sujets conso, bons plans et \\u00e9conomies. Dipl\\u00f4m\\u00e9e de l'ENACO, elle rejoint Mes Allocs apr\\u00e8s une premi\\u00e8re exp\\u00e9rience en cabinet notarial.\",\"sameAs\":[\"https:\/\/www.linkedin.com\/in\/constance-de-cagny-mayeur-bbb414135\"]}]}<\/script>\n<!-- \/ Yoast SEO plugin. -->","amp_validity":null,"acf":{"faq":{"1":{"question":"Comment se r\u00e9inscrire \u00e0 la s\u00e9curit\u00e9 sociale ?","answer":"Les personnes qui reviennent en France peuvent ainsi s'affilier directement au r\u00e9gime g\u00e9n\u00e9ral au bout de trois mois en remplissant un simple formulaire unique : la \u201cdemande d'ouverture des droits \u00e0 l'assurance maladie\u201d, quel que soit son statut marital et professionnel."},"2":{"question":"Comment se r\u00e9inscrire \u00e0 la s\u00e9curit\u00e9 sociale apr\u00e8s expatriation ?","answer":"Si la convention pass\u00e9e par votre pays ne vous ouvre pas de droits en France et si vous remplissez les conditions de r\u00e9sidence stable et r\u00e9guli\u00e8re sur le territoire fran\u00e7ais, vous pouvez demander la protection universelle maladie (Puma) \u00e0 votre CPAM ."},"3":{"question":"Quelle s\u00e9curit\u00e9 sociale pour les expatri\u00e9s ?","answer":"En tant qu'expatri\u00e9, vous serez soumis au r\u00e9gime de s\u00e9curit\u00e9 sociale qui existe dans ce pays et vous ne serez plus assur\u00e9 social en France. "},"4":{"question":"Comment b\u00e9n\u00e9ficier de la s\u00e9curit\u00e9 sociale \u00e0 l'\u00e9tranger ?","answer":"Si vous partez \u00e9tudier dans un pays de l'Espace \u00e9conomique europ\u00e9en (EEE) ou en Suisse moins d'un an, vous restez affili\u00e9 \u00e0 la s\u00e9curit\u00e9 sociale fran\u00e7aise. "},"5":{"question":"Comment b\u00e9n\u00e9ficier du r\u00e9gime fiscal des impatri\u00e9s ?","answer":"A compter de sa date de prise de fonction, la personne souhaitant b\u00e9n\u00e9ficier du r\u00e9gime fiscal de l'impatriation doit \u00eatre fiscalement domicili\u00e9e en France au sens de l'article 4 B du CGI"},"6":{"question":"Comment faire une demande d'avance Loca-Pass ?","answer":"Pour faire votre demande vous devez vous rendre sur le site d'Action Logement. vous devrez faire une simulation de vos droits puis remplir le formulaire et y joindre les pi\u00e8ces justificatives demand\u00e9es."},"7":{"question":"","answer":""},"8":{"question":"","answer":""},"9":{"question":"","answer":""},"10":{"question":"","answer":""},"11":{"question":"","answer":""},"12":{"question":"","answer":""},"13":{"question":"","answer":""},"14":{"question":"","answer":""},"15":{"question":"","answer":""},"16":{"question":"","answer":""}}},"_links":{"self":[{"href":"https:\/\/www.mes-allocs.fr\/guides\/wp-json\/wp\/v2\/posts\/29621","targetHints":{"allow":["GET"]}}],"collection":[{"href":"https:\/\/www.mes-allocs.fr\/guides\/wp-json\/wp\/v2\/posts"}],"about":[{"href":"https:\/\/www.mes-allocs.fr\/guides\/wp-json\/wp\/v2\/types\/post"}],"author":[{"embeddable":true,"href":"https:\/\/www.mes-allocs.fr\/guides\/wp-json\/wp\/v2\/users\/10"}],"replies":[{"embeddable":true,"href":"https:\/\/www.mes-allocs.fr\/guides\/wp-json\/wp\/v2\/comments?post=29621"}],"version-history":[{"count":15,"href":"https:\/\/www.mes-allocs.fr\/guides\/wp-json\/wp\/v2\/posts\/29621\/revisions"}],"predecessor-version":[{"id":102044,"href":"https:\/\/www.mes-allocs.fr\/guides\/wp-json\/wp\/v2\/posts\/29621\/revisions\/102044"}],"wp:featuredmedia":[{"embeddable":true,"href":"https:\/\/www.mes-allocs.fr\/guides\/wp-json\/wp\/v2\/media\/29669"}],"wp:attachment":[{"href":"https:\/\/www.mes-allocs.fr\/guides\/wp-json\/wp\/v2\/media?parent=29621"}],"wp:term":[{"taxonomy":"category","embeddable":true,"href":"https:\/\/www.mes-allocs.fr\/guides\/wp-json\/wp\/v2\/categories?post=29621"},{"taxonomy":"post_tag","embeddable":true,"href":"https:\/\/www.mes-allocs.fr\/guides\/wp-json\/wp\/v2\/tags?post=29621"}],"curies":[{"name":"wp","href":"https:\/\/api.w.org\/{rel}","templated":true}]}}