{"id":29577,"date":"2021-06-09T13:30:42","date_gmt":"2021-06-09T13:30:42","guid":{"rendered":"https:\/\/www.mes-allocs.fr\/guides\/?p=29577"},"modified":"2026-03-03T14:18:26","modified_gmt":"2026-03-03T13:18:26","slug":"conge-de-solidarite-familiale-remuneration","status":"publish","type":"post","link":"https:\/\/www.mes-allocs.fr\/guides\/allocations-familiales\/conge-solidarite-familiale\/conge-de-solidarite-familiale-remuneration\/","title":{"rendered":"Quelle est la r\u00e9mun\u00e9ration per\u00e7ue pendant le cong\u00e9 de solidarit\u00e9 familiale ?"},"content":{"rendered":"<p><img loading=\"lazy\" decoding=\"async\" class=\"aligncenter wp-image-29608 size-full\" src=\"https:\/\/www.mes-allocs.fr\/guides\/wp-content\/uploads\/2021\/06\/pexels-pixabay-259100-e1687275635356.jpg\" alt=\"Cong\u00e9 de solidarit\u00e9 familiale r\u00e9mun\u00e9ration per\u00e7ue\" width=\"1280\" height=\"230\" \/><\/p>\n<p style=\"text-align: justify;\">[Mis \u00e0 jour le 27\/02\/2026] Le cong\u00e9 de solidarit\u00e9 familiale n\u2019est pas \u00e0 proprement parler une <a href=\"https:\/\/www.mes-allocs.fr\/guides\/allocations-familiales\/\">allocation familiale<\/a>, toutefois, il vous permet de venir en aide \u00e0 un membre de votre famille ou un proche dont le pronostic vital est engag\u00e9. Pendant ce cong\u00e9, votre salaire est forc\u00e9ment impact\u00e9. Alors, comment percevoir une <strong>r\u00e9mun\u00e9ration pendant un cong\u00e9 de solidarit\u00e9 familiale<\/strong> ? On vous explique.<\/p>\n<div class='cta-block'><div class='text'>Simulez toutes vos aides en 2 min.<\/div><a href='https:\/\/www.mes-allocs.fr\/ab-app?origin=guides\/wp-json\/wp\/v2\/posts\/29577' class='app-button fit'>Simulation gratuite<\/a><\/div>\n<h1>Quelle r\u00e9mun\u00e9ration peut-on percevoir pendant un cong\u00e9 de solidarit\u00e9 familiale ?<\/h1>\n<p>Pendant votre p\u00e9riode de cong\u00e9, vous pouvez faire une demande afin de b\u00e9n\u00e9ficier d&rsquo;une allocation journali\u00e8re d&rsquo;accompagnement.<\/p>\n<p>Pour b\u00e9n\u00e9ficier de l&rsquo;allocation journali\u00e8re vous devez faire une demande en remplissant le formulaire Cerfa n\u00b014555*01\u00a0de \u00ab\u00a0Demande d&rsquo;allocation journali\u00e8re d&rsquo;accompagnement d&rsquo;une personne en fin de vie\u00a0\u00bb.<\/p>\n<p>Le\u00a0cong\u00e9 de solidarit\u00e9 familiale est consid\u00e9r\u00e9 comme du temps de travail effectif, votre absence est prise en compte dans le calcul des avantages li\u00e9s \u00e0 votre anciennet\u00e9.<\/p>\n<p><strong>\u00c0 noter : si vous \u00eates stagiaires fonctionnaires, le stage est prolong\u00e9 du nombre de jours de cong\u00e9 pris.<\/strong><\/p>\n<h1>Qu&rsquo;est-ce que le cong\u00e9 de solidarit\u00e9 familiale ?<\/h1>\n<p>Le cong\u00e9 de solidarit\u00e9 familiale peut \u00eatre demand\u00e9 par un salari\u00e9 ou un fonctionnaire pour assister un proche ayant une pathologie mettant en jeu le pronostic vital.<\/p>\n<p>La\u00a0<strong>dur\u00e9e du cong\u00e9 de solidarit\u00e9 familiale<\/strong> est de 3 mois maximum, renouvelable une fois. Le cong\u00e9 peut \u00eatre pris de mani\u00e8re continue ou fractionn\u00e9e. Il peut \u00eatre fractionn\u00e9 \u00e0 partir d\u2019une journ\u00e9e, dans la limite de la dur\u00e9e maximale autoris\u00e9e.<\/p>\n<p>Si vous souhaitez renouveler votre cong\u00e9 de solidarit\u00e9 familiale ou votre activit\u00e9 \u00e0 temps partiel, vous devez en avertir votre employeur par lettre recommand\u00e9e avec avis de r\u00e9ception, ou remise contre r\u00e9c\u00e9piss\u00e9, au moins 15 jours avant la fin du cong\u00e9 initialement pr\u00e9vue. Pendant votre demande de cong\u00e9 vous avez \u00e9galement la possibilit\u00e9 de b\u00e9n\u00e9ficier de l&rsquo; allocation journali\u00e8re d accompagnement pour percevoir des revenus. L\u2019allocation journali\u00e8re d\u2019accompagnement est vers\u00e9e pour 21 jours maximum par personne accompagn\u00e9e. Elle continue d\u2019\u00eatre vers\u00e9e m\u00eame si la personne accompagn\u00e9e est hospitalis\u00e9e, d\u00e8s lors que le versement a d\u00e9but\u00e9.<\/p>\n<p>En cas d&rsquo;urgence absolue qui a \u00e9t\u00e9 <b>constat\u00e9e par \u00e9crit<\/b> par le m\u00e9decin de la personne que vous assistez, le <b>cong\u00e9<\/b> peut \u00eatre renouvel\u00e9 pour mois renouvelable sans d\u00e9lai. En cas de d\u00e9c\u00e8s, le cong\u00e9 prend fin dans les 3 jours qui suivent et le salari\u00e9 doit informer l\u2019employeur au moins 3 jours avant son retour.<\/p>\n<p><strong>\u00c0 noter : La personne en\u00a0 cong\u00e9 de solidarit\u00e9 conserve ses droits \u00e0 prestations en nature et en esp\u00e8ces (indemnit\u00e9s journali\u00e8res) de l&rsquo;assurance-maladie, maternit\u00e9, invalidit\u00e9 et d\u00e9c\u00e8s aussi longtemps que dure son cong\u00e9.<\/strong><\/p>\n<div class='cta-block'><div class='text'>Simulez toutes vos aides en 2 min.<\/div><a href='https:\/\/www.mes-allocs.fr\/ab-app?origin=guides\/wp-json\/wp\/v2\/posts\/29577' class='app-button fit'>Simulation gratuite<\/a><\/div>\n<h2>Conditions pour faire valoir ses droits<\/h2>\n<p><strong>Si vous \u00eates salari\u00e9 vous pouvez formuler votre demande pour :<\/strong><\/p>\n<ul>\n<li>Votre m\u00e8re, votre p\u00e8re<\/li>\n<li>Votre propre enfant, ou bien petit enfant<\/li>\n<li>Votre soeur ou votre fr\u00e8re<\/li>\n<li>Une personne qui partage le m\u00eame domicile fiscal (votre conjoint : concubin, partenaire, etc)<\/li>\n<\/ul>\n<h2>Comment formuler une demande ?<\/h2>\n<p>En tant que salari\u00e9 ou fonctionnaire, vous devez obligatoirement informer votre employeur de votre souhait de b\u00e9n\u00e9ficier du cong\u00e9 de solidarit\u00e9 familiale, et cela au minimum 15 jours avant le d\u00e9but initial du cong\u00e9<\/p>\n<p><strong>Vous avez la possibilit\u00e9 d&rsquo;informer votre employeur de la mani\u00e8re suivante :<\/strong><\/p>\n<ul>\n<li>Lettre recommand\u00e9e avec accus\u00e9 de r\u00e9ception ;<\/li>\n<li>Une lettre remise en main propre ;<\/li>\n<\/ul>\n<p><strong>\u00c0 noter : Dans tous les cas, vous devez justifier la date pr\u00e9visible de votre demande\u00a0<\/strong><\/p>\n<p><strong>Pour une \u00e9tude de vos droits, vous devrez inscrire les informations suviantes :\u00a0<\/strong><\/p>\n<ul>\n<li>La suspension de votre contrat de travail de votre activit\u00e9 professionnelle pour b\u00e9n\u00e9ficier du cong\u00e9 de solidarit\u00e9 familiale ;<\/li>\n<li>La date de votre d\u00e9part en cong\u00e9 ;<\/li>\n<li>La date de fin du cong\u00e9<\/li>\n<li>Si vous souhaitez une p\u00e9riode fractionn\u00e9e ou un temps partiel<\/li>\n<\/ul>\n<h2>Protections sociales pendant le cong\u00e9 de solidarit\u00e9 familiale ?<\/h2>\n<p><strong>Pendant toute la dur\u00e9e de votre cong\u00e9 de solidarit\u00e9 familiale et \u00e0 la fin de ce dernier vous conservez vos droits aux :<\/strong><\/p>\n<ul>\n<li>remboursement de vos soins en cas de maladie et de maternit\u00e9 ;<\/li>\n<li>versement d&rsquo;indemnit\u00e9s journali\u00e8res en cas d&rsquo;arr\u00eat de travail pour maladie, de cong\u00e9 maternit\u00e9 ou paternit\u00e9, et des prestations des assurances invalidit\u00e9 et d\u00e9c\u00e8s.<\/li>\n<\/ul>\n<p><iframe loading=\"lazy\" title=\"Tout Savoir sur les Allocations Familiales !\" width=\"500\" height=\"281\" src=\"https:\/\/www.youtube.com\/embed\/XEX_FdLLYMo?feature=oembed\" frameborder=\"0\" allow=\"accelerometer; autoplay; clipboard-write; encrypted-media; gyroscope; picture-in-picture; web-share\" referrerpolicy=\"strict-origin-when-cross-origin\" allowfullscreen><\/iframe><\/p>\n<h1 class=\"main_headline\" title=\"Qu\u2019est-ce que l\u2019Allocation journali\u00e8re du proche aidant (AJPA)\u00a0?\">L\u2019Allocation journali\u00e8re du proche aidant (AJPA) ?<\/h1>\n<h2 id=\"quelle-est-la-duree-de-versement-de-lajpa\">Dur\u00e9e de versement de l\u2019AJPA<\/h2>\n<p>Le nombre d\u2019allocations journali\u00e8res du proche aidant vers\u00e9 est limit\u00e9 ; il ne peut en effet exc\u00e9der 22 jours au titre d\u2019un mois civil et 66 jours au total pour sur l&rsquo;ensemble de votre carri\u00e8re professionnelle et cela pour une ou bien plusieurs proches malades. Elle peut cependant \u00eatre renouvel\u00e9e.<\/p>\n<p>En revanche, pour les demandeurs d&#8217;emploi, ces derniers doivent informer P\u00f4le Emploi du nombre de jour de cong\u00e9 d\u00e9sir\u00e9s. Ainsi, le montant de l&rsquo;indemnit\u00e9 ch\u00f4mage sera r\u00e9duite en fonction du jour ou l&rsquo;AJPA vous sera vers\u00e9e. Lorsque le cong\u00e9 est transform\u00e9 en activit\u00e9 \u00e0 temps partiel, le montant de l\u2019allocation est adapt\u00e9 proportionnellement \u00e0 la r\u00e9duction d\u2019activit\u00e9.<\/p>\n<h2 id=\"comment-faire-une-demande-dallocation-journaliere-du-proche-aidant\">Demande d\u2019allocation journali\u00e8re du proche aidant<\/h2>\n<p>Cette allocation est vers\u00e9e par la Caisse d\u2019allocations familiales (CAF) ou la Mutualit\u00e9 sociale agricole (MSA), uniquement si vous en faire la demande. Le versement de l&rsquo;aide n&rsquo;est pas automatique.<\/p>\n<p>Il est \u00e9galement possible de faire une demande directement en replissant un formulaire Cerfa.<\/p>\n<div class='cta-block'><div class='text'>Simulez toutes vos aides en 2 min.<\/div><a href='https:\/\/www.mes-allocs.fr\/ab-app?origin=guides\/wp-json\/wp\/v2\/posts\/29577' class='app-button fit'>Simulation gratuite<\/a><\/div>\n","protected":false},"excerpt":{"rendered":"<p>[Mis \u00e0 jour le 27\/02\/2026] Le cong\u00e9 de solidarit\u00e9 familiale n\u2019est pas \u00e0 proprement parler une allocation familiale, toutefois, il vous permet de venir en aide \u00e0 un membre de votre famille ou un proche dont le pronostic vital est engag\u00e9. Pendant ce cong\u00e9, votre salaire est forc\u00e9ment impact\u00e9. Alors, comment percevoir une r\u00e9mun\u00e9ration pendant [&hellip;]<\/p>\n","protected":false},"author":10,"featured_media":29608,"comment_status":"open","ping_status":"open","sticky":false,"template":"","format":"standard","meta":{"amp_status":"","footnotes":""},"categories":[10,10875],"tags":[],"class_list":["post-29577","post","type-post","status-publish","format-standard","has-post-thumbnail","hentry","category-allocations-familiales","category-conge-solidarite-familiale"],"yoast_head":"<!-- This site is optimized with the Yoast SEO plugin v14.9 - https:\/\/yoast.com\/wordpress\/plugins\/seo\/ -->\n<title>Quelle r\u00e9mun\u00e9ration pendant le cong\u00e9 de solidarit\u00e9 familiale ?<\/title>\n<meta name=\"description\" content=\"Vous pouvez b\u00e9n\u00e9ficier de ce cong\u00e9 pour aider un proche malade. Mes Allocs vous explique quelle r\u00e9mun\u00e9ration vous pouvez percevoir.\" \/>\n<meta name=\"robots\" content=\"index, follow, max-snippet:-1, max-image-preview:large, max-video-preview:-1\" \/>\n<link rel=\"canonical\" href=\"https:\/\/www.mes-allocs.fr\/guides\/allocations-familiales\/conge-solidarite-familiale\/conge-de-solidarite-familiale-remuneration\/\" \/>\n<meta property=\"og:locale\" content=\"fr_FR\" \/>\n<meta property=\"og:type\" content=\"article\" \/>\n<meta property=\"og:title\" content=\"Quelle r\u00e9mun\u00e9ration pendant le cong\u00e9 de solidarit\u00e9 familiale ?\" \/>\n<meta property=\"og:description\" content=\"Vous pouvez b\u00e9n\u00e9ficier de ce cong\u00e9 pour aider un proche malade. Mes Allocs vous explique quelle r\u00e9mun\u00e9ration vous pouvez percevoir.\" \/>\n<meta property=\"og:url\" content=\"https:\/\/www.mes-allocs.fr\/guides\/allocations-familiales\/conge-solidarite-familiale\/conge-de-solidarite-familiale-remuneration\/\" \/>\n<meta property=\"og:site_name\" content=\"Mes-Allocs.fr\" \/>\n<meta property=\"article:published_time\" content=\"2021-06-09T13:30:42+00:00\" \/>\n<meta property=\"article:modified_time\" content=\"2026-03-03T13:18:26+00:00\" \/>\n<meta property=\"og:image\" content=\"https:\/\/www.mes-allocs.fr\/guides\/wp-content\/uploads\/2021\/06\/pexels-pixabay-259100.jpg?wsr\" \/>\n\t<meta property=\"og:image:width\" content=\"1280\" \/>\n\t<meta property=\"og:image:height\" content=\"817\" \/>\n<meta name=\"twitter:card\" content=\"summary_large_image\" \/>\n<script type=\"application\/ld+json\" class=\"yoast-schema-graph\">{\"@context\":\"https:\/\/schema.org\",\"@graph\":[{\"@type\":\"WebSite\",\"@id\":\"https:\/\/www.mes-allocs.fr\/guides\/#website\",\"url\":\"https:\/\/www.mes-allocs.fr\/guides\/\",\"name\":\"Mes-Allocs.fr\",\"description\":\"\",\"potentialAction\":[{\"@type\":\"SearchAction\",\"target\":\"https:\/\/www.mes-allocs.fr\/guides\/?s={search_term_string}\",\"query-input\":\"required name=search_term_string\"}],\"inLanguage\":\"fr-FR\"},{\"@type\":\"ImageObject\",\"@id\":\"https:\/\/www.mes-allocs.fr\/guides\/allocations-familiales\/conge-solidarite-familiale\/conge-de-solidarite-familiale-remuneration\/#primaryimage\",\"inLanguage\":\"fr-FR\",\"url\":\"https:\/\/www.mes-allocs.fr\/guides\/wp-content\/uploads\/2021\/06\/pexels-pixabay-259100.jpg?wsr\",\"width\":1280,\"height\":817,\"caption\":\"Cong\\u00e9 de solidarit\\u00e9 familiale : r\\u00e9mun\\u00e9ration per\\u00e7ue\"},{\"@type\":\"WebPage\",\"@id\":\"https:\/\/www.mes-allocs.fr\/guides\/allocations-familiales\/conge-solidarite-familiale\/conge-de-solidarite-familiale-remuneration\/#webpage\",\"url\":\"https:\/\/www.mes-allocs.fr\/guides\/allocations-familiales\/conge-solidarite-familiale\/conge-de-solidarite-familiale-remuneration\/\",\"name\":\"Quelle r\\u00e9mun\\u00e9ration pendant le cong\\u00e9 de solidarit\\u00e9 familiale ?\",\"isPartOf\":{\"@id\":\"https:\/\/www.mes-allocs.fr\/guides\/#website\"},\"primaryImageOfPage\":{\"@id\":\"https:\/\/www.mes-allocs.fr\/guides\/allocations-familiales\/conge-solidarite-familiale\/conge-de-solidarite-familiale-remuneration\/#primaryimage\"},\"datePublished\":\"2021-06-09T13:30:42+00:00\",\"dateModified\":\"2026-03-03T13:18:26+00:00\",\"author\":{\"@id\":\"https:\/\/www.mes-allocs.fr\/guides\/#\/schema\/person\/8d47b912c0ad15f379df96b4e4e33f58\"},\"description\":\"Vous pouvez b\\u00e9n\\u00e9ficier de ce cong\\u00e9 pour aider un proche malade. Mes Allocs vous explique quelle r\\u00e9mun\\u00e9ration vous pouvez percevoir.\",\"inLanguage\":\"fr-FR\"},{\"@type\":\"Person\",\"@id\":\"https:\/\/www.mes-allocs.fr\/guides\/#\/schema\/person\/8d47b912c0ad15f379df96b4e4e33f58\",\"name\":\"Constance de Cagny\",\"image\":{\"@type\":\"ImageObject\",\"@id\":\"https:\/\/www.mes-allocs.fr\/guides\/#personlogo\",\"inLanguage\":\"fr-FR\",\"url\":\"https:\/\/www.mes-allocs.fr\/guides\/wp-content\/uploads\/2021\/06\/Constance.2e8ee0b.png\",\"caption\":\"Constance de Cagny\"},\"description\":\"Constance est r\\u00e9dactrice au sein de l'\\u00e9quipe Mes Allocs. Elle a l'habitude d'\\u00e9crire sur les sujets conso, bons plans et \\u00e9conomies. Dipl\\u00f4m\\u00e9e de l'ENACO, elle rejoint Mes Allocs apr\\u00e8s une premi\\u00e8re exp\\u00e9rience en cabinet notarial.\",\"sameAs\":[\"https:\/\/www.linkedin.com\/in\/constance-de-cagny-mayeur-bbb414135\"]}]}<\/script>\n<!-- \/ Yoast SEO plugin. -->","amp_validity":null,"acf":{"faq":{"1":{"question":"Comment faire une simulation d'allocations familiales ?","answer":"Le plus simple pour savoir si vous \u00eates \u00e9ligible \u00e0 une allocations familiales en fonction de vos revenus et de votre situation familiale, est de faire la simulation gratuite d'allocations familiales de Mes Allocs."},"2":{"question":"Qui peut b\u00e9n\u00e9ficier d'un cong\u00e9 de solidarit\u00e9 familiale ?","answer":"Le droit au cong\u00e9 de solidarit\u00e9 familiale b\u00e9n\u00e9ficie, dans les m\u00eames conditions, au salari\u00e9 qui souhaite assister la personne malade l'ayant d\u00e9sign\u00e9 comme personne de confiance."},"3":{"question":"Puis-je travailler apr\u00e8s ma retraite ?","answer":"Il est tout \u00e0 fait possible de travailler \u00e0 la retraite et mieux, de toucher \u00e0 la fois une pension de vieillesse et un revenu d'activit\u00e9."},"4":{"question":"Comment est calcul\u00e9 l'indemnisation P\u00f4le Emploi ?","answer":"Le montant journalier de votre allocation ch\u00f4mage est \u00e9gal au montant le plus \u00e9lev\u00e9 entre : 40,4 % de votre salaire journalier de r\u00e9f\u00e9rence* (SJR) + 13,18 \u20ac ; 57 % de votre SJR."},"5":{"question":"Comment calculer le salaire par jour ?","answer":"Le salaire journalier de r\u00e9f\u00e9rence (SJR) est \u00e9gal au salaire annuel de r\u00e9f\u00e9rence divis\u00e9 par le nombre de jours travaill\u00e9s durant la p\u00e9riode de r\u00e9f\u00e9rence de calcul (PRC). "},"6":{"question":"Qui a le droit aux allocations familiales ?","answer":"Les allocations familiales sont vers\u00e9es aux personnes ayant au moins 2 enfants de moins de 20 ans \u00e0 charge. "},"7":{"question":"","answer":""},"8":{"question":"","answer":""},"9":{"question":"","answer":""},"10":{"question":"","answer":""},"11":{"question":"","answer":""},"12":{"question":"","answer":""},"13":{"question":"","answer":""},"14":{"question":"","answer":""},"15":{"question":"","answer":""},"16":{"question":"","answer":""}}},"_links":{"self":[{"href":"https:\/\/www.mes-allocs.fr\/guides\/wp-json\/wp\/v2\/posts\/29577","targetHints":{"allow":["GET"]}}],"collection":[{"href":"https:\/\/www.mes-allocs.fr\/guides\/wp-json\/wp\/v2\/posts"}],"about":[{"href":"https:\/\/www.mes-allocs.fr\/guides\/wp-json\/wp\/v2\/types\/post"}],"author":[{"embeddable":true,"href":"https:\/\/www.mes-allocs.fr\/guides\/wp-json\/wp\/v2\/users\/10"}],"replies":[{"embeddable":true,"href":"https:\/\/www.mes-allocs.fr\/guides\/wp-json\/wp\/v2\/comments?post=29577"}],"version-history":[{"count":22,"href":"https:\/\/www.mes-allocs.fr\/guides\/wp-json\/wp\/v2\/posts\/29577\/revisions"}],"predecessor-version":[{"id":109941,"href":"https:\/\/www.mes-allocs.fr\/guides\/wp-json\/wp\/v2\/posts\/29577\/revisions\/109941"}],"wp:featuredmedia":[{"embeddable":true,"href":"https:\/\/www.mes-allocs.fr\/guides\/wp-json\/wp\/v2\/media\/29608"}],"wp:attachment":[{"href":"https:\/\/www.mes-allocs.fr\/guides\/wp-json\/wp\/v2\/media?parent=29577"}],"wp:term":[{"taxonomy":"category","embeddable":true,"href":"https:\/\/www.mes-allocs.fr\/guides\/wp-json\/wp\/v2\/categories?post=29577"},{"taxonomy":"post_tag","embeddable":true,"href":"https:\/\/www.mes-allocs.fr\/guides\/wp-json\/wp\/v2\/tags?post=29577"}],"curies":[{"name":"wp","href":"https:\/\/api.w.org\/{rel}","templated":true}]}}