{"id":29546,"date":"2021-06-09T13:23:43","date_gmt":"2021-06-09T13:23:43","guid":{"rendered":"https:\/\/www.mes-allocs.fr\/guides\/?p=29546"},"modified":"2026-02-26T18:30:20","modified_gmt":"2026-02-26T17:30:20","slug":"conge-de-solidarite-familiale-et-retraite","status":"publish","type":"post","link":"https:\/\/www.mes-allocs.fr\/guides\/allocations-familiales\/conge-solidarite-familiale\/conge-de-solidarite-familiale-et-retraite\/","title":{"rendered":"Cong\u00e9 de solidarit\u00e9 familiale et retraite : tout savoir"},"content":{"rendered":"<p><img loading=\"lazy\" decoding=\"async\" class=\"aligncenter wp-image-29571 size-full\" src=\"https:\/\/www.mes-allocs.fr\/guides\/wp-content\/uploads\/2021\/06\/pexels-andrea-piacquadio-3791665-e1623073660664.jpg\" alt=\"Cong\u00e9 de solidarit\u00e9 familiale et retraite\" width=\"1280\" height=\"502\" \/><\/p>\n<p style=\"text-align: justify;\">[Mis \u00e0 jour le 26\/02\/2026] Le cong\u00e9 de solidarit\u00e9 familiale n\u2019est pas \u00e0 proprement parler une <a href=\"https:\/\/www.mes-allocs.fr\/guides\/allocations-familiales\/\">allocation familiale<\/a>, toutefois, il peut vous permettre de vous occuper d&rsquo;un proche en fin de vie. Ce cong\u00e9 ne peut \u00eatre pris en compte dans le calcul de vos RTT, en revanche, cela ne vous emp\u00eache pas de cotiser pour votre retraite. Mes Allocs vous explique tout sur <strong>le cong\u00e9 de solidarit\u00e9 et la retraite<\/strong>.<\/p>\n<div class='cta-block'><div class='text'>Simulez toutes vos aides en 2 min.<\/div><a href='https:\/\/www.mes-allocs.fr\/ab-app?origin=guides\/wp-json\/wp\/v2\/posts\/29546' class='app-button fit'>Simulation gratuite<\/a><\/div>\n<h1>Pris en compte du cong\u00e9 dans le calcul de la retraite<\/h1>\n<p style=\"text-align: justify;\">Les cotisations retraite sont calcul\u00e9es sur le traitement brut que vous auriez per\u00e7u en l\u2019absence de cong\u00e9 et pr\u00e9lev\u00e9es chaque mois dans la limite de 5\u202f% de votre traitement net. Vous pouvez \u00e9galement r\u00e9gler la totalit\u00e9 des cotisations \u00e0 tout moment en avertissant votre administration.<\/p>\n<p style=\"text-align: justify;\">Les cotisations pour votre retraite sont ainsi calcul\u00e9es sur la base du traitement brut que vous auriez per\u00e7u si vous n&rsquo;\u00e9tiez pas b\u00e9n\u00e9ficiaire du cong\u00e9 de solidarit\u00e9 familiale. Le pr\u00e9l\u00e8vement de ces cotisations intervient tous les mois dans la limite de 5 % de votre traitement net.<\/p>\n<p>\u00c0 noter : vous pouvez choisir \u00e0 tout moment de r\u00e9gler les cotisations qu&rsquo;il vous reste. Ainsi vous devez avertir votre administration par courrier.<\/p>\n<h2>Qu&rsquo;est-ce que le cong\u00e9 de solidarit\u00e9 familiale ?<\/h2>\n<p style=\"text-align: justify;\">Le\u00a0cong\u00e9 de solidarit\u00e9 familiale peut \u00eatre demand\u00e9 par un salari\u00e9, un fonctionnaire ou encore par un agent non titulaire en activit\u00e9. Cela pour arr\u00eater son activit\u00e9 professionnelle pour venir en aide \u00e0 une personne proche en phase avanc\u00e9e ou terminale.<\/p>\n<p style=\"text-align: justify;\">La\u00a0<strong>dur\u00e9e du cong\u00e9 de solidarit\u00e9 familiale<\/strong>\u00a0est de 3 mois maximum, renouvelable une fois.<\/p>\n<p style=\"text-align: justify;\">Ce cong\u00e9 n&rsquo;est pas r\u00e9mun\u00e9r\u00e9 par l&#8217;employeur ; toutefois, le versement d\u2019une allocation journali\u00e8re d\u2019accompagnement d\u2019une personne en fin de vie peut \u00eatre pr\u00e9vu. L\u2019allocation journali\u00e8re d\u2019accompagnement peut \u00eatre vers\u00e9e pendant 21 jours maximum et continue m\u00eame si la personne accompagn\u00e9e est hospitalis\u00e9e apr\u00e8s le d\u00e9but du versement.<\/p>\n<p><strong>\u00c0 noter : La personne en\u00a0 cong\u00e9 de solidarit\u00e9\u00a0conserve ses droits \u00e0 prestations en\u00a0nature et en esp\u00e8ces\u00a0(indemnit\u00e9s journali\u00e8res) de l&rsquo;assurance-maladie, maternit\u00e9, invalidit\u00e9 et d\u00e9c\u00e8s aussi longtemps que dure son\u00a0cong\u00e9<\/strong><\/p>\n<h2>Quelles sont les conditions \u00e0 respecter pour le demander ?<\/h2>\n<p><strong>En tant que salari\u00e9 vous pouvez formuler votre demande pour :<\/strong><\/p>\n<ul>\n<li>Pour un ascendant (p\u00e8re, m\u00e8re, grands-parents)<\/li>\n<li>Pour un descendant (enfants, petits-enfants)\u00a0;<\/li>\n<li>Pour une s\u0153ur, ou un fr\u00e8re\u00a0;<\/li>\n<li>Pour une personne vivant \u00e0 son domicile, o\u00f9 s&rsquo;il a \u00e9t\u00e9 d\u00e9sign\u00e9 par la personne en fin de vie comme proche de confiance.<\/li>\n<\/ul>\n<p style=\"text-align: justify;\">\u00c0 noter : Vous devrez joindre<strong> \u00e0 votre courrier un certificat m\u00e9dical<\/strong> attestant l&rsquo;\u00e9tat de sant\u00e9 de votre proche(phase avanc\u00e9e ou terminale d\u2019une affection grave et incurable) dont l&rsquo; affection grave et incurable que vous souhaitez aider, ainsi qu&rsquo;une <strong>preuve du lien<\/strong> qui vous rattache \u00e0 lui (livret de famille, attestation sur l&rsquo;honneur, certificat de PACS&#8230;).<\/p>\n<div class='cta-block'><div class='text'>Simulez toutes vos aides en 2 min.<\/div><a href='https:\/\/www.mes-allocs.fr\/ab-app?origin=guides\/wp-json\/wp\/v2\/posts\/29546' class='app-button fit'>Simulation gratuite<\/a><\/div>\n<h1>Combien de temps peut-on b\u00e9n\u00e9ficier de ce cong\u00e9 ?<\/h1>\n<p><strong>Un salari\u00e9 en cong\u00e9 peut b\u00e9n\u00e9ficier selon l&rsquo;une des formes suivantes :<\/strong><\/p>\n<div class=\"liste\">\n<ul>\n<li>P\u00e9riode continue de 3\u00a0mois maximum, renouvelable 1\u00a0fois<\/li>\n<li>P\u00e9riodes fractionn\u00e9es d\u2019au moins une journ\u00e9e, avec une dur\u00e9e cumul\u00e9e sur l\u2019ensemble de la carri\u00e8re limit\u00e9e \u00e0 un an.<\/li>\n<li>Temps partiel \u00e0\u00a0<span class=\"valeur\">50\u00a0%<\/span>,\u00a0<span class=\"valeur\">60\u00a0%<\/span>,\u00a0<span class=\"valeur\">\u00a070\u00a0%<\/span>\u00a0ou\u00a0<span class=\"valeur\">80\u00a0%<\/span> avec allocation journali\u00e8re proportionnelle \u00e0 la r\u00e9duction du temps de travail<\/li>\n<\/ul>\n<p>En cas de d\u00e9c\u00e8s de la personne accompagn\u00e9e, le cong\u00e9 prend fin dans les trois jours suivants le d\u00e9c\u00e8s, et le salari\u00e9 doit informer son employeur ou administration au moins 3 jours avant son retour. \u00c0 l&rsquo; issue de ce cong\u00e9, vous retrouverez votre emploi avec une r\u00e9mun\u00e9ration \u00e9quivalente.<\/p>\n<p><iframe loading=\"lazy\" title=\"Tout Savoir sur les Allocations Familiales !\" width=\"500\" height=\"281\" src=\"https:\/\/www.youtube.com\/embed\/XEX_FdLLYMo?feature=oembed\" frameborder=\"0\" allow=\"accelerometer; autoplay; clipboard-write; encrypted-media; gyroscope; picture-in-picture; web-share\" referrerpolicy=\"strict-origin-when-cross-origin\" allowfullscreen><\/iframe><\/p>\n<\/div>\n<h2>Comment formuler votre demande ?<\/h2>\n<p>Selon votre poste (salari\u00e9 ou fonctionnaire) la demande pour b\u00e9n\u00e9ficier du cong\u00e9 de solidarit\u00e9 familiale varie.<\/p>\n<h2>Si vous \u00eates salari\u00e9<\/h2>\n<p style=\"text-align: justify;\">Si vous \u00eates salari\u00e9 vous devez formuler votre demande par lettre recommand\u00e9e avec accus\u00e9 de r\u00e9ception aupr\u00e8s de votre employeur. Ou alors vous avez \u00e9galement la possibilit\u00e9 de remettre cette lettre en main propre en \u00e9change d&rsquo;une d\u00e9charge. Cette demande doit obligatoirement \u00eatre formul\u00e9e 15 jours avant le d\u00e9but de ce cong\u00e9.<\/p>\n<p><strong>Lors de votre demande vous devrez communiquer les informations suivantes :<\/strong><\/p>\n<ul>\n<li>La date du d\u00e9part en cong\u00e9<\/li>\n<li>La demande de fractionnement ou de transformation du cong\u00e9 en travail \u00e0 temps partiel<\/li>\n<li>La date pr\u00e9visible de retour de cong\u00e9<\/li>\n<\/ul>\n<h2>Si vous \u00eates fonctionnaire<\/h2>\n<p><strong>Si vous \u00eates fonctionnaire, vous devez faire la demande aupr\u00e8s de votre administration. Vous devrez communiquer les informations suivantes :\u00a0<\/strong><\/p>\n<ul>\n<li>Le nombre de jours de cong\u00e9 dont vous avez besoin<\/li>\n<li>Le nom, pr\u00e9nom et num\u00e9ro de S\u00e9curit\u00e9 sociale de la personne accompagn\u00e9e et les coordonn\u00e9es de sa caisse de S\u00e9curit\u00e9 sociale<\/li>\n<li>Une attestation du m\u00e9decin traitant de la personne pour laquelle vous souhaitez prendre un cong\u00e9<\/li>\n<\/ul>\n<p>Par la suite, votre administration communique dans un d\u00e9lai de 48 heures, l&rsquo;Assurance maladie de votre proche et cela\u00a0 accompagn\u00e9e de la demande du fonctionnaire.<\/p>\n<h1>Quels sont les \u00e9l\u00e9ments pris en compte dans le calcul de la retraite ?<\/h1>\n<h2>Les diff\u00e9rents \u00e9l\u00e9ments pris en compte<\/h2>\n<p>La retraite dite de base est le premier niveau de retraite d&rsquo;une personne assur\u00e9e. <strong>Le calcul de retraite de base\u00a0prend en compte de plusieurs \u00e9l\u00e9ments :<\/strong><\/p>\n<ul>\n<li style=\"text-align: justify;\">Le revenu annuel moyen que l&rsquo;on peut \u00e9galement appeler le salaire annuel moyen (SAM), Revenus professionnels moyens (RPM) ou encore Traitement indiciaire brut (TIB) &#8211; selon les r\u00e9gimes ;<\/li>\n<li style=\"text-align: justify;\">Le nombre\u00a0de trimestres valid\u00e9s aussi appel\u00e9 dur\u00e9e\u00a0d&rsquo;assurance\u00a0;<\/li>\n<li style=\"text-align: justify;\">Le taux de\u00a0pension\u00a0ou taux de liquidation, le taux maximal \u00e9tant appel\u00e9\u00a0taux plein.<\/li>\n<\/ul>\n<p style=\"text-align: justify;\">Selon la dur\u00e9e d&rsquo;assurance que vous avez choisie, votre pension de base peut \u00eatre diminu\u00e9e d&rsquo;une d\u00e9cote\u00a0ou \u00e0 l\u2019inverse augment\u00e9e par une\u00a0surcote.<\/p>\n<h2 id=\"la-formule-de-calcul-de-la-retraite-de-base\">La formule de calcul de la retraite de base<\/h2>\n<p>Pour d\u00e9terminer le\u00a0<strong>montant de la retraite de base<\/strong>, il convient d\u2019appliquer pour chaque r\u00e9gime le calcul suivant\u00a0:<\/p>\n<p class=\"center\"><strong>(RAM <\/strong><span style=\"font-size: 8pt;\">X<\/span><strong> Taux de pension <\/strong><span style=\"font-size: 8pt;\">X<\/span><strong> Dur\u00e9e d&rsquo;assurance)\u00a0 \/Dur\u00e9e d&rsquo;assurance requise<\/strong><\/p>\n<ul>\n<li><strong>RAM\u00a0:\u00a0<\/strong>Revenu annuel moyen<\/li>\n<li><strong>Taux de pension<\/strong><\/li>\n<li><strong>Dur\u00e9e d\u2019assurance\u00a0<\/strong>: tient compte des trimestres acquis dans le r\u00e9gime concern\u00e9 sauf les trimestres reconnus \u00e9quivalents<\/li>\n<li><strong>Dur\u00e9e d&rsquo;assurance requise<\/strong> : dur\u00e9e de r\u00e9f\u00e9rence pour obtenir une carri\u00e8re compl\u00e8te dans le r\u00e9gime. Tous les trimestres sont pris en compte sauf les trimestres reconnus \u00e9quivalents.<\/li>\n<\/ul>\n<div class='cta-block'><div class='text'>Simulez toutes vos aides en 2 min.<\/div><a href='https:\/\/www.mes-allocs.fr\/ab-app?origin=guides\/wp-json\/wp\/v2\/posts\/29546' class='app-button fit'>Simulation gratuite<\/a><\/div>\n","protected":false},"excerpt":{"rendered":"<p>[Mis \u00e0 jour le 26\/02\/2026] Le cong\u00e9 de solidarit\u00e9 familiale n\u2019est pas \u00e0 proprement parler une allocation familiale, toutefois, il peut vous permettre de vous occuper d&rsquo;un proche en fin de vie. Ce cong\u00e9 ne peut \u00eatre pris en compte dans le calcul de vos RTT, en revanche, cela ne vous emp\u00eache pas de cotiser [&hellip;]<\/p>\n","protected":false},"author":10,"featured_media":29571,"comment_status":"open","ping_status":"open","sticky":false,"template":"","format":"standard","meta":{"amp_status":"","footnotes":""},"categories":[10,10875],"tags":[],"class_list":["post-29546","post","type-post","status-publish","format-standard","has-post-thumbnail","hentry","category-allocations-familiales","category-conge-solidarite-familiale"],"yoast_head":"<!-- This site is optimized with the Yoast SEO plugin v14.9 - https:\/\/yoast.com\/wordpress\/plugins\/seo\/ -->\n<title>Cong\u00e9 de solidarit\u00e9 familiale et retraite : quel impact sur vos cotisations ?<\/title>\n<meta name=\"description\" content=\"B\u00e9n\u00e9ficier du cong\u00e9 de solidarit\u00e9 familiale ne vous emp\u00eache pas de cotiser pour la retraite. On vous explique tout.\" \/>\n<meta name=\"robots\" content=\"index, follow, max-snippet:-1, max-image-preview:large, max-video-preview:-1\" \/>\n<link rel=\"canonical\" href=\"https:\/\/www.mes-allocs.fr\/guides\/allocations-familiales\/conge-solidarite-familiale\/conge-de-solidarite-familiale-et-retraite\/\" \/>\n<meta property=\"og:locale\" content=\"fr_FR\" \/>\n<meta property=\"og:type\" content=\"article\" \/>\n<meta property=\"og:title\" content=\"Cong\u00e9 de solidarit\u00e9 familiale et retraite : quel impact sur vos cotisations ?\" \/>\n<meta property=\"og:description\" content=\"B\u00e9n\u00e9ficier du cong\u00e9 de solidarit\u00e9 familiale ne vous emp\u00eache pas de cotiser pour la retraite. On vous explique tout.\" \/>\n<meta property=\"og:url\" content=\"https:\/\/www.mes-allocs.fr\/guides\/allocations-familiales\/conge-solidarite-familiale\/conge-de-solidarite-familiale-et-retraite\/\" \/>\n<meta property=\"og:site_name\" content=\"Mes-Allocs.fr\" \/>\n<meta property=\"article:published_time\" content=\"2021-06-09T13:23:43+00:00\" \/>\n<meta property=\"article:modified_time\" content=\"2026-02-26T17:30:20+00:00\" \/>\n<meta property=\"og:image\" content=\"https:\/\/www.mes-allocs.fr\/guides\/wp-content\/uploads\/2021\/06\/pexels-andrea-piacquadio-3791665.jpg?wsr\" \/>\n\t<meta property=\"og:image:width\" content=\"1280\" \/>\n\t<meta property=\"og:image:height\" content=\"853\" \/>\n<meta name=\"twitter:card\" content=\"summary_large_image\" \/>\n<script type=\"application\/ld+json\" class=\"yoast-schema-graph\">{\"@context\":\"https:\/\/schema.org\",\"@graph\":[{\"@type\":\"WebSite\",\"@id\":\"https:\/\/www.mes-allocs.fr\/guides\/#website\",\"url\":\"https:\/\/www.mes-allocs.fr\/guides\/\",\"name\":\"Mes-Allocs.fr\",\"description\":\"\",\"potentialAction\":[{\"@type\":\"SearchAction\",\"target\":\"https:\/\/www.mes-allocs.fr\/guides\/?s={search_term_string}\",\"query-input\":\"required name=search_term_string\"}],\"inLanguage\":\"fr-FR\"},{\"@type\":\"ImageObject\",\"@id\":\"https:\/\/www.mes-allocs.fr\/guides\/allocations-familiales\/conge-solidarite-familiale\/conge-de-solidarite-familiale-et-retraite\/#primaryimage\",\"inLanguage\":\"fr-FR\",\"url\":\"https:\/\/www.mes-allocs.fr\/guides\/wp-content\/uploads\/2021\/06\/pexels-andrea-piacquadio-3791665.jpg?wsr\",\"width\":1280,\"height\":853,\"caption\":\"Cong\\u00e9 de solidarit\\u00e9 familiale et retraite\"},{\"@type\":\"WebPage\",\"@id\":\"https:\/\/www.mes-allocs.fr\/guides\/allocations-familiales\/conge-solidarite-familiale\/conge-de-solidarite-familiale-et-retraite\/#webpage\",\"url\":\"https:\/\/www.mes-allocs.fr\/guides\/allocations-familiales\/conge-solidarite-familiale\/conge-de-solidarite-familiale-et-retraite\/\",\"name\":\"Cong\\u00e9 de solidarit\\u00e9 familiale et retraite : quel impact sur vos cotisations ?\",\"isPartOf\":{\"@id\":\"https:\/\/www.mes-allocs.fr\/guides\/#website\"},\"primaryImageOfPage\":{\"@id\":\"https:\/\/www.mes-allocs.fr\/guides\/allocations-familiales\/conge-solidarite-familiale\/conge-de-solidarite-familiale-et-retraite\/#primaryimage\"},\"datePublished\":\"2021-06-09T13:23:43+00:00\",\"dateModified\":\"2026-02-26T17:30:20+00:00\",\"author\":{\"@id\":\"https:\/\/www.mes-allocs.fr\/guides\/#\/schema\/person\/8d47b912c0ad15f379df96b4e4e33f58\"},\"description\":\"B\\u00e9n\\u00e9ficier du cong\\u00e9 de solidarit\\u00e9 familiale ne vous emp\\u00eache pas de cotiser pour la retraite. On vous explique tout.\",\"inLanguage\":\"fr-FR\"},{\"@type\":\"Person\",\"@id\":\"https:\/\/www.mes-allocs.fr\/guides\/#\/schema\/person\/8d47b912c0ad15f379df96b4e4e33f58\",\"name\":\"Constance de Cagny\",\"image\":{\"@type\":\"ImageObject\",\"@id\":\"https:\/\/www.mes-allocs.fr\/guides\/#personlogo\",\"inLanguage\":\"fr-FR\",\"url\":\"https:\/\/www.mes-allocs.fr\/guides\/wp-content\/uploads\/2021\/06\/Constance.2e8ee0b.png\",\"caption\":\"Constance de Cagny\"},\"description\":\"Constance est r\\u00e9dactrice au sein de l'\\u00e9quipe Mes Allocs. Elle a l'habitude d'\\u00e9crire sur les sujets conso, bons plans et \\u00e9conomies. Dipl\\u00f4m\\u00e9e de l'ENACO, elle rejoint Mes Allocs apr\\u00e8s une premi\\u00e8re exp\\u00e9rience en cabinet notarial.\",\"sameAs\":[\"https:\/\/www.linkedin.com\/in\/constance-de-cagny-mayeur-bbb414135\"]}]}<\/script>\n<!-- \/ Yoast SEO plugin. -->","amp_validity":null,"acf":{"faq":{"1":{"question":"Quel est le nombre de trimestres pour partir \u00e0 la retraite ?","answer":"Vous devez disposer de entre 167 et 172 trimestres, en fonction de votre g\u00e9n\u00e9ration, pour une retraite \u00e0 taux plein."},"2":{"question":"Puis-je travailler apr\u00e8s ma retraite ?","answer":"Il est tout \u00e0 fait possible de travailler \u00e0 la retraite et mieux, de toucher \u00e0 la fois une pension de vieillesse et un revenu d'activit\u00e9."},"3":{"question":"Quelles sont les conditions pour travailler apr\u00e8s la retraite ?","answer":"Les conditions pour en b\u00e9n\u00e9ficier sont les suivantes : Avoir au moins de 60 ans. R\u00e9unir au minimum 150 trimestres tous r\u00e9gimes de base confondus."},"4":{"question":"Qui peut b\u00e9n\u00e9ficier d'un cong\u00e9 de solidarit\u00e9 familiale ?","answer":"Le droit au cong\u00e9 de solidarit\u00e9 familiale b\u00e9n\u00e9ficie, dans les m\u00eames conditions, au salari\u00e9 qui souhaite assister la personne malade l'ayant d\u00e9sign\u00e9 comme personne de confiance."},"5":{"question":"Qui verse l'Ajap ?","answer":"L'Ajap est vers\u00e9e directement \u00e0 votre salari\u00e9 par sa caisse d'Assurance Maladie."},"6":{"question":"Qui a le droit aux allocations familiales ?","answer":"Les allocations familiales sont vers\u00e9es aux personnes ayant au moins 2 enfants de moins de 20 ans \u00e0 charge. "},"7":{"question":"","answer":""},"8":{"question":"","answer":""},"9":{"question":"","answer":""},"10":{"question":"","answer":""},"11":{"question":"","answer":""},"12":{"question":"","answer":""},"13":{"question":"","answer":""},"14":{"question":"","answer":""},"15":{"question":"","answer":""},"16":{"question":"","answer":""}}},"_links":{"self":[{"href":"https:\/\/www.mes-allocs.fr\/guides\/wp-json\/wp\/v2\/posts\/29546","targetHints":{"allow":["GET"]}}],"collection":[{"href":"https:\/\/www.mes-allocs.fr\/guides\/wp-json\/wp\/v2\/posts"}],"about":[{"href":"https:\/\/www.mes-allocs.fr\/guides\/wp-json\/wp\/v2\/types\/post"}],"author":[{"embeddable":true,"href":"https:\/\/www.mes-allocs.fr\/guides\/wp-json\/wp\/v2\/users\/10"}],"replies":[{"embeddable":true,"href":"https:\/\/www.mes-allocs.fr\/guides\/wp-json\/wp\/v2\/comments?post=29546"}],"version-history":[{"count":16,"href":"https:\/\/www.mes-allocs.fr\/guides\/wp-json\/wp\/v2\/posts\/29546\/revisions"}],"predecessor-version":[{"id":109875,"href":"https:\/\/www.mes-allocs.fr\/guides\/wp-json\/wp\/v2\/posts\/29546\/revisions\/109875"}],"wp:featuredmedia":[{"embeddable":true,"href":"https:\/\/www.mes-allocs.fr\/guides\/wp-json\/wp\/v2\/media\/29571"}],"wp:attachment":[{"href":"https:\/\/www.mes-allocs.fr\/guides\/wp-json\/wp\/v2\/media?parent=29546"}],"wp:term":[{"taxonomy":"category","embeddable":true,"href":"https:\/\/www.mes-allocs.fr\/guides\/wp-json\/wp\/v2\/categories?post=29546"},{"taxonomy":"post_tag","embeddable":true,"href":"https:\/\/www.mes-allocs.fr\/guides\/wp-json\/wp\/v2\/tags?post=29546"}],"curies":[{"name":"wp","href":"https:\/\/api.w.org\/{rel}","templated":true}]}}