{"id":291,"date":"2019-07-15T08:19:10","date_gmt":"2019-07-15T08:19:10","guid":{"rendered":"https:\/\/www.mes-allocs.fr\/guides\/?p=291"},"modified":"2026-03-11T16:01:43","modified_gmt":"2026-03-11T15:01:43","slug":"complement-familial","status":"publish","type":"post","link":"https:\/\/www.mes-allocs.fr\/guides\/allocations-familiales\/complement-familial\/","title":{"rendered":"Le compl\u00e9ment familial : conditions, montants, d\u00e9marches"},"content":{"rendered":"<p style=\"text-align: justify;\"><img loading=\"lazy\" decoding=\"async\" class=\"alignnone wp-image-292 \" src=\"https:\/\/www.mes-allocs.fr\/guides\/wp-content\/uploads\/2019\/07\/0030145_900-e1686561822722.jpeg\" alt=\"compl\u00e9ment familial\" width=\"1392\" height=\"264\" srcset=\"https:\/\/www.mes-allocs.fr\/guides\/wp-content\/uploads\/2019\/07\/0030145_900-e1686561822722.jpeg 891w, https:\/\/www.mes-allocs.fr\/guides\/wp-content\/uploads\/2019\/07\/0030145_900-e1686561822722-300x57.jpeg 300w, https:\/\/www.mes-allocs.fr\/guides\/wp-content\/uploads\/2019\/07\/0030145_900-e1686561822722-768x146.jpeg 768w, https:\/\/www.mes-allocs.fr\/guides\/wp-content\/uploads\/2019\/07\/0030145_900-e1686561822722-600x114.jpeg 600w\" sizes=\"auto, (max-width: 1392px) 100vw, 1392px\" \/><\/p>\n<p style=\"text-align: justify;\">[Mis \u00e0 jour le 18\/02\/2026] Le <strong>compl\u00e9ment familial<\/strong> est un compl\u00e9ment de ressources appartenant au domaine des allocations familiales. Il est administr\u00e9 ainsi par la Caisse d\u2019Allocations Familiales (CAF) ou par la Mutualit\u00e9 Sociale Agricole (MSA). Cette prestation sociale, vous et destin\u00e9e si vous \u00eates une famille nombreuse, et que vos revenus sont modestes. Elle agit en compl\u00e9ment des <a href=\"https:\/\/www.mes-allocs.fr\/guides\/allocations-familiales\">allocations familiales<\/a>.<\/p>\n<hr \/>\n<h1 style=\"text-align: justify;\">Qu&rsquo;est-ce que le compl\u00e9ment familial ?<\/h1>\n<p style=\"text-align: justify;\">On consid\u00e8re qu&rsquo;une famille est nombreuses \u00e0 partir du moment o\u00f9 les parents ont \u00e0 charge trois enfants ou plus. Ces trois enfants peuvent repr\u00e9senter un poste de d\u00e9pense financier assez important. Pour se faire, il existe des aides de la CAF.<\/p>\n<p style=\"text-align: justify;\">C&rsquo;est notamment le cas pour le compl\u00e9ment familial. Le compl\u00e9ment familial est une aide vers\u00e9e par la CAF ou la MSA sous conditions de revenus aux personnes ayant au moins 3 enfants \u00e2g\u00e9s de plus de 3 ans et de moins de 21 ans.<\/p>\n<h1 style=\"text-align: justify;\"><b>Pouvez-vous percevoir le compl\u00e9ment familial en 2026 ?<\/b><\/h1>\n<p style=\"text-align: justify;\"><span style=\"font-weight: 400;\">Pour percevoir le compl\u00e9ment familial, vous devez tout d\u2019abord remplir les crit\u00e8res li\u00e9s aux enfants. Vous devez avoir <strong>plus de 3 enfants \u00e2g\u00e9s de plus de 3 ans (inclus) et de moins de 21 ans (exclu)<\/strong>.<\/span><\/p>\n<p style=\"text-align: justify;\"><span style=\"font-weight: 400;\">Ensuite, vos revenus ne doivent pas d\u00e9passer certains <strong>plafonds<\/strong>, qui sont \u00e9tablis selon la situation familiale de votre m\u00e9nage. C\u2019est le <strong>revenu net cat\u00e9goriel<\/strong> (vos revenus, incluant salaires, revenus fonciers et immobiliers, b\u00e9n\u00e9fices agricoles par exemple, diminu\u00e9s des charges telles que les pensions alimentaires et diminu\u00e9s \u00e9galement des abattements fiscaux qui sont attribu\u00e9s selon votre condition, par exemple si vous \u00eates une personne \u00e2g\u00e9e) de l\u2019avant-derni\u00e8re ann\u00e9e au moment de votre demande qui est pris en compte.<\/span><\/p>\n<p style=\"text-align: justify;\"><i><span style=\"font-weight: 400;\">Exemple : pour une demande en 2026, on consid\u00e8re l\u2019ann\u00e9e 2024. Si cette ann\u00e9e-l\u00e0, vous perceviez 25 000 \u20ac de salaire, 5 000 \u20ac de revenus fonciers, que vous deviez verser 3 000 \u20ac de pension alimentaire, et que vous ne b\u00e9n\u00e9ficiez pas d\u2019abattements, votre revenu net cat\u00e9goriel s\u2019\u00e9levait \u00e0 27 000 \u20ac, calcul\u00e9 ainsi :<\/span><\/i><\/p>\n<p style=\"text-align: justify;\"><i><span style=\"font-weight: 400;\">25 000 \u20ac + 5 000 \u20ac &#8211; 3 000 \u20ac = 27 000 \u20ac.<\/span><\/i><\/p>\n<p style=\"text-align: justify;\">\u00c0 noter : Dans certaines conditions vous pouvez b\u00e9n\u00e9ficier de la prestation partag\u00e9e d&rsquo;\u00e9ducation de l&rsquo;enfant. \u00a0Elle permet \u00e0 un ou aux deux parents ayant au moins un enfant \u00e0 charge de moins de 3 ans (ou moins de 20 ans en cas d&rsquo;adoption) de cesser ou de r\u00e9duire leur activit\u00e9 professionnelle pour s&rsquo;en occuper. La dur\u00e9e de versement d\u00e9pend du nombre d&rsquo;enfant(s) \u00e0 charge et de la situation familiale. couple avec un seul revenu.<\/p>\n<h1>Les plafonds de ressources du compl\u00e9ment familial<\/h1>\n<p><span style=\"font-weight: 400;\">Les plafonds de ressources \u00e0 ne pas d\u00e9passer, selon la composition de votre foyer, et le nombre d&rsquo;enfants \u00e0 charge, afin de percevoir le compl\u00e9ment familial :<\/span><\/p>\n<p>Plafonds pour b\u00e9n\u00e9ficier de l&rsquo;aide de<strong> 196,59\u00a0\u20ac par mois :<\/strong><\/p>\n\n<div class=\"wpdt-c row wpDataTableContainerSimpleTable wpDataTables wpDataTablesWrapper\n\"\n    >\n    <table id=\"wpdtSimpleTable-258\"\n           class=\"wpdtSimpleTable wpDataTable\"\n           data-column=\"3\"\n           data-rows=\"3\"\n           data-wpID=\"258\"\n           data-responsive=\"0\"\n           data-has-header=\"1\">\n\n                    <thead>        <tr class=\"wpdt-cell-row \" >\n                            <th class=\"wpdt-cell wpdt-bc-F3F9FE\"\n                                    data-cell-id=\"A1\"\n                data-col-index=\"0\"\n                data-row-index=\"0\"\n                style=\" width:31.372549019608%;                padding:10px;\"\n                >\n                                Nombre d'enfants \u00e0 charge entre 3 ans et moins de 21 ans                <\/th>\n                                            <th class=\"wpdt-cell wpdt-bc-F3F9FE\"\n                                    data-cell-id=\"B1\"\n                data-col-index=\"1\"\n                data-row-index=\"0\"\n                style=\" width:32.897603485839%;                padding:10px;\"\n                >\n                                Couple avec un seul revenu d\u2019activit\u00e9 (N-2)                <\/th>\n                                            <th class=\"wpdt-cell wpdt-bc-F3F9FE\"\n                                    data-cell-id=\"C1\"\n                data-col-index=\"2\"\n                data-row-index=\"0\"\n                style=\" width:35.729847494553%;                padding:10px;\"\n                >\n                                Parent isol\u00e9 ou couple avec 2 revenus d'activit\u00e9 (N-2)                <\/th>\n                                        <\/tr>\n                    <tbody>        <tr class=\"wpdt-cell-row \" >\n                            <td class=\"wpdt-cell wpdt-bc-FFFFFF\"\n                                    data-cell-id=\"A2\"\n                data-col-index=\"0\"\n                data-row-index=\"1\"\n                style=\"                padding:10px;\"\n                >\n                                3                <\/td>\n                                            <td class=\"wpdt-cell wpdt-bc-FFFFFF\"\n                                    data-cell-id=\"B2\"\n                data-col-index=\"1\"\n                data-row-index=\"1\"\n                style=\"                padding:10px;\"\n                >\n                                Entre 22 372 \u20ac  et 44 735 \u20ac                <\/td>\n                                            <td class=\"wpdt-cell wpdt-bc-FFFFFF\"\n                                    data-cell-id=\"C2\"\n                data-col-index=\"2\"\n                data-row-index=\"1\"\n                style=\"                padding:10px;\"\n                >\n                                Entre 27 367 \u20ac et 54 724 \u20ac                <\/td>\n                                        <\/tr>\n                            <tr class=\"wpdt-cell-row \" >\n                            <td class=\"wpdt-cell wpdt-bc-FFFFFF\"\n                                    data-cell-id=\"A3\"\n                data-col-index=\"0\"\n                data-row-index=\"2\"\n                style=\"                padding:10px;\"\n                >\n                                4                <\/td>\n                                            <td class=\"wpdt-cell wpdt-bc-FFFFFF\"\n                                    data-cell-id=\"B3\"\n                data-col-index=\"1\"\n                data-row-index=\"2\"\n                style=\"                padding:10px;\"\n                >\n                                Entre 26 101 \u20ac et 52 191 \u20ac                <\/td>\n                                            <td class=\"wpdt-cell wpdt-bc-FFFFFF\"\n                                    data-cell-id=\"C3\"\n                data-col-index=\"2\"\n                data-row-index=\"2\"\n                style=\"                padding:10px;\"\n                >\n                                Entre 31 096 \u20ac et 62 180 \u20ac                <\/td>\n                                        <\/tr>\n                    <\/table>\n<\/div><style id='wpdt-custom-style-258'>\ntable#wpdtSimpleTable-258{ table-layout: fixed !important; }\n.wpdt-bc-F3F9FE { background-color: #F3F9FE !important;}\n.wpdt-bc-FFFFFF { background-color: #FFFFFF !important;}\n<\/style>\n\n<p>Plafonds pour b\u00e9n\u00e9ficier de l&rsquo;aide de <strong>294,91 \u20ac\u00a0par mois<\/strong><strong>\u00a0:<\/strong><\/p>\n\n<div class=\"wpdt-c row wpDataTableContainerSimpleTable wpDataTables wpDataTablesWrapper\n\"\n    >\n    <table id=\"wpdtSimpleTable-259\"\n           class=\"wpdtSimpleTable wpDataTable\"\n           data-column=\"3\"\n           data-rows=\"3\"\n           data-wpID=\"259\"\n           data-responsive=\"0\"\n           data-has-header=\"1\">\n\n                    <thead>        <tr class=\"wpdt-cell-row \" >\n                            <th class=\"wpdt-cell wpdt-bc-F3F9FE\"\n                                    data-cell-id=\"A1\"\n                data-col-index=\"0\"\n                data-row-index=\"0\"\n                style=\" width:29.120323559151%;                padding:10px;\"\n                >\n                                Nombre d'enfants \u00e0 charge entre 3 ans et moins de 21 ans                <\/th>\n                                            <th class=\"wpdt-cell wpdt-bc-F3F9FE\"\n                                    data-cell-id=\"B1\"\n                data-col-index=\"1\"\n                data-row-index=\"0\"\n                style=\" width:30.535894843276%;                padding:10px;\"\n                >\n                                Couple avec un seul revenu d\u2019activit\u00e9 (N-2)                <\/th>\n                                            <th class=\"wpdt-cell wpdt-bc-F3F9FE\"\n                                    data-cell-id=\"C1\"\n                data-col-index=\"2\"\n                data-row-index=\"0\"\n                style=\" width:40.343781597573%;                padding:10px;\"\n                >\n                                Parent isol\u00e9 ou couple avec 2 revenus d'activit\u00e9 (N-2)                <\/th>\n                                        <\/tr>\n                    <tbody>        <tr class=\"wpdt-cell-row \" >\n                            <td class=\"wpdt-cell wpdt-bc-FFFFFF\"\n                                    data-cell-id=\"A2\"\n                data-col-index=\"0\"\n                data-row-index=\"1\"\n                style=\"                padding:10px;\"\n                >\n                                3 enfants                <\/td>\n                                            <td class=\"wpdt-cell wpdt-bc-FFFFFF\"\n                                    data-cell-id=\"B2\"\n                data-col-index=\"1\"\n                data-row-index=\"1\"\n                style=\"                padding:10px;\"\n                >\n                                22 372 \u20ac                <\/td>\n                                            <td class=\"wpdt-cell wpdt-bc-FFFFFF\"\n                                    data-cell-id=\"C2\"\n                data-col-index=\"2\"\n                data-row-index=\"1\"\n                style=\"                padding:10px;\"\n                >\n                                27 367 \u20ac                <\/td>\n                                        <\/tr>\n                            <tr class=\"wpdt-cell-row \" >\n                            <td class=\"wpdt-cell wpdt-bc-FFFFFF\"\n                                    data-cell-id=\"A3\"\n                data-col-index=\"0\"\n                data-row-index=\"2\"\n                style=\"                padding:10px;\"\n                >\n                                4 enfants                <\/td>\n                                            <td class=\"wpdt-cell wpdt-bc-FFFFFF\"\n                                    data-cell-id=\"B3\"\n                data-col-index=\"1\"\n                data-row-index=\"2\"\n                style=\"                padding:10px;\"\n                >\n                                26 101 \u20ac                <\/td>\n                                            <td class=\"wpdt-cell wpdt-bc-FFFFFF\"\n                                    data-cell-id=\"C3\"\n                data-col-index=\"2\"\n                data-row-index=\"2\"\n                style=\"                padding:10px;\"\n                >\n                                31 096 \u20ac                <\/td>\n                                        <\/tr>\n                    <\/table>\n<\/div><style id='wpdt-custom-style-259'>\ntable#wpdtSimpleTable-259{ table-layout: fixed !important; }\n.wpdt-bc-F3F9FE { background-color: #F3F9FE !important;}\n.wpdt-bc-FFFFFF { background-color: #FFFFFF !important;}\n<\/style>\n\n<p style=\"text-align: justify;\"><span style=\"font-weight: 400;\">On consid\u00e8re que vous b\u00e9n\u00e9ficiez de deux revenus dans le couple quand vous et votre partenaire\u00a0<\/span><span style=\"font-weight: 400;\">exercez une activit\u00e9 professionnelle productrice de revenus, ou vous percevez des indemnit\u00e9s journali\u00e8res suite \u00e0 un accident du travail ou d\u2019une maladie dite professionnelle (suite \u00e0 l\u2019exposition \u00e0 un risque auquel vous \u00eates expos\u00e9 \u00e0 votre poste de travail).<\/span><\/p>\n<p style=\"text-align: justify;\"><span style=\"font-weight: 400;\">En l\u2019occurrence, pour une demande sur l\u2019ann\u00e9e 2026, ces conditions s\u2019appliquent \u00e0 l\u2019ann\u00e9e 2024.<\/span><\/p>\n<p style=\"text-align: justify;\"><span style=\"font-weight: 400;\"><strong>\u00c0 noter<\/strong> : si vos ressources d\u00e9passent faiblement ces plafonds, une allocation diff\u00e9rentielle vous est vers\u00e9e, pour contrecarrer l&rsquo;effet de seuil. Effectuez une <a href=\"https:\/\/www.mes-allocs.fr\/guides\/allocations-familiales\/complement-familial\/simulation-complement-familial-caf\/\">simulation de compl\u00e9ment familial<\/a> pour connaitre le montant auquel vous avez droit.\u00a0<\/span><\/p>\n<p style=\"text-align: justify;\"><span style=\"font-weight: 400;\"><iframe loading=\"lazy\" src=\"\/\/www.youtube.com\/embed\/hj6RtR9boiI\" width=\"966\" height=\"543\" frameborder=\"0\" allowfullscreen=\"allowfullscreen\"><\/iframe><\/span><span style=\"font-weight: 400;\">\u00a0<\/span><\/p>\n<h1 style=\"text-align: justify;\"><b>Comment effectuer sa demande de compl\u00e9ment familial ?<\/b><\/h1>\n<p style=\"text-align: justify;\">Pour la plupart des allocations familiales de la CAF, il faut remplir un formulaire pour b\u00e9n\u00e9ficier\u00a0de ces aides. Pour le compl\u00e9ment familial, c&rsquo;est un peu diff\u00e9rent.\u00a0<span class=\"amp-wp-fe3f5cc\" data-amp-original-style=\"font-weight: 400;\">Vous n\u2019avez aucune d\u00e9marche \u00e0 effectuer. <\/span><\/p>\n<p style=\"text-align: justify;\"><span class=\"amp-wp-fe3f5cc\" data-amp-original-style=\"font-weight: 400;\">En effet, ce sont les services fiscaux qui transf\u00e8rent directement vos informations \u00e0 la caisse dont vous d\u00e9pendez (la Caisse d\u2019Allocations Familiales ou la Mutualit\u00e9 Sociale Agricole si vous \u00eates un travailleur agricole). Il vous suffit d\u2019avoir d\u00e9clar\u00e9 en premier lieu vos enfants \u00e0 charge.<\/span><\/p>\n<p class=\"amp-wp-7d27179\" style=\"text-align: justify;\" data-amp-original-style=\"text-align: justify;\"><span class=\"amp-wp-fe3f5cc\" data-amp-original-style=\"font-weight: 400;\">Toutefois, cette transmission peut \u00eatre omise. Vous aurez alors \u00e0 faire une d\u00e9claration. Dans ce cas pr\u00e9cis, pas de panique, <\/span><span class=\"amp-wp-fe3f5cc\" data-amp-original-style=\"font-weight: 400;\">Mes Allocs s\u2019occupe de toutes ces d\u00e9marches administratives pour vous !<\/span><\/p>\n<div class='cta-block'><div class='text'>Simulez vos Allocations Familiales en 2 min. Gratuit.<\/div><a href='https:\/\/www.mes-allocs.fr\/ab-app?origin=guides\/wp-json\/wp\/v2\/posts\/291' class='app-button fit'>Simulation gratuite<\/a><\/div>\n<h1 style=\"text-align: justify;\"><b>Dur\u00e9e de versement du compl\u00e9ment familial<\/b><\/h1>\n<p class=\"niv1\" style=\"text-align: justify;\">Le montant net du compl\u00e9ment familial est de 196,59 euros par mois. Il s&rsquo;agit d&rsquo;un montant de base qui peut \u00eatre major\u00e9 lorsque les revenus de la famille ne d\u00e9passent pas un certain plafond. Ce montant de base restera le m\u00eame jusqu&rsquo;au 1er avril 2026, date \u00e0 laquelle le compl\u00e9ment familial sera augment\u00e9 de quelques euros par mois.<\/p>\n<div class=\"fiche-item\" style=\"text-align: justify;\">\n<div id=\"fiche-item-4\" class=\"fiche-item-content collapse in\" aria-hidden=\"false\">\n<p>Le compl\u00e9ment familial est vers\u00e9 chaque mois \u00e0 partir du 3<sup>e<\/sup> anniversaire de votre plus jeune enfant. Son versement s&rsquo;arr\u00eate d\u00e8s qu&rsquo;il vous reste moins de 3 enfants de moins de 21 ans \u00e0 charge, ou si vous avez un nouvel enfant de moins de 3 ans.<\/p>\n<p>Le versement de l&rsquo;aide prend fin\u00a0<span dir=\"LTR\">si vous avez moins de trois enfants <\/span>\u00e0 charge, le mois suivant la naissance ou l\u2019arriv\u00e9e d\u2019un enfant de moins de 3 ans ou encore, d\u00e8s que vous b\u00e9n\u00e9ficiez de l\u2019allocation de base ou de la prestation partag\u00e9e d&rsquo;\u00e9ducation de l&rsquo;enfant de la PAJE pour un nouvel enfant.<\/p>\n<\/div>\n<\/div>\n<h1 style=\"text-align: justify;\"><b>Quelles sont les aides cumulables avec le compl\u00e9ment familial ?<\/b><\/h1>\n<p style=\"text-align: justify;\"><span style=\"font-weight: 400;\">Le compl\u00e9ment familial s\u2019ajoute aux allocations familiales que vous percevez d\u00e9j\u00e0. Vous pouvez donc b\u00e9n\u00e9ficier des allocations familiales, qui vous sont accord\u00e9es pour votre foyer d\u2019au moins 3 enfants, et percevoir en plus le compl\u00e9ment familial, qui viendra s\u2019ajouter \u00e0 leur <\/span><a href=\"https:\/\/www.mes-allocs.fr\/guides\/allocations-familiales\/montant-allocations-familiales\/montant-allocations-familiales\"><span style=\"font-weight: 400;\">montant<\/span><\/a><span style=\"font-weight: 400;\">.\u00a0<\/span><\/p>\n<p style=\"text-align: justify;\"><span style=\"font-weight: 400;\">Vous pouvez \u00e9galement cumuler le compl\u00e9ment familial avec :<\/span><\/p>\n<ul style=\"text-align: justify;\">\n<li style=\"font-weight: 400;\"><span style=\"font-weight: 400;\">Le <\/span><a href=\"https:\/\/www.mes-allocs.fr\/guides\/allocations-familiales\/complement-de-libre-choix-du-mode-de-garde\"><span style=\"font-weight: 400;\">Compl\u00e9ment de libre choix du Mode de Garde <\/span><span style=\"font-weight: 400;\">(CMG)<\/span><\/a><\/li>\n<li>La prestation partag\u00e9e d&rsquo;\u00e9ducation<\/li>\n<li style=\"font-weight: 400;\"><span style=\"font-weight: 400;\">Un <\/span><a href=\"https:\/\/www.mes-allocs.fr\/guides\/allocations-familiales\/conge-paternite\"><span style=\"font-weight: 400;\">cong\u00e9 paternit\u00e9<\/span><span style=\"font-weight: 400;\">\u00a0<\/span><\/a><\/li>\n<li style=\"font-weight: 400;\"><span style=\"font-weight: 400;\">Un cong\u00e9 maternit\u00e9 pour <\/span><a href=\"https:\/\/www.mes-allocs.fr\/guides\/allocations-familiales\/conge-maternite-secteur-prive\"><span style=\"font-weight: 400;\">secteur priv\u00e9<\/span><\/a><span style=\"font-weight: 400;\"> ou <\/span><span style=\"font-weight: 400;\">s<a href=\"https:\/\/www.mes-allocs.fr\/guides\/allocations-familiales\/conge-maternite-secteur-public\">ecteur public<\/a><\/span><\/li>\n<li style=\"font-weight: 400;\"><span style=\"font-weight: 400;\">Le dispositif <\/span><a href=\"https:\/\/www.mes-allocs.fr\/guides\/allocations-familiales\/vacaf\"><span style=\"font-weight: 400;\">VACAF<\/span><\/a><\/li>\n<li style=\"font-weight: 400;\"><span style=\"font-weight: 400;\">La <\/span><a href=\"https:\/\/www.mes-allocs.fr\/guides\/allocations-familiales\/prime-de-naissance\"><span style=\"font-weight: 400;\">prime de naissance<\/span><\/a><\/li>\n<li>L&rsquo;<a href=\"https:\/\/www.mes-allocs.fr\/guides\/allocations-familiales\/allocation-soutien-familial\">allocation de soutien familial<\/a><\/li>\n<li>La prime de no\u00ebl<\/li>\n<\/ul>\n<h2 style=\"text-align: justify;\"><b>Compl\u00e9ment familial et PAJE<\/b><\/h2>\n<p style=\"text-align: justify;\"><span style=\"font-weight: 400;\">Jusqu\u2019aux <strong>trois ans de votre plus jeune enfant<\/strong>, vous pouvez percevoir la PAJE. Toutefois, si vous avez 3 enfants (ou davantage), aux 3 ans de votre plus jeune enfant, vous pouvez b\u00e9n\u00e9ficier imm\u00e9diatement et de mani\u00e8re automatique du compl\u00e9ment familial, qui prend le relais sur la PAJE.<\/span><\/p>\n<div class='cta-block'><div class='text'>Simulez vos Allocations Familiales en 2 min. Gratuit.<\/div><a href='https:\/\/www.mes-allocs.fr\/ab-app?origin=guides\/wp-json\/wp\/v2\/posts\/291' class='app-button fit'>Simulation gratuite<\/a><\/div>\n<h2>C<b>ompl\u00e9ment familial et c<\/b><span id=\"Le_complement_du_libre_choix_du_mode_de_garde\">ompl\u00e9ment du libre choix du mode de garde<\/span><\/h2>\n<p><span class=\"amp-wp-fe3f5cc\" data-amp-original-style=\"font-weight: 400;\">Le <\/span><span class=\"amp-wp-fe3f5cc\" data-amp-original-style=\"font-weight: 400;\">Compl\u00e9ment de libre choix du Mode de Garde <\/span><span class=\"amp-wp-fe3f5cc\" data-amp-original-style=\"font-weight: 400;\">(CMG)<\/span> fait partie de la prestation d\u2019accueil du jeune enfant (Paje). Il s\u2019agit d\u2019une prise en charge partielle ou totale de la r\u00e9mun\u00e9ration d\u2019une assistante maternelle agr\u00e9\u00e9e. Son montant varie selon le nombre d\u2019enfants \u00e0 charge, l\u2019\u00e2ge de votre enfant, vos ressources, et dans le cadre d&rsquo;une garde \u00e0 domicile ou d&rsquo;une assistante maternelle, du co\u00fbt horaire de la garde choisie et du nombre d&rsquo;heures de garde effectu\u00e9es par mois.<\/p>\n<h2>C<b>ompl\u00e9ment familial et<\/b><span id=\"Le_conge_maternite\">\u00a0cong\u00e9 maternit\u00e9<\/span><\/h2>\n<p>Le cong\u00e9 maternit\u00e9\u00a0est une p\u00e9riode pendant laquelle les femmes enceintes salari\u00e9es ont la possibilit\u00e9 de cesser leur activit\u00e9 professionnelle. Que vous soyez du<span class=\"amp-wp-fe3f5cc\" data-amp-original-style=\"font-weight: 400;\">\u00a0<\/span><span class=\"amp-wp-fe3f5cc\" data-amp-original-style=\"font-weight: 400;\">secteur priv\u00e9<\/span><span class=\"amp-wp-fe3f5cc\" data-amp-original-style=\"font-weight: 400;\"> ou <\/span><span class=\"amp-wp-fe3f5cc\" data-amp-original-style=\"font-weight: 400;\">secteur public, vous pouvez b\u00e9n\u00e9ficier de cette aide et ainsi la cumuler avec le compl\u00e9ment familial.\u00a0<\/span><\/p>\n<h2>C<b>ompl\u00e9ment familial et <\/b><span id=\"La_prime_de_naissance\">prime de naissance<\/span><\/h2>\n<p>La <a href=\"https:\/\/www.mes-allocs.fr\/guides\/allocations-familiales\/prime-de-naissance\">prime de naissance<\/a> est une aide qui vise \u00e0 permettre aux futurs parents ou aux familles monoparentales de prendre en charge les frais li\u00e9s \u00e0 la naissance ou \u00e0 l\u2019adoption d\u2019un enfant.<\/p>\n<p>Pour b\u00e9n\u00e9ficier de cette prime, vous devez d\u00e9clarer votre grossesse aupr\u00e8s de la CAF et de votre Caisse primaire d\u2019assurance maladie (CPAM). Des conditions de ressources sont \u00e9galement \u00e0 respecter.<\/p>\n<p>Son montant est de 1 084,44 euros pour une grossesse et de 2 168,88 \u20ac net pour une adoption. En cas de grossesse multiple, ou si vous adoptez plusieurs enfants, la prime varie en fonction du nombre d\u2019enfants.<\/p>\n<h2>C<b>ompl\u00e9ment familial et <\/b><span id=\"Lallocation_de_soutien_familial\">allocation de soutien familial <\/span><\/h2>\n<p>L\u2019allocation de soutien familial (ASF) est une aide financi\u00e8re vers\u00e9e aux parents isol\u00e9s qui \u00e9l\u00e8vent seuls un enfant ou dont le montant de la pension alimentaire est faible.<\/p>\n<p>L\u2019ASF est vers\u00e9e par la Caisse d\u2019allocations familiales (CAF) ou la Mutualit\u00e9 sociale agricole (MSA) selon la caisse dont d\u00e9pend l\u2019assur\u00e9.<\/p>\n<p>L\u2019ASF est \u00e9galement d\u00e9livr\u00e9e \u00e0 titre d\u2019avance lorsque la pension alimentaire n\u2019est pas vers\u00e9e par l\u2019autre parent.<\/p>\n<p>Pour b\u00e9n\u00e9ficier de l\u2019allocation de soutien familial, les conditions \u00e0 respecter pour le demandeur sont les suivantes\u00a0:<\/p>\n<ul>\n<li>Vivre seul<\/li>\n<li>R\u00e9sider en France<\/li>\n<li>Avoir au moins 1 enfant \u00e0 charge<\/li>\n<li>L\u2019autre parent ne participe plus \u00e0 l\u2019entretien de(s) enfant(s) depuis au moins 1 mois ou la pension alimentaire vers\u00e9e par l\u2019autre parent est inf\u00e9rieure \u00e0 199,19 \u20ac par mois et par enfant pour un enfant priv\u00e9 de l\u2019aide de l\u2019un de ses parents.<\/li>\n<\/ul>\n<div class=\"fiche-item\" style=\"text-align: justify;\">\n<div id=\"fiche-item-4\" class=\"fiche-item-content collapse in\" aria-hidden=\"false\">\n<h1>Quelques petites subtilit\u00e9s sur le compl\u00e9ment familial<\/h1>\n<h2 id=\"quel-est-le-montant-du-complement-familial-majore\">Le compl\u00e9ment familial major\u00e9<\/h2>\n<p class=\"niv1\">Selon certaines situations familiales, les m\u00e9nages aux faibles ressources qui ne d\u00e9passent pas certains plafonds de revenus peuvent \u00e9galement b\u00e9n\u00e9ficier d&rsquo;une revalorisation exceptionnelle : le compl\u00e9ment familial major\u00e9. Le montant du compl\u00e9ment familial major\u00e9 est de 294,91 \u20ac par mois jusqu&rsquo;au 31 mars 2026. Les plafonds de revenus applicables en 2026 pour b\u00e9n\u00e9ficier de la majoration sont les suivants :<\/p>\n<p class=\"niv1\">\n<div class=\"wpdt-c row wpDataTableContainerSimpleTable wpDataTables wpDataTablesWrapper\n\"\n    >\n    <table id=\"wpdtSimpleTable-259\"\n           class=\"wpdtSimpleTable wpDataTable\"\n           data-column=\"3\"\n           data-rows=\"3\"\n           data-wpID=\"259\"\n           data-responsive=\"0\"\n           data-has-header=\"1\">\n\n                    <thead>        <tr class=\"wpdt-cell-row \" >\n                            <th class=\"wpdt-cell wpdt-bc-F3F9FE\"\n                                    data-cell-id=\"A1\"\n                data-col-index=\"0\"\n                data-row-index=\"0\"\n                style=\" width:29.120323559151%;                padding:10px;\"\n                >\n                                Nombre d'enfants \u00e0 charge entre 3 ans et moins de 21 ans                <\/th>\n                                            <th class=\"wpdt-cell wpdt-bc-F3F9FE\"\n                                    data-cell-id=\"B1\"\n                data-col-index=\"1\"\n                data-row-index=\"0\"\n                style=\" width:30.535894843276%;                padding:10px;\"\n                >\n                                Couple avec un seul revenu d\u2019activit\u00e9 (N-2)                <\/th>\n                                            <th class=\"wpdt-cell wpdt-bc-F3F9FE\"\n                                    data-cell-id=\"C1\"\n                data-col-index=\"2\"\n                data-row-index=\"0\"\n                style=\" width:40.343781597573%;                padding:10px;\"\n                >\n                                Parent isol\u00e9 ou couple avec 2 revenus d'activit\u00e9 (N-2)                <\/th>\n                                        <\/tr>\n                    <tbody>        <tr class=\"wpdt-cell-row \" >\n                            <td class=\"wpdt-cell wpdt-bc-FFFFFF\"\n                                    data-cell-id=\"A2\"\n                data-col-index=\"0\"\n                data-row-index=\"1\"\n                style=\"                padding:10px;\"\n                >\n                                3 enfants                <\/td>\n                                            <td class=\"wpdt-cell wpdt-bc-FFFFFF\"\n                                    data-cell-id=\"B2\"\n                data-col-index=\"1\"\n                data-row-index=\"1\"\n                style=\"                padding:10px;\"\n                >\n                                22 372 \u20ac                <\/td>\n                                            <td class=\"wpdt-cell wpdt-bc-FFFFFF\"\n                                    data-cell-id=\"C2\"\n                data-col-index=\"2\"\n                data-row-index=\"1\"\n                style=\"                padding:10px;\"\n                >\n                                27 367 \u20ac                <\/td>\n                                        <\/tr>\n                            <tr class=\"wpdt-cell-row \" >\n                            <td class=\"wpdt-cell wpdt-bc-FFFFFF\"\n                                    data-cell-id=\"A3\"\n                data-col-index=\"0\"\n                data-row-index=\"2\"\n                style=\"                padding:10px;\"\n                >\n                                4 enfants                <\/td>\n                                            <td class=\"wpdt-cell wpdt-bc-FFFFFF\"\n                                    data-cell-id=\"B3\"\n                data-col-index=\"1\"\n                data-row-index=\"2\"\n                style=\"                padding:10px;\"\n                >\n                                26 101 \u20ac                <\/td>\n                                            <td class=\"wpdt-cell wpdt-bc-FFFFFF\"\n                                    data-cell-id=\"C3\"\n                data-col-index=\"2\"\n                data-row-index=\"2\"\n                style=\"                padding:10px;\"\n                >\n                                31 096 \u20ac                <\/td>\n                                        <\/tr>\n                    <\/table>\n<\/div><style id='wpdt-custom-style-259'>\ntable#wpdtSimpleTable-259{ table-layout: fixed !important; }\n.wpdt-bc-F3F9FE { background-color: #F3F9FE !important;}\n.wpdt-bc-FFFFFF { background-color: #FFFFFF !important;}\n<\/style>\n<\/p>\n<p><span class=\"amp-wp-fe3f5cc\" data-amp-original-style=\"font-weight: 400;\"><span class=\"amp-wp-7d27179\" data-amp-original-style=\"text-align: justify;\">Le montant de l&rsquo;aide repr\u00e9sente le montant maximal, quelque soit votre nombre d\u2019enfants.<\/span><\/span><i><\/i><\/p>\n<p class=\"niv1\">Ce montant de base restera le m\u00eame jusqu\u2019au 1er avril 2026.<\/p>\n<\/div>\n<\/div>\n<div class=\"fiche-item\" style=\"text-align: justify;\">\n<div class=\"fiche-item-title\">\n<div id=\"jArticleInside\" class=\"typo_content typo_content--img\">\n<h2 id=\"le-complement-familial-est-il-imposable\">Le compl\u00e9ment familial est-il imposable ?<\/h2>\n<p class=\"niv1\">Comme la plupart des aides sociales, le compl\u00e9ment familial n&rsquo;est pas soumis \u00e0 l&rsquo;imp\u00f4t sur le revenu. Par cons\u00e9quent, les sommes vers\u00e9es ne doivent pas \u00eatre retranscrites sur la d\u00e9claration de revenus annuelle et aucun pr\u00e9l\u00e8vement \u00e0 la source ne s&rsquo;applique \u00e0 elles.<\/p>\n<h2 style=\"text-align: justify;\"><b>L\u2019employeur et le compl\u00e9ment familial<\/b><\/h2>\n<p style=\"text-align: justify;\"><span style=\"font-weight: 400;\">Si vous \u00eates fonctionnaire, vous pouvez percevoir un Suppl\u00e9ment Familial de Traitement (SFT) si vous avez au moins un enfant \u00e0 charge de moins de 20 ans. Son montant \u00e9volue selon le nombre d\u2019enfants \u00e0 votre charge et vos revenus. Parfois, le secteur priv\u00e9 propose une qui fonctionne de la m\u00eame mani\u00e8re,\u00a0 dont le montant et les conditions varie en fonction de l&rsquo;entreprise.<\/span><\/p>\n<p style=\"text-align: justify;\"><span style=\"font-weight: 400;\">Si vous \u00eates \u00e9ligible au compl\u00e9ment familial, vous pouvez sans doute \u00e9galement pr\u00e9tendre au SFT, public ou priv\u00e9. Vous n\u2019avez pas \u00e0 vous soucier de cette aide propos\u00e9e par l\u2019organisme pour lequel vous travaillez, elle ne vous interdit en aucun cas l\u2019acc\u00e8s au compl\u00e9ment familial.\u00a0<\/span><\/p>\n<\/div>\n<\/div>\n<\/div>\n","protected":false},"excerpt":{"rendered":"<p>[Mis \u00e0 jour le 18\/02\/2026] Le compl\u00e9ment familial est un compl\u00e9ment de ressources appartenant au domaine des allocations familiales. Il est administr\u00e9 ainsi par la Caisse d\u2019Allocations Familiales (CAF) ou par la Mutualit\u00e9 Sociale Agricole (MSA). Cette prestation sociale, vous et destin\u00e9e si vous \u00eates une famille nombreuse, et que vos revenus sont modestes. Elle [&hellip;]<\/p>\n","protected":false},"author":6,"featured_media":292,"comment_status":"open","ping_status":"open","sticky":false,"template":"","format":"standard","meta":{"amp_status":"","footnotes":""},"categories":[10],"tags":[],"class_list":["post-291","post","type-post","status-publish","format-standard","has-post-thumbnail","hentry","category-allocations-familiales"],"yoast_head":"<!-- This site is optimized with the Yoast SEO plugin v14.9 - https:\/\/yoast.com\/wordpress\/plugins\/seo\/ -->\n<title>Compl\u00e9ment Familial : \u00e9conomisez jusqu\u2019\u00e0 295 \u20ac mensuels | Mes-Allocs.fr<\/title>\n<meta name=\"description\" content=\"Comprendre en quelques minutes l&#039;ensemble des d\u00e9marches, conditions, calcul et montants du compl\u00e9ment familial. Simulation sur Mes Allocs.\" \/>\n<meta name=\"robots\" content=\"index, follow, max-snippet:-1, max-image-preview:large, max-video-preview:-1\" \/>\n<link rel=\"canonical\" href=\"https:\/\/www.mes-allocs.fr\/guides\/allocations-familiales\/complement-familial\/\" \/>\n<meta property=\"og:locale\" content=\"fr_FR\" \/>\n<meta property=\"og:type\" content=\"article\" \/>\n<meta property=\"og:title\" content=\"Compl\u00e9ment Familial : \u00e9conomisez jusqu\u2019\u00e0 295 \u20ac mensuels | Mes-Allocs.fr\" \/>\n<meta property=\"og:description\" content=\"Comprendre en quelques minutes l&#039;ensemble des d\u00e9marches, conditions, calcul et montants du compl\u00e9ment familial. Simulation sur Mes Allocs.\" \/>\n<meta property=\"og:url\" content=\"https:\/\/www.mes-allocs.fr\/guides\/allocations-familiales\/complement-familial\/\" \/>\n<meta property=\"og:site_name\" content=\"Mes-Allocs.fr\" \/>\n<meta property=\"article:published_time\" content=\"2019-07-15T08:19:10+00:00\" \/>\n<meta property=\"article:modified_time\" content=\"2026-03-11T15:01:43+00:00\" \/>\n<meta property=\"og:image\" content=\"https:\/\/www.mes-allocs.fr\/guides\/wp-content\/uploads\/2019\/07\/0030145_900-e1686561822722.jpeg?wsr\" \/>\n\t<meta property=\"og:image:width\" content=\"891\" \/>\n\t<meta property=\"og:image:height\" content=\"169\" \/>\n<meta name=\"twitter:card\" content=\"summary_large_image\" \/>\n<script type=\"application\/ld+json\" class=\"yoast-schema-graph\">{\"@context\":\"https:\/\/schema.org\",\"@graph\":[{\"@type\":\"WebSite\",\"@id\":\"https:\/\/www.mes-allocs.fr\/guides\/#website\",\"url\":\"https:\/\/www.mes-allocs.fr\/guides\/\",\"name\":\"Mes-Allocs.fr\",\"description\":\"\",\"potentialAction\":[{\"@type\":\"SearchAction\",\"target\":\"https:\/\/www.mes-allocs.fr\/guides\/?s={search_term_string}\",\"query-input\":\"required name=search_term_string\"}],\"inLanguage\":\"fr-FR\"},{\"@type\":\"ImageObject\",\"@id\":\"https:\/\/www.mes-allocs.fr\/guides\/allocations-familiales\/complement-familial\/#primaryimage\",\"inLanguage\":\"fr-FR\",\"url\":\"https:\/\/www.mes-allocs.fr\/guides\/wp-content\/uploads\/2019\/07\/0030145_900-e1686561822722.jpeg?wsr\",\"width\":891,\"height\":169,\"caption\":\"0030145 900 e1563780255523\"},{\"@type\":\"WebPage\",\"@id\":\"https:\/\/www.mes-allocs.fr\/guides\/allocations-familiales\/complement-familial\/#webpage\",\"url\":\"https:\/\/www.mes-allocs.fr\/guides\/allocations-familiales\/complement-familial\/\",\"name\":\"Compl\\u00e9ment Familial : \\u00e9conomisez jusqu\\u2019\\u00e0 295 \\u20ac mensuels | Mes-Allocs.fr\",\"isPartOf\":{\"@id\":\"https:\/\/www.mes-allocs.fr\/guides\/#website\"},\"primaryImageOfPage\":{\"@id\":\"https:\/\/www.mes-allocs.fr\/guides\/allocations-familiales\/complement-familial\/#primaryimage\"},\"datePublished\":\"2019-07-15T08:19:10+00:00\",\"dateModified\":\"2026-03-11T15:01:43+00:00\",\"author\":{\"@id\":\"https:\/\/www.mes-allocs.fr\/guides\/#\/schema\/person\/0ecd61a8600573914d00d970a588c024\"},\"description\":\"Comprendre en quelques minutes l'ensemble des d\\u00e9marches, conditions, calcul et montants du compl\\u00e9ment familial. Simulation sur Mes Allocs.\",\"inLanguage\":\"fr-FR\"},{\"@type\":\"Person\",\"@id\":\"https:\/\/www.mes-allocs.fr\/guides\/#\/schema\/person\/0ecd61a8600573914d00d970a588c024\",\"name\":\"Jonathan\",\"image\":{\"@type\":\"ImageObject\",\"@id\":\"https:\/\/www.mes-allocs.fr\/guides\/#personlogo\",\"inLanguage\":\"fr-FR\",\"url\":\"https:\/\/www.mes-allocs.fr\/guides\/wp-content\/uploads\/2021\/06\/jonathan-150x150.png\",\"caption\":\"Jonathan\"},\"description\":\"Jonathan est r\\u00e9dacteur au sein de l'\\u00e9quipe Mes Allocs, sp\\u00e9cialis\\u00e9 sur les sujets li\\u00e9s au handicap. Dipl\\u00f4m\\u00e9e de l'UPEM, il rejoint Mes Allocs apr\\u00e8s avoir travaill\\u00e9 \\u00e0 l'association AEDE qui accompagne les adultes en situation de handicap. Quand il n'\\u00e9crit pas, on peut le retrouver sur un terrain de basket.\",\"sameAs\":[\"https:\/\/www.linkedin.com\/in\/jonathan-bambela-8637861b7\"]}]}<\/script>\n<!-- \/ Yoast SEO plugin. -->","amp_validity":null,"acf":{"faq":{"1":{"question":"\ud83e\udd14 Qu'est ce que le compl\u00e9ment familial ?","answer":"Le compl\u00e9ment familial est une aide financi\u00e8re vers\u00e9e par la Caisse d'allocations familiales (CAF) ou la Mutualit\u00e9 sociale agricole (MSA), sous conditions, aux personnes ayant au moins 3 enfants \u00e0 charge."},"2":{"question":"\ud83d\udcca Quelles sont les conditions li\u00e9es au compl\u00e9ment familial ?","answer":"Pour percevoir le compl\u00e9ment familial, vous devez tout d\u2019abord remplir les crit\u00e8res li\u00e9s aux enfants : vous devez avoir plus de 3 enfants \u00e0 charge \u00e2g\u00e9s de plus de 3 ans (inclus) et de moins de 21 ans (exclu). Faites <a href=\"https:\/\/www.mes-allocs.fr\/simulation-aides\">la simulation gratuite<\/a> directement sur le site de Mes Allocs pour conna\u00eetre tous vos droits d'\u00e9ligibilit\u00e9s."},"3":{"question":"\ud83e\udd1d Comment demander le compl\u00e9ment familial ?","answer":"Vous devez remplir un formulaire et fournir certaines pi\u00e8ces justificatives \u00e0 la Caisse d\u2019Allocations Familiales (CAF) ou \u00e0 la Mutualit\u00e9 Sociale Agricole (MSA). Vous pouvez aussi demander \u00e0 Mes Allocs de faire <a href=\"https:\/\/www.mes-allocs.fr\/signature\">toutes les d\u00e9marches administratives<\/a> \u00e0 votre place."},"4":{"question":"\ud83c\udfc6 Comment faire une simulation compl\u00e9ment familial ?","answer":"Le plus simple pour savoir si vous \u00eates \u00e9ligible \u00e0 une allocation familiale comme le compl\u00e9ment familiale en fonction de vos revenus et de votre situation familiale, est de faire <a href=\"https:\/\/www.mes-allocs.fr\/simulation-aides\">la simulation gratuite<\/a> de compl\u00e9ment familial de Mes Allocs."},"5":{"question":"\ud83d\udcc5 Quand touche-t-on l'allocation rentr\u00e9e scolaire ?","answer":"L'ARS est vers\u00e9e pour les enfants ayant moins de 18 ans au 16 septembre. "},"6":{"question":"\ud83d\udcb0 Quel est le montant de la rentr\u00e9e scolaire ?","answer":"L'allocation de rentr\u00e9e scolaire (ARS) est vers\u00e9e, sous conditions de ressources, aux familles ayant au moins un enfant scolaris\u00e9 et \u00e2g\u00e9 de 6 \u00e0 18 ans. Elle permet d'aider les familles \u00e0 financer les d\u00e9penses de la rentr\u00e9e scolaire. Son montant d\u00e9pend de l'\u00e2ge de l'enfant."},"7":{"question":"","answer":""},"8":{"question":"","answer":""},"9":{"question":"","answer":""},"10":{"question":"","answer":""},"11":{"question":"","answer":""},"12":{"question":"","answer":""},"13":{"question":"","answer":""},"14":{"question":"","answer":""},"15":{"question":"","answer":""},"16":{"question":"","answer":""}}},"_links":{"self":[{"href":"https:\/\/www.mes-allocs.fr\/guides\/wp-json\/wp\/v2\/posts\/291","targetHints":{"allow":["GET"]}}],"collection":[{"href":"https:\/\/www.mes-allocs.fr\/guides\/wp-json\/wp\/v2\/posts"}],"about":[{"href":"https:\/\/www.mes-allocs.fr\/guides\/wp-json\/wp\/v2\/types\/post"}],"author":[{"embeddable":true,"href":"https:\/\/www.mes-allocs.fr\/guides\/wp-json\/wp\/v2\/users\/6"}],"replies":[{"embeddable":true,"href":"https:\/\/www.mes-allocs.fr\/guides\/wp-json\/wp\/v2\/comments?post=291"}],"version-history":[{"count":50,"href":"https:\/\/www.mes-allocs.fr\/guides\/wp-json\/wp\/v2\/posts\/291\/revisions"}],"predecessor-version":[{"id":110386,"href":"https:\/\/www.mes-allocs.fr\/guides\/wp-json\/wp\/v2\/posts\/291\/revisions\/110386"}],"wp:featuredmedia":[{"embeddable":true,"href":"https:\/\/www.mes-allocs.fr\/guides\/wp-json\/wp\/v2\/media\/292"}],"wp:attachment":[{"href":"https:\/\/www.mes-allocs.fr\/guides\/wp-json\/wp\/v2\/media?parent=291"}],"wp:term":[{"taxonomy":"category","embeddable":true,"href":"https:\/\/www.mes-allocs.fr\/guides\/wp-json\/wp\/v2\/categories?post=291"},{"taxonomy":"post_tag","embeddable":true,"href":"https:\/\/www.mes-allocs.fr\/guides\/wp-json\/wp\/v2\/tags?post=291"}],"curies":[{"name":"wp","href":"https:\/\/api.w.org\/{rel}","templated":true}]}}