{"id":28977,"date":"2021-06-11T14:46:36","date_gmt":"2021-06-11T14:46:36","guid":{"rendered":"https:\/\/www.mes-allocs.fr\/guides\/?p=28977"},"modified":"2025-07-09T14:34:06","modified_gmt":"2025-07-09T12:34:06","slug":"prime-a-la-conversion-type-de-carburant","status":"publish","type":"post","link":"https:\/\/www.mes-allocs.fr\/guides\/prime-a-la-conversion\/prime-a-la-conversion-type-de-carburant\/","title":{"rendered":"La prime \u00e0 la conversion en fonction du type de carburant"},"content":{"rendered":"<p><img loading=\"lazy\" decoding=\"async\" class=\"aligncenter wp-image-28993 \" src=\"https:\/\/www.mes-allocs.fr\/guides\/wp-content\/uploads\/2021\/06\/pexels-skitterphoto-9796-e1622661030925.jpg\" alt=\"Prime \u00e0 la conversion + type de carburant\" width=\"1408\" height=\"563\" srcset=\"https:\/\/www.mes-allocs.fr\/guides\/wp-content\/uploads\/2021\/06\/pexels-skitterphoto-9796-e1622661030925.jpg 1280w, https:\/\/www.mes-allocs.fr\/guides\/wp-content\/uploads\/2021\/06\/pexels-skitterphoto-9796-e1622661030925-300x120.jpg 300w, https:\/\/www.mes-allocs.fr\/guides\/wp-content\/uploads\/2021\/06\/pexels-skitterphoto-9796-e1622661030925-1024x410.jpg 1024w, https:\/\/www.mes-allocs.fr\/guides\/wp-content\/uploads\/2021\/06\/pexels-skitterphoto-9796-e1622661030925-768x307.jpg 768w, https:\/\/www.mes-allocs.fr\/guides\/wp-content\/uploads\/2021\/06\/pexels-skitterphoto-9796-e1622661030925-600x240.jpg 600w\" sizes=\"auto, (max-width: 1408px) 100vw, 1408px\" \/><\/p>\n<p><strong>La <a href=\"https:\/\/www.mes-allocs.fr\/guides\/prime-a-la-conversion\/\">prime \u00e0 la conversion<\/a> est accord\u00e9e pour encourager les Fran\u00e7ais \u00e0 utiliser un v\u00e9hicule respectueux de l\u2019environnement. Votre \u00e9ligibilit\u00e9 est d\u00e9termin\u00e9e \u00e0 partir de votre revenu fiscal de r\u00e9f\u00e9rence, mais \u00e9galement le type de v\u00e9hicule que vous souhaitez acheter. Tous les carburants ne sont pas \u00e9ligibles. Mes Allocs vous en dit plus sur la prime \u00e0 la conversion et le type de carburant.<\/strong><\/p>\n<div class='cta-block'><div class='text'>Simulez toutes vos aides en 2 min.<\/div><a href='https:\/\/www.mes-allocs.fr\/ab-app?origin=guides\/wp-json\/wp\/v2\/posts\/28977' class='app-button fit'>Simulation gratuite<\/a><\/div>\n<p class=\"p1\"><div class='shortcode disclaimer'><div class='title'>Attention<\/div><div class='content'>La prime \u00e0 la conversion n\u2019est plus disponible depuis d\u00e9cembre 2024. Apr\u00e8s cette date, il n\u2019est plus possible d\u2019en b\u00e9n\u00e9ficier, que ce soit pour les particuliers ou les professionnels. <\/div><\/div><\/p>\n<h1>Quel type de carburant est \u00e9ligible \u00e0 la prime \u00e0 la conversion ?<\/h1>\n<p>La prime \u00e0 la conversion est disponible pour les v\u00e9hicules fonctionnant \u00e0 diff\u00e9rents types de carburants. Voici les deux principales cat\u00e9gories de carburants \u00e9ligibles.<\/p>\n<h2>Les v\u00e9hicules essence \u00e9ligibles \u00e0 la prime \u00e0 la conversion<\/h2>\n<p>Les <a href=\"https:\/\/www.mes-allocs.fr\/guides\/prime-a-la-conversion\/prime-a-la-convertion-type-de-carburant\/prime-a-la-conversion-essence\/\">v\u00e9hicules essence<\/a> sont \u00e9ligibles \u00e0 la prime \u00e0 la conversion. Cela inclut les voitures \u00e9quip\u00e9es de moteurs \u00e0 essence, qu&rsquo;elles soient neuves ou d&rsquo;occasion, \u00e0 condition de respecter les crit\u00e8res d&rsquo;\u00e2ge et de niveau de pollution mentionn\u00e9s pr\u00e9c\u00e9demment.<\/p>\n<ul>\n<li>L<strong>&lsquo;\u00e2ge du v\u00e9hicule<\/strong> : votre v\u00e9hicule essence doit avoir \u00e9t\u00e9 immatricul\u00e9 pour la premi\u00e8re fois avant le 1er janvier 2006.<\/li>\n<li>\u00a0<strong>Le niveau de pollution<\/strong> : votre v\u00e9hicule essence doit \u00eatre class\u00e9 comme Crit&rsquo;Air 1 ou Crit&rsquo;Air 2. Ces vignettes Crit&rsquo;Air sont d\u00e9livr\u00e9es par le minist\u00e8re de la Transition \u00e9cologique et solidaire et indiquent le niveau de pollution du v\u00e9hicule en fonction de son moteur et de sa date de premi\u00e8re immatriculation.<\/li>\n<\/ul>\n<h2>Les v\u00e9hicules diesel \u00e9ligibles \u00e0 la prime \u00e0 la conversion<\/h2>\n<p>Les <a href=\"https:\/\/www.mes-allocs.fr\/guides\/prime-a-la-conversion\/prime-a-la-convertion-type-de-carburant\/prime-a-la-conversion-diesel\/\">v\u00e9hicules diesel<\/a> peuvent \u00e9galement \u00eatre \u00e9ligibles \u00e0 la prime \u00e0 la conversion, \u00e0 condition qu&rsquo;ils r\u00e9pondent aux crit\u00e8res sp\u00e9cifiques. Cela comprend les v\u00e9hicules diesel immatricul\u00e9s avant le 1er janvier 2011 et class\u00e9s Crit&rsquo;Air 1 ou Crit&rsquo;Air 2.<\/p>\n<h1>Quels sont les autres types de carburant \u00e9ligibles \u00e0 la prime \u00e0 la conversion ?<\/h1>\n<h2>Pr\u00e9sentation des autres types de carburant \u00e9ligibles \u00e0 la prime \u00e0 la conversion en 2025<\/h2>\n<p>Il existe diff\u00e9rents types de carburants \u00e9ligibles \u00e0 la prime \u00e0 la conversion, notamment :<\/p>\n<p>1. Les<strong> <a href=\"https:\/\/www.mes-allocs.fr\/guides\/prime-a-la-conversion\/prime-a-la-conversion-hybride\/\">v\u00e9hicules hybrides<\/a> <\/strong>combinent un moteur \u00e0 combustion interne avec un moteur \u00e9lectrique. Ils offrent une meilleure efficacit\u00e9 \u00e9nerg\u00e9tique et r\u00e9duisent les \u00e9missions de CO2 par rapport aux v\u00e9hicules traditionnels.<\/p>\n<p>2. Les v\u00e9hicules \u00e9lectriques fonctionnent enti\u00e8rement \u00e0 l&rsquo;\u00e9lectricit\u00e9 et ne produisent aucune \u00e9mission directe. Ils contribuent \u00e0 r\u00e9duire la pollution atmosph\u00e9rique et les \u00e9missions de gaz \u00e0 effet de serre.<\/p>\n<p>3. Les v\u00e9hicules hybrides rechargeables combinent un moteur \u00e0 combustion interne avec une batterie rechargeable. Ils peuvent \u00eatre utilis\u00e9s en mode \u00e9lectrique sur de courtes distances, ce qui r\u00e9duit la consommation de carburant et les \u00e9missions.<\/p>\n<p>Bon \u00e0 savoir : les <a href=\"https:\/\/www.mes-allocs.fr\/guides\/prime-a-la-conversion\/prime-a-la-convertion-type-de-carburant\/prime-a-la-conversion-gpl\/\">v\u00e9hicules GPL<\/a> et ceux pouvant \u00eatre convertis \u00e0 l&rsquo;<a href=\"https:\/\/www.mes-allocs.fr\/guides\/prime-a-la-conversion\/prime-a-la-convertion-type-de-carburant\/prime-a-la-conversion-ethanol\/\">ethanol<\/a> sont \u00e9galement \u00e9ligibles.<\/p>\n<h2>Quels sont les avantages de la conversion vers ces types de carburant ?<\/h2>\n<p><strong>La r\u00e9duction des \u00e9missions<\/strong> : les v\u00e9hicules utilisant des carburants plus propres contribuent \u00e0 r\u00e9duire la pollution atmosph\u00e9rique et les <strong>\u00e9missions de gaz \u00e0 effet de serre<\/strong>, ce qui est b\u00e9n\u00e9fique pour l&rsquo;environnement et la qualit\u00e9 de l&rsquo;air.<\/p>\n<p><strong>Les \u00e9conomies de carburant<\/strong> : les v\u00e9hicules hybrides et \u00e9lectriques sont g\u00e9n\u00e9ralement plus \u00e9conomes en carburant, ce qui peut entra\u00eener des \u00e9conomies significatives sur les co\u00fbts de carburant \u00e0 long terme.<\/p>\n<p><strong>Les avantages fiscaux<\/strong> : dans certains pays, les v\u00e9hicules \u00e9ligibles \u00e0 la prime \u00e0 la conversion peuvent b\u00e9n\u00e9ficier d&rsquo;avantages fiscaux tels que des r\u00e9ductions d&rsquo;imp\u00f4ts, des exemptions de taxes ou des tarifs pr\u00e9f\u00e9rentiels.<\/p>\n<h1>Quelles sont les conditions pour \u00eatre \u00e9ligible \u00e0 la prime \u00e0 la conversion ?<\/h1>\n<h2>Les conditions li\u00e9es au demandeur<\/h2>\n<p>Pour \u00eatre \u00e9ligible \u00e0 la prime \u00e0 la conversion, vous devez respecter les <a href=\"https:\/\/www.mes-allocs.fr\/guides\/prime-a-la-conversion\/conditions-prime-a-la-conversion\/\">conditions<\/a> suivantes. Mais si vous souhaitez une estimation fiable de vos droits \u00e0 la prime \u00e0 la conversion vous pouvez utiliser le simulateur gratuit Mes Allocs.<\/p>\n<p>Pour \u00eatre \u00e9ligible \u00e0 la prime \u00e0 la conversion en 2025, vous devez :<\/p>\n<ul>\n<li>\u00eatre\u00a0majeur<\/li>\n<li>vivre en France M\u00e9tropolitaine<\/li>\n<li>avoir un ancien v\u00e9hicule \u00e0 mettre \u00e0 la casse (v\u00e9hicule essence ou diesel)<\/li>\n<li>acheter un v\u00e9hicule propre comme un v\u00e9hicule thermique ou \u00e9lectrique par exemple<\/li>\n<li>avoir un revenu fiscal de r\u00e9f\u00e9rence par part inf\u00e9rieur ou \u00e9gal \u00e0 24 900\u20ac (avis d&rsquo;imp\u00f4t 2024 sur les revenus 2023). Toutefois, dans le cas ou le v\u00e9hicule achet\u00e9 est \u00e9lectrique ou hybride rechargeable, la prime reste valable m\u00eame en cas de d\u00e9passement de ce seuil).<\/li>\n<\/ul>\n<h2>Les conditions pour l&rsquo;achat d&rsquo;un v\u00e9hicule neuf<\/h2>\n<p>Votre nouveau v\u00e9hicule doit respecter les conditions suivantes :<\/p>\n<ul>\n<li>Il doit \u00eatre neuf<\/li>\n<li>Il doit \u00e9mettre moins de 50g de CO2\/km (voiture \u00e9lectrique ou hybride rechargeable)<\/li>\n<li>Il doit \u00eatre immatricul\u00e9 en France<\/li>\n<li>Il ne pas \u00eatre c\u00e9d\u00e9 pendant les 6 mois suivants l\u2019achat ni avant d\u2019avoir parcouru 6 000 km.<\/li>\n<\/ul>\n<h2>Quelles sont les conditions pour l&rsquo;achat d&rsquo;un v\u00e9hicule d&rsquo;occasion ?<\/h2>\n<p>Qu&rsquo;il s&rsquo;agisse d&rsquo;une voiture ou bien d&rsquo;une camionnette, le v\u00e9hicule doit respecter les conditions suivantes :<\/p>\n<ul>\n<li>Il doit avoir un taux d&rsquo;\u00e9mission de CO2 de 20 g\/km au maximum (v\u00e9hicule \u00e9lectrique)<\/li>\n<li>Il doit \u00eatre achet\u00e9 ou lou\u00e9 pour une dur\u00e9e de 2 ans ou plus<\/li>\n<li>Il doit avoir \u00e9t\u00e9 immatricul\u00e9 pour la 1<sup>\u00e8re<\/sup>\u00a0fois depuis 2 ans ou plus suivant la facturation ou le versement du 1<sup>er<\/sup> loyer<\/li>\n<li>Il doit \u00eatre immatricul\u00e9 en France dans une s\u00e9rie d\u00e9finitive<\/li>\n<li>Il ne pas \u00eatre vendu dans les 2 ans suivant la date de facturation ou de versement du 1<sup>er<\/sup>\u00a0loyer.<\/li>\n<\/ul>\n<h1>La prime \u00e0 la conversion en 2025 : comment \u00e7a marche ?<\/h1>\n<h2>Qu\u2019est-ce que la prime \u00e0 la conversion ?<\/h2>\n<p>La prime \u00e0 la conversion est un dispositif qui a \u00e9t\u00e9 mis en place dans le cadre d\u2019un plan de relance. Cela pour encourager les Fran\u00e7ais \u00e0 utiliser des v\u00e9hicules respectueux de l\u2019environnement tel qu\u2019un v\u00e9hicule \u00e9lectrique, hybride, etc.<\/p>\n<p>Pour encourager \u00e0 rouler \u00ab\u00a0propre\u00a0\u00bb, la prime \u00e0 la conversion est un dispositif qui peut tout \u00e0 fait \u00eatre cumulable avec le bonus \u00e9cologique et agit en compl\u00e9ment de la super prime \u00e0 la conversion. Il suffit que l\u2019ancienne voiture ait \u00e9t\u00e9 mise au rebut dans un centre VHU (v\u00e9hicule hors d\u2019usage) agr\u00e9\u00e9.<\/p>\n<div class='cta-block'><div class='text'>Simulez toutes vos aides en 2 min.<\/div><a href='https:\/\/www.mes-allocs.fr\/ab-app?origin=guides\/wp-json\/wp\/v2\/posts\/28977' class='app-button fit'>Simulation gratuite<\/a><\/div>\n<h2>Quel est son montant pour l&rsquo;ann\u00e9e 2025 ?<\/h2>\n<p>Le montant de la prime est variable d&rsquo;un foyer \u00e0 un autre. En effet ce dernier est calcul\u00e9 \u00e0 partir de plusieurs informations. Notamment votre revenu fiscal de r\u00e9f\u00e9rence, le type de votre nouveau v\u00e9hicule, ainsi que de votre vieille voiture.<\/p>\n<p style=\"text-align: justify;\">Voici un tableau r\u00e9capitulatif du montant de la prime \u00e0 la conversion 2025<\/p>\n\n<div class=\"wpdt-c row wpDataTableContainerSimpleTable wpDataTables wpDataTablesWrapper\n\"\n    >\n    <table id=\"wpdtSimpleTable-349\"\n           class=\"wpdtSimpleTable wpDataTable\"\n           data-column=\"6\"\n           data-rows=\"7\"\n           data-wpID=\"349\"\n           data-responsive=\"0\"\n           data-has-header=\"1\">\n\n                    <thead>        <tr class=\"wpdt-cell-row \" style=\"height:101px;\">\n                            <th class=\"wpdt-cell wpdt-bc-8FB6D7 wpdt-bold wpdt-align-center\"\n                                    data-cell-id=\"A1\"\n                data-col-index=\"0\"\n                data-row-index=\"0\"\n                style=\" width:16.504854368932%;                padding:10px;\"\n                >\n                                V\u00e9hicules \u00e9ligibles \u00e0 acheter pour b\u00e9n\u00e9ficier de la prime \u00e0 la conversion                <\/th>\n                                            <th class=\"wpdt-cell wpdt-bc-8FB6D7 wpdt-bold wpdt-align-center\"\n                                    data-cell-id=\"B1\"\n                data-col-index=\"1\"\n                data-row-index=\"0\"\n                style=\" width:17.47572815534%;                padding:10px;\"\n                >\n                                Revenu fiscal de r\u00e9f\u00e9rence \u2264 7 100 \u20ac par part ou ceux avec un RFR\/part \u2264 14 089 \u20ac qui sont gros rouleurs (+ 60km\/jour ou +12 000 km\/an)                <\/th>\n                                            <th class=\"wpdt-cell wpdt-bc-8FB6D7 wpdt-bold wpdt-align-center\"\n                                    data-cell-id=\"C1\"\n                data-col-index=\"2\"\n                data-row-index=\"0\"\n                style=\" width:16.504854368932%;                padding:10px;\"\n                >\n                                RFR\/part \u2264 14 089 \u20ac                <\/th>\n                                            <th class=\"wpdt-cell wpdt-bc-8FB6D7 wpdt-bold wpdt-align-center\"\n                                    data-cell-id=\"D1\"\n                data-col-index=\"3\"\n                data-row-index=\"0\"\n                style=\" width:16.504854368932%;                padding:10px;\"\n                >\n                                RFR\/part > 14 089 \u20ac                <\/th>\n                                            <th class=\"wpdt-cell wpdt-bc-8FB6D7 wpdt-bold wpdt-align-center\"\n                                    data-cell-id=\"E1\"\n                data-col-index=\"4\"\n                data-row-index=\"0\"\n                style=\" width:16.504854368932%;                padding:10px;\"\n                >\n                                Personne morale (entreprise)                <\/th>\n                                            <th class=\"wpdt-cell wpdt-bc-8FB6D7 wpdt-bold wpdt-align-center\"\n                                    data-cell-id=\"F1\"\n                data-col-index=\"5\"\n                data-row-index=\"0\"\n                style=\" width:16.504854368932%;                padding:10px;\"\n                >\n                                Bonus \u00e9cologique Max                <\/th>\n                                        <\/tr>\n                    <tbody>        <tr class=\"wpdt-cell-row \" style=\"height:107px;\">\n                            <td class=\"wpdt-cell \"\n                                    data-cell-id=\"A2\"\n                data-col-index=\"0\"\n                data-row-index=\"1\"\n                style=\"                padding:10px;\"\n                >\n                                Diesel Crit'AIR 2\nimmatricul\u00e9\u00a0apr\u00e8s\u00a0le 01\/09\/2019\n(taux d'\u00e9mission CO2 \u2264 137g\/km)                <\/td>\n                                            <td class=\"wpdt-cell \"\n                                    data-cell-id=\"B2\"\n                data-col-index=\"1\"\n                data-row-index=\"1\"\n                style=\"                padding:10px;\"\n                >\n                                3000\u20ac\nlimit\u00e9 \u00e0 80% du prix du v\u00e9hicule                <\/td>\n                                            <td class=\"wpdt-cell \"\n                                    data-cell-id=\"C2\"\n                data-col-index=\"2\"\n                data-row-index=\"1\"\n                style=\"                padding:10px;\"\n                >\n                                1500\u20ac                <\/td>\n                                            <td class=\"wpdt-cell \"\n                                    data-cell-id=\"D2\"\n                data-col-index=\"3\"\n                data-row-index=\"1\"\n                style=\"                padding:10px;\"\n                >\n                                0\u20ac                <\/td>\n                                            <td class=\"wpdt-cell \"\n                                    data-cell-id=\"E2\"\n                data-col-index=\"4\"\n                data-row-index=\"1\"\n                style=\"                padding:10px;\"\n                >\n                                0\u20ac                <\/td>\n                                            <td class=\"wpdt-cell \"\n                                    data-cell-id=\"F2\"\n                data-col-index=\"5\"\n                data-row-index=\"1\"\n                style=\"                padding:10px;\"\n                >\n                                0\u20ac                <\/td>\n                                        <\/tr>\n                            <tr class=\"wpdt-cell-row \" >\n                            <td class=\"wpdt-cell \"\n                                    data-cell-id=\"A3\"\n                data-col-index=\"0\"\n                data-row-index=\"2\"\n                style=\"                padding:10px;\"\n                >\n                                Essence ou Diesel Crit'AIR 2\nimmatricul\u00e9\u00a0avant\u00a0le 01\/09\/2019                <\/td>\n                                            <td class=\"wpdt-cell \"\n                                    data-cell-id=\"B3\"\n                data-col-index=\"1\"\n                data-row-index=\"2\"\n                style=\"                padding:10px;\"\n                >\n                                0\u20ac                <\/td>\n                                            <td class=\"wpdt-cell \"\n                                    data-cell-id=\"C3\"\n                data-col-index=\"2\"\n                data-row-index=\"2\"\n                style=\"                padding:10px;\"\n                >\n                                0\u20ac                <\/td>\n                                            <td class=\"wpdt-cell \"\n                                    data-cell-id=\"D3\"\n                data-col-index=\"3\"\n                data-row-index=\"2\"\n                style=\"                padding:10px;\"\n                >\n                                0\u20ac                <\/td>\n                                            <td class=\"wpdt-cell \"\n                                    data-cell-id=\"E3\"\n                data-col-index=\"4\"\n                data-row-index=\"2\"\n                style=\"                padding:10px;\"\n                >\n                                0\u20ac                <\/td>\n                                            <td class=\"wpdt-cell \"\n                                    data-cell-id=\"F3\"\n                data-col-index=\"5\"\n                data-row-index=\"2\"\n                style=\"                padding:10px;\"\n                >\n                                0\u20ac                <\/td>\n                                        <\/tr>\n                            <tr class=\"wpdt-cell-row \" >\n                            <td class=\"wpdt-cell \"\n                                    data-cell-id=\"A4\"\n                data-col-index=\"0\"\n                data-row-index=\"3\"\n                style=\"                padding:10px;\"\n                >\n                                \u00c9lectrique Crit'AIR 0 neuf ou occasion\n(taux d'\u00e9mission CO2 \u2264 20g\/km)                <\/td>\n                                            <td class=\"wpdt-cell \"\n                                    data-cell-id=\"B4\"\n                data-col-index=\"1\"\n                data-row-index=\"3\"\n                style=\"                padding:10px;\"\n                >\n                                5000\u20ac\nlimit\u00e9 \u00e0 80% du prix du v\u00e9hicule                <\/td>\n                                            <td class=\"wpdt-cell \"\n                                    data-cell-id=\"C4\"\n                data-col-index=\"2\"\n                data-row-index=\"3\"\n                style=\"                padding:10px;\"\n                >\n                                2500\u20ac                <\/td>\n                                            <td class=\"wpdt-cell \"\n                                    data-cell-id=\"D4\"\n                data-col-index=\"3\"\n                data-row-index=\"3\"\n                style=\"                padding:10px;\"\n                >\n                                2500\u20ac                <\/td>\n                                            <td class=\"wpdt-cell \"\n                                    data-cell-id=\"E4\"\n                data-col-index=\"4\"\n                data-row-index=\"3\"\n                style=\"                padding:10px;\"\n                >\n                                2500\u20ac                <\/td>\n                                            <td class=\"wpdt-cell \"\n                                    data-cell-id=\"F4\"\n                data-col-index=\"5\"\n                data-row-index=\"3\"\n                style=\"                padding:10px;\"\n                >\n                                7000\u20ac\n(1000\u20ac pour l'occasion)                <\/td>\n                                        <\/tr>\n                            <tr class=\"wpdt-cell-row \" >\n                            <td class=\"wpdt-cell \"\n                                    data-cell-id=\"A5\"\n                data-col-index=\"0\"\n                data-row-index=\"4\"\n                style=\"                padding:10px;\"\n                >\n                                V\u00e9hicule hybride rechargeable neuf ou occasion Crit'AIR 1\nAutonomie \u00e9lectrique >50km\n(20g\/km < taux d'\u00e9mission CO2 \u2264 50g\/km)                <\/td>\n                                            <td class=\"wpdt-cell \"\n                                    data-cell-id=\"B5\"\n                data-col-index=\"1\"\n                data-row-index=\"4\"\n                style=\"                padding:10px;\"\n                >\n                                5000\u20ac\nlimit\u00e9 \u00e0 80% du prix du v\u00e9hicule                <\/td>\n                                            <td class=\"wpdt-cell \"\n                                    data-cell-id=\"C5\"\n                data-col-index=\"2\"\n                data-row-index=\"4\"\n                style=\"                padding:10px;\"\n                >\n                                2500\u20ac                <\/td>\n                                            <td class=\"wpdt-cell \"\n                                    data-cell-id=\"D5\"\n                data-col-index=\"3\"\n                data-row-index=\"4\"\n                style=\"                padding:10px;\"\n                >\n                                2500\u20ac                <\/td>\n                                            <td class=\"wpdt-cell \"\n                                    data-cell-id=\"E5\"\n                data-col-index=\"4\"\n                data-row-index=\"4\"\n                style=\"                padding:10px;\"\n                >\n                                2500\u20ac                <\/td>\n                                            <td class=\"wpdt-cell \"\n                                    data-cell-id=\"F5\"\n                data-col-index=\"5\"\n                data-row-index=\"4\"\n                style=\"                padding:10px;\"\n                >\n                                2000\u20ac\n(uniquement pour du neuf)                <\/td>\n                                        <\/tr>\n                            <tr class=\"wpdt-cell-row \" style=\"height:107px;\">\n                            <td class=\"wpdt-cell \"\n                                    data-cell-id=\"A6\"\n                data-col-index=\"0\"\n                data-row-index=\"5\"\n                style=\"                padding:10px;\"\n                >\n                                V\u00e9hicule hybride rechargeable neuf ou occasion Crit'AIR 1\nAutonomie \u00e9lectrique <50km\n(20g\/km < taux d'\u00e9mission CO2 \u2264 50g\/km)                <\/td>\n                                            <td class=\"wpdt-cell \"\n                                    data-cell-id=\"B6\"\n                data-col-index=\"1\"\n                data-row-index=\"5\"\n                style=\"                padding:10px;\"\n                >\n                                3000\u20ac\nlimit\u00e9 \u00e0 80% du prix du v\u00e9hicule                <\/td>\n                                            <td class=\"wpdt-cell \"\n                                    data-cell-id=\"C6\"\n                data-col-index=\"2\"\n                data-row-index=\"5\"\n                style=\"                padding:10px;\"\n                >\n                                1500\u20ac                <\/td>\n                                            <td class=\"wpdt-cell \"\n                                    data-cell-id=\"D6\"\n                data-col-index=\"3\"\n                data-row-index=\"5\"\n                style=\"                padding:10px;\"\n                >\n                                1500\u20ac                <\/td>\n                                            <td class=\"wpdt-cell \"\n                                    data-cell-id=\"E6\"\n                data-col-index=\"4\"\n                data-row-index=\"5\"\n                style=\"                padding:10px;\"\n                >\n                                0\u20ac                <\/td>\n                                            <td class=\"wpdt-cell \"\n                                    data-cell-id=\"F6\"\n                data-col-index=\"5\"\n                data-row-index=\"5\"\n                style=\"                padding:10px;\"\n                >\n                                0\u20ac                <\/td>\n                                        <\/tr>\n                            <tr class=\"wpdt-cell-row \" >\n                            <td class=\"wpdt-cell \"\n                                    data-cell-id=\"A7\"\n                data-col-index=\"0\"\n                data-row-index=\"6\"\n                style=\"                padding:10px;\"\n                >\n                                Deux-roues, trois-roues motoris\u00e9 ou quadricycle \u00e9lectrique Crit'AIR 0 neuf                <\/td>\n                                            <td class=\"wpdt-cell \"\n                                    data-cell-id=\"B7\"\n                data-col-index=\"1\"\n                data-row-index=\"6\"\n                style=\"                padding:10px;\"\n                >\n                                1100\u20ac                <\/td>\n                                            <td class=\"wpdt-cell \"\n                                    data-cell-id=\"C7\"\n                data-col-index=\"2\"\n                data-row-index=\"6\"\n                style=\"                padding:10px;\"\n                >\n                                1100\u20ac                <\/td>\n                                            <td class=\"wpdt-cell \"\n                                    data-cell-id=\"D7\"\n                data-col-index=\"3\"\n                data-row-index=\"6\"\n                style=\"                padding:10px;\"\n                >\n                                100\u20ac                <\/td>\n                                            <td class=\"wpdt-cell \"\n                                    data-cell-id=\"E7\"\n                data-col-index=\"4\"\n                data-row-index=\"6\"\n                style=\"                padding:10px;\"\n                >\n                                0\u20ac                <\/td>\n                                            <td class=\"wpdt-cell \"\n                                    data-cell-id=\"F7\"\n                data-col-index=\"5\"\n                data-row-index=\"6\"\n                style=\"                padding:10px;\"\n                >\n                                250\u20ac\/kWh                <\/td>\n                                        <\/tr>\n                    <\/table>\n<\/div><style id='wpdt-custom-style-349'>\ntable#wpdtSimpleTable-349{ table-layout: fixed !important; }\n.wpdt-bc-8FB6D7 { background-color: #8FB6D7 !important;}\n<\/style>\n\n<h2>Quand faire la demande de prime \u00e0 la conversion en 2025 ?<\/h2>\n<p>Pour b\u00e9n\u00e9ficier de la prime \u00e0 la conversion vous devez en faire la demande dans les 6 mois suivants l&rsquo;achat de votre nouveau v\u00e9hicule (preuve de facturation \u00e0 communiquer). En revanche, s&rsquo;il s&rsquo;agit d&rsquo;une location longue dur\u00e9e d&rsquo;un v\u00e9hicule, vous avez jusqu&rsquo;au premier loyer pour formuler votre requ\u00eate.<\/p>\n<p>Lors de votre demande, vous devrez communiquer les informations suivantes pour que vos droits soient \u00e9tudi\u00e9s :<\/p>\n<ul>\n<li>Certificat d\u2019immatriculation autrement dit la carte grise de votre v\u00e9hicule acquis ou bien du v\u00e9hicule que vous avez lou\u00e9<\/li>\n<li>Carte grise du v\u00e9hicule ancien \u00e0 mettre \u00e0 la casse (si vous en avez un)<\/li>\n<li>Un relev\u00e9 d\u2019identit\u00e9 bancaire \u00e0 votre nom<\/li>\n<\/ul>\n<p>En cas de besoin, un expert de l&rsquo;\u00e9quipe Mes Allocs peut <a href=\"https:\/\/www.mes-allocs.fr\/souscription\" target=\"_blank\" rel=\"noopener\">vous accompagner<\/a> dans ces d\u00e9marches pour vous faire gagner du temps et de l&rsquo;argent.<\/p>\n<h1>Qu&rsquo;est-ce que le bonus \u00e9cologique ?<\/h1>\n<p class=\"p1\"><div class='shortcode disclaimer'><div class='title'>Attention<\/div><div class='content'>Depuis juillet 2025, le bonus \u00e9cologique pour les voitures particuli\u00e8res neuves n\u2019est plus disponible. Vous pouvez cependant b\u00e9n\u00e9ficier de l\u2019aide financi\u00e8re pour l\u2019achat ou la location d\u2019une voiture \u00e9lectrique neuve distribu\u00e9e par les certificats d\u2019\u00e9conomies d\u2019\u00e9nergie (CEE), sous conditions.<\/div><\/div><\/p>\n<h2>D\u00e9finition du bonus \u00e9cologique<\/h2>\n<p>Le<strong> bonus \u00e9cologique<\/strong> est une prime qui vous est accord\u00e9e pour l&rsquo;achat d&rsquo;un v\u00e9hicule neuf \u00e0 faible \u00e9mission de Co2. En plus de l&rsquo;augmentation du montant de la prime, les v\u00e9hicules hybrides rechargeables (VHR) y sont notamment \u00e9ligibles sous certaines conditions ainsi que les v\u00e9hicules \u00e9lectriques d&rsquo;occasion depuis le 9 d\u00e9cembre 2020.<\/p>\n<p><strong>\u00c0 noter : il est tout \u00e0 fait possible de <a href=\"https:\/\/www.mes-allocs.fr\/guides\/prime-a-la-conversion\/prime-a-la-conversion-et-bonus-ecologique\/\">cumuler prime \u00e0 la conversion et bonus \u00e9cologique<\/a>.<\/strong><\/p>\n<h2>Quel est le montant du bonus \u00e9cologique ?<\/h2>\n<p>Le montant du bonus est variable, en effet, ce dernier est d\u00e9termin\u00e9 selon le type de v\u00e9hicule, ainsi que de la quantit\u00e9 d&rsquo;\u00e9mission de Co2.<\/p>\n<h3>Si le t<strong>aux de CO2 est inf\u00e9rieur ou \u00e9gal \u00e0 20g\/Km<\/strong><\/h3>\n<ul>\n<li><strong>Le montant peut atteindre jusqu&rsquo;\u00e0 7 000 \u20ac<\/strong> pour un v\u00e9hicule neuf dont le prix est inf\u00e9rieur \u00e0 45 000 \u20ac<\/li>\n<li><strong>3 000\u00a0\u20ac<\/strong>\u00a0pour un v\u00e9hicule dont le prix est compris entre 45\u00a0000 \u20ac et 60\u00a0000 \u20ac<\/li>\n<li><strong>3 000\u00a0\u20ac<\/strong>\u00a0pour un v\u00e9hicule de plus de 60 000 \u20ac (attention le le bonus concerne<strong>\u00a0uniquement<\/strong>\u00a0les\u00a0v\u00e9hicules utilitaires l\u00e9gers\u00a0ou fonctionnant \u00e0 l&rsquo;hydrog\u00e8ne).<\/li>\n<\/ul>\n<h3><strong>Si le taux de CO2 compris entre 21 et 50g\/km<\/strong><\/h3>\n<p>Le montant est de <strong>2 000\u00a0\u20ac<\/strong>\u00a0pour un v\u00e9hicule hybride rechargeable (VHR) de 50 000 \u20ac maximum, dont l&rsquo;autonomie est sup\u00e9rieure \u00e0 50 km.<\/p>\n<div class='cta-block'><div class='text'>Simulez toutes vos aides en 2 min.<\/div><a href='https:\/\/www.mes-allocs.fr\/ab-app?origin=guides\/wp-json\/wp\/v2\/posts\/28977' class='app-button fit'>Simulation gratuite<\/a><\/div>\n","protected":false},"excerpt":{"rendered":"<p>La prime \u00e0 la conversion est accord\u00e9e pour encourager les Fran\u00e7ais \u00e0 utiliser un v\u00e9hicule respectueux de l\u2019environnement. Votre \u00e9ligibilit\u00e9 est d\u00e9termin\u00e9e \u00e0 partir de votre revenu fiscal de r\u00e9f\u00e9rence, mais \u00e9galement le type de v\u00e9hicule que vous souhaitez acheter. Tous les carburants ne sont pas \u00e9ligibles. Mes Allocs vous en dit plus sur la [&hellip;]<\/p>\n","protected":false},"author":10,"featured_media":28993,"comment_status":"open","ping_status":"open","sticky":false,"template":"","format":"standard","meta":{"amp_status":"","footnotes":""},"categories":[9930],"tags":[],"class_list":["post-28977","post","type-post","status-publish","format-standard","has-post-thumbnail","hentry","category-prime-a-la-conversion"],"yoast_head":"<!-- This site is optimized with the Yoast SEO plugin v14.9 - https:\/\/yoast.com\/wordpress\/plugins\/seo\/ -->\n<title>La prime \u00e0 la conversion en fonction du type de carburant | Mes-Allocs.fr<\/title>\n<meta name=\"description\" content=\"La prime \u00e0 la conversion a \u00e9t\u00e9 reconduite pour 2024. Mes Allocs vous en dit plus sur la prime \u00e0 la conversion et le type de carburant.\" \/>\n<meta name=\"robots\" content=\"index, follow, max-snippet:-1, max-image-preview:large, max-video-preview:-1\" \/>\n<link rel=\"canonical\" href=\"https:\/\/www.mes-allocs.fr\/guides\/prime-a-la-conversion\/prime-a-la-conversion-type-de-carburant\/\" \/>\n<meta property=\"og:locale\" content=\"fr_FR\" \/>\n<meta property=\"og:type\" content=\"article\" \/>\n<meta property=\"og:title\" content=\"La prime \u00e0 la conversion en fonction du type de carburant | Mes-Allocs.fr\" \/>\n<meta property=\"og:description\" content=\"La prime \u00e0 la conversion a \u00e9t\u00e9 reconduite pour 2024. Mes Allocs vous en dit plus sur la prime \u00e0 la conversion et le type de carburant.\" \/>\n<meta property=\"og:url\" content=\"https:\/\/www.mes-allocs.fr\/guides\/prime-a-la-conversion\/prime-a-la-conversion-type-de-carburant\/\" \/>\n<meta property=\"og:site_name\" content=\"Mes-Allocs.fr\" \/>\n<meta property=\"article:published_time\" content=\"2021-06-11T14:46:36+00:00\" \/>\n<meta property=\"article:modified_time\" content=\"2025-07-09T12:34:06+00:00\" \/>\n<meta property=\"og:image\" content=\"https:\/\/www.mes-allocs.fr\/guides\/wp-content\/uploads\/2021\/06\/pexels-skitterphoto-9796-e1622661030925.jpg?wsr\" \/>\n\t<meta property=\"og:image:width\" content=\"1280\" \/>\n\t<meta property=\"og:image:height\" content=\"512\" \/>\n<meta name=\"twitter:card\" content=\"summary_large_image\" \/>\n<script type=\"application\/ld+json\" class=\"yoast-schema-graph\">{\"@context\":\"https:\/\/schema.org\",\"@graph\":[{\"@type\":\"WebSite\",\"@id\":\"https:\/\/www.mes-allocs.fr\/guides\/#website\",\"url\":\"https:\/\/www.mes-allocs.fr\/guides\/\",\"name\":\"Mes-Allocs.fr\",\"description\":\"\",\"potentialAction\":[{\"@type\":\"SearchAction\",\"target\":\"https:\/\/www.mes-allocs.fr\/guides\/?s={search_term_string}\",\"query-input\":\"required name=search_term_string\"}],\"inLanguage\":\"fr-FR\"},{\"@type\":\"ImageObject\",\"@id\":\"https:\/\/www.mes-allocs.fr\/guides\/prime-a-la-conversion\/prime-a-la-conversion-type-de-carburant\/#primaryimage\",\"inLanguage\":\"fr-FR\",\"url\":\"https:\/\/www.mes-allocs.fr\/guides\/wp-content\/uploads\/2021\/06\/pexels-skitterphoto-9796-e1622661030925.jpg?wsr\",\"width\":1280,\"height\":512,\"caption\":\"Prime \\u00e0 la conversion + type de carburant\"},{\"@type\":\"WebPage\",\"@id\":\"https:\/\/www.mes-allocs.fr\/guides\/prime-a-la-conversion\/prime-a-la-conversion-type-de-carburant\/#webpage\",\"url\":\"https:\/\/www.mes-allocs.fr\/guides\/prime-a-la-conversion\/prime-a-la-conversion-type-de-carburant\/\",\"name\":\"La prime \\u00e0 la conversion en fonction du type de carburant | Mes-Allocs.fr\",\"isPartOf\":{\"@id\":\"https:\/\/www.mes-allocs.fr\/guides\/#website\"},\"primaryImageOfPage\":{\"@id\":\"https:\/\/www.mes-allocs.fr\/guides\/prime-a-la-conversion\/prime-a-la-conversion-type-de-carburant\/#primaryimage\"},\"datePublished\":\"2021-06-11T14:46:36+00:00\",\"dateModified\":\"2025-07-09T12:34:06+00:00\",\"author\":{\"@id\":\"https:\/\/www.mes-allocs.fr\/guides\/#\/schema\/person\/8d47b912c0ad15f379df96b4e4e33f58\"},\"description\":\"La prime \\u00e0 la conversion a \\u00e9t\\u00e9 reconduite pour 2024. Mes Allocs vous en dit plus sur la prime \\u00e0 la conversion et le type de carburant.\",\"inLanguage\":\"fr-FR\"},{\"@type\":\"Person\",\"@id\":\"https:\/\/www.mes-allocs.fr\/guides\/#\/schema\/person\/8d47b912c0ad15f379df96b4e4e33f58\",\"name\":\"Constance de Cagny\",\"image\":{\"@type\":\"ImageObject\",\"@id\":\"https:\/\/www.mes-allocs.fr\/guides\/#personlogo\",\"inLanguage\":\"fr-FR\",\"url\":\"https:\/\/www.mes-allocs.fr\/guides\/wp-content\/uploads\/2021\/06\/Constance.2e8ee0b.png\",\"caption\":\"Constance de Cagny\"},\"description\":\"Constance est r\\u00e9dactrice au sein de l'\\u00e9quipe Mes Allocs. Elle a l'habitude d'\\u00e9crire sur les sujets conso, bons plans et \\u00e9conomies. Dipl\\u00f4m\\u00e9e de l'ENACO, elle rejoint Mes Allocs apr\\u00e8s une premi\\u00e8re exp\\u00e9rience en cabinet notarial.\",\"sameAs\":[\"https:\/\/www.linkedin.com\/in\/constance-de-cagny-mayeur-bbb414135\"]}]}<\/script>\n<!-- \/ Yoast SEO plugin. -->","amp_validity":null,"acf":{"faq":{"1":{"question":"Quels sont les v\u00e9hicules \u00e9ligibles \u00e0 la prime \u00e0 la conversion ?","answer":"La nouvelle prime \u00e0 la reconversion vous permet de faire reprendre des voitures Crit'Air 3, Crit'Air 4 et Crit'Air 5, soit toutes les voitures diesel dont la premi\u00e8re date d'immatriculation date d'avant le 1er janvier 2011."},"2":{"question":" Comment b\u00e9n\u00e9ficier de la prime \u00e0 la conversion ?","answer":"Pour b\u00e9n\u00e9ficier de la prime \u00e0 la conversion, il faut plusieurs conditions :\r\n\u00eatre majeur.\r\n\u00eatre domicili\u00e9 en France.\r\nmettre en destruction un v\u00e9hicule ancien.\r\nacheter un v\u00e9hicule peu polluant.\r\navoir un revenu fiscal de r\u00e9f\u00e9rence par part inf\u00e9rieur ou \u00e9gal \u00e0 24 900 \u20ac (avis d'imp\u00f4t 2024 sur les revenus 2023)."},"3":{"question":"Quel est le montant du bonus \u00e9cologique ?","answer":"Le montant du bonus est de 4 200 \u20ac ou 3 100 \u20ac selon votre situation."},"4":{"question":"Quel document pour la prime \u00e0 la conversion ?","answer":"Une copie de la carte grise du v\u00e9hicule d'occasion. Une copie du certificat de cession. D\u00e9claration du prix d'acquisition toutes taxes comprises ou facture. Copie de la carte grise du vieux v\u00e9hicule mis \u00e0 la casse "},"5":{"question":"Comment reconna\u00eetre un moteur diesel ?","answer":"Si votre v\u00e9hicule dispose d'un autocollant \u00e0 l'arri\u00e8re comme celui-ci avec au moins un \u201cD\u201d, il est probable qu'il s'agisse d'un diesel."},"6":{"question":"Pourquoi acheter une voiture \u00e9lectrique ? ","answer":"Gr\u00e2ce au v\u00e9hicule \u00e9lectrique vous faites le choix d'une voiture \u00e9cologique et moins polluante \u00e0 l'usage, mais aussi plus silencieuse pour contribuer \u00e0 r\u00e9duire les nuisances sonores."},"7":{"question":"","answer":""},"8":{"question":"","answer":""},"9":{"question":"","answer":""},"10":{"question":"","answer":""},"11":{"question":"","answer":""},"12":{"question":"","answer":""},"13":{"question":"","answer":""},"14":{"question":"","answer":""},"15":{"question":"","answer":""},"16":{"question":"","answer":""}}},"_links":{"self":[{"href":"https:\/\/www.mes-allocs.fr\/guides\/wp-json\/wp\/v2\/posts\/28977","targetHints":{"allow":["GET"]}}],"collection":[{"href":"https:\/\/www.mes-allocs.fr\/guides\/wp-json\/wp\/v2\/posts"}],"about":[{"href":"https:\/\/www.mes-allocs.fr\/guides\/wp-json\/wp\/v2\/types\/post"}],"author":[{"embeddable":true,"href":"https:\/\/www.mes-allocs.fr\/guides\/wp-json\/wp\/v2\/users\/10"}],"replies":[{"embeddable":true,"href":"https:\/\/www.mes-allocs.fr\/guides\/wp-json\/wp\/v2\/comments?post=28977"}],"version-history":[{"count":22,"href":"https:\/\/www.mes-allocs.fr\/guides\/wp-json\/wp\/v2\/posts\/28977\/revisions"}],"predecessor-version":[{"id":101775,"href":"https:\/\/www.mes-allocs.fr\/guides\/wp-json\/wp\/v2\/posts\/28977\/revisions\/101775"}],"wp:featuredmedia":[{"embeddable":true,"href":"https:\/\/www.mes-allocs.fr\/guides\/wp-json\/wp\/v2\/media\/28993"}],"wp:attachment":[{"href":"https:\/\/www.mes-allocs.fr\/guides\/wp-json\/wp\/v2\/media?parent=28977"}],"wp:term":[{"taxonomy":"category","embeddable":true,"href":"https:\/\/www.mes-allocs.fr\/guides\/wp-json\/wp\/v2\/categories?post=28977"},{"taxonomy":"post_tag","embeddable":true,"href":"https:\/\/www.mes-allocs.fr\/guides\/wp-json\/wp\/v2\/tags?post=28977"}],"curies":[{"name":"wp","href":"https:\/\/api.w.org\/{rel}","templated":true}]}}