{"id":28746,"date":"2021-06-02T14:00:27","date_gmt":"2021-06-02T14:00:27","guid":{"rendered":"https:\/\/www.mes-allocs.fr\/guides\/?p=28746"},"modified":"2026-04-24T10:00:50","modified_gmt":"2026-04-24T09:00:50","slug":"date-versement-apl","status":"publish","type":"post","link":"https:\/\/www.mes-allocs.fr\/guides\/aide-logement\/apl\/date-versement-apl\/","title":{"rendered":"Date versement APL : calendrier officiel 2026"},"content":{"rendered":"<p><img loading=\"lazy\" decoding=\"async\" class=\"aligncenter wp-image-28778 size-full\" src=\"https:\/\/www.mes-allocs.fr\/guides\/wp-content\/uploads\/2021\/06\/pexels-maria-orlova-4947281-2-e1685960682896.jpg\" alt=\"Date versement APL\" width=\"1280\" height=\"374\" srcset=\"https:\/\/www.mes-allocs.fr\/guides\/wp-content\/uploads\/2021\/06\/pexels-maria-orlova-4947281-2-e1685960682896.jpg 1280w, https:\/\/www.mes-allocs.fr\/guides\/wp-content\/uploads\/2021\/06\/pexels-maria-orlova-4947281-2-e1685960682896-300x88.jpg 300w, https:\/\/www.mes-allocs.fr\/guides\/wp-content\/uploads\/2021\/06\/pexels-maria-orlova-4947281-2-e1685960682896-1024x299.jpg 1024w, https:\/\/www.mes-allocs.fr\/guides\/wp-content\/uploads\/2021\/06\/pexels-maria-orlova-4947281-2-e1685960682896-768x224.jpg 768w, https:\/\/www.mes-allocs.fr\/guides\/wp-content\/uploads\/2021\/06\/pexels-maria-orlova-4947281-2-e1685960682896-600x175.jpg 600w\" sizes=\"auto, (max-width: 1280px) 100vw, 1280px\" \/><\/p>\n<p>[Mis \u00e0 jour le 24\/04\/2026] L&rsquo;<a href=\"https:\/\/www.mes-allocs.fr\/guides\/aide-logement\/apl\/\">APL<\/a> est une aide au logement vers\u00e9e par la CAF et la MSA. Il s\u2019agit d\u2019une allocation vers\u00e9e mensuellement \u00e0 date fixe selon un calendrier mis \u00e0 jour chaque ann\u00e9e. Alors, quelle est la <b>date de versement de l\u2019APL<\/b> en mai 2026 ? On vous donne le calendrier exact.<\/p>\n<div class='cta-block'><div class='text'>Simulez toutes vos aides en 2 min.<\/div><a href='https:\/\/www.mes-allocs.fr\/ab-app?origin=guides\/wp-json\/wp\/v2\/posts\/28746' class='app-button fit'>Simulation gratuite<\/a><\/div>\n<h1>\u00c0 quelle date sont vers\u00e9s les APL en 2026 ?<\/h1>\n<h2>Dates versement APL locataire<\/h2>\n<p>Les APL sont vers\u00e9es chaque mois par la CAF, g\u00e9n\u00e9ralement <b>le 5 ou le jour ouvr\u00e9 le plus proche<\/b> si cette date tombe un week-end ou un jour f\u00e9ri\u00e9. Le paiement concerne le mois pr\u00e9c\u00e9dent.<\/p>\n<div class='shortcode tips'><div class='title'>Exemple<\/div><div class='content'>Les APL que vous recevez le 5 mai 2026 sont pour le mois d&rsquo;avril 2026.<\/div><\/div>\n<h2>Date versement APL bailleur<\/h2>\n<p>Si <a href=\"https:\/\/www.mes-allocs.fr\/guides\/aide-logement\/apl-verse-au-bailleur\/\">vos APL sont vers\u00e9es \u00e0 votre bailleur<\/a>, <b>\u00e7a ne change rien<\/b> : les APL lui seront vers\u00e9es autour du 5 du mois pour celui qui vient de se finir.<\/p>\n<h1>Calendrier APL 2026 : les dates par mois<\/h1>\n<p>En mai 2026, le versement de l&rsquo;APL intervient le mardi 5 mai 2026. Le calendrier de versement complet pour 2026 est le suivant :<\/p>\n\n<div class=\"wpdt-c row wpDataTableContainerSimpleTable wpDataTables wpDataTablesWrapper\n\"\n    >\n    <table id=\"wpdtSimpleTable-683\"\n           class=\"wpdtSimpleTable wpDataTable\"\n           data-column=\"2\"\n           data-rows=\"14\"\n           data-wpID=\"683\"\n           data-responsive=\"0\"\n           data-has-header=\"0\">\n\n                    <tbody>        <tr class=\"wpdt-cell-row \" >\n                            <td class=\"wpdt-cell wpdt-bold wpdt-bc-E1EAEF\"\n                                    data-cell-id=\"A1\"\n                data-col-index=\"0\"\n                data-row-index=\"0\"\n                style=\" width:50%;                padding:10px;\"\n                >\n                                Mois concern\u00e9                <\/td>\n                                            <td class=\"wpdt-cell wpdt-bold wpdt-bc-E1EAEF\"\n                                    data-cell-id=\"B1\"\n                data-col-index=\"1\"\n                data-row-index=\"0\"\n                style=\" width:50%;                padding:10px;\"\n                >\n                                Date de paiement                <\/td>\n                                        <\/tr>\n                            <tr class=\"wpdt-cell-row \" >\n                            <td class=\"wpdt-cell \"\n                                    data-cell-id=\"A2\"\n                data-col-index=\"0\"\n                data-row-index=\"1\"\n                style=\"                padding:10px;\"\n                >\n                                D\u00e9cembre 2025                <\/td>\n                                            <td class=\"wpdt-cell \"\n                                    data-cell-id=\"B2\"\n                data-col-index=\"1\"\n                data-row-index=\"1\"\n                style=\"                padding:10px;\"\n                >\n                                Lundi 5 janvier 2026                <\/td>\n                                        <\/tr>\n                            <tr class=\"wpdt-cell-row \" >\n                            <td class=\"wpdt-cell \"\n                                    data-cell-id=\"A3\"\n                data-col-index=\"0\"\n                data-row-index=\"2\"\n                style=\"                padding:10px;\"\n                >\n                                Janvier 2026                <\/td>\n                                            <td class=\"wpdt-cell \"\n                                    data-cell-id=\"B3\"\n                data-col-index=\"1\"\n                data-row-index=\"2\"\n                style=\"                padding:10px;\"\n                >\n                                Jeudi 5 f\u00e9vrier 2026                <\/td>\n                                        <\/tr>\n                            <tr class=\"wpdt-cell-row \" >\n                            <td class=\"wpdt-cell \"\n                                    data-cell-id=\"A4\"\n                data-col-index=\"0\"\n                data-row-index=\"3\"\n                style=\"                padding:10px;\"\n                >\n                                F\u00e9vrier 2026                <\/td>\n                                            <td class=\"wpdt-cell \"\n                                    data-cell-id=\"B4\"\n                data-col-index=\"1\"\n                data-row-index=\"3\"\n                style=\"                padding:10px;\"\n                >\n                                Jeudi 5 mars 2026                <\/td>\n                                        <\/tr>\n                            <tr class=\"wpdt-cell-row \" >\n                            <td class=\"wpdt-cell \"\n                                    data-cell-id=\"A5\"\n                data-col-index=\"0\"\n                data-row-index=\"4\"\n                style=\"                padding:10px;\"\n                >\n                                Mars 2026                <\/td>\n                                            <td class=\"wpdt-cell \"\n                                    data-cell-id=\"B5\"\n                data-col-index=\"1\"\n                data-row-index=\"4\"\n                style=\"                padding:10px;\"\n                >\n                                Mardi 7 avril 2026                <\/td>\n                                        <\/tr>\n                            <tr class=\"wpdt-cell-row \" >\n                            <td class=\"wpdt-cell \"\n                                    data-cell-id=\"A6\"\n                data-col-index=\"0\"\n                data-row-index=\"5\"\n                style=\"                padding:10px;\"\n                >\n                                Avril 2026                <\/td>\n                                            <td class=\"wpdt-cell \"\n                                    data-cell-id=\"B6\"\n                data-col-index=\"1\"\n                data-row-index=\"5\"\n                style=\"                padding:10px;\"\n                >\n                                Mardi 5 mai 2026                <\/td>\n                                        <\/tr>\n                            <tr class=\"wpdt-cell-row \" >\n                            <td class=\"wpdt-cell \"\n                                    data-cell-id=\"A7\"\n                data-col-index=\"0\"\n                data-row-index=\"6\"\n                style=\"                padding:10px;\"\n                >\n                                Mai 2026                <\/td>\n                                            <td class=\"wpdt-cell \"\n                                    data-cell-id=\"B7\"\n                data-col-index=\"1\"\n                data-row-index=\"6\"\n                style=\"                padding:10px;\"\n                >\n                                Vendredi 5 juin 2026                <\/td>\n                                        <\/tr>\n                            <tr class=\"wpdt-cell-row \" >\n                            <td class=\"wpdt-cell \"\n                                    data-cell-id=\"A8\"\n                data-col-index=\"0\"\n                data-row-index=\"7\"\n                style=\"                padding:10px;\"\n                >\n                                Juin 2026                <\/td>\n                                            <td class=\"wpdt-cell \"\n                                    data-cell-id=\"B8\"\n                data-col-index=\"1\"\n                data-row-index=\"7\"\n                style=\"                padding:10px;\"\n                >\n                                Lundi 6 juillet 2026                <\/td>\n                                        <\/tr>\n                            <tr class=\"wpdt-cell-row \" >\n                            <td class=\"wpdt-cell \"\n                                    data-cell-id=\"A9\"\n                data-col-index=\"0\"\n                data-row-index=\"8\"\n                style=\"                padding:10px;\"\n                >\n                                Juillet 2026                <\/td>\n                                            <td class=\"wpdt-cell \"\n                                    data-cell-id=\"B9\"\n                data-col-index=\"1\"\n                data-row-index=\"8\"\n                style=\"                padding:10px;\"\n                >\n                                Mercredi 5 ao\u00fbt 2026                <\/td>\n                                        <\/tr>\n                            <tr class=\"wpdt-cell-row \" >\n                            <td class=\"wpdt-cell \"\n                                    data-cell-id=\"A10\"\n                data-col-index=\"0\"\n                data-row-index=\"9\"\n                style=\"                padding:10px;\"\n                >\n                                Ao\u00fbt 2026                <\/td>\n                                            <td class=\"wpdt-cell \"\n                                    data-cell-id=\"B10\"\n                data-col-index=\"1\"\n                data-row-index=\"9\"\n                style=\"                padding:10px;\"\n                >\n                                Vendredi 4 septembre 2026                <\/td>\n                                        <\/tr>\n                            <tr class=\"wpdt-cell-row \" >\n                            <td class=\"wpdt-cell \"\n                                    data-cell-id=\"A11\"\n                data-col-index=\"0\"\n                data-row-index=\"10\"\n                style=\"                padding:10px;\"\n                >\n                                Septembre 2026                <\/td>\n                                            <td class=\"wpdt-cell \"\n                                    data-cell-id=\"B11\"\n                data-col-index=\"1\"\n                data-row-index=\"10\"\n                style=\"                padding:10px;\"\n                >\n                                Lundi 5 octobre 2026                <\/td>\n                                        <\/tr>\n                            <tr class=\"wpdt-cell-row \" >\n                            <td class=\"wpdt-cell \"\n                                    data-cell-id=\"A12\"\n                data-col-index=\"0\"\n                data-row-index=\"11\"\n                style=\"                padding:10px;\"\n                >\n                                Octobre 2026                <\/td>\n                                            <td class=\"wpdt-cell \"\n                                    data-cell-id=\"B12\"\n                data-col-index=\"1\"\n                data-row-index=\"11\"\n                style=\"                padding:10px;\"\n                >\n                                Jeudi 5 novembre 2026                <\/td>\n                                        <\/tr>\n                            <tr class=\"wpdt-cell-row \" >\n                            <td class=\"wpdt-cell \"\n                                    data-cell-id=\"A13\"\n                data-col-index=\"0\"\n                data-row-index=\"12\"\n                style=\"                padding:10px;\"\n                >\n                                Novembre 2026                <\/td>\n                                            <td class=\"wpdt-cell \"\n                                    data-cell-id=\"B13\"\n                data-col-index=\"1\"\n                data-row-index=\"12\"\n                style=\"                padding:10px;\"\n                >\n                                Vendredi 4 d\u00e9cembre 2026                <\/td>\n                                        <\/tr>\n                            <tr class=\"wpdt-cell-row \" >\n                            <td class=\"wpdt-cell \"\n                                    data-cell-id=\"A14\"\n                data-col-index=\"0\"\n                data-row-index=\"13\"\n                style=\"                padding:10px;\"\n                >\n                                D\u00e9cembre 2026                <\/td>\n                                            <td class=\"wpdt-cell \"\n                                    data-cell-id=\"B14\"\n                data-col-index=\"1\"\n                data-row-index=\"13\"\n                style=\"                padding:10px;\"\n                >\n                                Mardi 5 janvier 2027                <\/td>\n                                        <\/tr>\n                    <\/table>\n<\/div><style id='wpdt-custom-style-683'>\n.wpdt-bc-E1EAEF { background-color: #E1EAEF !important;}\n<\/style>\n\n<p>Les seuls mois o\u00f9 la date de versement ne tombe pas le 5 sont les mois <b>d\u2019avril, juillet, septembre et d\u00e9cembre<\/b>.<\/p>\n<div class='cta-block'><div class='text'>Simulez toutes vos aides en 2 min.<\/div><a href='https:\/\/www.mes-allocs.fr\/ab-app?origin=guides\/wp-json\/wp\/v2\/posts\/28746' class='app-button fit'>Simulation gratuite<\/a><\/div>\n<h1>Premier versement APL : ce qu\u2019il faut savoir<\/h1>\n<h2>Comment conna\u00eetre la date de d\u00e9but de l\u2019APL ?<\/h2>\n<p>Pour conna\u00eetre la date exacte de votre premier versement d\u2019APL, vous pouvez consulter <b>votre espace personnel<\/b> sur le site de la CAF ou sur l\u2019application mobile. Vous y trouverez l\u2019avancement de votre dossier, la date d\u2019ouverture de vos droits et la date pr\u00e9vue du paiement, g\u00e9n\u00e9ralement autour du 5 du mois suivant.<\/p>\n<h2>Quelle est la date du 1er versement APL ?<\/h2>\n<p>Il n\u2019y a <b>pas de date unique<\/b> pour le premier versement des APL, car cela d\u00e9pend de quand vos droits commencent (souvent un mois apr\u00e8s votre emm\u00e9nagement ou votre demande), de votre CAF et du calendrier du mois. Le paiement arrive en g\u00e9n\u00e9ral <b>vers le 5 du mois suivant<\/b>. Pour conna\u00eetre la date exacte, vous pouvez aller sur votre espace personnel de la CAF ou la contacter.<\/p>\n<h2>Les APL sont-elles r\u00e9troactives ?<\/h2>\n<p><b>Non<\/b>, <a href=\"https:\/\/www.mes-allocs.fr\/guides\/aide-logement\/apl\/apl-retroactif\/\">les APL ne sont pas vers\u00e9es r\u00e9troactivement<\/a> : vous ne recevez l\u2019aide <b>qu\u2019\u00e0 partir du mois suivant votre demande<\/b>, m\u00eame si vous remplissiez d\u00e9j\u00e0 les conditions avant cela.<\/p>\n<h2>APL rappel des mois pr\u00e9c\u00e9dents : est-ce possible ?<\/h2>\n<p><b>Non<\/b>, les APL ne sont pas vers\u00e9es pour les mois pr\u00e9c\u00e9dant votre demande. Elles commencent <b>uniquement le mois suivant votre demande<\/b>, sans r\u00e9troactivit\u00e9.<\/p>\n<p>Mais il y a une exception : si la CAF a commis une erreur sur votre dossier d\u00e9j\u00e0 ouvert, vous pouvez alors faire un rappel, mais seulement dans un <b>d\u00e9lai de 2 ans maximum<\/b>.<\/p>\n<h1>Date de versement APL retard\u00e9e : pourquoi et comment faire ?<\/h1>\n<p>C\u2019est possible que le versement de votre APL soit retard\u00e9 pour des raisons de <b>d\u00e9lais bancaires<\/b>. En effet, selon la banque o\u00f9 vous \u00eates client, le montant de l\u2019APL peut prendre <b>entre 1 \u00e0 3 jours apr\u00e8s la date pr\u00e9vue<\/b> pour appara\u00eetre sur votre compte bancaire.<\/p>\n<p>Parfois aussi, le retard peut \u00eatre li\u00e9 \u00e0 des raisons administratives : dossier incomplet, documents manquants (attestation de loyer ou RIB), changement non signal\u00e9 ou erreur de RIB.<\/p>\n<p>En cas de retard de versement des APL, vous pouvez <b>regarder votre compte CAF<\/b> pour voir pourquoi. Vous pouvez alors ajouter les documents manquants via la messagerie s\u00e9curis\u00e9e de votre CAF. Si le retard d\u00e9passe 15 jours, vous pouvez appeler le <b>3230<\/b> ou demander un rendez-vous.<\/p>\n<p>Les corrections li\u00e9es \u00e0 un RIB ou \u00e0 un dossier incomplet prennent g\u00e9n\u00e9ralement <b>entre 3 et 15 jours<\/b>, tandis que l\u2019ajout de d\u00e9clarations manquantes peut n\u00e9cessiter <b>2 \u00e0 4 semaines<\/b>. Vous devriez consulter r\u00e9guli\u00e8rement votre <b>compte personnel pour suivre l\u2019avancement<\/b> et, ainsi, \u00e9viter de futurs blocages.<\/p>\n<div class='shortcode summary'><div class='title'>En r\u00e9sum\u00e9 :<\/div><div class='content'><ul><li>L\u2019APL est vers\u00e9e chaque mois par la CAF ou la MSA, g\u00e9n\u00e9ralement <b>autour du 5, pour le mois pr\u00e9c\u00e9dent<\/b>.<\/li><li>La date exacte peut <b>varier<\/b> si le 5 tombe un week-end ou un jour f\u00e9ri\u00e9, et certains mois comme avril, juillet, septembre et d\u00e9cembre ont des dates diff\u00e9rentes.<\/li><li>Le premier versement d\u00e9pend du <b>d\u00e9but de vos droits<\/b> et se fait en g\u00e9n\u00e9ral le mois suivant votre demande, <b>sans r\u00e9troactivit\u00e9<\/b>.<\/li><li>Les paiements peuvent \u00eatre retard\u00e9s de quelques jours pour des <b>raisons bancaires ou administratives<\/b>, et il est possible de <b>r\u00e9gulariser un dossier incomplet<\/b> via votre espace personnel CAF.<\/li><\/ul><\/div><\/div>\n<div class='cta-block'><div class='text'>Simulez toutes vos aides en 2 min.<\/div><a href='https:\/\/www.mes-allocs.fr\/ab-app?origin=guides\/wp-json\/wp\/v2\/posts\/28746' class='app-button fit'>Simulation gratuite<\/a><\/div>\n","protected":false},"excerpt":{"rendered":"<p>[Mis \u00e0 jour le 24\/04\/2026] L&rsquo;APL est une aide au logement vers\u00e9e par la CAF et la MSA. Il s\u2019agit d\u2019une allocation vers\u00e9e mensuellement \u00e0 date fixe selon un calendrier mis \u00e0 jour chaque ann\u00e9e. Alors, quelle est la date de versement de l\u2019APL en mai 2026 ? On vous donne le calendrier exact. \u00c0 [&hellip;]<\/p>\n","protected":false},"author":10,"featured_media":28778,"comment_status":"open","ping_status":"open","sticky":false,"template":"","format":"standard","meta":{"amp_status":"","footnotes":""},"categories":[1,4],"tags":[],"class_list":["post-28746","post","type-post","status-publish","format-standard","has-post-thumbnail","hentry","category-aide-logement","category-apl"],"yoast_head":"<!-- This site is optimized with the Yoast SEO plugin v14.9 - https:\/\/yoast.com\/wordpress\/plugins\/seo\/ -->\n<title>Date versement APL : calendrier officiel 2026 | Mes-Allocs.fr<\/title>\n<meta name=\"description\" content=\"Le versement de l&#039;APL se fait g\u00e9n\u00e9ralement en d\u00e9but de mois. D\u00e9couvrez le calendrier officiel pour 2026 et les raisons d&#039;un retard en mai.\" \/>\n<meta name=\"robots\" content=\"index, follow, max-snippet:-1, max-image-preview:large, max-video-preview:-1\" \/>\n<link rel=\"canonical\" href=\"https:\/\/www.mes-allocs.fr\/guides\/aide-logement\/apl\/date-versement-apl\/\" \/>\n<meta property=\"og:locale\" content=\"fr_FR\" \/>\n<meta property=\"og:type\" content=\"article\" \/>\n<meta property=\"og:title\" content=\"Date versement APL : calendrier officiel 2026 | Mes-Allocs.fr\" \/>\n<meta property=\"og:description\" content=\"Le versement de l&#039;APL se fait g\u00e9n\u00e9ralement en d\u00e9but de mois. D\u00e9couvrez le calendrier officiel pour 2026 et les raisons d&#039;un retard en mai.\" \/>\n<meta property=\"og:url\" content=\"https:\/\/www.mes-allocs.fr\/guides\/aide-logement\/apl\/date-versement-apl\/\" \/>\n<meta property=\"og:site_name\" content=\"Mes-Allocs.fr\" \/>\n<meta property=\"article:published_time\" content=\"2021-06-02T14:00:27+00:00\" \/>\n<meta property=\"article:modified_time\" content=\"2026-04-24T09:00:50+00:00\" \/>\n<meta property=\"og:image\" content=\"https:\/\/www.mes-allocs.fr\/guides\/wp-content\/uploads\/2021\/06\/pexels-maria-orlova-4947281-2-e1685960682896.jpg?wsr\" \/>\n\t<meta property=\"og:image:width\" content=\"1280\" \/>\n\t<meta property=\"og:image:height\" content=\"374\" \/>\n<meta name=\"twitter:card\" content=\"summary_large_image\" \/>\n<script type=\"application\/ld+json\" class=\"yoast-schema-graph\">{\"@context\":\"https:\/\/schema.org\",\"@graph\":[{\"@type\":\"WebSite\",\"@id\":\"https:\/\/www.mes-allocs.fr\/guides\/#website\",\"url\":\"https:\/\/www.mes-allocs.fr\/guides\/\",\"name\":\"Mes-Allocs.fr\",\"description\":\"\",\"potentialAction\":[{\"@type\":\"SearchAction\",\"target\":\"https:\/\/www.mes-allocs.fr\/guides\/?s={search_term_string}\",\"query-input\":\"required name=search_term_string\"}],\"inLanguage\":\"fr-FR\"},{\"@type\":\"ImageObject\",\"@id\":\"https:\/\/www.mes-allocs.fr\/guides\/aide-logement\/apl\/date-versement-apl\/#primaryimage\",\"inLanguage\":\"fr-FR\",\"url\":\"https:\/\/www.mes-allocs.fr\/guides\/wp-content\/uploads\/2021\/06\/pexels-maria-orlova-4947281-2-e1685960682896.jpg?wsr\",\"width\":1280,\"height\":374,\"caption\":\"Date versement APL, qu'en est t-il ?\"},{\"@type\":\"WebPage\",\"@id\":\"https:\/\/www.mes-allocs.fr\/guides\/aide-logement\/apl\/date-versement-apl\/#webpage\",\"url\":\"https:\/\/www.mes-allocs.fr\/guides\/aide-logement\/apl\/date-versement-apl\/\",\"name\":\"Date versement APL : calendrier officiel 2026 | Mes-Allocs.fr\",\"isPartOf\":{\"@id\":\"https:\/\/www.mes-allocs.fr\/guides\/#website\"},\"primaryImageOfPage\":{\"@id\":\"https:\/\/www.mes-allocs.fr\/guides\/aide-logement\/apl\/date-versement-apl\/#primaryimage\"},\"datePublished\":\"2021-06-02T14:00:27+00:00\",\"dateModified\":\"2026-04-24T09:00:50+00:00\",\"author\":{\"@id\":\"https:\/\/www.mes-allocs.fr\/guides\/#\/schema\/person\/8d47b912c0ad15f379df96b4e4e33f58\"},\"description\":\"Le versement de l'APL se fait g\\u00e9n\\u00e9ralement en d\\u00e9but de mois. D\\u00e9couvrez le calendrier officiel pour 2026 et les raisons d'un retard en mai.\",\"inLanguage\":\"fr-FR\"},{\"@type\":\"Person\",\"@id\":\"https:\/\/www.mes-allocs.fr\/guides\/#\/schema\/person\/8d47b912c0ad15f379df96b4e4e33f58\",\"name\":\"Constance de Cagny\",\"image\":{\"@type\":\"ImageObject\",\"@id\":\"https:\/\/www.mes-allocs.fr\/guides\/#personlogo\",\"inLanguage\":\"fr-FR\",\"url\":\"https:\/\/www.mes-allocs.fr\/guides\/wp-content\/uploads\/2021\/06\/Constance.2e8ee0b.png\",\"caption\":\"Constance de Cagny\"},\"description\":\"Constance est r\\u00e9dactrice au sein de l'\\u00e9quipe Mes Allocs. Elle a l'habitude d'\\u00e9crire sur les sujets conso, bons plans et \\u00e9conomies. Dipl\\u00f4m\\u00e9e de l'ENACO, elle rejoint Mes Allocs apr\\u00e8s une premi\\u00e8re exp\\u00e9rience en cabinet notarial.\",\"sameAs\":[\"https:\/\/www.linkedin.com\/in\/constance-de-cagny-mayeur-bbb414135\"]}]}<\/script>\n<!-- \/ Yoast SEO plugin. -->","amp_validity":null,"acf":{"faq":{"1":{"question":"\u00c0 quelles dates sont vers\u00e9es les APL ?","answer":"Les APL sont vers\u00e9es chaque mois par la CAF ou la MSA, autour du 5 du mois. Si cette date tombe un week-end ou un jour f\u00e9ri\u00e9, le versement est fait le jour ouvr\u00e9 le plus proche."},"2":{"question":"Pourquoi pas d'APL le premier mois ?","answer":"Il n\u2019y a pas d\u2019APL le premier mois car un mois de carence s\u2019applique au d\u00e9but des droits. Les aides commencent donc \u00e0 \u00eatre vers\u00e9es \u00e0 partir du mois suivant la demande ou l\u2019emm\u00e9nagement."},"3":{"question":"Est-il possible de toucher les APL en ao\u00fbt ?","answer":"Oui, il est tout \u00e0 fait possible de toucher les APL en ao\u00fbt 2026. Les APL pour le mois de juillet 2026 sont vers\u00e9es le mercredi 5 ao\u00fbt 2026, selon le calendrier officiel des CAF."},"4":{"question":"Est-ce qu'on touche les APL l'\u00e9t\u00e9 ?","answer":"Oui, les APL continuent d\u2019\u00eatre vers\u00e9es pendant l\u2019\u00e9t\u00e9, sans pause pour la majorit\u00e9 des b\u00e9n\u00e9ficiaires. Elles sont pay\u00e9es chaque mois autour du 5 et concernent toujours le mois pr\u00e9c\u00e9dent, y compris en juin, juillet et ao\u00fbt."},"5":{"question":"Comment ne pas perdre le premier mois d'APL ?","answer":"Le premier mois d'APL est g\u00e9n\u00e9ralement perdu \u00e0 cause du mois de carence appliqu\u00e9 par la CAF. Il est donc impossible de ne pas perdre le premier mois d'APL."},"6":{"question":"Est-ce que la CAF paye le dernier mois de loyer ?","answer":"Non, la CAF ne r\u00e8gle pas le dernier mois de loyer comme une avance ou un d\u00e9p\u00f4t de garantie. Les APL sont vers\u00e9es chaque mois pour le mois \u00e9coul\u00e9, et s\u2019arr\u00eatent au dernier mois complet pass\u00e9 dans le logement."},"7":{"question":"","answer":""},"8":{"question":"","answer":""},"9":{"question":"","answer":""},"10":{"question":"","answer":""},"11":{"question":"","answer":""},"12":{"question":"","answer":""},"13":{"question":"","answer":""},"14":{"question":"","answer":""},"15":{"question":"","answer":""},"16":{"question":"","answer":""}}},"_links":{"self":[{"href":"https:\/\/www.mes-allocs.fr\/guides\/wp-json\/wp\/v2\/posts\/28746","targetHints":{"allow":["GET"]}}],"collection":[{"href":"https:\/\/www.mes-allocs.fr\/guides\/wp-json\/wp\/v2\/posts"}],"about":[{"href":"https:\/\/www.mes-allocs.fr\/guides\/wp-json\/wp\/v2\/types\/post"}],"author":[{"embeddable":true,"href":"https:\/\/www.mes-allocs.fr\/guides\/wp-json\/wp\/v2\/users\/10"}],"replies":[{"embeddable":true,"href":"https:\/\/www.mes-allocs.fr\/guides\/wp-json\/wp\/v2\/comments?post=28746"}],"version-history":[{"count":31,"href":"https:\/\/www.mes-allocs.fr\/guides\/wp-json\/wp\/v2\/posts\/28746\/revisions"}],"predecessor-version":[{"id":112271,"href":"https:\/\/www.mes-allocs.fr\/guides\/wp-json\/wp\/v2\/posts\/28746\/revisions\/112271"}],"wp:featuredmedia":[{"embeddable":true,"href":"https:\/\/www.mes-allocs.fr\/guides\/wp-json\/wp\/v2\/media\/28778"}],"wp:attachment":[{"href":"https:\/\/www.mes-allocs.fr\/guides\/wp-json\/wp\/v2\/media?parent=28746"}],"wp:term":[{"taxonomy":"category","embeddable":true,"href":"https:\/\/www.mes-allocs.fr\/guides\/wp-json\/wp\/v2\/categories?post=28746"},{"taxonomy":"post_tag","embeddable":true,"href":"https:\/\/www.mes-allocs.fr\/guides\/wp-json\/wp\/v2\/tags?post=28746"}],"curies":[{"name":"wp","href":"https:\/\/api.w.org\/{rel}","templated":true}]}}