{"id":28596,"date":"2021-06-03T13:54:52","date_gmt":"2021-06-03T13:54:52","guid":{"rendered":"https:\/\/www.mes-allocs.fr\/guides\/?p=28596"},"modified":"2026-03-04T18:15:21","modified_gmt":"2026-03-04T17:15:21","slug":"lettre-de-presentation-changement-de-carriere","status":"publish","type":"post","link":"https:\/\/www.mes-allocs.fr\/guides\/reconversion-professionnelle\/changer-de-carriere\/comment-changer-de-carriere-professionnelle\/lettre-de-presentation-changement-de-carriere\/","title":{"rendered":"Changement de carri\u00e8re : comment faire sa lettre de pr\u00e9sentation ?"},"content":{"rendered":"<p><img loading=\"lazy\" decoding=\"async\" class=\"alignnone wp-image-29051 size-large\" title=\"lettre de pr\u00e9sentation changement de carri\u00e8re\" src=\"https:\/\/www.mes-allocs.fr\/guides\/wp-content\/uploads\/2021\/06\/pexels-jeshootscom-834897-e1622712263976-1024x317.jpg\" alt=\"lettre de pr\u00e9sentation changement de carri\u00e8re\" width=\"1024\" height=\"317\" srcset=\"https:\/\/www.mes-allocs.fr\/guides\/wp-content\/uploads\/2021\/06\/pexels-jeshootscom-834897-e1622712263976-1024x317.jpg 1024w, https:\/\/www.mes-allocs.fr\/guides\/wp-content\/uploads\/2021\/06\/pexels-jeshootscom-834897-e1622712263976-300x93.jpg 300w, https:\/\/www.mes-allocs.fr\/guides\/wp-content\/uploads\/2021\/06\/pexels-jeshootscom-834897-e1622712263976-768x238.jpg 768w, https:\/\/www.mes-allocs.fr\/guides\/wp-content\/uploads\/2021\/06\/pexels-jeshootscom-834897-e1622712263976-600x186.jpg 600w, https:\/\/www.mes-allocs.fr\/guides\/wp-content\/uploads\/2021\/06\/pexels-jeshootscom-834897-e1622712263976.jpg 1280w\" sizes=\"auto, (max-width: 1024px) 100vw, 1024px\" \/><\/p>\n<p style=\"text-align: justify;\">[Mis \u00e0 jour le 04\/03\/2026] La lettre de pr\u00e9sentation vient accompagner votre curriculum vitae (CV) lorsque vous postulez \u00e0 une offre d&#8217;emploi. Dans le cadre d&rsquo;une <a href=\"https:\/\/www.mes-allocs.fr\/guides\/reconversion-professionnelle\/\">reconversion professionnelle<\/a>, cette lettre est tr\u00e8s importante. Mais alors, que doit contenir votre <strong>lettre de pr\u00e9sentation lors d&rsquo;un changement de carri\u00e8re<\/strong> ? On vous r\u00e9pond.<\/p>\n<div class='cta-block'><div class='text'>Besoin d&rsquo;aide dans votre reconversion ?<\/div><a href='' class='app-button fit'>En savoir plus sur notre programme<\/a><\/div>\n<h1>Je change de carri\u00e8re, comment adapter ma lettre de pr\u00e9sentation ?<\/h1>\n<p>La lettre de pr\u00e9sentation ou lettre de motivation est n\u00e9cessaire pour la r\u00e9ussite de votre reconversion professionnelle.<\/p>\n<p>Elle doit contenir vos atouts, vos comp\u00e9tences acquises, votre formation professionnelle et le changement de carri\u00e8re que vous entreprenez.<\/p>\n<p>M\u00eame dans le cas d&rsquo;un <a href=\"https:\/\/www.mes-allocs.fr\/guides\/reconversion-professionnelle\/changer-de-carriere-professionnelle\/\">changement de carri\u00e8re<\/a>, votre lettre de motivation doit respecter les r\u00e8gles de base. Vous pouvez proc\u00e9der comme suit :<\/p>\n<ul>\n<li>Parlez de l&rsquo;entreprise dans laquelle vous \u00eates d\u00e9sireux de d\u00e9buter ou poursuivre votre carri\u00e8re professionnelle<\/li>\n<li>Mettez en avant vos comp\u00e9tences. C\u2019est \u00e9galement le lieu de parler de votre r\u00e9orientation professionnelle<\/li>\n<li>Enfin, parlez de vos pr\u00e9c\u00e9dentes exp\u00e9riences.<\/li>\n<\/ul>\n<p>N&rsquo;oubliez pas de conclure avec une\u00a0formule de politesse et une proposition de rencontre.<\/p>\n<p>Vous pouvez trouver des mod\u00e8les de <a href=\"https:\/\/www.mes-allocs.fr\/guides\/reconversion-professionnelle\/changer-de-carriere\/comment-changer-de-carriere-professionnelle\/changement-carriere-lettre-de-motivation\/\">lettre de motivation<\/a> sur internet afin de vous en inspirer. Attention \u00e0 ne pas les copier, vous devez vous montrer singulier et authentique.<\/p>\n<h2><span id=\"Expliquer_pourquoi_vous_avez_envie_de_changer_de_metier\">Expliquez les motifs de votre changement de carri\u00e8re <\/span><\/h2>\n<p>Votre lettre doit montrer au recruteur que votre projet de reconversion est r\u00e9fl\u00e9chi.<\/p>\n<p>Vous souhaitez changer de m\u00e9tier, car :<\/p>\n<ul>\n<li>Vous souhaitez donner un autre sens \u00e0 votre activit\u00e9 professionnelle<\/li>\n<li>Elle suit une logique de carri\u00e8re\u00a0: vous souhaitez passer gravir les \u00e9chelons<\/li>\n<li>Vous avez d\u00e9velopp\u00e9 les comp\u00e9tences n\u00e9cessaires \u00e0 l\u2019exercice de ce nouvel emploi et vous souhaitez les mettre en application.<\/li>\n<\/ul>\n<p><iframe loading=\"lazy\" title=\"La reconversion professionnelle\" width=\"500\" height=\"281\" src=\"https:\/\/www.youtube.com\/embed\/EiVUthswxl0?feature=oembed\" frameborder=\"0\" allow=\"accelerometer; autoplay; clipboard-write; encrypted-media; gyroscope; picture-in-picture; web-share\" referrerpolicy=\"strict-origin-when-cross-origin\" allowfullscreen><\/iframe><\/p>\n<h2><span id=\"Qualites_a_mettre_en_avant\">Mettez en avant vos atouts et vos comp\u00e9tences<br \/>\n<\/span><\/h2>\n<p>Vous devrez \u00eatre capable d\u2019expliquer ce <a href=\"https:\/\/www.mes-allocs.fr\/guides\/reconversion-professionnelle\/changer-de-carriere\/comment-changer-de-carriere-professionnelle\/\">changement de secteur d&rsquo;activit\u00e9 ou de m\u00e9tier<\/a>. Vous devrez mettre en avant les d\u00e9marches que vous avez entreprises pour changer de carri\u00e8re. Notamment formation, stages d\u2019observation ou de travail, rencontres avec des professionnels, etc.<\/p>\n<p>Vous pourrez \u00e9galement valoriser les comp\u00e9tences transf\u00e9rables acquises pendant votre parcours qui pourront int\u00e9resser l\u2019entreprise que vous avez choisie. Par exemple la gestion de projet, les comp\u00e9tences relationnelles, ou encore la ma\u00eetrise d\u2019outils informatiques.<\/p>\n<h2><span id=\"Montrez_votre_motivation\">Montrez votre motivation au recruteur<\/span><\/h2>\n<p>\u00c0 travers votre lettre, le recruteur doit sentir votre envie de r\u00e9ussir. Vous devez lui montrer que vous motiv\u00e9 et \u00eates fin pr\u00eat pour cette nouvelle exp\u00e9rience professionnelle qui vous attend.<\/p>\n<p>Expliquez que vous \u00eatre pr\u00eat \u00e0 vous former d\u00e8s votre arriv\u00e9e dans la soci\u00e9t\u00e9 afin de comprendre les outils de l\u2019entreprise, les r\u00e8gles, les mentions l\u00e9gales etc.<\/p>\n<p>Citez les d\u00e9marches effectu\u00e9es pour parfaire votre inexp\u00e9rience professionnelle. Cela peut \u00eatre une formation, un stage, une immersion en entreprise ou bien une rencontre avec des professionnels qui vous ont expliqu\u00e9 les d\u00e9tails et les enjeux du poste.<\/p>\n<h1 id=\"ancre-3\">Exemple de lettre de motivation pour une r\u00e9orientation de carri\u00e8re<\/h1>\n<div class=\"cta-block\">\n<div class=\"lettre_motiv\">\n<div class=\"lettre_motiv\">\n<p><em>\u00ab\u00a0Madame la Directrice des affaires g\u00e9n\u00e9rales,<\/em><\/p>\n<p><em>Votre commune est aujourd\u2019hui \u00e0 la recherche d\u2019une secr\u00e9taire pour travailler au sein du service de l\u2019\u00e9tat civil. C\u2019est dans ce cadre que je me permets de vous faire parvenir ma candidature. En effet, je serai tr\u00e8s heureuse de pouvoir travailler au sein de ma commune.<\/em><\/p>\n<p><em>Je viens r\u00e9cemment de suivre une formation approfondie dans les m\u00e9tiers du secr\u00e9tariat dans le cadre de ma reconversion professionnelle. En effet, apr\u00e8s avoir travaill\u00e9 10 ans en tant qu\u2019animatrice de centre de loisirs j\u2019ai souhait\u00e9 donner une nouvelle direction \u00e0 ma carri\u00e8re.<\/em><\/p>\n<p><em>Je souhaite en effet, travailler directement avec le public et ainsi participer \u00e0 une mission de service public. J\u2019ai d\u00e9j\u00e0 l\u2019habitude de r\u00e9aliser des missions d\u2019accueil puisque j\u2019ai \u00e9t\u00e9 amen\u00e9e pendant plusieurs ann\u00e9es \u00e0 recevoir des parents de fa\u00e7on quotidienne. De plus, de par mon exp\u00e9rience et ma r\u00e9cente formation j\u2019ai une pratique de l\u2019outil informatique qui pourra m\u2019\u00eatre tr\u00e8s utile sur le poste au sein du service de l\u2019\u00e9tat civil.<\/em><\/p>\n<p><em>Dynamique et rigoureuse, je pense poss\u00e9der l\u2019ensemble des savoirs \u00eatre n\u00e9cessaires pour tenir un poste qui n\u00e9cessite de la bienveillance ainsi qu\u2019une grande discr\u00e9tion.<\/em><\/p>\n<p><em>Je me tiens \u00e0 votre disposition pour un prochain entretien qui sera pour moi l\u2019occasion de vous montrer ma motivation et l\u2019\u00e9tendue de mes comp\u00e9tences acquises toutes ces ann\u00e9es.<\/em><\/p>\n<p><em>Dans l\u2019attente, je vous prie d\u2019accepter Madame la Directrice des affaires g\u00e9n\u00e9rales, l\u2019expression de mes salutations les plus sinc\u00e8res.\u00a0\u00bb<\/em><\/p>\n<div class='cta-block'><div class='text'>Besoin d&rsquo;aide dans votre reconversion ?<\/div><a href='' class='app-button fit'>En savoir plus sur notre programme<\/a><\/div>\n<\/div>\n<\/div>\n<\/div>\n","protected":false},"excerpt":{"rendered":"<p>[Mis \u00e0 jour le 04\/03\/2026] La lettre de pr\u00e9sentation vient accompagner votre curriculum vitae (CV) lorsque vous postulez \u00e0 une offre d&#8217;emploi. Dans le cadre d&rsquo;une reconversion professionnelle, cette lettre est tr\u00e8s importante. Mais alors, que doit contenir votre lettre de pr\u00e9sentation lors d&rsquo;un changement de carri\u00e8re ? On vous r\u00e9pond. Je change de carri\u00e8re, [&hellip;]<\/p>\n","protected":false},"author":7,"featured_media":25386,"comment_status":"open","ping_status":"open","sticky":false,"template":"","format":"standard","meta":{"amp_status":"","footnotes":""},"categories":[5929,10038,5081],"tags":[],"class_list":["post-28596","post","type-post","status-publish","format-standard","has-post-thumbnail","hentry","category-changer-de-carriere","category-comment-changer-de-carriere-professionnelle","category-reconversion-professionnelle"],"yoast_head":"<!-- This site is optimized with the Yoast SEO plugin v14.9 - https:\/\/yoast.com\/wordpress\/plugins\/seo\/ -->\n<title>Changement de carri\u00e8re : comment faire sa lettre de pr\u00e9sentation ?<\/title>\n<meta name=\"description\" content=\"Vous souhaitez r\u00e9ussir votre lettre de pr\u00e9sentation dans le cadre d&#039;un changement de carri\u00e8re ? L&#039;\u00e9quipe de Mes Allocs vous conseille !\" \/>\n<meta name=\"robots\" content=\"index, follow, max-snippet:-1, max-image-preview:large, max-video-preview:-1\" \/>\n<link rel=\"canonical\" href=\"https:\/\/www.mes-allocs.fr\/guides\/reconversion-professionnelle\/changer-de-carriere\/comment-changer-de-carriere-professionnelle\/lettre-de-presentation-changement-de-carriere\/\" \/>\n<meta property=\"og:locale\" content=\"fr_FR\" \/>\n<meta property=\"og:type\" content=\"article\" \/>\n<meta property=\"og:title\" content=\"Changement de carri\u00e8re : comment faire sa lettre de pr\u00e9sentation ?\" \/>\n<meta property=\"og:description\" content=\"Vous souhaitez r\u00e9ussir votre lettre de pr\u00e9sentation dans le cadre d&#039;un changement de carri\u00e8re ? L&#039;\u00e9quipe de Mes Allocs vous conseille !\" \/>\n<meta property=\"og:url\" content=\"https:\/\/www.mes-allocs.fr\/guides\/reconversion-professionnelle\/changer-de-carriere\/comment-changer-de-carriere-professionnelle\/lettre-de-presentation-changement-de-carriere\/\" \/>\n<meta property=\"og:site_name\" content=\"Mes-Allocs.fr\" \/>\n<meta property=\"article:published_time\" content=\"2021-06-03T13:54:52+00:00\" \/>\n<meta property=\"article:modified_time\" content=\"2026-03-04T17:15:21+00:00\" \/>\n<meta property=\"og:image\" content=\"https:\/\/www.mes-allocs.fr\/guides\/wp-content\/uploads\/2021\/04\/pexels-armin-rimoldi-5554271-1.jpg?wsr\" \/>\n\t<meta property=\"og:image:width\" content=\"1280\" \/>\n\t<meta property=\"og:image:height\" content=\"853\" \/>\n<meta name=\"twitter:card\" content=\"summary_large_image\" \/>\n<script type=\"application\/ld+json\" class=\"yoast-schema-graph\">{\"@context\":\"https:\/\/schema.org\",\"@graph\":[{\"@type\":\"WebSite\",\"@id\":\"https:\/\/www.mes-allocs.fr\/guides\/#website\",\"url\":\"https:\/\/www.mes-allocs.fr\/guides\/\",\"name\":\"Mes-Allocs.fr\",\"description\":\"\",\"potentialAction\":[{\"@type\":\"SearchAction\",\"target\":\"https:\/\/www.mes-allocs.fr\/guides\/?s={search_term_string}\",\"query-input\":\"required name=search_term_string\"}],\"inLanguage\":\"fr-FR\"},{\"@type\":\"ImageObject\",\"@id\":\"https:\/\/www.mes-allocs.fr\/guides\/reconversion-professionnelle\/changer-de-carriere\/comment-changer-de-carriere-professionnelle\/lettre-de-presentation-changement-de-carriere\/#primaryimage\",\"inLanguage\":\"fr-FR\",\"url\":\"https:\/\/www.mes-allocs.fr\/guides\/wp-content\/uploads\/2021\/04\/pexels-armin-rimoldi-5554271-1.jpg?wsr\",\"width\":1280,\"height\":853,\"caption\":\"lettre de pr\\u00e9sentation changement de carri\\u00e8re\"},{\"@type\":\"WebPage\",\"@id\":\"https:\/\/www.mes-allocs.fr\/guides\/reconversion-professionnelle\/changer-de-carriere\/comment-changer-de-carriere-professionnelle\/lettre-de-presentation-changement-de-carriere\/#webpage\",\"url\":\"https:\/\/www.mes-allocs.fr\/guides\/reconversion-professionnelle\/changer-de-carriere\/comment-changer-de-carriere-professionnelle\/lettre-de-presentation-changement-de-carriere\/\",\"name\":\"Changement de carri\\u00e8re : comment faire sa lettre de pr\\u00e9sentation ?\",\"isPartOf\":{\"@id\":\"https:\/\/www.mes-allocs.fr\/guides\/#website\"},\"primaryImageOfPage\":{\"@id\":\"https:\/\/www.mes-allocs.fr\/guides\/reconversion-professionnelle\/changer-de-carriere\/comment-changer-de-carriere-professionnelle\/lettre-de-presentation-changement-de-carriere\/#primaryimage\"},\"datePublished\":\"2021-06-03T13:54:52+00:00\",\"dateModified\":\"2026-03-04T17:15:21+00:00\",\"author\":{\"@id\":\"https:\/\/www.mes-allocs.fr\/guides\/#\/schema\/person\/1c4837d5703727cb02ce84583b5a44aa\"},\"description\":\"Vous souhaitez r\\u00e9ussir votre lettre de pr\\u00e9sentation dans le cadre d'un changement de carri\\u00e8re ? L'\\u00e9quipe de Mes Allocs vous conseille !\",\"inLanguage\":\"fr-FR\"},{\"@type\":\"Person\",\"@id\":\"https:\/\/www.mes-allocs.fr\/guides\/#\/schema\/person\/1c4837d5703727cb02ce84583b5a44aa\",\"name\":\"Fabiola\",\"image\":{\"@type\":\"ImageObject\",\"@id\":\"https:\/\/www.mes-allocs.fr\/guides\/#personlogo\",\"inLanguage\":\"fr-FR\",\"url\":\"https:\/\/www.mes-allocs.fr\/guides\/wp-content\/uploads\/2021\/06\/fabiola-150x150.png\",\"caption\":\"Fabiola\"},\"description\":\"Fabiola est r\\u00e9dactrice au sein de l'\\u00e9quipe Mes Allocs, sp\\u00e9cialis\\u00e9e en sciences politiques et affaires publiques. Dipl\\u00f4m\\u00e9e de l'HEIP, elle rejoint Mes Allocs apr\\u00e8s une premi\\u00e8re exp\\u00e9rience \\u00e0 l'Assembl\\u00e9e Nationale.\",\"sameAs\":[\"https:\/\/www.linkedin.com\/in\/cecilia-philippe-b-8a8085195\"]}]}<\/script>\n<!-- \/ Yoast SEO plugin. -->","amp_validity":null,"acf":{"faq":{"1":{"question":"\ud83e\udd14 Qu'est-ce que la reconversion professionnelle ?","answer":"Faire une reconversion professionnelle c'est  changer de m\u00e9tier ou de statut professionnel."},"2":{"question":"\ud83e\udd1d Pourquoi faire une reconversion professionnelle ?","answer":"Les raisons varient d'une personne \u00e0 une autre. \r\nCependant, la recherche d'une activit\u00e9 plus en phase avec leurs valeurs personnelles est le motif le plus r\u00e9pandu."},"3":{"question":"\ud83e\udd37\u200d\u2640\ufe0f Comment expliquer sa motivation pour une formation ?","answer":"Dans un premier temps, vous devez expliquer votre projet professionnel en \u00e9voquant les raisons pour lesquelles vous avez choisi la formation. Insistez aussi sur les qualit\u00e9s qui peuvent vous aider dans la r\u00e9ussite de la formation."},"4":{"question":"\ud83e\udd14 Comment r\u00e9diger une lettre de motivation pour une reconversion ?","answer":"Aborder concr\u00e8tement la reconversion professionnelle dans la lettre de motivation R\u00e9digez d'abord deux lignes sur les points saillants de l'entreprise vis\u00e9e. Puis parlez de vous. C'est \u00e0 cet endroit que la r\u00e9orientation doit figurer dans la lettre de motivation. ... Et enfin de votre valeur ajout\u00e9e pour le recruteur."},"5":{"question":"\ud83e\udd1d Qui a le droit au CPF ?","answer":"Le compte personnel de formation (CPF) est utilisable par tout salari\u00e9, tout au long de sa vie active, y compris en p\u00e9riode de ch\u00f4mage, pour suivre une formation qualifiante ou certifiante. Le CPF a remplac\u00e9 le droit individuel \u00e0 la formation (Dif)."},"6":{"question":"Comment \u00e9crire une bonne lettre de pr\u00e9sentation ?","answer":"Une bonne lettre de pr\u00e9sentation suit une structure simple et claire. Elle commence par vos coordonn\u00e9es et celles du destinataire, puis un objet pr\u00e9cis. Ajoutez ensuite une phrase d\u2019accroche pour capter l\u2019attention. Dans le corps du texte, mettez en avant vos comp\u00e9tences en lien avec le poste et l\u2019entreprise. Terminez par une conclusion qui propose un \u00e9change (entretien, contact). La lettre doit tenir sur une page, \u00eatre personnalis\u00e9e, sans fautes et compl\u00e9ter votre CV sans le r\u00e9p\u00e9ter."},"7":{"question":"","answer":""},"8":{"question":"","answer":""},"9":{"question":"","answer":""},"10":{"question":"","answer":""},"11":{"question":"","answer":""},"12":{"question":"","answer":""},"13":{"question":"","answer":""},"14":{"question":"","answer":""},"15":{"question":"","answer":""},"16":{"question":"","answer":""}}},"_links":{"self":[{"href":"https:\/\/www.mes-allocs.fr\/guides\/wp-json\/wp\/v2\/posts\/28596","targetHints":{"allow":["GET"]}}],"collection":[{"href":"https:\/\/www.mes-allocs.fr\/guides\/wp-json\/wp\/v2\/posts"}],"about":[{"href":"https:\/\/www.mes-allocs.fr\/guides\/wp-json\/wp\/v2\/types\/post"}],"author":[{"embeddable":true,"href":"https:\/\/www.mes-allocs.fr\/guides\/wp-json\/wp\/v2\/users\/7"}],"replies":[{"embeddable":true,"href":"https:\/\/www.mes-allocs.fr\/guides\/wp-json\/wp\/v2\/comments?post=28596"}],"version-history":[{"count":15,"href":"https:\/\/www.mes-allocs.fr\/guides\/wp-json\/wp\/v2\/posts\/28596\/revisions"}],"predecessor-version":[{"id":110158,"href":"https:\/\/www.mes-allocs.fr\/guides\/wp-json\/wp\/v2\/posts\/28596\/revisions\/110158"}],"wp:featuredmedia":[{"embeddable":true,"href":"https:\/\/www.mes-allocs.fr\/guides\/wp-json\/wp\/v2\/media\/25386"}],"wp:attachment":[{"href":"https:\/\/www.mes-allocs.fr\/guides\/wp-json\/wp\/v2\/media?parent=28596"}],"wp:term":[{"taxonomy":"category","embeddable":true,"href":"https:\/\/www.mes-allocs.fr\/guides\/wp-json\/wp\/v2\/categories?post=28596"},{"taxonomy":"post_tag","embeddable":true,"href":"https:\/\/www.mes-allocs.fr\/guides\/wp-json\/wp\/v2\/tags?post=28596"}],"curies":[{"name":"wp","href":"https:\/\/api.w.org\/{rel}","templated":true}]}}