{"id":28360,"date":"2021-05-31T15:15:53","date_gmt":"2021-05-31T15:15:53","guid":{"rendered":"https:\/\/www.mes-allocs.fr\/guides\/?p=28360"},"modified":"2026-03-04T18:19:16","modified_gmt":"2026-03-04T17:19:16","slug":"types-formation-professionnelle","status":"publish","type":"post","link":"https:\/\/www.mes-allocs.fr\/guides\/reconversion-professionnelle\/types-formation-professionnelle\/","title":{"rendered":"Quels sont les types de formation professionnelle ?"},"content":{"rendered":"<p><img loading=\"lazy\" decoding=\"async\" class=\"alignnone wp-image-28444 size-large\" title=\"types de formation professionnelle\" src=\"https:\/\/www.mes-allocs.fr\/guides\/wp-content\/uploads\/2021\/05\/pexels-cottonbro-5081388-2-e1622471417966-1024x320.jpg\" alt=\"types de formation professionnelle\" width=\"1024\" height=\"320\" srcset=\"https:\/\/www.mes-allocs.fr\/guides\/wp-content\/uploads\/2021\/05\/pexels-cottonbro-5081388-2-e1622471417966-1024x320.jpg 1024w, https:\/\/www.mes-allocs.fr\/guides\/wp-content\/uploads\/2021\/05\/pexels-cottonbro-5081388-2-e1622471417966-300x94.jpg 300w, https:\/\/www.mes-allocs.fr\/guides\/wp-content\/uploads\/2021\/05\/pexels-cottonbro-5081388-2-e1622471417966-768x240.jpg 768w, https:\/\/www.mes-allocs.fr\/guides\/wp-content\/uploads\/2021\/05\/pexels-cottonbro-5081388-2-e1622471417966-600x188.jpg 600w, https:\/\/www.mes-allocs.fr\/guides\/wp-content\/uploads\/2021\/05\/pexels-cottonbro-5081388-2-e1622471417966.jpg 1280w\" sizes=\"auto, (max-width: 1024px) 100vw, 1024px\" \/><\/p>\n<p style=\"text-align: justify;\">[Mis \u00e0 jour le 04\/03\/2026] La formation vous permet de facilement de changer de m\u00e9tier. C&rsquo;est une \u00e9tape importante dans une <a href=\"https:\/\/www.mes-allocs.fr\/guides\/reconversion-professionnelle\/\">reconversion professionnelle<\/a>. Elle vous permet d&rsquo;acqu\u00e9rir de nouvelles comp\u00e9tences. Mais alors, quels sont les<strong> types de formation professionnelle<\/strong> qui s&rsquo;offrent \u00e0 vous ? On vous explique.<\/p>\n<div class='cta-block'><div class='text'>Coaching \u00e0 distance pay\u00e9 par vos aides formation.<\/div><a href='https:\/\/www.formademia.fr\/formulaire\/coaching' class='app-button fit'>V\u00e9rifier votre \u00e9ligibilit\u00e9<\/a><\/div>\n<h1>Quelles sont les formations qui existent dans le cadre d&rsquo;une reconversion ?<\/h1>\n<h2>Formation initiale<\/h2>\n<p>La formation initiale d\u00e9signe le cursus au cours duquel les \u00e9tudiants apprennent les bases d\u2019une profession, quelle qu\u2019elle soit. Elle se d\u00e9roule obligatoirement dans la continuit\u00e9 de sa scolarit\u00e9.<\/p>\n<p>Pendant cette p\u00e9riode, vous allez pouvoir acqu\u00e9rir des comp\u00e9tences en relation avec le m\u00e9tier que vous avez choisi.<\/p>\n<h2 id=\"menu-6\">Formation en alternance<\/h2>\n<p>La formation en alternance comprend le contrat de professionnalisation et le contrat d&rsquo;apprentissage. Elle est courante chez les jeunes \u00e2g\u00e9s entre 16 et 25 ans.<\/p>\n<p>Elle permet aux \u00e9tudiants d&rsquo;alterner p\u00e9riode de cours et travail en entreprise.<\/p>\n<p><iframe loading=\"lazy\" title=\"La reconversion professionnelle\" width=\"500\" height=\"281\" src=\"https:\/\/www.youtube.com\/embed\/EiVUthswxl0?feature=oembed\" frameborder=\"0\" allow=\"accelerometer; autoplay; clipboard-write; encrypted-media; gyroscope; picture-in-picture; web-share\" referrerpolicy=\"strict-origin-when-cross-origin\" allowfullscreen><\/iframe><\/p>\n<h2>Formation continue<\/h2>\n<p>La <a href=\"https:\/\/www.mes-allocs.fr\/guides\/reconversion-professionnelle\/types-formation\/formation-continue\/\">formation continue<\/a> vous concerne si vous \u00eates d\u00e9j\u00e0 en activit\u00e9 ou si vous poss\u00e9dez une exp\u00e9rience professionnelle. Qu\u2019il s\u2019agisse de salari\u00e9s, d\u2019ind\u00e9pendants ou de demandeurs d\u2019emploi et qui choisissent de reprendre des \u00e9tudes.<\/p>\n<h3>Formation en ligne<\/h3>\n<p>La formation en ligne est une opportunit\u00e9 pour ceux qui souhaitent se reconvertir. C\u2019est une forme d\u2019enseignement qui ne comporte pas la pr\u00e9sence physique d\u2019un professeur et qui ne s\u2019effectue pas dans le cadre d\u2019un \u00e9tablissement scolaire.<\/p>\n<h3>Formations diplomates<\/h3>\n<p>Elles permettent d\u2019obtenir un dipl\u00f4me d\u2019Etat reconnu qui facilite l\u2019\u00e9valuation de votre niveau par un potentiel recruteur : BP, CAP, Bac, BTS, Licence, Master.<\/p>\n<p>Ce type de formations est accessible aux :<\/p>\n<ul>\n<li>Salari\u00e9s<\/li>\n<li>Demandeurs d&#8217;emploi<\/li>\n<li>Fonctionnaires.<\/li>\n<\/ul>\n<p>Elles permettent de vous reconvertir mais \u00e9galement d\u2019\u00e9voluer vers un poste plus important.<\/p>\n<p>Bon \u00e0 savoir : il existe des <a href=\"https:\/\/www.mes-allocs.fr\/guides\/reconversion-professionnelle\/types-formation-professionnelle\/formation-remuneree\/\">formations r\u00e9mun\u00e9r\u00e9es<\/a> !<\/p>\n<div class='cta-block'><div class='text'>Coaching \u00e0 distance pay\u00e9 par vos aides formation.<\/div><a href='https:\/\/www.formademia.fr\/formulaire\/coaching' class='app-button fit'>V\u00e9rifier votre \u00e9ligibilit\u00e9<\/a><\/div>\n<h1>Les autres types de formations professionnelles<\/h1>\n<h2 id=\"menu-11\">Formations qualifiantes<\/h2>\n<p>Contrairement aux formations pr\u00e9c\u00e9dentes qui sont sanctionn\u00e9es par un dipl\u00f4me, les formations qualifiantes ne le sont pas et ne permettent pas non plus l\u2019obtention d\u2019une certification.<\/p>\n<p>Suivie avant tout dans le cadre de la formation continue, ces formations ont pour objectif d\u2019\u00eatre imm\u00e9diatement op\u00e9rationnel dans son activit\u00e9 actuelle ou pour pr\u00e9tendre \u00e0 un autre poste par l\u2019apport de nouvelles comp\u00e9tences.<\/p>\n<h2 id=\"menu-12\">Formations certifiantes<\/h2>\n<p>Les formations certifiantes sont des cursus courts \u00e0 vis\u00e9e professionnelle qui s\u2019adressent uniquement \u00e0 un public d\u00e9j\u00e0 entr\u00e9 dans la vie active. Elles se soldent par la d\u00e9livrance d\u2019une certification reconnue par les branches professionnelles. A l\u2019inverse des dipl\u00f4mes,\u00a0 elles apportent des comp\u00e9tences sur un m\u00e9tier pr\u00e9cis.<\/p>\n<h2>Formation \u00e0 distance<\/h2>\n<p>La <a href=\"https:\/\/www.mes-allocs.fr\/guides\/reconversion-professionnelle\/types-formation\/formation-a-distance\/\">formation \u00e0 distance<\/a> est mise en place pour les personnes qui sont dans l&rsquo;impossibilit\u00e9 ou l&rsquo;incapacit\u00e9 de suivre des cours en pr\u00e9sentiel.<\/p>\n<p>Cette m\u00e9thode d&rsquo;apprentissage est avantageuse. En effet, elle vous permet de continuer vos activit\u00e9s.<\/p>\n<h2 id=\"menu-15\">Validation des acquis de l&rsquo;exp\u00e9rience &#8211; VAE<\/h2>\n<p>La validation des acquis de l&rsquo;exp\u00e9rience est une mesure qui permet \u00e0 toute personne, quels que soient son \u00e2ge, son niveau d&rsquo;\u00e9tudes ou son statut, de faire valider les acquis de son exp\u00e9rience pour obtenir une certification professionnelle.<\/p>\n<p>Elle permet d&rsquo;obtenir, en totalit\u00e9 ou en partie, un dipl\u00f4me, un titre ou un certificat de qualification professionnelle inscrit au R\u00e9pertoire national des certifications professionnelles.<\/p>\n<p><strong>\u00c0 noter<\/strong> : de nombreux dispositifs vous permettent de b\u00e9n\u00e9ficier de <a href=\"https:\/\/www.mes-allocs.fr\/guides\/reconversion-professionnelle\/formation-professionnelle\/formation-gratuite\/\">formations gratuites<\/a>. Profitez-en !<\/p>\n<div class='cta-block'><div class='text'>Coaching \u00e0 distance pay\u00e9 par vos aides formation.<\/div><a href='https:\/\/www.formademia.fr\/formulaire\/coaching' class='app-button fit'>V\u00e9rifier votre \u00e9ligibilit\u00e9<\/a><\/div>\n","protected":false},"excerpt":{"rendered":"<p>[Mis \u00e0 jour le 04\/03\/2026] La formation vous permet de facilement de changer de m\u00e9tier. C&rsquo;est une \u00e9tape importante dans une reconversion professionnelle. Elle vous permet d&rsquo;acqu\u00e9rir de nouvelles comp\u00e9tences. Mais alors, quels sont les types de formation professionnelle qui s&rsquo;offrent \u00e0 vous ? On vous explique. Quelles sont les formations qui existent dans le [&hellip;]<\/p>\n","protected":false},"author":7,"featured_media":28429,"comment_status":"open","ping_status":"open","sticky":false,"template":"","format":"standard","meta":{"amp_status":"","footnotes":""},"categories":[5081],"tags":[],"class_list":["post-28360","post","type-post","status-publish","format-standard","has-post-thumbnail","hentry","category-reconversion-professionnelle"],"yoast_head":"<!-- This site is optimized with the Yoast SEO plugin v14.9 - https:\/\/yoast.com\/wordpress\/plugins\/seo\/ -->\n<title>Quels sont les types de formation professionnelle ? | Mes-Allocs.fr<\/title>\n<meta name=\"description\" content=\"Plusieurs types de formation professionnelle vous sont accessibles lorsque vous d\u00e9sirez apprendre et changer de m\u00e9tier. On vous explique.\" \/>\n<meta name=\"robots\" content=\"index, follow, max-snippet:-1, max-image-preview:large, max-video-preview:-1\" \/>\n<link rel=\"canonical\" href=\"https:\/\/www.mes-allocs.fr\/guides\/reconversion-professionnelle\/types-formation-professionnelle\/\" \/>\n<meta property=\"og:locale\" content=\"fr_FR\" \/>\n<meta property=\"og:type\" content=\"article\" \/>\n<meta property=\"og:title\" content=\"Quels sont les types de formation professionnelle ? | Mes-Allocs.fr\" \/>\n<meta property=\"og:description\" content=\"Plusieurs types de formation professionnelle vous sont accessibles lorsque vous d\u00e9sirez apprendre et changer de m\u00e9tier. On vous explique.\" \/>\n<meta property=\"og:url\" content=\"https:\/\/www.mes-allocs.fr\/guides\/reconversion-professionnelle\/types-formation-professionnelle\/\" \/>\n<meta property=\"og:site_name\" content=\"Mes-Allocs.fr\" \/>\n<meta property=\"article:published_time\" content=\"2021-05-31T15:15:53+00:00\" \/>\n<meta property=\"article:modified_time\" content=\"2026-03-04T17:19:16+00:00\" \/>\n<meta property=\"og:image\" content=\"https:\/\/www.mes-allocs.fr\/guides\/wp-content\/uploads\/2021\/05\/pexels-william-fortunato-6393023.jpg?wsr\" \/>\n\t<meta property=\"og:image:width\" content=\"1280\" \/>\n\t<meta property=\"og:image:height\" content=\"853\" \/>\n<meta name=\"twitter:card\" content=\"summary_large_image\" \/>\n<script type=\"application\/ld+json\" class=\"yoast-schema-graph\">{\"@context\":\"https:\/\/schema.org\",\"@graph\":[{\"@type\":\"WebSite\",\"@id\":\"https:\/\/www.mes-allocs.fr\/guides\/#website\",\"url\":\"https:\/\/www.mes-allocs.fr\/guides\/\",\"name\":\"Mes-Allocs.fr\",\"description\":\"\",\"potentialAction\":[{\"@type\":\"SearchAction\",\"target\":\"https:\/\/www.mes-allocs.fr\/guides\/?s={search_term_string}\",\"query-input\":\"required name=search_term_string\"}],\"inLanguage\":\"fr-FR\"},{\"@type\":\"ImageObject\",\"@id\":\"https:\/\/www.mes-allocs.fr\/guides\/reconversion-professionnelle\/types-formation-professionnelle\/#primaryimage\",\"inLanguage\":\"fr-FR\",\"url\":\"https:\/\/www.mes-allocs.fr\/guides\/wp-content\/uploads\/2021\/05\/pexels-william-fortunato-6393023.jpg?wsr\",\"width\":1280,\"height\":853,\"caption\":\"types de formation professionnelle\"},{\"@type\":\"WebPage\",\"@id\":\"https:\/\/www.mes-allocs.fr\/guides\/reconversion-professionnelle\/types-formation-professionnelle\/#webpage\",\"url\":\"https:\/\/www.mes-allocs.fr\/guides\/reconversion-professionnelle\/types-formation-professionnelle\/\",\"name\":\"Quels sont les types de formation professionnelle ? | Mes-Allocs.fr\",\"isPartOf\":{\"@id\":\"https:\/\/www.mes-allocs.fr\/guides\/#website\"},\"primaryImageOfPage\":{\"@id\":\"https:\/\/www.mes-allocs.fr\/guides\/reconversion-professionnelle\/types-formation-professionnelle\/#primaryimage\"},\"datePublished\":\"2021-05-31T15:15:53+00:00\",\"dateModified\":\"2026-03-04T17:19:16+00:00\",\"author\":{\"@id\":\"https:\/\/www.mes-allocs.fr\/guides\/#\/schema\/person\/1c4837d5703727cb02ce84583b5a44aa\"},\"description\":\"Plusieurs types de formation professionnelle vous sont accessibles lorsque vous d\\u00e9sirez apprendre et changer de m\\u00e9tier. On vous explique.\",\"inLanguage\":\"fr-FR\"},{\"@type\":\"Person\",\"@id\":\"https:\/\/www.mes-allocs.fr\/guides\/#\/schema\/person\/1c4837d5703727cb02ce84583b5a44aa\",\"name\":\"Fabiola\",\"image\":{\"@type\":\"ImageObject\",\"@id\":\"https:\/\/www.mes-allocs.fr\/guides\/#personlogo\",\"inLanguage\":\"fr-FR\",\"url\":\"https:\/\/www.mes-allocs.fr\/guides\/wp-content\/uploads\/2021\/06\/fabiola-150x150.png\",\"caption\":\"Fabiola\"},\"description\":\"Fabiola est r\\u00e9dactrice au sein de l'\\u00e9quipe Mes Allocs, sp\\u00e9cialis\\u00e9e en sciences politiques et affaires publiques. Dipl\\u00f4m\\u00e9e de l'HEIP, elle rejoint Mes Allocs apr\\u00e8s une premi\\u00e8re exp\\u00e9rience \\u00e0 l'Assembl\\u00e9e Nationale.\",\"sameAs\":[\"https:\/\/www.linkedin.com\/in\/cecilia-philippe-b-8a8085195\"]}]}<\/script>\n<!-- \/ Yoast SEO plugin. -->","amp_validity":null,"acf":{"faq":{"1":{"question":"Quels sont les types de formation professionnelle ?","answer":"Il existe plusieurs types de formation pour vous former :\r\n-Formation initiale ; \r\n-Formation continue ; \r\n-Formation professionnelle ; \r\n-Formation pour adulte ; \r\n-Formation en pr\u00e9sentiel ; \r\n-Formation en alternance ; \r\n-etc.\r\n"},"2":{"question":"Qu'est-ce qu'une formation en ligne ?","answer":"La formation en ligne est une forme d\u2019enseignement qui ne comporte pas la pr\u00e9sence physique d\u2019un professeur et qui ne s\u2019effectue pas dans le cadre d\u2019un \u00e9tablissement scolaire."},"3":{"question":"Pourquoi se former \u00e0 distance ?","answer":"Les formations \u00e0 distance pr\u00e9sentent plusieurs avantages. Elle vous permettent entre autre, de vous organiser \u00e0 votre rythme et de pouvoir avoir une autre activit\u00e9 \u00e0 c\u00f4t\u00e9 : travail (stage, emploi, job \u00e0 temps partiel), \u00e9tudes."},"4":{"question":"Quels m\u00e9tiers en formation \u00e0 distance ?","answer":"Plusieurs formations peuvent se faire \u00e0 distance : \r\n-Surveillant p\u00e9nitentiaire\r\n-Maquilleur\r\n-Adjoint administratif\r\n-Auxiliaire de pu\u00e9riculture\r\n-Vendeur Conseiller en Parfumerie\r\n-Etc."},"5":{"question":" Qu'est-ce que la validation des acquis ?","answer":"La validation des acquis de l'exp\u00e9rience (VAE) est une mesure qui permet \u00e0 toute personne, quels que soient son \u00e2ge, son niveau d'\u00e9tudes ou son statut, de faire valider les acquis de son exp\u00e9rience pour obtenir une certification professionnelle."},"6":{"question":"Quels sont les 5 niveaux de comp\u00e9tences ?","answer":"Les 5 niveaux de comp\u00e9tences, selon l'\u00e9chelle NIH, sont : novice (connaissances de base sans exp\u00e9rience), d\u00e9butant avanc\u00e9 (application simple avec supervision), comp\u00e9tent (gestion autonome de t\u00e2ches vari\u00e9es), ma\u00eetrise (optimisation et formation d'autrui) et expert (innovation et expertise reconnue). Cette classification permet d'\u00e9valuer la progression professionnelle de mani\u00e8re structur\u00e9e."},"7":{"question":"","answer":""},"8":{"question":"","answer":""},"9":{"question":"","answer":""},"10":{"question":"","answer":""},"11":{"question":"","answer":""},"12":{"question":"","answer":""},"13":{"question":"","answer":""},"14":{"question":"","answer":""},"15":{"question":"","answer":""},"16":{"question":"","answer":""}}},"_links":{"self":[{"href":"https:\/\/www.mes-allocs.fr\/guides\/wp-json\/wp\/v2\/posts\/28360","targetHints":{"allow":["GET"]}}],"collection":[{"href":"https:\/\/www.mes-allocs.fr\/guides\/wp-json\/wp\/v2\/posts"}],"about":[{"href":"https:\/\/www.mes-allocs.fr\/guides\/wp-json\/wp\/v2\/types\/post"}],"author":[{"embeddable":true,"href":"https:\/\/www.mes-allocs.fr\/guides\/wp-json\/wp\/v2\/users\/7"}],"replies":[{"embeddable":true,"href":"https:\/\/www.mes-allocs.fr\/guides\/wp-json\/wp\/v2\/comments?post=28360"}],"version-history":[{"count":12,"href":"https:\/\/www.mes-allocs.fr\/guides\/wp-json\/wp\/v2\/posts\/28360\/revisions"}],"predecessor-version":[{"id":110161,"href":"https:\/\/www.mes-allocs.fr\/guides\/wp-json\/wp\/v2\/posts\/28360\/revisions\/110161"}],"wp:featuredmedia":[{"embeddable":true,"href":"https:\/\/www.mes-allocs.fr\/guides\/wp-json\/wp\/v2\/media\/28429"}],"wp:attachment":[{"href":"https:\/\/www.mes-allocs.fr\/guides\/wp-json\/wp\/v2\/media?parent=28360"}],"wp:term":[{"taxonomy":"category","embeddable":true,"href":"https:\/\/www.mes-allocs.fr\/guides\/wp-json\/wp\/v2\/categories?post=28360"},{"taxonomy":"post_tag","embeddable":true,"href":"https:\/\/www.mes-allocs.fr\/guides\/wp-json\/wp\/v2\/tags?post=28360"}],"curies":[{"name":"wp","href":"https:\/\/api.w.org\/{rel}","templated":true}]}}