{"id":28337,"date":"2021-06-02T13:52:54","date_gmt":"2021-06-02T13:52:54","guid":{"rendered":"https:\/\/www.mes-allocs.fr\/guides\/?p=28337"},"modified":"2026-03-04T18:08:01","modified_gmt":"2026-03-04T17:08:01","slug":"cv-changement-de-carriere","status":"publish","type":"post","link":"https:\/\/www.mes-allocs.fr\/guides\/reconversion-professionnelle\/changer-de-carriere\/comment-changer-de-carriere-professionnelle\/cv-changement-de-carriere\/","title":{"rendered":"Changement de carri\u00e8re : comment faire son CV ?"},"content":{"rendered":"<p><img loading=\"lazy\" decoding=\"async\" class=\"alignnone wp-image-28584 size-large\" title=\"cv changement de carri\u00e8re\" src=\"https:\/\/www.mes-allocs.fr\/guides\/wp-content\/uploads\/2021\/05\/pexels-linkedin-sales-navigator-1251832-e1622503292421-1024x302.jpg\" alt=\"cv changement de carri\u00e8re\" width=\"1024\" height=\"302\" srcset=\"https:\/\/www.mes-allocs.fr\/guides\/wp-content\/uploads\/2021\/05\/pexels-linkedin-sales-navigator-1251832-e1622503292421-1024x302.jpg 1024w, https:\/\/www.mes-allocs.fr\/guides\/wp-content\/uploads\/2021\/05\/pexels-linkedin-sales-navigator-1251832-e1622503292421-300x88.jpg 300w, https:\/\/www.mes-allocs.fr\/guides\/wp-content\/uploads\/2021\/05\/pexels-linkedin-sales-navigator-1251832-e1622503292421-768x226.jpg 768w, https:\/\/www.mes-allocs.fr\/guides\/wp-content\/uploads\/2021\/05\/pexels-linkedin-sales-navigator-1251832-e1622503292421-600x177.jpg 600w, https:\/\/www.mes-allocs.fr\/guides\/wp-content\/uploads\/2021\/05\/pexels-linkedin-sales-navigator-1251832-e1622503292421.jpg 1280w\" sizes=\"auto, (max-width: 1024px) 100vw, 1024px\" \/><\/p>\n<p style=\"text-align: justify;\">[Mis \u00e0 jour le 04\/03\/2026] Vous avez un projet de <a href=\"https:\/\/www.mes-allocs.fr\/guides\/reconversion-professionnelle\/\">reconversion professionnelle<\/a> ? Votre curriculum vitae (CV) est un atout majeur pour vous d\u00e9marquer aupr\u00e8s des recruteurs. Mes Allocs vous explique comment mettre en valeur votre CV lors d&rsquo;un changement de carri\u00e8re.<\/p>\n<div class='cta-block'><div class='text'>Besoin d&rsquo;aide dans votre reconversion ?<\/div><a href='' class='app-button fit'>En savoir plus sur notre programme<\/a><\/div>\n<h1>Je souhaite changer de carri\u00e8re, comment structurer mon curriculum vitae (CV) ?<\/h1>\n<p>Un <a href=\"https:\/\/www.mes-allocs.fr\/guides\/reconversion-professionnelle\/changer-de-carriere-professionnelle\/\">changement de carri\u00e8re<\/a> n&rsquo;est pas anodin, et entraine avec lui un certain nombre de questions :<\/p>\n<ul>\n<li>N&rsquo;est-il pas trop tard ?<\/li>\n<li>Faites-vous le bon choix ?<\/li>\n<li><a href=\"https:\/\/www.mes-allocs.fr\/guides\/reconversion-professionnelle\/changer-de-carriere\/comment-changer-de-carriere-professionnelle\/\">Comment changer de carri\u00e8re professionnelle ?<\/a><\/li>\n<li>etc<\/li>\n<\/ul>\n<p>Afin de ne pas reculer, et de vous lancer sans trop r\u00e9fl\u00e9chir, nous vous conseillons de vous pencher sur votre CV.\u00a0Le CV de reconversion professionnelle suit les m\u00eames r\u00e8gles que celui d&rsquo;un CV de recherche d&#8217;emploi traditionnel. Vous devez mettre en avant vos atouts ainsi que vos comp\u00e9tences pour le poste auquel vous souhaitez postuler. Il vient appuyer votre lettre de motivation de reconversion qui doit expliquer votre projet professionnel.<\/p>\n<h2>Tout miser sur la phrase d&rsquo;accroche<\/h2>\n<p>Lorsque vous \u00eates en reconversion professionnelle, vous devez bien choisir votre phrase d&rsquo;accroche. C&rsquo;est l&rsquo;une des choses que le recruteur voit en premier.<\/p>\n<p>Elle est importante car elle vient expliquer votre choix de changement de carri\u00e8re. Vos exp\u00e9riences et formation risquent d\u2019avoir peu de lien avec le poste souhait\u00e9, c\u2019est l\u00e0 que la phrase d\u2019accroche prend toute son importance.<\/p>\n<p class=\"color-true\">Voici le type d&rsquo;accroche \u00e0 privil\u00e9gier<\/p>\n<ul>\n<li>\u00ab\u00a010 ans d\u2019exp\u00e9rience dans le secteur de Xxxxxxx m\u2019ont permis d\u2019acqu\u00e9rir un certain nombre comp\u00e9tences, telles que : Xxxxxx, Xxxxxxx et Xxxxxxx. Toujours pr\u00eat(e) \u00e0 relever de nouveaux d\u00e9fis, je suis certain(e) que ces comp\u00e9tences sauront \u00eatre d\u2019une grande importance pour remplir pleinement le poste de Xxxxxxx.\u00a0\u00bb<\/li>\n<li>\u00ab\u00a0Fort de 10 ans d\u2019exp\u00e9rience dans le domaine du Xxxxxxx, ma diff\u00e9rente vision d\u2019approche du secteur permettra \u2026\u00a0\u00bb<\/li>\n<li>\u00ab Rigoureux, Esprit d\u2019\u00e9quipe, forte connaissance en \u00e9nergie renouvelable&#8230; \u00bb.<\/li>\n<\/ul>\n<p><iframe loading=\"lazy\" title=\"La reconversion professionnelle\" width=\"500\" height=\"281\" src=\"https:\/\/www.youtube.com\/embed\/EiVUthswxl0?feature=oembed\" frameborder=\"0\" allow=\"accelerometer; autoplay; clipboard-write; encrypted-media; gyroscope; picture-in-picture; web-share\" referrerpolicy=\"strict-origin-when-cross-origin\" allowfullscreen><\/iframe><\/p>\n<h2>Autres conseils pour refaire votre CV pour une reconversion professionnelle<\/h2>\n<p>Nous vous conseillons d&rsquo;\u00eatre honn\u00eate dans votre d\u00e9marche. Toutes les informations que vous fournissez dans votre CV doivent \u00eatre justes. En plus de \u00e7a, pour attirer le recruteur vous devez :<\/p>\n<ul>\n<li>Choisir un curriculum vitae original<\/li>\n<li>Mettre l\u2019accent sur les comp\u00e9tences que vous avez d\u00e9velopp\u00e9es ainsi que vos exp\u00e9riences professionnelles<\/li>\n<li>Ne sous estimer aucun \u00e9l\u00e9ment de votre CV. Dans le cas d\u2019une reconversion professionnelle toutes vos informations peuvent faire la diff\u00e9rence, une exp\u00e9rience, un centre d\u2019int\u00e9r\u00eat, une comp\u00e9tence, une passion\u2026<\/li>\n<li>Indiquer vos principales qualit\u00e9s, vos hobbies. Dans le cadre d\u2019une reconversion les qualit\u00e9s personnelles sont tr\u00e8s regard\u00e9es par les recruteurs<\/li>\n<li>Accompagner votre curriculum vitae d\u2019une <a href=\"https:\/\/www.mes-allocs.fr\/guides\/reconversion-professionnelle\/changer-de-carriere\/comment-changer-de-carriere-professionnelle\/changement-carriere-lettre-de-motivation\/\">lettre de motivation<\/a> afin d\u2019expliquer plus en d\u00e9tails les raisons qui vous ont pouss\u00e9 \u00e0 ce changement de carri\u00e8re professionnelle.<\/li>\n<\/ul>\n<p>Le CV de reconversion doit \u00eatre personnalis\u00e9 pour chaque candidature. En effet,\u00a0chaque fois que vous postulez, vous devez l&rsquo;adapter en fonction des attentes de l\u2019entreprise.<\/p>\n<p>Vous pouvez consulter des exemples de CV afin de vous orienter.<\/p>\n<div class='cta-block'><div class='text'>Besoin d&rsquo;aide dans votre reconversion ?<\/div><a href='' class='app-button fit'>En savoir plus sur notre programme<\/a><\/div>\n","protected":false},"excerpt":{"rendered":"<p>[Mis \u00e0 jour le 04\/03\/2026] Vous avez un projet de reconversion professionnelle ? Votre curriculum vitae (CV) est un atout majeur pour vous d\u00e9marquer aupr\u00e8s des recruteurs. Mes Allocs vous explique comment mettre en valeur votre CV lors d&rsquo;un changement de carri\u00e8re. Je souhaite changer de carri\u00e8re, comment structurer mon curriculum vitae (CV) ? Un [&hellip;]<\/p>\n","protected":false},"author":7,"featured_media":28581,"comment_status":"open","ping_status":"open","sticky":false,"template":"","format":"standard","meta":{"amp_status":"","footnotes":""},"categories":[5929,10038,5081],"tags":[],"class_list":["post-28337","post","type-post","status-publish","format-standard","has-post-thumbnail","hentry","category-changer-de-carriere","category-comment-changer-de-carriere-professionnelle","category-reconversion-professionnelle"],"yoast_head":"<!-- This site is optimized with the Yoast SEO plugin v14.9 - https:\/\/yoast.com\/wordpress\/plugins\/seo\/ -->\n<title>Changement de carri\u00e8re : comment faire son CV ? | Mes-Allocs.fr<\/title>\n<meta name=\"description\" content=\"Vous \u00eates en reconversion professionnelle ? Mes-Allocs.fr vous conseille sur comment faire votre CV dans le cadre d&#039;un changement de carri\u00e8re.\" \/>\n<meta name=\"robots\" content=\"index, follow, max-snippet:-1, max-image-preview:large, max-video-preview:-1\" \/>\n<link rel=\"canonical\" href=\"https:\/\/www.mes-allocs.fr\/guides\/reconversion-professionnelle\/changer-de-carriere\/comment-changer-de-carriere-professionnelle\/cv-changement-de-carriere\/\" \/>\n<meta property=\"og:locale\" content=\"fr_FR\" \/>\n<meta property=\"og:type\" content=\"article\" \/>\n<meta property=\"og:title\" content=\"Changement de carri\u00e8re : comment faire son CV ? | Mes-Allocs.fr\" \/>\n<meta property=\"og:description\" content=\"Vous \u00eates en reconversion professionnelle ? Mes-Allocs.fr vous conseille sur comment faire votre CV dans le cadre d&#039;un changement de carri\u00e8re.\" \/>\n<meta property=\"og:url\" content=\"https:\/\/www.mes-allocs.fr\/guides\/reconversion-professionnelle\/changer-de-carriere\/comment-changer-de-carriere-professionnelle\/cv-changement-de-carriere\/\" \/>\n<meta property=\"og:site_name\" content=\"Mes-Allocs.fr\" \/>\n<meta property=\"article:published_time\" content=\"2021-06-02T13:52:54+00:00\" \/>\n<meta property=\"article:modified_time\" content=\"2026-03-04T17:08:01+00:00\" \/>\n<meta property=\"og:image\" content=\"https:\/\/www.mes-allocs.fr\/guides\/wp-content\/uploads\/2021\/05\/pexels-cottonbro-5989943.jpg?wsr\" \/>\n\t<meta property=\"og:image:width\" content=\"1280\" \/>\n\t<meta property=\"og:image:height\" content=\"853\" \/>\n<meta name=\"twitter:card\" content=\"summary_large_image\" \/>\n<script type=\"application\/ld+json\" class=\"yoast-schema-graph\">{\"@context\":\"https:\/\/schema.org\",\"@graph\":[{\"@type\":\"WebSite\",\"@id\":\"https:\/\/www.mes-allocs.fr\/guides\/#website\",\"url\":\"https:\/\/www.mes-allocs.fr\/guides\/\",\"name\":\"Mes-Allocs.fr\",\"description\":\"\",\"potentialAction\":[{\"@type\":\"SearchAction\",\"target\":\"https:\/\/www.mes-allocs.fr\/guides\/?s={search_term_string}\",\"query-input\":\"required name=search_term_string\"}],\"inLanguage\":\"fr-FR\"},{\"@type\":\"ImageObject\",\"@id\":\"https:\/\/www.mes-allocs.fr\/guides\/reconversion-professionnelle\/changer-de-carriere\/comment-changer-de-carriere-professionnelle\/cv-changement-de-carriere\/#primaryimage\",\"inLanguage\":\"fr-FR\",\"url\":\"https:\/\/www.mes-allocs.fr\/guides\/wp-content\/uploads\/2021\/05\/pexels-cottonbro-5989943.jpg?wsr\",\"width\":1280,\"height\":853,\"caption\":\"cv changement de carri\\u00e8re\"},{\"@type\":\"WebPage\",\"@id\":\"https:\/\/www.mes-allocs.fr\/guides\/reconversion-professionnelle\/changer-de-carriere\/comment-changer-de-carriere-professionnelle\/cv-changement-de-carriere\/#webpage\",\"url\":\"https:\/\/www.mes-allocs.fr\/guides\/reconversion-professionnelle\/changer-de-carriere\/comment-changer-de-carriere-professionnelle\/cv-changement-de-carriere\/\",\"name\":\"Changement de carri\\u00e8re : comment faire son CV ? | Mes-Allocs.fr\",\"isPartOf\":{\"@id\":\"https:\/\/www.mes-allocs.fr\/guides\/#website\"},\"primaryImageOfPage\":{\"@id\":\"https:\/\/www.mes-allocs.fr\/guides\/reconversion-professionnelle\/changer-de-carriere\/comment-changer-de-carriere-professionnelle\/cv-changement-de-carriere\/#primaryimage\"},\"datePublished\":\"2021-06-02T13:52:54+00:00\",\"dateModified\":\"2026-03-04T17:08:01+00:00\",\"author\":{\"@id\":\"https:\/\/www.mes-allocs.fr\/guides\/#\/schema\/person\/1c4837d5703727cb02ce84583b5a44aa\"},\"description\":\"Vous \\u00eates en reconversion professionnelle ? Mes-Allocs.fr vous conseille sur comment faire votre CV dans le cadre d'un changement de carri\\u00e8re.\",\"inLanguage\":\"fr-FR\"},{\"@type\":\"Person\",\"@id\":\"https:\/\/www.mes-allocs.fr\/guides\/#\/schema\/person\/1c4837d5703727cb02ce84583b5a44aa\",\"name\":\"Fabiola\",\"image\":{\"@type\":\"ImageObject\",\"@id\":\"https:\/\/www.mes-allocs.fr\/guides\/#personlogo\",\"inLanguage\":\"fr-FR\",\"url\":\"https:\/\/www.mes-allocs.fr\/guides\/wp-content\/uploads\/2021\/06\/fabiola-150x150.png\",\"caption\":\"Fabiola\"},\"description\":\"Fabiola est r\\u00e9dactrice au sein de l'\\u00e9quipe Mes Allocs, sp\\u00e9cialis\\u00e9e en sciences politiques et affaires publiques. Dipl\\u00f4m\\u00e9e de l'HEIP, elle rejoint Mes Allocs apr\\u00e8s une premi\\u00e8re exp\\u00e9rience \\u00e0 l'Assembl\\u00e9e Nationale.\",\"sameAs\":[\"https:\/\/www.linkedin.com\/in\/cecilia-philippe-b-8a8085195\"]}]}<\/script>\n<!-- \/ Yoast SEO plugin. -->","amp_validity":null,"acf":{"faq":{"1":{"question":"Qu'est-ce qu'une reconversion professionnelle ?","answer":"Une reconversion professionnelle est un changement de carri\u00e8re. Ce changement intervient g\u00e9n\u00e9ralement lorsqu'on souhaite exercer un m\u00e9tier plus en phase avec ses aspirations.\r\n<br> <a href=\"https:\/\/www.mes-allocs.fr\/guides\/reconversion-professionnelle\/\">Lire la suite<\/a>\r\n"},"2":{"question":"Pourquoi faire une reconversion professionnelle ?","answer":"Les raisons varient d'une personne \u00e0 une autre. \r\nCependant, la recherche d'une activit\u00e9 plus en phase avec leurs valeurs personnelles est le motif le plus r\u00e9pandu."},"3":{"question":"Comment expliquer sa motivation pour une formation ?","answer":"Dans un premier temps, vous devez expliquer votre projet professionnel en \u00e9voquant les raisons pour lesquelles vous avez choisi la formation. Insistez aussi sur les qualit\u00e9s qui peuvent vous aider dans la r\u00e9ussite de la formation."},"4":{"question":"Comment faire un CV quand on veut changer de m\u00e9tier ?","answer":"Votre CV de reconversion professionnelle doit suivre exactement les m\u00eames r\u00e8gles qu'un CV de recherche d'emploi traditionnel."},"5":{"question":"Comment expliquer un changement de carri\u00e8re sur un CV ?","answer":"Pour parler d\u2019un changement de carri\u00e8re sur votre CV, ajoutez une petite accroche en haut. Mettez en avant les comp\u00e9tences que vous pouvez r\u00e9utiliser dans votre nouveau m\u00e9tier, votre motivation (envie d\u2019\u00e9voluer, de d\u00e9couvrir autre chose) et le lien entre votre ancien poste et celui que vous visez. \u00c9vitez de vous justifier ou de parler en n\u00e9gatif. Vous pouvez aussi choisir un CV qui met d\u2019abord en avant vos comp\u00e9tences, puis votre parcours."},"6":{"question":"Comment justifier un changement de carri\u00e8re ?","answer":"Parlez surtout de ce qui vous motive : envie d\u2019\u00e9voluer, nouveau projet, int\u00e9r\u00eat pour le poste. Mettez en avant les comp\u00e9tences que vous pouvez r\u00e9utiliser et le lien avec le m\u00e9tier vis\u00e9. Restez honn\u00eate, sans critiquer votre ancien employeur. Pr\u00e9sentez votre choix comme une \u00e9volution positive. Par exemple : \u00ab J\u2019ai d\u00e9velopp\u00e9 des comp\u00e9tences en X et j\u2019aimerais les approfondir dans un poste comme le v\u00f4tre pour relever de nouveaux d\u00e9fis. \u00bb"},"7":{"question":"","answer":""},"8":{"question":"","answer":""},"9":{"question":"","answer":""},"10":{"question":"","answer":""},"11":{"question":"","answer":""},"12":{"question":"","answer":""},"13":{"question":"","answer":""},"14":{"question":"","answer":""},"15":{"question":"","answer":""},"16":{"question":"","answer":""}}},"_links":{"self":[{"href":"https:\/\/www.mes-allocs.fr\/guides\/wp-json\/wp\/v2\/posts\/28337","targetHints":{"allow":["GET"]}}],"collection":[{"href":"https:\/\/www.mes-allocs.fr\/guides\/wp-json\/wp\/v2\/posts"}],"about":[{"href":"https:\/\/www.mes-allocs.fr\/guides\/wp-json\/wp\/v2\/types\/post"}],"author":[{"embeddable":true,"href":"https:\/\/www.mes-allocs.fr\/guides\/wp-json\/wp\/v2\/users\/7"}],"replies":[{"embeddable":true,"href":"https:\/\/www.mes-allocs.fr\/guides\/wp-json\/wp\/v2\/comments?post=28337"}],"version-history":[{"count":16,"href":"https:\/\/www.mes-allocs.fr\/guides\/wp-json\/wp\/v2\/posts\/28337\/revisions"}],"predecessor-version":[{"id":110151,"href":"https:\/\/www.mes-allocs.fr\/guides\/wp-json\/wp\/v2\/posts\/28337\/revisions\/110151"}],"wp:featuredmedia":[{"embeddable":true,"href":"https:\/\/www.mes-allocs.fr\/guides\/wp-json\/wp\/v2\/media\/28581"}],"wp:attachment":[{"href":"https:\/\/www.mes-allocs.fr\/guides\/wp-json\/wp\/v2\/media?parent=28337"}],"wp:term":[{"taxonomy":"category","embeddable":true,"href":"https:\/\/www.mes-allocs.fr\/guides\/wp-json\/wp\/v2\/categories?post=28337"},{"taxonomy":"post_tag","embeddable":true,"href":"https:\/\/www.mes-allocs.fr\/guides\/wp-json\/wp\/v2\/tags?post=28337"}],"curies":[{"name":"wp","href":"https:\/\/api.w.org\/{rel}","templated":true}]}}