{"id":28249,"date":"2021-05-31T13:58:42","date_gmt":"2021-05-31T13:58:42","guid":{"rendered":"https:\/\/www.mes-allocs.fr\/guides\/?p=28249"},"modified":"2026-03-04T15:40:59","modified_gmt":"2026-03-04T14:40:59","slug":"lettre-motivation-reconversion-professionnelle-aide-soignante","status":"publish","type":"post","link":"https:\/\/www.mes-allocs.fr\/guides\/reconversion-professionnelle\/reussir-sa-reconversion-professionnelle\/lettre-de-motivation-reconversion-professionnelle\/lettre-motivation-reconversion-professionnelle-aide-soignante\/","title":{"rendered":"Lettre de motivation pour une reconversion professionnelle du m\u00e9tier d&rsquo;aide-soignant"},"content":{"rendered":"<p><img loading=\"lazy\" decoding=\"async\" class=\"alignnone wp-image-28264 size-large\" title=\"lettre de motivation reconversion professionnelle aide soignante\" src=\"https:\/\/www.mes-allocs.fr\/guides\/wp-content\/uploads\/2021\/05\/pexels-karolina-grabowska-4021779-e1622449607633-1024x312.jpg\" alt=\"lettre de motivation reconversion professionnelle aide soignante\" width=\"1024\" height=\"312\" srcset=\"https:\/\/www.mes-allocs.fr\/guides\/wp-content\/uploads\/2021\/05\/pexels-karolina-grabowska-4021779-e1622449607633-1024x312.jpg 1024w, https:\/\/www.mes-allocs.fr\/guides\/wp-content\/uploads\/2021\/05\/pexels-karolina-grabowska-4021779-e1622449607633-300x91.jpg 300w, https:\/\/www.mes-allocs.fr\/guides\/wp-content\/uploads\/2021\/05\/pexels-karolina-grabowska-4021779-e1622449607633-768x234.jpg 768w, https:\/\/www.mes-allocs.fr\/guides\/wp-content\/uploads\/2021\/05\/pexels-karolina-grabowska-4021779-e1622449607633-600x183.jpg 600w, https:\/\/www.mes-allocs.fr\/guides\/wp-content\/uploads\/2021\/05\/pexels-karolina-grabowska-4021779-e1622449607633.jpg 1280w\" sizes=\"auto, (max-width: 1024px) 100vw, 1024px\" \/><\/p>\n<p style=\"text-align: justify;\">[Mis \u00e0 jour le 04\/03\/2026] Le m\u00e9tier d&rsquo;aide-soignant(e) consiste \u00e0 prendre soin des personnes malades en leur assurant des soins d&rsquo;hygi\u00e8ne et de confort. Vous souhaitez tenter une <a href=\"https:\/\/www.mes-allocs.fr\/guides\/reconversion-professionnelle\/\">reconversion professionnelle<\/a> dans ce domaine ? D\u00e9couvrez comment r\u00e9diger une lettre de motivation efficace pour d\u00e9crocher un poste d&rsquo;aide-soignant(e).<\/p>\n<div class='cta-block'><div class='text'>Besoin d\u2019aide dans votre reconversion ?<\/div><a href='https:\/\/www.formademia.fr\/formulaire\/coaching' class='app-button fit'>Simuler mon \u00e9ligibilit\u00e9 au coaching<\/a><\/div>\n<h1><strong>Je souhaite devenir aide-soignant(e), comment r\u00e9diger ma lettre de motivation ?<\/strong><\/h1>\n<p>Comme pour un candidat classique, vous devrez passer par la r\u00e9daction d\u2019une lettre de motivation pour <a href=\"https:\/\/www.mes-allocs.fr\/guides\/reconversion-professionnelle\/reussir-sa-reconversion-professionnelle\/\">r\u00e9ussir votre reconversion<\/a>, et bien insister sur votre formation professionnelle ainsi que votre changement de carri\u00e8re.<\/p>\n<p><strong>Votre lettre peut se composer en 3 parties, c\u2019est-\u00e0-dire :<\/strong><\/p>\n<ul>\n<li>2 \u00e0 3 lignes sur l\u2019entreprise o\u00f9 vous souhaitez entreprendre une carri\u00e8re professionnelle.<\/li>\n<li>Parler de vous, en mettant en avant les comp\u00e9tences que vous avez acquises. C\u2019est \u00e9galement \u00e0 cet endroit que vous devez parler de votre changement de carri\u00e8re professionnelle<\/li>\n<li>Enfin, parler de vos exp\u00e9riences pr\u00e9c\u00e9dentes et acquises<\/li>\n<\/ul>\n<p>Pour conclure votre <a href=\"https:\/\/www.mes-allocs.fr\/guides\/reconversion-professionnelle\/lettre-de-motivation-pour-une-reconversion-professionnelle\/\">lettre de motivation de reconversion professionnelle<\/a>, n\u2019oubliez pas de conclure avec une\u00a0formule de politesse et une proposition de rencontre. Sans oublier bien s\u00fbr de joindre votre CV et d\u2019\u00e9crire \u201cMadame, Monsieur\u201d.<\/p>\n<p><iframe loading=\"lazy\" title=\"La reconversion professionnelle\" width=\"500\" height=\"281\" src=\"https:\/\/www.youtube.com\/embed\/EiVUthswxl0?feature=oembed\" frameborder=\"0\" allow=\"accelerometer; autoplay; clipboard-write; encrypted-media; gyroscope; picture-in-picture; web-share\" referrerpolicy=\"strict-origin-when-cross-origin\" allowfullscreen><\/iframe><\/p>\n<h2><span id=\"Expliquer_pourquoi_vous_avez_envie_de_changer_de_metier\">Expliquez le choix de votre nouveau parcours<\/span><\/h2>\n<p>C\u2019est important d\u2019expliquer pourquoi vous voulez changer de m\u00e9tier ou de secteur d\u2019activit\u00e9. Il est important de d\u00e9montrer au recruteur que votre reconversion est n\u00e9cessairement r\u00e9fl\u00e9chie et audacieuse.<\/p>\n<p><strong>Vous souhaitez changer de m\u00e9tier, car :<\/strong><\/p>\n<ul>\n<li>Vous souhaitez donner un autre sens \u00e0 votre activit\u00e9 professionnelle.<\/li>\n<li>Elle suit une logique de carri\u00e8re\u00a0: par exemple, vous aviez un poste op\u00e9rationnel et vous souhaitez passer recruteur.<\/li>\n<li>Vous avez d\u00e9velopp\u00e9 les comp\u00e9tences n\u00e9cessaires \u00e0 l\u2019exercice de ce nouvel emploi et vous souhaitez les mettre en application.<\/li>\n<li>Etc\u2026<\/li>\n<\/ul>\n<p>Il existe beaucoup d\u2019 exemples de lettres de motivation pour postuler \u00e0 des offres d\u2019emploi que vous pouvez trouver sur internet. Ne faites pas de copie, mais vous pouvez vous en inspirer. L\u2019important est de mettre en avant les comp\u00e9tences acquises.<\/p>\n<p>Et pour \u00eatre accompagn\u00e9, vous pouvez <a href=\"https:\/\/www.formademia.fr\/formulaire\/coaching\">prendre rendez-vous<\/a> avec un expert Mes Allocs qui vous aidera \u00e0 mettre toutes les chances de votre c\u00f4t\u00e9.<\/p>\n<h2><span id=\"Qualites_a_mettre_en_avant\">Mettez en avant vos atouts et vos comp\u00e9tences \u00a0<\/span><\/h2>\n<p>Si vous souhaitez changer d\u2019orientation professionnelle, vous devrez \u00eatre capable d\u2019expliquer tr\u00e8s clairement les motivations qui vous poussent vers un nouveau secteur ou un nouveau m\u00e9tier. Vous devrez mettre en avant les d\u00e9marches que vous avez entreprises pour changer de carri\u00e8re. Notamment formation, stages d\u2019observation ou de travail, rencontres avec des professionnels, etc.<\/p>\n<p>Vous pourrez \u00e9galement valoriser les comp\u00e9tences transf\u00e9rables acquises pendant votre parcours qui pourront int\u00e9resser l\u2019entreprise que vous avez choisie.<\/p>\n<h2><span id=\"Montrez_votre_motivation\">Montrez votre motivation au recruteur<\/span><\/h2>\n<p><strong>Pour une lettre de motivation parfaite, n\u2019oubliez pas de montrer votre volont\u00e9.<\/strong> Tout comme aux entretiens d\u2019 embauche. Montrez aux recruteurs que vous avez envie de r\u00e9ussir, dans cette nouvelle vie et qu\u2019ils peuvent vous faire confiance. Expliquez que vous \u00eatre pr\u00eat \u00e0 vous former d\u00e8s votre arriv\u00e9e dans la soci\u00e9t\u00e9 afin de comprendre les outils de l\u2019entreprise, les r\u00e8gles, les mentions l\u00e9gales et politique de confidentialit\u00e9.<\/p>\n<p>Citez les d\u00e9marches effectu\u00e9es pour parfaire votre inexp\u00e9rience professionnelle. Cela peut \u00eatre une formation, un stage, une immersion en entreprise ou bien une rencontre avec des professionnels qui vous ont expliqu\u00e9 les d\u00e9tails et les enjeux du poste.<\/p>\n<h1>Exemple de lettre de motivation pour une reconversion professionnelle d&rsquo;aide-soignant(e)<\/h1>\n<p>Veuillez trouver ci-apr\u00e8s, un mod\u00e8le de lettre si vous souhaitez vous reconvertir en tant qu&rsquo;aide soignante :<\/p>\n<p><em>\u00a0\u00bb Madame, Monsieur,<\/em><\/p>\n<p><em>Votre clinique est aujourd\u2019hui \u00e0 la recherche d\u2019une aide-soignante dipl\u00f4m\u00e9e, ce qui m\u2019incite \u00e0 vous \u00e9crire. La r\u00e9putation de votre \u00e9tablissement m\u2019am\u00e8ne tout naturellement \u00e0 postuler chez vous car je souhaite commencer ma nouvelle carri\u00e8re dans les meilleures conditions possibles.<\/em><\/p>\n<p><i>Gr\u00e2ce \u00e0 mes dix ann\u00e9es d&rsquo;exp\u00e9rience dans la grande distribution, j&rsquo;ai pu exercer de nombreuses missions diff\u00e9rentes.\u00a0Aujourd&rsquo;hui, je souhaite donner davantage de sens \u00e0 ma carri\u00e8re professionnelle. C\u2019est pour cette raison que j\u2019ai fait le choix de repartir en formation et d\u2019apprendre le m\u00e9tier d\u2019aide-soignante. J\u2019ai eu l\u2019occasion de suivre un certain nombre de stages dans diff\u00e9rents \u00e9tablissements et services, et ainsi de valider mon projet professionnel.<\/i><\/p>\n<p><em>Au regard du contexte sanitaire actuel, j\u2019ai tr\u00e8s envie de m\u2019investir et suis en capacit\u00e9 de travailler \u00e9norm\u00e9ment comme j\u2019ai pu le faire lors de mon exp\u00e9rience pr\u00e9c\u00e9dente. Au-del\u00e0 de ma force de travail, je vous souhaite vous apporter mon s\u00e9rieux et ma rigueur comme j\u2019ai pu le faire tout au long de mon parcours.<\/em><\/p>\n<p><em>J\u2019esp\u00e8re pouvoir vous montrer ma motivation et mon enthousiasme lors d\u2019un entretien que vous voudrez bien m\u2019accorder.<\/em><\/p>\n<p><em>Dans l\u2019attente, je vous prie d&rsquo;agr\u00e9er Madame, Monsieur l\u2019expression de mes salutations distingu\u00e9es\u00a0\u00bb.<\/em><\/p>\n<div class='cta-block'><div class='text'>Besoin d\u2019aide dans votre reconversion ?<\/div><a href='https:\/\/www.formademia.fr\/formulaire\/coaching' class='app-button fit'>Simuler mon \u00e9ligibilit\u00e9 au coaching<\/a><\/div>\n","protected":false},"excerpt":{"rendered":"<p>[Mis \u00e0 jour le 04\/03\/2026] Le m\u00e9tier d&rsquo;aide-soignant(e) consiste \u00e0 prendre soin des personnes malades en leur assurant des soins d&rsquo;hygi\u00e8ne et de confort. Vous souhaitez tenter une reconversion professionnelle dans ce domaine ? D\u00e9couvrez comment r\u00e9diger une lettre de motivation efficace pour d\u00e9crocher un poste d&rsquo;aide-soignant(e). Je souhaite devenir aide-soignant(e), comment r\u00e9diger ma lettre [&hellip;]<\/p>\n","protected":false},"author":7,"featured_media":28265,"comment_status":"open","ping_status":"open","sticky":false,"template":"","format":"standard","meta":{"amp_status":"","footnotes":""},"categories":[10282,5081,5380],"tags":[],"class_list":["post-28249","post","type-post","status-publish","format-standard","has-post-thumbnail","hentry","category-lettre-de-motivation-reconversion-professionnelle","category-reconversion-professionnelle","category-reussir-sa-reconversion-professionnelle"],"yoast_head":"<!-- This site is optimized with the Yoast SEO plugin v14.9 - https:\/\/yoast.com\/wordpress\/plugins\/seo\/ -->\n<title>Lettre de motivation reconversion professionnelle m\u00e9tier d&#039;aide-soignant<\/title>\n<meta name=\"description\" content=\"Pour votre projet de reconversion professionnelle en tant qu&#039;aide-soignant(e), vous devez \u00e9crire une lettre de motivation. On vous explique.\" \/>\n<meta name=\"robots\" content=\"index, follow, max-snippet:-1, max-image-preview:large, max-video-preview:-1\" \/>\n<link rel=\"canonical\" href=\"https:\/\/www.mes-allocs.fr\/guides\/reconversion-professionnelle\/reussir-sa-reconversion-professionnelle\/lettre-de-motivation-reconversion-professionnelle\/lettre-motivation-reconversion-professionnelle-aide-soignante\/\" \/>\n<meta property=\"og:locale\" content=\"fr_FR\" \/>\n<meta property=\"og:type\" content=\"article\" \/>\n<meta property=\"og:title\" content=\"Lettre de motivation reconversion professionnelle m\u00e9tier d&#039;aide-soignant\" \/>\n<meta property=\"og:description\" content=\"Pour votre projet de reconversion professionnelle en tant qu&#039;aide-soignant(e), vous devez \u00e9crire une lettre de motivation. On vous explique.\" \/>\n<meta property=\"og:url\" content=\"https:\/\/www.mes-allocs.fr\/guides\/reconversion-professionnelle\/reussir-sa-reconversion-professionnelle\/lettre-de-motivation-reconversion-professionnelle\/lettre-motivation-reconversion-professionnelle-aide-soignante\/\" \/>\n<meta property=\"og:site_name\" content=\"Mes-Allocs.fr\" \/>\n<meta property=\"article:published_time\" content=\"2021-05-31T13:58:42+00:00\" \/>\n<meta property=\"article:modified_time\" content=\"2026-03-04T14:40:59+00:00\" \/>\n<meta property=\"og:image\" content=\"https:\/\/www.mes-allocs.fr\/guides\/wp-content\/uploads\/2021\/05\/pexels-ketut-subiyanto-4474045.jpg?wsr\" \/>\n\t<meta property=\"og:image:width\" content=\"1280\" \/>\n\t<meta property=\"og:image:height\" content=\"853\" \/>\n<meta name=\"twitter:card\" content=\"summary_large_image\" \/>\n<script type=\"application\/ld+json\" class=\"yoast-schema-graph\">{\"@context\":\"https:\/\/schema.org\",\"@graph\":[{\"@type\":\"WebSite\",\"@id\":\"https:\/\/www.mes-allocs.fr\/guides\/#website\",\"url\":\"https:\/\/www.mes-allocs.fr\/guides\/\",\"name\":\"Mes-Allocs.fr\",\"description\":\"\",\"potentialAction\":[{\"@type\":\"SearchAction\",\"target\":\"https:\/\/www.mes-allocs.fr\/guides\/?s={search_term_string}\",\"query-input\":\"required name=search_term_string\"}],\"inLanguage\":\"fr-FR\"},{\"@type\":\"ImageObject\",\"@id\":\"https:\/\/www.mes-allocs.fr\/guides\/reconversion-professionnelle\/reussir-sa-reconversion-professionnelle\/lettre-de-motivation-reconversion-professionnelle\/lettre-motivation-reconversion-professionnelle-aide-soignante\/#primaryimage\",\"inLanguage\":\"fr-FR\",\"url\":\"https:\/\/www.mes-allocs.fr\/guides\/wp-content\/uploads\/2021\/05\/pexels-ketut-subiyanto-4474045.jpg?wsr\",\"width\":1280,\"height\":853,\"caption\":\"lettre de motivation reconversion professionnelle aide soignante\"},{\"@type\":\"WebPage\",\"@id\":\"https:\/\/www.mes-allocs.fr\/guides\/reconversion-professionnelle\/reussir-sa-reconversion-professionnelle\/lettre-de-motivation-reconversion-professionnelle\/lettre-motivation-reconversion-professionnelle-aide-soignante\/#webpage\",\"url\":\"https:\/\/www.mes-allocs.fr\/guides\/reconversion-professionnelle\/reussir-sa-reconversion-professionnelle\/lettre-de-motivation-reconversion-professionnelle\/lettre-motivation-reconversion-professionnelle-aide-soignante\/\",\"name\":\"Lettre de motivation reconversion professionnelle m\\u00e9tier d'aide-soignant\",\"isPartOf\":{\"@id\":\"https:\/\/www.mes-allocs.fr\/guides\/#website\"},\"primaryImageOfPage\":{\"@id\":\"https:\/\/www.mes-allocs.fr\/guides\/reconversion-professionnelle\/reussir-sa-reconversion-professionnelle\/lettre-de-motivation-reconversion-professionnelle\/lettre-motivation-reconversion-professionnelle-aide-soignante\/#primaryimage\"},\"datePublished\":\"2021-05-31T13:58:42+00:00\",\"dateModified\":\"2026-03-04T14:40:59+00:00\",\"author\":{\"@id\":\"https:\/\/www.mes-allocs.fr\/guides\/#\/schema\/person\/1c4837d5703727cb02ce84583b5a44aa\"},\"description\":\"Pour votre projet de reconversion professionnelle en tant qu'aide-soignant(e), vous devez \\u00e9crire une lettre de motivation. On vous explique.\",\"inLanguage\":\"fr-FR\"},{\"@type\":\"Person\",\"@id\":\"https:\/\/www.mes-allocs.fr\/guides\/#\/schema\/person\/1c4837d5703727cb02ce84583b5a44aa\",\"name\":\"Fabiola\",\"image\":{\"@type\":\"ImageObject\",\"@id\":\"https:\/\/www.mes-allocs.fr\/guides\/#personlogo\",\"inLanguage\":\"fr-FR\",\"url\":\"https:\/\/www.mes-allocs.fr\/guides\/wp-content\/uploads\/2021\/06\/fabiola-150x150.png\",\"caption\":\"Fabiola\"},\"description\":\"Fabiola est r\\u00e9dactrice au sein de l'\\u00e9quipe Mes Allocs, sp\\u00e9cialis\\u00e9e en sciences politiques et affaires publiques. Dipl\\u00f4m\\u00e9e de l'HEIP, elle rejoint Mes Allocs apr\\u00e8s une premi\\u00e8re exp\\u00e9rience \\u00e0 l'Assembl\\u00e9e Nationale.\",\"sameAs\":[\"https:\/\/www.linkedin.com\/in\/cecilia-philippe-b-8a8085195\"]}]}<\/script>\n<!-- \/ Yoast SEO plugin. -->","amp_validity":null,"acf":{"faq":{"1":{"question":"Qu'est ce qu'une aide soignante ?","answer":"L'aide-soignante appartient au secteur de la sant\u00e9. Elle exerce majoritairement en h\u00f4pital. Son r\u00f4le consiste \u00e0 prendre soin des personnes malades en leur assurant des soins d'hygi\u00e8ne et de confort.\r\n<br> <a href=\"https:\/\/www.mes-allocs.fr\/guides\/reconversion-professionnelle\/formation-professionnelle\/formation-metiers\/formation-aide-soignante\/\">Lire la suite<\/a>\r\n"},"2":{"question":" Qu'est-ce qu'une reconversion professionnelle ?","answer":"Une reconversion professionnelle est un changement de carri\u00e8re. Ce changement intervient g\u00e9n\u00e9ralement lorsqu'on souhaite exercer un m\u00e9tier plus en phase avec ses aspirations.\r\n<br> <a href=\"https:\/\/www.mes-allocs.fr\/guides\/reconversion-professionnelle\/\">Lire la suite<\/a>\r\n\r\n"},"3":{"question":"Qu'est-ce qu'un bilan de comp\u00e9tences ? ","answer":"Le bilan de comp\u00e9tences permet de faire un point sur sa carri\u00e8re professionnelle, dans le cadre d\u2019une \u00e9volution professionnelle, d\u2019une reconversion ou encore d\u2019une validation des acquis."},"4":{"question":"Pourquoi faire une r\u00e9orientation ?","answer":"Une r\u00e9orientation professionnelle peut intervenir pour plusieurs raisons. C'est le cas par exemple, lorsqu'une personne souhaite apprendre dans un autre secteur d'activit\u00e9 ou qu'elle s'ennuie dans son travail. \r\n"},"5":{"question":"Comment savoir se r\u00e9orienter ?","answer":"Afin de savoir vers o\u00f9 vous orientez, nous vous invitons \u00e0 faire un bilan de comp\u00e9tences afin de conna\u00eetre vos atouts ainsi que vos aptitudes."},"6":{"question":"","answer":""},"7":{"question":"","answer":""},"8":{"question":"","answer":""},"9":{"question":"","answer":""},"10":{"question":"","answer":""},"11":{"question":"","answer":""},"12":{"question":"","answer":""},"13":{"question":"","answer":""},"14":{"question":"","answer":""},"15":{"question":"","answer":""},"16":{"question":"","answer":""}}},"_links":{"self":[{"href":"https:\/\/www.mes-allocs.fr\/guides\/wp-json\/wp\/v2\/posts\/28249","targetHints":{"allow":["GET"]}}],"collection":[{"href":"https:\/\/www.mes-allocs.fr\/guides\/wp-json\/wp\/v2\/posts"}],"about":[{"href":"https:\/\/www.mes-allocs.fr\/guides\/wp-json\/wp\/v2\/types\/post"}],"author":[{"embeddable":true,"href":"https:\/\/www.mes-allocs.fr\/guides\/wp-json\/wp\/v2\/users\/7"}],"replies":[{"embeddable":true,"href":"https:\/\/www.mes-allocs.fr\/guides\/wp-json\/wp\/v2\/comments?post=28249"}],"version-history":[{"count":18,"href":"https:\/\/www.mes-allocs.fr\/guides\/wp-json\/wp\/v2\/posts\/28249\/revisions"}],"predecessor-version":[{"id":110077,"href":"https:\/\/www.mes-allocs.fr\/guides\/wp-json\/wp\/v2\/posts\/28249\/revisions\/110077"}],"wp:featuredmedia":[{"embeddable":true,"href":"https:\/\/www.mes-allocs.fr\/guides\/wp-json\/wp\/v2\/media\/28265"}],"wp:attachment":[{"href":"https:\/\/www.mes-allocs.fr\/guides\/wp-json\/wp\/v2\/media?parent=28249"}],"wp:term":[{"taxonomy":"category","embeddable":true,"href":"https:\/\/www.mes-allocs.fr\/guides\/wp-json\/wp\/v2\/categories?post=28249"},{"taxonomy":"post_tag","embeddable":true,"href":"https:\/\/www.mes-allocs.fr\/guides\/wp-json\/wp\/v2\/tags?post=28249"}],"curies":[{"name":"wp","href":"https:\/\/api.w.org\/{rel}","templated":true}]}}