{"id":28030,"date":"2021-05-28T14:30:42","date_gmt":"2021-05-28T14:30:42","guid":{"rendered":"https:\/\/www.mes-allocs.fr\/guides\/?p=28030"},"modified":"2026-03-04T18:23:55","modified_gmt":"2026-03-04T17:23:55","slug":"formation-continue","status":"publish","type":"post","link":"https:\/\/www.mes-allocs.fr\/guides\/reconversion-professionnelle\/types-formation-professionnelle\/formation-continue\/","title":{"rendered":"La formation continue dans la reconversion professionnelle"},"content":{"rendered":"<p><img loading=\"lazy\" decoding=\"async\" class=\"alignnone wp-image-27994 size-large\" title=\"Formation continue\" src=\"https:\/\/www.mes-allocs.fr\/guides\/wp-content\/uploads\/2021\/05\/pexels-artem-podrez-4492129-e1622059734835-1024x353.jpg\" alt=\"Formation continue\" width=\"1024\" height=\"353\" srcset=\"https:\/\/www.mes-allocs.fr\/guides\/wp-content\/uploads\/2021\/05\/pexels-artem-podrez-4492129-e1622059734835-1024x353.jpg 1024w, https:\/\/www.mes-allocs.fr\/guides\/wp-content\/uploads\/2021\/05\/pexels-artem-podrez-4492129-e1622059734835-300x103.jpg 300w, https:\/\/www.mes-allocs.fr\/guides\/wp-content\/uploads\/2021\/05\/pexels-artem-podrez-4492129-e1622059734835-768x265.jpg 768w, https:\/\/www.mes-allocs.fr\/guides\/wp-content\/uploads\/2021\/05\/pexels-artem-podrez-4492129-e1622059734835-600x207.jpg 600w, https:\/\/www.mes-allocs.fr\/guides\/wp-content\/uploads\/2021\/05\/pexels-artem-podrez-4492129-e1622059734835.jpg 1280w\" sizes=\"auto, (max-width: 1024px) 100vw, 1024px\" \/><\/p>\n<p style=\"text-align: justify;\">[Mis \u00e0 jour le 04\/03\/2026] La formation continue vous permet d&rsquo;acqu\u00e9rir des savoirs et des savoir-faire n\u00e9cessaires \u00e0 l&rsquo;exercice d&rsquo;un m\u00e9tier ou d&rsquo;une activit\u00e9 professionnelle. Dans le cadre d&rsquo;une <a href=\"https:\/\/www.mes-allocs.fr\/guides\/reconversion-professionnelle\/\">reconversion professionnelle<\/a>, elle peut \u00eatre un v\u00e9ritable tremplin. Mais alors, qu&rsquo;est-ce que la <strong>formation continue<\/strong>, \u00e0 qui s&rsquo;adresse t-elle et comment en b\u00e9n\u00e9ficier ? R\u00e9ponse maintenant.<\/p>\n<div class='cta-block'><div class='text'>Coaching \u00e0 distance pay\u00e9 par vos aides formation.<\/div><a href='https:\/\/www.formademia.fr\/formulaire\/coaching' class='app-button fit'>V\u00e9rifier votre \u00e9ligibilit\u00e9<\/a><\/div>\n<h1 id=\"menu-1\">Qu\u2019est-ce que la formation continue ?<\/h1>\n<p>Il existe <a href=\"https:\/\/www.mes-allocs.fr\/guides\/reconversion-professionnelle\/types-formation-professionnelle\/\">plusieurs types de formation professionnelle<\/a>. Mais la formation continue est un droit individuel inscrit dans la loi du 4 mai 2004, renforc\u00e9 par la loi du 24 novembre 2009 puis par la loi Travail du 8 ao\u00fbt 2016, qui permet de se former tout le long de sa vie afin d&rsquo;acqu\u00e9rir de nouvelles comp\u00e9tences.<\/p>\n<p>Les salari\u00e9s se forment dans le cadre par exemple :<\/p>\n<ul>\n<li>du Plan de D\u00e9veloppement des Comp\u00e9tences<\/li>\n<li>du Compte personnel de formation (CPF),<\/li>\n<li>de la validation des acquis de l\u2019exp\u00e9rience (VAE)<\/li>\n<\/ul>\n<p>Dans le cadre d&rsquo;une reconversion professionnelle, la formation continue vous permet de vous adapter au march\u00e9 du travail.<\/p>\n<h2 id=\"menu-3\">\u00c0 qui s\u2019adresse une formation continue ?<\/h2>\n<p>La formation continue s\u2019adresse \u00e0 toute personne active qui souhaite reprendre ses \u00e9tudes, compl\u00e9ter une formation d\u00e9j\u00e0 pass\u00e9e ou acqu\u00e9rir de nouvelles comp\u00e9tences.<\/p>\n<p>Les demandeurs d\u2019emploi disposent des formations financ\u00e9es par la R\u00e9gion, l\u2019Etat, France Travail, les Conseils g\u00e9n\u00e9raux et les municipalit\u00e9s. Ils peuvent \u00eatre form\u00e9s dans le cadre d\u2019un contrat de travail particulier incluant une formation. Les jeunes de 16 \u00e0 30 ans r\u00e9volus b\u00e9n\u00e9ficient de formations financ\u00e9es par la R\u00e9gion ou dans le cadre du contrat de professionnalisation.<\/p>\n<p><iframe loading=\"lazy\" title=\"La reconversion professionnelle\" width=\"500\" height=\"281\" src=\"https:\/\/www.youtube.com\/embed\/EiVUthswxl0?feature=oembed\" frameborder=\"0\" allow=\"accelerometer; autoplay; clipboard-write; encrypted-media; gyroscope; picture-in-picture; web-share\" referrerpolicy=\"strict-origin-when-cross-origin\" allowfullscreen><\/iframe><\/p>\n<h2 id=\"menu-4\">Quelles formations sont accessibles en formation continue ?<\/h2>\n<p>Il existe une multitude de programmes permettant de ma\u00eetriser de nouvelles qualifications professionnelles mais aussi apprendre un m\u00e9tier :<\/p>\n<ul>\n<li>BP &#8211; Brevet professionnel<\/li>\n<li>Bac pro<\/li>\n<li>CAP &#8211; Certificat d\u2019Aptitude Professionnelle<\/li>\n<li>BEP &#8211; Brevet d\u2019Etudes Professionnelles<\/li>\n<li>Bachelor.<\/li>\n<\/ul>\n<h1 id=\"menu-6\">La formation continue \u00e0 l&rsquo;initiative de l\u2019employeur<\/h1>\n<p>Dans le cadre de sa politique Ressource Humaine et de la Gestion pr\u00e9visionnelle des emplois et des comp\u00e9tences (GPEC), les employeurs disposent d&rsquo;outils pour former leurs salari\u00e9s.<\/p>\n<h2>L\u2019entretien professionnel<\/h2>\n<p>Depuis le 7 mars 2014, un entretien professionnel entre le salari\u00e9 et son employeur est obligatoire tous les deux ans afin d\u2019envisager des perspectives d\u2019\u00e9volution professionnelle et les formations n\u00e9cessaires.<\/p>\n<p>Cet entretien est \u00e9galement propos\u00e9 apr\u00e8s un cong\u00e9 parental, un cong\u00e9 maternit\u00e9, un cong\u00e9 d&rsquo;adoption, un cong\u00e9 de proche aidant, un cong\u00e9 sabbatique, une p\u00e9riode de mobilit\u00e9 volontaire, une p\u00e9riode d\u2019activit\u00e9 partielle ou encore un arr\u00eat longue maladie.<\/p>\n<p>La loi Travail pr\u00e9cise que l&rsquo;entretien professionnel \u00a0:<\/p>\n<ul>\n<li>doit comporter des informations sur la VAE;<\/li>\n<li>doit comporter des informations sur l&rsquo;activation du compte personnel de formation (CPF) ;<\/li>\n<li>doit comporter des informations sur les possibilit\u00e9s d&rsquo;abondement du CPF par l&#8217;employeur ;<\/li>\n<li>doit comporter des informations sur le conseil en \u00e9volution professionnelle (CEP).<\/li>\n<\/ul>\n<p>\u00c0 l\u2019issue de cet entretien, un compte-rendu est r\u00e9dig\u00e9 et une copie doit \u00eatre remise au salari\u00e9.<\/p>\n<h2>Le bilan d&rsquo;\u00e9tape<\/h2>\n<p>Introduit par la loi sur la formation de 2014, ce bilan est obligatoire tous les 6 ans pour v\u00e9rifier que le salari\u00e9 :<\/p>\n<ul>\n<li>a suivi une action de formation ;<\/li>\n<li>a b\u00e9n\u00e9fici\u00e9 d&rsquo;une progression salariale ou professionnelle ;<\/li>\n<li>a acquis des \u00e9l\u00e9ments de certifications, par la formation ou par une VAE.<\/li>\n<\/ul>\n<h2>Le plan de d\u00e9veloppement des comp\u00e9tences<\/h2>\n<p>La loi incite tant que faire se peut les employeurs \u00e0 mettre en place un\u00a0Plan de D\u00e9veloppement des Comp\u00e9tences.<\/p>\n<p>L\u2019\u00e9laboration d\u2019un plan de d\u00e9veloppement des comp\u00e9tences peut concerner toutes les entreprises quelle que soit leur taille et rel\u00e8ve de la d\u00e9cision pleine et enti\u00e8re de l\u2019employeur, apr\u00e8s consultation des repr\u00e9sentants du personnel.<\/p>\n<p>Ce document rassemble l&rsquo;ensemble des actions de formation retenues par l&#8217;employeur pour ses salari\u00e9s et distingue 2 types d&rsquo;actions de formation :<\/p>\n<ul>\n<li>les actions de formation obligatoires, en application d&rsquo;accords ou conventions collectives,<\/li>\n<li>et les autres actions de formation, dites non obligatoires.<\/li>\n<\/ul>\n<p>Ce plan peut \u00e9galement pr\u00e9voir d&rsquo;autres actions telles que :<\/p>\n<ul>\n<li>validation des acquis de l&rsquo;exp\u00e9rience (VAE)<\/li>\n<li>ou remise \u00e0 niveau.<\/li>\n<\/ul>\n<h1 id=\"menu-7\">La formation continue \u00e0 l&rsquo;initiative du salari\u00e9<\/h1>\n<p>Les salari\u00e9s disposent de diff\u00e9rents outils d\u2019acc\u00e8s \u00e0 la formation continue.<\/p>\n<h2>Le Compte personnel de formation (CPF)<\/h2>\n<p>Le\u00a0CPF\u00a0est un compte qui permet aussi bien au salari\u00e9 en poste qu\u2019au demandeur d\u2019emploi, ou encore au travailleur ind\u00e9pendant d&rsquo;acqu\u00e9rir un certain montant en euros destin\u00e9 \u00e0 prendre en charge en tout ou partie des d\u00e9penses occasionn\u00e9es par l&rsquo;inscription \u00e0 certaines formations. Il a pour ambition de contribuer au maintien de l\u2019employabilit\u00e9 et \u00e0 la s\u00e9curisation du parcours professionnel.<\/p>\n<h2>Le Projet de transition professionnelle (PTP)<\/h2>\n<p>Le Projet de transition professionnelle (PTP) permet \u00e0 un salari\u00e9 de quitter temporairement son poste pour suivre une formation afin de changer de m\u00e9tier ou de profession. Il est accessible sous certaines conditions et n\u00e9cessite une demande aupr\u00e8s de l\u2019employeur. Pendant la formation, le salari\u00e9 continue d\u2019\u00eatre r\u00e9mun\u00e9r\u00e9.<\/p>\n<h2>La validation des acquis de l&rsquo;exp\u00e9rience<\/h2>\n<p>La\u00a0validation des acquis de l&rsquo;exp\u00e9rience\u00a0est une d\u00e9marche individuelle volontaire du candidat. Elle ne peut \u00eatre impos\u00e9e ni par l\u2019entreprise, ni par un organisme conseil et ne peut pas \u00eatre compar\u00e9e \u00e0 une quelconque formation ou un examen. La VAE consiste \u00e0 faire reconna\u00eetre ses comp\u00e9tences et ses connaissances th\u00e9oriques pour les convertir en un dipl\u00f4me \u00e9quivalent.<\/p>\n<h2>Le bilan de comp\u00e9tences<\/h2>\n<p>Ce\u00a0bilan\u00a0est un dispositif individuel d\u2019accompagnement qui rel\u00e8ve de la formation continue. Il a pour mission de faire le point sur son parcours et sa personnalit\u00e9 afin de d\u00e9finir un projet professionnel, que ce soit pour changer de m\u00e9tier, un projet de formation, d\u2019\u00e9volution professionnelle ou de recherche d\u2019emploi.<\/p>\n<p><strong>\u00c0 noter<\/strong> : certains dispositifs vous ouvrent les portes \u00e0 des <a href=\"https:\/\/www.mes-allocs.fr\/guides\/reconversion-professionnelle\/formation-professionnelle\/formation-gratuite\/\">formations gratuites<\/a>. Renseignez-vous !<\/p>\n<div class='cta-block'><div class='text'>Coaching \u00e0 distance pay\u00e9 par vos aides formation.<\/div><a href='https:\/\/www.formademia.fr\/formulaire\/coaching' class='app-button fit'>V\u00e9rifier votre \u00e9ligibilit\u00e9<\/a><\/div>\n","protected":false},"excerpt":{"rendered":"<p>[Mis \u00e0 jour le 04\/03\/2026] La formation continue vous permet d&rsquo;acqu\u00e9rir des savoirs et des savoir-faire n\u00e9cessaires \u00e0 l&rsquo;exercice d&rsquo;un m\u00e9tier ou d&rsquo;une activit\u00e9 professionnelle. Dans le cadre d&rsquo;une reconversion professionnelle, elle peut \u00eatre un v\u00e9ritable tremplin. Mais alors, qu&rsquo;est-ce que la formation continue, \u00e0 qui s&rsquo;adresse t-elle et comment en b\u00e9n\u00e9ficier ? R\u00e9ponse maintenant. [&hellip;]<\/p>\n","protected":false},"author":7,"featured_media":26833,"comment_status":"open","ping_status":"open","sticky":false,"template":"","format":"standard","meta":{"amp_status":"","footnotes":""},"categories":[5081,10039],"tags":[],"class_list":["post-28030","post","type-post","status-publish","format-standard","has-post-thumbnail","hentry","category-reconversion-professionnelle","category-types-formation-professionnelle"],"yoast_head":"<!-- This site is optimized with the Yoast SEO plugin v14.9 - https:\/\/yoast.com\/wordpress\/plugins\/seo\/ -->\n<title>La formation continue dans la reconversion professionnelle | Mes-Allocs.fr<\/title>\n<meta name=\"description\" content=\"Dans le cadre d&#039;une reconversion professionnelle, vous pouvez d\u00e9velopper des comp\u00e9tences et un savoir faire gr\u00e2ce \u00e0 une formation continue.\" \/>\n<meta name=\"robots\" content=\"index, follow, max-snippet:-1, max-image-preview:large, max-video-preview:-1\" \/>\n<link rel=\"canonical\" href=\"https:\/\/www.mes-allocs.fr\/guides\/reconversion-professionnelle\/types-formation-professionnelle\/formation-continue\/\" \/>\n<meta property=\"og:locale\" content=\"fr_FR\" \/>\n<meta property=\"og:type\" content=\"article\" \/>\n<meta property=\"og:title\" content=\"La formation continue dans la reconversion professionnelle | Mes-Allocs.fr\" \/>\n<meta property=\"og:description\" content=\"Dans le cadre d&#039;une reconversion professionnelle, vous pouvez d\u00e9velopper des comp\u00e9tences et un savoir faire gr\u00e2ce \u00e0 une formation continue.\" \/>\n<meta property=\"og:url\" content=\"https:\/\/www.mes-allocs.fr\/guides\/reconversion-professionnelle\/types-formation-professionnelle\/formation-continue\/\" \/>\n<meta property=\"og:site_name\" content=\"Mes-Allocs.fr\" \/>\n<meta property=\"article:published_time\" content=\"2021-05-28T14:30:42+00:00\" \/>\n<meta property=\"article:modified_time\" content=\"2026-03-04T17:23:55+00:00\" \/>\n<meta property=\"og:image\" content=\"https:\/\/www.mes-allocs.fr\/guides\/wp-content\/uploads\/2021\/05\/ordi-.jpeg?wsr\" \/>\n\t<meta property=\"og:image:width\" content=\"1125\" \/>\n\t<meta property=\"og:image:height\" content=\"750\" \/>\n<meta name=\"twitter:card\" content=\"summary_large_image\" \/>\n<script type=\"application\/ld+json\" class=\"yoast-schema-graph\">{\"@context\":\"https:\/\/schema.org\",\"@graph\":[{\"@type\":\"WebSite\",\"@id\":\"https:\/\/www.mes-allocs.fr\/guides\/#website\",\"url\":\"https:\/\/www.mes-allocs.fr\/guides\/\",\"name\":\"Mes-Allocs.fr\",\"description\":\"\",\"potentialAction\":[{\"@type\":\"SearchAction\",\"target\":\"https:\/\/www.mes-allocs.fr\/guides\/?s={search_term_string}\",\"query-input\":\"required name=search_term_string\"}],\"inLanguage\":\"fr-FR\"},{\"@type\":\"ImageObject\",\"@id\":\"https:\/\/www.mes-allocs.fr\/guides\/reconversion-professionnelle\/types-formation-professionnelle\/formation-continue\/#primaryimage\",\"inLanguage\":\"fr-FR\",\"url\":\"https:\/\/www.mes-allocs.fr\/guides\/wp-content\/uploads\/2021\/05\/ordi-.jpeg?wsr\",\"width\":1125,\"height\":750,\"caption\":\"Formation continue\"},{\"@type\":\"WebPage\",\"@id\":\"https:\/\/www.mes-allocs.fr\/guides\/reconversion-professionnelle\/types-formation-professionnelle\/formation-continue\/#webpage\",\"url\":\"https:\/\/www.mes-allocs.fr\/guides\/reconversion-professionnelle\/types-formation-professionnelle\/formation-continue\/\",\"name\":\"La formation continue dans la reconversion professionnelle | Mes-Allocs.fr\",\"isPartOf\":{\"@id\":\"https:\/\/www.mes-allocs.fr\/guides\/#website\"},\"primaryImageOfPage\":{\"@id\":\"https:\/\/www.mes-allocs.fr\/guides\/reconversion-professionnelle\/types-formation-professionnelle\/formation-continue\/#primaryimage\"},\"datePublished\":\"2021-05-28T14:30:42+00:00\",\"dateModified\":\"2026-03-04T17:23:55+00:00\",\"author\":{\"@id\":\"https:\/\/www.mes-allocs.fr\/guides\/#\/schema\/person\/1c4837d5703727cb02ce84583b5a44aa\"},\"description\":\"Dans le cadre d'une reconversion professionnelle, vous pouvez d\\u00e9velopper des comp\\u00e9tences et un savoir faire gr\\u00e2ce \\u00e0 une formation continue.\",\"inLanguage\":\"fr-FR\"},{\"@type\":\"Person\",\"@id\":\"https:\/\/www.mes-allocs.fr\/guides\/#\/schema\/person\/1c4837d5703727cb02ce84583b5a44aa\",\"name\":\"Fabiola\",\"image\":{\"@type\":\"ImageObject\",\"@id\":\"https:\/\/www.mes-allocs.fr\/guides\/#personlogo\",\"inLanguage\":\"fr-FR\",\"url\":\"https:\/\/www.mes-allocs.fr\/guides\/wp-content\/uploads\/2021\/06\/fabiola-150x150.png\",\"caption\":\"Fabiola\"},\"description\":\"Fabiola est r\\u00e9dactrice au sein de l'\\u00e9quipe Mes Allocs, sp\\u00e9cialis\\u00e9e en sciences politiques et affaires publiques. Dipl\\u00f4m\\u00e9e de l'HEIP, elle rejoint Mes Allocs apr\\u00e8s une premi\\u00e8re exp\\u00e9rience \\u00e0 l'Assembl\\u00e9e Nationale.\",\"sameAs\":[\"https:\/\/www.linkedin.com\/in\/cecilia-philippe-b-8a8085195\"]}]}<\/script>\n<!-- \/ Yoast SEO plugin. -->","amp_validity":null,"acf":{"faq":{"1":{"question":"Qu'est-ce qu'une formation continue ?","answer":"La formation continue est un processus d'apprentissage qui permet \u00e0 un individu d'acqu\u00e9rir des savoirs et savoir-faire."},"2":{"question":"Qui est concern\u00e9 par la formation continue ?","answer":"La formation professionnelle continue concerne les adultes qui ont quitt\u00e9 la formation initiale et souhaitent acqu\u00e9rir de nouvelles comp\u00e9tences ou connaissances. Plus pr\u00e9cis\u00e9ment, elle concerne les demandeurs d'emploi, les salari\u00e9s de la fonction publique, et surtout les salari\u00e9s du priv\u00e9."},"3":{"question":"Pourquoi faire de la formation continue ?","answer":"La formation continue permet aux salari\u00e9s de d\u00e9velopper leurs comp\u00e9tences et d'\u00e9voluer professionnellement."},"4":{"question":"Quelles sont les autres types de formation professionnelle ?","answer":"Il existe plusieurs autres types de formation : \r\n-Formation initiale\r\n-Formation \u00e0 distance\r\n-Formation professionnelle\r\n-Formation pour adulte\r\n-Formation en pr\u00e9sentiel\r\n-Formation en alternance\r\n-etc."},"5":{"question":"Qu'est-ce que la formation \u00e0 distance ? ","answer":"C\u2019est une forme d\u2019enseignement qui ne comporte pas la pr\u00e9sence physique d\u2019un professeur et qui ne s\u2019effectue pas dans le cadre d\u2019un \u00e9tablissement scolaire.\r\n<br> <a href=\"https:\/\/www.mes-allocs.fr\/guides\/reconversion-professionnelle\/formation-professionnelle\/types-formation\/formation-a-distance\/\">Lire la suite<\/a>"},"6":{"question":" Qu'est-ce qu'une formation en ligne ?","answer":"La formation en ligne est une forme d\u2019enseignement qui ne comporte pas la pr\u00e9sence physique d\u2019un professeur et qui ne s\u2019effectue pas dans le cadre d\u2019un \u00e9tablissement scolaire.\r\n<br> <a href=\"https:\/\/www.mes-allocs.fr\/guides\/reconversion-professionnelle\/formation-professionnelle\/types-formation\/formation-en-ligne\/\">Lire la suite<\/a>"},"7":{"question":"","answer":""},"8":{"question":"","answer":""},"9":{"question":"","answer":""},"10":{"question":"","answer":""},"11":{"question":"","answer":""},"12":{"question":"","answer":""},"13":{"question":"","answer":""},"14":{"question":"","answer":""},"15":{"question":"","answer":""},"16":{"question":"","answer":""}}},"_links":{"self":[{"href":"https:\/\/www.mes-allocs.fr\/guides\/wp-json\/wp\/v2\/posts\/28030","targetHints":{"allow":["GET"]}}],"collection":[{"href":"https:\/\/www.mes-allocs.fr\/guides\/wp-json\/wp\/v2\/posts"}],"about":[{"href":"https:\/\/www.mes-allocs.fr\/guides\/wp-json\/wp\/v2\/types\/post"}],"author":[{"embeddable":true,"href":"https:\/\/www.mes-allocs.fr\/guides\/wp-json\/wp\/v2\/users\/7"}],"replies":[{"embeddable":true,"href":"https:\/\/www.mes-allocs.fr\/guides\/wp-json\/wp\/v2\/comments?post=28030"}],"version-history":[{"count":15,"href":"https:\/\/www.mes-allocs.fr\/guides\/wp-json\/wp\/v2\/posts\/28030\/revisions"}],"predecessor-version":[{"id":110164,"href":"https:\/\/www.mes-allocs.fr\/guides\/wp-json\/wp\/v2\/posts\/28030\/revisions\/110164"}],"wp:featuredmedia":[{"embeddable":true,"href":"https:\/\/www.mes-allocs.fr\/guides\/wp-json\/wp\/v2\/media\/26833"}],"wp:attachment":[{"href":"https:\/\/www.mes-allocs.fr\/guides\/wp-json\/wp\/v2\/media?parent=28030"}],"wp:term":[{"taxonomy":"category","embeddable":true,"href":"https:\/\/www.mes-allocs.fr\/guides\/wp-json\/wp\/v2\/categories?post=28030"},{"taxonomy":"post_tag","embeddable":true,"href":"https:\/\/www.mes-allocs.fr\/guides\/wp-json\/wp\/v2\/tags?post=28030"}],"curies":[{"name":"wp","href":"https:\/\/api.w.org\/{rel}","templated":true}]}}