{"id":28011,"date":"2021-05-28T14:32:55","date_gmt":"2021-05-28T14:32:55","guid":{"rendered":"https:\/\/www.mes-allocs.fr\/guides\/?p=28011"},"modified":"2025-07-18T16:08:10","modified_gmt":"2025-07-18T14:08:10","slug":"bilan-de-competences-cpf","status":"publish","type":"post","link":"https:\/\/www.mes-allocs.fr\/guides\/reconversion-professionnelle\/bilan-de-competences\/bilan-de-competences-cpf\/","title":{"rendered":"Comment faire un bilan de comp\u00e9tences financ\u00e9 par le CPF ?"},"content":{"rendered":"<p><img loading=\"lazy\" decoding=\"async\" class=\"alignnone wp-image-25331 size-large\" title=\"Bilan de comp\u00e9tences CPF\" src=\"https:\/\/www.mes-allocs.fr\/guides\/wp-content\/uploads\/2021\/04\/people-2557396_1280-e1622200536713-1024x330.jpg\" alt=\"Bilan de comp\u00e9tences CPF\" width=\"1024\" height=\"330\" srcset=\"https:\/\/www.mes-allocs.fr\/guides\/wp-content\/uploads\/2021\/04\/people-2557396_1280-e1622200536713-1024x330.jpg 1024w, https:\/\/www.mes-allocs.fr\/guides\/wp-content\/uploads\/2021\/04\/people-2557396_1280-e1622200536713-300x97.jpg 300w, https:\/\/www.mes-allocs.fr\/guides\/wp-content\/uploads\/2021\/04\/people-2557396_1280-e1622200536713-768x247.jpg 768w, https:\/\/www.mes-allocs.fr\/guides\/wp-content\/uploads\/2021\/04\/people-2557396_1280-e1622200536713-600x193.jpg 600w, https:\/\/www.mes-allocs.fr\/guides\/wp-content\/uploads\/2021\/04\/people-2557396_1280-e1622200536713.jpg 1280w\" sizes=\"auto, (max-width: 1024px) 100vw, 1024px\" \/><\/p>\n<p style=\"text-align: justify;\"><strong>Le bilan de comp\u00e9tences est une \u00e9tape essentielle avant d&rsquo;entamer une <a href=\"https:\/\/www.mes-allocs.fr\/guides\/reconversion-professionnelle\/\">reconversion professionnelle<\/a>. Il vous permet de faire un point sur vos comp\u00e9tences et votre avenir professionnel. Mais alors, comment faire un bilan de comp\u00e9tences financ\u00e9 par votre CPF ? On vous r\u00e9pond.<\/strong><\/p>\n<div class='cta-block'><div class='text'>Bilan de comp\u00e9tences pay\u00e9 par vos aides.<\/div><a href='https:\/\/www.formademia.fr\/formulaire\/coaching' class='app-button fit'>V\u00e9rifier votre \u00e9ligibilit\u00e9<\/a><\/div>\n<h1>Bilan de comp\u00e9tences : d\u00e9finition<\/h1>\n<p>Qu&rsquo;est-ce qu&rsquo;un <a href=\"https:\/\/www.mes-allocs.fr\/guides\/reconversion-professionnelle\/bilan-de-competences\/\">bilan de comp\u00e9tences<\/a> ? C&rsquo;est un dispositif de la formation professionnelle instaur\u00e9 par le code du travail. Faire un\u00a0bilan permet de faire un point sur votre carri\u00e8re, d&rsquo;analyser vos comp\u00e9tences professionnelles, vos aptitudes et vos motivations. Il pourra vous aider \u00e0 d\u00e9finir un projet professionnel coh\u00e9rent ou valider un projet de formation.<\/p>\n<p><iframe loading=\"lazy\" title=\"La reconversion professionnelle\" width=\"500\" height=\"281\" src=\"https:\/\/www.youtube.com\/embed\/EiVUthswxl0?feature=oembed\" frameborder=\"0\" allow=\"accelerometer; autoplay; clipboard-write; encrypted-media; gyroscope; picture-in-picture; web-share\" referrerpolicy=\"strict-origin-when-cross-origin\" allowfullscreen><\/iframe><\/p>\n<h1 id=\"Qui-peut-beneficier-d-un-bilan-de-competences\" class=\"spip\">Qui peut b\u00e9n\u00e9ficier d\u2019un bilan de comp\u00e9tences\u00a0?<\/h1>\n<p>Toute personne active, notamment\u00a0:<\/p>\n<ul class=\"spip\">\n<li>Salari\u00e9s du secteur priv\u00e9 : 5 ans d\u2019activit\u00e9 professionnelle, dont 1 ann\u00e9e dans l\u2019entreprise actuelle.<\/li>\n<li>Demandeurs d\u2019emploi\u00a0: un bilan est accessible \u00e0 partir de 3 ans d\u2019exp\u00e9rience professionnelle. Il concerne les personnes de moins de 55 ans, au ch\u00f4mage depuis plus de 6 mois.<\/li>\n<li>Salari\u00e9s du secteur public (fonctionnaires, agents non titulaires, etc.)\u00a0: textes sp\u00e9cifiques mais dans des conditions similaires aux salari\u00e9s.<\/li>\n<\/ul>\n<h1 id=\"Quels-sont-les-objectifs-du-bilan-de-competences\" class=\"spip\">Quels sont les objectifs du bilan de comp\u00e9tences\u00a0?<\/h1>\n<p>Vous pourriez vous demander quelle est l&rsquo;<a href=\"https:\/\/www.mes-allocs.fr\/guides\/reconversion-professionnelle\/bilan-de-competences\/bilan-de-competences-definition\/a-quoi-sert-un-bilan-de-competences\/\">utilit\u00e9 d&rsquo;un bilan de comp\u00e9tences<\/a>. La r\u00e9ponse est simple, il permet :<\/p>\n<ul class=\"spip\">\n<li>D\u2019analyser ses comp\u00e9tences personnelles et professionnelles, ses aptitudes et ses motivations\u00a0;<\/li>\n<li>De d\u00e9finir son projet professionnel et, le cas \u00e9ch\u00e9ant, un projet de formation\u00a0;<\/li>\n<li>D\u2019utiliser ses atouts comme un instrument de n\u00e9gociation pour un emploi, une formation ou une \u00e9volution de carri\u00e8re.<\/li>\n<\/ul>\n<h1>Comment se d\u00e9roule un bilan de comp\u00e9tences ?<\/h1>\n<div class=\"paragraphe\">\n<div class=\"paragraphe\">\n<p>La dur\u00e9e du bilan est variable en fonction de vos besoins. Elle ne peut toutefois pas aller au-del\u00e0 de 24 heures (g\u00e9n\u00e9ralement r\u00e9parties sur plusieurs semaines).<\/p>\n<p>Le bilan de comp\u00e9tences est construit en 3 \u00e9tapes (voir ci-dessous).<\/p>\n<h2>\u00c9tape pr\u00e9liminaire<\/h2>\n<p>Durant cette phase, votre conseiller vous expliquera comment fonctionne le bilan de comp\u00e9tences. Il en profitera \u00e9galement pour recueillir vos attentes et analyser vos besoins.<\/p>\n<h2>Phase d&rsquo;investigation<\/h2>\n<p>Cette phase consiste \u00e0 analyser vos motivations, identifier vos comp\u00e9tences et d\u00e9terminer vos possibilit\u00e9s d\u2019\u00e9volution professionnelle.\u00a0Vous\u00a0devrez pouvoir en d\u00e9duire quelles sont les opportunit\u00e9s professionnelles les plus en ad\u00e9quation avec votre profil.<\/p>\n<h2>Phase de conclusion du bilan<\/h2>\n<p>Cette conclusion se mat\u00e9rialise sous la forme d\u2019entretiens avec votre conseiller pour faire le point sur vos investigations. Vous d\u00e9finirez ensemble les actions \u00e0 accomplir (comme d\u2019\u00e9ventuelles formations) pour r\u00e9aliser votre projet professionnel.<\/p>\n<p>\u00c0 la fin du bilan, vous recevrez un document de synth\u00e8se accompagn\u00e9 des conclusions d\u00e9taill\u00e9es du bilan.<\/p>\n<div class='cta-block'><div class='text'>Bilan de comp\u00e9tences pay\u00e9 par vos aides.<\/div><a href='https:\/\/www.formademia.fr\/formulaire\/coaching' class='app-button fit'>V\u00e9rifier votre \u00e9ligibilit\u00e9<\/a><\/div>\n<h1 id=\"menu-8\">Comment financer votre bilan de comp\u00e9tences ?<\/h1>\n<p>Le <a href=\"https:\/\/www.mes-allocs.fr\/guides\/reconversion-professionnelle\/bilan-de-competences\/faire-un-bilan-de-competences\/tarif-dun-bilan-de-competences\/\">tarif du bilan de comp\u00e9tences<\/a> est non n\u00e9gligeable mais ce dispositif encadr\u00e9 peut \u00eatre financ\u00e9 enti\u00e8rement ou partiellement selon la situation.<\/p>\n<h2>Pour les salari\u00e9s<\/h2>\n<h3>Dans le cadre du compte personnel de formation (CPF)<\/h3>\n<p>Si vous \u00eates titulaire d&rsquo;un compte personnel de formation (CPF), vous pouvez l&rsquo;utiliser afin de financer votre bilan de comp\u00e9tences.\u00a0Ils financent ainsi directement leur bilan avec les droits en euros acquis dans le cadre de leur CPF.<\/p>\n<p>\u00c0 noter, si vous souhaitez r\u00e9aliser un bilan en dehors du temps de travail, l\u2019accord de votre employeur n\u2019est pas n\u00e9cessaire.<\/p>\n<p>Si vous r\u00e9alisez un bilan au titre du CPF sur le temps de travail, vous devez prendre un cong\u00e9 de Bilan de comp\u00e9tences. Une demande \u00e9crite doit \u00eatre adress\u00e9e \u00e0 votre employeur au minimum 60 jours avant le d\u00e9but du Bilan. La dur\u00e9e maximale de ce cong\u00e9 est de 24 heures.<br \/>\nLe cong\u00e9 de Bilan de comp\u00e9tences est ouvert :<\/p>\n<ul>\n<li>Au salari\u00e9 titulaire d\u2019un CDI justifiant de 5 ann\u00e9es de salariat (cons\u00e9cutives ou non) dont 12 mois au sein de l\u2019entreprise dans laquelle il effectue la demande ;<\/li>\n<li>Au salari\u00e9 titulaire d\u2019un CDD justifiant de 24 mois de salariat (cons\u00e9cutifs ou non) au cours des 5 derni\u00e8res ann\u00e9es dont 4 mois (cons\u00e9cutifs ou non) au cours des 12 derniers mois.<\/li>\n<\/ul>\n<h3>Dans le cadre du Plan de D\u00e9veloppement des Comp\u00e9tences<\/h3>\n<p>Si le bilan de comp\u00e9tences est r\u00e9alis\u00e9 dans le cadre de ce plan de d\u00e9veloppement des comp\u00e9tences, il est enti\u00e8rement pris en charge par l\u2019employeur et le salari\u00e9 b\u00e9n\u00e9ficie du maintien de sa r\u00e9mun\u00e9ration.<\/p>\n<h3>Dans le cadre d&rsquo;un cong\u00e9 pour bilan de comp\u00e9tences<\/h3>\n<p>Les salari\u00e9s qui ont obtenu l&rsquo;accord de leur employeur pour b\u00e9n\u00e9ficier d&rsquo;un bilan de comp\u00e9tences doivent envoyer une demande de prise en charge \u00e0 l&rsquo;organisme collecteur correspondant \u00e0 l&rsquo;entreprise (celui auquel votre employeur verse la contribution correspondante). En g\u00e9n\u00e9ral, c\u2019est le FONGECIF mais il peut s&rsquo;agir d&rsquo;un OPCA de branche dans certains cas. Cet organisme est en droit de refuser la demande.<\/p>\n<h2>Pour les fonctionnaires et les agents non-titulaires<\/h2>\n<p>Les salari\u00e9s peuvent demander la prise en charge \u00e0 leur administration (fonction publique d\u2019Etat et territoriale) et \u00e0 l\u2019Association nationale pour la formation du personnel hospitalier (ANFH, pour l\u2019h\u00f4pital).<\/p>\n<p>En ce qui concerne les demandeurs d&#8217;emploi,\u00a0le <a href=\"https:\/\/www.mes-allocs.fr\/guides\/reconversion-professionnelle\/bilan-de-competences\/faire-un-bilan-de-competences\/financer-un-bilan-de-competences\/\">financement du bilan de comp\u00e9tences<\/a> est \u00e0 la charge de P\u00f4le Emploi.<\/p>\n<div class='cta-block'><div class='text'>Bilan de comp\u00e9tences pay\u00e9 par vos aides.<\/div><a href='https:\/\/www.formademia.fr\/formulaire\/coaching' class='app-button fit'>V\u00e9rifier votre \u00e9ligibilit\u00e9<\/a><\/div>\n<\/div>\n<\/div>\n","protected":false},"excerpt":{"rendered":"<p>Le bilan de comp\u00e9tences est une \u00e9tape essentielle avant d&rsquo;entamer une reconversion professionnelle. Il vous permet de faire un point sur vos comp\u00e9tences et votre avenir professionnel. Mais alors, comment faire un bilan de comp\u00e9tences financ\u00e9 par votre CPF ? On vous r\u00e9pond. Bilan de comp\u00e9tences : d\u00e9finition Qu&rsquo;est-ce qu&rsquo;un bilan de comp\u00e9tences ? C&rsquo;est [&hellip;]<\/p>\n","protected":false},"author":7,"featured_media":27605,"comment_status":"open","ping_status":"open","sticky":false,"template":"","format":"standard","meta":{"amp_status":"","footnotes":""},"categories":[5093,5081],"tags":[],"class_list":["post-28011","post","type-post","status-publish","format-standard","has-post-thumbnail","hentry","category-bilan-de-competences","category-reconversion-professionnelle"],"yoast_head":"<!-- This site is optimized with the Yoast SEO plugin v14.9 - https:\/\/yoast.com\/wordpress\/plugins\/seo\/ -->\n<title>Comment faire un bilan de comp\u00e9tences financ\u00e9 par le CPF ? | Mes-Allocs.fr<\/title>\n<meta name=\"description\" content=\"Dans le cadre de votre projet de reconversion professionnelle, vous pouvez effectuer un bilan de comp\u00e9tences financ\u00e9 par votre CPF.\" \/>\n<meta name=\"robots\" content=\"index, follow, max-snippet:-1, max-image-preview:large, max-video-preview:-1\" \/>\n<link rel=\"canonical\" href=\"https:\/\/www.mes-allocs.fr\/guides\/reconversion-professionnelle\/bilan-de-competences\/bilan-de-competences-cpf\/\" \/>\n<meta property=\"og:locale\" content=\"fr_FR\" \/>\n<meta property=\"og:type\" content=\"article\" \/>\n<meta property=\"og:title\" content=\"Comment faire un bilan de comp\u00e9tences financ\u00e9 par le CPF ? | Mes-Allocs.fr\" \/>\n<meta property=\"og:description\" content=\"Dans le cadre de votre projet de reconversion professionnelle, vous pouvez effectuer un bilan de comp\u00e9tences financ\u00e9 par votre CPF.\" \/>\n<meta property=\"og:url\" content=\"https:\/\/www.mes-allocs.fr\/guides\/reconversion-professionnelle\/bilan-de-competences\/bilan-de-competences-cpf\/\" \/>\n<meta property=\"og:site_name\" content=\"Mes-Allocs.fr\" \/>\n<meta property=\"article:published_time\" content=\"2021-05-28T14:32:55+00:00\" \/>\n<meta property=\"article:modified_time\" content=\"2025-07-18T14:08:10+00:00\" \/>\n<meta property=\"og:image\" content=\"https:\/\/www.mes-allocs.fr\/guides\/wp-content\/uploads\/2021\/05\/pexels-gustavo-fring-4173348.jpg?wsr\" \/>\n\t<meta property=\"og:image:width\" content=\"1280\" \/>\n\t<meta property=\"og:image:height\" content=\"853\" \/>\n<meta name=\"twitter:card\" content=\"summary_large_image\" \/>\n<script type=\"application\/ld+json\" class=\"yoast-schema-graph\">{\"@context\":\"https:\/\/schema.org\",\"@graph\":[{\"@type\":\"WebSite\",\"@id\":\"https:\/\/www.mes-allocs.fr\/guides\/#website\",\"url\":\"https:\/\/www.mes-allocs.fr\/guides\/\",\"name\":\"Mes-Allocs.fr\",\"description\":\"\",\"potentialAction\":[{\"@type\":\"SearchAction\",\"target\":\"https:\/\/www.mes-allocs.fr\/guides\/?s={search_term_string}\",\"query-input\":\"required name=search_term_string\"}],\"inLanguage\":\"fr-FR\"},{\"@type\":\"ImageObject\",\"@id\":\"https:\/\/www.mes-allocs.fr\/guides\/reconversion-professionnelle\/bilan-de-competences\/bilan-de-competences-cpf\/#primaryimage\",\"inLanguage\":\"fr-FR\",\"url\":\"https:\/\/www.mes-allocs.fr\/guides\/wp-content\/uploads\/2021\/05\/pexels-gustavo-fring-4173348.jpg?wsr\",\"width\":1280,\"height\":853,\"caption\":\"Bilan de comp\\u00e9tences CPF\"},{\"@type\":\"WebPage\",\"@id\":\"https:\/\/www.mes-allocs.fr\/guides\/reconversion-professionnelle\/bilan-de-competences\/bilan-de-competences-cpf\/#webpage\",\"url\":\"https:\/\/www.mes-allocs.fr\/guides\/reconversion-professionnelle\/bilan-de-competences\/bilan-de-competences-cpf\/\",\"name\":\"Comment faire un bilan de comp\\u00e9tences financ\\u00e9 par le CPF ? | Mes-Allocs.fr\",\"isPartOf\":{\"@id\":\"https:\/\/www.mes-allocs.fr\/guides\/#website\"},\"primaryImageOfPage\":{\"@id\":\"https:\/\/www.mes-allocs.fr\/guides\/reconversion-professionnelle\/bilan-de-competences\/bilan-de-competences-cpf\/#primaryimage\"},\"datePublished\":\"2021-05-28T14:32:55+00:00\",\"dateModified\":\"2025-07-18T14:08:10+00:00\",\"author\":{\"@id\":\"https:\/\/www.mes-allocs.fr\/guides\/#\/schema\/person\/1c4837d5703727cb02ce84583b5a44aa\"},\"description\":\"Dans le cadre de votre projet de reconversion professionnelle, vous pouvez effectuer un bilan de comp\\u00e9tences financ\\u00e9 par votre CPF.\",\"inLanguage\":\"fr-FR\"},{\"@type\":\"Person\",\"@id\":\"https:\/\/www.mes-allocs.fr\/guides\/#\/schema\/person\/1c4837d5703727cb02ce84583b5a44aa\",\"name\":\"Fabiola\",\"image\":{\"@type\":\"ImageObject\",\"@id\":\"https:\/\/www.mes-allocs.fr\/guides\/#personlogo\",\"inLanguage\":\"fr-FR\",\"url\":\"https:\/\/www.mes-allocs.fr\/guides\/wp-content\/uploads\/2021\/06\/fabiola-150x150.png\",\"caption\":\"Fabiola\"},\"description\":\"Fabiola est r\\u00e9dactrice au sein de l'\\u00e9quipe Mes Allocs, sp\\u00e9cialis\\u00e9e en sciences politiques et affaires publiques. Dipl\\u00f4m\\u00e9e de l'HEIP, elle rejoint Mes Allocs apr\\u00e8s une premi\\u00e8re exp\\u00e9rience \\u00e0 l'Assembl\\u00e9e Nationale.\",\"sameAs\":[\"https:\/\/www.linkedin.com\/in\/cecilia-philippe-b-8a8085195\"]}]}<\/script>\n<!-- \/ Yoast SEO plugin. -->","amp_validity":null,"acf":{"faq":{"1":{"question":"Qu'est-ce que le CPF ?","answer":"Le CPF permet \u00e0 toute personne, salari\u00e9e ou demandeur d\u2019emploi, de suivre, \u00e0 son initiative, une action de formation. \r\n"},"2":{"question":"Comment utiliser son CPF pour un bilan de comp\u00e9tences ?","answer":"Pour mobiliser vos heures CPF au titre du Bilan de comp\u00e9tences, vous devez vous rendre sur votre compte CPF via le site moncompteformation.gouv.fr et cr\u00e9er un dossier de formation. \r\n\r\nLe code CPF du Bilan de comp\u00e9tences est le 202. Ce code vous permet de compl\u00e9ter votre dossier de formation en ligne."},"3":{"question":"Quelles sont les conditions pour b\u00e9n\u00e9ficier d'un CPF ?","answer":"Le CPF s'acquiert avec ses ann\u00e9es de travail aupr\u00e8s d'un employeur. D\u00e8s lors que l'on est entr\u00e9 dans la vie active, on est b\u00e9n\u00e9ficiaire du CPF. On cumule un ensemble de 24 h de formation par ann\u00e9e salari\u00e9e compl\u00e8te et \u00e0 temps plein."},"4":{"question":"Quelle est la dur\u00e9e d'un bilan de comp\u00e9tences ?","answer":"La dur\u00e9e du bilan de comp\u00e9tences est de 24 heures maximum. Ces heures se r\u00e9partissent g\u00e9n\u00e9ralement sur plusieurs semaines.\r\n"},"5":{"question":"Quand faire un bilan de comp\u00e9tences ?","answer":"Le bilan de comp\u00e9tences se fait \u00e0 votre initiative lorsque vous ressentez le besoin de faire un point dans votre carri\u00e8re. "},"6":{"question":"Comment bien choisir son centre de bilan de comp\u00e9tences ?","answer":"Pour pouvoir s'assurer du s\u00e9rieux et du professionnalisme de votre centre de bilan de comp\u00e9tences, v\u00e9rifiez bien que celui-ci est agr\u00e9e par le FONGECIF (Transitions Pro) ou par l'OPCA de votre branche."},"7":{"question":"","answer":""},"8":{"question":"","answer":""},"9":{"question":"","answer":""},"10":{"question":"","answer":""},"11":{"question":"","answer":""},"12":{"question":"","answer":""},"13":{"question":"","answer":""},"14":{"question":"","answer":""},"15":{"question":"","answer":""},"16":{"question":"","answer":""}}},"_links":{"self":[{"href":"https:\/\/www.mes-allocs.fr\/guides\/wp-json\/wp\/v2\/posts\/28011","targetHints":{"allow":["GET"]}}],"collection":[{"href":"https:\/\/www.mes-allocs.fr\/guides\/wp-json\/wp\/v2\/posts"}],"about":[{"href":"https:\/\/www.mes-allocs.fr\/guides\/wp-json\/wp\/v2\/types\/post"}],"author":[{"embeddable":true,"href":"https:\/\/www.mes-allocs.fr\/guides\/wp-json\/wp\/v2\/users\/7"}],"replies":[{"embeddable":true,"href":"https:\/\/www.mes-allocs.fr\/guides\/wp-json\/wp\/v2\/comments?post=28011"}],"version-history":[{"count":9,"href":"https:\/\/www.mes-allocs.fr\/guides\/wp-json\/wp\/v2\/posts\/28011\/revisions"}],"predecessor-version":[{"id":102691,"href":"https:\/\/www.mes-allocs.fr\/guides\/wp-json\/wp\/v2\/posts\/28011\/revisions\/102691"}],"wp:featuredmedia":[{"embeddable":true,"href":"https:\/\/www.mes-allocs.fr\/guides\/wp-json\/wp\/v2\/media\/27605"}],"wp:attachment":[{"href":"https:\/\/www.mes-allocs.fr\/guides\/wp-json\/wp\/v2\/media?parent=28011"}],"wp:term":[{"taxonomy":"category","embeddable":true,"href":"https:\/\/www.mes-allocs.fr\/guides\/wp-json\/wp\/v2\/categories?post=28011"},{"taxonomy":"post_tag","embeddable":true,"href":"https:\/\/www.mes-allocs.fr\/guides\/wp-json\/wp\/v2\/tags?post=28011"}],"curies":[{"name":"wp","href":"https:\/\/api.w.org\/{rel}","templated":true}]}}