{"id":27891,"date":"2021-05-28T14:35:57","date_gmt":"2021-05-28T14:35:57","guid":{"rendered":"https:\/\/www.mes-allocs.fr\/guides\/?p=27891"},"modified":"2026-01-08T17:15:29","modified_gmt":"2026-01-08T16:15:29","slug":"doit-on-declarer-aspa-caf","status":"publish","type":"post","link":"https:\/\/www.mes-allocs.fr\/guides\/aspa\/doit-on-declarer-aspa-caf\/","title":{"rendered":"Doit-on d\u00e9clarer l&rsquo;ASPA \u00e0 la CAF en 2026 ?"},"content":{"rendered":"<p><img loading=\"lazy\" decoding=\"async\" class=\"aligncenter wp-image-27892 size-full\" src=\"https:\/\/www.mes-allocs.fr\/guides\/wp-content\/uploads\/2021\/05\/de\u0301clarer-e1683275930562.jpeg\" alt=\"doit on d\u00e9clarer l aspa \u00e0 la caf\" width=\"1125\" height=\"112\" srcset=\"https:\/\/www.mes-allocs.fr\/guides\/wp-content\/uploads\/2021\/05\/de\u0301clarer-e1683275930562.jpeg 1125w, https:\/\/www.mes-allocs.fr\/guides\/wp-content\/uploads\/2021\/05\/de\u0301clarer-e1683275930562-300x30.jpeg 300w, https:\/\/www.mes-allocs.fr\/guides\/wp-content\/uploads\/2021\/05\/de\u0301clarer-e1683275930562-1024x102.jpeg 1024w, https:\/\/www.mes-allocs.fr\/guides\/wp-content\/uploads\/2021\/05\/de\u0301clarer-e1683275930562-768x76.jpeg 768w, https:\/\/www.mes-allocs.fr\/guides\/wp-content\/uploads\/2021\/05\/de\u0301clarer-e1683275930562-600x60.jpeg 600w\" sizes=\"auto, (max-width: 1125px) 100vw, 1125px\" \/><\/p>\n<p style=\"text-align: justify;\">[Mis \u00e0 jour le 08\/01\/2026] L&rsquo;<a href=\"https:\/\/www.mes-allocs.fr\/guides\/aspa\/\">ASPA<\/a> est une aide qui est destin\u00e9e aux personnes \u00e2g\u00e9es de plus de 65 ans. Elle doit \u00eatre d\u00e9clar\u00e9e \u00e0 la Caisse aux Allocations Familiales (CAF) dans certains cas. D\u00e9couvrez dans cet article comment <strong>d\u00e9clarer l&rsquo;ASPA aupr\u00e8s de la CAF<\/strong>.<\/p>\n<div class='cta-block'><div class='text'>Simulez vos aides en 2 min.<\/div><a href='https:\/\/www.mes-allocs.fr\/ab-app?origin=guides\/wp-json\/wp\/v2\/posts\/27891' class='app-button fit'>Simulation gratuite<\/a><\/div>\n<h1 class=\"amp-wp-7d27179\" data-amp-original-style=\"text-align: justify;\"><span id=\"Quest-ce_que_lASPA\">L&rsquo;ASPA doit-elle \u00eatre d\u00e9clar\u00e9e \u00e0 la CAF ?<\/span><\/h1>\n<p data-amp-original-style=\"text-align: justify;\"><span class=\"___SText_90cy7_gg_\" style=\"font-size: 16px; font-weight: 400; text-align: justify;\" data-ui-name=\"Tag.Text\">L&rsquo;Allocation de Solidarit\u00e9 aux Personnes Ag\u00e9es (ASPA)\u00a0<\/span><span style=\"font-size: 16px; font-weight: 400; text-align: justify;\">anciennement appel\u00e9e le minimum vieillesse, est une allocation vers\u00e9e aux personnes \u00e2g\u00e9es qui ont de faibles revenus. Comme pour toute aide sociale, il est l\u00e9gitime de se demander si l&rsquo;ASPA doit \u00eatre d\u00e9clar\u00e9e \u00e0 la Caisse aux Allocations Familiales (CAF).<\/span><\/p>\n<h2 class=\"amp-wp-7d27179\" data-amp-original-style=\"text-align: justify;\"><span id=\"Definition\">La r\u00e8gle g\u00e9n\u00e9rale<\/span><\/h2>\n<p>Il est important de d\u00e9clarer l&rsquo;ASPA \u00e0 la CAF dans certains cas. Bien que l&rsquo;ASPA soit vers\u00e9e par d&rsquo;autres organismes comme la CNSA, la CARSAT&#8230;, la CAF peut \u00eatre impliqu\u00e9e dans <strong>le processus d&rsquo;attribution<\/strong> de cette allocation. En effet, pour b\u00e9n\u00e9ficier de l&rsquo;ASPA, il est possible que vous ayez besoin de remplir un dossier de demande aupr\u00e8s de la CAF, qui est charg\u00e9e de v\u00e9rifier votre \u00e9ligibilit\u00e9 en fonction de votre situation financi\u00e8re. La CAF transmet ensuite votre dossier \u00e0 la CNSA pour que celle-ci proc\u00e8de au versement de l&rsquo;ASPA si vous remplissez les conditions requises.<\/p>\n<p>En r\u00e9sum\u00e9, il est donc important de d\u00e9clarer l&rsquo;ASPA \u00e0 la CAF pour plusieurs raisons :<\/p>\n<ul>\n<li><strong>La v\u00e9rification de votre \u00e9ligibilit\u00e9 \u00e0 l&rsquo;ASPA\u00a0<\/strong><\/li>\n<li><strong>Le calcul des droits sociaux\u00a0<\/strong><\/li>\n<li><strong>Le suivi administratif et la mise \u00e0 jour de vos informations personnelles<\/strong><\/li>\n<\/ul>\n<p>Toutefois, ce n&rsquo;est pas toujours une obligation de d\u00e9clarer l&rsquo;ASPA \u00e0 la CAF sauf dans les situations suivantes :<\/p>\n<ul>\n<li><strong>Si vous percevez d&rsquo;autres allocations ou aides sociales <\/strong>(comme le RSA, la prime d&rsquo;activit\u00e9, les allocations logement&#8230;)<\/li>\n<li><strong>Si vous subissez des changements dans votre situation personnelle ou financi\u00e8re de nature \u00e0 impacter vos droits \u00e0 l&rsquo;ASPA<\/strong><\/li>\n<li><strong>Si vous \u00eates dans une situation complexe <\/strong>(conflit avec l&rsquo;administration par exemple)<\/li>\n<\/ul>\n<h2 class=\"amp-wp-7d27179\" data-amp-original-style=\"text-align: justify;\">Le dossier de demande CAF<\/h2>\n<p>Pour constituer votre demande d&rsquo;ASPA aupr\u00e8s de la CAF, vous pouvez t\u00e9l\u00e9charger le dossier sur le site internet de la CAF. Vous remplissez le formulaire en y incluant les pi\u00e8ces justificatives demand\u00e9es. Ensuite, vous envoyez votre dossier \u00e0 votre CAF locale. Vous disposez de diff\u00e9rents moyens pour le faire :<\/p>\n<ul>\n<li><strong>Par courrier<\/strong><\/li>\n<li><strong>En agence<\/strong><\/li>\n<li><strong>En ligne<\/strong><\/li>\n<\/ul>\n<p>Si vous choisissez de d\u00e9poser votre dossier en ligne, vous pouvez suivre l&rsquo;\u00e9tat d&rsquo;avancement de votre dossier. Si vous \u00eates \u00e9ligible \u00e0 l&rsquo;ASPA, la CAF transmettra votre dossier \u00e0 la CNSA pour le versement de l&rsquo;allocation.<\/p>\n<p>Si vous avez besoin d&rsquo;\u00eatre accompagn\u00e9(e) dans vos d\u00e9marches administratives, n&rsquo;h\u00e9sitez pas <a href=\"https:\/\/www.mes-allocs.fr\/souscription\">\u00e0 faire appel \u00e0 un de nos experts<\/a>.<\/p>\n<h2>Que se passe-t-il si l&rsquo;ASPA n&rsquo;est pas d\u00e9clar\u00e9e \u00e0 la CAF ?<\/h2>\n<p>En ne d\u00e9clarant pas l&rsquo;ASPA \u00e0 la CAF, vous pourriez risquer de recevoir une allocation trop \u00e9lev\u00e9e et de devoir la rembourser, de perdre des droits sociaux ou de subir des sanctions administratives. Voici quelques exemples des sanctions encourues si vous ne d\u00e9clarez pas l&rsquo;ASPA \u00e0 la CAF :<\/p>\n<ul>\n<li><strong>Le risque de trop-per\u00e7u<\/strong> : vous risquez de percevoir un montant erron\u00e9 car la CAF n&rsquo;a pas pu prendre en compte votre situation. Dans ce cas, vous devrez rembourser les sommes per\u00e7ues \u00e0 tort<\/li>\n<li><strong>L&rsquo;erreur de calcul des droits<\/strong> : vos droits risquent d&rsquo;\u00eatre calcul\u00e9s de mani\u00e8re erron\u00e9e, ce qui peut avoir des cons\u00e9quences sur le montant de l&rsquo;ASPA que vous allez recevoir<\/li>\n<li><strong>Une amende pour fraude aux aides sociales<\/strong> : vous pouvez faire l&rsquo;objet d&rsquo;une condamnation pour avoir cach\u00e9 \u00e0 la CAF que vous percevez l&rsquo;ASPA. Votre dossier sera transmis au service des fraudes de la S\u00e9curit\u00e9 sociale<\/li>\n<\/ul>\n<div class='cta-block'><div class='text'>Simulez toutes vos Aides Sociales en 2 min.<\/div><a href='https:\/\/www.mes-allocs.fr\/ab-app?origin=guides\/wp-json\/wp\/v2\/posts\/27891' class='app-button fit'>Simulation gratuite<\/a><\/div>\n<p><iframe loading=\"lazy\" src=\"\/\/www.youtube.com\/embed\/kojbMo1597o\" width=\"560\" height=\"314\" allowfullscreen=\"allowfullscreen\"><\/iframe><\/p>\n<h1 class=\"amp-wp-7d27179\" data-amp-original-style=\"text-align: justify;\"><span id=\"Comment_faire_ma_demande_dASPA\">Comment d\u00e9clarer l\u2019ASPA aupr\u00e8s de la CAF ?<\/span><\/h1>\n<p class=\"amp-wp-7d27179\" data-amp-original-style=\"text-align: justify;\">Pour b\u00e9n\u00e9ficier de ce minima vieillesse, vous devez en faire la demande aupr\u00e8s de votre caisse solidaire. Il existe deux mani\u00e8res de faire cette demande.<\/p>\n<h2 class=\"amp-wp-7d27179\" data-amp-original-style=\"text-align: justify;\"><span id=\"La_demande_simple\">Les pi\u00e8ces justificatives \u00e0 fournir<\/span><\/h2>\n<p class=\"amp-wp-7d27179\" style=\"text-align: justify;\" data-amp-original-style=\"text-align: justify;\">Pour b\u00e9n\u00e9ficier de l&rsquo;ASPA, vous pouvez faire une demande aupr\u00e8s de votre CAF.<\/p>\n<p class=\"amp-wp-7d27179\" style=\"text-align: justify;\" data-amp-original-style=\"text-align: justify;\">Concernant les personnes n\u2019ayant jamais travaill\u00e9, le processus est quelque peu diff\u00e9rent. Il faut faire la demande de l\u2019aide aupr\u00e8s du Centre Communal d\u2019action sociale (CCAS). Si ce dernier n\u2019est pas pr\u00e9sent dans votre commune de r\u00e9sidence, il faut se tourner vers votre mairie. Si vous \u00eates \u00e9ligible, l\u2019aide vous sera vers\u00e9e d\u00e8s le 1er jour du mois\u00a0suivant la demande.<\/p>\n<p class=\"amp-wp-7d27179\" style=\"text-align: justify;\" data-amp-original-style=\"text-align: justify;\">Lors de votre demande, il est imp\u00e9ratif de vous munir de ces pi\u00e8ces justificatives :<\/p>\n<ul class=\"amp-wp-7d27179\" data-amp-original-style=\"text-align: justify;\">\n<li><strong>Une copie de votre carte d&rsquo;identit\u00e9 ou de votre titre de s\u00e9jour en cours de validit\u00e9<\/strong><\/li>\n<li><strong>Un RIB \u00e0 votre nom<\/strong><\/li>\n<li><strong>Votre dernier avis d&rsquo;imposition sur le revenu ou de non-imposition<\/strong><\/li>\n<li><strong>Les justificatifs de vos revenus<\/strong><\/li>\n<li><strong>Les justificatifs de vos charges<\/strong><\/li>\n<li><strong>Les justificatifs de vos \u00e9ventuels emprunts en cours<\/strong><\/li>\n<li><strong>Un justificatif de votre situation familiale (acte de mariage, livret de famille&#8230;)<\/strong><\/li>\n<\/ul>\n<p class=\"amp-wp-7d27179\" data-amp-original-style=\"text-align: justify;\">Sans ses documents qui permettent de prouver que vous \u00eates \u00e9ligible \u00e0 l&rsquo;ASPA, votre d\u00e9claration sera erron\u00e9e.<\/p>\n<h2 class=\"amp-wp-7d27179\" data-amp-original-style=\"text-align: justify;\"><span id=\"La_demande_en_ligne\">Le processus de d\u00e9claration<\/span><\/h2>\n<p>Le processus de d\u00e9claration de l&rsquo;ASPA \u00e0 la CAF se d\u00e9roule en plusieurs \u00e9tapes :<\/p>\n<ul>\n<li><strong>Demande d&rsquo;un dossier aupr\u00e8s de la CAF<\/strong> : celle-ci peut vous transmettre le dossier de d\u00e9claration en ligne ou directement en agence<\/li>\n<li><strong>Remplissage du dossier<\/strong> : une fois que vous avez obtenu le dossier de d\u00e9claration, vous devez le remplir et y inclure les informations demand\u00e9es ainsi que les pi\u00e8ces justificatives n\u00e9cessaires<\/li>\n<li><strong>Envoi du dossier<\/strong> : une fois le dossier de demande d&rsquo;ASPA complet, vous devez l&rsquo;envoyer par courrier \u00e0 votre CAF ou le d\u00e9poser directement en agence<\/li>\n<li><strong>Traitement de la d\u00e9claration<\/strong> : la CAF examine votre demande et v\u00e9rifie les informations que vous avez fournies ainsi que les pi\u00e8ces justificatives jointes<\/li>\n<li><strong>D\u00e9cision de la CAF<\/strong> : apr\u00e8s examen de votre dossier, la CAF vous informera de sa d\u00e9cision par courrier. Si la d\u00e9claration est accept\u00e9e, vous recevrez une notification de droits qui indique le montant de l&rsquo;ASPA que vous allez percevoir. Si la d\u00e9claration est refus\u00e9e, la notification de refus pr\u00e9cisera les motifs de refus et les voies de recours possibles<\/li>\n<li><strong>Versement de l&rsquo;ASPA<\/strong> : si votre demande est accept\u00e9e, l&rsquo;ASPA sera vers\u00e9e mensuellement sur votre compte bancaire<\/li>\n<\/ul>\n<h2>Les voies de recours en cas de refus<\/h2>\n<p>Si votre demande d&rsquo;ASPA est refus\u00e9e par la CAF, vous avez la possibilit\u00e9 de contester cette d\u00e9cision en utilisant l&rsquo;une des voies de recours suivantes :<\/p>\n<ul>\n<li><strong>La demande de r\u00e9examen aupr\u00e8s de la CAF, pour qu&rsquo;elle r\u00e9examine votre dossier. La demande doit \u00eatre faite par lettre recommand\u00e9e avec avis de r\u00e9ception<\/strong><\/li>\n<li><strong>La conciliation<\/strong> : vous pouvez saisir la Commission de recours amiable de la CAF<\/li>\n<li><strong>Le recours contentieux<\/strong> : si vous n&rsquo;\u00eates pas d&rsquo;accord avec la d\u00e9cision de la Commission, vous pouvez saisir le tribunal judiciaire comp\u00e9tent<\/li>\n<\/ul>\n<div class='cta-block'><div class='text'>Simulez toutes vos Aides Sociales en 2 min.<\/div><a href='https:\/\/www.mes-allocs.fr\/ab-app?origin=guides\/wp-json\/wp\/v2\/posts\/27891' class='app-button fit'>Simulation gratuite<\/a><\/div>\n","protected":false},"excerpt":{"rendered":"<p>[Mis \u00e0 jour le 08\/01\/2026] L&rsquo;ASPA est une aide qui est destin\u00e9e aux personnes \u00e2g\u00e9es de plus de 65 ans. Elle doit \u00eatre d\u00e9clar\u00e9e \u00e0 la Caisse aux Allocations Familiales (CAF) dans certains cas. D\u00e9couvrez dans cet article comment d\u00e9clarer l&rsquo;ASPA aupr\u00e8s de la CAF. L&rsquo;ASPA doit-elle \u00eatre d\u00e9clar\u00e9e \u00e0 la CAF ? L&rsquo;Allocation de [&hellip;]<\/p>\n","protected":false},"author":6,"featured_media":105712,"comment_status":"open","ping_status":"open","sticky":false,"template":"","format":"standard","meta":{"amp_status":"","footnotes":""},"categories":[3649],"tags":[],"class_list":["post-27891","post","type-post","status-publish","format-standard","has-post-thumbnail","hentry","category-aspa"],"yoast_head":"<!-- This site is optimized with the Yoast SEO plugin v14.9 - https:\/\/yoast.com\/wordpress\/plugins\/seo\/ -->\n<title>Doit-on d\u00e9clarer l&#039;ASPA \u00e0 la CAF en 2026 ? | Mes-Allocs.fr<\/title>\n<meta name=\"description\" content=\"L&#039;ASPA est une aide qui est destin\u00e9e aux personnes \u00e2g\u00e9es. Dans cet article, nous allons voir si cette aide doit \u00eatre d\u00e9clar\u00e9e \u00e0 la CAF.\" \/>\n<meta name=\"robots\" content=\"index, follow, max-snippet:-1, max-image-preview:large, max-video-preview:-1\" \/>\n<link rel=\"canonical\" href=\"https:\/\/www.mes-allocs.fr\/guides\/aspa\/doit-on-declarer-aspa-caf\/\" \/>\n<meta property=\"og:locale\" content=\"fr_FR\" \/>\n<meta property=\"og:type\" content=\"article\" \/>\n<meta property=\"og:title\" content=\"Doit-on d\u00e9clarer l&#039;ASPA \u00e0 la CAF en 2026 ? | Mes-Allocs.fr\" \/>\n<meta property=\"og:description\" content=\"L&#039;ASPA est une aide qui est destin\u00e9e aux personnes \u00e2g\u00e9es. Dans cet article, nous allons voir si cette aide doit \u00eatre d\u00e9clar\u00e9e \u00e0 la CAF.\" \/>\n<meta property=\"og:url\" content=\"https:\/\/www.mes-allocs.fr\/guides\/aspa\/doit-on-declarer-aspa-caf\/\" \/>\n<meta property=\"og:site_name\" content=\"Mes-Allocs.fr\" \/>\n<meta property=\"article:published_time\" content=\"2021-05-28T14:35:57+00:00\" \/>\n<meta property=\"article:modified_time\" content=\"2026-01-08T16:15:29+00:00\" \/>\n<meta property=\"og:image\" content=\"https:\/\/www.mes-allocs.fr\/guides\/wp-content\/uploads\/2021\/05\/declarer-aspa-caf.jpg?wsr\" \/>\n\t<meta property=\"og:image:width\" content=\"1920\" \/>\n\t<meta property=\"og:image:height\" content=\"1280\" \/>\n<meta name=\"twitter:card\" content=\"summary_large_image\" \/>\n<script type=\"application\/ld+json\" class=\"yoast-schema-graph\">{\"@context\":\"https:\/\/schema.org\",\"@graph\":[{\"@type\":\"WebSite\",\"@id\":\"https:\/\/www.mes-allocs.fr\/guides\/#website\",\"url\":\"https:\/\/www.mes-allocs.fr\/guides\/\",\"name\":\"Mes-Allocs.fr\",\"description\":\"\",\"potentialAction\":[{\"@type\":\"SearchAction\",\"target\":\"https:\/\/www.mes-allocs.fr\/guides\/?s={search_term_string}\",\"query-input\":\"required name=search_term_string\"}],\"inLanguage\":\"fr-FR\"},{\"@type\":\"ImageObject\",\"@id\":\"https:\/\/www.mes-allocs.fr\/guides\/aspa\/doit-on-declarer-aspa-caf\/#primaryimage\",\"inLanguage\":\"fr-FR\",\"url\":\"https:\/\/www.mes-allocs.fr\/guides\/wp-content\/uploads\/2021\/05\/declarer-aspa-caf.jpg?wsr\",\"width\":1920,\"height\":1280,\"caption\":\"declarer aspa caf\"},{\"@type\":\"WebPage\",\"@id\":\"https:\/\/www.mes-allocs.fr\/guides\/aspa\/doit-on-declarer-aspa-caf\/#webpage\",\"url\":\"https:\/\/www.mes-allocs.fr\/guides\/aspa\/doit-on-declarer-aspa-caf\/\",\"name\":\"Doit-on d\\u00e9clarer l'ASPA \\u00e0 la CAF en 2026 ? | Mes-Allocs.fr\",\"isPartOf\":{\"@id\":\"https:\/\/www.mes-allocs.fr\/guides\/#website\"},\"primaryImageOfPage\":{\"@id\":\"https:\/\/www.mes-allocs.fr\/guides\/aspa\/doit-on-declarer-aspa-caf\/#primaryimage\"},\"datePublished\":\"2021-05-28T14:35:57+00:00\",\"dateModified\":\"2026-01-08T16:15:29+00:00\",\"author\":{\"@id\":\"https:\/\/www.mes-allocs.fr\/guides\/#\/schema\/person\/0ecd61a8600573914d00d970a588c024\"},\"description\":\"L'ASPA est une aide qui est destin\\u00e9e aux personnes \\u00e2g\\u00e9es. Dans cet article, nous allons voir si cette aide doit \\u00eatre d\\u00e9clar\\u00e9e \\u00e0 la CAF.\",\"inLanguage\":\"fr-FR\"},{\"@type\":\"Person\",\"@id\":\"https:\/\/www.mes-allocs.fr\/guides\/#\/schema\/person\/0ecd61a8600573914d00d970a588c024\",\"name\":\"Jonathan\",\"image\":{\"@type\":\"ImageObject\",\"@id\":\"https:\/\/www.mes-allocs.fr\/guides\/#personlogo\",\"inLanguage\":\"fr-FR\",\"url\":\"https:\/\/www.mes-allocs.fr\/guides\/wp-content\/uploads\/2021\/06\/jonathan-150x150.png\",\"caption\":\"Jonathan\"},\"description\":\"Jonathan est r\\u00e9dacteur au sein de l'\\u00e9quipe Mes Allocs, sp\\u00e9cialis\\u00e9 sur les sujets li\\u00e9s au handicap. Dipl\\u00f4m\\u00e9e de l'UPEM, il rejoint Mes Allocs apr\\u00e8s avoir travaill\\u00e9 \\u00e0 l'association AEDE qui accompagne les adultes en situation de handicap. Quand il n'\\u00e9crit pas, on peut le retrouver sur un terrain de basket.\",\"sameAs\":[\"https:\/\/www.linkedin.com\/in\/jonathan-bambela-8637861b7\"]}]}<\/script>\n<!-- \/ Yoast SEO plugin. -->","amp_validity":null,"acf":{"faq":{"1":{"question":"Qui doit verser l'ASPA ?","answer":"L'ASPA s'obtient sur demande papier aupr\u00e8s de la caisse nationale d'assurance vieillesse (CNAV) pour les affili\u00e9s au r\u00e9gime g\u00e9n\u00e9ral de la S\u00e9curit\u00e9 sociale et \u00e0 la mutualit\u00e9 sociale agricole (MSA) pour les exploitants et salari\u00e9s agricoles."},"2":{"question":"Quand faire la demande d'ASPA ?","answer":"L'allocation suppl\u00e9mentaire d'invalidit\u00e9 prend fin d\u00e8s que vous atteignez 62 ans. C'est pourquoi vous devez d\u00e9poser une demande d'allocation de solidarit\u00e9 aux personnes \u00e2g\u00e9es (Aspa) environ 3 mois avant cet \u00e2ge."},"3":{"question":"Quel est le montant de l'ASPA ? ","answer":"En 2026, le montant de l'ASPA est de 1 043,59 \u20ac pour les personnes seules et de 1 620,18 \u20ac pour les couples."},"4":{"question":"Qui a le droit \u00e0 l'ASPA ?","answer":"L'ASPA est une allocation que vous pouvez percevoir si vous \u00eates \u00e2g\u00e9es de 65 ans, c'est une prestation mensuelle accord\u00e9e aux retrait\u00e9s dont les ressources ne sont pas suffisantes pour vivre correctement."},"5":{"question":"Est-ce que l'ASPA est exon\u00e9r\u00e9e d'imp\u00f4t ?","answer":"Certaines pensions vers\u00e9es aux retrait\u00e9s modestes sont exon\u00e9r\u00e9es d'imp\u00f4t sur le revenu en totalit\u00e9. L'allocation de solidarit\u00e9 aux personnes \u00e2g\u00e9es (ASPA) ainsi que l'allocation suppl\u00e9mentaire d'invalidit\u00e9 (ASI) sont notamment non imposables."},"6":{"question":"Est-ce que l'Aspa est pris en compte pour le calcul de l'APL ?","answer":"Non, l\u2019ASPA n\u2019entre pas dans le calcul de l\u2019APL. Cette allocation n\u2019est pas consid\u00e9r\u00e9e comme un revenu par la CAF : elle est non imposable et ne r\u00e9duit donc ni le droit \u00e0 l\u2019aide au logement ni son montant."},"7":{"question":"","answer":""},"8":{"question":"","answer":""},"9":{"question":"","answer":""},"10":{"question":"","answer":""},"11":{"question":"","answer":""},"12":{"question":"","answer":""},"13":{"question":"","answer":""},"14":{"question":"","answer":""},"15":{"question":"","answer":""},"16":{"question":"","answer":""}}},"_links":{"self":[{"href":"https:\/\/www.mes-allocs.fr\/guides\/wp-json\/wp\/v2\/posts\/27891","targetHints":{"allow":["GET"]}}],"collection":[{"href":"https:\/\/www.mes-allocs.fr\/guides\/wp-json\/wp\/v2\/posts"}],"about":[{"href":"https:\/\/www.mes-allocs.fr\/guides\/wp-json\/wp\/v2\/types\/post"}],"author":[{"embeddable":true,"href":"https:\/\/www.mes-allocs.fr\/guides\/wp-json\/wp\/v2\/users\/6"}],"replies":[{"embeddable":true,"href":"https:\/\/www.mes-allocs.fr\/guides\/wp-json\/wp\/v2\/comments?post=27891"}],"version-history":[{"count":21,"href":"https:\/\/www.mes-allocs.fr\/guides\/wp-json\/wp\/v2\/posts\/27891\/revisions"}],"predecessor-version":[{"id":107219,"href":"https:\/\/www.mes-allocs.fr\/guides\/wp-json\/wp\/v2\/posts\/27891\/revisions\/107219"}],"wp:featuredmedia":[{"embeddable":true,"href":"https:\/\/www.mes-allocs.fr\/guides\/wp-json\/wp\/v2\/media\/105712"}],"wp:attachment":[{"href":"https:\/\/www.mes-allocs.fr\/guides\/wp-json\/wp\/v2\/media?parent=27891"}],"wp:term":[{"taxonomy":"category","embeddable":true,"href":"https:\/\/www.mes-allocs.fr\/guides\/wp-json\/wp\/v2\/categories?post=27891"},{"taxonomy":"post_tag","embeddable":true,"href":"https:\/\/www.mes-allocs.fr\/guides\/wp-json\/wp\/v2\/tags?post=27891"}],"curies":[{"name":"wp","href":"https:\/\/api.w.org\/{rel}","templated":true}]}}