{"id":27851,"date":"2021-05-26T15:41:29","date_gmt":"2021-05-26T13:41:29","guid":{"rendered":"https:\/\/www.mes-allocs.fr\/guides\/?p=27851"},"modified":"2025-07-09T18:03:13","modified_gmt":"2025-07-09T16:03:13","slug":"prime-a-la-conversion-velo-electrique","status":"publish","type":"post","link":"https:\/\/www.mes-allocs.fr\/guides\/prime-a-la-conversion\/prime-a-la-conversion-velo-electrique\/","title":{"rendered":"Prime \u00e0 la conversion pour les v\u00e9los \u00e9lectriques en 2025 : conditions, montants, d\u00e9marches"},"content":{"rendered":"<p><img loading=\"lazy\" decoding=\"async\" class=\"aligncenter wp-image-27856 \" src=\"https:\/\/www.mes-allocs.fr\/guides\/wp-content\/uploads\/2021\/05\/mountain-bike-5567847_1280-e1676396545451.jpg\" alt=\"Comment b\u00e9n\u00e9ficier de la prime \u00e0 la conversion v\u00e9lo \u00e9lectrique ?\" width=\"1398\" height=\"269\" srcset=\"https:\/\/www.mes-allocs.fr\/guides\/wp-content\/uploads\/2021\/05\/mountain-bike-5567847_1280-e1676396545451.jpg 1263w, https:\/\/www.mes-allocs.fr\/guides\/wp-content\/uploads\/2021\/05\/mountain-bike-5567847_1280-e1676396545451-300x58.jpg 300w, https:\/\/www.mes-allocs.fr\/guides\/wp-content\/uploads\/2021\/05\/mountain-bike-5567847_1280-e1676396545451-1024x197.jpg 1024w, https:\/\/www.mes-allocs.fr\/guides\/wp-content\/uploads\/2021\/05\/mountain-bike-5567847_1280-e1676396545451-768x148.jpg 768w, https:\/\/www.mes-allocs.fr\/guides\/wp-content\/uploads\/2021\/05\/mountain-bike-5567847_1280-e1676396545451-600x115.jpg 600w\" sizes=\"auto, (max-width: 1398px) 100vw, 1398px\" \/><\/p>\n<p>L&rsquo;achat d&rsquo;un v\u00e9lo avec assistance \u00e9lectrique fait partie du tournant culturel actuel. Amplifi\u00e9 par la crise sanitaire de Covid-19, les fran\u00e7ais sont de plus en plus nombreux \u00e0 changer leur mode de d\u00e9placement, c&rsquo;est pourquoi l&rsquo;\u00c9tat multiplie les aides \u00e0 l&rsquo;achat de v\u00e9hicules propres, comme la <a href=\"https:\/\/www.mes-allocs.fr\/guides\/prime-a-la-conversion\/\">prime \u00e0 la conversion<\/a>, mais \u00e9galement de v\u00e9los \u00e9lectriques. Mes Allocs vous explique tout sur la <strong>prime \u00e0 la conversion pour v\u00e9lo \u00e9lectrique<\/strong>.<\/p>\n<div class='cta-block'><div class='text'>Simulez toutes vos aides en 2 min.<\/div><a href='https:\/\/www.mes-allocs.fr\/ab-app?origin=guides\/wp-json\/wp\/v2\/posts\/27851' class='app-button fit'>Simulation gratuite<\/a><\/div>\n<div class='shortcode disclaimer'><div class='title'>Attention<\/div><div class='content'>La prime \u00e0 la conversion pour les v\u00e9los n\u2019est plus disponible depuis le 15 f\u00e9vrier 2025. Apr\u00e8s cette date, il n\u2019est plus possible d\u2019en b\u00e9n\u00e9ficier. <\/div><\/div>\n<h1>La prime \u00e0 la conversion pour l&rsquo;achat d&rsquo;un v\u00e9lo \u00e9lectrique<\/h1>\n<p>En plus du coup de pouce v\u00e9lo, les Fran\u00e7ais sont doublement accompagn\u00e9s et incit\u00e9s \u00e0 acqu\u00e9rir un v\u00e9lo \u00e0 assistance \u00e9lectrique gr\u00e2ce \u00e0 la prime \u00e0 la conversion v\u00e9lo \u00e9lectrique.<\/p>\n<h2>Conditions d&rsquo;\u00e9ligibilit\u00e9 de la prime \u00e0 la conversion v\u00e9lo \u00e9lectrique<\/h2>\n<p>Pour b\u00e9n\u00e9ficier de cette prime, vous devez respecter des <a href=\"https:\/\/www.mes-allocs.fr\/guides\/prime-a-la-conversion\/conditions-prime-a-la-conversion\/\">conditions d&rsquo;\u00e9ligibilit\u00e9<\/a> concernant votre situation, le v\u00e9hicule dont vous vous d\u00e9barrassez et le v\u00e9lo que vous souhaitez acheter.<\/p>\n<h3>Les conditions li\u00e9es au demandeur<\/h3>\n<p>Votre \u00e9ligibilit\u00e9 \u00e0 la prime \u00e0 la conversion v\u00e9lo repose sur<b> plusieurs conditions :<\/b><\/p>\n<ul>\n<li>\u00eatre majeur ;<\/li>\n<li>\u00eatre domicili\u00e9 en France ;<\/li>\n<li>pour l&rsquo;aide de 3.000 \u20ac seulement : justifier d&rsquo;un <b>revenu fiscal de r\u00e9f\u00e9rence par part inf\u00e9rieur ou \u00e9gal \u00e0 6.358 \u20ac<\/b> ou d&rsquo;une situation de handicap.<\/li>\n<li>acheter ou louer un v\u00e9lo \u00e0 assistance<\/li>\n<\/ul>\n<p>L&rsquo;aide peut \u00e9galement \u00eatre accord\u00e9e aux personnes morales pouvant justifier d&rsquo;un \u00e9tablissement en France.<\/p>\n<h3>Les conditions li\u00e9es \u00e0 la voiture mise \u00e0 la casse<\/h3>\n<p>La voiture que vous mettez \u00e0 la casse, dans le cadre de la prime \u00e0 la conversion v\u00e9lo \u00e9lectrique, doit respecter <b>plusieurs conditions :<\/b><\/p>\n<ul>\n<li>\u00eatre une<b> <\/b>voiture<b> <\/b>ou une camionnette<b> <\/b>;<\/li>\n<li>la premi\u00e8re immatriculation doit dater d&rsquo;<b>avant 2006 pour un v\u00e9hicule essence<\/b>, et d&rsquo;<b>avant 2011 pour un v\u00e9hicule diesel <\/b>;<\/li>\n<li>\u00eatre immatricul\u00e9e d\u00e9finitivement en France ;<\/li>\n<li>appartenir au demandeur depuis au moins 1 an ;<\/li>\n<li>si le v\u00e9hicule est consid\u00e9r\u00e9 endommag\u00e9 par un expert : il doit avoir \u00e9t\u00e9 assur\u00e9 pendant au moins 1 an avant sa remise \u00e0 la casse ;<\/li>\n<li>ne pas \u00eatre gag\u00e9 ;<\/li>\n<li>\u00eatre remis pour destruction 3 mois avant l&rsquo;achat du nouveau v\u00e9hicule ou dans les 6 mois suivants.<\/li>\n<\/ul>\n<h3>Les conditions li\u00e9es au v\u00e9lo \u00e9lectrique<\/h3>\n<p>Pour \u00eatre b\u00e9n\u00e9ficiaire de la prime \u00e0 la conversion, le v\u00e9lo dont vous faite l&rsquo;acquisition doit respecter certaines conditions :<\/p>\n<ul>\n<li>\u00eatre neuf ;<\/li>\n<li>\u00eatre un v\u00e9lo \u00e0 assistance \u00e9lectrique (p\u00e9dalage assist\u00e9) ;<\/li>\n<li>ne pas utiliser une batterie au plomb ;<\/li>\n<li>poss\u00e9der un identifiant unique.<\/li>\n<\/ul>\n<h2>Quel est le montant de la prime \u00e0 la conversion v\u00e9lo \u00e9lectrique ?<\/h2>\n<p>Le <a href=\"https:\/\/www.mes-allocs.fr\/guides\/prime-a-la-conversion\/montant-prime-a-la-conversion\/\">montant de la prime \u00e0 la conversion<\/a> pour l&rsquo;achat de v\u00e9lo \u00e9lectrique varie selon votre situation :<\/p>\n<ul>\n<li>si vous avez un revenu fiscal de r\u00e9f\u00e9rence par part <b>inf\u00e9rieur ou \u00e9gal \u00a0\u00e0 6.358 \u20ac<\/b> : <b>40 \u20ac% du prix d&rsquo;acquisition<\/b>, plafonn\u00e9 \u00e0 <b>3.000\u20ac<\/b><\/li>\n<li>si vous avez un revenu fiscal de r\u00e9f\u00e9rence par part <b>sup\u00e9rieur \u00e0 6.358 \u20ac<\/b> :<b> 40 % du prix d&rsquo;acquisition<\/b>, plafonn\u00e9 \u00e0 <b>1.500 \u20ac<\/b><\/li>\n<li>si vous \u00eates en <b>situation de handicap<\/b> : <b>40 % du prix d&rsquo;acquisition<\/b>, plafonn\u00e9 \u00e0 <b>3.000 \u20ac<\/b><\/li>\n<\/ul>\n<p>Il existe \u00e9galement une <b>surprime<\/b>, accord\u00e9e aux personnes qui r\u00e9sident ou travaillent dans une<b> zone \u00e0 faible \u00e9mission mobilit\u00e9<\/b> et ayant obtenu une <b>aide de la part d&rsquo;une collectivit\u00e9 territoriale<\/b>. Le montant de la surprime sera<b> identique \u00e0 celui accord\u00e9 par la collectivit\u00e9<\/b>, dans la <b>limite de 1.000<\/b> \u20ac.<\/p>\n<h2>D\u00e9marches pour obtenir la prime \u00e0 la conversion v\u00e9lo \u00e9lectrique<\/h2>\n<h3>Les documents \u00e0 fournir<\/h3>\n<p>Si vous souhaitez b\u00e9n\u00e9ficier de la prime \u00e0 la conversion v\u00e9lo \u00e9lectrique, vous devez disposez de <b>plusieurs documents<\/b> :<\/p>\n<ul>\n<li>RIB<\/li>\n<li>identifiant unique du v\u00e9lo<\/li>\n<li>carte grise du v\u00e9hicule mis \u00e0 la casse<\/li>\n<\/ul>\n<h3>La demande en ligne<\/h3>\n<p>Vous pouvez effectuer les <a href=\"https:\/\/www.mes-allocs.fr\/guides\/prime-a-la-conversion\/prime-a-la-conversion-dossier\/\">d\u00e9marches<\/a><b> en ligne<\/b>, dans les <b>6 mois suivant la date de facturation de l&rsquo;achat<\/b>. Pour une <b>location<\/b>, vous devez faire la demande dans les <b>6 mois suivant le premier versement<\/b>.<\/p>\n<p>Sachez cependant que <b>le professionnel <\/b>aupr\u00e8s duquel vous r\u00e9alisez l&rsquo;achat ou la location <b>peut vous avancer le montant<\/b> de cette prime.<\/p>\n<p>En cas de besoin, un expert de l&rsquo;\u00e9quipe Mes Allocs peut <a href=\"https:\/\/www.mes-allocs.fr\/souscription\" target=\"_blank\" rel=\"noopener\">vous accompagner<\/a> dans ces d\u00e9marches pour vous faire gagner du temps et de l&rsquo;argent.<\/p>\n<div class='cta-block'><div class='text'>Simulez toutes vos aides en 2 min.<\/div><a href='https:\/\/www.mes-allocs.fr\/ab-app?origin=guides\/wp-json\/wp\/v2\/posts\/27851' class='app-button fit'>Simulation gratuite<\/a><\/div>\n<h1>Le bonus v\u00e9lo \u00e0 assistance \u00e9lectrique<\/h1>\n<p>Si vous souhaitez acheter un v\u00e9lo \u00e0 assistance \u00e9lectrique mais que vous n&rsquo;avez pas de v\u00e9hicule \u00e0 mettre \u00e0 la casse, vous pouvez peut-\u00eatre b\u00e9n\u00e9ficier du<b> Bonus v\u00e9lo<\/b>, aide accord\u00e9e par l&rsquo;\u00c9tat pour l&rsquo;achat d&rsquo;un v\u00e9lo \u00e0 assistance \u00e9lectrique.<\/p>\n<h2>Conditions d&rsquo;\u00e9ligibilit\u00e9 du bonus v\u00e9lo<\/h2>\n<h3>Conditions li\u00e9es au demandeur<\/h3>\n<p>Sont \u00e9ligibles les personnes remplissant les conditions suivantes :<\/p>\n<ul>\n<li>\u00eatre\u00a0majeur ;<\/li>\n<li>\u00eatre\u00a0domicili\u00e9 en France ;<\/li>\n<li>avoir un revenu fiscal de r\u00e9f\u00e9rence par part inf\u00e9rieur ou \u00e9gal \u00e0 <b>6.358 <\/b> \u20ac ou \u00eatre en situation de handicap.<\/li>\n<\/ul>\n<p><strong>\u00c0 noter : Vous ne pouvez b\u00e9n\u00e9ficier du bonus pour l&rsquo;achat d&rsquo;un v\u00e9lo \u00e9lectrique qu&rsquo;une seule fois par personne, mais plusieurs fois par foyer fiscal.<\/strong><\/p>\n<h3>Conditions li\u00e9es au v\u00e9lo<\/h3>\n<p>Le v\u00e9lo acquis doit avoir les caract\u00e9ristiques suivantes :<\/p>\n<ul>\n<li>\u00eatre\u00a0neuf ;<\/li>\n<li>ne pas utiliser de\u00a0batterie au plomb ;<\/li>\n<li>\u00eatre un cycle \u00e0 p\u00e9dalage assist\u00e9 au sens de l\u2019article R.311-1 du code de la route (cycle \u00e9quip\u00e9 d\u2019un moteur auxiliaire \u00e9lectrique d\u2019une puissance nominale continue maximale de 0,25 kilowatt, dont l\u2019alimentation est r\u00e9duite progressivement et finalement interrompue) ;<\/li>\n<li>ne pas \u00eatre c\u00e9d\u00e9 par l\u2019acqu\u00e9reur durant l\u2019ann\u00e9e suivant son acquisition.<\/li>\n<\/ul>\n<h2>Le montant du bonus v\u00e9lo \u00e0 assistance \u00e9lectrique<\/h2>\n<p>En France, la prime \u00e0 la conversion pour l&rsquo;achat d&rsquo;un v\u00e9lo \u00e9lectrique peut atteindre jusqu&rsquo;\u00e0 500 euros, mais il est important de v\u00e9rifier les crit\u00e8res d&rsquo;\u00e9ligibilit\u00e9 et les montants exacts aupr\u00e8s des autorit\u00e9s comp\u00e9tentes ou des organismes gouvernementaux de votre r\u00e9gion.<\/p>\n<p>Le montant de l\u2019aide sera plafonn\u00e9 en fonction des crit\u00e8res suivants\u00a0:<\/p>\n<ul>\n<li>si votre revenu\u00a0fiscal de r\u00e9f\u00e9rence par part est<strong> inf\u00e9rieur ou \u00e9gal \u00e0 6.358 \u20ac<\/strong> ou\u00a0que\u00a0vois \u00eates en situation de handicap :<strong> 400 \u20ac\u00a0maximum<\/strong>\u00a0pour un v\u00e9lo \u00e9lectrique<\/li>\n<li>si votre revenu fiscal de\u00a0r\u00e9f\u00e9rence par part est\u00a0<strong>compris entre 6.358 \u20ac et 14.089 \u20ac<\/strong> : <strong>300 \u20ac maximum<\/strong> pour un v\u00e9lo \u00e9lectrique.<\/li>\n<\/ul>\n<p>Il convient \u00e9galement de noter que les montants de la prime \u00e0 la conversion pour les v\u00e9los \u00e9lectriques peuvent \u00eatre soumis \u00e0 des \u00e9volutions et \u00e0 des ajustements en fonction des politiques environnementales en vigueur. Il est donc recommand\u00e9 de consulter les informations officielles aupr\u00e8s des organismes concern\u00e9s pour obtenir les montants pr\u00e9cis et les conditions d&rsquo;attribution de la prime \u00e0 la conversion pour l&rsquo;achat d&rsquo;un v\u00e9lo \u00e9lectrique.<\/p>\n<div class='shortcode disclaimer'><div class='title'>Attention<\/div><div class='content'>Depuis le 15 f\u00e9vrier 2025, le bonus \u00e9cologique pour les v\u00e9los n\u2019est plus disponible.<\/div><\/div>\n<h1>Quels sont les avantages de la prime \u00e0 la conversion pour un v\u00e9lo \u00e9lectrique ?<\/h1>\n<p>La prime \u00e0 la conversion pour l&rsquo;achat d&rsquo;un v\u00e9lo \u00e9lectrique pr\u00e9sente plusieurs avantages significatifs qui incitent les individus \u00e0 opter pour ce mode de transport \u00e9cologique et \u00e9conome en \u00e9nergie. Voici quelques-uns des avantages majeurs de cette mesure :<\/p>\n<ul>\n<li><strong>Encouragement de la mobilit\u00e9 douce :<\/strong> la prime \u00e0 la conversion pour les v\u00e9los \u00e9lectriques encourage l&rsquo;utilisation de modes de transport doux tels que le v\u00e9lo, contribuant ainsi \u00e0 la r\u00e9duction du trafic routier et de la congestion urbaine.<\/li>\n<li><strong>R\u00e9duction de l&#8217;emprunte carbone :<\/strong> en privil\u00e9giant le v\u00e9lo \u00e9lectrique par rapport aux v\u00e9hicules motoris\u00e9s, cette prime favorise la r\u00e9duction des \u00e9missions de gaz \u00e0 effet de serre et de la pollution atmosph\u00e9rique, contribuant \u00e0 la lutte contre le changement climatique.<\/li>\n<li><strong>\u00c9conomies financi\u00e8res :<\/strong> les v\u00e9los \u00e9lectriques sont plus \u00e9conomiques \u00e0 l&rsquo;usage que les v\u00e9hicules motoris\u00e9s, n\u00e9cessitant moins de d\u00e9penses en carburant et en entretien. La prime \u00e0 la conversion r\u00e9duit davantage le co\u00fbt d&rsquo;acquisition initial, rendant le v\u00e9lo \u00e9lectrique plus accessible.<\/li>\n<li><strong>Am\u00e9lioration de la sant\u00e9 :<\/strong> l&rsquo;utilisation r\u00e9guli\u00e8re d&rsquo;un v\u00e9lo \u00e9lectrique encourage l&rsquo;activit\u00e9 physique et une vie active, ce qui peut avoir des effets b\u00e9n\u00e9fiques sur la sant\u00e9 cardiovasculaire et la forme physique.<\/li>\n<li><strong>Accessibilit\u00e9 et flexibilit\u00e9 :<\/strong> es v\u00e9los \u00e9lectriques permettent de couvrir de plus longues distances sans effort excessif, ce qui les rend particuli\u00e8rement adapt\u00e9s aux trajets domicile-travail et aux d\u00e9placements en zone urbaine.<\/li>\n<li><strong>\u00a0Impact Positif sur l&rsquo;environnement :<\/strong> opter pour un v\u00e9lo \u00e9lectrique contribue \u00e0 la r\u00e9duction du bruit urbain, am\u00e9liorant ainsi la qualit\u00e9 de vie dans les zones urbaines.<\/li>\n<li><strong>Sensibilisation \u00e0 l&rsquo;\u00e9cologie :<\/strong> La prime \u00e0 la conversion v\u00e9lo \u00e9lectrique incite \u00e0 une prise de conscience environnementale, encourageant les individus \u00e0 adopter des modes de d\u00e9placement respectueux de l&rsquo;environnement.<\/li>\n<\/ul>\n<p>En somme, la prime \u00e0 la conversion pour l&rsquo;achat d&rsquo;un v\u00e9lo \u00e9lectrique encourage un mode de vie plus durable, \u00e9cologique et \u00e9conomique, tout en contribuant \u00e0 la pr\u00e9servation de l&rsquo;environnement et \u00e0 l&rsquo;am\u00e9lioration de la qualit\u00e9 de l&rsquo;air dans les zones urbaines.<\/p>\n<div class='cta-block'><div class='text'>Simulez toutes vos aides en 2 min.<\/div><a href='https:\/\/www.mes-allocs.fr\/ab-app?origin=guides\/wp-json\/wp\/v2\/posts\/27851' class='app-button fit'>Simulation gratuite<\/a><\/div>\n","protected":false},"excerpt":{"rendered":"<p>L&rsquo;achat d&rsquo;un v\u00e9lo avec assistance \u00e9lectrique fait partie du tournant culturel actuel. Amplifi\u00e9 par la crise sanitaire de Covid-19, les fran\u00e7ais sont de plus en plus nombreux \u00e0 changer leur mode de d\u00e9placement, c&rsquo;est pourquoi l&rsquo;\u00c9tat multiplie les aides \u00e0 l&rsquo;achat de v\u00e9hicules propres, comme la prime \u00e0 la conversion, mais \u00e9galement de v\u00e9los \u00e9lectriques. [&hellip;]<\/p>\n","protected":false},"author":23,"featured_media":27856,"comment_status":"open","ping_status":"open","sticky":false,"template":"","format":"standard","meta":{"amp_status":"","footnotes":""},"categories":[9930],"tags":[],"class_list":["post-27851","post","type-post","status-publish","format-standard","has-post-thumbnail","hentry","category-prime-a-la-conversion"],"yoast_head":"<!-- This site is optimized with the Yoast SEO plugin v14.9 - https:\/\/yoast.com\/wordpress\/plugins\/seo\/ -->\n<title>Prime \u00e0 la conversion v\u00e9los \u00e9lectriques : comment en b\u00e9n\u00e9ficier ?<\/title>\n<meta name=\"description\" content=\"La prime \u00e0 la conversion est d\u00e9sormais accessible pour les v\u00e9los \u00e9lectriques. Mes Allocs vous explique comment en b\u00e9n\u00e9ficier.\" \/>\n<meta name=\"robots\" content=\"index, follow, max-snippet:-1, max-image-preview:large, max-video-preview:-1\" \/>\n<link rel=\"canonical\" href=\"https:\/\/www.mes-allocs.fr\/guides\/prime-a-la-conversion\/prime-a-la-conversion-velo-electrique\/\" \/>\n<meta property=\"og:locale\" content=\"fr_FR\" \/>\n<meta property=\"og:type\" content=\"article\" \/>\n<meta property=\"og:title\" content=\"Prime \u00e0 la conversion v\u00e9los \u00e9lectriques : comment en b\u00e9n\u00e9ficier ?\" \/>\n<meta property=\"og:description\" content=\"La prime \u00e0 la conversion est d\u00e9sormais accessible pour les v\u00e9los \u00e9lectriques. Mes Allocs vous explique comment en b\u00e9n\u00e9ficier.\" \/>\n<meta property=\"og:url\" content=\"https:\/\/www.mes-allocs.fr\/guides\/prime-a-la-conversion\/prime-a-la-conversion-velo-electrique\/\" \/>\n<meta property=\"og:site_name\" content=\"Mes-Allocs.fr\" \/>\n<meta property=\"article:published_time\" content=\"2021-05-26T13:41:29+00:00\" \/>\n<meta property=\"article:modified_time\" content=\"2025-07-09T16:03:13+00:00\" \/>\n<meta property=\"og:image\" content=\"https:\/\/www.mes-allocs.fr\/guides\/wp-content\/uploads\/2021\/05\/mountain-bike-5567847_1280-e1676396545451.jpg?wsr\" \/>\n\t<meta property=\"og:image:width\" content=\"1263\" \/>\n\t<meta property=\"og:image:height\" content=\"243\" \/>\n<meta name=\"twitter:card\" content=\"summary_large_image\" \/>\n<script type=\"application\/ld+json\" class=\"yoast-schema-graph\">{\"@context\":\"https:\/\/schema.org\",\"@graph\":[{\"@type\":\"WebSite\",\"@id\":\"https:\/\/www.mes-allocs.fr\/guides\/#website\",\"url\":\"https:\/\/www.mes-allocs.fr\/guides\/\",\"name\":\"Mes-Allocs.fr\",\"description\":\"\",\"potentialAction\":[{\"@type\":\"SearchAction\",\"target\":\"https:\/\/www.mes-allocs.fr\/guides\/?s={search_term_string}\",\"query-input\":\"required name=search_term_string\"}],\"inLanguage\":\"fr-FR\"},{\"@type\":\"ImageObject\",\"@id\":\"https:\/\/www.mes-allocs.fr\/guides\/prime-a-la-conversion\/prime-a-la-conversion-velo-electrique\/#primaryimage\",\"inLanguage\":\"fr-FR\",\"url\":\"https:\/\/www.mes-allocs.fr\/guides\/wp-content\/uploads\/2021\/05\/mountain-bike-5567847_1280-e1676396545451.jpg?wsr\",\"width\":1263,\"height\":243,\"caption\":\"Comment b\\u00e9n\\u00e9ficier de la prime \\u00e0 la conversion v\\u00e9lo \\u00e9lectrique ?\"},{\"@type\":\"WebPage\",\"@id\":\"https:\/\/www.mes-allocs.fr\/guides\/prime-a-la-conversion\/prime-a-la-conversion-velo-electrique\/#webpage\",\"url\":\"https:\/\/www.mes-allocs.fr\/guides\/prime-a-la-conversion\/prime-a-la-conversion-velo-electrique\/\",\"name\":\"Prime \\u00e0 la conversion v\\u00e9los \\u00e9lectriques : comment en b\\u00e9n\\u00e9ficier ?\",\"isPartOf\":{\"@id\":\"https:\/\/www.mes-allocs.fr\/guides\/#website\"},\"primaryImageOfPage\":{\"@id\":\"https:\/\/www.mes-allocs.fr\/guides\/prime-a-la-conversion\/prime-a-la-conversion-velo-electrique\/#primaryimage\"},\"datePublished\":\"2021-05-26T13:41:29+00:00\",\"dateModified\":\"2025-07-09T16:03:13+00:00\",\"author\":{\"@id\":\"https:\/\/www.mes-allocs.fr\/guides\/#\/schema\/person\/c3664ba41f27bc0d9f3683bf3906300c\"},\"description\":\"La prime \\u00e0 la conversion est d\\u00e9sormais accessible pour les v\\u00e9los \\u00e9lectriques. Mes Allocs vous explique comment en b\\u00e9n\\u00e9ficier.\",\"inLanguage\":\"fr-FR\"},{\"@type\":\"Person\",\"@id\":\"https:\/\/www.mes-allocs.fr\/guides\/#\/schema\/person\/c3664ba41f27bc0d9f3683bf3906300c\",\"name\":\"Gabrielle Duchemin\",\"image\":{\"@type\":\"ImageObject\",\"@id\":\"https:\/\/www.mes-allocs.fr\/guides\/#personlogo\",\"inLanguage\":\"fr-FR\",\"url\":\"https:\/\/www.mes-allocs.fr\/guides\/wp-content\/uploads\/2023\/02\/386E5DFE-70F4-4932-B10B-B3E8F5AC454D-e1677586370944-150x150.jpg\",\"caption\":\"Gabrielle Duchemin\"},\"description\":\"Gabrielle est juriste sp\\u00e9cialis\\u00e9e en droit du num\\u00e9rique et de la protection sociale. Elle rejoint Mes Allocs apr\\u00e8s une premi\\u00e8re exp\\u00e9rience dans le secteur bancaire.\",\"sameAs\":[\"https:\/\/www.linkedin.com\/in\/gabrielle-duchemin-b1126214b\/\"]}]}<\/script>\n<!-- \/ Yoast SEO plugin. -->","amp_validity":null,"acf":{"faq":{"1":{"question":"Comment obtenir la prime pour achat V\u00e9lo Electrique ?","answer":"En 2025, pour obtenir d'une prime pour l'achat d'un v\u00e9lo \u00e9lectrique, il faut respecter plusieurs conditions : \u00catre une personne physique majeure. \u00catre domicili\u00e9 en France. Votre RFR (revenu fiscal de r\u00e9f\u00e9rence) ne peut d\u00e9passer 24 900 euros par part lors de l'ann\u00e9e qui pr\u00e9c\u00e8de l'achat de votre VAE."},"2":{"question":"Comment obtenir la prime v\u00e9lo ?","answer":"Pour obtenir cette subvention, il suffit de vous renseigner aupr\u00e8s de votre Mairie avant d'acheter le v\u00e9lo \u00e9lectrique. Selon les communes, elle peut varier entre 100 et 500 euros. "},"3":{"question":"Comment b\u00e9n\u00e9ficier de la prime v\u00e9lo \u00e9lectrique \u00e0 Paris ?","answer":"Toutes les demandes se font en ligne. Il est indispensable de fournir une facture \u00e9tablie aux nom et pr\u00e9nom du demandeur, de pr\u00e9ciser la marque et le mod\u00e8le du v\u00e9lo, ainsi que le certificat d'homologation aux normes fran\u00e7aises R30-020 ou aux normes europ\u00e9ennes EN 14 764 ou EN 15194."},"4":{"question":"Quel est le montant du bonus \u00e9cologique ?","answer":"Le montant du bonus est de 4 200 \u20ac ou 3 100 \u20ac selon votre situation."},"5":{"question":"Quand est vers\u00e9 le bonus \u00e9cologique ?","answer":"Le bonus \u00e9cologique peut \u00eatre vers\u00e9 uniquement lors de la premi\u00e8re immatriculation d\u00e9finitive du v\u00e9hicule."},"6":{"question":"Quand faire la demande de prime \u00e0 la conversion ?","answer":"Pour d\u00e9terminer l'\u00e9ligibilit\u00e9 de votre demande : Vous disposez d'un d\u00e9lai de 6 mois \u00e0 compter de la date de facturation de votre nouveau v\u00e9hicule pour d\u00e9poser votre demande."},"7":{"question":"","answer":""},"8":{"question":"","answer":""},"9":{"question":"","answer":""},"10":{"question":"","answer":""},"11":{"question":"","answer":""},"12":{"question":"","answer":""},"13":{"question":"","answer":""},"14":{"question":"","answer":""},"15":{"question":"","answer":""},"16":{"question":"","answer":""}}},"_links":{"self":[{"href":"https:\/\/www.mes-allocs.fr\/guides\/wp-json\/wp\/v2\/posts\/27851","targetHints":{"allow":["GET"]}}],"collection":[{"href":"https:\/\/www.mes-allocs.fr\/guides\/wp-json\/wp\/v2\/posts"}],"about":[{"href":"https:\/\/www.mes-allocs.fr\/guides\/wp-json\/wp\/v2\/types\/post"}],"author":[{"embeddable":true,"href":"https:\/\/www.mes-allocs.fr\/guides\/wp-json\/wp\/v2\/users\/23"}],"replies":[{"embeddable":true,"href":"https:\/\/www.mes-allocs.fr\/guides\/wp-json\/wp\/v2\/comments?post=27851"}],"version-history":[{"count":33,"href":"https:\/\/www.mes-allocs.fr\/guides\/wp-json\/wp\/v2\/posts\/27851\/revisions"}],"predecessor-version":[{"id":101838,"href":"https:\/\/www.mes-allocs.fr\/guides\/wp-json\/wp\/v2\/posts\/27851\/revisions\/101838"}],"wp:featuredmedia":[{"embeddable":true,"href":"https:\/\/www.mes-allocs.fr\/guides\/wp-json\/wp\/v2\/media\/27856"}],"wp:attachment":[{"href":"https:\/\/www.mes-allocs.fr\/guides\/wp-json\/wp\/v2\/media?parent=27851"}],"wp:term":[{"taxonomy":"category","embeddable":true,"href":"https:\/\/www.mes-allocs.fr\/guides\/wp-json\/wp\/v2\/categories?post=27851"},{"taxonomy":"post_tag","embeddable":true,"href":"https:\/\/www.mes-allocs.fr\/guides\/wp-json\/wp\/v2\/tags?post=27851"}],"curies":[{"name":"wp","href":"https:\/\/api.w.org\/{rel}","templated":true}]}}