{"id":27704,"date":"2021-05-25T14:58:29","date_gmt":"2021-05-25T14:58:29","guid":{"rendered":"https:\/\/www.mes-allocs.fr\/guides\/?p=27704"},"modified":"2025-06-20T12:13:50","modified_gmt":"2025-06-20T10:13:50","slug":"accident-de-travail-actualisation-pole-emploi","status":"publish","type":"post","link":"https:\/\/www.mes-allocs.fr\/guides\/chomage\/pole-emploi-actualisation\/comment-actualiser-pole-emploi\/accident-de-travail-actualisation-pole-emploi\/","title":{"rendered":"Accident de travail comment s&rsquo;actualiser avec Pole Emploi ?"},"content":{"rendered":"<p><img loading=\"lazy\" decoding=\"async\" class=\"alignnone wp-image-27728 size-large\" src=\"https:\/\/www.mes-allocs.fr\/guides\/wp-content\/uploads\/2021\/05\/pexels-ivan-samkov-6436278-2-e1621937698734-1024x333.jpg\" alt=\"Accident de travail comment s 'actualiser avec pole emploi ?\" width=\"1024\" height=\"333\" srcset=\"https:\/\/www.mes-allocs.fr\/guides\/wp-content\/uploads\/2021\/05\/pexels-ivan-samkov-6436278-2-e1621937698734-1024x333.jpg 1024w, https:\/\/www.mes-allocs.fr\/guides\/wp-content\/uploads\/2021\/05\/pexels-ivan-samkov-6436278-2-e1621937698734-300x98.jpg 300w, https:\/\/www.mes-allocs.fr\/guides\/wp-content\/uploads\/2021\/05\/pexels-ivan-samkov-6436278-2-e1621937698734-768x250.jpg 768w, https:\/\/www.mes-allocs.fr\/guides\/wp-content\/uploads\/2021\/05\/pexels-ivan-samkov-6436278-2-e1621937698734-600x195.jpg 600w, https:\/\/www.mes-allocs.fr\/guides\/wp-content\/uploads\/2021\/05\/pexels-ivan-samkov-6436278-2-e1621937698734.jpg 1280w\" sizes=\"auto, (max-width: 1024px) 100vw, 1024px\" \/><\/p>\n<p style=\"text-align: justify;\"><strong>Il peut arriver que le m\u00e9decin vous prescrive un arr\u00eat maladie (quelques jours, plusieurs semaines voire plusieurs mois). Que faire lorsque vous \u00eates en accident de travail ou au ch\u00f4mage ? D\u00e9couvrez comment vous actualiser aupr\u00e8s de votre agence P\u00f4le Emploi.<\/strong><\/p>\n<div class='cta-block'><div class='text'>Simulez vos aides en 2 min.<\/div><a href='https:\/\/www.mes-allocs.fr\/ab-app?origin=guides\/wp-json\/wp\/v2\/posts\/27704' class='app-button fit'>Simulation gratuite<\/a><\/div>\n<hr \/>\n<h1>Comment d\u00e9finit-on l&rsquo;actualisation ? <img loading=\"lazy\" decoding=\"async\" class=\"alignright wp-image-25798 size-medium\" src=\"https:\/\/www.mes-allocs.fr\/guides\/wp-content\/uploads\/2021\/04\/computer-1185626_1280-300x200.jpg\" alt=\"Comment d\u00e9finit-on l'actualisation ?\" width=\"300\" height=\"200\" srcset=\"https:\/\/www.mes-allocs.fr\/guides\/wp-content\/uploads\/2021\/04\/computer-1185626_1280-300x200.jpg 300w, https:\/\/www.mes-allocs.fr\/guides\/wp-content\/uploads\/2021\/04\/computer-1185626_1280-1024x682.jpg 1024w, https:\/\/www.mes-allocs.fr\/guides\/wp-content\/uploads\/2021\/04\/computer-1185626_1280-768x512.jpg 768w, https:\/\/www.mes-allocs.fr\/guides\/wp-content\/uploads\/2021\/04\/computer-1185626_1280-600x400.jpg 600w, https:\/\/www.mes-allocs.fr\/guides\/wp-content\/uploads\/2021\/04\/computer-1185626_1280.jpg 1280w\" sizes=\"auto, (max-width: 300px) 100vw, 300px\" \/><\/h1>\n<p style=\"text-align: justify;\">Si vous \u00eates inscrit \u00e0 P\u00f4le Emploi, proc\u00e9der \u00e0 votre actualisation chaque mois permet \u00e0 votre agence de conna\u00eetre vos \u00e9volutions au niveau personnel ou professionnel.<\/p>\n<p style=\"text-align: justify;\">Les objectifs de cette actualisation sont :<\/p>\n<ul style=\"text-align: justify;\">\n<li>Le maintien de votre inscription en tant que demandeur d&#8217;emploi<\/li>\n<li>Le versement de votre allocation.<\/li>\n<\/ul>\n<p style=\"text-align: justify;\">\u00c0 noter, si n&rsquo;effectuez pas cette d\u00e9marche, vous risquez la radiation. Aussi, le paiement de vos allocations ch\u00f4mage peut \u00eatre suspendu.<\/p>\n<h2 id=\"Qui_doit_s\u2019actualiser_aupr\u00e8s_de_P\u00f4le_Emploi?\">Qui doit s\u2019actualiser aupr\u00e8s de P\u00f4le Emploi?<\/h2>\n<p style=\"text-align: justify;\">Effectuer une d\u00e9claration mensuelle aupr\u00e8s de P\u00f4le Emploi est obligatoire pour toute personne souhaitant b\u00e9n\u00e9ficier de la protection de cet organisme. Il s\u2019agit notamment de :<\/p>\n<ul class=\"list-10\">\n<li style=\"text-align: justify;\">Toutes les personnes percevant des allocations ch\u00f4mage : Vous devez vous actualiser tous les mois sous peine d\u2019\u00eatre radi\u00e9es de P\u00f4le Emploi. C\u2019est l\u2019actualisation mensuelle qui d\u00e9clenchera le paiement de vos indemnit\u00e9s (En application de l\u2019article L5411.2 du Code du Travail)<\/li>\n<li style=\"text-align: justify;\">Les personnes percevant l\u2019Allocation de Solidarit\u00e9 Sp\u00e9cifique (ASS)\u00a0:\u00a0 Vous \u00eates \u00e9galement\u00a0 dans l\u2019obligation de vous actualiser<\/li>\n<li style=\"text-align: justify;\">Les b\u00e9n\u00e9ficiaires du RSA socle<\/li>\n<li>Toutes les personnes qui souhaitent avoir acc\u00e8s aux services propos\u00e9s par P\u00f4le Emploi : En particulier postuler aux offres d\u2019emplois.<\/li>\n<\/ul>\n<section class=\"block-article-link color-candidat\">\n<h2 class=\"t4\">Quels sont les risques en cas d&rsquo;oubli ou de non d\u00e9claration ?<\/h2>\n<p style=\"text-align: justify;\">Si vous ne proc\u00e9dez pas \u00e0 votre d\u00e9claration, vous pouvez \u00eatre amen\u00e9 \u00e0 :<\/p>\n<ul style=\"text-align: justify;\">\n<li>Rembourser les allocations vers\u00e9es \u00e0 tort<\/li>\n<li>\u00catre expos\u00e9 \u00e0 des sanctions en cas de fausse d\u00e9claration\u00a0(radiation de la liste des\u00a0demandeurs d\u2019emploi, suppression d\u2019une partie ou de la totalit\u00e9 de votre allocation, p\u00e9nalit\u00e9s administratives, etc.).<\/li>\n<\/ul>\n<p style=\"text-align: justify;\">Dans l&rsquo;hypoth\u00e8se o\u00f9 vous vous \u00eates simplement tromp\u00e9 ou avez omis de proc\u00e9der \u00e0 votre d\u00e9claration, vous avez jusqu\u2019\u00e0 la fin de la p\u00e9riode d\u2019actualisation (du 28 au 15 du mois suivant) pour revenir sur votre d\u00e9claration et permettre la prise en compte des modifications.<\/p>\n<\/section>\n<section class=\"block-article-link color-candidat\">\n<ul>\n<li style=\"text-align: justify;\">Le jour m\u00eame de votre actualisation :\n<ul>\n<li>Vous pouvez corriger votre d\u00e9claration directement sur votre espace personnel (jusqu\u2019\u00e0 minuit),<\/li>\n<li>Sauf pour les personnes inscrites en Bourgogne France cont\u00e9, Centre Val de Loire, Corse et Ille et Vilaine.<\/li>\n<\/ul>\n<\/li>\n<li>D\u00e8s le lendemain de votre actualisation et jusqu\u2019\u00e0 la fin de la p\u00e9riode (le 15 du mois suivant) : vous pouvez corriger votre d\u00e9claration en contactant votre conseiller P\u00f4le emploi ou en appelant le 3949.<\/li>\n<li>Au-del\u00e0 de la p\u00e9riode d\u2019actualisation : pour les erreurs \/ les oublis vous pouvez vous rapprocher de votre conseiller P\u00f4le emploi ou contactez le 3949.<\/li>\n<\/ul>\n<\/section>\n<h1 class=\"t4\">Pourquoi faut-il obligatoirement d\u00e9clarer ? <img loading=\"lazy\" decoding=\"async\" class=\"alignright wp-image-25617 size-medium\" src=\"https:\/\/www.mes-allocs.fr\/guides\/wp-content\/uploads\/2021\/04\/idea-3082824_1280-5-300x200.jpg\" alt=\"Pourquoi faut-il obligatoirement d\u00e9clarer ?\" width=\"300\" height=\"200\" srcset=\"https:\/\/www.mes-allocs.fr\/guides\/wp-content\/uploads\/2021\/04\/idea-3082824_1280-5-300x200.jpg 300w, https:\/\/www.mes-allocs.fr\/guides\/wp-content\/uploads\/2021\/04\/idea-3082824_1280-5-1024x683.jpg 1024w, https:\/\/www.mes-allocs.fr\/guides\/wp-content\/uploads\/2021\/04\/idea-3082824_1280-5-768x512.jpg 768w, https:\/\/www.mes-allocs.fr\/guides\/wp-content\/uploads\/2021\/04\/idea-3082824_1280-5-600x400.jpg 600w, https:\/\/www.mes-allocs.fr\/guides\/wp-content\/uploads\/2021\/04\/idea-3082824_1280-5.jpg 1280w\" sizes=\"auto, (max-width: 300px) 100vw, 300px\" \/><\/h1>\n<p>Pour permettre \u00e0 P\u00f4le emploi d\u2019adapter vos allocations \u00e0 votre situation r\u00e9elle.<\/p>\n<ul>\n<li>Vos allocations ch\u00f4mage sont calcul\u00e9es en fonction de ce que vous d\u00e9clarez.<\/li>\n<li>Le versement des allocations ch\u00f4mage est interrompu pendant la p\u00e9riode correspondante \u00e0 l\u2019arr\u00eat maladie.<\/li>\n<\/ul>\n<h2><strong>Pour \u00e9viter de devoir rembourser P\u00f4le emploi.<\/strong><\/h2>\n<ul>\n<li>D\u00e9clarer vos arr\u00eats maladie permet d\u2019\u00e9viter que des allocations ch\u00f4mage ne soient vers\u00e9es \u00e0 tort par P\u00f4le emploi. Si une telle situation se pr\u00e9sente, vous serez dans l&rsquo;obligation de rembourser.<\/li>\n<\/ul>\n<h2><strong>Pour \u00eatre mieux accompagn\u00e9 par P\u00f4le emploi<\/strong><\/h2>\n<ul>\n<li>Conna\u00eetre votre situation permet \u00e0 P\u00f4le emploi de mieux adapter ses actions d\u2019accompagnement dans l\u2019emploi.<\/li>\n<\/ul>\n<h1 id=\"main-title\" class=\"block-article--title\">Comment d\u00e9clarer un accident de travail au P\u00f4le Emploi ?<\/h1>\n<p class=\"heading\">L\u2019accident de travail pour P\u00f4le Emploi signifie logiquement que la personne n\u2019est pas en \u00e9tat de travailler. Pour en informer votre conseiller P\u00f4le Emploi, la d\u00e9claration de l\u2019arr\u00eat de travail cons\u00e9cutif \u00e0 un accident \u00e0 caract\u00e8re professionnel s\u2019effectue lors de la r\u00e9actualisation de son dossier.<\/p>\n<h2>D\u00e9lai de d\u00e9claration d&rsquo;un accident de travail \u00e0 P\u00f4le Emploi<\/h2>\n<p>Si l\u2019on vous prescrit un arr\u00eat maladie au ch\u00f4mage, la premi\u00e8re chose \u00e0 faire est d\u2019envoyer votre arr\u00eat \u00e0 la CPAM (Caisse Primaire d&rsquo; Assurance Maladie) dans les 48 heures et de pr\u00e9venir votre conseiller P\u00f4le Emploi. Vous devez proc\u00e9der \u00e0 la d\u00e9claration dans un d\u00e9lai de 72 heures.<\/p>\n<p>Lors de l\u2019actualisation mensuelle, vous devez r\u00e9pondre \u00e0 la question suivante : \u00ab Avez-vous \u00e9t\u00e9 en arr\u00eat ce mois-ci ? \u00bb C\u2019est cette proc\u00e9dure qui enregistre et valide la situation.<\/p>\n<h2 class=\"t4\">Cons\u00e9quences de la d\u00e9claration<\/h2>\n<ul>\n<li>Si vous b\u00e9n\u00e9ficiez des indemnit\u00e9s journali\u00e8res de la s\u00e9curit\u00e9 sociales (IJSS), le versement des allocations ch\u00f4mage est interrompu pendant la p\u00e9riode correspondante \u00e0 l\u2019arr\u00eat maladie.<\/li>\n<li>Pour les arr\u00eats sup\u00e9rieurs ou \u00e9gaux \u00e0 15 jours, si vous \u00eates toujours \u00e0 la recherche d\u2019un emploi, vous serez consid\u00e9r\u00e9 comme non disponible.<\/li>\n<li>Si vous n\u2019\u00eates plus \u00e0 la recherche d\u2019un emploi, vous cesserez d\u2019\u00eatre inscrit comme demandeur d\u2019emploi.<\/li>\n<\/ul>\n<p><strong>Attention<\/strong><\/p>\n<p>En ce qui concerne la question\u00a0\u00ab\u00a0\u00eates-vous \u00e0 la recherche d\u2019un emploi ?\u00a0\u00bb, cela d\u00e9pend de votre situation.<\/p>\n<p>Si votre arr\u00eat est inf\u00e9rieur \u00e0 15 jours, vous pouvez r\u00e9pondre \u00ab\u00a0oui\u00a0\u00bb. Vous serez simplement class\u00e9 en \u00ab\u00a0indisponible\u00a0\u00bb durant votre arr\u00eat maladie. En revanche s\u2019il est sup\u00e9rieur \u00e0 15 jours, vous serez radi\u00e9 et une proc\u00e9dure de r\u00e9-inscription simplifi\u00e9e sera n\u00e9cessaire.<\/p>\n<h1>Proc\u00e9dure de la d\u00e9claration <img loading=\"lazy\" decoding=\"async\" class=\"alignright wp-image-25386 size-medium\" src=\"https:\/\/www.mes-allocs.fr\/guides\/wp-content\/uploads\/2021\/04\/pexels-armin-rimoldi-5554271-1-300x200.jpg\" alt=\"Proc\u00e9dure de la d\u00e9claration\" width=\"300\" height=\"200\" srcset=\"https:\/\/www.mes-allocs.fr\/guides\/wp-content\/uploads\/2021\/04\/pexels-armin-rimoldi-5554271-1-300x200.jpg 300w, https:\/\/www.mes-allocs.fr\/guides\/wp-content\/uploads\/2021\/04\/pexels-armin-rimoldi-5554271-1-1024x682.jpg 1024w, https:\/\/www.mes-allocs.fr\/guides\/wp-content\/uploads\/2021\/04\/pexels-armin-rimoldi-5554271-1-768x512.jpg 768w, https:\/\/www.mes-allocs.fr\/guides\/wp-content\/uploads\/2021\/04\/pexels-armin-rimoldi-5554271-1-600x400.jpg 600w, https:\/\/www.mes-allocs.fr\/guides\/wp-content\/uploads\/2021\/04\/pexels-armin-rimoldi-5554271-1.jpg 1280w\" sizes=\"auto, (max-width: 300px) 100vw, 300px\" \/><\/h1>\n<p>Il existe plusieurs moyens pour vous actualiser :<\/p>\n<ul class=\"list-10\">\n<li>Pour t\u00e9l\u00e9phone au 39 49 (appel gratuit) : Pour parler \u00e0 un conseiller, vous devez appeler aux horaires d\u2019ouverture.<\/li>\n<li>En agence : Vous pouvez ainsi acc\u00e9der aux bornes mises \u00e0 votre disposition. Il vous sera \u00e9galement possible de vous rendre au guichet. Pensez \u00e0 bien v\u00e9rifier le fonctionnement de votre agence. En effet, il est possible que des plages horaires soient r\u00e9serv\u00e9es \u00e0 l\u2019accueil et d\u2019autres aux RDV.<\/li>\n<li>Depuis votre compte personnel sur le site P\u00f4le Emploi : Pour ce faire, allez sur \u00ab\u00a0Mon dossier\u00a0\u00bb puis s\u00e9lectionnez \u00ab\u00a0Je d\u00e9clare un changement de situation\u00a0\u00bb dans la partie \u00ab\u00a0Ma situation\u00a0\u00bb<\/li>\n<\/ul>\n<section class=\"block-article-link color-candidat\">\n<h2 class=\"t4\">Les \u00e9l\u00e9ments \u00e0 d\u00e9clarer<\/h2>\n<ul>\n<li>Les dates de d\u00e9but et de fin de la p\u00e9riode d\u2019arr\u00eat maladie.<\/li>\n<li>Toute prolongation de votre arr\u00eat maladie initial<\/li>\n<li>Pr\u00e9cisez si vous \u00eates toujours \u00e0 la recherche d\u2019un emploi ou non.<\/li>\n<\/ul>\n<\/section>\n<section class=\"block-article-link color-candidat\">\u00c0 noter, vous devez fournir comme pi\u00e8ces, le justificatif d\u2019arr\u00eat maladie d\u00e9livr\u00e9 par votre m\u00e9decin (le volet 3) puis le formulaire de versement des indemnit\u00e9s journali\u00e8res de la S\u00e9curit\u00e9 sociale.<\/section>\n<section class=\"block-article-link color-candidat\">\n<h2 class=\"t4\">La transmission des \u00e9l\u00e9ments<\/h2>\n<p>Ces \u00e9l\u00e9ments peuvent \u00eatre transmis depuis votre espace personnel sur pole-emploi.fr ou sur l\u2019application mobile<\/p>\n<ul>\n<li>Dans la rubrique \u00ab\u2009Mes \u00e9changes avec P\u00f4le emploi\u2009\u00bb\n<ul>\n<li>\u00ab\u2009Transmettre un document\u2009\u00bb<\/li>\n<li>S\u00e9lectionner le contexte \u00ab\u2009Actualisation \u2013 changement de situation\u2009\u00bb<\/li>\n<\/ul>\n<\/li>\n<\/ul>\n<ul>\n<li>Si vous n\u2019avez pas la possibilit\u00e9 de le faire par voie d\u00e9mat\u00e9rialis\u00e9e, vous pouvez les envoyer par voie postale \u00e0\u00a0l\u2019adresse de P\u00f4le Emploi.<\/li>\n<\/ul>\n<div class='cta-block'><div class='text'>Simulez toutes vos aides en 2 min.<\/div><a href='https:\/\/www.mes-allocs.fr\/ab-app?origin=guides\/wp-json\/wp\/v2\/posts\/27704' class='app-button fit'>Simulation gratuite<\/a><\/div>\n<\/section>\n","protected":false},"excerpt":{"rendered":"<p>Il peut arriver que le m\u00e9decin vous prescrive un arr\u00eat maladie (quelques jours, plusieurs semaines voire plusieurs mois). Que faire lorsque vous \u00eates en accident de travail ou au ch\u00f4mage ? D\u00e9couvrez comment vous actualiser aupr\u00e8s de votre agence P\u00f4le Emploi. Comment d\u00e9finit-on l&rsquo;actualisation ? Si vous \u00eates inscrit \u00e0 P\u00f4le Emploi, proc\u00e9der \u00e0 votre [&hellip;]<\/p>\n","protected":false},"author":7,"featured_media":27726,"comment_status":"open","ping_status":"open","sticky":false,"template":"","format":"standard","meta":{"amp_status":"","footnotes":""},"categories":[10066,2989,3007],"tags":[],"class_list":["post-27704","post","type-post","status-publish","format-standard","has-post-thumbnail","hentry","category-comment-actualiser-pole-emploi","category-chomage","category-pole-emploi-actualisation"],"yoast_head":"<!-- This site is optimized with the Yoast SEO plugin v14.9 - https:\/\/yoast.com\/wordpress\/plugins\/seo\/ -->\n<title>Accident de travail comment s&#039;actualiser avec Pole Emploi ?<\/title>\n<meta name=\"description\" content=\"Lorsque vous \u00eates en accident de travail ou au ch\u00f4mage, vous devez actualiser votre situation avec P\u00f4le Emploi. On vous dit comment faire !\" \/>\n<meta name=\"robots\" content=\"index, follow, max-snippet:-1, max-image-preview:large, max-video-preview:-1\" \/>\n<link rel=\"canonical\" href=\"https:\/\/www.mes-allocs.fr\/guides\/chomage\/pole-emploi-actualisation\/comment-actualiser-pole-emploi\/accident-de-travail-actualisation-pole-emploi\/\" \/>\n<meta property=\"og:locale\" content=\"fr_FR\" \/>\n<meta property=\"og:type\" content=\"article\" \/>\n<meta property=\"og:title\" content=\"Accident de travail comment s&#039;actualiser avec Pole Emploi ?\" \/>\n<meta property=\"og:description\" content=\"Lorsque vous \u00eates en accident de travail ou au ch\u00f4mage, vous devez actualiser votre situation avec P\u00f4le Emploi. On vous dit comment faire !\" \/>\n<meta property=\"og:url\" content=\"https:\/\/www.mes-allocs.fr\/guides\/chomage\/pole-emploi-actualisation\/comment-actualiser-pole-emploi\/accident-de-travail-actualisation-pole-emploi\/\" \/>\n<meta property=\"og:site_name\" content=\"Mes-Allocs.fr\" \/>\n<meta property=\"article:published_time\" content=\"2021-05-25T14:58:29+00:00\" \/>\n<meta property=\"article:modified_time\" content=\"2025-06-20T10:13:50+00:00\" \/>\n<meta property=\"og:image\" content=\"https:\/\/www.mes-allocs.fr\/guides\/wp-content\/uploads\/2021\/05\/pexels-sam-lion-6001248.jpg?wsr\" \/>\n\t<meta property=\"og:image:width\" content=\"1280\" \/>\n\t<meta property=\"og:image:height\" content=\"853\" \/>\n<meta name=\"twitter:card\" content=\"summary_large_image\" \/>\n<script type=\"application\/ld+json\" class=\"yoast-schema-graph\">{\"@context\":\"https:\/\/schema.org\",\"@graph\":[{\"@type\":\"WebSite\",\"@id\":\"https:\/\/www.mes-allocs.fr\/guides\/#website\",\"url\":\"https:\/\/www.mes-allocs.fr\/guides\/\",\"name\":\"Mes-Allocs.fr\",\"description\":\"\",\"potentialAction\":[{\"@type\":\"SearchAction\",\"target\":\"https:\/\/www.mes-allocs.fr\/guides\/?s={search_term_string}\",\"query-input\":\"required name=search_term_string\"}],\"inLanguage\":\"fr-FR\"},{\"@type\":\"ImageObject\",\"@id\":\"https:\/\/www.mes-allocs.fr\/guides\/chomage\/pole-emploi-actualisation\/comment-actualiser-pole-emploi\/accident-de-travail-actualisation-pole-emploi\/#primaryimage\",\"inLanguage\":\"fr-FR\",\"url\":\"https:\/\/www.mes-allocs.fr\/guides\/wp-content\/uploads\/2021\/05\/pexels-sam-lion-6001248.jpg?wsr\",\"width\":1280,\"height\":853,\"caption\":\"Accident de travail comment s 'actualiser avec pole emploi ?\"},{\"@type\":\"WebPage\",\"@id\":\"https:\/\/www.mes-allocs.fr\/guides\/chomage\/pole-emploi-actualisation\/comment-actualiser-pole-emploi\/accident-de-travail-actualisation-pole-emploi\/#webpage\",\"url\":\"https:\/\/www.mes-allocs.fr\/guides\/chomage\/pole-emploi-actualisation\/comment-actualiser-pole-emploi\/accident-de-travail-actualisation-pole-emploi\/\",\"name\":\"Accident de travail comment s'actualiser avec Pole Emploi ?\",\"isPartOf\":{\"@id\":\"https:\/\/www.mes-allocs.fr\/guides\/#website\"},\"primaryImageOfPage\":{\"@id\":\"https:\/\/www.mes-allocs.fr\/guides\/chomage\/pole-emploi-actualisation\/comment-actualiser-pole-emploi\/accident-de-travail-actualisation-pole-emploi\/#primaryimage\"},\"datePublished\":\"2021-05-25T14:58:29+00:00\",\"dateModified\":\"2025-06-20T10:13:50+00:00\",\"author\":{\"@id\":\"https:\/\/www.mes-allocs.fr\/guides\/#\/schema\/person\/1c4837d5703727cb02ce84583b5a44aa\"},\"description\":\"Lorsque vous \\u00eates en accident de travail ou au ch\\u00f4mage, vous devez actualiser votre situation avec P\\u00f4le Emploi. On vous dit comment faire !\",\"inLanguage\":\"fr-FR\"},{\"@type\":\"Person\",\"@id\":\"https:\/\/www.mes-allocs.fr\/guides\/#\/schema\/person\/1c4837d5703727cb02ce84583b5a44aa\",\"name\":\"Fabiola\",\"image\":{\"@type\":\"ImageObject\",\"@id\":\"https:\/\/www.mes-allocs.fr\/guides\/#personlogo\",\"inLanguage\":\"fr-FR\",\"url\":\"https:\/\/www.mes-allocs.fr\/guides\/wp-content\/uploads\/2021\/06\/fabiola-150x150.png\",\"caption\":\"Fabiola\"},\"description\":\"Fabiola est r\\u00e9dactrice au sein de l'\\u00e9quipe Mes Allocs, sp\\u00e9cialis\\u00e9e en sciences politiques et affaires publiques. Dipl\\u00f4m\\u00e9e de l'HEIP, elle rejoint Mes Allocs apr\\u00e8s une premi\\u00e8re exp\\u00e9rience \\u00e0 l'Assembl\\u00e9e Nationale.\",\"sameAs\":[\"https:\/\/www.linkedin.com\/in\/cecilia-philippe-b-8a8085195\"]}]}<\/script>\n<!-- \/ Yoast SEO plugin. -->","amp_validity":null,"acf":{"faq":{"1":{"question":"Pourquoi d\u00e9clarer arr\u00eat maladie P\u00f4le emploi ?","answer":"D\u00e9clarer vos arr\u00eats maladie permet d'\u00e9viter que des allocations ch\u00f4mage ne vous soient vers\u00e9es \u00e0 tort par P\u00f4le emploi. Le cas \u00e9ch\u00e9ant, vous serez tenus de les rembourser plus tard.\r\n"},"2":{"question":"Que faire si je suis en arr\u00eat maladie ?","answer":"Si l\u2019on vous prescrit un arr\u00eat maladie au ch\u00f4mage, la premi\u00e8re chose \u00e0 faire est d\u2019envoyer votre arr\u00eat \u00e0 la CPAM (Caisse Primaire d' Assurance Maladie) dans les 48 heures et de pr\u00e9venir votre conseiller P\u00f4le Emploi."},"3":{"question":"Comment transmettre un arr\u00eat de travail \u00e0 P\u00f4le emploi ?","answer":"Vous devez d\u00e9clarer \u00e0 P\u00f4le emploi votre indisponibilit\u00e9 due \u00e0 votre maladie \r\nsoit :\r\n-En d\u00e9clarant votre changement de situation via votre espace personnel.\r\n- ou en transmettant \u00e0 P\u00f4le emploi votre arr\u00eat de travail (le volet 3) en y pr\u00e9cisant les dates de d\u00e9but et de fin de l'arr\u00eat."},"4":{"question":"Comment est-on pay\u00e9 en arr\u00eat maladie au ch\u00f4mage ?","answer":"Une indemnit\u00e9 journali\u00e8re vous est vers\u00e9e pendant votre arr\u00eat maladie. Elle repr\u00e9sente 50% de votre salaire journalier de base."},"5":{"question":"Est-ce que l'accident de travail compte pour le ch\u00f4mage ?","answer":"Le versement des indemnit\u00e9s journali\u00e8res maladie n'est pas cumulable avec les allocations ch\u00f4mage. Durant toute la dur\u00e9e de versement des IJ maladie, le P\u00f4le emploi suspend son indemnisation. Toutefois, les droits \u00e0 l'allocation ch\u00f4mage sont report\u00e9s d'autant de jours."},"6":{"question":"Quels sont les \u00e9l\u00e9ments \u00e0 d\u00e9clarer en cas d'arr\u00eat maladie ?","answer":"Les \u00e9l\u00e9ments \u00e0 d\u00e9clarer en cas d'arr\u00eat maladie : \r\n\r\n-Les dates de d\u00e9but et de fin de la p\u00e9riode d\u2019arr\u00eat maladie.\r\n-Toute prolongation de votre arr\u00eat maladie initial\r\n-Pr\u00e9cisez si vous \u00eates toujours \u00e0 la recherche d\u2019un emploi ou non.\r\n"},"7":{"question":"","answer":""},"8":{"question":"","answer":""},"9":{"question":"","answer":""},"10":{"question":"","answer":""},"11":{"question":"","answer":""},"12":{"question":"","answer":""},"13":{"question":"","answer":""},"14":{"question":"","answer":""},"15":{"question":"","answer":""},"16":{"question":"","answer":""}}},"_links":{"self":[{"href":"https:\/\/www.mes-allocs.fr\/guides\/wp-json\/wp\/v2\/posts\/27704","targetHints":{"allow":["GET"]}}],"collection":[{"href":"https:\/\/www.mes-allocs.fr\/guides\/wp-json\/wp\/v2\/posts"}],"about":[{"href":"https:\/\/www.mes-allocs.fr\/guides\/wp-json\/wp\/v2\/types\/post"}],"author":[{"embeddable":true,"href":"https:\/\/www.mes-allocs.fr\/guides\/wp-json\/wp\/v2\/users\/7"}],"replies":[{"embeddable":true,"href":"https:\/\/www.mes-allocs.fr\/guides\/wp-json\/wp\/v2\/comments?post=27704"}],"version-history":[{"count":13,"href":"https:\/\/www.mes-allocs.fr\/guides\/wp-json\/wp\/v2\/posts\/27704\/revisions"}],"predecessor-version":[{"id":100837,"href":"https:\/\/www.mes-allocs.fr\/guides\/wp-json\/wp\/v2\/posts\/27704\/revisions\/100837"}],"wp:featuredmedia":[{"embeddable":true,"href":"https:\/\/www.mes-allocs.fr\/guides\/wp-json\/wp\/v2\/media\/27726"}],"wp:attachment":[{"href":"https:\/\/www.mes-allocs.fr\/guides\/wp-json\/wp\/v2\/media?parent=27704"}],"wp:term":[{"taxonomy":"category","embeddable":true,"href":"https:\/\/www.mes-allocs.fr\/guides\/wp-json\/wp\/v2\/categories?post=27704"},{"taxonomy":"post_tag","embeddable":true,"href":"https:\/\/www.mes-allocs.fr\/guides\/wp-json\/wp\/v2\/tags?post=27704"}],"curies":[{"name":"wp","href":"https:\/\/api.w.org\/{rel}","templated":true}]}}