{"id":27674,"date":"2021-05-26T16:14:26","date_gmt":"2021-05-26T16:14:26","guid":{"rendered":"https:\/\/www.mes-allocs.fr\/guides\/?p=27674"},"modified":"2026-03-04T14:45:43","modified_gmt":"2026-03-04T13:45:43","slug":"reconversion-professionnelle-fonction-publique-territoriale","status":"publish","type":"post","link":"https:\/\/www.mes-allocs.fr\/guides\/reconversion-professionnelle\/reconversion-professionnelle-quel-metier\/reconversion-professionnelle-fonction-publique\/reconversion-professionnelle-fonction-publique-territoriale\/","title":{"rendered":"La reconversion professionnelle dans la fonction publique territoriale"},"content":{"rendered":"<p><img loading=\"lazy\" decoding=\"async\" class=\"alignnone wp-image-27944 size-large\" title=\"reconversion professionnelle fonction publique territoriale\" src=\"https:\/\/www.mes-allocs.fr\/guides\/wp-content\/uploads\/2021\/05\/pexels-august-de-richelieu-4427627-e1622042945968-1024x282.jpg\" alt=\"reconversion professionnelle fonction publique territoriale\" width=\"1024\" height=\"282\" srcset=\"https:\/\/www.mes-allocs.fr\/guides\/wp-content\/uploads\/2021\/05\/pexels-august-de-richelieu-4427627-e1622042945968-1024x282.jpg 1024w, https:\/\/www.mes-allocs.fr\/guides\/wp-content\/uploads\/2021\/05\/pexels-august-de-richelieu-4427627-e1622042945968-300x83.jpg 300w, https:\/\/www.mes-allocs.fr\/guides\/wp-content\/uploads\/2021\/05\/pexels-august-de-richelieu-4427627-e1622042945968-768x211.jpg 768w, https:\/\/www.mes-allocs.fr\/guides\/wp-content\/uploads\/2021\/05\/pexels-august-de-richelieu-4427627-e1622042945968-600x165.jpg 600w, https:\/\/www.mes-allocs.fr\/guides\/wp-content\/uploads\/2021\/05\/pexels-august-de-richelieu-4427627-e1622042945968.jpg 1280w\" sizes=\"auto, (max-width: 1024px) 100vw, 1024px\" \/><\/p>\n<p style=\"text-align: justify;\">[Mis \u00e0 jour le 04\/03\/2026] La fonction publique territoriale offre plusieurs postes et repr\u00e9sente un v\u00e9ritable vivier en mati\u00e8re de recrutement. D\u00e9couvrez comment faire votre <strong><a href=\"https:\/\/www.mes-allocs.fr\/guides\/reconversion-professionnelle\/\">reconversion professionnelle<\/a> dans la fonction publique territoriale<\/strong> et acc\u00e9der au m\u00e9tier de votre choix.<\/p>\n<div class='cta-block'><div class='text'>Profitez de notre bilan de comp\u00e9tences financ\u00e9 par vos droits formation.<\/div><a href='https:\/\/www.formademia.fr\/coaching' class='app-button fit'>En savoir plus<\/a><\/div>\n<h1>La fonction publique territoriale, qu&rsquo;est-ce que c&rsquo;est ?<\/h1>\n<p style=\"text-align: justify;\">La fonction publique territoriale regroupe l\u2019ensemble des emplois des collectivit\u00e9s territoriales (la commune, le d\u00e9partement, la r\u00e9gion) et de leurs \u00e9tablissements publics.<br \/>\nCe secteur compte 1,9 million d&rsquo; agents publics.<\/p>\n<p><iframe loading=\"lazy\" title=\"La reconversion professionnelle\" width=\"500\" height=\"281\" src=\"https:\/\/www.youtube.com\/embed\/EiVUthswxl0?feature=oembed\" frameborder=\"0\" allow=\"accelerometer; autoplay; clipboard-write; encrypted-media; gyroscope; picture-in-picture; web-share\" referrerpolicy=\"strict-origin-when-cross-origin\" allowfullscreen><\/iframe><\/p>\n<h1>Comment devient-on fonctionnaire territorial ?<\/h1>\n<p>La Fonction Publique Territoriale (FPT) a \u00e9t\u00e9\u00a0cr\u00e9\u00e9e en 1984\u00a0pour r\u00e9unir sous un m\u00eame statut les agents des communes, des d\u00e9partements et des r\u00e9gions.<\/p>\n<p><a href=\"https:\/\/www.mes-allocs.fr\/guides\/reconversion-professionnelle\/reconversion-professionnelle-quel-metier\/\">Changer de m\u00e9tier<\/a> implique parfois de passer des concours. Et pour \u00eatre un agent titulaire de la fonction publique territoriale, vous devez dans un premier temps r\u00e9ussir le concours. Mais vous devez \u00e9galement faire de la prospection afin de trouver un poste.<\/p>\n<h2>Faut-il n\u00e9cessairement \u00eatre fonctionnaire pour acc\u00e9der \u00e0 un emploi dans la fonction publique ?<\/h2>\n<p style=\"text-align: justify;\">Le site Place de l\u2019emploi public permet, pour toute personne qui le souhaite, d\u2019acc\u00e9der \u00e0 l\u2019ensemble des offres d\u2019emploi propos\u00e9es par la fonction publique sur l\u2019ensemble du territoire et d\u2019<a href=\"https:\/\/www.mes-allocs.fr\/guides\/reconversion-professionnelle\/reconversion-professionnelle-quel-metier\/reconversion-professionnelle-fonction-publique\/\">int\u00e9grer la fonction publique<\/a> en tant qu\u2019agent public et sans avoir \u00e0 passer par la voie du concours.<\/p>\n<p style=\"text-align: justify;\">De vraies opportunit\u00e9s existent ainsi pour tous les citoyens de construire son parcours professionnel au service de l\u2019int\u00e9r\u00eat g\u00e9n\u00e9ral mais aussi d\u2019y r\u00e9aliser, par exemple, une reconversion professionnelle. En effet, la fonction publique est en permanence \u00e0 la recherche de nouveaux talents.<\/p>\n<h2><span id=\"Quelle_orientation\">Quelle orientation ?<\/span><\/h2>\n<p>Les m\u00e9tiers de La Fonction Publique Territoriale (FPT)\u00a0 sont tr\u00e8s divers secteur public ou priv\u00e9. Tels que : action sanitaire et sociale, action culturelle et \u00e9ducative, d\u00e9veloppement \u00e9conomique, transport, am\u00e9nagement du territoire, urbanisme et bien d\u2019autres encore.<\/p>\n<p><strong>Le CNFPT (Centre National de la Fonction Publique Territoriale) compte plus de 35 familles de m\u00e9tiers, les fili\u00e8res sont :\u00a0<\/strong><\/p>\n<ul>\n<li>Administrative<\/li>\n<li>Technique<\/li>\n<li>Culturelle<\/li>\n<li>Sportive<\/li>\n<li>M\u00e9dico-sociale<\/li>\n<li>Animation<\/li>\n<li>Police municipale<\/li>\n<li>Sapeurs-pompiers<\/li>\n<\/ul>\n<h2><span id=\"Passer_le_concours\">Passez le concours !<\/span><\/h2>\n<p>Les concours sont mis en place par le\u00a0CNFPT, les\u00a0Centres de gestion (CDG) ou directement par les collectivit\u00e9s. Ensuite, selon vos dipl\u00f4mes (ou des \u00e9quivalences de dipl\u00f4mes), vous pourrez passer des concours externes de cat\u00e9gorie A, B ou C.<\/p>\n<p>Avant de changer de m\u00e9tier ou d&rsquo;entamer votre reconversion professionnelle dans le secteur, vous devez bien comprendre les modes de fonctionnement de la fonction publique et de la charge administrative paritaire.<\/p>\n<p>\u00c0 noter : Sous certaines conditions d\u2019anciennet\u00e9 de service public. Vous pouvez passer le concours interne ouvert aux fonctionnaires et aux agents non-titulaires.<\/p>\n<p><strong>Vous pouvez consulter les calendriers des concours\u00a0sur :<\/strong><\/p>\n<ul>\n<li>le site de la\u00a0F\u00e9d\u00e9ration Nationale des Centres de Gestion\u00a0(FNCDG),<\/li>\n<li>les sites officiels des collectivit\u00e9s non affili\u00e9es \u00e0 un Centre de Gestion (Ville de Paris, etc.).<\/li>\n<\/ul>\n<h2><span id=\"Les_metiers_de_la_fonction_publique\">Les m\u00e9tiers de la fonction publique territoriale<\/span><\/h2>\n<ul class=\"i8Z77e\">\n<li class=\"TrT0Xe\">Adjoint administratif\/Adjointe administrative<\/li>\n<li class=\"TrT0Xe\">Attach\u00e9\/Attach\u00e9e d&rsquo;administration<\/li>\n<li class=\"TrT0Xe\">Attach\u00e9\/Attach\u00e9e territorial<\/li>\n<li class=\"TrT0Xe\">Biblioth\u00e9caire<\/li>\n<li class=\"TrT0Xe\">Charg\u00e9\/Charg\u00e9e de communication interne<\/li>\n<li class=\"TrT0Xe\">Charg\u00e9\/Charg\u00e9e des relations publiques<\/li>\n<li class=\"TrT0Xe\">Chef\/Cheffe de projet territorial<\/li>\n<li class=\"dot\">Directeur\/Directrice d&rsquo;h\u00f4pital<\/li>\n<li>Etc.<\/li>\n<\/ul>\n<p>Le statut de fonctionnaire est particulier. En effet, quel que soit le m\u00e9tier que le fonctionnaire exerce, il travaille pour le service public, et peut \u00eatre amen\u00e9 \u00e0 participer \u00e0 des formations des agents.<\/p>\n<p>Vous pouvez r\u00e9aliser un bilan de comp\u00e9tences pour faire un point sur votre parcours professionnel, et analyser si votre projet de reconversion professionnelle est coh\u00e9rent avec vos motivations.<\/p>\n<div class='cta-block'><div class='text'>Besoin d\u2019aide dans votre reconversion ?<\/div><a href='https:\/\/www.formademia.fr\/formulaire\/coaching' class='app-button fit'>Simuler mon \u00e9ligibilit\u00e9 au coaching<\/a><\/div>\n<h1><span id=\"Comment_passer_le_concours_de_la_fonction_publique\">Comment passer le concours de la fonction publique territoriale ?<\/span><\/h1>\n<p>Vous pourrez \u00eatre candidat au concours des agents publics apr\u00e8s le Bac, deux concours sont possibles :<\/p>\n<ul>\n<li>Un concours externe (ouvert aux dipl\u00f4m\u00e9s) ;<\/li>\n<li>Un concours interne, pour ceux qui occupent d\u00e9j\u00e0 un poste dans l\u2019administration.<\/li>\n<\/ul>\n<p>Il existe un troisi\u00e8me concours moins connu, mais instaur\u00e9 pour recruter des agents de la fonction publique au profil plus moderne, plus vari\u00e9. Dans le cadre d\u2019une reconversion, ce concours est accessible.<\/p>\n<p><strong>Pour vous pr\u00e9parer aux concours, vous pouvez suivre\u00a0:<\/strong><\/p>\n<ul>\n<li>Pr\u00e9pa concours fonction publique\/ fonction publique hospitali\u00e8re<\/li>\n<li>CPGE<\/li>\n<li>Licence<\/li>\n<li>Master.<\/li>\n<\/ul>\n<h2><span id=\"Conditions_pour_sinscrire_au_concours\">Les conditions pour s\u2019inscrire au concours<\/span><\/h2>\n<p>Les candidats au concours doivent justifier d\u2019une exp\u00e9rience professionnelle en tant que salari\u00e9s du secteur priv\u00e9, ind\u00e9pendants, ou avoir occup\u00e9 des responsabilit\u00e9s au sein d\u2019une association. Ou encore avoir \u00e9t\u00e9 titulaires d\u2019un mandat d\u2019\u00e9lu local (maire, conseiller municipal, g\u00e9n\u00e9ral ou r\u00e9gional).<\/p>\n<h2 class=\"page-title\">B\u00e9n\u00e9ficiez du cong\u00e9 de formation professionnelle (CFP)<\/h2>\n<p>Un agent de la fonction professionnelle peut faire une demande de cong\u00e9 de formation CFP pour mener \u00e0 bien un projet personnel ou bien professionnel. Ce cong\u00e9 d\u2019une dur\u00e9e maximale de 3 ans est r\u00e9mun\u00e9r\u00e9 pendant 12 mois.<\/p>\n<h3><span id=\"Conditions_pour_en_beneficier\">Conditions pour en b\u00e9n\u00e9ficier<\/span><\/h3>\n<ul>\n<li>\u00catre en activit\u00e9. Les personnes en cong\u00e9 th\u00e9rapeutique, en cong\u00e9 de fin d\u2019activit\u00e9, en disponibilit\u00e9. Sauf \u00e0 \u00eatre r\u00e9int\u00e9gr\u00e9e avant son d\u00e9part en cong\u00e9 de formation professionnelle sont donc exclues de ce dispositif.<\/li>\n<li>Vous devez justifier de 3 ann\u00e9es de services effectifs (ou bien l\u2019\u00e9quivalent pour les agents \u00e0 temps partiel) dans la fonction publique hospitali\u00e8re.<\/li>\n<li>Vous devez choisir une formation qui r\u00e9pond crit\u00e8res d\u00e9finis par le Conseil d\u2019Administration (CA) de l\u2019ANFH.<\/li>\n<\/ul>\n<h3><span id=\"Comment_en_beneficier\">Comment en b\u00e9n\u00e9ficier ?<\/span><\/h3>\n<p>Les proc\u00e9dures sont diff\u00e9rentes, selon que vous appartenez \u00e0 la fonction publique d\u2019\u00c9tat, la fonction publique territoriale ou la fonction publique hospitali\u00e8re :<\/p>\n<ul>\n<li>Fonction hospitali\u00e8re : vous devez dans un premier temps effectuer une demande d\u2019autorisation d\u2019absence administrative et ensuite une demande de prise en charge financi\u00e8re \u00e0 demander aupr\u00e8s de l\u2019ANFH.<\/li>\n<li>Fonction publique d\u2019\u00c9tat et fonction publique territoriale : cette demande de cong\u00e9 doit \u00eatre r\u00e9alis\u00e9e 90 jours au moins. Avant le d\u00e9but de votre formation. Vous devrez communiquer aussi bien la nature de votre formation, le nom de l\u2019organisme ou vous allez la r\u00e9aliser ainsi que sa dur\u00e9e. Le responsable de service de l\u2019agent a 30 jours suite \u00e0 la r\u00e9ception de la demande pour donner sa d\u00e9cision (accord\u00e9e ou non)<\/li>\n<\/ul>\n<h3><span id=\"Indemnisation_pendant_la_formation\">Indemnisation pendant la formation<\/span><\/h3>\n<p style=\"text-align: justify;\">Pendant votre formation vous \u00eates consid\u00e9r\u00e9 comme \u00e9tant en service. Ce temps de formation est donc pris en compte pour un l\u2019avancement mais \u00e9galement pour une promotion interne. Vous pouvez \u00e9galement conserver vos droits pour vos cong\u00e9s annuels.<\/p>\n<p style=\"text-align: justify;\">En cas de cong\u00e9 maladie ou de cong\u00e9 maternit\u00e9, le cong\u00e9 de formation est suspendu. Vous toucherez 85 % de votre traitement brut et de l\u2019indemnit\u00e9 de r\u00e9sidence que vous percevez au moment de votre premier jour de cong\u00e9.<\/p>\n<p style=\"text-align: justify;\">\u00c0 noter : L\u2019administration publique peut prendre en charge la r\u00e9mun\u00e9ration du CFP pour une dur\u00e9e de 12 mois maximum. Les agents de la fonction publique hospitali\u00e8re peuvent prolonger la dur\u00e9e de la r\u00e9mun\u00e9ration de leur CFP jusqu\u2019\u00e0 24 mois.<\/p>\n<p>Vous pouvez prendre <a href=\"https:\/\/www.formademia.fr\/formulaire\/coaching\">rendez-vous avec un conseiller Mes Allocs<\/a> pour r\u00e9aliser votre reconversion professionnelle et connaitre les aides disponibles pendant votre formation.<\/p>\n<h1><span id=\"Salaire_et_evolution\">Salaire et \u00e9volution<\/span><\/h1>\n<p>Le salaire d\u00e9pend de la cat\u00e9gorie \u00e0 laquelle vous appartenez (cat\u00e9gorie A, cat\u00e9gorie B ou cat\u00e9gorie C) et varie de <strong>1300<\/strong> \u00e0 <strong>3 000\u20ac<\/strong>. En termes d\u2019\u00e9volution, les fonctionnaires peuvent ensuite d\u00e9crocher une promotion interne ou passer un concours interne des services publics pour changer de poste, de cat\u00e9gorie et obtenir plus de responsabilit\u00e9s.<\/p>\n<p><a href=\"https:\/\/www.mes-allocs.fr\/guides\/reconversion-professionnelle\/reconversion-professionnelle-quel-metier\/reconversion-professionnelle-fonction-publique\/calcul-salaire-fonction-publique\/\">Calculez le salaire d&rsquo;un fonctionnaire<\/a> !<\/p>\n<h1>Quels dispositifs peuvent vous accompagner dans votre reconversion ?<\/h1>\n<h2>Le bilan de comp\u00e9tence<\/h2>\n<p class=\"contenu\" style=\"text-align: justify;\">Le bilan de comp\u00e9tences est une \u00e9tape importante dans le processus de reconversion professionnelle lorsque vous \u00eates dans la fonction publique. Celui-ci poss\u00e8de plusieurs objectifs.<\/p>\n<p class=\"contenu\" style=\"text-align: justify;\">Il vous permet d&rsquo;abord d\u2019analyser vos comp\u00e9tences personnelles (soft skills) et professionnelles, vos aptitudes et\u00a0 motivations. Ensuite, il vous aide \u00e0 d\u00e9finir votre projet professionnel ou votre projet de formation si vous souhaitez reprendre des \u00e9tudes. Enfin, il vous montre comment mettre en avant vos connaissances \u00e0 profit pour trouver un nouvel emploi, une formation professionnelle ou une \u00e9volution de carri\u00e8re.<\/p>\n<p style=\"text-align: justify;\">Vous pouvez utiliser votre compte personnel de formation pour les bilans de comp\u00e9tences :<\/p>\n<ul class=\"spip\">\n<li>En mobilisant votre compte personnel de formation pour un bilan r\u00e9alis\u00e9 hors temps de travail. Dans ce cas, vous n&rsquo;avez pas besoin d&rsquo;informer votre employeur.<\/li>\n<li>En mobilisant votre compte personnel de formation pour un bilan en tout ou partie, pendant le temps de travail. N&rsquo;oubliez pas de demander l\u2019accord pr\u00e9alable de l\u2019employeur en vous r\u00e9f\u00e9rant aux r\u00e8gles du compte personnel de formation.<\/li>\n<\/ul>\n<h2 class=\"page-title\">Le conseil en mobilit\u00e9-carri\u00e8re dans les services de l\u2019\u00c9tat<span class=\"date\">\u00a0<\/span><\/h2>\n<p>Un guide est destin\u00e9 \u00e0 l&rsquo;accompagnement de la mobilit\u00e9 et des carri\u00e8res. Il est \u00e0 l&rsquo;attention des professionnels impliqu\u00e9s dans la gestion des ressources humaines des services de l\u2019\u00c9tat et de ses \u00e9tablissements.<\/p>\n<p>Des conseillers mobilit\u00e9 carri\u00e8re (CMC) peuvent vous accompagner dans votre \u00e9volution professionnelle.<\/p>\n<h2>France Travail<\/h2>\n<p>Gr\u00e2ce \u00e0 France Travail, vous pouvez conna\u00eetre les emplois le plus recherch\u00e9s dans la fonction publique et vous diriger vers ceux-ci. On retrouve dans les cinq premi\u00e8res positions :<\/p>\n<ol>\n<li>Professeur ;<\/li>\n<li>Secr\u00e9taire administratif ;<\/li>\n<li>Adjoint administratif ;<\/li>\n<li>Assistant de service social ;<\/li>\n<li>Auxiliaire de pu\u00e9riculture.<\/li>\n<\/ol>\n<p>France Travail vous oriente \u00e9galement vers les offres d&#8217;emploi qui vous correspondront.<\/p>\n<div class='cta-block'><div class='text'>Besoin d\u2019aide dans votre reconversion ?<\/div><a href='https:\/\/www.formademia.fr\/formulaire\/coaching' class='app-button fit'>Simuler mon \u00e9ligibilit\u00e9 au coaching<\/a><\/div>\n","protected":false},"excerpt":{"rendered":"<p>[Mis \u00e0 jour le 04\/03\/2026] La fonction publique territoriale offre plusieurs postes et repr\u00e9sente un v\u00e9ritable vivier en mati\u00e8re de recrutement. D\u00e9couvrez comment faire votre reconversion professionnelle dans la fonction publique territoriale et acc\u00e9der au m\u00e9tier de votre choix. La fonction publique territoriale, qu&rsquo;est-ce que c&rsquo;est ? La fonction publique territoriale regroupe l\u2019ensemble des emplois [&hellip;]<\/p>\n","protected":false},"author":7,"featured_media":27943,"comment_status":"open","ping_status":"open","sticky":false,"template":"","format":"standard","meta":{"amp_status":"","footnotes":""},"categories":[5081,5971,5165],"tags":[],"class_list":["post-27674","post","type-post","status-publish","format-standard","has-post-thumbnail","hentry","category-reconversion-professionnelle","category-reconversion-professionnelle-fonction-publique","category-reconversion-professionnelle-quel-metier"],"yoast_head":"<!-- This site is optimized with the Yoast SEO plugin v14.9 - https:\/\/yoast.com\/wordpress\/plugins\/seo\/ -->\n<title>La reconversion professionnelle dans la fonction publique territoriale<\/title>\n<meta name=\"description\" content=\"Vous souhaitez int\u00e9grer la fonction publique territoriale dans le cadre d&#039;une reconversion professionnelle ? On vous explique comment faire !\" \/>\n<meta name=\"robots\" content=\"index, follow, max-snippet:-1, max-image-preview:large, max-video-preview:-1\" \/>\n<link rel=\"canonical\" href=\"https:\/\/www.mes-allocs.fr\/guides\/reconversion-professionnelle\/reconversion-professionnelle-quel-metier\/reconversion-professionnelle-fonction-publique\/reconversion-professionnelle-fonction-publique-territoriale\/\" \/>\n<meta property=\"og:locale\" content=\"fr_FR\" \/>\n<meta property=\"og:type\" content=\"article\" \/>\n<meta property=\"og:title\" content=\"La reconversion professionnelle dans la fonction publique territoriale\" \/>\n<meta property=\"og:description\" content=\"Vous souhaitez int\u00e9grer la fonction publique territoriale dans le cadre d&#039;une reconversion professionnelle ? On vous explique comment faire !\" \/>\n<meta property=\"og:url\" content=\"https:\/\/www.mes-allocs.fr\/guides\/reconversion-professionnelle\/reconversion-professionnelle-quel-metier\/reconversion-professionnelle-fonction-publique\/reconversion-professionnelle-fonction-publique-territoriale\/\" \/>\n<meta property=\"og:site_name\" content=\"Mes-Allocs.fr\" \/>\n<meta property=\"article:published_time\" content=\"2021-05-26T16:14:26+00:00\" \/>\n<meta property=\"article:modified_time\" content=\"2026-03-04T13:45:43+00:00\" \/>\n<meta property=\"og:image\" content=\"https:\/\/www.mes-allocs.fr\/guides\/wp-content\/uploads\/2021\/05\/pexels-edward-jenner-4031818.jpg?wsr\" \/>\n\t<meta property=\"og:image:width\" content=\"1280\" \/>\n\t<meta property=\"og:image:height\" content=\"853\" \/>\n<meta name=\"twitter:card\" content=\"summary_large_image\" \/>\n<script type=\"application\/ld+json\" class=\"yoast-schema-graph\">{\"@context\":\"https:\/\/schema.org\",\"@graph\":[{\"@type\":\"WebSite\",\"@id\":\"https:\/\/www.mes-allocs.fr\/guides\/#website\",\"url\":\"https:\/\/www.mes-allocs.fr\/guides\/\",\"name\":\"Mes-Allocs.fr\",\"description\":\"\",\"potentialAction\":[{\"@type\":\"SearchAction\",\"target\":\"https:\/\/www.mes-allocs.fr\/guides\/?s={search_term_string}\",\"query-input\":\"required name=search_term_string\"}],\"inLanguage\":\"fr-FR\"},{\"@type\":\"ImageObject\",\"@id\":\"https:\/\/www.mes-allocs.fr\/guides\/reconversion-professionnelle\/reconversion-professionnelle-quel-metier\/reconversion-professionnelle-fonction-publique\/reconversion-professionnelle-fonction-publique-territoriale\/#primaryimage\",\"inLanguage\":\"fr-FR\",\"url\":\"https:\/\/www.mes-allocs.fr\/guides\/wp-content\/uploads\/2021\/05\/pexels-edward-jenner-4031818.jpg?wsr\",\"width\":1280,\"height\":853,\"caption\":\"reconversion professionnelle fonction publique territoriale\"},{\"@type\":\"WebPage\",\"@id\":\"https:\/\/www.mes-allocs.fr\/guides\/reconversion-professionnelle\/reconversion-professionnelle-quel-metier\/reconversion-professionnelle-fonction-publique\/reconversion-professionnelle-fonction-publique-territoriale\/#webpage\",\"url\":\"https:\/\/www.mes-allocs.fr\/guides\/reconversion-professionnelle\/reconversion-professionnelle-quel-metier\/reconversion-professionnelle-fonction-publique\/reconversion-professionnelle-fonction-publique-territoriale\/\",\"name\":\"La reconversion professionnelle dans la fonction publique territoriale\",\"isPartOf\":{\"@id\":\"https:\/\/www.mes-allocs.fr\/guides\/#website\"},\"primaryImageOfPage\":{\"@id\":\"https:\/\/www.mes-allocs.fr\/guides\/reconversion-professionnelle\/reconversion-professionnelle-quel-metier\/reconversion-professionnelle-fonction-publique\/reconversion-professionnelle-fonction-publique-territoriale\/#primaryimage\"},\"datePublished\":\"2021-05-26T16:14:26+00:00\",\"dateModified\":\"2026-03-04T13:45:43+00:00\",\"author\":{\"@id\":\"https:\/\/www.mes-allocs.fr\/guides\/#\/schema\/person\/1c4837d5703727cb02ce84583b5a44aa\"},\"description\":\"Vous souhaitez int\\u00e9grer la fonction publique territoriale dans le cadre d'une reconversion professionnelle ? On vous explique comment faire !\",\"inLanguage\":\"fr-FR\"},{\"@type\":\"Person\",\"@id\":\"https:\/\/www.mes-allocs.fr\/guides\/#\/schema\/person\/1c4837d5703727cb02ce84583b5a44aa\",\"name\":\"Fabiola\",\"image\":{\"@type\":\"ImageObject\",\"@id\":\"https:\/\/www.mes-allocs.fr\/guides\/#personlogo\",\"inLanguage\":\"fr-FR\",\"url\":\"https:\/\/www.mes-allocs.fr\/guides\/wp-content\/uploads\/2021\/06\/fabiola-150x150.png\",\"caption\":\"Fabiola\"},\"description\":\"Fabiola est r\\u00e9dactrice au sein de l'\\u00e9quipe Mes Allocs, sp\\u00e9cialis\\u00e9e en sciences politiques et affaires publiques. Dipl\\u00f4m\\u00e9e de l'HEIP, elle rejoint Mes Allocs apr\\u00e8s une premi\\u00e8re exp\\u00e9rience \\u00e0 l'Assembl\\u00e9e Nationale.\",\"sameAs\":[\"https:\/\/www.linkedin.com\/in\/cecilia-philippe-b-8a8085195\"]}]}<\/script>\n<!-- \/ Yoast SEO plugin. -->","amp_validity":null,"acf":{"faq":{"1":{"question":"Pourquoi travailler dans la fonction publique ?","answer":"Devenir fonctionnaire, c'est mettre ses comp\u00e9tences au service de l'int\u00e9r\u00eat g\u00e9n\u00e9ral, promouvoir les valeurs r\u00e9publicaines, participer \u00e0 la mise en \u0153uvre des politiques publiques, rendre un service aux citoyens, en prise directe avec les pr\u00e9occupations de la soci\u00e9t\u00e9, etc."},"2":{"question":"Comment devenir fonctionnaire ?","answer":"Pour devenir fonctionnaire de la FPT (fonction publique territoriale), il ne suffit pas d'\u00eatre admis au concours. Vous devez aussi vous renseigner sur le m\u00e9tier qui vous conviendrait le mieux et d\u00e9buter vos recherches d'emploi. \r\n"},"3":{"question":"Qui peut \u00eatre fonctionnaire ?","answer":"Pour \u00eatre fonctionnaire dans l'une des 3 fonctions publiques, il faut \u00eatre fran\u00e7ais ou europ\u00e9en . Les emplois dits de souverainet\u00e9 ne sont, en revanche, accessibles qu'aux Fran\u00e7ais. Certains emplois sont toutefois accessibles par concours \u00e0 tout candidat sans condition de nationalit\u00e9.\r\n"},"4":{"question":"Comment sont recrut\u00e9s les fonctionnaires ?","answer":"Les fonctionnaires sont recrut\u00e9s par concours sauf d\u00e9rogation pr\u00e9vue par la loi (travailleurs handicap\u00e9s, PACTE, recrutement sans concours en cat\u00e9gorie C et reconversion des militaires). Il existe des concours pour tous les niveaux d'\u00e9tude, donnant acc\u00e8s \u00e0 l'une des trois cat\u00e9gories : A, B ou C."},"5":{"question":"Comment quitter la fonction publique rapidement ?","answer":"L'agent qui souhaite quitter ses fonctions peut pr\u00e9senter sa d\u00e9mission aupr\u00e8s de son employeur. Pour les agents contractuels, un d\u00e9lai de pr\u00e9avis est \u00e0 respecter. Ce d\u00e9lai se calcule en fonction de la dur\u00e9e des contrats conclus ant\u00e9rieurement."},"6":{"question":"Comment se faire financer une formation quand on est fonctionnaire ?","answer":"Dans la fonction publique hospitali\u00e8re, une prise en charge des frais li\u00e9s \u00e0 la formation peut \u00eatre accord\u00e9e par le comit\u00e9 de gestion r\u00e9gional. L'Etat et les collectivit\u00e9s territoriales financent rarement les frais de formation. Conditions : Avoir accompli au moins l'\u00e9quivalent de 3 ann\u00e9es de services \u00e0 temps plein."},"7":{"question":"","answer":""},"8":{"question":"","answer":""},"9":{"question":"","answer":""},"10":{"question":"","answer":""},"11":{"question":"","answer":""},"12":{"question":"","answer":""},"13":{"question":"","answer":""},"14":{"question":"","answer":""},"15":{"question":"","answer":""},"16":{"question":"","answer":""}}},"_links":{"self":[{"href":"https:\/\/www.mes-allocs.fr\/guides\/wp-json\/wp\/v2\/posts\/27674","targetHints":{"allow":["GET"]}}],"collection":[{"href":"https:\/\/www.mes-allocs.fr\/guides\/wp-json\/wp\/v2\/posts"}],"about":[{"href":"https:\/\/www.mes-allocs.fr\/guides\/wp-json\/wp\/v2\/types\/post"}],"author":[{"embeddable":true,"href":"https:\/\/www.mes-allocs.fr\/guides\/wp-json\/wp\/v2\/users\/7"}],"replies":[{"embeddable":true,"href":"https:\/\/www.mes-allocs.fr\/guides\/wp-json\/wp\/v2\/comments?post=27674"}],"version-history":[{"count":21,"href":"https:\/\/www.mes-allocs.fr\/guides\/wp-json\/wp\/v2\/posts\/27674\/revisions"}],"predecessor-version":[{"id":110058,"href":"https:\/\/www.mes-allocs.fr\/guides\/wp-json\/wp\/v2\/posts\/27674\/revisions\/110058"}],"wp:featuredmedia":[{"embeddable":true,"href":"https:\/\/www.mes-allocs.fr\/guides\/wp-json\/wp\/v2\/media\/27943"}],"wp:attachment":[{"href":"https:\/\/www.mes-allocs.fr\/guides\/wp-json\/wp\/v2\/media?parent=27674"}],"wp:term":[{"taxonomy":"category","embeddable":true,"href":"https:\/\/www.mes-allocs.fr\/guides\/wp-json\/wp\/v2\/categories?post=27674"},{"taxonomy":"post_tag","embeddable":true,"href":"https:\/\/www.mes-allocs.fr\/guides\/wp-json\/wp\/v2\/tags?post=27674"}],"curies":[{"name":"wp","href":"https:\/\/api.w.org\/{rel}","templated":true}]}}