{"id":27603,"date":"2021-05-25T14:25:36","date_gmt":"2021-05-25T14:25:36","guid":{"rendered":"https:\/\/www.mes-allocs.fr\/guides\/?p=27603"},"modified":"2026-03-04T18:10:38","modified_gmt":"2026-03-04T17:10:38","slug":"changement-carriere-lettre-de-motivation","status":"publish","type":"post","link":"https:\/\/www.mes-allocs.fr\/guides\/reconversion-professionnelle\/changer-de-carriere\/comment-changer-de-carriere-professionnelle\/changement-carriere-lettre-de-motivation\/","title":{"rendered":"Changement de carri\u00e8re : comment faire sa lettre de motivation ?"},"content":{"rendered":"<p><img loading=\"lazy\" decoding=\"async\" class=\"alignnone wp-image-27611 size-large\" title=\"Changement de carri\u00e8re lettre de motivation\" src=\"https:\/\/www.mes-allocs.fr\/guides\/wp-content\/uploads\/2021\/05\/pexels-sora-shimazaki-5668496-e1621819368276-1024x338.jpg\" alt=\"Changement de carri\u00e8re lettre de motivation\" width=\"1024\" height=\"338\" srcset=\"https:\/\/www.mes-allocs.fr\/guides\/wp-content\/uploads\/2021\/05\/pexels-sora-shimazaki-5668496-e1621819368276-1024x338.jpg 1024w, https:\/\/www.mes-allocs.fr\/guides\/wp-content\/uploads\/2021\/05\/pexels-sora-shimazaki-5668496-e1621819368276-300x99.jpg 300w, https:\/\/www.mes-allocs.fr\/guides\/wp-content\/uploads\/2021\/05\/pexels-sora-shimazaki-5668496-e1621819368276-768x253.jpg 768w, https:\/\/www.mes-allocs.fr\/guides\/wp-content\/uploads\/2021\/05\/pexels-sora-shimazaki-5668496-e1621819368276-600x198.jpg 600w, https:\/\/www.mes-allocs.fr\/guides\/wp-content\/uploads\/2021\/05\/pexels-sora-shimazaki-5668496-e1621819368276.jpg 1280w\" sizes=\"auto, (max-width: 1024px) 100vw, 1024px\" \/><\/p>\n<p style=\"text-align: justify;\">[Mis \u00e0 jour le 04\/03\/2026] La lettre de motivation est un \u00e9l\u00e9ment essentiel lorsque vous \u00eates en <a href=\"https:\/\/www.mes-allocs.fr\/guides\/reconversion-professionnelle\/\">reconversion professionnelle<\/a>. Elle permet de mettre en valeur les comp\u00e9tences que vous avez pu acqu\u00e9rir lors de vos pr\u00e9c\u00e9dentes exp\u00e9riences professionnelles. D\u00e9couvrez nos conseils pour une <strong>lettre de motivation r\u00e9ussie lors d&rsquo;un changement de carri\u00e8re<\/strong>.<\/p>\n<div class='cta-block'><div class='text'>Besoin d&rsquo;aide dans votre reconversion ?<\/div><a href='' class='app-button fit'>En savoir plus sur notre programme<\/a><\/div>\n<h1>Comment faire une lettre de motivation pour changer de m\u00e9tier ?<\/h1>\n<p>Comme pour un candidat classique, vous devrez passer par la r\u00e9daction d\u2019une lettre de motivation, et bien insister sur votre formation professionnelle ainsi que votre <a href=\"https:\/\/www.mes-allocs.fr\/guides\/reconversion-professionnelle\/changer-de-carriere-professionnelle\/\">changement de carri\u00e8re<\/a>.<\/p>\n<p><strong>Votre lettre peut se composer en 3 parties, c\u2019est-\u00e0-dire :<\/strong><\/p>\n<ul>\n<li>2 \u00e0 3 lignes sur l\u2019entreprise o\u00f9 vous souhaitez entreprendre une carri\u00e8re professionnelle.<\/li>\n<li>Parlez de vous, en mettant en avant les comp\u00e9tences que vous avez acquises. C\u2019est \u00e9galement \u00e0 cet endroit que vous devez parler de votre r\u00e9orientation professionnelle.<\/li>\n<li>Enfin, parlez de vos exp\u00e9riences pr\u00e9c\u00e9dentes et acquises.<\/li>\n<\/ul>\n<p>Pour conclure votre lettre de motivation dans le cadre de votre reconversion professionnelle, n\u2019oubliez pas de conclure avec une\u00a0formule de politesse et une proposition de rencontre. Sans oublier bien s\u00fbr de joindre votre <a href=\"https:\/\/www.mes-allocs.fr\/guides\/reconversion-professionnelle\/changer-de-carriere\/comment-changer-de-carriere-professionnelle\/cv-changement-de-carriere\/\">CV<\/a> et d\u2019\u00e9crire \u201cMadame, Monsieur\u201d.<\/p>\n<h2><span id=\"Expliquer_pourquoi_vous_avez_envie_de_changer_de_metier\">Expliquez le choix de votre nouveau parcours<\/span><\/h2>\n<p>C\u2019est important d\u2019expliquer pourquoi vous voulez changer de m\u00e9tier ou de secteur d\u2019 activit\u00e9. Il est important de d\u00e9montrer au recruteur que votre reconversion est n\u00e9cessairement r\u00e9fl\u00e9chie et audacieuse.<\/p>\n<p><strong>Vous souhaitez changer de m\u00e9tier, car :<\/strong><\/p>\n<ul>\n<li>Vous souhaitez donner un autre sens \u00e0 votre activit\u00e9 professionnelle.<\/li>\n<li>Elle suit une logique de carri\u00e8re\u00a0: par exemple, vous aviez un poste op\u00e9rationnel et vous souhaitez passer recruteur.<\/li>\n<li>Vous avez d\u00e9velopp\u00e9 les comp\u00e9tences n\u00e9cessaires \u00e0 l\u2019exercice de ce nouvel emploi et vous souhaitez les mettre en application.<\/li>\n<li>Etc\u2026<\/li>\n<\/ul>\n<p>Il existe beaucoup d\u2019 exemples de lettres de motivation pour postuler \u00e0 des offres d\u2019emploi que vous pouvez trouver sur internet. Ne faites pas de copie, mais vous pouvez vous en inspirer. L\u2019important est de mettre en avant les comp\u00e9tences acquises.<\/p>\n<p><iframe loading=\"lazy\" title=\"La reconversion professionnelle\" width=\"500\" height=\"281\" src=\"https:\/\/www.youtube.com\/embed\/EiVUthswxl0?feature=oembed\" frameborder=\"0\" allow=\"accelerometer; autoplay; clipboard-write; encrypted-media; gyroscope; picture-in-picture; web-share\" referrerpolicy=\"strict-origin-when-cross-origin\" allowfullscreen><\/iframe><\/p>\n<h2><span id=\"Qualites_a_mettre_en_avant\">Mettez en avant vos atouts et vos comp\u00e9tences \u00a0<\/span><\/h2>\n<p>Si vous souhaitez <a href=\"https:\/\/www.mes-allocs.fr\/guides\/reconversion-professionnelle\/changer-de-carriere\/comment-changer-de-carriere-professionnelle\/\">changer d\u2019orientation professionnelle<\/a>, vous devrez \u00eatre capable d\u2019expliquer tr\u00e8s clairement les motivations qui vous poussent vers un nouveau secteur ou un nouveau m\u00e9tier. Vous devrez mettre en avant les d\u00e9marches que vous avez entreprises pour changer de carri\u00e8re. Notamment formation, stages d\u2019observation ou de travail, rencontres avec des professionnels, etc.<\/p>\n<p>Vous pourrez \u00e9galement valoriser les comp\u00e9tences transf\u00e9rables acquises pendant votre parcours qui pourront int\u00e9resser l\u2019entreprise que vous avez choisie. Par exemple la gestion de projet, les comp\u00e9tences relationnelles, ou encore la ma\u00eetrise d\u2019outils informatiques.<\/p>\n<h2><span id=\"Montrez_votre_motivation\">Montrez votre motivation au recruteur<\/span><\/h2>\n<p><strong>Pour une lettre de motivation parfaite, n\u2019oubliez pas de montrer votre volont\u00e9.<\/strong> Tout comme aux entretiens d\u2019 embauche. Montrez aux recruteurs que vous avez envie de r\u00e9ussir, dans cette nouvelle vie et qu\u2019ils peuvent vous faire confiance. Expliquez que vous \u00eatre pr\u00eat \u00e0 vous former d\u00e8s votre arriv\u00e9e dans la soci\u00e9t\u00e9 afin de comprendre les outils de l\u2019entreprise, les r\u00e8gles, les mentions l\u00e9gales et politique de confidentialit\u00e9.<\/p>\n<p>Citez les d\u00e9marches effectu\u00e9es pour parfaire votre inexp\u00e9rience professionnelle. Cela peut \u00eatre une formation, un stage, une immersion en entreprise ou bien une rencontre avec des professionnels qui vous ont expliqu\u00e9 les d\u00e9tails et les enjeux du poste.<\/p>\n<h1 id=\"ancre-3\">Mod\u00e8le de lettre de motivation pour une r\u00e9orientation de carri\u00e8re<\/h1>\n<p><i>Objet : Candidature au poste de (intitul\u00e9 du poste)<\/i><\/p>\n<p><i>Madame\/Monsieur (+ nom de l\u2019interlocuteur),<\/i><\/p>\n<p><i>C\u2019est avec grand int\u00e9r\u00eat que j\u2019ai appris que vous \u00eates \u00e0 la recherche d\u2019un responsable des ressources humaines. Travaillant en tant que psychologue du travail, je souhaite vivement donner un tournant \u00e0 ma carri\u00e8re et je me permets donc de vous adresser ma candidature.<\/i><\/p>\n<p><i>Dipl\u00f4m\u00e9 en psychologie, ma formation m\u2019a permis d\u2019acqu\u00e9rir les comp\u00e9tences n\u00e9cessaires en recrutement. Mes nombreuses ann\u00e9es d\u2019exp\u00e9rience pr\u00e9c\u00e9dente m\u2019ont \u00e9galement permis de me familiariser avec la vie en entreprise et de me trouver \u00e0 l\u2019\u00e9coute des salari\u00e9s. Je suis donc fortement conscient des besoins du personnel.<\/i><\/p>\n<p><i>Ayant suivi une formation compl\u00e9mentaire en management et ressources humaines, je poss\u00e8de les comp\u00e9tences requises pour occuper le poste et je pense constituer un atout pour votre \u00e9quipe en raison de mon parcours tourn\u00e9 vers l\u2019humain. J\u2019ai la conviction de pouvoir contribuer au d\u00e9veloppement de votre entreprise en mettant en place une politique de recrutement adapt\u00e9e.<\/i><\/p>\n<p><i>D\u00e9termin\u00e9 \u00e0 \u00e9voluer dans le milieu des ressources humaines et dot\u00e9 d\u2019une grande capacit\u00e9 d\u2019adaptation, je serais ravi de pouvoir m\u2019\u00e9panouir au sein de votre entreprise. Pour de plus amples informations sur ma trajectoire professionnelle, n\u2019h\u00e9sitez pas \u00e0 consulter mon CV en pi\u00e8ce jointe.<\/i><\/p>\n<p><i>En vous remerciant de l\u2019attention que vous porterez \u00e0 ma candidature, je reste bien entendu \u00e0 votre disposition pour convenir d\u2019un entretien.<\/i><\/p>\n<p><i>Je vous prie d\u2019agr\u00e9er, Madame Monsieur, l\u2019expression de mes sinc\u00e8res salutations.<\/i><\/p>\n<p><i>Signature<\/i><\/p>\n<div class='cta-block'><div class='text'>Besoin d&rsquo;aide dans votre reconversion ?<\/div><a href='' class='app-button fit'>En savoir plus sur notre programme<\/a><\/div>\n","protected":false},"excerpt":{"rendered":"<p>[Mis \u00e0 jour le 04\/03\/2026] La lettre de motivation est un \u00e9l\u00e9ment essentiel lorsque vous \u00eates en reconversion professionnelle. Elle permet de mettre en valeur les comp\u00e9tences que vous avez pu acqu\u00e9rir lors de vos pr\u00e9c\u00e9dentes exp\u00e9riences professionnelles. D\u00e9couvrez nos conseils pour une lettre de motivation r\u00e9ussie lors d&rsquo;un changement de carri\u00e8re. Comment faire une [&hellip;]<\/p>\n","protected":false},"author":7,"featured_media":27606,"comment_status":"open","ping_status":"open","sticky":false,"template":"","format":"standard","meta":{"amp_status":"","footnotes":""},"categories":[5929,10038,5081],"tags":[],"class_list":["post-27603","post","type-post","status-publish","format-standard","has-post-thumbnail","hentry","category-changer-de-carriere","category-comment-changer-de-carriere-professionnelle","category-reconversion-professionnelle"],"yoast_head":"<!-- This site is optimized with the Yoast SEO plugin v14.9 - https:\/\/yoast.com\/wordpress\/plugins\/seo\/ -->\n<title>Changement de carri\u00e8re : comment faire sa lettre de motivation ?<\/title>\n<meta name=\"description\" content=\"Comment faire pour r\u00e9ussir sa lettre de motivation dans le cadre d&#039;un changement de carri\u00e8re ? L&#039;\u00e9quipe de Mes Allocs vous explique !\" \/>\n<meta name=\"robots\" content=\"index, follow, max-snippet:-1, max-image-preview:large, max-video-preview:-1\" \/>\n<link rel=\"canonical\" href=\"https:\/\/www.mes-allocs.fr\/guides\/reconversion-professionnelle\/changer-de-carriere\/comment-changer-de-carriere-professionnelle\/changement-carriere-lettre-de-motivation\/\" \/>\n<meta property=\"og:locale\" content=\"fr_FR\" \/>\n<meta property=\"og:type\" content=\"article\" \/>\n<meta property=\"og:title\" content=\"Changement de carri\u00e8re : comment faire sa lettre de motivation ?\" \/>\n<meta property=\"og:description\" content=\"Comment faire pour r\u00e9ussir sa lettre de motivation dans le cadre d&#039;un changement de carri\u00e8re ? L&#039;\u00e9quipe de Mes Allocs vous explique !\" \/>\n<meta property=\"og:url\" content=\"https:\/\/www.mes-allocs.fr\/guides\/reconversion-professionnelle\/changer-de-carriere\/comment-changer-de-carriere-professionnelle\/changement-carriere-lettre-de-motivation\/\" \/>\n<meta property=\"og:site_name\" content=\"Mes-Allocs.fr\" \/>\n<meta property=\"article:published_time\" content=\"2021-05-25T14:25:36+00:00\" \/>\n<meta property=\"article:modified_time\" content=\"2026-03-04T17:10:38+00:00\" \/>\n<meta property=\"og:image\" content=\"https:\/\/www.mes-allocs.fr\/guides\/wp-content\/uploads\/2021\/05\/pexels-rodnae-productions-7468092.jpg?wsr\" \/>\n\t<meta property=\"og:image:width\" content=\"1280\" \/>\n\t<meta property=\"og:image:height\" content=\"853\" \/>\n<meta name=\"twitter:card\" content=\"summary_large_image\" \/>\n<script type=\"application\/ld+json\" class=\"yoast-schema-graph\">{\"@context\":\"https:\/\/schema.org\",\"@graph\":[{\"@type\":\"WebSite\",\"@id\":\"https:\/\/www.mes-allocs.fr\/guides\/#website\",\"url\":\"https:\/\/www.mes-allocs.fr\/guides\/\",\"name\":\"Mes-Allocs.fr\",\"description\":\"\",\"potentialAction\":[{\"@type\":\"SearchAction\",\"target\":\"https:\/\/www.mes-allocs.fr\/guides\/?s={search_term_string}\",\"query-input\":\"required name=search_term_string\"}],\"inLanguage\":\"fr-FR\"},{\"@type\":\"ImageObject\",\"@id\":\"https:\/\/www.mes-allocs.fr\/guides\/reconversion-professionnelle\/changer-de-carriere\/comment-changer-de-carriere-professionnelle\/changement-carriere-lettre-de-motivation\/#primaryimage\",\"inLanguage\":\"fr-FR\",\"url\":\"https:\/\/www.mes-allocs.fr\/guides\/wp-content\/uploads\/2021\/05\/pexels-rodnae-productions-7468092.jpg?wsr\",\"width\":1280,\"height\":853,\"caption\":\"changement de carri\\u00e8re lettre de motivation\"},{\"@type\":\"WebPage\",\"@id\":\"https:\/\/www.mes-allocs.fr\/guides\/reconversion-professionnelle\/changer-de-carriere\/comment-changer-de-carriere-professionnelle\/changement-carriere-lettre-de-motivation\/#webpage\",\"url\":\"https:\/\/www.mes-allocs.fr\/guides\/reconversion-professionnelle\/changer-de-carriere\/comment-changer-de-carriere-professionnelle\/changement-carriere-lettre-de-motivation\/\",\"name\":\"Changement de carri\\u00e8re : comment faire sa lettre de motivation ?\",\"isPartOf\":{\"@id\":\"https:\/\/www.mes-allocs.fr\/guides\/#website\"},\"primaryImageOfPage\":{\"@id\":\"https:\/\/www.mes-allocs.fr\/guides\/reconversion-professionnelle\/changer-de-carriere\/comment-changer-de-carriere-professionnelle\/changement-carriere-lettre-de-motivation\/#primaryimage\"},\"datePublished\":\"2021-05-25T14:25:36+00:00\",\"dateModified\":\"2026-03-04T17:10:38+00:00\",\"author\":{\"@id\":\"https:\/\/www.mes-allocs.fr\/guides\/#\/schema\/person\/1c4837d5703727cb02ce84583b5a44aa\"},\"description\":\"Comment faire pour r\\u00e9ussir sa lettre de motivation dans le cadre d'un changement de carri\\u00e8re ? L'\\u00e9quipe de Mes Allocs vous explique !\",\"inLanguage\":\"fr-FR\"},{\"@type\":\"Person\",\"@id\":\"https:\/\/www.mes-allocs.fr\/guides\/#\/schema\/person\/1c4837d5703727cb02ce84583b5a44aa\",\"name\":\"Fabiola\",\"image\":{\"@type\":\"ImageObject\",\"@id\":\"https:\/\/www.mes-allocs.fr\/guides\/#personlogo\",\"inLanguage\":\"fr-FR\",\"url\":\"https:\/\/www.mes-allocs.fr\/guides\/wp-content\/uploads\/2021\/06\/fabiola-150x150.png\",\"caption\":\"Fabiola\"},\"description\":\"Fabiola est r\\u00e9dactrice au sein de l'\\u00e9quipe Mes Allocs, sp\\u00e9cialis\\u00e9e en sciences politiques et affaires publiques. Dipl\\u00f4m\\u00e9e de l'HEIP, elle rejoint Mes Allocs apr\\u00e8s une premi\\u00e8re exp\\u00e9rience \\u00e0 l'Assembl\\u00e9e Nationale.\",\"sameAs\":[\"https:\/\/www.linkedin.com\/in\/cecilia-philippe-b-8a8085195\"]}]}<\/script>\n<!-- \/ Yoast SEO plugin. -->","amp_validity":null,"acf":{"faq":{"1":{"question":"Qu'est-ce que la reconversion professionnelle ?","answer":"Faire une reconversion professionnelle c'est  changer de m\u00e9tier ou de statut professionnel."},"2":{"question":"Pourquoi faire une reconversion professionnelle ?","answer":"Les raisons varient d'une personne \u00e0 une autre. \r\nCependant, la recherche d'une activit\u00e9 plus en phase avec leurs valeurs personnelles est le motif le plus r\u00e9pandu."},"3":{"question":"Comment expliquer sa motivation pour une formation ?","answer":"Dans un premier temps, vous devez expliquer votre projet professionnel en \u00e9voquant les raisons pour lesquelles vous avez choisi la formation. Insistez aussi sur les qualit\u00e9s qui peuvent vous aider dans la r\u00e9ussite de la formation."},"4":{"question":"Comment r\u00e9diger une lettre de motivation pour une reconversion ?","answer":"Aborder concr\u00e8tement la reconversion professionnelle dans la lettre de motivation R\u00e9digez d'abord deux lignes sur les points saillants de l'entreprise vis\u00e9e. Puis parlez de vous. C'est \u00e0 cet endroit que la r\u00e9orientation doit figurer dans la lettre de motivation. ... Et enfin de votre valeur ajout\u00e9e pour le recruteur."},"5":{"question":"Qui a le droit au CPF ?","answer":"Le compte personnel de formation (CPF) est utilisable par tout salari\u00e9, tout au long de sa vie active, y compris en p\u00e9riode de ch\u00f4mage, pour suivre une formation qualifiante ou certifiante. Le CPF a remplac\u00e9 le droit individuel \u00e0 la formation (Dif)."},"6":{"question":"Quel organisme pour une reconversion professionnelle ?","answer":"France Travail est l'interlocuteur formation des demandeurs d'emploi. Il peut aider et accompagner les personnes en reconversion inscrites \u00e0 France Travail, et faire le point avec le demandeur sur ses besoins en formation \u00e0 travers diff\u00e9rents ateliers."},"7":{"question":"","answer":""},"8":{"question":"","answer":""},"9":{"question":"","answer":""},"10":{"question":"","answer":""},"11":{"question":"","answer":""},"12":{"question":"","answer":""},"13":{"question":"","answer":""},"14":{"question":"","answer":""},"15":{"question":"","answer":""},"16":{"question":"","answer":""}}},"_links":{"self":[{"href":"https:\/\/www.mes-allocs.fr\/guides\/wp-json\/wp\/v2\/posts\/27603","targetHints":{"allow":["GET"]}}],"collection":[{"href":"https:\/\/www.mes-allocs.fr\/guides\/wp-json\/wp\/v2\/posts"}],"about":[{"href":"https:\/\/www.mes-allocs.fr\/guides\/wp-json\/wp\/v2\/types\/post"}],"author":[{"embeddable":true,"href":"https:\/\/www.mes-allocs.fr\/guides\/wp-json\/wp\/v2\/users\/7"}],"replies":[{"embeddable":true,"href":"https:\/\/www.mes-allocs.fr\/guides\/wp-json\/wp\/v2\/comments?post=27603"}],"version-history":[{"count":16,"href":"https:\/\/www.mes-allocs.fr\/guides\/wp-json\/wp\/v2\/posts\/27603\/revisions"}],"predecessor-version":[{"id":110154,"href":"https:\/\/www.mes-allocs.fr\/guides\/wp-json\/wp\/v2\/posts\/27603\/revisions\/110154"}],"wp:featuredmedia":[{"embeddable":true,"href":"https:\/\/www.mes-allocs.fr\/guides\/wp-json\/wp\/v2\/media\/27606"}],"wp:attachment":[{"href":"https:\/\/www.mes-allocs.fr\/guides\/wp-json\/wp\/v2\/media?parent=27603"}],"wp:term":[{"taxonomy":"category","embeddable":true,"href":"https:\/\/www.mes-allocs.fr\/guides\/wp-json\/wp\/v2\/categories?post=27603"},{"taxonomy":"post_tag","embeddable":true,"href":"https:\/\/www.mes-allocs.fr\/guides\/wp-json\/wp\/v2\/tags?post=27603"}],"curies":[{"name":"wp","href":"https:\/\/api.w.org\/{rel}","templated":true}]}}