{"id":27471,"date":"2021-05-21T13:26:02","date_gmt":"2021-05-21T13:26:02","guid":{"rendered":"https:\/\/www.mes-allocs.fr\/guides\/?p=27471"},"modified":"2025-07-09T14:59:17","modified_gmt":"2025-07-09T12:59:17","slug":"prime-a-la-conversion-dossier","status":"publish","type":"post","link":"https:\/\/www.mes-allocs.fr\/guides\/prime-a-la-conversion\/prime-a-la-conversion-dossier\/","title":{"rendered":"Prime \u00e0 la conversion en 2025 : comment faire son dossier de demande d&rsquo;aide ?"},"content":{"rendered":"<p><img loading=\"lazy\" decoding=\"async\" class=\"aligncenter wp-image-27477 size-full\" src=\"https:\/\/www.mes-allocs.fr\/guides\/wp-content\/uploads\/2021\/05\/pexels-lukas-z\u030cvikas-1075947-e1693238861843.jpg\" alt=\"Prime \u00e0 la conversion : dossier de demande\" width=\"1280\" height=\"256\" srcset=\"https:\/\/www.mes-allocs.fr\/guides\/wp-content\/uploads\/2021\/05\/pexels-lukas-z\u030cvikas-1075947-e1693238861843.jpg 1280w, https:\/\/www.mes-allocs.fr\/guides\/wp-content\/uploads\/2021\/05\/pexels-lukas-z\u030cvikas-1075947-e1693238861843-300x60.jpg 300w, https:\/\/www.mes-allocs.fr\/guides\/wp-content\/uploads\/2021\/05\/pexels-lukas-z\u030cvikas-1075947-e1693238861843-1024x205.jpg 1024w, https:\/\/www.mes-allocs.fr\/guides\/wp-content\/uploads\/2021\/05\/pexels-lukas-z\u030cvikas-1075947-e1693238861843-768x154.jpg 768w, https:\/\/www.mes-allocs.fr\/guides\/wp-content\/uploads\/2021\/05\/pexels-lukas-z\u030cvikas-1075947-e1693238861843-600x120.jpg 600w\" sizes=\"auto, (max-width: 1280px) 100vw, 1280px\" \/><\/p>\n<p><strong>La <a href=\"https:\/\/www.mes-allocs.fr\/guides\/prime-a-la-conversion\/\">prime \u00e0 la conversion<\/a> a \u00e9t\u00e9 mise en place pour inciter les particuliers \u00e0 rouler avec un v\u00e9hicule propre. Un certain nombre de conditions sont \u00e0 respecter pour pouvoir en b\u00e9n\u00e9ficier. Mes Allocs vous explique en d\u00e9tail comment constituer votre dossier de demande pour la prime \u00e0 la conversion.<\/strong><\/p>\n<div class='cta-block'><div class='text'>Simulez toutes vos aides en 2 min.<\/div><a href='https:\/\/www.mes-allocs.fr\/ab-app?origin=guides\/wp-json\/wp\/v2\/posts\/27471' class='app-button fit'>Simulation gratuite<\/a><\/div>\n<p class=\"p1\"><div class='shortcode disclaimer'><div class='title'>Attention<\/div><div class='content'>La prime \u00e0 la conversion n\u2019est plus disponible depuis d\u00e9cembre 2024. Apr\u00e8s cette date, il n\u2019est plus possible d\u2019en b\u00e9n\u00e9ficier, que ce soit pour les particuliers ou les professionnels. <\/div><\/div><\/p>\n<h1>Comment faire un dossier de demande de prime \u00e0 la conversion ?<\/h1>\n<h2>Les justificatifs \u00e0 fournir pour le dossier de demande de la prime \u00e0 la conversion<\/h2>\n<h3>A. Pi\u00e8ces d&rsquo;identit\u00e9 et justificatifs de domicile<\/h3>\n<p>Lors de la constitution de votre dossier de demande de prime \u00e0 la conversion pour l&rsquo;ann\u00e9e 2025, assurez-vous d&rsquo;inclure les pi\u00e8ces d&rsquo;identit\u00e9 n\u00e9cessaires ainsi que les justificatifs de domicile requis. Parmi les documents accept\u00e9s pour prouver votre identit\u00e9 figurent g\u00e9n\u00e9ralement la carte nationale d&rsquo;identit\u00e9, le passeport ou le permis de conduire.<\/p>\n<p>Ces documents doivent \u00eatre valides et en cours de validit\u00e9. En ce qui concerne les justificatifs de domicile, les factures de services publics, les quittances de loyer ou les relev\u00e9s bancaires r\u00e9cents sont g\u00e9n\u00e9ralement accept\u00e9s. Veillez \u00e0 fournir des documents r\u00e9cents pour prouver votre r\u00e9sidence actuelle.<\/p>\n<h3>B. Carte grise du v\u00e9hicule \u00e0 remplacer<\/h3>\n<p>Un \u00e9l\u00e9ment crucial de votre dossier est la carte grise du v\u00e9hicule que vous pr\u00e9voyez de remplacer. La carte grise doit \u00eatre \u00e0 jour et \u00e9mise \u00e0 votre nom.<\/p>\n<p>Cela confirme que vous \u00eates le propri\u00e9taire l\u00e9gitime du v\u00e9hicule et que vous \u00eates autoris\u00e9 \u00e0 demander la prime \u00e0 la conversion. L&rsquo;inclusion de ce document est importante pour v\u00e9rifier que le v\u00e9hicule \u00e0 remplacer r\u00e9pond aux crit\u00e8res d&rsquo;\u00e9ligibilit\u00e9 \u00e9tablis par les autorit\u00e9s comp\u00e9tentes.<\/p>\n<h3>C. Attestation de revenu fiscal de r\u00e9f\u00e9rence (RFR)<\/h3>\n<p>Pour d\u00e9terminer votre \u00e9ligibilit\u00e9 \u00e0 la prime \u00e0 la conversion et le montant auquel vous pourriez pr\u00e9tendre, une attestation du revenu fiscal de r\u00e9f\u00e9rence est requise.<\/p>\n<p>Vous pouvez obtenir cette attestation en consultant votre avis d&rsquo;imp\u00f4t sur le revenu de l&rsquo;ann\u00e9e pr\u00e9c\u00e9dente. Assurez-vous de fournir cette attestation \u00e0 jour pour que votre demande soit correctement \u00e9valu\u00e9e.<\/p>\n<h3>D. Devis ou facture d&rsquo;achat du nouveau v\u00e9hicule<\/h3>\n<p>Lorsque vous envisagez de b\u00e9n\u00e9ficier de la prime \u00e0 la conversion, il est essentiel de fournir un devis ou une facture d&rsquo;achat du nouveau v\u00e9hicule que vous comptez acqu\u00e9rir.<\/p>\n<p>Ce document doit d\u00e9tailler les caract\u00e9ristiques du v\u00e9hicule, le prix d&rsquo;achat, ainsi que les options et \u00e9quipements \u00e9ventuels. Il est recommand\u00e9 de solliciter des devis ou des factures aupr\u00e8s de concessionnaires automobiles agr\u00e9\u00e9s pour garantir l&rsquo;authenticit\u00e9 de l&rsquo;information.<\/p>\n<h3>E. Formulaire de demande de prime \u00e0 la conversion<\/h3>\n<p>Pour formaliser votre demande de prime \u00e0 la conversion, vous devrez remplir un formulaire de demande d\u00e9di\u00e9. Ce formulaire peut \u00eatre t\u00e9l\u00e9charg\u00e9 \u00e0 partir du site officiel des autorit\u00e9s comp\u00e9tentes ou obtenu aupr\u00e8s des organismes habilit\u00e9s.<\/p>\n<p>Veillez \u00e0 compl\u00e9ter toutes les sections du formulaire avec pr\u00e9cision et \u00e0 fournir les informations n\u00e9cessaires pour \u00e9valuer votre \u00e9ligibilit\u00e9 et d\u00e9terminer le montant de la prime auquel vous pourriez pr\u00e9tendre.<\/p>\n<p>En rassemblant ces \u00e9l\u00e9ments cl\u00e9s dans votre dossier de demande, vous augmentez vos chances de r\u00e9ussir votre demande de prime \u00e0 la conversion pour l&rsquo;ann\u00e9e 2025. Assurez-vous de fournir des documents complets et \u00e0 jour pour faciliter le traitement de votre demande par les autorit\u00e9s comp\u00e9tentes.<\/p>\n<h2>Quelle est la proc\u00e9dure pour faire une demande de prime \u00e0 la conversion ?<\/h2>\n<h3>Une demande \u00e0 faire en ligne ou par courrier<\/h3>\n<p>Une fois que vous avez soigneusement rassembl\u00e9 tous les documents n\u00e9cessaires pour votre demande de prime \u00e0 la conversion 2025, il est temps de passer \u00e0 l&rsquo;\u00e9tape de la soumission. Vous disposez de diff\u00e9rentes options pour soumettre votre dossier complet.<\/p>\n<p>L&rsquo;une des m\u00e9thodes les plus courantes est la soumission en ligne via le site officiel des autorit\u00e9s comp\u00e9tentes. Cela offre une solution pratique et rapide, vous permettant de t\u00e9l\u00e9charger vos documents num\u00e9ris\u00e9s et de remplir le formulaire de demande \u00e9lectronique. Assurez-vous que vos fichiers sont au bon format et que toutes les informations sont correctement saisies.<\/p>\n<p>En plus de la soumission en ligne, certaines r\u00e9gions ou pays autorisent \u00e9galement la soumission par courrier. Dans ce cas, vous devrez envoyer l&rsquo;ensemble de votre dossier complet par voie postale \u00e0 l&rsquo;adresse indiqu\u00e9e par les autorit\u00e9s comp\u00e9tentes. Il est important de noter que si vous optez pour cette m\u00e9thode, veillez \u00e0 envoyer votre dossier suffisamment \u00e0 l&rsquo;avance pour qu&rsquo;il soit re\u00e7u avant la date limite de d\u00e9p\u00f4t.<\/p>\n<h3>Les d\u00e9lais de traitement d&rsquo;une demande de prime \u00e0 la conversion<\/h3>\n<p>Les autorit\u00e9s \u00e9tablissent des d\u00e9lais stricts pour la soumission des dossiers de demande de prime \u00e0 la conversion. Il est imp\u00e9ratif de respecter ces dates limites afin que votre demande soit trait\u00e9e en temps voulu. Pour \u00e9viter tout risque de retard, nous vous recommandons de commencer la pr\u00e9paration de votre dossier d\u00e8s que possible et de prendre en compte les d\u00e9lais de traitement postaux si vous choisissez la soumission par courrier.<\/p>\n<p>Gardez \u00e0 l&rsquo;esprit que la date limite de soumission peut varier d&rsquo;une r\u00e9gion \u00e0 l&rsquo;autre, il est donc essentiel de vous r\u00e9f\u00e9rer aux informations officielles et aux directives fournies par les autorit\u00e9s comp\u00e9tentes dans votre r\u00e9gion ou pays. Ne laissez pas le d\u00e9p\u00f4t de votre demande \u00e0 la derni\u00e8re minute pour \u00e9viter tout stress inutile et garantir que votre demande soit prise en consid\u00e9ration.<\/p>\n<p>Vous pouvez estimer vos droits \u00e0 la prime \u00e0 la conversion avec Mes Allocs. En deux minutes vous aurez une estimation fiable de vos droits. Si vous \u00eates effectivement \u00e9ligible, deux possibilit\u00e9s s&rsquo;offrent \u00e0 vous pour en b\u00e9n\u00e9ficier.<\/p>\n<p><strong>Attention<\/strong> : la prime \u00e0 la conversion ne peut \u00eatre attribu\u00e9e qu&rsquo;<a href=\"https:\/\/www.mes-allocs.fr\/guides\/prime-a-la-conversion\/prime-a-la-conversion-plusieurs-fois\/\">une seule fois<\/a>.<\/p>\n<div class='cta-block'><div class='text'>Simulez toutes vos aides en 2 min.<\/div><a href='https:\/\/www.mes-allocs.fr\/ab-app?origin=guides\/wp-json\/wp\/v2\/posts\/27471' class='app-button fit'>Simulation gratuite<\/a><\/div>\n<h1>Quelles sont les conditions pour \u00eatre \u00e9ligible \u00e0 la prime \u00e0 la conversion en 2025 ?<\/h1>\n<p>Pour \u00eatre \u00e9ligible \u00e0 la prime \u00e0 la conversion, vous devez respecter certaines <a href=\"https:\/\/www.mes-allocs.fr\/guides\/prime-a-la-conversion\/conditions-prime-a-la-conversion\/\">conditions<\/a> li\u00e9es au demandeur et au v\u00e9hicule.<\/p>\n<h2>Les conditions li\u00e9es au statut du demandeur et au v\u00e9hicule<\/h2>\n<ul>\n<li>\u00eatre\u00a0majeur<\/li>\n<li>\u00eatre\u00a0domicili\u00e9 en France<\/li>\n<li>mise au rebut d&rsquo;un v\u00e9hicule ancien<\/li>\n<li>acheter un\u00a0v\u00e9hicule peu polluant<\/li>\n<\/ul>\n<h2>Les conditions li\u00e9es aux revenus du demandeur<\/h2>\n<p>Vous devez avoir un revenu fiscal de r\u00e9f\u00e9rence par part (avis d&rsquo;imp\u00f4t 2024 sur les revenus 2023) inf\u00e9rieur ou \u00e9gal \u00e0 :<\/p>\n<ul>\n<li><b>24 900 \u20ac<\/b><\/li>\n<li><strong><span class=\"sp-prix\">14 089 \u20ac<\/span><\/strong> pour l&rsquo;achat ou la location d&rsquo;un v\u00e9hicule thermique ou hybride rechargeable.<\/li>\n<\/ul>\n<p>Exemples :<\/p>\n<ul>\n<li>si vous avez un RFR de 37.000 \u20ac et que vous avez 3 parts fiscales (couple mari\u00e9 ou pacs\u00e9 + 2 enfants \u00e0 charge) alors vous avez un RFR par part \u00e9gal \u00e0 37.000 \/ 3 = 12.333 \u20ac. Vous \u00eates donc \u00e9ligible \u00e0 la prime \u00e0 la conversion<\/li>\n<li>si vous avez un RFR de 56.000 \u20ac et que vous avez 3 parts fiscales (couple mari\u00e9 ou pacs\u00e9 + 2 enfants \u00e0 charge) alors vous avez un RFR par part \u00e9gal \u00e0 56.000 \/ 3 = 18.667 \u20ac. Vous \u00eates donc \u00e9ligible \u00e0 la prime \u00e0 la conversion pour l&rsquo;achat ou la location d&rsquo;un v\u00e9hicule \u00e9lectrique.<\/li>\n<\/ul>\n<h1>Quel est le montant de la prime \u00e0 la conversion en 2024 ?<\/h1>\n<h2>Si votre RFR par part est inf\u00e9rieur ou \u00e9gal \u00e0 14 089 \u20ac<\/h2>\n<p>Le <a href=\"https:\/\/www.mes-allocs.fr\/guides\/prime-a-la-conversion\/montant-prime-a-la-conversion\/\">montant de la prime \u00e0 la conversion<\/a> auquel vous pourrez pr\u00e9tendre d\u00e9pend notamment du v\u00e9hicule achet\u00e9 ainsi que de votre revenu fiscal de r\u00e9f\u00e9rence par part du foyer qui ne doit pas d\u00e9passer <b>24 900 \u20ac<\/b>.<\/p>\n<p style=\"text-align: justify;\">Montant prime \u00e0 la conversion 2025<\/p>\n\n<div class=\"wpdt-c row wpDataTableContainerSimpleTable wpDataTables wpDataTablesWrapper\n\"\n    >\n    <table id=\"wpdtSimpleTable-349\"\n           class=\"wpdtSimpleTable wpDataTable\"\n           data-column=\"6\"\n           data-rows=\"7\"\n           data-wpID=\"349\"\n           data-responsive=\"0\"\n           data-has-header=\"1\">\n\n                    <thead>        <tr class=\"wpdt-cell-row \" style=\"height:101px;\">\n                            <th class=\"wpdt-cell wpdt-bc-8FB6D7 wpdt-bold wpdt-align-center\"\n                                    data-cell-id=\"A1\"\n                data-col-index=\"0\"\n                data-row-index=\"0\"\n                style=\" width:16.504854368932%;                padding:10px;\"\n                >\n                                V\u00e9hicules \u00e9ligibles \u00e0 acheter pour b\u00e9n\u00e9ficier de la prime \u00e0 la conversion                <\/th>\n                                            <th class=\"wpdt-cell wpdt-bc-8FB6D7 wpdt-bold wpdt-align-center\"\n                                    data-cell-id=\"B1\"\n                data-col-index=\"1\"\n                data-row-index=\"0\"\n                style=\" width:17.47572815534%;                padding:10px;\"\n                >\n                                Revenu fiscal de r\u00e9f\u00e9rence \u2264 7 100 \u20ac par part ou ceux avec un RFR\/part \u2264 14 089 \u20ac qui sont gros rouleurs (+ 60km\/jour ou +12 000 km\/an)                <\/th>\n                                            <th class=\"wpdt-cell wpdt-bc-8FB6D7 wpdt-bold wpdt-align-center\"\n                                    data-cell-id=\"C1\"\n                data-col-index=\"2\"\n                data-row-index=\"0\"\n                style=\" width:16.504854368932%;                padding:10px;\"\n                >\n                                RFR\/part \u2264 14 089 \u20ac                <\/th>\n                                            <th class=\"wpdt-cell wpdt-bc-8FB6D7 wpdt-bold wpdt-align-center\"\n                                    data-cell-id=\"D1\"\n                data-col-index=\"3\"\n                data-row-index=\"0\"\n                style=\" width:16.504854368932%;                padding:10px;\"\n                >\n                                RFR\/part > 14 089 \u20ac                <\/th>\n                                            <th class=\"wpdt-cell wpdt-bc-8FB6D7 wpdt-bold wpdt-align-center\"\n                                    data-cell-id=\"E1\"\n                data-col-index=\"4\"\n                data-row-index=\"0\"\n                style=\" width:16.504854368932%;                padding:10px;\"\n                >\n                                Personne morale (entreprise)                <\/th>\n                                            <th class=\"wpdt-cell wpdt-bc-8FB6D7 wpdt-bold wpdt-align-center\"\n                                    data-cell-id=\"F1\"\n                data-col-index=\"5\"\n                data-row-index=\"0\"\n                style=\" width:16.504854368932%;                padding:10px;\"\n                >\n                                Bonus \u00e9cologique Max                <\/th>\n                                        <\/tr>\n                    <tbody>        <tr class=\"wpdt-cell-row \" style=\"height:107px;\">\n                            <td class=\"wpdt-cell \"\n                                    data-cell-id=\"A2\"\n                data-col-index=\"0\"\n                data-row-index=\"1\"\n                style=\"                padding:10px;\"\n                >\n                                Diesel Crit'AIR 2\nimmatricul\u00e9\u00a0apr\u00e8s\u00a0le 01\/09\/2019\n(taux d'\u00e9mission CO2 \u2264 137g\/km)                <\/td>\n                                            <td class=\"wpdt-cell \"\n                                    data-cell-id=\"B2\"\n                data-col-index=\"1\"\n                data-row-index=\"1\"\n                style=\"                padding:10px;\"\n                >\n                                3000\u20ac\nlimit\u00e9 \u00e0 80% du prix du v\u00e9hicule                <\/td>\n                                            <td class=\"wpdt-cell \"\n                                    data-cell-id=\"C2\"\n                data-col-index=\"2\"\n                data-row-index=\"1\"\n                style=\"                padding:10px;\"\n                >\n                                1500\u20ac                <\/td>\n                                            <td class=\"wpdt-cell \"\n                                    data-cell-id=\"D2\"\n                data-col-index=\"3\"\n                data-row-index=\"1\"\n                style=\"                padding:10px;\"\n                >\n                                0\u20ac                <\/td>\n                                            <td class=\"wpdt-cell \"\n                                    data-cell-id=\"E2\"\n                data-col-index=\"4\"\n                data-row-index=\"1\"\n                style=\"                padding:10px;\"\n                >\n                                0\u20ac                <\/td>\n                                            <td class=\"wpdt-cell \"\n                                    data-cell-id=\"F2\"\n                data-col-index=\"5\"\n                data-row-index=\"1\"\n                style=\"                padding:10px;\"\n                >\n                                0\u20ac                <\/td>\n                                        <\/tr>\n                            <tr class=\"wpdt-cell-row \" >\n                            <td class=\"wpdt-cell \"\n                                    data-cell-id=\"A3\"\n                data-col-index=\"0\"\n                data-row-index=\"2\"\n                style=\"                padding:10px;\"\n                >\n                                Essence ou Diesel Crit'AIR 2\nimmatricul\u00e9\u00a0avant\u00a0le 01\/09\/2019                <\/td>\n                                            <td class=\"wpdt-cell \"\n                                    data-cell-id=\"B3\"\n                data-col-index=\"1\"\n                data-row-index=\"2\"\n                style=\"                padding:10px;\"\n                >\n                                0\u20ac                <\/td>\n                                            <td class=\"wpdt-cell \"\n                                    data-cell-id=\"C3\"\n                data-col-index=\"2\"\n                data-row-index=\"2\"\n                style=\"                padding:10px;\"\n                >\n                                0\u20ac                <\/td>\n                                            <td class=\"wpdt-cell \"\n                                    data-cell-id=\"D3\"\n                data-col-index=\"3\"\n                data-row-index=\"2\"\n                style=\"                padding:10px;\"\n                >\n                                0\u20ac                <\/td>\n                                            <td class=\"wpdt-cell \"\n                                    data-cell-id=\"E3\"\n                data-col-index=\"4\"\n                data-row-index=\"2\"\n                style=\"                padding:10px;\"\n                >\n                                0\u20ac                <\/td>\n                                            <td class=\"wpdt-cell \"\n                                    data-cell-id=\"F3\"\n                data-col-index=\"5\"\n                data-row-index=\"2\"\n                style=\"                padding:10px;\"\n                >\n                                0\u20ac                <\/td>\n                                        <\/tr>\n                            <tr class=\"wpdt-cell-row \" >\n                            <td class=\"wpdt-cell \"\n                                    data-cell-id=\"A4\"\n                data-col-index=\"0\"\n                data-row-index=\"3\"\n                style=\"                padding:10px;\"\n                >\n                                \u00c9lectrique Crit'AIR 0 neuf ou occasion\n(taux d'\u00e9mission CO2 \u2264 20g\/km)                <\/td>\n                                            <td class=\"wpdt-cell \"\n                                    data-cell-id=\"B4\"\n                data-col-index=\"1\"\n                data-row-index=\"3\"\n                style=\"                padding:10px;\"\n                >\n                                5000\u20ac\nlimit\u00e9 \u00e0 80% du prix du v\u00e9hicule                <\/td>\n                                            <td class=\"wpdt-cell \"\n                                    data-cell-id=\"C4\"\n                data-col-index=\"2\"\n                data-row-index=\"3\"\n                style=\"                padding:10px;\"\n                >\n                                2500\u20ac                <\/td>\n                                            <td class=\"wpdt-cell \"\n                                    data-cell-id=\"D4\"\n                data-col-index=\"3\"\n                data-row-index=\"3\"\n                style=\"                padding:10px;\"\n                >\n                                2500\u20ac                <\/td>\n                                            <td class=\"wpdt-cell \"\n                                    data-cell-id=\"E4\"\n                data-col-index=\"4\"\n                data-row-index=\"3\"\n                style=\"                padding:10px;\"\n                >\n                                2500\u20ac                <\/td>\n                                            <td class=\"wpdt-cell \"\n                                    data-cell-id=\"F4\"\n                data-col-index=\"5\"\n                data-row-index=\"3\"\n                style=\"                padding:10px;\"\n                >\n                                7000\u20ac\n(1000\u20ac pour l'occasion)                <\/td>\n                                        <\/tr>\n                            <tr class=\"wpdt-cell-row \" >\n                            <td class=\"wpdt-cell \"\n                                    data-cell-id=\"A5\"\n                data-col-index=\"0\"\n                data-row-index=\"4\"\n                style=\"                padding:10px;\"\n                >\n                                V\u00e9hicule hybride rechargeable neuf ou occasion Crit'AIR 1\nAutonomie \u00e9lectrique >50km\n(20g\/km < taux d'\u00e9mission CO2 \u2264 50g\/km)                <\/td>\n                                            <td class=\"wpdt-cell \"\n                                    data-cell-id=\"B5\"\n                data-col-index=\"1\"\n                data-row-index=\"4\"\n                style=\"                padding:10px;\"\n                >\n                                5000\u20ac\nlimit\u00e9 \u00e0 80% du prix du v\u00e9hicule                <\/td>\n                                            <td class=\"wpdt-cell \"\n                                    data-cell-id=\"C5\"\n                data-col-index=\"2\"\n                data-row-index=\"4\"\n                style=\"                padding:10px;\"\n                >\n                                2500\u20ac                <\/td>\n                                            <td class=\"wpdt-cell \"\n                                    data-cell-id=\"D5\"\n                data-col-index=\"3\"\n                data-row-index=\"4\"\n                style=\"                padding:10px;\"\n                >\n                                2500\u20ac                <\/td>\n                                            <td class=\"wpdt-cell \"\n                                    data-cell-id=\"E5\"\n                data-col-index=\"4\"\n                data-row-index=\"4\"\n                style=\"                padding:10px;\"\n                >\n                                2500\u20ac                <\/td>\n                                            <td class=\"wpdt-cell \"\n                                    data-cell-id=\"F5\"\n                data-col-index=\"5\"\n                data-row-index=\"4\"\n                style=\"                padding:10px;\"\n                >\n                                2000\u20ac\n(uniquement pour du neuf)                <\/td>\n                                        <\/tr>\n                            <tr class=\"wpdt-cell-row \" style=\"height:107px;\">\n                            <td class=\"wpdt-cell \"\n                                    data-cell-id=\"A6\"\n                data-col-index=\"0\"\n                data-row-index=\"5\"\n                style=\"                padding:10px;\"\n                >\n                                V\u00e9hicule hybride rechargeable neuf ou occasion Crit'AIR 1\nAutonomie \u00e9lectrique <50km\n(20g\/km < taux d'\u00e9mission CO2 \u2264 50g\/km)                <\/td>\n                                            <td class=\"wpdt-cell \"\n                                    data-cell-id=\"B6\"\n                data-col-index=\"1\"\n                data-row-index=\"5\"\n                style=\"                padding:10px;\"\n                >\n                                3000\u20ac\nlimit\u00e9 \u00e0 80% du prix du v\u00e9hicule                <\/td>\n                                            <td class=\"wpdt-cell \"\n                                    data-cell-id=\"C6\"\n                data-col-index=\"2\"\n                data-row-index=\"5\"\n                style=\"                padding:10px;\"\n                >\n                                1500\u20ac                <\/td>\n                                            <td class=\"wpdt-cell \"\n                                    data-cell-id=\"D6\"\n                data-col-index=\"3\"\n                data-row-index=\"5\"\n                style=\"                padding:10px;\"\n                >\n                                1500\u20ac                <\/td>\n                                            <td class=\"wpdt-cell \"\n                                    data-cell-id=\"E6\"\n                data-col-index=\"4\"\n                data-row-index=\"5\"\n                style=\"                padding:10px;\"\n                >\n                                0\u20ac                <\/td>\n                                            <td class=\"wpdt-cell \"\n                                    data-cell-id=\"F6\"\n                data-col-index=\"5\"\n                data-row-index=\"5\"\n                style=\"                padding:10px;\"\n                >\n                                0\u20ac                <\/td>\n                                        <\/tr>\n                            <tr class=\"wpdt-cell-row \" >\n                            <td class=\"wpdt-cell \"\n                                    data-cell-id=\"A7\"\n                data-col-index=\"0\"\n                data-row-index=\"6\"\n                style=\"                padding:10px;\"\n                >\n                                Deux-roues, trois-roues motoris\u00e9 ou quadricycle \u00e9lectrique Crit'AIR 0 neuf                <\/td>\n                                            <td class=\"wpdt-cell \"\n                                    data-cell-id=\"B7\"\n                data-col-index=\"1\"\n                data-row-index=\"6\"\n                style=\"                padding:10px;\"\n                >\n                                1100\u20ac                <\/td>\n                                            <td class=\"wpdt-cell \"\n                                    data-cell-id=\"C7\"\n                data-col-index=\"2\"\n                data-row-index=\"6\"\n                style=\"                padding:10px;\"\n                >\n                                1100\u20ac                <\/td>\n                                            <td class=\"wpdt-cell \"\n                                    data-cell-id=\"D7\"\n                data-col-index=\"3\"\n                data-row-index=\"6\"\n                style=\"                padding:10px;\"\n                >\n                                100\u20ac                <\/td>\n                                            <td class=\"wpdt-cell \"\n                                    data-cell-id=\"E7\"\n                data-col-index=\"4\"\n                data-row-index=\"6\"\n                style=\"                padding:10px;\"\n                >\n                                0\u20ac                <\/td>\n                                            <td class=\"wpdt-cell \"\n                                    data-cell-id=\"F7\"\n                data-col-index=\"5\"\n                data-row-index=\"6\"\n                style=\"                padding:10px;\"\n                >\n                                250\u20ac\/kWh                <\/td>\n                                        <\/tr>\n                    <\/table>\n<\/div><style id='wpdt-custom-style-349'>\ntable#wpdtSimpleTable-349{ table-layout: fixed !important; }\n.wpdt-bc-8FB6D7 { background-color: #8FB6D7 !important;}\n<\/style>\n\n<h2>Si votre RFR par part est sup\u00e9rieur \u00e0 14 089 \u20ac<\/h2>\n<p>Dans ce cas, vous \u00eates uniquement \u00e9ligible \u00e0 la prime \u00e0 la conversion pour l&rsquo;achat ou la location d&rsquo;un v\u00e9hicule qui utilise l\u2019\u00e9lectricit\u00e9, l&rsquo;hydrog\u00e8ne ou une combinaison des deux comme source exclusive d&rsquo;\u00e9nergie. Le montant de la prime est alors de<strong> 2.500\u20ac.\u00a0<\/strong><\/p>\n<h2>La surprime ZFE<\/h2>\n<p>Vous pouvez recevoir une bonus de 1.000 \u20ac si vous habitez ou travaillez dans une zone \u00e0 faible \u00e9mission mobilit\u00e9 (ZFE). Si votre collectivit\u00e9 territoriale vous a vers\u00e9 une aide pour acheter ou louer un v\u00e9hicule propre, la surprime est major\u00e9e du montant de l&rsquo;aide locale dans la limite de 2.000 \u20ac suppl\u00e9mentaires.<\/p>\n<p>Exemple : vous avez re\u00e7u une aide locale de 2.500 \u20ac, la surprime est de 1 000 \u20ac, major\u00e9e de 2 000 \u20ac (et non pas de 2.500\u20ac), soit un total de surprime de 3.000 \u20ac.<\/p>\n<h1><strong>Pr\u00e9parez votre dossier de prime \u00e0 la conversion en toute confiance<\/strong><\/h1>\n<p>La constitution d&rsquo;un dossier de demande de prime \u00e0 la conversion rev\u00eat une importance capitale pour ceux qui aspirent \u00e0 b\u00e9n\u00e9ficier de cette incitation \u00e0 l&rsquo;achat de v\u00e9hicules plus respectueux de l&rsquo;environnement.<\/p>\n<p>Il est essentiel de garder \u00e0 l&rsquo;esprit que la prime \u00e0 la conversion a un impact positif sur l&rsquo;environnement en encourageant le renouvellement du parc automobile et la r\u00e9duction des \u00e9missions polluantes. En d\u00e9ployant des efforts pour constituer un dossier complet et pr\u00e9cis, vous contribuez non seulement \u00e0 votre propre b\u00e9n\u00e9fice financier, mais aussi \u00e0 la pr\u00e9servation de notre plan\u00e8te.<\/p>\n<p>N&rsquo;h\u00e9sitez pas \u00e0 <a href=\"https:\/\/www.mes-allocs.fr\/souscription\">solliciter les experts<\/a> de l&rsquo;\u00e9quipe Mes Allocs pour b\u00e9n\u00e9ficier d&rsquo;un accompagnement dans toutes ces d\u00e9marches.<\/p>\n<div class='cta-block'><div class='text'>Simulez toutes vos aides en 2 min.<\/div><a href='https:\/\/www.mes-allocs.fr\/ab-app?origin=guides\/wp-json\/wp\/v2\/posts\/27471' class='app-button fit'>Simulation gratuite<\/a><\/div>\n","protected":false},"excerpt":{"rendered":"<p>La prime \u00e0 la conversion a \u00e9t\u00e9 mise en place pour inciter les particuliers \u00e0 rouler avec un v\u00e9hicule propre. Un certain nombre de conditions sont \u00e0 respecter pour pouvoir en b\u00e9n\u00e9ficier. Mes Allocs vous explique en d\u00e9tail comment constituer votre dossier de demande pour la prime \u00e0 la conversion. Comment faire un dossier de [&hellip;]<\/p>\n","protected":false},"author":10,"featured_media":27477,"comment_status":"open","ping_status":"open","sticky":false,"template":"","format":"standard","meta":{"amp_status":"","footnotes":""},"categories":[9930],"tags":[],"class_list":["post-27471","post","type-post","status-publish","format-standard","has-post-thumbnail","hentry","category-prime-a-la-conversion"],"yoast_head":"<!-- This site is optimized with the Yoast SEO plugin v14.9 - https:\/\/yoast.com\/wordpress\/plugins\/seo\/ -->\n<title>Prime \u00e0 la conversion : comment faire son dossier de demande d&#039;aide ?<\/title>\n<meta name=\"description\" content=\"Pour b\u00e9n\u00e9ficier de la prime \u00e0 la conversion, vous devrez constituer un dossier complet. Mes Allocs vous aide dans vos d\u00e9marches.\" \/>\n<meta name=\"robots\" content=\"index, follow, max-snippet:-1, max-image-preview:large, max-video-preview:-1\" \/>\n<link rel=\"canonical\" href=\"https:\/\/www.mes-allocs.fr\/guides\/prime-a-la-conversion\/prime-a-la-conversion-dossier\/\" \/>\n<meta property=\"og:locale\" content=\"fr_FR\" \/>\n<meta property=\"og:type\" content=\"article\" \/>\n<meta property=\"og:title\" content=\"Prime \u00e0 la conversion : comment faire son dossier de demande d&#039;aide ?\" \/>\n<meta property=\"og:description\" content=\"Pour b\u00e9n\u00e9ficier de la prime \u00e0 la conversion, vous devrez constituer un dossier complet. Mes Allocs vous aide dans vos d\u00e9marches.\" \/>\n<meta property=\"og:url\" content=\"https:\/\/www.mes-allocs.fr\/guides\/prime-a-la-conversion\/prime-a-la-conversion-dossier\/\" \/>\n<meta property=\"og:site_name\" content=\"Mes-Allocs.fr\" \/>\n<meta property=\"article:published_time\" content=\"2021-05-21T13:26:02+00:00\" \/>\n<meta property=\"article:modified_time\" content=\"2025-07-09T12:59:17+00:00\" \/>\n<meta property=\"og:image\" content=\"https:\/\/www.mes-allocs.fr\/guides\/wp-content\/uploads\/2021\/05\/pexels-lukas-z\u030cvikas-1075947-e1693238861843.jpg?wsr\" \/>\n\t<meta property=\"og:image:width\" content=\"1280\" \/>\n\t<meta property=\"og:image:height\" content=\"256\" \/>\n<meta name=\"twitter:card\" content=\"summary_large_image\" \/>\n<script type=\"application\/ld+json\" class=\"yoast-schema-graph\">{\"@context\":\"https:\/\/schema.org\",\"@graph\":[{\"@type\":\"WebSite\",\"@id\":\"https:\/\/www.mes-allocs.fr\/guides\/#website\",\"url\":\"https:\/\/www.mes-allocs.fr\/guides\/\",\"name\":\"Mes-Allocs.fr\",\"description\":\"\",\"potentialAction\":[{\"@type\":\"SearchAction\",\"target\":\"https:\/\/www.mes-allocs.fr\/guides\/?s={search_term_string}\",\"query-input\":\"required name=search_term_string\"}],\"inLanguage\":\"fr-FR\"},{\"@type\":\"ImageObject\",\"@id\":\"https:\/\/www.mes-allocs.fr\/guides\/prime-a-la-conversion\/prime-a-la-conversion-dossier\/#primaryimage\",\"inLanguage\":\"fr-FR\",\"url\":\"https:\/\/www.mes-allocs.fr\/guides\/wp-content\/uploads\/2021\/05\/pexels-lukas-z\\u030cvikas-1075947-e1693238861843.jpg?wsr\",\"width\":1280,\"height\":256,\"caption\":\"Prime \\u00e0 la conversion : dossier de demande\"},{\"@type\":\"WebPage\",\"@id\":\"https:\/\/www.mes-allocs.fr\/guides\/prime-a-la-conversion\/prime-a-la-conversion-dossier\/#webpage\",\"url\":\"https:\/\/www.mes-allocs.fr\/guides\/prime-a-la-conversion\/prime-a-la-conversion-dossier\/\",\"name\":\"Prime \\u00e0 la conversion : comment faire son dossier de demande d'aide ?\",\"isPartOf\":{\"@id\":\"https:\/\/www.mes-allocs.fr\/guides\/#website\"},\"primaryImageOfPage\":{\"@id\":\"https:\/\/www.mes-allocs.fr\/guides\/prime-a-la-conversion\/prime-a-la-conversion-dossier\/#primaryimage\"},\"datePublished\":\"2021-05-21T13:26:02+00:00\",\"dateModified\":\"2025-07-09T12:59:17+00:00\",\"author\":{\"@id\":\"https:\/\/www.mes-allocs.fr\/guides\/#\/schema\/person\/8d47b912c0ad15f379df96b4e4e33f58\"},\"description\":\"Pour b\\u00e9n\\u00e9ficier de la prime \\u00e0 la conversion, vous devrez constituer un dossier complet. Mes Allocs vous aide dans vos d\\u00e9marches.\",\"inLanguage\":\"fr-FR\"},{\"@type\":\"Person\",\"@id\":\"https:\/\/www.mes-allocs.fr\/guides\/#\/schema\/person\/8d47b912c0ad15f379df96b4e4e33f58\",\"name\":\"Constance de Cagny\",\"image\":{\"@type\":\"ImageObject\",\"@id\":\"https:\/\/www.mes-allocs.fr\/guides\/#personlogo\",\"inLanguage\":\"fr-FR\",\"url\":\"https:\/\/www.mes-allocs.fr\/guides\/wp-content\/uploads\/2021\/06\/Constance.2e8ee0b.png\",\"caption\":\"Constance de Cagny\"},\"description\":\"Constance est r\\u00e9dactrice au sein de l'\\u00e9quipe Mes Allocs. Elle a l'habitude d'\\u00e9crire sur les sujets conso, bons plans et \\u00e9conomies. Dipl\\u00f4m\\u00e9e de l'ENACO, elle rejoint Mes Allocs apr\\u00e8s une premi\\u00e8re exp\\u00e9rience en cabinet notarial.\",\"sameAs\":[\"https:\/\/www.linkedin.com\/in\/constance-de-cagny-mayeur-bbb414135\"]}]}<\/script>\n<!-- \/ Yoast SEO plugin. -->","amp_validity":null,"acf":{"faq":{"1":{"question":"Comment b\u00e9n\u00e9ficier de la prime \u00e0 la conversion 2025 ?","answer":"En 2025, la prime \u00e0 la conversion n\u2019est plus disponible, sauf pour les achats ou locations r\u00e9alis\u00e9s avant le 2 d\u00e9cembre 2024. Si vous \u00eates \u00e9ligible, vous avez 6 mois apr\u00e8s l\u2019achat pour faire votre demande en ligne, en fournissant les justificatifs n\u00e9cessaires (carte grise, preuve de destruction, facture, avis d\u2019imposition)."},"2":{"question":"Quels sont les v\u00e9hicules \u00e9ligibles \u00e0 la prime \u00e0 la conversion ?","answer":"La nouvelle prime \u00e0 la reconversion vous permet de faire reprendre des voitures Crit'Air 3, Crit'Air 4 et Crit'Air 5, soit toutes les voitures diesel dont la premi\u00e8re date d'immatriculation date d'avant le 1er janvier 2011"},"3":{"question":"Comment savoir si ma voiture est Euro 3 ?","answer":"Pour savoir si votre voiture est Euro 3, vous pouvez v\u00e9rifier son certificat d'immatriculation (carte grise). Sur ce document, la norme Euro de votre v\u00e9hicule est indiqu\u00e9e dans la section \"V.9\" ou \"Emissions de CO2\". Si votre v\u00e9hicule est Euro 3, cette information sera clairement pr\u00e9cis\u00e9e. Sinon, vous pouvez aussi consulter le constructeur ou v\u00e9rifier la date de premi\u00e8re immatriculation, car les v\u00e9hicules Euro 3 sont g\u00e9n\u00e9ralement immatricul\u00e9s entre 2000 et 2005."},"4":{"question":"Qui a le droit au Bonus Ecologique ?","answer":"En 2025, le bonus \u00e9cologique est r\u00e9serv\u00e9 aux\u00a0personnes majeures r\u00e9sidant en France\u00a0qui ach\u00e8tent ou louent une voiture particuli\u00e8re 100\u202f% \u00e9lectrique neuve,"},"5":{"question":"Quel est le montant du bonus \u00e9cologique ?","answer":"Le montant du bonus est de 4 200 \u20ac ou 3 100 \u20ac selon votre situation."},"6":{"question":"Comment est vers\u00e9 le bonus \u00e9cologique ?","answer":"Le bonus \u00e9cologique est g\u00e9n\u00e9ralement d\u00e9duit directement du prix d\u2019achat ou du premier loyer par le concessionnaire "},"7":{"question":"","answer":""},"8":{"question":"","answer":""},"9":{"question":"","answer":""},"10":{"question":"","answer":""},"11":{"question":"","answer":""},"12":{"question":"","answer":""},"13":{"question":"","answer":""},"14":{"question":"","answer":""},"15":{"question":"","answer":""},"16":{"question":"","answer":""}}},"_links":{"self":[{"href":"https:\/\/www.mes-allocs.fr\/guides\/wp-json\/wp\/v2\/posts\/27471","targetHints":{"allow":["GET"]}}],"collection":[{"href":"https:\/\/www.mes-allocs.fr\/guides\/wp-json\/wp\/v2\/posts"}],"about":[{"href":"https:\/\/www.mes-allocs.fr\/guides\/wp-json\/wp\/v2\/types\/post"}],"author":[{"embeddable":true,"href":"https:\/\/www.mes-allocs.fr\/guides\/wp-json\/wp\/v2\/users\/10"}],"replies":[{"embeddable":true,"href":"https:\/\/www.mes-allocs.fr\/guides\/wp-json\/wp\/v2\/comments?post=27471"}],"version-history":[{"count":19,"href":"https:\/\/www.mes-allocs.fr\/guides\/wp-json\/wp\/v2\/posts\/27471\/revisions"}],"predecessor-version":[{"id":101801,"href":"https:\/\/www.mes-allocs.fr\/guides\/wp-json\/wp\/v2\/posts\/27471\/revisions\/101801"}],"wp:featuredmedia":[{"embeddable":true,"href":"https:\/\/www.mes-allocs.fr\/guides\/wp-json\/wp\/v2\/media\/27477"}],"wp:attachment":[{"href":"https:\/\/www.mes-allocs.fr\/guides\/wp-json\/wp\/v2\/media?parent=27471"}],"wp:term":[{"taxonomy":"category","embeddable":true,"href":"https:\/\/www.mes-allocs.fr\/guides\/wp-json\/wp\/v2\/categories?post=27471"},{"taxonomy":"post_tag","embeddable":true,"href":"https:\/\/www.mes-allocs.fr\/guides\/wp-json\/wp\/v2\/tags?post=27471"}],"curies":[{"name":"wp","href":"https:\/\/api.w.org\/{rel}","templated":true}]}}