{"id":2717,"date":"2019-12-09T10:14:04","date_gmt":"2019-12-09T10:14:04","guid":{"rendered":"https:\/\/www.mes-allocs.fr\/guides\/?p=2717"},"modified":"2026-02-25T17:32:21","modified_gmt":"2026-02-25T16:32:21","slug":"prime-de-noel-caf","status":"publish","type":"post","link":"https:\/\/www.mes-allocs.fr\/guides\/prime-de-noel\/prime-de-noel-caf\/","title":{"rendered":"Prime de No\u00ebl CAF : conditions, montants, d\u00e9marches"},"content":{"rendered":"<p style=\"text-align: justify;\"><img loading=\"lazy\" decoding=\"async\" class=\"aligncenter size-full wp-image-105207\" title=\"prime noel caf\" src=\"https:\/\/www.mes-allocs.fr\/guides\/wp-content\/uploads\/2019\/12\/prime-noel-caf.jpg\" alt=\"prime noel caf\" width=\"1920\" height=\"300\" srcset=\"https:\/\/www.mes-allocs.fr\/guides\/wp-content\/uploads\/2019\/12\/prime-noel-caf.jpg 1920w, https:\/\/www.mes-allocs.fr\/guides\/wp-content\/uploads\/2019\/12\/prime-noel-caf-300x47.jpg 300w, https:\/\/www.mes-allocs.fr\/guides\/wp-content\/uploads\/2019\/12\/prime-noel-caf-1024x160.jpg 1024w, https:\/\/www.mes-allocs.fr\/guides\/wp-content\/uploads\/2019\/12\/prime-noel-caf-768x120.jpg 768w, https:\/\/www.mes-allocs.fr\/guides\/wp-content\/uploads\/2019\/12\/prime-noel-caf-1536x240.jpg 1536w, https:\/\/www.mes-allocs.fr\/guides\/wp-content\/uploads\/2019\/12\/prime-noel-caf-600x94.jpg 600w\" sizes=\"auto, (max-width: 1920px) 100vw, 1920px\" \/><\/p>\n<p style=\"text-align: justify;\">[Mis \u00e0 jour le 25\/02\/2026] La <a href=\"https:\/\/www.mes-allocs.fr\/guides\/prime-de-noel\/\">prime de No\u00ebl<\/a> CAF est une allocation familiale vers\u00e9e aux b\u00e9n\u00e9ficiaires des minimas sociaux depuis 1998. Mais en quoi consiste-t-elle exactement ? Dans cet article, nous vous expliquons \u00e0 qui s\u2019adresse la <strong>prime de No\u00ebl CAF<\/strong>, comment en faire la demande et quel sera le montant de cette aide en fonction de votre situation.<\/p>\n<p style=\"text-align: justify;\"><div class='cta-block'><div class='text'>Simulez votre prime de No\u00ebl en 2 min.<\/div><a href='https:\/\/www.mes-allocs.fr\/ab-app?origin=guides\/wp-json\/wp\/v2\/posts\/2717' class='app-button fit'>Simulation gratuite<\/a><\/div><\/p>\n<h1 style=\"text-align: justify;\"><b>Qu\u2019est-ce que la prime de No\u00ebl CAF en 2026 ?<\/b><\/h1>\n<p>La prime de No\u00ebl CAF est une aide exceptionnelle vers\u00e9e aux m\u00e9nages b\u00e9n\u00e9ficiaires de certains minima sociaux. Mise en place en 1998, elle vise \u00e0 soutenir financi\u00e8rement les foyers les plus modestes \u00e0 l\u2019approche des f\u00eates de fin d\u2019ann\u00e9e.<\/p>\n<p>Concr\u00e8tement, la prime est g\u00e9r\u00e9e par la <strong>Caisse d\u2019Allocations Familiales<\/strong> (CAF) et, pour les travailleurs agricoles, par la <strong>Mutualit\u00e9 Sociale Agricole<\/strong> (MSA). Elle concerne en priorit\u00e9 les allocataires du Revenu de Solidarit\u00e9 Active (RSA). Chaque ann\u00e9e, plus de deux millions de personnes sont b\u00e9n\u00e9ficiaires de cette prime de f\u00eate de fin d&rsquo;ann\u00e9e. <b>Cette aide sociale est vers\u00e9e aux personnes ayant touch\u00e9 des minima sociaux en novembre ou \u00e0 d\u00e9faut en d\u00e9cembre.<\/b><\/p>\n<p>Attention \u00e0 ne pas confondre :<\/p>\n<ul>\n<li>La prime de No\u00ebl CAF \/ MSA, destin\u00e9e aux b\u00e9n\u00e9ficiaires du RSA.<\/li>\n<li>La <a href=\"https:\/\/www.mes-allocs.fr\/guides\/prime-de-noel\/prime-de-noel-pole-emploi\/\">prime de No\u00ebl France Travail<\/a> (aussi appel\u00e9e \u201cprime exceptionnelle de fin d\u2019ann\u00e9e\u201d), vers\u00e9e aux allocataires de l\u2019ASS, de l\u2019AER, l&rsquo;ASS-F, la RFFT ou la RPS.<\/li>\n<\/ul>\n<p>&nbsp;<\/p>\n<p style=\"text-align: center;\"><iframe loading=\"lazy\" src=\"\/\/www.youtube.com\/embed\/JSd0X11Muig\" width=\"560\" height=\"314\" allowfullscreen=\"allowfullscreen\" data-mce-fragment=\"1\"><\/iframe><\/p>\n<h1 style=\"text-align: justify;\"><b>Quelles sont les conditions pour percevoir la prime de No\u00ebl CAF ?<\/b><\/h1>\n<h2>Les conditions d&rsquo;attribution de la prime de No\u00ebl vers\u00e9e par la CAF<\/h2>\n<p style=\"text-align: justify;\"><b>Les <a href=\"https:\/\/www.mes-allocs.fr\/guides\/prime-de-noel\/prime-de-noel-caf\/caf-prime-de-noel-conditions\/\">conditions de la prime de No\u00ebl CAF<\/a> sont tr\u00e8s pr\u00e9cises. En effet, la prime de No\u00ebl CAF est touch\u00e9e par les personnes dans l\u2019une des situations suivantes au mois de novembre ou \u00e0 d\u00e9faut au mois de d\u00e9cembre :<\/b><\/p>\n<ul>\n<li style=\"text-align: justify;\">les b\u00e9n\u00e9ficiaires du Revenu de Solidarit\u00e9 Active socle (RSA)<\/li>\n<li style=\"text-align: justify;\">les b\u00e9n\u00e9ficiaires du RSA socle et de la prime d\u2019activit\u00e9 si les ressources du foyer ne d\u00e9passent pas le montant du RSA socle en fonction de la composition de la famille<\/li>\n<\/ul>\n<p><div class='shortcode tips'><div class='title'>Exemple<\/div><div class='content'>Si vous \u00eates b\u00e9n\u00e9ficiaire du RSA en novembre 2026, vous pourrez toucher la prime de No\u00ebl CAF. En revanche, si vous avez perdu le b\u00e9n\u00e9fice du RSA avant novembre 2026, vous ne pourrez pas pr\u00e9tendre \u00e0 cette aide.<\/div><\/div> <!-- --> <!-- notionvc: 56aadf40-f3de-46cb-93b1-8d2b12785c30 --><\/p>\n<p style=\"text-align: justify;\"><b>Notez bien que si vous touchez l\u2019Allocation de Retour \u00e0 l\u2019Emploi (l\u2019ARE), l\u2019Allocation Adulte Handicap\u00e9 (l\u2019AAH) ou encore le minimum vieillesse, vous n\u2019avez malheureusement pas droit \u00e0 la prime de No\u00ebl.<\/b><\/p>\n<p style=\"text-align: justify;\"><div class='cta-block'><div class='text'>Simulez votre prime de No\u00ebl en 2 min.<\/div><a href='https:\/\/www.mes-allocs.fr\/ab-app?origin=guides\/wp-json\/wp\/v2\/posts\/2717' class='app-button fit'>Simulation gratuite<\/a><\/div><\/p>\n<h2>Prime de No\u00ebl CAF m\u00e8re isol\u00e9e : pouvez-vous en b\u00e9n\u00e9ficier ?<\/h2>\n<p>Les <a href=\"https:\/\/www.mes-allocs.fr\/guides\/prime-de-noel\/prime-de-noel-caf\/prime-noel-caf-mere-isolee\/\">m\u00e8res isol\u00e9es b\u00e9n\u00e9ficiaires du RSA peuvent pr\u00e9tendre \u00e0 la prime de No\u00ebl CAF<\/a> en d\u00e9cembre 2026. Le montant de cette aide d\u00e9pend du nombre d\u2019enfants \u00e0 charge :<\/p>\n<ul>\n<li>1 enfant : 228,68 \u20ac<\/li>\n<li>2 enfants : 274,41 \u20ac<\/li>\n<li>3 enfants : 335,39 \u20ac<\/li>\n<\/ul>\n<p>Le versement est automatique par la CAF, sans d\u00e9marche \u00e0 effectuer, \u00e0 condition d\u2019\u00eatre b\u00e9n\u00e9ficiaire du RSA en novembre ou d\u00e9cembre.<\/p>\n<h1 style=\"text-align: justify;\"><b>Quels sont les montants de la Prime de No\u00ebl CAF en 2026 ?<\/b><\/h1>\n<p style=\"text-align: justify;\">Si vous \u00eates d\u00e9j\u00e0 b\u00e9n\u00e9ficiaire du Revenu de solidarit\u00e9 active RSA, le calcul de la prime de No\u00ebl est effectu\u00e9 selon la composition de votre foyer (situation familiale et nombre d\u2019enfants).<\/p>\n<p style=\"text-align: justify;\">Il existe alors deux possibilit\u00e9s, si vous percevez le RSA, selon si vous vivez seul ou en couple. Voici le <a href=\"https:\/\/www.mes-allocs.fr\/guides\/prime-de-noel\/prime-de-noel-caf\/montant-prime-de-noel-caf\/\">montant officiel de la prime de No\u00ebl CAF<\/a> pour 2026 :<\/p>\n<p style=\"text-align: justify;\">\n<div class=\"wpdt-c row wpDataTableContainerSimpleTable wpDataTables wpDataTablesWrapper\n wdtscroll\"\n    >\n    <table id=\"wpdtSimpleTable-33\"\n           class=\"wpdtSimpleTable wpDataTable\"\n           data-column=\"3\"\n           data-rows=\"8\"\n           data-wpID=\"33\"\n           data-responsive=\"0\"\n           data-has-header=\"0\">\n\n                    <tbody>        <tr class=\"wpdt-cell-row \" >\n                            <td class=\"wpdt-cell wpdt-bc-F3F9FE wpdt-bold\"\n                                    data-cell-id=\"A1\"\n                data-col-index=\"0\"\n                data-row-index=\"0\"\n                style=\" width:260px;                padding:10px;\"\n                >\n                                Nombre d\u2019enfant(s)                <\/td>\n                                            <td class=\"wpdt-cell wpdt-bc-F3F9FE wpdt-bold\"\n                                    data-cell-id=\"B1\"\n                data-col-index=\"1\"\n                data-row-index=\"0\"\n                style=\" width:228px;                padding:10px;\"\n                >\n                                Personne seule                <\/td>\n                                            <td class=\"wpdt-cell wpdt-bc-F3F9FE wpdt-bold\"\n                                    data-cell-id=\"C1\"\n                data-col-index=\"2\"\n                data-row-index=\"0\"\n                style=\" width:217px;                padding:10px;\"\n                >\n                                En couple                <\/td>\n                                        <\/tr>\n                            <tr class=\"wpdt-cell-row \" >\n                            <td class=\"wpdt-cell wpdt-bold\"\n                                    data-cell-id=\"A2\"\n                data-col-index=\"0\"\n                data-row-index=\"1\"\n                style=\"                padding:10px;\"\n                >\n                                Sans enfant                <\/td>\n                                            <td class=\"wpdt-cell \"\n                                    data-cell-id=\"B2\"\n                data-col-index=\"1\"\n                data-row-index=\"1\"\n                style=\"                padding:10px;\"\n                >\n                                152,45 \u20ac                <\/td>\n                                            <td class=\"wpdt-cell \"\n                                    data-cell-id=\"C2\"\n                data-col-index=\"2\"\n                data-row-index=\"1\"\n                style=\"                padding:10px;\"\n                >\n                                228,68 \u20ac                <\/td>\n                                        <\/tr>\n                            <tr class=\"wpdt-cell-row \" >\n                            <td class=\"wpdt-cell wpdt-bold\"\n                                    data-cell-id=\"A3\"\n                data-col-index=\"0\"\n                data-row-index=\"2\"\n                style=\"                padding:10px;\"\n                >\n                                1 enfant                <\/td>\n                                            <td class=\"wpdt-cell \"\n                                    data-cell-id=\"B3\"\n                data-col-index=\"1\"\n                data-row-index=\"2\"\n                style=\"                padding:10px;\"\n                >\n                                228,68 \u20ac                <\/td>\n                                            <td class=\"wpdt-cell \"\n                                    data-cell-id=\"C3\"\n                data-col-index=\"2\"\n                data-row-index=\"2\"\n                style=\"                padding:10px;\"\n                >\n                                274,41 \u20ac                <\/td>\n                                        <\/tr>\n                            <tr class=\"wpdt-cell-row \" >\n                            <td class=\"wpdt-cell wpdt-bold\"\n                                    data-cell-id=\"A4\"\n                data-col-index=\"0\"\n                data-row-index=\"3\"\n                style=\"                padding:10px;\"\n                >\n                                2 enfants                <\/td>\n                                            <td class=\"wpdt-cell \"\n                                    data-cell-id=\"B4\"\n                data-col-index=\"1\"\n                data-row-index=\"3\"\n                style=\"                padding:10px;\"\n                >\n                                274,41 \u20ac                <\/td>\n                                            <td class=\"wpdt-cell \"\n                                    data-cell-id=\"C4\"\n                data-col-index=\"2\"\n                data-row-index=\"3\"\n                style=\"                padding:10px;\"\n                >\n                                320,15 \u20ac                <\/td>\n                                        <\/tr>\n                            <tr class=\"wpdt-cell-row \" >\n                            <td class=\"wpdt-cell wpdt-bold\"\n                                    data-cell-id=\"A5\"\n                data-col-index=\"0\"\n                data-row-index=\"4\"\n                style=\"                padding:10px;\"\n                >\n                                3 enfants                <\/td>\n                                            <td class=\"wpdt-cell \"\n                                    data-cell-id=\"B5\"\n                data-col-index=\"1\"\n                data-row-index=\"4\"\n                style=\"                padding:10px;\"\n                >\n                                335,39 \u20ac                <\/td>\n                                            <td class=\"wpdt-cell \"\n                                    data-cell-id=\"C5\"\n                data-col-index=\"2\"\n                data-row-index=\"4\"\n                style=\"                padding:10px;\"\n                >\n                                381,13 \u20ac                <\/td>\n                                        <\/tr>\n                            <tr class=\"wpdt-cell-row \" >\n                            <td class=\"wpdt-cell wpdt-bold\"\n                                    data-cell-id=\"A6\"\n                data-col-index=\"0\"\n                data-row-index=\"5\"\n                style=\"                padding:10px;\"\n                >\n                                4 enfants                <\/td>\n                                            <td class=\"wpdt-cell \"\n                                    data-cell-id=\"B6\"\n                data-col-index=\"1\"\n                data-row-index=\"5\"\n                style=\"                padding:10px;\"\n                >\n                                396,37 \u20ac                <\/td>\n                                            <td class=\"wpdt-cell \"\n                                    data-cell-id=\"C6\"\n                data-col-index=\"2\"\n                data-row-index=\"5\"\n                style=\"                padding:10px;\"\n                >\n                                442,11 \u20ac                <\/td>\n                                        <\/tr>\n                            <tr class=\"wpdt-cell-row \" >\n                            <td class=\"wpdt-cell wpdt-bold\"\n                                    data-cell-id=\"A7\"\n                data-col-index=\"0\"\n                data-row-index=\"6\"\n                style=\"                padding:10px;\"\n                >\n                                5 enfants                <\/td>\n                                            <td class=\"wpdt-cell \"\n                                    data-cell-id=\"B7\"\n                data-col-index=\"1\"\n                data-row-index=\"6\"\n                style=\"                padding:10px;\"\n                >\n                                457,35 \u20ac                <\/td>\n                                            <td class=\"wpdt-cell \"\n                                    data-cell-id=\"C7\"\n                data-col-index=\"2\"\n                data-row-index=\"6\"\n                style=\"                padding:10px;\"\n                >\n                                503,09 \u20ac                <\/td>\n                                        <\/tr>\n                            <tr class=\"wpdt-cell-row \" >\n                            <td class=\"wpdt-cell wpdt-bold\"\n                                    data-cell-id=\"A8\"\n                data-col-index=\"0\"\n                data-row-index=\"7\"\n                style=\"                padding:10px;\"\n                >\n                                Par enfant(s) suppl\u00e9mentaire                <\/td>\n                                            <td class=\"wpdt-cell \"\n                                    data-cell-id=\"B8\"\n                data-col-index=\"1\"\n                data-row-index=\"7\"\n                style=\"                padding:10px;\"\n                >\n                                +60,98 \u20ac                <\/td>\n                                            <td class=\"wpdt-cell \"\n                                    data-cell-id=\"C8\"\n                data-col-index=\"2\"\n                data-row-index=\"7\"\n                style=\"                padding:10px;\"\n                >\n                                +60,98 \u20ac                <\/td>\n                                        <\/tr>\n                    <\/table>\n<\/div><style id='wpdt-custom-style-33'>\n.wpdt-bc-F3F9FE { background-color: #F3F9FE !important;}\n<\/style>\n<\/p>\n<p><em>(Montants officiels en vigueur depuis le 03\/12\/2025)<\/em><\/p>\n<p><div class='shortcode tips'><div class='title'>Exemple<\/div><div class='content'>Si vous vivez en couple avec 3 enfants, et que vous recevez le RSA depuis novembre 2026, vous pourrez b\u00e9n\u00e9ficier d&rsquo;une prime de No\u00ebl de 381,13 \u20ac.<\/div><\/div> <!-- --> <!-- notionvc: 30bcaef7-4182-4791-a7be-232e3c3c5a41 --><\/p>\n<h1 style=\"text-align: justify;\"><b>Comment b\u00e9n\u00e9ficier de la prime de No\u00ebl CAF ?<\/b><\/h1>\n<h2 style=\"text-align: justify;\">La demande de la prime de No\u00ebl CAF<\/h2>\n<p style=\"text-align: justify;\">Vous n\u2019avez aucune d\u00e9marche \u00e0 effectuer pour toucher la prime de No\u00ebl : la <a href=\"https:\/\/www.mes-allocs.fr\/guides\/prime-de-noel\/prime-de-noel-caf\/prime-de-noel-caf-demande\/\">demande de prime de No\u00ebl CAF<\/a> est automatique, si vous \u00eates \u00e9ligible.<\/p>\n<p style=\"text-align: justify;\">En effet, la prime de No\u00ebl est vers\u00e9e automatiquement par la CAF ou la MSA. Ces deux organismes poss\u00e8dent les donn\u00e9es qui permettent le calcul des montants de la prime. Mais il est important de faire des mises \u00e0 jour r\u00e9guli\u00e8res de vos donn\u00e9es personnelles.<\/p>\n<h2 style=\"text-align: justify;\">La date de versement de la prime de No\u00ebl CAF<\/h2>\n<p style=\"text-align: justify;\">La date de versement de la prime de No\u00ebl. Si vous devenez b\u00e9n\u00e9ficiaire d&rsquo;une allocation en d\u00e9cembre 2026, vous recevrez la prime de No\u00ebl en janvier 2026.<\/p>\n<p style=\"text-align: justify;\">Si vous constatez qu\u2019aucun versement ne vous a \u00e9t\u00e9 fait alors que vous pouvez pr\u00e9tendre \u00e0 la prime de No\u00ebl 2026, n\u2019h\u00e9sitez pas \u00e0 contacter l\u2019organisme dont vous d\u00e9pendez.<\/p>\n<h1 style=\"text-align: justify;\"><b>Simulation : comment estimer vos droits \u00e0 la prime de No\u00ebl vers\u00e9e par la CAF ?<\/b><\/h1>\n<p style=\"text-align: justify;\">C&rsquo;est officiel, en 2026 la prime de No\u00ebl est bien <strong>reconduite<\/strong>. Mais de nombreuses personnes se demandent si elles sont \u00e9ligibles. En effet, aucun des organismes \u201cdistributeurs\u201d ne propose de simulateur. Afin de savoir si vous allez percevoir l\u2019aide de fin d\u2019ann\u00e9e, le montant et la date de versement selon votre situation, nous vous proposons de faire une <a href=\"https:\/\/www.mes-allocs.fr\/guides\/prime-de-noel\/simulation-prime-de-noel\/\">simulation de prime de No\u00ebl<\/a> directement sur Mes Allocs. C&rsquo;est simple, rapide et 100% gratuit !<\/p>\n<div class='cta-block'><div class='text'>Simulez votre prime de No\u00ebl en 2 min.<\/div><a href='https:\/\/www.mes-allocs.fr\/ab-app?origin=guides\/wp-json\/wp\/v2\/posts\/2717' class='app-button fit'>Simulation gratuite<\/a><\/div>\n","protected":false},"excerpt":{"rendered":"<p>[Mis \u00e0 jour le 25\/02\/2026] La prime de No\u00ebl CAF est une allocation familiale vers\u00e9e aux b\u00e9n\u00e9ficiaires des minimas sociaux depuis 1998. Mais en quoi consiste-t-elle exactement ? Dans cet article, nous vous expliquons \u00e0 qui s\u2019adresse la prime de No\u00ebl CAF, comment en faire la demande et quel sera le montant de cette aide [&hellip;]<\/p>\n","protected":false},"author":10,"featured_media":2977,"comment_status":"open","ping_status":"open","sticky":false,"template":"","format":"standard","meta":{"amp_status":"","footnotes":""},"categories":[31],"tags":[],"class_list":["post-2717","post","type-post","status-publish","format-standard","has-post-thumbnail","hentry","category-prime-de-noel"],"yoast_head":"<!-- This site is optimized with the Yoast SEO plugin v14.9 - https:\/\/yoast.com\/wordpress\/plugins\/seo\/ -->\n<title>Prime de No\u00ebl CAF : allez-vous en b\u00e9n\u00e9ficier en 2026 ?| Mes-Allocs.fr<\/title>\n<meta name=\"description\" content=\"D\u00e9couvrez en quelques minutes les conditions, montants et d\u00e9marches pour b\u00e9n\u00e9ficier de la prime de No\u00ebl CAF en 2026.\" \/>\n<meta name=\"robots\" content=\"index, follow, max-snippet:-1, max-image-preview:large, max-video-preview:-1\" \/>\n<link rel=\"canonical\" href=\"https:\/\/www.mes-allocs.fr\/guides\/prime-de-noel\/prime-de-noel-caf\/\" \/>\n<meta property=\"og:locale\" content=\"fr_FR\" \/>\n<meta property=\"og:type\" content=\"article\" \/>\n<meta property=\"og:title\" content=\"Prime de No\u00ebl CAF : allez-vous en b\u00e9n\u00e9ficier en 2026 ?| Mes-Allocs.fr\" \/>\n<meta property=\"og:description\" content=\"D\u00e9couvrez en quelques minutes les conditions, montants et d\u00e9marches pour b\u00e9n\u00e9ficier de la prime de No\u00ebl CAF en 2026.\" \/>\n<meta property=\"og:url\" content=\"https:\/\/www.mes-allocs.fr\/guides\/prime-de-noel\/prime-de-noel-caf\/\" \/>\n<meta property=\"og:site_name\" content=\"Mes-Allocs.fr\" \/>\n<meta property=\"article:published_time\" content=\"2019-12-09T10:14:04+00:00\" \/>\n<meta property=\"article:modified_time\" content=\"2026-02-25T16:32:21+00:00\" \/>\n<meta property=\"og:image\" content=\"https:\/\/www.mes-allocs.fr\/guides\/wp-content\/uploads\/2019\/12\/prime-de-noel-caf-2019-e1757948880220.jpg?wsr\" \/>\n\t<meta property=\"og:image:width\" content=\"657\" \/>\n\t<meta property=\"og:image:height\" content=\"556\" \/>\n<meta name=\"twitter:card\" content=\"summary_large_image\" \/>\n<script type=\"application\/ld+json\" class=\"yoast-schema-graph\">{\"@context\":\"https:\/\/schema.org\",\"@graph\":[{\"@type\":\"WebSite\",\"@id\":\"https:\/\/www.mes-allocs.fr\/guides\/#website\",\"url\":\"https:\/\/www.mes-allocs.fr\/guides\/\",\"name\":\"Mes-Allocs.fr\",\"description\":\"\",\"potentialAction\":[{\"@type\":\"SearchAction\",\"target\":\"https:\/\/www.mes-allocs.fr\/guides\/?s={search_term_string}\",\"query-input\":\"required name=search_term_string\"}],\"inLanguage\":\"fr-FR\"},{\"@type\":\"ImageObject\",\"@id\":\"https:\/\/www.mes-allocs.fr\/guides\/prime-de-noel\/prime-de-noel-caf\/#primaryimage\",\"inLanguage\":\"fr-FR\",\"url\":\"https:\/\/www.mes-allocs.fr\/guides\/wp-content\/uploads\/2019\/12\/prime-de-noel-caf-2019-e1757948880220.jpg?wsr\",\"width\":657,\"height\":556,\"caption\":\"prime de noel caf\"},{\"@type\":\"WebPage\",\"@id\":\"https:\/\/www.mes-allocs.fr\/guides\/prime-de-noel\/prime-de-noel-caf\/#webpage\",\"url\":\"https:\/\/www.mes-allocs.fr\/guides\/prime-de-noel\/prime-de-noel-caf\/\",\"name\":\"Prime de No\\u00ebl CAF : allez-vous en b\\u00e9n\\u00e9ficier en 2026 ?| Mes-Allocs.fr\",\"isPartOf\":{\"@id\":\"https:\/\/www.mes-allocs.fr\/guides\/#website\"},\"primaryImageOfPage\":{\"@id\":\"https:\/\/www.mes-allocs.fr\/guides\/prime-de-noel\/prime-de-noel-caf\/#primaryimage\"},\"datePublished\":\"2019-12-09T10:14:04+00:00\",\"dateModified\":\"2026-02-25T16:32:21+00:00\",\"author\":{\"@id\":\"https:\/\/www.mes-allocs.fr\/guides\/#\/schema\/person\/8d47b912c0ad15f379df96b4e4e33f58\"},\"description\":\"D\\u00e9couvrez en quelques minutes les conditions, montants et d\\u00e9marches pour b\\u00e9n\\u00e9ficier de la prime de No\\u00ebl CAF en 2026.\",\"inLanguage\":\"fr-FR\"},{\"@type\":\"Person\",\"@id\":\"https:\/\/www.mes-allocs.fr\/guides\/#\/schema\/person\/8d47b912c0ad15f379df96b4e4e33f58\",\"name\":\"Constance de Cagny\",\"image\":{\"@type\":\"ImageObject\",\"@id\":\"https:\/\/www.mes-allocs.fr\/guides\/#personlogo\",\"inLanguage\":\"fr-FR\",\"url\":\"https:\/\/www.mes-allocs.fr\/guides\/wp-content\/uploads\/2021\/06\/Constance.2e8ee0b.png\",\"caption\":\"Constance de Cagny\"},\"description\":\"Constance est r\\u00e9dactrice au sein de l'\\u00e9quipe Mes Allocs. Elle a l'habitude d'\\u00e9crire sur les sujets conso, bons plans et \\u00e9conomies. Dipl\\u00f4m\\u00e9e de l'ENACO, elle rejoint Mes Allocs apr\\u00e8s une premi\\u00e8re exp\\u00e9rience en cabinet notarial.\",\"sameAs\":[\"https:\/\/www.linkedin.com\/in\/constance-de-cagny-mayeur-bbb414135\"]}]}<\/script>\n<!-- \/ Yoast SEO plugin. -->","amp_validity":null,"acf":{"faq":{"1":{"question":"Qu'est-ce que la prime de No\u00ebl CAF ?","answer":"La prime de No\u00ebl CAF est une aide sociale vers\u00e9e chaque ann\u00e9e aux b\u00e9n\u00e9ficiaires des minimas sociaux. Faites <a href=\"https:\/\/www.mes-allocs.fr\/simulation-aides\">la simulation gratuite<\/a> de prime de No\u00ebl CAF directement sur le site de Mes Allocs."},"2":{"question":"Quel est le plafond pour toucher la prime de No\u00ebl ?","answer":"Les conditions li\u00e9es \u00e0 la prime de No\u00ebl CAF peuvent varier en fonction de votre situation personnelle. La m\u00e9thode rapide pour conna\u00eetre votre \u00e9ligibilit\u00e9 est de faire <a href=\"https:\/\/www.mes-allocs.fr\/simulation-aides\">la simulation gratuite<\/a> de prime de No\u00ebl CAF directement sur le site de Mes Allocs."},"3":{"question":"Comment demander la prime de No\u00ebl CAF ?","answer":"La demande de la prime de No\u00ebl est prise en compte par la CAF ou la MSA. Pour conna\u00eetre le montant de votre prime de No\u00ebl CAF, faites <a href=\"https:\/\/www.mes-allocs.fr\/simulation-aides\">une simulation gratuite de prime de No\u00ebl CAF<\/a> sur le site de Mes Allocs."},"4":{"question":"Qui a le droit \u00e0 la prime de 150 \u20ac ?","answer":"Le plus simple pour savoir si vous \u00eates \u00e9ligible \u00e0 une aide sociale comme la prime de No\u00ebl CAF, en fonction de votre situation, est de faire <a href=\"https:\/\/www.mes-allocs.fr\/simulation-aides\">la simulation gratuite<\/a> de prime de No\u00ebl CAF directement sur le site de Mes Allocs."},"5":{"question":"Qui a droit \u00e0 la prime de No\u00ebl 2026 ?","answer":"Pour avoir le droit \u00e0 la prime de no\u00ebl 2026, vous devez simplement b\u00e9n\u00e9ficier de l'un des minima sociaux \u00e9ligible durant le mois de novembre et\/ou d\u00e9cembre 2026."},"6":{"question":"Les ch\u00f4meurs ont-ils droit \u00e0 la prime de No\u00ebl ?","answer":"Si vous touchez l'Allocation de Retour \u00e0 l'Emploi (l'ARE c'est \u00e0 dire les allocations ch\u00f4mage), l'Allocation Adulte Handicap\u00e9 (l'AAH) ou encore le minimum vieillesse, vous n'avez malheureusement pas droit \u00e0 la prime de no\u00ebl."},"7":{"question":"Quand sera vers\u00e9e la prime de No\u00ebl 2026 ?","answer":"La prime de No\u00ebl 2026 est vers\u00e9e quelques jours avant les f\u00eates de fin d'ann\u00e9e, et son versement d\u00e9bute le 16 d\u00e9cembre 2026."},"8":{"question":"Qui va toucher la prime de la CAF ?","answer":"Testez votre \u00e9ligibilit\u00e9 \u00e0 la prime de No\u00ebl 2026 avec le <a href=\"https:\/\/www.mes-allocs.fr\/guides\/allocations-familiales\/prime-de-noel\/simulation-prime-de-noel\/\">simulateur gratuit<\/a> de Mes Allocs. "},"9":{"question":"","answer":""},"10":{"question":"","answer":""},"11":{"question":"","answer":""},"12":{"question":"","answer":""},"13":{"question":"","answer":""},"14":{"question":"","answer":""},"15":{"question":"","answer":""},"16":{"question":"","answer":""}}},"_links":{"self":[{"href":"https:\/\/www.mes-allocs.fr\/guides\/wp-json\/wp\/v2\/posts\/2717","targetHints":{"allow":["GET"]}}],"collection":[{"href":"https:\/\/www.mes-allocs.fr\/guides\/wp-json\/wp\/v2\/posts"}],"about":[{"href":"https:\/\/www.mes-allocs.fr\/guides\/wp-json\/wp\/v2\/types\/post"}],"author":[{"embeddable":true,"href":"https:\/\/www.mes-allocs.fr\/guides\/wp-json\/wp\/v2\/users\/10"}],"replies":[{"embeddable":true,"href":"https:\/\/www.mes-allocs.fr\/guides\/wp-json\/wp\/v2\/comments?post=2717"}],"version-history":[{"count":70,"href":"https:\/\/www.mes-allocs.fr\/guides\/wp-json\/wp\/v2\/posts\/2717\/revisions"}],"predecessor-version":[{"id":109822,"href":"https:\/\/www.mes-allocs.fr\/guides\/wp-json\/wp\/v2\/posts\/2717\/revisions\/109822"}],"wp:featuredmedia":[{"embeddable":true,"href":"https:\/\/www.mes-allocs.fr\/guides\/wp-json\/wp\/v2\/media\/2977"}],"wp:attachment":[{"href":"https:\/\/www.mes-allocs.fr\/guides\/wp-json\/wp\/v2\/media?parent=2717"}],"wp:term":[{"taxonomy":"category","embeddable":true,"href":"https:\/\/www.mes-allocs.fr\/guides\/wp-json\/wp\/v2\/categories?post=2717"},{"taxonomy":"post_tag","embeddable":true,"href":"https:\/\/www.mes-allocs.fr\/guides\/wp-json\/wp\/v2\/tags?post=2717"}],"curies":[{"name":"wp","href":"https:\/\/api.w.org\/{rel}","templated":true}]}}