{"id":27126,"date":"2021-05-17T15:51:52","date_gmt":"2021-05-17T15:51:52","guid":{"rendered":"https:\/\/www.mes-allocs.fr\/guides\/?p=27126"},"modified":"2025-05-12T13:29:24","modified_gmt":"2025-05-12T11:29:24","slug":"aide-permis-de-conduire-region-ile-de-france","status":"publish","type":"post","link":"https:\/\/www.mes-allocs.fr\/guides\/aide-mobilite\/aide-permis-de-conduire\/aide-region-permis-de-conduire\/aide-permis-de-conduire-region-ile-de-france\/","title":{"rendered":"Aide permis de conduire r\u00e9gion Ile-de-France"},"content":{"rendered":"<p><img loading=\"lazy\" decoding=\"async\" class=\"alignnone wp-image-27128 \" src=\"https:\/\/www.mes-allocs.fr\/guides\/wp-content\/uploads\/2021\/05\/pexels-peter-fazekas-1386649-e1621252238128-1024x376.jpg\" alt=\"Aide permis de conduire r\u00e9gion ile de france \" width=\"1389\" height=\"510\" srcset=\"https:\/\/www.mes-allocs.fr\/guides\/wp-content\/uploads\/2021\/05\/pexels-peter-fazekas-1386649-e1621252238128-1024x376.jpg 1024w, https:\/\/www.mes-allocs.fr\/guides\/wp-content\/uploads\/2021\/05\/pexels-peter-fazekas-1386649-e1621252238128-300x110.jpg 300w, https:\/\/www.mes-allocs.fr\/guides\/wp-content\/uploads\/2021\/05\/pexels-peter-fazekas-1386649-e1621252238128-768x282.jpg 768w, https:\/\/www.mes-allocs.fr\/guides\/wp-content\/uploads\/2021\/05\/pexels-peter-fazekas-1386649-e1621252238128-600x220.jpg 600w, https:\/\/www.mes-allocs.fr\/guides\/wp-content\/uploads\/2021\/05\/pexels-peter-fazekas-1386649-e1621252238128.jpg 1280w\" sizes=\"auto, (max-width: 1389px) 100vw, 1389px\" \/><\/p>\n<p><strong>Le dispositif d&rsquo;<a href=\"https:\/\/www.mes-allocs.fr\/guides\/aide-mobilite\/aide-permis-de-conduire\">aide au permis de conduire<\/a>, s&rsquo;\u00e9tend maintenant \u00e0 la r\u00e9gion de l&rsquo;\u00cele-de-France. Il est ouvert aux jeunes de 18 \u00e0 25 ans en insertion professionnelle. Cette mesure tend \u00e0 favoriser leur embauche.<\/strong><\/p>\n<div class='cta-block'><div class='text'>Simulez toutes vos aides en 2 min.<\/div><a href='https:\/\/www.mes-allocs.fr\/ab-app?origin=guides\/wp-json\/wp\/v2\/posts\/27126' class='app-button fit'>Simulation gratuite<\/a><\/div>\n<h1 class=\"entry-title \">Aide au permis de conduire pour la R\u00e9gion \u00cele-de-France <img loading=\"lazy\" decoding=\"async\" class=\"alignright wp-image-27129\" src=\"https:\/\/www.mes-allocs.fr\/guides\/wp-content\/uploads\/2021\/05\/csm_Logo_Ile_de_France_44be8ef617-300x204.png\" alt=\"Aide au permis de conduire pour la R\u00e9gion \u00cele-de-France\" width=\"285\" height=\"194\" srcset=\"https:\/\/www.mes-allocs.fr\/guides\/wp-content\/uploads\/2021\/05\/csm_Logo_Ile_de_France_44be8ef617-300x204.png 300w, https:\/\/www.mes-allocs.fr\/guides\/wp-content\/uploads\/2021\/05\/csm_Logo_Ile_de_France_44be8ef617.png 470w\" sizes=\"auto, (max-width: 285px) 100vw, 285px\" \/><\/h1>\n<p>Depuis le 1<sup>er<\/sup> mars 2021, la r\u00e9gion \u00cele-de-France finance\u00a0tout ou partie du permis B pour les jeunes franciliens en insertion. Cette action d&rsquo;aide \u00e0 la mobilit\u00e9\u00a0vise \u00e0 favoriser l\u2019acc\u00e8s \u00e0 l\u2019emploi ou \u00e0 la formation.<\/p>\n<p><span id=\"Les_aides_pour_le_logement_etudiant\" class=\"ez-toc-section\"><div class='cta-block'><div class='text'>Simulez toutes vos aides en 2 min.<\/div><a href='https:\/\/www.mes-allocs.fr\/ab-app?origin=guides\/wp-json\/wp\/v2\/posts\/27126' class='app-button fit'>Simulation gratuite<\/a><\/div><\/span><\/p>\n<h2>Mise en \u0153uvre de l&rsquo;aide<\/h2>\n<p>L&rsquo;aide vous est accord\u00e9e pour financer votre formation en vue d&rsquo;obtenir le permis B.<\/p>\n<p>Vous \u00eates tenus de vous rapprocher de l&rsquo;auto-\u00e9cole de votre choix. Celle-ci doit \u00e9videmment \u00eatre situ\u00e9e en \u00cele-de-France. D&rsquo;un commun accord, vous conviendrez des modalit\u00e9s de r\u00e8glement, de r\u00e8glement, sans pouvoir pr\u00e9juger du r\u00e9sultat de l\u2019instruction effectu\u00e9e sur la base de l\u2019ensemble des justificatifs requis.<\/p>\n<div class=\"field field--name-field-aide-objectif aide__text-field\">\n<div class=\"field__content\">\n<p>L&rsquo;aide est destin\u00e9e \u00e0 payer de fa\u00e7on totale ou partielle vos cours de conduite jusqu&rsquo;\u00e0 l&rsquo;obtention de votre permis. Elle ne peut-\u00eatre destin\u00e9e \u00e0 un autre usage.<\/p>\n<\/div>\n<\/div>\n<h2 id=\"anchor-1\" tabindex=\"-1\">Les b\u00e9n\u00e9ficiaires de l&rsquo;aide r\u00e9gionale<\/h2>\n<p>L&rsquo;aide est ouverte \u00e0 la cat\u00e9gorie de personnes suivantes :<\/p>\n<ul>\n<li>Jeunes stagiaires de la formation professionnelle inscrits dans l\u2019un des dispositifs r\u00e9gionaux d\u00e9di\u00e9s aux jeunes sans qualification : Espace de Dynamique d\u2019Insertion (EDI), Ecole 2\u00e8me Chance (E2C), ou Parcours d\u2019Entr\u00e9e dans l\u2019Emploi (PEE)<\/li>\n<li>Jeunes inscrits et suivis en mission locale, signataires d\u2019un parcours contractualis\u00e9 d\u2019accompagnement vers l\u2019emploi et l\u2019autonomie (PACEA) dont le projet professionnel, attest\u00e9 par le conseiller de la mission locale, n\u00e9cessite l\u2019obtention du permis,<\/li>\n<li>Demandeurs d\u2019emploi de moins de 26 ans r\u00e9sidant en quartier prioritaire politique de la ville ou ou en Zone Rurale R\u00e9gionale.<\/li>\n<\/ul>\n<p><iframe loading=\"lazy\" title=\"Les Aide au Permis de conduire\" width=\"500\" height=\"281\" src=\"https:\/\/www.youtube.com\/embed\/1Jel5B187to?feature=oembed\" frameborder=\"0\" allow=\"accelerometer; autoplay; clipboard-write; encrypted-media; gyroscope; picture-in-picture; web-share\" referrerpolicy=\"strict-origin-when-cross-origin\" allowfullscreen><\/iframe><\/p>\n<h2 id=\"anchor-2\" tabindex=\"-1\">Montant de l&rsquo;aide <img loading=\"lazy\" decoding=\"async\" class=\"alignright wp-image-19255 size-medium\" src=\"https:\/\/www.mes-allocs.fr\/guides\/wp-content\/uploads\/2021\/02\/pexels-pixabay-259100-300x191.jpg\" alt=\"Montant de l'aide\" width=\"300\" height=\"191\" srcset=\"https:\/\/www.mes-allocs.fr\/guides\/wp-content\/uploads\/2021\/02\/pexels-pixabay-259100-300x191.jpg 300w, https:\/\/www.mes-allocs.fr\/guides\/wp-content\/uploads\/2021\/02\/pexels-pixabay-259100-1024x654.jpg 1024w, https:\/\/www.mes-allocs.fr\/guides\/wp-content\/uploads\/2021\/02\/pexels-pixabay-259100-768x490.jpg 768w, https:\/\/www.mes-allocs.fr\/guides\/wp-content\/uploads\/2021\/02\/pexels-pixabay-259100-600x383.jpg 600w, https:\/\/www.mes-allocs.fr\/guides\/wp-content\/uploads\/2021\/02\/pexels-pixabay-259100.jpg 1280w\" sizes=\"auto, (max-width: 300px) 100vw, 300px\" \/><\/h2>\n<p>L\u2019aide financi\u00e8re de la R\u00e9gion \u00cele-de-France pour l\u2019obtention du permis B s\u2019\u00e9l\u00e8ve \u00e0 1300 euros maximum. Ainsi, selon les tarifs pratiqu\u00e9s par l\u2019auto-\u00e9cole retenue, l\u2019aide peut permettre de financer tout ou partie de la formation \u00e0 la conduite.<\/p>\n<p>L\u2019aide, qui est accord\u00e9e dans la limite des cr\u00e9dits disponibles, fait l&rsquo;objet de 3 versements :<\/p>\n<ul>\n<li><strong>Premier versement<\/strong> : 300 \u20ac pour valider l&rsquo;engagement dans la formation, attest\u00e9 par un contrat sign\u00e9 avec l&rsquo;auto-\u00e9cole.<\/li>\n<li><strong>Deuxi\u00e8me versement<\/strong> : 500 \u20ac apr\u00e8s la transmission d\u2019un justificatif des heures ou prestations r\u00e9alis\u00e9es dans le cadre de la pr\u00e9paration au permis.<\/li>\n<li><strong>Troisi\u00e8me versement<\/strong> : 500 \u20ac apr\u00e8s la transmission des justificatifs des heures suppl\u00e9mentaires ou la r\u00e9ussite \u00e0 l\u2019examen.<\/li>\n<\/ul>\n<p>\u00c0 noter : La demande du deuxi\u00e8me versement doit intervenir\u00a06 mois maximum apr\u00e8s avoir demand\u00e9 le premier versement. Dans le cas contraire, vous ne pourrez pas percevoir la seconde partie de l\u2019aide financi\u00e8re.<\/p>\n<p>Par ailleurs, pour faire une demande d\u2019aide au permis de conduire aupr\u00e8s de la R\u00e9gion \u00cele-de-France, vous devez avoir conclu en amont un contrat de formation avec une auto-\u00e9cole, sachant que ce contrat peut commencer au plus t\u00f4t le 1er mars 2021.<\/p>\n<p><span id=\"Les_aides_pour_le_logement_etudiant\" class=\"ez-toc-section\"><div class='cta-block'><div class='text'>Simulez toutes vos aides en 2 min.<\/div><a href='https:\/\/www.mes-allocs.fr\/ab-app?origin=guides\/wp-json\/wp\/v2\/posts\/27126' class='app-button fit'>Simulation gratuite<\/a><\/div><\/span><\/p>\n<h2 id=\"Aide_au_permis_jeunes_franciliens___quelle_d\u00e9marche_?_\"><strong>D\u00e9marches pour b\u00e9n\u00e9ficier de l&rsquo;aide <img loading=\"lazy\" decoding=\"async\" class=\"alignright wp-image-22704 size-medium\" src=\"https:\/\/www.mes-allocs.fr\/guides\/wp-content\/uploads\/2021\/03\/pexels-sora-shimazaki-5668858-300x200.jpg\" alt=\"D\u00e9marches pour b\u00e9n\u00e9ficier de l'aide\" width=\"300\" height=\"200\" srcset=\"https:\/\/www.mes-allocs.fr\/guides\/wp-content\/uploads\/2021\/03\/pexels-sora-shimazaki-5668858-300x200.jpg 300w, https:\/\/www.mes-allocs.fr\/guides\/wp-content\/uploads\/2021\/03\/pexels-sora-shimazaki-5668858-1024x682.jpg 1024w, https:\/\/www.mes-allocs.fr\/guides\/wp-content\/uploads\/2021\/03\/pexels-sora-shimazaki-5668858-768x512.jpg 768w, https:\/\/www.mes-allocs.fr\/guides\/wp-content\/uploads\/2021\/03\/pexels-sora-shimazaki-5668858-600x400.jpg 600w, https:\/\/www.mes-allocs.fr\/guides\/wp-content\/uploads\/2021\/03\/pexels-sora-shimazaki-5668858.jpg 1280w\" sizes=\"auto, (max-width: 300px) 100vw, 300px\" \/><\/strong><\/h2>\n<p>Pour b\u00e9n\u00e9ficier de l&rsquo;aide, vous devez au pr\u00e9alable\u00a0conclure un contrat de formation avec une auto-\u00e9cole.<\/p>\n<p>Une fois l\u2019auto-\u00e9cole s\u00e9lectionn\u00e9e et votre contrat sign\u00e9, vous pouvez alors faire votre demande d\u2019aide aupr\u00e8s de la R\u00e9gion \u00cele-de-France. Cette demande se fait directement en ligne, sur le site mesdemarches.iledefrance.fr. Vous devrez joindre des pi\u00e8ces justificatives pour que votre demande soit valid\u00e9e.<\/p>\n<p>Mes-Allocs.fr s&rsquo;engage \u00e0 vous accompagner dans toutes vos d\u00e9marches !<\/p>\n<div class='cta-block'><div class='text'>Simulez toutes vos aides en 2 min.<\/div><a href='https:\/\/www.mes-allocs.fr\/ab-app?origin=guides\/wp-json\/wp\/v2\/posts\/27126' class='app-button fit'>Simulation gratuite<\/a><\/div>\n","protected":false},"excerpt":{"rendered":"<p>Le dispositif d&rsquo;aide au permis de conduire, s&rsquo;\u00e9tend maintenant \u00e0 la r\u00e9gion de l&rsquo;\u00cele-de-France. Il est ouvert aux jeunes de 18 \u00e0 25 ans en insertion professionnelle. Cette mesure tend \u00e0 favoriser leur embauche. Aide au permis de conduire pour la R\u00e9gion \u00cele-de-France Depuis le 1er mars 2021, la r\u00e9gion \u00cele-de-France finance\u00a0tout ou partie du [&hellip;]<\/p>\n","protected":false},"author":7,"featured_media":27124,"comment_status":"open","ping_status":"open","sticky":false,"template":"","format":"standard","meta":{"amp_status":"","footnotes":""},"categories":[9928,43467,29],"tags":[],"class_list":["post-27126","post","type-post","status-publish","format-standard","has-post-thumbnail","hentry","category-aide-permis-de-conduire","category-aide-region-permis-de-conduire","category-aide-mobilite"],"yoast_head":"<!-- This site is optimized with the Yoast SEO plugin v14.9 - https:\/\/yoast.com\/wordpress\/plugins\/seo\/ -->\n<title>Aide permis de conduire r\u00e9gion Ile-de-France | Mes-Allocs.fr<\/title>\n<meta name=\"description\" content=\"En tant que francilien, vous pouvez d\u00e9sormais b\u00e9n\u00e9ficier d&#039;une aide au permis de conduire financ\u00e9e par votre r\u00e9gion. On vous explique !\" \/>\n<meta name=\"robots\" content=\"index, follow, max-snippet:-1, max-image-preview:large, max-video-preview:-1\" \/>\n<link rel=\"canonical\" href=\"https:\/\/www.mes-allocs.fr\/guides\/aide-mobilite\/aide-permis-de-conduire\/aide-region-permis-de-conduire\/aide-permis-de-conduire-region-ile-de-france\/\" \/>\n<meta property=\"og:locale\" content=\"fr_FR\" \/>\n<meta property=\"og:type\" content=\"article\" \/>\n<meta property=\"og:title\" content=\"Aide permis de conduire r\u00e9gion Ile-de-France | Mes-Allocs.fr\" \/>\n<meta property=\"og:description\" content=\"En tant que francilien, vous pouvez d\u00e9sormais b\u00e9n\u00e9ficier d&#039;une aide au permis de conduire financ\u00e9e par votre r\u00e9gion. On vous explique !\" \/>\n<meta property=\"og:url\" content=\"https:\/\/www.mes-allocs.fr\/guides\/aide-mobilite\/aide-permis-de-conduire\/aide-region-permis-de-conduire\/aide-permis-de-conduire-region-ile-de-france\/\" \/>\n<meta property=\"og:site_name\" content=\"Mes-Allocs.fr\" \/>\n<meta property=\"article:published_time\" content=\"2021-05-17T15:51:52+00:00\" \/>\n<meta property=\"article:modified_time\" content=\"2025-05-12T11:29:24+00:00\" \/>\n<meta property=\"og:image\" content=\"https:\/\/www.mes-allocs.fr\/guides\/wp-content\/uploads\/2021\/05\/pexels-andrea-piacquadio-3758114-e1626696768723.jpg?wsr\" \/>\n\t<meta property=\"og:image:width\" content=\"1280\" \/>\n\t<meta property=\"og:image:height\" content=\"400\" \/>\n<meta name=\"twitter:card\" content=\"summary_large_image\" \/>\n<script type=\"application\/ld+json\" class=\"yoast-schema-graph\">{\"@context\":\"https:\/\/schema.org\",\"@graph\":[{\"@type\":\"WebSite\",\"@id\":\"https:\/\/www.mes-allocs.fr\/guides\/#website\",\"url\":\"https:\/\/www.mes-allocs.fr\/guides\/\",\"name\":\"Mes-Allocs.fr\",\"description\":\"\",\"potentialAction\":[{\"@type\":\"SearchAction\",\"target\":\"https:\/\/www.mes-allocs.fr\/guides\/?s={search_term_string}\",\"query-input\":\"required name=search_term_string\"}],\"inLanguage\":\"fr-FR\"},{\"@type\":\"ImageObject\",\"@id\":\"https:\/\/www.mes-allocs.fr\/guides\/aide-mobilite\/aide-permis-de-conduire\/aide-region-permis-de-conduire\/aide-permis-de-conduire-region-ile-de-france\/#primaryimage\",\"inLanguage\":\"fr-FR\",\"url\":\"https:\/\/www.mes-allocs.fr\/guides\/wp-content\/uploads\/2021\/05\/pexels-andrea-piacquadio-3758114-e1626696768723.jpg?wsr\",\"width\":1280,\"height\":400,\"caption\":\"L'aide au permis de conduire p\\u00f4le emploi\"},{\"@type\":\"WebPage\",\"@id\":\"https:\/\/www.mes-allocs.fr\/guides\/aide-mobilite\/aide-permis-de-conduire\/aide-region-permis-de-conduire\/aide-permis-de-conduire-region-ile-de-france\/#webpage\",\"url\":\"https:\/\/www.mes-allocs.fr\/guides\/aide-mobilite\/aide-permis-de-conduire\/aide-region-permis-de-conduire\/aide-permis-de-conduire-region-ile-de-france\/\",\"name\":\"Aide permis de conduire r\\u00e9gion Ile-de-France | Mes-Allocs.fr\",\"isPartOf\":{\"@id\":\"https:\/\/www.mes-allocs.fr\/guides\/#website\"},\"primaryImageOfPage\":{\"@id\":\"https:\/\/www.mes-allocs.fr\/guides\/aide-mobilite\/aide-permis-de-conduire\/aide-region-permis-de-conduire\/aide-permis-de-conduire-region-ile-de-france\/#primaryimage\"},\"datePublished\":\"2021-05-17T15:51:52+00:00\",\"dateModified\":\"2025-05-12T11:29:24+00:00\",\"author\":{\"@id\":\"https:\/\/www.mes-allocs.fr\/guides\/#\/schema\/person\/1c4837d5703727cb02ce84583b5a44aa\"},\"description\":\"En tant que francilien, vous pouvez d\\u00e9sormais b\\u00e9n\\u00e9ficier d'une aide au permis de conduire financ\\u00e9e par votre r\\u00e9gion. On vous explique !\",\"inLanguage\":\"fr-FR\"},{\"@type\":\"Person\",\"@id\":\"https:\/\/www.mes-allocs.fr\/guides\/#\/schema\/person\/1c4837d5703727cb02ce84583b5a44aa\",\"name\":\"Fabiola\",\"image\":{\"@type\":\"ImageObject\",\"@id\":\"https:\/\/www.mes-allocs.fr\/guides\/#personlogo\",\"inLanguage\":\"fr-FR\",\"url\":\"https:\/\/www.mes-allocs.fr\/guides\/wp-content\/uploads\/2021\/06\/fabiola-150x150.png\",\"caption\":\"Fabiola\"},\"description\":\"Fabiola est r\\u00e9dactrice au sein de l'\\u00e9quipe Mes Allocs, sp\\u00e9cialis\\u00e9e en sciences politiques et affaires publiques. Dipl\\u00f4m\\u00e9e de l'HEIP, elle rejoint Mes Allocs apr\\u00e8s une premi\\u00e8re exp\\u00e9rience \\u00e0 l'Assembl\\u00e9e Nationale.\",\"sameAs\":[\"https:\/\/www.linkedin.com\/in\/cecilia-philippe-b-8a8085195\"]}]}<\/script>\n<!-- \/ Yoast SEO plugin. -->","amp_validity":null,"acf":{"faq":{"1":{"question":"Quelle aide permis de conduire pour les jeunes ?","answer":"Si vous \u00eates jeune, vous pouvez b\u00e9n\u00e9ficier de : \r\n- Le permis \u00e0 1\u20ac par jour\r\n- L'aide au permis pour les apprentis\r\n- L'aide de P\u00f4le Emploi. \r\n"},"2":{"question":"Quelles conditions pour b\u00e9n\u00e9ficier de l'aide r\u00e9gionale ?","answer":"Pour b\u00e9n\u00e9ficier de cette aide, vous devez : \r\n-Avoir entre 18 et 25 ans\r\n-Jeunes stagiaires de la formation professionnelle\r\n-Demandeurs d\u2019emploi de moins de 26 ans r\u00e9sidant en quartier prioritaire politique de la ville ou ou en Zone Rurale R\u00e9gionale.\r\n-Jeunes inscrits et suivis en mission locale"},"3":{"question":"Quel est le montant de l'aide r\u00e9gionale au permis de conduire ?","answer":"L\u2019aide financi\u00e8re de la R\u00e9gion \u00cele-de-France pour l\u2019obtention du permis B s\u2019\u00e9l\u00e8ve \u00e0 1300 euros maximum"},"4":{"question":"Quel est le montant de l'aide pour l'aide au permis ch\u00f4meur ?","answer":"Le montant de l'aide au permis accord\u00e9 est de\u00a01\u00a0200\u20ac maximum.\r\n\r\nIl est vers\u00e9 en 3 fois."},"5":{"question":"Comment savoir si je suis \u00e9ligible aux aides permis de conduire ?","answer":"Pour savoir si vous \u00eates \u00e9ligible, nous vous invitons \u00e0 proc\u00e9der \u00e0 la simulation de vos aides."},"6":{"question":"","answer":""},"7":{"question":"","answer":""},"8":{"question":"","answer":""},"9":{"question":"","answer":""},"10":{"question":"","answer":""},"11":{"question":"","answer":""},"12":{"question":"","answer":""},"13":{"question":"","answer":""},"14":{"question":"","answer":""},"15":{"question":"","answer":""},"16":{"question":"","answer":""}}},"_links":{"self":[{"href":"https:\/\/www.mes-allocs.fr\/guides\/wp-json\/wp\/v2\/posts\/27126","targetHints":{"allow":["GET"]}}],"collection":[{"href":"https:\/\/www.mes-allocs.fr\/guides\/wp-json\/wp\/v2\/posts"}],"about":[{"href":"https:\/\/www.mes-allocs.fr\/guides\/wp-json\/wp\/v2\/types\/post"}],"author":[{"embeddable":true,"href":"https:\/\/www.mes-allocs.fr\/guides\/wp-json\/wp\/v2\/users\/7"}],"replies":[{"embeddable":true,"href":"https:\/\/www.mes-allocs.fr\/guides\/wp-json\/wp\/v2\/comments?post=27126"}],"version-history":[{"count":11,"href":"https:\/\/www.mes-allocs.fr\/guides\/wp-json\/wp\/v2\/posts\/27126\/revisions"}],"predecessor-version":[{"id":97280,"href":"https:\/\/www.mes-allocs.fr\/guides\/wp-json\/wp\/v2\/posts\/27126\/revisions\/97280"}],"wp:featuredmedia":[{"embeddable":true,"href":"https:\/\/www.mes-allocs.fr\/guides\/wp-json\/wp\/v2\/media\/27124"}],"wp:attachment":[{"href":"https:\/\/www.mes-allocs.fr\/guides\/wp-json\/wp\/v2\/media?parent=27126"}],"wp:term":[{"taxonomy":"category","embeddable":true,"href":"https:\/\/www.mes-allocs.fr\/guides\/wp-json\/wp\/v2\/categories?post=27126"},{"taxonomy":"post_tag","embeddable":true,"href":"https:\/\/www.mes-allocs.fr\/guides\/wp-json\/wp\/v2\/tags?post=27126"}],"curies":[{"name":"wp","href":"https:\/\/api.w.org\/{rel}","templated":true}]}}