{"id":2696,"date":"2019-12-17T04:53:36","date_gmt":"2019-12-17T04:53:36","guid":{"rendered":"https:\/\/www.mes-allocs.fr\/guides\/?p=2696"},"modified":"2026-03-19T11:29:55","modified_gmt":"2026-03-19T10:29:55","slug":"montant-allocation-rentree-scolaire","status":"publish","type":"post","link":"https:\/\/www.mes-allocs.fr\/guides\/allocations-familiales\/allocation-rentree-scolaire\/montant-allocation-rentree-scolaire\/","title":{"rendered":"Quel est le montant de l\u2019allocation de rentr\u00e9e scolaire en 2026 ?"},"content":{"rendered":"<p><img loading=\"lazy\" decoding=\"async\" class=\"alignnone size-full wp-image-3005\" src=\"https:\/\/www.mes-allocs.fr\/guides\/wp-content\/uploads\/2019\/12\/Les-montants-de-lallocation-rentre\u0301e-scolaire-de-la-CAF.jpg\" alt=\"Les montants de l'allocation rentre\u0301e scolaire de la CAF\" width=\"1920\" height=\"750\" srcset=\"https:\/\/www.mes-allocs.fr\/guides\/wp-content\/uploads\/2019\/12\/Les-montants-de-lallocation-rentre\u0301e-scolaire-de-la-CAF.jpg 1920w, https:\/\/www.mes-allocs.fr\/guides\/wp-content\/uploads\/2019\/12\/Les-montants-de-lallocation-rentre\u0301e-scolaire-de-la-CAF-300x117.jpg 300w, https:\/\/www.mes-allocs.fr\/guides\/wp-content\/uploads\/2019\/12\/Les-montants-de-lallocation-rentre\u0301e-scolaire-de-la-CAF-768x300.jpg 768w, https:\/\/www.mes-allocs.fr\/guides\/wp-content\/uploads\/2019\/12\/Les-montants-de-lallocation-rentre\u0301e-scolaire-de-la-CAF-1024x400.jpg 1024w, https:\/\/www.mes-allocs.fr\/guides\/wp-content\/uploads\/2019\/12\/Les-montants-de-lallocation-rentre\u0301e-scolaire-de-la-CAF-600x234.jpg 600w\" sizes=\"auto, (max-width: 1920px) 100vw, 1920px\" \/><\/p>\n<p>[Mis \u00e0 jour le 20\/02\/2026] Le montant de l\u2019<a href=\"https:\/\/www.mes-allocs.fr\/guides\/allocations-familiales\/allocation-rentree-scolaire\/\">allocation de rentr\u00e9e scolaire<\/a> est revaloris\u00e9 chaque ann\u00e9e et il est vers\u00e9 aux familles pour les aider pour les d\u00e9penses li\u00e9es \u00e0 la rentr\u00e9e. Cette allocation familiale vous permet de diminuer le co\u00fbt des fournitures scolaires si vous avez des enfants \u00e2g\u00e9s entre 6 et 18 ans. Dans cet article, d\u00e9couvrez le <strong>montant de l\u2019ARS<\/strong> pour 2026, les crit\u00e8res pris en compte pour son calcul et les plafonds de ressources \u00e0 respecter pour pouvoir b\u00e9n\u00e9ficier de l&rsquo;aide \u00e0 la rentr\u00e9e scolaire.<\/p>\n<div class='cta-block'><div class='text'>Simulez toutes vos aides en 2 min.<\/div><a href='https:\/\/www.mes-allocs.fr\/ab-app?origin=guides\/wp-json\/wp\/v2\/posts\/2696' class='app-button fit'>Simulation gratuite<\/a><\/div>\n<h1>Quels sont les montants de l\u2019ARS en 2026 ?<\/h1>\n<h2>Quels sont les montants de l\u2019allocation de rentr\u00e9e scolaire selon l\u2019\u00e2ge de votre enfant en 2026 ?<\/h2>\n<p>Le montant de l\u2019allocation de rentr\u00e9e scolaire varie selon l\u2019\u00e2ge de votre enfant. Pour 2026, ces montants sont de :<\/p>\n\n<div class=\"wpdt-c row wpDataTableContainerSimpleTable wpDataTables wpDataTablesWrapper\n\"\n    >\n    <table id=\"wpdtSimpleTable-16\"\n           class=\"wpdtSimpleTable wpDataTable\"\n           data-column=\"2\"\n           data-rows=\"4\"\n           data-wpID=\"16\"\n           data-responsive=\"0\"\n           data-has-header=\"1\">\n\n                    <thead>        <tr class=\"wpdt-cell-row \" >\n                            <th class=\"wpdt-cell wpdt-bc-F3F9FE wpdt-bold\"\n                                    data-cell-id=\"A1\"\n                data-col-index=\"0\"\n                data-row-index=\"0\"\n                style=\" width:48.571428571429%;                padding:10px;\"\n                >\n                                \u00c2ge de l'enfant                <\/th>\n                                            <th class=\"wpdt-cell wpdt-bc-F3F9FE wpdt-bold\"\n                                    data-cell-id=\"B1\"\n                data-col-index=\"1\"\n                data-row-index=\"0\"\n                style=\" width:51.428571428571%;                padding:10px;\"\n                >\n                                Montant de l'ARS                <\/th>\n                                        <\/tr>\n                    <tbody>        <tr class=\"wpdt-cell-row \" >\n                            <td class=\"wpdt-cell \"\n                                    data-cell-id=\"A2\"\n                data-col-index=\"0\"\n                data-row-index=\"1\"\n                style=\"                padding:10px;\"\n                >\n                                6 \u00e0 10 ans                <\/td>\n                                            <td class=\"wpdt-cell \"\n                                    data-cell-id=\"B2\"\n                data-col-index=\"1\"\n                data-row-index=\"1\"\n                style=\"                padding:10px;\"\n                >\n                                423,05 \u20ac                <\/td>\n                                        <\/tr>\n                            <tr class=\"wpdt-cell-row \" >\n                            <td class=\"wpdt-cell \"\n                                    data-cell-id=\"A3\"\n                data-col-index=\"0\"\n                data-row-index=\"2\"\n                style=\"                padding:10px;\"\n                >\n                                11 \u00e0 14 ans                <\/td>\n                                            <td class=\"wpdt-cell \"\n                                    data-cell-id=\"B3\"\n                data-col-index=\"1\"\n                data-row-index=\"2\"\n                style=\"                padding:10px;\"\n                >\n                                446,15 \u20ac                <\/td>\n                                        <\/tr>\n                            <tr class=\"wpdt-cell-row \" >\n                            <td class=\"wpdt-cell \"\n                                    data-cell-id=\"A4\"\n                data-col-index=\"0\"\n                data-row-index=\"3\"\n                style=\"                padding:10px;\"\n                >\n                                15 \u00e0 18 ans                <\/td>\n                                            <td class=\"wpdt-cell \"\n                                    data-cell-id=\"B4\"\n                data-col-index=\"1\"\n                data-row-index=\"3\"\n                style=\"                padding:10px;\"\n                >\n                                462,03 \u20ac                <\/td>\n                                        <\/tr>\n                    <\/table>\n<\/div><style id='wpdt-custom-style-16'>\ntable#wpdtSimpleTable-16{ table-layout: fixed !important; }\n.wpdt-bc-F3F9FE { background-color: #F3F9FE !important;}\n<\/style>\n\n<p>Ces montants sont distribu\u00e9s pour chaque enfant \u00e9ligible vivant dans votre domicile. Le <a href=\"https:\/\/www.mes-allocs.fr\/guides\/allocations-familiales\/allocation-rentree-scolaire\/montant-allocation-rentree-scolaire\/augmentation-ars\/\">montant de l&rsquo;ARS est revaloris\u00e9<\/a> chaque ann\u00e9e au 1er avril.<\/p>\n<h2>Le cas particulier des montants \u00e0 Mayotte<\/h2>\n<p>Les montants de l\u2019allocation de rentr\u00e9e scolaire sont diff\u00e9rents si vous r\u00e9sidez \u00e0 Mayotte.<\/p>\n<ul>\n<li aria-level=\"1\"><b>Avec un enfant scolaris\u00e9 en primaire<\/b> : 423,60 \u20ac par enfant.<\/li>\n<li aria-level=\"1\"><b>Avec un enfant scolaris\u00e9 au coll\u00e8ge<\/b> : 449,09 \u20ac par enfant.<\/li>\n<li aria-level=\"1\"><b>Avec un enfant scolaris\u00e9 au lyc\u00e9e <\/b>: 464,65 \u20ac par enfant.<\/li>\n<\/ul>\n<p>En plus des montants ajust\u00e9s, les plafonds de ressources \u00e0 ne pas d\u00e9passer pour b\u00e9n\u00e9ficier de l\u2019allocation de rentr\u00e9e scolaire \u00e0 Mayotte sont aussi rehauss\u00e9s par rapport \u00e0 ceux appliqu\u00e9s en m\u00e9tropole.<\/p>\n<div class='shortcode tips'><div class='title'>Exemple<\/div><div class='content'>Avec un enfant \u00e0 charge, le plafond de ressources \u00e0 ne pas d\u00e9passer est de 35 004 \u20ac \u00e0 Mayotte.<\/div><\/div>\n<h2>Quels sont les \u00e9l\u00e9ments pris en compte dans le calcul du montant de l\u2019ARS ?<\/h2>\n<p>Les \u00e9l\u00e9ments pris en compte dans le calcul de l\u2019allocation de rentr\u00e9e scolaire pour d\u00e9terminer votre droit \u00e0 l\u2019ARS et son montant sont :<\/p>\n<ul>\n<li aria-level=\"1\">L\u2019<b>\u00e2ge de votre enfant<\/b> au 31 d\u00e9cembre de l\u2019ann\u00e9e en cours.<\/li>\n<li aria-level=\"1\">Le<b> nombre d&rsquo;enfants \u00e0 charge<\/b> que vous avez.<\/li>\n<li aria-level=\"1\">Vos<b> ressources de l\u2019ann\u00e9e N-2 <\/b>(pour l\u2019ARS en 2026, il s\u2019agit des revenus de 2024).<\/li>\n<li aria-level=\"1\">Les <a href=\"https:\/\/www.mes-allocs.fr\/guides\/allocations-familiales\/allocation-rentree-scolaire\/plafond-allocation-rentree-scolaire\/\">plafonds de ressources pour l&rsquo;ARS<\/a>, qui varient selon le nombre d\u2019enfants que vous avez.<\/li>\n<\/ul>\n<h1>D\u00e9passement des plafonds de ressources : le cas de l\u2019allocation de rentr\u00e9e scolaire diff\u00e9rentielle<\/h1>\n<p>Si vos revenus d\u00e9passent l\u00e9g\u00e8rement les plafonds de ressources \u00e0 respecter pour obtenir l\u2019allocation de rentr\u00e9e scolaire, vous pouvez avoir droit \u00e0 l\u2019<a href=\"https:\/\/www.mes-allocs.fr\/guides\/allocations-familiales\/allocation-rentree-scolaire\/montant-allocation-rentree-scolaire\/allocation-rentree-scolaire-differentielle\/\">ARS diff\u00e9rentielle<\/a>. Elle est calcul\u00e9e de fa\u00e7on proportionnelle, en tenant compte de la diff\u00e9rence entre vos ressources et le plafond qui correspond \u00e0 votre situation familiale. Plus cet \u00e9cart est important, plus le montant de l\u2019aide diminue, jusqu\u2019\u00e0 ne plus \u00eatre \u00e9ligible.<\/p>\n<p><iframe loading=\"lazy\" title=\"L&#039;allocation de rentr\u00e9e scolaire\" width=\"500\" height=\"281\" src=\"https:\/\/www.youtube.com\/embed\/MfDoGweq-e0?feature=oembed\" frameborder=\"0\" allow=\"accelerometer; autoplay; clipboard-write; encrypted-media; gyroscope; picture-in-picture; web-share\" referrerpolicy=\"strict-origin-when-cross-origin\" allowfullscreen><\/iframe><\/p>\n<div class='cta-block'><div class='text'>Simulez toutes vos aides en 2 min.<\/div><a href='https:\/\/www.mes-allocs.fr\/ab-app?origin=guides\/wp-json\/wp\/v2\/posts\/2696' class='app-button fit'>Simulation gratuite<\/a><\/div>\n<h1>Comment le montant de l\u2019allocation de rentr\u00e9e scolaire est-il d\u00e9termin\u00e9 pour chaque enfant d\u2019une m\u00eame famille ?<\/h1>\n<h2>L\u2019ARS est-elle cumulable pour plusieurs enfants ?<\/h2>\n<p><b>Oui<\/b>, l\u2019allocation de rentr\u00e9e scolaire est <b>cumulable pour chaque enfant \u00e9ligible <\/b>que vous avez \u00e0 charge au sein de votre foyer. Si vous avez plusieurs enfants scolaris\u00e9s \u00e2g\u00e9s de 6 \u00e0 18 ans, vous percevrez alors l\u2019ARS pour chacun d&rsquo;eux, sous r\u00e9serve de respecter les plafonds de ressources fix\u00e9s pour votre situation familiale. Ainsi, le montant total que vous percevez correspond \u00e0 la somme des montants individuels selon le nombre et l\u2019\u00e2ge de vos enfants.<\/p>\n<div class='shortcode tips'><div class='title'>Exemple<\/div><div class='content'>Si vous avez deux enfants de 8 et 13 ans, vous recevrez 423,48 \u20ac + 446,85 \u20ac, soit 870,33 \u20ac pour la rentr\u00e9e 202<i>5.<\/i><\/div><\/div>\n<h2>Comment calculer le montant total d\u2019ARS selon le nombre d\u2019enfants \u00e0 charge ?<\/h2>\n<p>Donc, pour calculer le montant total de votre allocation de rentr\u00e9e scolaire selon le nombre d\u2019enfants que vous avez \u00e0 charge, il vous suffit <b>d\u2019additionner<\/b> le montant qui correspond \u00e0 la tranche d\u2019\u00e2ge de chacun de vos enfants.<\/p>\n<div class='shortcode tips'><div class='title'>Exemple<\/div><div class='content'>Si vous avez trois enfants \u00e2g\u00e9s respectivement de 8, 12 et 16 ans, le calcul sera : 423,48 \u20ac + 446,85 \u20ac + 462,33 \u20ac = 1332,66 \u20ac. Le montant total de votre prime de rentr\u00e9e sera ainsi de 1332,66 \u20ac pour la rentr\u00e9e 2025.<\/div><\/div>\n<h1>Comment simuler le montant de votre allocation de rentr\u00e9e scolaire ?<\/h1>\n<p>Pour savoir si vous \u00eates \u00e9ligible \u00e0 l\u2019allocation de rentr\u00e9e scolaire et estimer le montant de votre ARS, vous pouvez utiliser <b>notre simulateur<\/b>. Simple d\u2019utilisation, il prend en compte votre situation familiale ainsi que vos revenus pour vous fournir une estimation personnalis\u00e9e. En quelques minutes, avec le <a href=\"https:\/\/www.mes-allocs.fr\/guides\/allocations-familiales\/allocation-rentree-scolaire\/simulation-allocation-rentree-scolaire\/\">simulateur ARS<\/a> vous savez ainsi si vous \u00eates concern\u00e9 par la prime de rentr\u00e9e et \u00e0 quel niveau d\u2019aide vous pouvez pr\u00e9tendre.<\/p>\n<h1>Montant re\u00e7u erron\u00e9 : que faire ?<\/h1>\n<p>Si vous constatez que le montant de l\u2019allocation de rentr\u00e9e scolaire vers\u00e9 ne correspond pas \u00e0 ce \u00e0 quoi vous avez droit, vous devez<b> signaler l\u2019erreur<\/b> \u00e0 votre CAF ou votre MSA d\u00e8s que possible. Vous pourrez alors soit corriger votre situation depuis votre espace personnel en ligne, en mettant \u00e0 jour les informations dans la rubrique d\u00e9di\u00e9e aux changements de situation ou de ressources, soit contacter l\u2019organisme par t\u00e9l\u00e9phone.<\/p>\n<p>Et si vous avez besoin d\u2019aide pour comprendre votre situation ou corriger une \u00e9ventuelle erreur, nos experts sont \u00e0 votre disposition pour vous accompagner dans vos d\u00e9marches.<\/p>\n<div class='shortcode summary'><div class='title'>En r\u00e9sum\u00e9 :<\/div><div class='content'><ul><li>Le montant de l\u2019allocation de rentr\u00e9e scolaire varie selon l\u2019\u00e2ge de votre enfant : de 423,05 \u20ac\u00a0 \u00e0 462,03 \u20ac pour chaque enfant.<\/li><li>Vos revenus de l\u2019ann\u00e9e 2024 (N-2) sont pris en compte pour d\u00e9terminer votre \u00e9ligibilit\u00e9 au montant de la prime de rentr\u00e9e.<\/li><li> Les montants de l\u2019ARS sont revaloris\u00e9s chaque ann\u00e9e. Les montants ainsi que les plafonds de ressources seront offciellement revaloris\u00e9s en avril 2026.<\/li><\/ul><\/div><\/div>\n<div class='cta-block'><div class='text'>Simulez toutes vos aides en 2 min.<\/div><a href='https:\/\/www.mes-allocs.fr\/ab-app?origin=guides\/wp-json\/wp\/v2\/posts\/2696' class='app-button fit'>Simulation gratuite<\/a><\/div>\n","protected":false},"excerpt":{"rendered":"<p>[Mis \u00e0 jour le 20\/02\/2026] Le montant de l\u2019allocation de rentr\u00e9e scolaire est revaloris\u00e9 chaque ann\u00e9e et il est vers\u00e9 aux familles pour les aider pour les d\u00e9penses li\u00e9es \u00e0 la rentr\u00e9e. Cette allocation familiale vous permet de diminuer le co\u00fbt des fournitures scolaires si vous avez des enfants \u00e2g\u00e9s entre 6 et 18 ans. [&hellip;]<\/p>\n","protected":false},"author":10,"featured_media":3005,"comment_status":"open","ping_status":"open","sticky":false,"template":"","format":"standard","meta":{"amp_status":"","footnotes":""},"categories":[41,10],"tags":[],"class_list":["post-2696","post","type-post","status-publish","format-standard","has-post-thumbnail","hentry","category-allocation-rentree-scolaire","category-allocations-familiales"],"yoast_head":"<!-- This site is optimized with the Yoast SEO plugin v14.9 - https:\/\/yoast.com\/wordpress\/plugins\/seo\/ -->\n<title>Quel est le montant de l\u2019allocation de rentr\u00e9e scolaire en 2026 ?<\/title>\n<meta name=\"description\" content=\"Vous souhaitez percevoir l&#039;allocation de rentr\u00e9e scolaire pour votre ou vos enfants ? D\u00e9couvrez \u00e0 quel montant vous avez droit !\" \/>\n<meta name=\"robots\" content=\"index, follow, max-snippet:-1, max-image-preview:large, max-video-preview:-1\" \/>\n<link rel=\"canonical\" href=\"https:\/\/www.mes-allocs.fr\/guides\/allocations-familiales\/allocation-rentree-scolaire\/montant-allocation-rentree-scolaire\/\" \/>\n<meta property=\"og:locale\" content=\"fr_FR\" \/>\n<meta property=\"og:type\" content=\"article\" \/>\n<meta property=\"og:title\" content=\"Quel est le montant de l\u2019allocation de rentr\u00e9e scolaire en 2026 ?\" \/>\n<meta property=\"og:description\" content=\"Vous souhaitez percevoir l&#039;allocation de rentr\u00e9e scolaire pour votre ou vos enfants ? D\u00e9couvrez \u00e0 quel montant vous avez droit !\" \/>\n<meta property=\"og:url\" content=\"https:\/\/www.mes-allocs.fr\/guides\/allocations-familiales\/allocation-rentree-scolaire\/montant-allocation-rentree-scolaire\/\" \/>\n<meta property=\"og:site_name\" content=\"Mes-Allocs.fr\" \/>\n<meta property=\"article:published_time\" content=\"2019-12-17T04:53:36+00:00\" \/>\n<meta property=\"article:modified_time\" content=\"2026-03-19T10:29:55+00:00\" \/>\n<meta property=\"og:image\" content=\"https:\/\/www.mes-allocs.fr\/guides\/wp-content\/uploads\/2019\/12\/Les-montants-de-lallocation-rentre\u0301e-scolaire-de-la-CAF.jpg?wsr\" \/>\n\t<meta property=\"og:image:width\" content=\"1920\" \/>\n\t<meta property=\"og:image:height\" content=\"750\" \/>\n<meta name=\"twitter:card\" content=\"summary_large_image\" \/>\n<script type=\"application\/ld+json\" class=\"yoast-schema-graph\">{\"@context\":\"https:\/\/schema.org\",\"@graph\":[{\"@type\":\"WebSite\",\"@id\":\"https:\/\/www.mes-allocs.fr\/guides\/#website\",\"url\":\"https:\/\/www.mes-allocs.fr\/guides\/\",\"name\":\"Mes-Allocs.fr\",\"description\":\"\",\"potentialAction\":[{\"@type\":\"SearchAction\",\"target\":\"https:\/\/www.mes-allocs.fr\/guides\/?s={search_term_string}\",\"query-input\":\"required name=search_term_string\"}],\"inLanguage\":\"fr-FR\"},{\"@type\":\"ImageObject\",\"@id\":\"https:\/\/www.mes-allocs.fr\/guides\/allocations-familiales\/allocation-rentree-scolaire\/montant-allocation-rentree-scolaire\/#primaryimage\",\"inLanguage\":\"fr-FR\",\"url\":\"https:\/\/www.mes-allocs.fr\/guides\/wp-content\/uploads\/2019\/12\/Les-montants-de-lallocation-rentre\\u0301e-scolaire-de-la-CAF.jpg?wsr\",\"width\":1920,\"height\":750,\"caption\":\"Les montants de lallocation rentre\\u0301e scolaire de la CAF\"},{\"@type\":\"WebPage\",\"@id\":\"https:\/\/www.mes-allocs.fr\/guides\/allocations-familiales\/allocation-rentree-scolaire\/montant-allocation-rentree-scolaire\/#webpage\",\"url\":\"https:\/\/www.mes-allocs.fr\/guides\/allocations-familiales\/allocation-rentree-scolaire\/montant-allocation-rentree-scolaire\/\",\"name\":\"Quel est le montant de l\\u2019allocation de rentr\\u00e9e scolaire en 2026 ?\",\"isPartOf\":{\"@id\":\"https:\/\/www.mes-allocs.fr\/guides\/#website\"},\"primaryImageOfPage\":{\"@id\":\"https:\/\/www.mes-allocs.fr\/guides\/allocations-familiales\/allocation-rentree-scolaire\/montant-allocation-rentree-scolaire\/#primaryimage\"},\"datePublished\":\"2019-12-17T04:53:36+00:00\",\"dateModified\":\"2026-03-19T10:29:55+00:00\",\"author\":{\"@id\":\"https:\/\/www.mes-allocs.fr\/guides\/#\/schema\/person\/8d47b912c0ad15f379df96b4e4e33f58\"},\"description\":\"Vous souhaitez percevoir l'allocation de rentr\\u00e9e scolaire pour votre ou vos enfants ? D\\u00e9couvrez \\u00e0 quel montant vous avez droit !\",\"inLanguage\":\"fr-FR\"},{\"@type\":\"Person\",\"@id\":\"https:\/\/www.mes-allocs.fr\/guides\/#\/schema\/person\/8d47b912c0ad15f379df96b4e4e33f58\",\"name\":\"Constance de Cagny\",\"image\":{\"@type\":\"ImageObject\",\"@id\":\"https:\/\/www.mes-allocs.fr\/guides\/#personlogo\",\"inLanguage\":\"fr-FR\",\"url\":\"https:\/\/www.mes-allocs.fr\/guides\/wp-content\/uploads\/2021\/06\/Constance.2e8ee0b.png\",\"caption\":\"Constance de Cagny\"},\"description\":\"Constance est r\\u00e9dactrice au sein de l'\\u00e9quipe Mes Allocs. Elle a l'habitude d'\\u00e9crire sur les sujets conso, bons plans et \\u00e9conomies. Dipl\\u00f4m\\u00e9e de l'ENACO, elle rejoint Mes Allocs apr\\u00e8s une premi\\u00e8re exp\\u00e9rience en cabinet notarial.\",\"sameAs\":[\"https:\/\/www.linkedin.com\/in\/constance-de-cagny-mayeur-bbb414135\"]}]}<\/script>\n<!-- \/ Yoast SEO plugin. -->","amp_validity":null,"acf":{"faq":{"1":{"question":"Quel plafond ne pas d\u00e9passer pour toucher la prime de rentr\u00e9e scolaire ?","answer":"Le plafond varie selon le nombre d'enfant que vous avez \u00e0 charge. Par exemple, avec 2 enfants \u00e0 charge, le plafond est de 35 638 \u20ac. "},"2":{"question":"Quel est le montant de la prime de rentr\u00e9e scolaire en 2025 ?","answer":"Le montant varie selon l'\u00e2ge des enfants que vous avez \u00e0 charge. Par exemple, pour un enfant de 15 ans, le montant de l'ARS est de 462,03 \u20ac."},"3":{"question":"Qui a le droit \u00e0 l'allocation de rentr\u00e9e scolaire ?","answer":"Vous avez droit \u00e0 l'allocation de rentr\u00e9e scolaire si vous avez des enfants qui ont entre 6 et 18 ans. "},"4":{"question":" Comment puis-je savoir si j'ai droit \u00e0 l'allocation de rentr\u00e9e scolaire ?","answer":"Pour savoir si vous avez droit \u00e0 l'allocation de rentr\u00e9e scolaire, vous pouvez utliser notre simulateur qui vous indiquera votre \u00e9ligibilit\u00e9 en quelques minutes. "},"5":{"question":"Quelles sont les conditions pour b\u00e9n\u00e9ficier de l'ARS en 2026 ?","answer":"Pour b\u00e9n\u00e9ficier de l\u2019ARS en 2026, vous devez avoir un ou plusieurs enfants scolaris\u00e9s \u00e2g\u00e9s de 6 \u00e0 18 ans au 31 d\u00e9cembre 2026 et ne pas d\u00e9passer un certain plafond de ressources fix\u00e9 selon le nombre d\u2019enfants \u00e0 charge, calcul\u00e9 sur la base des revenus 2024."},"6":{"question":"Comment r\u00e9cup\u00e9rer l'allocation de rentr\u00e9e scolaire ?","answer":"L'ARS est vers\u00e9e automatiquement au foyer \u00e9ligible, sauf pour les 16-18 ans qui doivent faire des d\u00e9marches aupr\u00e8s de la CAF ou de la MSA."},"7":{"question":"","answer":""},"8":{"question":"","answer":""},"9":{"question":"","answer":""},"10":{"question":"","answer":""},"11":{"question":"","answer":""},"12":{"question":"","answer":""},"13":{"question":"","answer":""},"14":{"question":"","answer":""},"15":{"question":"","answer":""},"16":{"question":"","answer":""}}},"_links":{"self":[{"href":"https:\/\/www.mes-allocs.fr\/guides\/wp-json\/wp\/v2\/posts\/2696","targetHints":{"allow":["GET"]}}],"collection":[{"href":"https:\/\/www.mes-allocs.fr\/guides\/wp-json\/wp\/v2\/posts"}],"about":[{"href":"https:\/\/www.mes-allocs.fr\/guides\/wp-json\/wp\/v2\/types\/post"}],"author":[{"embeddable":true,"href":"https:\/\/www.mes-allocs.fr\/guides\/wp-json\/wp\/v2\/users\/10"}],"replies":[{"embeddable":true,"href":"https:\/\/www.mes-allocs.fr\/guides\/wp-json\/wp\/v2\/comments?post=2696"}],"version-history":[{"count":38,"href":"https:\/\/www.mes-allocs.fr\/guides\/wp-json\/wp\/v2\/posts\/2696\/revisions"}],"predecessor-version":[{"id":110750,"href":"https:\/\/www.mes-allocs.fr\/guides\/wp-json\/wp\/v2\/posts\/2696\/revisions\/110750"}],"wp:featuredmedia":[{"embeddable":true,"href":"https:\/\/www.mes-allocs.fr\/guides\/wp-json\/wp\/v2\/media\/3005"}],"wp:attachment":[{"href":"https:\/\/www.mes-allocs.fr\/guides\/wp-json\/wp\/v2\/media?parent=2696"}],"wp:term":[{"taxonomy":"category","embeddable":true,"href":"https:\/\/www.mes-allocs.fr\/guides\/wp-json\/wp\/v2\/categories?post=2696"},{"taxonomy":"post_tag","embeddable":true,"href":"https:\/\/www.mes-allocs.fr\/guides\/wp-json\/wp\/v2\/tags?post=2696"}],"curies":[{"name":"wp","href":"https:\/\/api.w.org\/{rel}","templated":true}]}}