{"id":2682,"date":"2019-12-08T09:51:28","date_gmt":"2019-12-08T09:51:28","guid":{"rendered":"https:\/\/www.mes-allocs.fr\/guides\/?p=2682"},"modified":"2026-02-26T17:41:00","modified_gmt":"2026-02-26T16:41:00","slug":"montant-prime-de-noel-caf","status":"publish","type":"post","link":"https:\/\/www.mes-allocs.fr\/guides\/prime-de-noel\/prime-de-noel-caf\/montant-prime-de-noel-caf\/","title":{"rendered":"Quel est le montant de la prime de No\u00ebl CAF en 2026 ?"},"content":{"rendered":"<p><img loading=\"lazy\" decoding=\"async\" class=\"aligncenter size-full wp-image-105199\" title=\"montant prime noel caf\" src=\"https:\/\/www.mes-allocs.fr\/guides\/wp-content\/uploads\/2019\/12\/montant-prime-noel-caf.png\" alt=\"montant prime noel caf\" width=\"1920\" height=\"300\" srcset=\"https:\/\/www.mes-allocs.fr\/guides\/wp-content\/uploads\/2019\/12\/montant-prime-noel-caf.png 1920w, https:\/\/www.mes-allocs.fr\/guides\/wp-content\/uploads\/2019\/12\/montant-prime-noel-caf-300x47.png 300w, https:\/\/www.mes-allocs.fr\/guides\/wp-content\/uploads\/2019\/12\/montant-prime-noel-caf-1024x160.png 1024w, https:\/\/www.mes-allocs.fr\/guides\/wp-content\/uploads\/2019\/12\/montant-prime-noel-caf-768x120.png 768w, https:\/\/www.mes-allocs.fr\/guides\/wp-content\/uploads\/2019\/12\/montant-prime-noel-caf-1536x240.png 1536w, https:\/\/www.mes-allocs.fr\/guides\/wp-content\/uploads\/2019\/12\/montant-prime-noel-caf-600x94.png 600w\" sizes=\"auto, (max-width: 1920px) 100vw, 1920px\" \/><\/p>\n<p>[Mis \u00e0 jour le 26\/02\/2026] La <a href=\"https:\/\/www.mes-allocs.fr\/guides\/prime-de-noel\/\">prime de No\u00ebl CAF<\/a>\u00a0est une allocation familiale accord\u00e9e aux b\u00e9n\u00e9ficiaires des minimas sociaux, sous conditions. Cette prime, vers\u00e9e lors des f\u00eates de fin d&rsquo;ann\u00e9e, est un beau cadeau qui est attendu chaque ann\u00e9e par des milliers de personnes. Mais quel est le <strong>montant de la prime de No\u00ebl CAF <\/strong>en 2026 ? On vous explique \u00e0 combien vous aurez droit.<\/p>\n<div class='cta-block'><div class='text'>Simulez le montant de votre prime de No\u00ebl en 2 min.<\/div><a href='https:\/\/www.mes-allocs.fr\/ab-app?origin=guides\/wp-json\/wp\/v2\/posts\/2682' class='app-button fit'>Simulation gratuite<\/a><\/div>\n<h1><strong>Montant de la prime de No\u00ebl vers\u00e9e par la CAF en 2026<\/strong><\/h1>\n<p style=\"text-align: justify;\">Les montants de la prime pour 2026 n&rsquo;ont pas encore \u00e9t\u00e9 officiellement . Ils restent identiques \u00e0 ceux de 2025.<\/p>\n<p><span style=\"font-weight: 400;\">En 2025, la prime de No\u00ebl s&rsquo;\u00e9levait donc \u00e0 <strong>152,45 euros<\/strong> pour une personne seule et \u00e0 <strong>228,68 euros<\/strong> pour un couple. La somme est ensuite major\u00e9e en fonction du nombre d&rsquo;enfants \u00e0 charge. Voici le tableau avec les montants officiels actuels :\u00a0<\/span><\/p>\n\n<div class=\"wpdt-c row wpDataTableContainerSimpleTable wpDataTables wpDataTablesWrapper\n wdtscroll\"\n    >\n    <table id=\"wpdtSimpleTable-33\"\n           class=\"wpdtSimpleTable wpDataTable\"\n           data-column=\"3\"\n           data-rows=\"8\"\n           data-wpID=\"33\"\n           data-responsive=\"0\"\n           data-has-header=\"0\">\n\n                    <tbody>        <tr class=\"wpdt-cell-row \" >\n                            <td class=\"wpdt-cell wpdt-bc-F3F9FE wpdt-bold\"\n                                    data-cell-id=\"A1\"\n                data-col-index=\"0\"\n                data-row-index=\"0\"\n                style=\" width:260px;                padding:10px;\"\n                >\n                                Nombre d\u2019enfant(s)                <\/td>\n                                            <td class=\"wpdt-cell wpdt-bc-F3F9FE wpdt-bold\"\n                                    data-cell-id=\"B1\"\n                data-col-index=\"1\"\n                data-row-index=\"0\"\n                style=\" width:228px;                padding:10px;\"\n                >\n                                Personne seule                <\/td>\n                                            <td class=\"wpdt-cell wpdt-bc-F3F9FE wpdt-bold\"\n                                    data-cell-id=\"C1\"\n                data-col-index=\"2\"\n                data-row-index=\"0\"\n                style=\" width:217px;                padding:10px;\"\n                >\n                                En couple                <\/td>\n                                        <\/tr>\n                            <tr class=\"wpdt-cell-row \" >\n                            <td class=\"wpdt-cell wpdt-bold\"\n                                    data-cell-id=\"A2\"\n                data-col-index=\"0\"\n                data-row-index=\"1\"\n                style=\"                padding:10px;\"\n                >\n                                Sans enfant                <\/td>\n                                            <td class=\"wpdt-cell \"\n                                    data-cell-id=\"B2\"\n                data-col-index=\"1\"\n                data-row-index=\"1\"\n                style=\"                padding:10px;\"\n                >\n                                152,45 \u20ac                <\/td>\n                                            <td class=\"wpdt-cell \"\n                                    data-cell-id=\"C2\"\n                data-col-index=\"2\"\n                data-row-index=\"1\"\n                style=\"                padding:10px;\"\n                >\n                                228,68 \u20ac                <\/td>\n                                        <\/tr>\n                            <tr class=\"wpdt-cell-row \" >\n                            <td class=\"wpdt-cell wpdt-bold\"\n                                    data-cell-id=\"A3\"\n                data-col-index=\"0\"\n                data-row-index=\"2\"\n                style=\"                padding:10px;\"\n                >\n                                1 enfant                <\/td>\n                                            <td class=\"wpdt-cell \"\n                                    data-cell-id=\"B3\"\n                data-col-index=\"1\"\n                data-row-index=\"2\"\n                style=\"                padding:10px;\"\n                >\n                                228,68 \u20ac                <\/td>\n                                            <td class=\"wpdt-cell \"\n                                    data-cell-id=\"C3\"\n                data-col-index=\"2\"\n                data-row-index=\"2\"\n                style=\"                padding:10px;\"\n                >\n                                274,41 \u20ac                <\/td>\n                                        <\/tr>\n                            <tr class=\"wpdt-cell-row \" >\n                            <td class=\"wpdt-cell wpdt-bold\"\n                                    data-cell-id=\"A4\"\n                data-col-index=\"0\"\n                data-row-index=\"3\"\n                style=\"                padding:10px;\"\n                >\n                                2 enfants                <\/td>\n                                            <td class=\"wpdt-cell \"\n                                    data-cell-id=\"B4\"\n                data-col-index=\"1\"\n                data-row-index=\"3\"\n                style=\"                padding:10px;\"\n                >\n                                274,41 \u20ac                <\/td>\n                                            <td class=\"wpdt-cell \"\n                                    data-cell-id=\"C4\"\n                data-col-index=\"2\"\n                data-row-index=\"3\"\n                style=\"                padding:10px;\"\n                >\n                                320,15 \u20ac                <\/td>\n                                        <\/tr>\n                            <tr class=\"wpdt-cell-row \" >\n                            <td class=\"wpdt-cell wpdt-bold\"\n                                    data-cell-id=\"A5\"\n                data-col-index=\"0\"\n                data-row-index=\"4\"\n                style=\"                padding:10px;\"\n                >\n                                3 enfants                <\/td>\n                                            <td class=\"wpdt-cell \"\n                                    data-cell-id=\"B5\"\n                data-col-index=\"1\"\n                data-row-index=\"4\"\n                style=\"                padding:10px;\"\n                >\n                                335,39 \u20ac                <\/td>\n                                            <td class=\"wpdt-cell \"\n                                    data-cell-id=\"C5\"\n                data-col-index=\"2\"\n                data-row-index=\"4\"\n                style=\"                padding:10px;\"\n                >\n                                381,13 \u20ac                <\/td>\n                                        <\/tr>\n                            <tr class=\"wpdt-cell-row \" >\n                            <td class=\"wpdt-cell wpdt-bold\"\n                                    data-cell-id=\"A6\"\n                data-col-index=\"0\"\n                data-row-index=\"5\"\n                style=\"                padding:10px;\"\n                >\n                                4 enfants                <\/td>\n                                            <td class=\"wpdt-cell \"\n                                    data-cell-id=\"B6\"\n                data-col-index=\"1\"\n                data-row-index=\"5\"\n                style=\"                padding:10px;\"\n                >\n                                396,37 \u20ac                <\/td>\n                                            <td class=\"wpdt-cell \"\n                                    data-cell-id=\"C6\"\n                data-col-index=\"2\"\n                data-row-index=\"5\"\n                style=\"                padding:10px;\"\n                >\n                                442,11 \u20ac                <\/td>\n                                        <\/tr>\n                            <tr class=\"wpdt-cell-row \" >\n                            <td class=\"wpdt-cell wpdt-bold\"\n                                    data-cell-id=\"A7\"\n                data-col-index=\"0\"\n                data-row-index=\"6\"\n                style=\"                padding:10px;\"\n                >\n                                5 enfants                <\/td>\n                                            <td class=\"wpdt-cell \"\n                                    data-cell-id=\"B7\"\n                data-col-index=\"1\"\n                data-row-index=\"6\"\n                style=\"                padding:10px;\"\n                >\n                                457,35 \u20ac                <\/td>\n                                            <td class=\"wpdt-cell \"\n                                    data-cell-id=\"C7\"\n                data-col-index=\"2\"\n                data-row-index=\"6\"\n                style=\"                padding:10px;\"\n                >\n                                503,09 \u20ac                <\/td>\n                                        <\/tr>\n                            <tr class=\"wpdt-cell-row \" >\n                            <td class=\"wpdt-cell wpdt-bold\"\n                                    data-cell-id=\"A8\"\n                data-col-index=\"0\"\n                data-row-index=\"7\"\n                style=\"                padding:10px;\"\n                >\n                                Par enfant(s) suppl\u00e9mentaire                <\/td>\n                                            <td class=\"wpdt-cell \"\n                                    data-cell-id=\"B8\"\n                data-col-index=\"1\"\n                data-row-index=\"7\"\n                style=\"                padding:10px;\"\n                >\n                                +60,98 \u20ac                <\/td>\n                                            <td class=\"wpdt-cell \"\n                                    data-cell-id=\"C8\"\n                data-col-index=\"2\"\n                data-row-index=\"7\"\n                style=\"                padding:10px;\"\n                >\n                                +60,98 \u20ac                <\/td>\n                                        <\/tr>\n                    <\/table>\n<\/div><style id='wpdt-custom-style-33'>\n.wpdt-bc-F3F9FE { background-color: #F3F9FE !important;}\n<\/style>\n\n<p><em>(Montants en vigueur au 03\/12\/2025)<\/em><\/p>\n<div class='shortcode disclaimer'><div class='title'>Attention<\/div><div class='content'>Attention \u00e0 ne pas confondre la prime de No\u00ebl CAF\/MSA, vers\u00e9e aux b\u00e9n\u00e9ficiaires du RSA, avec des montants variables selon la situation familiale. Et la prime de No\u00ebl France Travail (aussi appel\u00e9e prime exceptionnelle de fin d\u2019ann\u00e9e), qui correspond \u00e0 un montant fixe de 152,45 \u20ac pour les allocataires de l\u2019ASS, l\u2019AER, l&rsquo;ASS-F, la RFFT ou la RPS.<\/div><\/div>\n<p><iframe loading=\"lazy\" title=\"La prime de No\u00ebl\" width=\"500\" height=\"281\" src=\"https:\/\/www.youtube.com\/embed\/JSd0X11Muig?feature=oembed\" frameborder=\"0\" allow=\"accelerometer; autoplay; clipboard-write; encrypted-media; gyroscope; picture-in-picture; web-share\" referrerpolicy=\"strict-origin-when-cross-origin\" allowfullscreen><\/iframe><\/p>\n<h1>Comment est fix\u00e9 le montant de la prime de No\u00ebl CAF ?<\/h1>\n<p>Le montant de la prime de No\u00ebl CAF est directement li\u00e9 au Revenu de Solidarit\u00e9 Active (RSA) socle que vous percevez. Contrairement aux b\u00e9n\u00e9ficiaires de l\u2019ASS, l\u2019AER, l&rsquo;ASS-F, la RFFT ou la RPS (qui rel\u00e8vent de France Travail et touchent une prime fixe), les allocataires du RSA voient leur prime calcul\u00e9e en fonction de la composition de leur foyer. <span style=\"font-weight: 400;\">La CAF se basera sur :\u00a0<\/span><\/p>\n<ul>\n<li style=\"text-align: justify;\"><span style=\"font-weight: 400;\">Votre situation familiale<\/span><\/li>\n<li style=\"text-align: justify;\"><span style=\"font-weight: 400;\">Le nombre d\u2019enfants \u00e0 charge<\/span><\/li>\n<\/ul>\n<p>En pratique :<\/p>\n<ul>\n<li>Une personne seule sans enfant per\u00e7oit le montant de base.<\/li>\n<li>Ce montant augmente si vous \u00eates en couple ou si vous avez des enfants \u00e0 charge.<\/li>\n<li>Plus la composition familiale est importante, plus la prime est \u00e9lev\u00e9e.<\/li>\n<\/ul>\n<p><div class='shortcode tips'><div class='title'>Exemple<\/div><div class='content'>Une personne seule avec 2 enfants recevra une prime plus \u00e9lev\u00e9e qu\u2019un allocataire sans enfant, car le calcul tient compte des besoins du foyer.<\/div><\/div> <!-- --> <!-- notionvc: 231fcfca-318d-4261-aa68-04ffca107528 --><!-- --><\/p>\n<h1><strong>Comment connaitre le montant de votre prime de No\u00ebl CAF ?<\/strong><\/h1>\n<p><span style=\"font-weight: 400;\">Si de nombreuses personnes se demandent si elles sont \u00e9ligibles, cette question reste souvent en suspens. En effet, la CAF ne propose de simulateur, et aucune <a href=\"https:\/\/www.mes-allocs.fr\/guides\/prime-de-noel\/prime-de-noel-caf\/prime-de-noel-caf-demande\/\">demande de prime de No\u00ebl CAF<\/a> n&rsquo;est possible : le versement est <strong>automatique<\/strong>.<\/span><\/p>\n<p><span style=\"font-weight: 400;\">Afin de savoir si vous allez percevoir l\u2019aide de fin d\u2019ann\u00e9e, le montant et la date de versement selon votre situation, nous vous proposons de faire <\/span><span style=\"font-weight: 400;\">une <strong>simulation gratuite<\/strong> de vos droits<\/span><span style=\"font-weight: 400;\"> \u00e0 la prime de No\u00ebl. Pour cela, rien de plus simple : cliquez sur \u00ab\u00a0Simulation gratuite\u00a0\u00bb et laissez-vous guider. L&rsquo;outil vous posera quelques questions pour d\u00e9terminer si vous \u00eates \u00e9ligible.<\/span><\/p>\n<div class='cta-block'><div class='text'>Simulez le montant de votre prime de No\u00ebl en 2 min.<\/div><a href='https:\/\/www.mes-allocs.fr\/ab-app?origin=guides\/wp-json\/wp\/v2\/posts\/2682' class='app-button fit'>Simulation gratuite<\/a><\/div>\n<h1>Exemples concrets de montants pouvant \u00eatre vers\u00e9s en 2026<\/h1>\n<div class='shortcode tips'><div class='title'>Exemples de montant<\/div><div class='content'><\/p>\n<p><strong>\ud83d\ude4e\ud83c\udffb\u200d\u2640\ufe0f Personne seule + 2 enfants<\/strong> = 274,41 \u20ac.<!-- --><\/p>\n<p><strong>\ud83d\udc69\u200d\u2764\ufe0f\u200d\ud83d\udc68 Couple sans enfant<\/strong> = 228,68 \u20ac.<\/p>\n<p><strong>\ud83d\udc66 Couple + 3 enfants <\/strong>=\u00a0381,13 \u20ac.<\/div><\/div>\n<p><em>(Montants officiels en vigueur au 03\/12\/2025)<\/em><\/p>\n<h1>Vos questions sur le montant de la prime de No\u00ebl de la CAF<\/h1>\n<h2>Est-ce que le montant change chaque ann\u00e9e ?<\/h2>\n<p>G\u00e9n\u00e9ralement <strong>non<\/strong>. Depuis sa cr\u00e9ation en 1998, le montant de la prime de No\u00ebl n\u2019a quasiment pas \u00e9volu\u00e9. Les bar\u00e8mes appliqu\u00e9s par la CAF restent les m\u00eames d\u2019une ann\u00e9e sur l\u2019autre, sauf d\u00e9cision exceptionnelle du gouvernement.<\/p>\n<p>Ainsi, les montants vers\u00e9s en 2026 seront s\u00fbrement identiques \u00e0 ceux des ann\u00e9es pr\u00e9c\u00e9dentes.<\/p>\n<h2>Le montant est-il le m\u00eame en Outre-mer ?<\/h2>\n<p>Oui. Que vous r\u00e9sidiez en m\u00e9tropole ou dans les d\u00e9partements et collectivit\u00e9s d\u2019Outre-mer, les bar\u00e8mes de la prime de No\u00ebl CAF sont identiques. Les conditions d\u2019\u00e9ligibilit\u00e9 et les montants ne varient pas selon la zone g\u00e9ographique. Sauf \u00e0 <strong>Mayotte<\/strong>, o\u00f9 les montants attribu\u00e9s sont diff\u00e9rents.<\/p>\n<h2>Le montant de la prime de No\u00ebl est-il imposable ?<\/h2>\n<p><strong>Non<\/strong>. La prime de No\u00ebl CAF est une aide sociale exceptionnelle. Elle n\u2019est pas soumise \u00e0 l\u2019imp\u00f4t sur le revenu et n\u2019a pas \u00e0 \u00eatre d\u00e9clar\u00e9e dans votre d\u00e9claration fiscale. Le montant vers\u00e9 ne r\u00e9duit donc pas vos autres prestations sociales.<\/p>\n<h2>Que faire si le montant vers\u00e9 est incorrect ?<\/h2>\n<p>Si le montant per\u00e7u ne correspond pas \u00e0 votre situation familiale, suivez ces \u00e9tapes :<\/p>\n<ol>\n<li>V\u00e9rifiez que vos informations personnelles (situation familiale, nombre d\u2019enfants, RIB) sont \u00e0 jour dans votre espace CAF.<\/li>\n<li>Consultez vos notifications ou courriers CAF pour voir si une explication a \u00e9t\u00e9 donn\u00e9e (par exemple un droit au RSA interrompu en novembre ou d\u00e9cembre).<\/li>\n<li>Si l\u2019erreur persiste, contactez directement votre CAF afin de demander une r\u00e9gularisation.<\/li>\n<\/ol>\n<h1>Quels sont les montant des autres primes de No\u00ebl ?<\/h1>\n<h2>Montant de la prime de No\u00ebl France Travail<\/h2>\n<p>Le montant de la prime de No\u00ebl vers\u00e9e par France Travail est de<strong> 152,45 \u20ac<\/strong>. C\u2019est un montant <strong>fixe<\/strong>, et contrairement \u00e0 la prime de No\u00ebl vers\u00e9e par la CAF ou la MSA, il n\u2019y a aucune majoration en cas d\u2019enfant(s) \u00e0 charge. En effet, l\u2019ann\u00e9e derni\u00e8re, une majoration de 35% \u00e9tait appliqu\u00e9e si vous \u00e9tiez parent isol\u00e9 avec un ou plusieurs enfants \u00e0 charge. Mais cette ann\u00e9e, ce n\u2019est plus le cas. Le montant est fixe \u00e0 152,45\u20ac.<\/p>\n<h2><strong>Montant de la prime de No\u00ebl entreprise<\/strong><\/h2>\n<p><span style=\"font-weight: 400;\">Certaines entreprises accordent une prime de No\u00ebl \u00e0 leurs salari\u00e9s. Le montant est donc <strong>variable<\/strong> d&rsquo;une entreprise \u00e0 l&rsquo;autre. Cette aide peut \u00eatre vers\u00e9e sous la forme de :<\/span><\/p>\n<ul>\n<li style=\"font-weight: 400;\"><span style=\"font-weight: 400;\">Une prime de fin d&rsquo;ann\u00e9e ;<\/span><\/li>\n<li style=\"font-weight: 400;\"><span style=\"font-weight: 400;\">Des cadeaux ;<\/span><\/li>\n<li style=\"font-weight: 400;\"><span style=\"font-weight: 400;\">Des bons d&rsquo;achat divers.<\/span><\/li>\n<\/ul>\n<p><span style=\"font-weight: 400;\">Il faut savoir que les salari\u00e9s au SMIC n&rsquo;ont pas le droit \u00e0 la prime de No\u00ebl de la CAF. Mais certaines entreprises peuvent donc leur verser une prime de ce type.\u00a0<\/span><\/p>\n<p><span style=\"font-weight: 400;\">De plus, certaines collectivit\u00e9s territoriales prennent en compte la situation familiale et de ressources et peuvent vous verser une prime suppl\u00e9mentaire.<\/span><\/p>\n<div class='cta-block'><div class='text'>Simulez le montant de votre prime de No\u00ebl en 2 min.<\/div><a href='https:\/\/www.mes-allocs.fr\/ab-app?origin=guides\/wp-json\/wp\/v2\/posts\/2682' class='app-button fit'>Simulation gratuite<\/a><\/div>\n","protected":false},"excerpt":{"rendered":"<p>[Mis \u00e0 jour le 26\/02\/2026] La prime de No\u00ebl CAF\u00a0est une allocation familiale accord\u00e9e aux b\u00e9n\u00e9ficiaires des minimas sociaux, sous conditions. Cette prime, vers\u00e9e lors des f\u00eates de fin d&rsquo;ann\u00e9e, est un beau cadeau qui est attendu chaque ann\u00e9e par des milliers de personnes. Mais quel est le montant de la prime de No\u00ebl CAF [&hellip;]<\/p>\n","protected":false},"author":10,"featured_media":38621,"comment_status":"open","ping_status":"open","sticky":false,"template":"","format":"standard","meta":{"amp_status":"","footnotes":""},"categories":[31,38854],"tags":[],"class_list":["post-2682","post","type-post","status-publish","format-standard","has-post-thumbnail","hentry","category-prime-de-noel","category-prime-de-noel-caf"],"yoast_head":"<!-- This site is optimized with the Yoast SEO plugin v14.9 - https:\/\/yoast.com\/wordpress\/plugins\/seo\/ -->\n<title>Quel est le montant de la prime de No\u00ebl CAF en 2026 ? | Mes-Allocs.fr<\/title>\n<meta name=\"description\" content=\"La prime de No\u00ebl sera vers\u00e9e en d\u00e9cembre 2026. Mais quel est le montant selon la composition de votre foyer ? On vous donne les chiffres.\" \/>\n<meta name=\"robots\" content=\"index, follow, max-snippet:-1, max-image-preview:large, max-video-preview:-1\" \/>\n<link rel=\"canonical\" href=\"https:\/\/www.mes-allocs.fr\/guides\/prime-de-noel\/prime-de-noel-caf\/montant-prime-de-noel-caf\/\" \/>\n<meta property=\"og:locale\" content=\"fr_FR\" \/>\n<meta property=\"og:type\" content=\"article\" \/>\n<meta property=\"og:title\" content=\"Quel est le montant de la prime de No\u00ebl CAF en 2026 ? | Mes-Allocs.fr\" \/>\n<meta property=\"og:description\" content=\"La prime de No\u00ebl sera vers\u00e9e en d\u00e9cembre 2026. Mais quel est le montant selon la composition de votre foyer ? On vous donne les chiffres.\" \/>\n<meta property=\"og:url\" content=\"https:\/\/www.mes-allocs.fr\/guides\/prime-de-noel\/prime-de-noel-caf\/montant-prime-de-noel-caf\/\" \/>\n<meta property=\"og:site_name\" content=\"Mes-Allocs.fr\" \/>\n<meta property=\"article:published_time\" content=\"2019-12-08T09:51:28+00:00\" \/>\n<meta property=\"article:modified_time\" content=\"2026-02-26T16:41:00+00:00\" \/>\n<meta property=\"og:image\" content=\"https:\/\/www.mes-allocs.fr\/guides\/wp-content\/uploads\/2019\/12\/Les-montants-de-la-prime-de-Noel-CAF-2020.jpg?wsr\" \/>\n\t<meta property=\"og:image:width\" content=\"1280\" \/>\n\t<meta property=\"og:image:height\" content=\"853\" \/>\n<meta name=\"twitter:card\" content=\"summary_large_image\" \/>\n<script type=\"application\/ld+json\" class=\"yoast-schema-graph\">{\"@context\":\"https:\/\/schema.org\",\"@graph\":[{\"@type\":\"WebSite\",\"@id\":\"https:\/\/www.mes-allocs.fr\/guides\/#website\",\"url\":\"https:\/\/www.mes-allocs.fr\/guides\/\",\"name\":\"Mes-Allocs.fr\",\"description\":\"\",\"potentialAction\":[{\"@type\":\"SearchAction\",\"target\":\"https:\/\/www.mes-allocs.fr\/guides\/?s={search_term_string}\",\"query-input\":\"required name=search_term_string\"}],\"inLanguage\":\"fr-FR\"},{\"@type\":\"ImageObject\",\"@id\":\"https:\/\/www.mes-allocs.fr\/guides\/prime-de-noel\/prime-de-noel-caf\/montant-prime-de-noel-caf\/#primaryimage\",\"inLanguage\":\"fr-FR\",\"url\":\"https:\/\/www.mes-allocs.fr\/guides\/wp-content\/uploads\/2019\/12\/Les-montants-de-la-prime-de-Noel-CAF-2020.jpg?wsr\",\"width\":1280,\"height\":853,\"caption\":\"Les montants de la prime de Noel CAF\"},{\"@type\":\"WebPage\",\"@id\":\"https:\/\/www.mes-allocs.fr\/guides\/prime-de-noel\/prime-de-noel-caf\/montant-prime-de-noel-caf\/#webpage\",\"url\":\"https:\/\/www.mes-allocs.fr\/guides\/prime-de-noel\/prime-de-noel-caf\/montant-prime-de-noel-caf\/\",\"name\":\"Quel est le montant de la prime de No\\u00ebl CAF en 2026 ? | Mes-Allocs.fr\",\"isPartOf\":{\"@id\":\"https:\/\/www.mes-allocs.fr\/guides\/#website\"},\"primaryImageOfPage\":{\"@id\":\"https:\/\/www.mes-allocs.fr\/guides\/prime-de-noel\/prime-de-noel-caf\/montant-prime-de-noel-caf\/#primaryimage\"},\"datePublished\":\"2019-12-08T09:51:28+00:00\",\"dateModified\":\"2026-02-26T16:41:00+00:00\",\"author\":{\"@id\":\"https:\/\/www.mes-allocs.fr\/guides\/#\/schema\/person\/8d47b912c0ad15f379df96b4e4e33f58\"},\"description\":\"La prime de No\\u00ebl sera vers\\u00e9e en d\\u00e9cembre 2026. Mais quel est le montant selon la composition de votre foyer ? On vous donne les chiffres.\",\"inLanguage\":\"fr-FR\"},{\"@type\":\"Person\",\"@id\":\"https:\/\/www.mes-allocs.fr\/guides\/#\/schema\/person\/8d47b912c0ad15f379df96b4e4e33f58\",\"name\":\"Constance de Cagny\",\"image\":{\"@type\":\"ImageObject\",\"@id\":\"https:\/\/www.mes-allocs.fr\/guides\/#personlogo\",\"inLanguage\":\"fr-FR\",\"url\":\"https:\/\/www.mes-allocs.fr\/guides\/wp-content\/uploads\/2021\/06\/Constance.2e8ee0b.png\",\"caption\":\"Constance de Cagny\"},\"description\":\"Constance est r\\u00e9dactrice au sein de l'\\u00e9quipe Mes Allocs. Elle a l'habitude d'\\u00e9crire sur les sujets conso, bons plans et \\u00e9conomies. Dipl\\u00f4m\\u00e9e de l'ENACO, elle rejoint Mes Allocs apr\\u00e8s une premi\\u00e8re exp\\u00e9rience en cabinet notarial.\",\"sameAs\":[\"https:\/\/www.linkedin.com\/in\/constance-de-cagny-mayeur-bbb414135\"]}]}<\/script>\n<!-- \/ Yoast SEO plugin. -->","amp_validity":null,"acf":{"faq":{"1":{"question":"Qu'est-ce que la prime de No\u00ebl ?","answer":"La prime de No\u00ebl est une aide financi\u00e8re accord\u00e9e aux personnes qui touchent des minimas sociaux. "},"2":{"question":"Qui a droit \u00e0 la prime de No\u00ebl P\u00f4le emploi ?","answer":"Pour avoir le droit \u00e0 la prime de no\u00ebl, vous devez simplement b\u00e9n\u00e9ficier de l'un des minima sociaux  durant le mois de novembre et\/ou d\u00e9cembre."},"3":{"question":"Quand est vers\u00e9e la prime de No\u00ebl ? ","answer":"La prime de no\u00ebl est vers\u00e9e quelques jours avant les f\u00eates de fin d'ann\u00e9e, et son versement d\u00e9bute en d\u00e9cembre 2026."},"4":{"question":"Suis-je \u00e9ligible \u00e0 la prime de No\u00ebl ? ","answer":"Testez votre \u00e9ligibilit\u00e9 \u00e0 la prime de No\u00ebl avec le <a href=\"https:\/\/www.mes-allocs.fr\/guides\/allocations-familiales\/prime-de-noel\/simulation-prime-de-noel\/\">simulateur gratuit<\/a> de Mes Allocs. "},"5":{"question":"Les ch\u00f4meurs ont-ils droit \u00e0 la prime de No\u00ebl ?","answer":"Si vous touchez l'Allocation de Retour \u00e0 l'Emploi (l'ARE c'est \u00e0 dire les allocations ch\u00f4mage), l'Allocation Adulte Handicap\u00e9 (l'AAH) ou encore le minimum vieillesse, vous n'avez malheureusement pas droit \u00e0 la prime de no\u00ebl."},"6":{"question":"Quel est le montant de la prime de No\u00ebl pour 2 personnes ?","answer":"Avec un enfant, le montant de la prime de No\u00ebl est de 228.67 \u20ac pour une personne seule et de 274.41 \u20ac pour un couple."},"7":{"question":"","answer":""},"8":{"question":"","answer":""},"9":{"question":"","answer":""},"10":{"question":"","answer":""},"11":{"question":"","answer":""},"12":{"question":"","answer":""},"13":{"question":"","answer":""},"14":{"question":"","answer":""},"15":{"question":"","answer":""},"16":{"question":"","answer":""}}},"_links":{"self":[{"href":"https:\/\/www.mes-allocs.fr\/guides\/wp-json\/wp\/v2\/posts\/2682","targetHints":{"allow":["GET"]}}],"collection":[{"href":"https:\/\/www.mes-allocs.fr\/guides\/wp-json\/wp\/v2\/posts"}],"about":[{"href":"https:\/\/www.mes-allocs.fr\/guides\/wp-json\/wp\/v2\/types\/post"}],"author":[{"embeddable":true,"href":"https:\/\/www.mes-allocs.fr\/guides\/wp-json\/wp\/v2\/users\/10"}],"replies":[{"embeddable":true,"href":"https:\/\/www.mes-allocs.fr\/guides\/wp-json\/wp\/v2\/comments?post=2682"}],"version-history":[{"count":53,"href":"https:\/\/www.mes-allocs.fr\/guides\/wp-json\/wp\/v2\/posts\/2682\/revisions"}],"predecessor-version":[{"id":109857,"href":"https:\/\/www.mes-allocs.fr\/guides\/wp-json\/wp\/v2\/posts\/2682\/revisions\/109857"}],"wp:featuredmedia":[{"embeddable":true,"href":"https:\/\/www.mes-allocs.fr\/guides\/wp-json\/wp\/v2\/media\/38621"}],"wp:attachment":[{"href":"https:\/\/www.mes-allocs.fr\/guides\/wp-json\/wp\/v2\/media?parent=2682"}],"wp:term":[{"taxonomy":"category","embeddable":true,"href":"https:\/\/www.mes-allocs.fr\/guides\/wp-json\/wp\/v2\/categories?post=2682"},{"taxonomy":"post_tag","embeddable":true,"href":"https:\/\/www.mes-allocs.fr\/guides\/wp-json\/wp\/v2\/tags?post=2682"}],"curies":[{"name":"wp","href":"https:\/\/api.w.org\/{rel}","templated":true}]}}