{"id":26387,"date":"2021-05-17T14:56:11","date_gmt":"2021-05-17T14:56:11","guid":{"rendered":"https:\/\/www.mes-allocs.fr\/guides\/?p=26387"},"modified":"2026-03-06T16:27:47","modified_gmt":"2026-03-06T15:27:47","slug":"aide-recherche-emploi","status":"publish","type":"post","link":"https:\/\/www.mes-allocs.fr\/guides\/reconversion-professionnelle\/aide-recherche-emploi\/","title":{"rendered":"Les aides pour la recherche de votre emploi"},"content":{"rendered":"<p><img loading=\"lazy\" decoding=\"async\" class=\"alignnone wp-image-27111 size-large\" title=\"Aide recherche d\u2019emploi\" src=\"https:\/\/www.mes-allocs.fr\/guides\/wp-content\/uploads\/2021\/05\/pexels-alexander-suhorucov-6457590-e1620994099175-1024x386.jpg\" alt=\"Aide recherche d\u2019emploi\" width=\"1024\" height=\"386\" srcset=\"https:\/\/www.mes-allocs.fr\/guides\/wp-content\/uploads\/2021\/05\/pexels-alexander-suhorucov-6457590-e1620994099175-1024x386.jpg 1024w, https:\/\/www.mes-allocs.fr\/guides\/wp-content\/uploads\/2021\/05\/pexels-alexander-suhorucov-6457590-e1620994099175-300x113.jpg 300w, https:\/\/www.mes-allocs.fr\/guides\/wp-content\/uploads\/2021\/05\/pexels-alexander-suhorucov-6457590-e1620994099175-768x290.jpg 768w, https:\/\/www.mes-allocs.fr\/guides\/wp-content\/uploads\/2021\/05\/pexels-alexander-suhorucov-6457590-e1620994099175-600x226.jpg 600w, https:\/\/www.mes-allocs.fr\/guides\/wp-content\/uploads\/2021\/05\/pexels-alexander-suhorucov-6457590-e1620994099175.jpg 1280w\" sizes=\"auto, (max-width: 1024px) 100vw, 1024px\" \/><\/p>\n<p style=\"text-align: justify;\">[Mis \u00e0 jour le 06\/03\/2026] Obtenir un contrat de travail n&rsquo;est pas une mission facile. Pour cela, il existe diff\u00e9rentes structures charg\u00e9es de vous conseiller et de faciliter votre insertion professionnelle si vous \u00eates demandeur d&#8217;emploi. Comment vous faire accompagner dans votre <a href=\"https:\/\/www.mes-allocs.fr\/guides\/reconversion-professionnelle\/\">reconversion professionnelle<\/a> ? D\u00e9couvrez les <strong>aides \u00e0 la recherche d&rsquo;un emploi<\/strong> !<\/p>\n<div class='cta-block'><div class='text'>Besoin d&rsquo;aide dans votre reconversion ?<\/div><a href='https:\/\/www.formademia.fr\/coaching' class='app-button fit'>En savoir plus sur notre programme<\/a><\/div>\n<h1 class=\"noBandeau\">J&rsquo;ai besoin d&rsquo;aide dans ma recherche d&#8217;emploi, que faire ?<\/h1>\n<p>Si vous avez besoin d&rsquo;aide et d&rsquo;orientation dans votre recherche d&#8217;emploi, nous vous conseillons d&rsquo;avoir recours \u00e0 des structures sp\u00e9cialis\u00e9es telle que France Travail les missions locales, L&rsquo;Association Pour l&rsquo;Emploi des Cadres.<\/p>\n<p>D\u00e9couvrons-les ensemble !<\/p>\n<h2>Les aides de France Travail<\/h2>\n<p>Lorsque vos \u00e9tudes se terminent, vous devez avoir le r\u00e9flexe suivant : vous inscrire en tant que demandeur d&#8217;emploi.<\/p>\n<p>M\u00eame si vous ne pouvez pas percevoir certaines allocations li\u00e9es \u00e0 votre inscription, vous avez droit \u00e0 plusieurs avantages :<\/p>\n<ul>\n<li>Acc\u00e8s gratuit aux services (sites internet..)<\/li>\n<li>Protection sociale<\/li>\n<li>Possibilit\u00e9 de pouvoir postuler \u00e0 certains contrats aid\u00e9s ou de pr\u00e9tendre \u00e0 certaines aides (frais de d\u00e9placement pour se rendre \u00e0 des entretiens.)<\/li>\n<\/ul>\n<p>A noter, si vous \u00eates en situation de handicap, plusieurs organismes tels que France Travail, MDPH, Cap emploi peuvent vous aider dans votre insertion professionnelle.<\/p>\n<h2>Les aides des missions locales<\/h2>\n<p>Les missions locales sont pr\u00e9sentes sur l\u2019ensemble du territoire Fran\u00e7ais. Elles accompagnent les jeunes de 16 \u00e0 25 ans et traitent plusieurs difficult\u00e9s, notamment celles li\u00e9es \u00e0 l&rsquo;insertion dans l&#8217;emploi.<\/p>\n<p>Si vous vous inscrivez dans une mission locale, vous b\u00e9n\u00e9ficierez d&rsquo;un suivi personnalis\u00e9. Les conseilleurs vous aideront et vous accompagneront dans votre projet professionnel et votre recherche d&#8217;emploi.<\/p>\n<ul>\n<li>Aide \u00e0 la r\u00e9daction de votre curriculum vitae<\/li>\n<li>Aide \u00e0 la r\u00e9daction de votre lettre de motivation<\/li>\n<li>Pr\u00e9paration de votre entretien d\u2019embauche<\/li>\n<li>Aide \u00e0 la r\u00e9alisation d&rsquo;un bilan de vos ressources pour conna\u00eetre les aides financi\u00e8res auxquelles vous avez droit.<\/li>\n<\/ul>\n<p><iframe loading=\"lazy\" title=\"La reconversion professionnelle\" width=\"500\" height=\"281\" src=\"https:\/\/www.youtube.com\/embed\/EiVUthswxl0?feature=oembed\" frameborder=\"0\" allow=\"accelerometer; autoplay; clipboard-write; encrypted-media; gyroscope; picture-in-picture; web-share\" referrerpolicy=\"strict-origin-when-cross-origin\" allowfullscreen><\/iframe><\/p>\n<h1>Le r\u00e9seau information jeunesse<\/h1>\n<p>Le r\u00e9seau Information Jeunesse est constitu\u00e9 de structures de proximit\u00e9\u00a0: les CRIJ (centres r\u00e9gionaux Information Jeunesse), BIJ (bureaux Information Jeunesse) et PIJ (points Information Jeunesse).<\/p>\n<p>Ils accueillent tous les jeunes et les informent sur les domaines de la vie quotidienne (formation, loisirs, sant\u00e9, logement) mais aussi sur les premi\u00e8res d\u00e9marches pour entrer dans le monde du travail. Ils proposent des ateliers, des forums et chaque ann\u00e9e une journ\u00e9e d\u00e9di\u00e9e aux jobs d&rsquo;\u00e9t\u00e9.<\/p>\n<h1>L\u2019Apec pour les jeunes dipl\u00f4m\u00e9s<\/h1>\n<div class=\"details-article-single-container content-row content-container content-row clearfix\">\n<div class=\"details-article-content\">\n<div class=\"details-intro-section clearfix\">\n<div class=\"details-intro-txt\">\n<p>L\u2019Apec (Association Pour l&rsquo;Emploi des Cadres) existe depuis 1966. Elle accompagne et conseille les jeunes dipl\u00f4m\u00e9s, \u00e0 partir du niveau licence (bac +3) pour les aider \u00e0 anticiper leur insertion professionnelle.<\/p>\n<\/div>\n<\/div>\n<\/div>\n<\/div>\n<div class=\"contenu-light-article-single-container content-row content-container content-top clearfix\">\n<div class=\"details-article-content contenu-light-details-article-content clearfix\">\n<div class=\"details-content-txt editor-txt-content\">\n<div class=\"details-content-txt editor-txt-content\">\n<p>Elle vous offre les services suivants :<\/p>\n<ul>\n<li>Entretiens personnalis\u00e9s avec un consultant, r\u00e9alis\u00e9s \u00e0 distance ou en proximit\u00e9<\/li>\n<li>Prestations de conseils donnant lieu \u00e0 des entretiens ou ateliers collectifs<\/li>\n<li>Propositions\u00a0de diverses offres d&#8217;emploi<\/li>\n<li>Prestations d\u2019accompagnement dans la dur\u00e9e.<\/li>\n<\/ul>\n<p>Pour en savoir plus, vous pouvez \u00a0les consultants de l&rsquo;Apec au\u00a00 809 361 212 (prix d&rsquo;un appel local)<\/p>\n<\/div>\n<\/div>\n<\/div>\n<\/div>\n<h1>Les maisons de l&#8217;emploi<\/h1>\n<p>Les maisons de l&#8217;emploi sont l\u2019ensemble des services publics d\u00e9di\u00e9s \u00e0 l\u2019emploi ou \u00e0 la formation : par exemple, une agence France Travail, un CIO (centre d&rsquo;information et d&rsquo;orientation), une mission locale, un PIJ (point information jeunesse).<\/p>\n<p>Elles apportent une r\u00e9ponse en mati\u00e8re d\u2019emploi \u00e0 l\u2019ensemble des destinataires du territoire\u00a0: demandeurs d\u2019emploi, jeunes, salari\u00e9s etc.<\/p>\n<div class=\"_box-inline_1p6fl_gg_\" data-ui-name=\"Tooltip.Trigger\" aria-pressed=\"true\" aria-describedby=\"18993\">\n<h1 class=\"___STag_a9dhv_gg_ ___STag_90cy7_gg_ __size_90cy7_gg_ __size_m_90cy7_gg_ __theme_a9dhv_gg_ __theme_90cy7_gg_ __theme_secondary-muted_90cy7_gg_\" data-ui-name=\"Tag\"><span class=\"___SText_90cy7_gg_\" data-ui-name=\"Tag.Text\">Insertion par l&rsquo;activit\u00e9 \u00e9conomique<\/span><\/h1>\n<\/div>\n<div class=\"_box-inline_1p6fl_gg_\" data-ui-name=\"Tooltip.Trigger\" aria-pressed=\"false\" aria-describedby=\"89149\">\n<div class=\"___STag_a9dhv_gg_ ___STag_90cy7_gg_ __size_90cy7_gg_ __size_m_90cy7_gg_ __theme_a9dhv_gg_ __theme_90cy7_gg_ __theme_custom_a9dhv_gg_\" data-ui-name=\"Tag\">\n<div class=\"field field--name-body field--type-text-with-summary field--label-hidden responsive-videos-processed\">\n<div class=\"field-items\">\n<div class=\"field-item even\">\n<p>L\u2019insertion par l\u2019activit\u00e9 \u00e9conomique regroupe pr\u00e8s de 4 000 structures de l\u2019\u00e9conomie sociale et solidaire qui luttent contre le ch\u00f4mage et les exclusions depuis plus d\u2019une trentaine d\u2019ann\u00e9es. Elle permet aux personnes les plus \u00e9loign\u00e9es de l&#8217;emploi, en raison de difficult\u00e9s sociales et professionnelles particuli\u00e8res (\u00e2ge, \u00e9tat de sant\u00e9, pr\u00e9carit\u00e9) de b\u00e9n\u00e9ficier d&rsquo;un accompagnement renforc\u00e9.<\/p>\n<p>Nous vous invitons \u00e0 consulter nos articles sur les formations m\u00e9tiers\u00a0et la reconversion professionnelle pour vous aider \u00e0 \u00e9largir le champ de votre recherche d&#8217;emploi.<\/p>\n<div class='cta-block'><div class='text'>Besoin d&rsquo;aide dans votre reconversion ?<\/div><a href='https:\/\/www.formademia.fr\/coaching' class='app-button fit'>En savoir plus sur notre programme<\/a><\/div>\n<\/div>\n<\/div>\n<\/div>\n<\/div>\n<\/div>\n","protected":false},"excerpt":{"rendered":"<p>[Mis \u00e0 jour le 06\/03\/2026] Obtenir un contrat de travail n&rsquo;est pas une mission facile. Pour cela, il existe diff\u00e9rentes structures charg\u00e9es de vous conseiller et de faciliter votre insertion professionnelle si vous \u00eates demandeur d&#8217;emploi. Comment vous faire accompagner dans votre reconversion professionnelle ? D\u00e9couvrez les aides \u00e0 la recherche d&rsquo;un emploi ! J&rsquo;ai [&hellip;]<\/p>\n","protected":false},"author":7,"featured_media":27112,"comment_status":"open","ping_status":"open","sticky":false,"template":"","format":"standard","meta":{"amp_status":"","footnotes":""},"categories":[5081],"tags":[],"class_list":["post-26387","post","type-post","status-publish","format-standard","has-post-thumbnail","hentry","category-reconversion-professionnelle"],"yoast_head":"<!-- This site is optimized with the Yoast SEO plugin v14.9 - https:\/\/yoast.com\/wordpress\/plugins\/seo\/ -->\n<title>Les aides pour la recherche de votre emploi | Mes-Allocs.fr<\/title>\n<meta name=\"description\" content=\"Vous \u00eates \u00e0 la recherche d&#039;un emploi ? Plusieurs structures peuvent vous accompagner pendant cette p\u00e9riode. D\u00e9couvrez toutes les aides !\" \/>\n<meta name=\"robots\" content=\"index, follow, max-snippet:-1, max-image-preview:large, max-video-preview:-1\" \/>\n<link rel=\"canonical\" href=\"https:\/\/www.mes-allocs.fr\/guides\/reconversion-professionnelle\/aide-recherche-emploi\/\" \/>\n<meta property=\"og:locale\" content=\"fr_FR\" \/>\n<meta property=\"og:type\" content=\"article\" \/>\n<meta property=\"og:title\" content=\"Les aides pour la recherche de votre emploi | Mes-Allocs.fr\" \/>\n<meta property=\"og:description\" content=\"Vous \u00eates \u00e0 la recherche d&#039;un emploi ? Plusieurs structures peuvent vous accompagner pendant cette p\u00e9riode. D\u00e9couvrez toutes les aides !\" \/>\n<meta property=\"og:url\" content=\"https:\/\/www.mes-allocs.fr\/guides\/reconversion-professionnelle\/aide-recherche-emploi\/\" \/>\n<meta property=\"og:site_name\" content=\"Mes-Allocs.fr\" \/>\n<meta property=\"article:published_time\" content=\"2021-05-17T14:56:11+00:00\" \/>\n<meta property=\"article:modified_time\" content=\"2026-03-06T15:27:47+00:00\" \/>\n<meta property=\"og:image\" content=\"https:\/\/www.mes-allocs.fr\/guides\/wp-content\/uploads\/2021\/05\/pexels-cottonbro-5081388-1.jpg?wsr\" \/>\n\t<meta property=\"og:image:width\" content=\"1280\" \/>\n\t<meta property=\"og:image:height\" content=\"853\" \/>\n<meta name=\"twitter:card\" content=\"summary_large_image\" \/>\n<script type=\"application\/ld+json\" class=\"yoast-schema-graph\">{\"@context\":\"https:\/\/schema.org\",\"@graph\":[{\"@type\":\"WebSite\",\"@id\":\"https:\/\/www.mes-allocs.fr\/guides\/#website\",\"url\":\"https:\/\/www.mes-allocs.fr\/guides\/\",\"name\":\"Mes-Allocs.fr\",\"description\":\"\",\"potentialAction\":[{\"@type\":\"SearchAction\",\"target\":\"https:\/\/www.mes-allocs.fr\/guides\/?s={search_term_string}\",\"query-input\":\"required name=search_term_string\"}],\"inLanguage\":\"fr-FR\"},{\"@type\":\"ImageObject\",\"@id\":\"https:\/\/www.mes-allocs.fr\/guides\/reconversion-professionnelle\/aide-recherche-emploi\/#primaryimage\",\"inLanguage\":\"fr-FR\",\"url\":\"https:\/\/www.mes-allocs.fr\/guides\/wp-content\/uploads\/2021\/05\/pexels-cottonbro-5081388-1.jpg?wsr\",\"width\":1280,\"height\":853,\"caption\":\"aide recherche emploi\"},{\"@type\":\"WebPage\",\"@id\":\"https:\/\/www.mes-allocs.fr\/guides\/reconversion-professionnelle\/aide-recherche-emploi\/#webpage\",\"url\":\"https:\/\/www.mes-allocs.fr\/guides\/reconversion-professionnelle\/aide-recherche-emploi\/\",\"name\":\"Les aides pour la recherche de votre emploi | Mes-Allocs.fr\",\"isPartOf\":{\"@id\":\"https:\/\/www.mes-allocs.fr\/guides\/#website\"},\"primaryImageOfPage\":{\"@id\":\"https:\/\/www.mes-allocs.fr\/guides\/reconversion-professionnelle\/aide-recherche-emploi\/#primaryimage\"},\"datePublished\":\"2021-05-17T14:56:11+00:00\",\"dateModified\":\"2026-03-06T15:27:47+00:00\",\"author\":{\"@id\":\"https:\/\/www.mes-allocs.fr\/guides\/#\/schema\/person\/1c4837d5703727cb02ce84583b5a44aa\"},\"description\":\"Vous \\u00eates \\u00e0 la recherche d'un emploi ? Plusieurs structures peuvent vous accompagner pendant cette p\\u00e9riode. D\\u00e9couvrez toutes les aides !\",\"inLanguage\":\"fr-FR\"},{\"@type\":\"Person\",\"@id\":\"https:\/\/www.mes-allocs.fr\/guides\/#\/schema\/person\/1c4837d5703727cb02ce84583b5a44aa\",\"name\":\"Fabiola\",\"image\":{\"@type\":\"ImageObject\",\"@id\":\"https:\/\/www.mes-allocs.fr\/guides\/#personlogo\",\"inLanguage\":\"fr-FR\",\"url\":\"https:\/\/www.mes-allocs.fr\/guides\/wp-content\/uploads\/2021\/06\/fabiola-150x150.png\",\"caption\":\"Fabiola\"},\"description\":\"Fabiola est r\\u00e9dactrice au sein de l'\\u00e9quipe Mes Allocs, sp\\u00e9cialis\\u00e9e en sciences politiques et affaires publiques. Dipl\\u00f4m\\u00e9e de l'HEIP, elle rejoint Mes Allocs apr\\u00e8s une premi\\u00e8re exp\\u00e9rience \\u00e0 l'Assembl\\u00e9e Nationale.\",\"sameAs\":[\"https:\/\/www.linkedin.com\/in\/cecilia-philippe-b-8a8085195\"]}]}<\/script>\n<!-- \/ Yoast SEO plugin. -->","amp_validity":null,"acf":{"faq":{"1":{"question":"Qui peut m'aider dans ma recherche d'emploi ?","answer":" -Les associations (Apec..)\r\n-La Mission locale\r\n-Les cabinets de recrutement\r\n-France Travail."},"2":{"question":"Quel est le meilleur site de recherche d'emploi ?","answer":"-France Travail\r\n-Indeed\r\n-LinkedIn\r\n-Monster\r\n-Business Cool Work\r\n-Jobijoba\r\n-M\u00e9t\u00e9oJob\r\n-JobTeaser."},"3":{"question":"Comment trouver du travail \u00e0 18 ans sans dipl\u00f4me ?","answer":"Si vous avez entre 16 et 25 ans et que vous \u00eates sans dipl\u00f4me, ou alors si vous avez un CAP ou un BEP et que vous \u00eates sans emploi depuis plus de 6 mois, vous pouvez signer un emploi d'avenir. Le contrat emploi d'avenir est un CDI ou un CDD de 1 \u00e0 3 ans, \u00e0 temps plein (35 h par semaine).\r\n"},"4":{"question":"Comment pr\u00e9parer une reconversion professionnelle ?","answer":" Effectuer les bilans (de comp\u00e9tences et professionnel) Passer le test des m\u00e9tiers. Bien choisir sa formation. Cr\u00e9er un bon C.V et une bonne lettre de motivation. Se pr\u00e9parer pour un premier entretien."},"5":{"question":"\u00c0 quel moment faire un bilan de comp\u00e9tences ? ","answer":"Le bilan de comp\u00e9tences se fait \u00e0 votre initiative lorsque vous ressentez le besoin de faire un point dans votre carri\u00e8re."},"6":{"question":"","answer":""},"7":{"question":"","answer":""},"8":{"question":"","answer":""},"9":{"question":"","answer":""},"10":{"question":"","answer":""},"11":{"question":"","answer":""},"12":{"question":"","answer":""},"13":{"question":"","answer":""},"14":{"question":"","answer":""},"15":{"question":"","answer":""},"16":{"question":"","answer":""}}},"_links":{"self":[{"href":"https:\/\/www.mes-allocs.fr\/guides\/wp-json\/wp\/v2\/posts\/26387","targetHints":{"allow":["GET"]}}],"collection":[{"href":"https:\/\/www.mes-allocs.fr\/guides\/wp-json\/wp\/v2\/posts"}],"about":[{"href":"https:\/\/www.mes-allocs.fr\/guides\/wp-json\/wp\/v2\/types\/post"}],"author":[{"embeddable":true,"href":"https:\/\/www.mes-allocs.fr\/guides\/wp-json\/wp\/v2\/users\/7"}],"replies":[{"embeddable":true,"href":"https:\/\/www.mes-allocs.fr\/guides\/wp-json\/wp\/v2\/comments?post=26387"}],"version-history":[{"count":17,"href":"https:\/\/www.mes-allocs.fr\/guides\/wp-json\/wp\/v2\/posts\/26387\/revisions"}],"predecessor-version":[{"id":110279,"href":"https:\/\/www.mes-allocs.fr\/guides\/wp-json\/wp\/v2\/posts\/26387\/revisions\/110279"}],"wp:featuredmedia":[{"embeddable":true,"href":"https:\/\/www.mes-allocs.fr\/guides\/wp-json\/wp\/v2\/media\/27112"}],"wp:attachment":[{"href":"https:\/\/www.mes-allocs.fr\/guides\/wp-json\/wp\/v2\/media?parent=26387"}],"wp:term":[{"taxonomy":"category","embeddable":true,"href":"https:\/\/www.mes-allocs.fr\/guides\/wp-json\/wp\/v2\/categories?post=26387"},{"taxonomy":"post_tag","embeddable":true,"href":"https:\/\/www.mes-allocs.fr\/guides\/wp-json\/wp\/v2\/tags?post=26387"}],"curies":[{"name":"wp","href":"https:\/\/api.w.org\/{rel}","templated":true}]}}