{"id":2633,"date":"2020-01-04T08:00:01","date_gmt":"2020-01-04T06:00:01","guid":{"rendered":"https:\/\/www.mes-allocs.fr\/guides\/?p=2633"},"modified":"2025-10-24T18:07:45","modified_gmt":"2025-10-24T16:07:45","slug":"formation-afpr","status":"publish","type":"post","link":"https:\/\/www.mes-allocs.fr\/guides\/chomage\/formation-afpr\/","title":{"rendered":"AFPR : Une formation r\u00e9mun\u00e9r\u00e9e pr\u00e9alable au recrutement"},"content":{"rendered":"<p><img loading=\"lazy\" decoding=\"async\" class=\"alignnone wp-image-3208 size-full\" src=\"https:\/\/www.mes-allocs.fr\/guides\/wp-content\/uploads\/2019\/12\/afpr-e1577354518352.jpeg\" alt=\"afpr\" width=\"1880\" height=\"545\" \/><\/p>\n<p><strong>L&rsquo;AFPR ou Action de formation pr\u00e9alable au recrutement est une aide mise en place par P\u00f4le emploi et destin\u00e9e \u00e0 toute personne inscrite \u00e0 P\u00f4le emploi. L&rsquo;AFPR permet \u00e0 tout <a href=\"https:\/\/www.mes-allocs.fr\/guides\/chomage\">demandeur d&#8217;emploi<\/a> de perfectionner et\/ou de compl\u00e9ter ses comp\u00e9tences afin de pouvoir d\u00e9crocher l&#8217;emploi vis\u00e9. Mes Allocs vous r\u00e9v\u00e8le ce qu&rsquo;il faut savoir sur cette formation r\u00e9mun\u00e9r\u00e9e dans cet article!<\/strong><\/p>\n<p><strong>Le 24 avril 2024, l&rsquo;action de formation pr\u00e9alable au recrutement (AFPR) a \u00e9t\u00e9 supprim\u00e9e.<\/strong><\/p>\n<div class='cta-block'><div class='text'>Simulez toutes vos aides en 2 min.<\/div><a href='https:\/\/www.mes-allocs.fr\/ab-app?origin=guides\/wp-json\/wp\/v2\/posts\/2633' class='app-button fit'>Simulation gratuite<\/a><\/div>\n<h1>L&rsquo;Action de formation pr\u00e9alable au recrutement (AFPR) en quelques mots<\/h1>\n<p>L&rsquo;AFPR est une formation P\u00f4le emploi qui est accessible \u00e0 toute personne inscrite \u00e0 P\u00f4le emploi d\u00e9sirant am\u00e9liorer ou compl\u00e9ter ses comp\u00e9tences. En effet, une offre d&#8217;emploi peut n\u00e9cessiter un perfectionnement de ses aptitudes\/comp\u00e9tences.<\/p>\n<p><strong>\u00c0 noter : vous pouvez faire valoir vos droits \u00e0 cette aide dans une limite de 2 000 euros.<\/strong><\/p>\n<h2>Quels types de contrats de travail peut n\u00e9cessiter une AFPR?<\/h2>\n<p>Il y a certains types de contrats de travail o\u00f9 l&rsquo;AFPR peut \u00eatre demand\u00e9e; en voici la liste:<\/p>\n<ul>\n<li>un contrat \u00e0 dur\u00e9e d\u00e9termin\u00e9e (ou CDD) de plus de 6 mois et de moins de 12 mois<\/li>\n<li>un contrat de professionnalisation \u00e0 dur\u00e9e d\u00e9termin\u00e9e<\/li>\n<li>un contrat de travail temporaire d&rsquo;au moins 6 mois (dans les 9 mois apr\u00e8s avoir effectu\u00e9 la formation)<\/li>\n<\/ul>\n<h2>Comment savoir si une offre d&#8217;emploi n\u00e9cessite une AFPR?<\/h2>\n<p>Vous trouverez une inscription \u00ab\u00a0AFPR\u00a0\u00bb qui est mentionn\u00e9e sur les offres d&#8217;emploi dont les employeurs peuvent accepter de recruter des demandeurs d&#8217;emploi ayant suivi cette formation P\u00f4le emploi.<\/p>\n<p><iframe loading=\"lazy\" title=\"Les aides \u00e0 la formation\" width=\"500\" height=\"281\" src=\"https:\/\/www.youtube.com\/embed\/gs3ZRHqtzmY?feature=oembed\" frameborder=\"0\" allow=\"accelerometer; autoplay; clipboard-write; encrypted-media; gyroscope; picture-in-picture; web-share\" referrerpolicy=\"strict-origin-when-cross-origin\" allowfullscreen><\/iframe><\/p>\n<h1>Les conditions pour pouvoir b\u00e9n\u00e9ficier de l&rsquo;AFPR<\/h1>\n<p>Quelques conditions sont \u00e0 respecter pour \u00eatre \u00e0 m\u00eame de pr\u00e9tendre \u00e0 cette aide \u00e0 la formation pr\u00e9alable au recrutement.<\/p>\n<h2>\u00catre demandeur d&#8217;emploi<\/h2>\n<p>Pour b\u00e9n\u00e9ficier de l&rsquo;AFPR, il est indispensable d&rsquo;\u00eatre inscrit sur la liste des demandeurs d&#8217;emploi de P\u00f4le emploi. Notez qu&rsquo;il n&rsquo;est pas n\u00e9cessaire dans ce cas d&rsquo;\u00eatre demandeur d&#8217;emploi indemnis\u00e9 par l&rsquo;Aide au retour \u00e0 l&#8217;emploi (ou ARE).<\/p>\n<h2>Offre d&#8217;emploi<\/h2>\n<p>L&rsquo;offre d&#8217;emploi que vous avez re\u00e7ue (CDD, contrat de professionnalisation \u00e0 dur\u00e9e d\u00e9termin\u00e9e, contrat de travail temporaire) n\u00e9cessite une formation (AFPR) en interne ou en externe (plus de d\u00e9tails ci-dessous).<\/p>\n<h2>Secteur priv\u00e9 ou public?<\/h2>\n<p>Les entreprises requ\u00e9rant que certains de leurs employeurs aient recours \u00e0 une formation interne. Ils peuvent aussi bien \u00eatre des entreprises du secteur public que des entreprises du secteur priv\u00e9.<\/p>\n<p><img loading=\"lazy\" decoding=\"async\" class=\"alignright wp-image-3219 size-medium\" src=\"https:\/\/www.mes-allocs.fr\/guides\/wp-content\/uploads\/2019\/12\/Secteur-priv\u00e9-ou-public-e1577378501973-300x200.jpeg\" alt=\"Secteur priv\u00e9 ou public\" width=\"300\" height=\"200\" srcset=\"https:\/\/www.mes-allocs.fr\/guides\/wp-content\/uploads\/2019\/12\/Secteur-priv\u00e9-ou-public-e1577378501973-300x200.jpeg 300w, https:\/\/www.mes-allocs.fr\/guides\/wp-content\/uploads\/2019\/12\/Secteur-priv\u00e9-ou-public-e1577378501973-1024x682.jpeg 1024w, https:\/\/www.mes-allocs.fr\/guides\/wp-content\/uploads\/2019\/12\/Secteur-priv\u00e9-ou-public-e1577378501973-768x512.jpeg 768w, https:\/\/www.mes-allocs.fr\/guides\/wp-content\/uploads\/2019\/12\/Secteur-priv\u00e9-ou-public-e1577378501973-1536x1024.jpeg 1536w, https:\/\/www.mes-allocs.fr\/guides\/wp-content\/uploads\/2019\/12\/Secteur-priv\u00e9-ou-public-e1577378501973-600x400.jpeg 600w, https:\/\/www.mes-allocs.fr\/guides\/wp-content\/uploads\/2019\/12\/Secteur-priv\u00e9-ou-public-e1577378501973.jpeg 1880w\" sizes=\"auto, (max-width: 300px) 100vw, 300px\" \/><\/p>\n<h1>Le d\u00e9roulement de la Formation AFPR<\/h1>\n<p>Quelle est donc le d\u00e9roulement de la formation professionnelle AFPR?<\/p>\n<h2>La dur\u00e9e de la formation AFPR<\/h2>\n<p>La dur\u00e9e de la formation dans le cadre de l&rsquo;Action de formation pr\u00e9alable au recrutement est de 400 heures maximum, et ce, que ce soit \u00e0 temps complet ou \u00e0 temps partiel.<\/p>\n<p>Bon \u00e0 savoir: il est possible d&rsquo;effectuer un plus grand nombre d&rsquo;heures de formation dans le cadre de l&rsquo;AFPR si le b\u00e9n\u00e9ficiaire d\u00e9pend du Plan d&rsquo;Investissement dans les Comp\u00e9tences (ou PIC) ou encore d&rsquo;autres dispositifs sp\u00e9cifiques. Pour de plus amples d\u00e9tails \u00e0 ce propos, il est n\u00e9cessaire de se renseigner aupr\u00e8s de son conseiller r\u00e9f\u00e9rent P\u00f4le emploi.<\/p>\n<p>En outre, comme d\u00e9j\u00e0 \u00e9voqu\u00e9 ci-dessus, notez que cette formation peut \u00eatre dispens\u00e9e soit directement par l&#8217;employeur dans le cadre d&rsquo;un tutorat (voie interne), soit par un organisme de formation (voie externe).<\/p>\n<h2>Statut du b\u00e9n\u00e9ficiaire de l&rsquo;AFPR<\/h2>\n<p>Le b\u00e9n\u00e9ficiaire de l&rsquo;AFPR a un statut de stagiaire r\u00e9mun\u00e9r\u00e9 durant la p\u00e9riode de formation.<\/p>\n<h2>Indemnisation per\u00e7ue par le stagiaire de la formation AFPR<\/h2>\n<p>Ayant un statut de stagiaire r\u00e9mun\u00e9r\u00e9, le b\u00e9n\u00e9ficiaire de l&rsquo;AFPR re\u00e7oit donc une indemnisation P\u00f4le emploi pendant sa formation.<\/p>\n<h3>Quelle indemnisation pour quelle situation?<\/h3>\n<p>La r\u00e9mun\u00e9ration de formation P\u00f4le emploi per\u00e7ue par le stagiaire dans le cadre de l&rsquo;AFPR d\u00e9pend de sa situation. En effet:<\/p>\n<ul>\n<li>pour ceux qui sont b\u00e9n\u00e9ficiaires de l&rsquo;Aide au retour \u00e0 l&#8217;emploi: l&rsquo;Aide au retour \u00e0 l&#8217;emploi formation (ou AREF) est per\u00e7ue. Le montant minimal de l&rsquo;AREF est de 20,54 euros par jour. Il faut savoir que si vous avez \u00e9puis\u00e9 vos droit \u00e0 l&rsquo;AREF durant votre formation AFPR, vous pourrez b\u00e9n\u00e9ficier de la R\u00e9mun\u00e9ration de Fin de Formation (ou RFF).<\/li>\n<li>pour ceux qui ne sont pas indemnis\u00e9s par P\u00f4le emploi (mais qui sont \u00e0 m\u00eame de b\u00e9n\u00e9ficier du RSA), une R\u00e9mun\u00e9ration de Formation P\u00f4le Emploi (ou RFPE) leur est alors vers\u00e9e. Notez que son montant maximal est de 652,02 euros par mois dans le cadre d&rsquo;une formation \u00e0 temps plein. Par ailleurs, la RFPE verra son montant atteindre la somme de 1932,52 euros pour les travailleurs handicap\u00e9s.<\/li>\n<\/ul>\n<h3>Un cumul de l&rsquo;indemnisation AFPR avec d&rsquo;autres aides?<\/h3>\n<p>Sachez que dans certains cas,vous pouvez percevoir une aide \u00e0 la mobilit\u00e9 (l&rsquo;Aide au frais associ\u00e9s \u00e0 la formation ou AFAF) dans le cadre de l&rsquo;AFPR.<\/p>\n<p>En effet, l&rsquo;Aide au frais associ\u00e9s \u00e0 la formation AFAF pourra se charger d&rsquo;une partie des frais li\u00e9s \u00e0 votre h\u00e9bergement, \u00e0 vos d\u00e9placements ainsi qu&rsquo;\u00e0 votre restauration.<\/p>\n<h1>Quelles aides vers\u00e9es au futur employeur dans le cadre de l&rsquo;AFPR?<\/h1>\n<p>Quand l&#8217;employeur embauche le demandeur d&#8217;emploi (en contrat \u00e0 dur\u00e9e d\u00e9termin\u00e9e ou CDD de plus de 6 mois et de moins de 12 mois, en contrat de professionnalisation \u00e0 dur\u00e9e d\u00e9termin\u00e9e, en contrat de travail temporaire d&rsquo;au moins 6 mois dans les 9 mois apr\u00e8s avoir effectu\u00e9 la formation, comme pr\u00e9vu), il per\u00e7oit une aide au financement de la formation:<\/p>\n<ul>\n<li>pour les formations effectu\u00e9es en entreprise (voie interne), l&rsquo;aide s&rsquo;\u00e9l\u00e8ve \u00e0 5 euros net au maximum par heure de formation dans la limite de 2000 euros (au maximum)<\/li>\n<li>pour les formations effectu\u00e9es dans un organisme (voie externe), l&rsquo;aide s&rsquo;\u00e9l\u00e8ve \u00e0 8 euros net au maximum par heure \u00e0 hauteur de 3200 euros (au maximum)<\/li>\n<\/ul>\n<p>Il faut noter que le montant de l&rsquo;aide per\u00e7ue par l&#8217;employeur ne sera pas sup\u00e9rieur au co\u00fbt r\u00e9el de la formation. De plus, l&rsquo;aide ne sera vers\u00e9e par P\u00f4le emploi qu&rsquo;apr\u00e8s d\u00e9cision prise suite au contrat de travail mais aussi au bilan de la convention.<\/p>\n<p><img loading=\"lazy\" decoding=\"async\" class=\"alignright wp-image-3220 size-medium\" src=\"https:\/\/www.mes-allocs.fr\/guides\/wp-content\/uploads\/2019\/12\/Quelles-aides-vers\u00e9es-au-futur-employeur-dans-le-cadre-de-lAFPR-e1577378590739-300x177.jpeg\" alt=\"Quelles aides vers\u00e9es au futur employeur dans le cadre de l'AFPR\" width=\"300\" height=\"177\" srcset=\"https:\/\/www.mes-allocs.fr\/guides\/wp-content\/uploads\/2019\/12\/Quelles-aides-vers\u00e9es-au-futur-employeur-dans-le-cadre-de-lAFPR-e1577378590739-300x177.jpeg 300w, https:\/\/www.mes-allocs.fr\/guides\/wp-content\/uploads\/2019\/12\/Quelles-aides-vers\u00e9es-au-futur-employeur-dans-le-cadre-de-lAFPR-e1577378590739-1024x603.jpeg 1024w, https:\/\/www.mes-allocs.fr\/guides\/wp-content\/uploads\/2019\/12\/Quelles-aides-vers\u00e9es-au-futur-employeur-dans-le-cadre-de-lAFPR-e1577378590739-768x452.jpeg 768w, https:\/\/www.mes-allocs.fr\/guides\/wp-content\/uploads\/2019\/12\/Quelles-aides-vers\u00e9es-au-futur-employeur-dans-le-cadre-de-lAFPR-e1577378590739-1536x904.jpeg 1536w, https:\/\/www.mes-allocs.fr\/guides\/wp-content\/uploads\/2019\/12\/Quelles-aides-vers\u00e9es-au-futur-employeur-dans-le-cadre-de-lAFPR-e1577378590739-600x353.jpeg 600w, https:\/\/www.mes-allocs.fr\/guides\/wp-content\/uploads\/2019\/12\/Quelles-aides-vers\u00e9es-au-futur-employeur-dans-le-cadre-de-lAFPR-e1577378590739.jpeg 1880w\" sizes=\"auto, (max-width: 300px) 100vw, 300px\" \/><\/p>\n<h1>Autres formations P\u00f4le emploi<\/h1>\n<p>Il existe d&rsquo;autres formations P\u00f4le emploi destin\u00e9es aux demandeurs d&#8217;emploi.<\/p>\n<h2>Pr\u00e9paration Optionnelle \u00e0 l&#8217;emploi ou POE<\/h2>\n<p>Tout comme pour l&rsquo;AFPR, une formation intitul\u00e9e Pr\u00e9paration optionnelle \u00e0 l&#8217;emploi est destin\u00e9e aux demandeurs d&#8217;emploi.<\/p>\n<p>En effet, si vous voyez la mention \u00ab\u00a0POE\u00a0\u00bb ou \u00ab\u00a0Pr\u00e9paration optionnelle \u00e0 l&#8217;emploi\u00a0\u00bb sur une offre d&#8217;emploi, cela signifie que vous devrez suivre une formation (par voie interne ou externe) afin d&rsquo;am\u00e9liorer vos comp\u00e9tences dans le cas o\u00f9 vous seriez embauch\u00e9.<\/p>\n<h3>Indemnis\u00e9 ou non<\/h3>\n<p>Tout comme dans le cadre de l&rsquo;AFPR, que vous soyez demandeur d&#8217;emploi indemnis\u00e9 ou pas au titre de l&rsquo;ARE, vous \u00eates en mesure de percevoir la Pr\u00e9paration optionnelle \u00e0 l&#8217;emploi.<\/p>\n<h3>Types de contrats de travail pouvant n\u00e9cessiter la POE<\/h3>\n<p>Vous pouvez obtenir la Pr\u00e9paration Optionnelle \u00e0 l&rsquo;Emploi pour les types de contrats de travail suivants:<\/p>\n<ul>\n<li>les contrats \u00e0 dur\u00e9e ind\u00e9termin\u00e9e ou CDI<\/li>\n<li>les contrats \u00e0 dur\u00e9e d\u00e9termin\u00e9e ou CDD mais seulement d&rsquo;une dur\u00e9e sup\u00e9rieure \u00e0 12 mois<\/li>\n<li>les contrats de professionnalisation ou d&rsquo;apprentissage mais uniquement pour une p\u00e9riode sup\u00e9rieure \u00e0 12 mois<\/li>\n<\/ul>\n<h3>Dur\u00e9e de la formation POE<\/h3>\n<p>Tout comme pour l&rsquo;AFPR, la dur\u00e9e de la formation Pr\u00e9paration optionnelle \u00e0 l&#8217;embauche est de 400 heures (maximum) que ce soit \u00e0 temps complet ou partiel.<\/p>\n<h3>Indemnisation du stagiaire<\/h3>\n<p>Le b\u00e9n\u00e9ficiaire de la POE (comme le b\u00e9n\u00e9ficiaire de l&rsquo;AFPR) a le statut de stagiaire et \u00e0 ce titre re\u00e7oit une indemnisation P\u00f4le emploi en fonction de sa situation:<\/p>\n<ul>\n<li>pour les b\u00e9n\u00e9ficiaires de l&rsquo;Aide au retour \u00e0 l&#8217;emploi, l&rsquo;Aide au retour \u00e0 l&#8217;emploi formation (ou AREF) est vers\u00e9e. Comme vu pr\u00e9c\u00e9demment, son montant minimum est de l&rsquo;ordre de 20,54 euros par jour<\/li>\n<li>pour ceux qui ne b\u00e9n\u00e9ficient pas d&rsquo;une aide P\u00f4le emploi (comme l&rsquo;Aide au retour \u00e0 l&#8217;emploi), une autre indemnisation est vers\u00e9e. Il s&rsquo;agit de la R\u00e9mun\u00e9ration de Formation P\u00f4le emploi (\u00e9voqu\u00e9e ci-dessus) dont le montant mensuel maximal est de 652,02 euros par mois (dans le cadre d&rsquo;une formation \u00e0 temps plein) mais peut augmenter dans le cas des travailleurs handicap\u00e9s o\u00f9 il\u00a0 peut alors atteindre le montant mensuel de 1932,52 euros<\/li>\n<\/ul>\n<h3>Aide vers\u00e9e \u00e0 l&#8217;employeur dans le cadre de la POE<\/h3>\n<p>Apr\u00e8s votre formation et votre embauche, tout comme dans le cadre de l&rsquo;AFPR, l&#8217;employeur re\u00e7oit lui aussi une aide financi\u00e8re \u00e0 la formation:<\/p>\n<ul>\n<li>pour les formations ayant eu lieu dans l&rsquo;entreprise: 5 euros net (maximum) par heure de formation (dans la limite de 2000 euros)<\/li>\n<li>pour les formations ayant eu lieu dans un organisme (donc hors entreprise): 8 euros net (maximum) par heure de formation pour un montant total maximal de 3200 euros<\/li>\n<\/ul>\n<p>Ces montants sont les m\u00eames que ceux pratiqu\u00e9s dans le cadre de l&rsquo;AFPR.<\/p>\n<p>Cependant, sachez que dans le cas de la Pr\u00e9paration optionnelle \u00e0 l&#8217;embauche, l&#8217;employeur peut b\u00e9n\u00e9ficier d&rsquo;un financement suppl\u00e9mentaire gr\u00e2ce \u00e0 l&rsquo;Organisme paritaire collecteur agr\u00e9\u00e9 (ou OPCA). Ce financement suppl\u00e9mentaire a pour r\u00f4le de couvrir les frais (\u00e9ventuels) restant \u00e0 la charge de l&rsquo;entreprise avec l&rsquo;octroi de l&rsquo;aide \u00e0 la formation P\u00f4le emploi.<\/p>\n<h2>OpenClassrooms<\/h2>\n<p>Les OpenClassrooms sont des formations en ligne gratuites et destin\u00e9es aux demandeurs d&#8217;emploi.<\/p>\n<h2>Formation chauffeur poids lourd<\/h2>\n<p>Il existe une Formation Initiale Minimale Obligatoire (FIMO) pour les personnes d\u00e9sirant devenir chauffeurs de poids lourd. Il faut \u00e9galement passer le permis de conduire poids lourd.<\/p>\n<h2>Aide \u00e0 la recherche du premier emploi ou ARPE<\/h2>\n<p>Les jeunes nouvellement dipl\u00f4m\u00e9s peuvent pr\u00e9tendre \u00e0 l&rsquo;Aide \u00e0 la recherche du premier emploi (ou ARPE). L&rsquo;ARPE est une aide per\u00e7ue par la personne nouvellement dipl\u00f4m\u00e9e pendant 4 mois. En effet, on estime que 4 mois est la dur\u00e9e moyenne pour trouver son premier emploi.<\/p>\n<p>&nbsp;<\/p>\n","protected":false},"excerpt":{"rendered":"<p>L&rsquo;AFPR ou Action de formation pr\u00e9alable au recrutement est une aide mise en place par P\u00f4le emploi et destin\u00e9e \u00e0 toute personne inscrite \u00e0 P\u00f4le emploi. L&rsquo;AFPR permet \u00e0 tout demandeur d&#8217;emploi de perfectionner et\/ou de compl\u00e9ter ses comp\u00e9tences afin de pouvoir d\u00e9crocher l&#8217;emploi vis\u00e9. Mes Allocs vous r\u00e9v\u00e8le ce qu&rsquo;il faut savoir sur cette [&hellip;]<\/p>\n","protected":false},"author":6,"featured_media":3208,"comment_status":"open","ping_status":"open","sticky":false,"template":"","format":"standard","meta":{"amp_status":"","footnotes":""},"categories":[2989],"tags":[],"class_list":["post-2633","post","type-post","status-publish","format-standard","has-post-thumbnail","hentry","category-chomage"],"yoast_head":"<!-- This site is optimized with the Yoast SEO plugin v14.9 - https:\/\/yoast.com\/wordpress\/plugins\/seo\/ -->\n<title>AFPR : Une formation r\u00e9mun\u00e9r\u00e9e pr\u00e9alable au recrutement | Mes-Allocs.fr<\/title>\n<meta name=\"description\" content=\"L&#039;AFPR est une aide P\u00f4le emploi r\u00e9serv\u00e9e aux demandeurs d&#039;emploi. Elle permet de b\u00e9n\u00e9ficier d&#039;une formation mais aussi d&#039;une aide financi\u00e8re\" \/>\n<meta name=\"robots\" content=\"index, follow, max-snippet:-1, max-image-preview:large, max-video-preview:-1\" \/>\n<link rel=\"canonical\" href=\"https:\/\/www.mes-allocs.fr\/guides\/chomage\/formation-afpr\/\" \/>\n<meta property=\"og:locale\" content=\"fr_FR\" \/>\n<meta property=\"og:type\" content=\"article\" \/>\n<meta property=\"og:title\" content=\"AFPR : Une formation r\u00e9mun\u00e9r\u00e9e pr\u00e9alable au recrutement | Mes-Allocs.fr\" \/>\n<meta property=\"og:description\" content=\"L&#039;AFPR est une aide P\u00f4le emploi r\u00e9serv\u00e9e aux demandeurs d&#039;emploi. Elle permet de b\u00e9n\u00e9ficier d&#039;une formation mais aussi d&#039;une aide financi\u00e8re\" \/>\n<meta property=\"og:url\" content=\"https:\/\/www.mes-allocs.fr\/guides\/chomage\/formation-afpr\/\" \/>\n<meta property=\"og:site_name\" content=\"Mes-Allocs.fr\" \/>\n<meta property=\"article:published_time\" content=\"2020-01-04T06:00:01+00:00\" \/>\n<meta property=\"article:modified_time\" content=\"2025-10-24T16:07:45+00:00\" \/>\n<meta property=\"og:image\" content=\"https:\/\/www.mes-allocs.fr\/guides\/wp-content\/uploads\/2019\/12\/afpr.jpeg?wsr\" \/>\n\t<meta property=\"og:image:width\" content=\"1880\" \/>\n\t<meta property=\"og:image:height\" content=\"1253\" \/>\n<meta name=\"twitter:card\" content=\"summary_large_image\" \/>\n<script type=\"application\/ld+json\" class=\"yoast-schema-graph\">{\"@context\":\"https:\/\/schema.org\",\"@graph\":[{\"@type\":\"WebSite\",\"@id\":\"https:\/\/www.mes-allocs.fr\/guides\/#website\",\"url\":\"https:\/\/www.mes-allocs.fr\/guides\/\",\"name\":\"Mes-Allocs.fr\",\"description\":\"\",\"potentialAction\":[{\"@type\":\"SearchAction\",\"target\":\"https:\/\/www.mes-allocs.fr\/guides\/?s={search_term_string}\",\"query-input\":\"required name=search_term_string\"}],\"inLanguage\":\"fr-FR\"},{\"@type\":\"ImageObject\",\"@id\":\"https:\/\/www.mes-allocs.fr\/guides\/chomage\/formation-afpr\/#primaryimage\",\"inLanguage\":\"fr-FR\",\"url\":\"https:\/\/www.mes-allocs.fr\/guides\/wp-content\/uploads\/2019\/12\/afpr.jpeg?wsr\",\"width\":1880,\"height\":1253,\"caption\":\"afpr e1577354518352\"},{\"@type\":\"WebPage\",\"@id\":\"https:\/\/www.mes-allocs.fr\/guides\/chomage\/formation-afpr\/#webpage\",\"url\":\"https:\/\/www.mes-allocs.fr\/guides\/chomage\/formation-afpr\/\",\"name\":\"AFPR : Une formation r\\u00e9mun\\u00e9r\\u00e9e pr\\u00e9alable au recrutement | Mes-Allocs.fr\",\"isPartOf\":{\"@id\":\"https:\/\/www.mes-allocs.fr\/guides\/#website\"},\"primaryImageOfPage\":{\"@id\":\"https:\/\/www.mes-allocs.fr\/guides\/chomage\/formation-afpr\/#primaryimage\"},\"datePublished\":\"2020-01-04T06:00:01+00:00\",\"dateModified\":\"2025-10-24T16:07:45+00:00\",\"author\":{\"@id\":\"https:\/\/www.mes-allocs.fr\/guides\/#\/schema\/person\/0ecd61a8600573914d00d970a588c024\"},\"description\":\"L'AFPR est une aide P\\u00f4le emploi r\\u00e9serv\\u00e9e aux demandeurs d'emploi. Elle permet de b\\u00e9n\\u00e9ficier d'une formation mais aussi d'une aide financi\\u00e8re\",\"inLanguage\":\"fr-FR\"},{\"@type\":\"Person\",\"@id\":\"https:\/\/www.mes-allocs.fr\/guides\/#\/schema\/person\/0ecd61a8600573914d00d970a588c024\",\"name\":\"Jonathan\",\"image\":{\"@type\":\"ImageObject\",\"@id\":\"https:\/\/www.mes-allocs.fr\/guides\/#personlogo\",\"inLanguage\":\"fr-FR\",\"url\":\"https:\/\/www.mes-allocs.fr\/guides\/wp-content\/uploads\/2021\/06\/jonathan-150x150.png\",\"caption\":\"Jonathan\"},\"description\":\"Jonathan est r\\u00e9dacteur au sein de l'\\u00e9quipe Mes Allocs, sp\\u00e9cialis\\u00e9 sur les sujets li\\u00e9s au handicap. Dipl\\u00f4m\\u00e9e de l'UPEM, il rejoint Mes Allocs apr\\u00e8s avoir travaill\\u00e9 \\u00e0 l'association AEDE qui accompagne les adultes en situation de handicap. Quand il n'\\u00e9crit pas, on peut le retrouver sur un terrain de basket.\",\"sameAs\":[\"https:\/\/www.linkedin.com\/in\/jonathan-bambela-8637861b7\"]}]}<\/script>\n<!-- \/ Yoast SEO plugin. -->","amp_validity":null,"acf":{"faq":{"1":{"question":"Quel est le principe de l'AFPR?","answer":"L'AFPR permet \u00e0 un demandeur d'emploi ayant trouv\u00e9 un emploi de b\u00e9n\u00e9ficier d'une formation afin de mettre ses comp\u00e9tences au niveau attendu par l'entreprise qui l'embauche. Cette aide verse \u00e9galement une allocation au demandeur d'emploi ainsi qu'\u00e0 son futur employeur qui lui octroie la formation."},"2":{"question":"Qui peut b\u00e9n\u00e9ficier de l'AFPR?","answer":"L'AFPR concerne tout demandeur d'emploi (indemnis\u00e9 ou pas) suite \u00e0 une offre d'emploi n\u00e9cessitant une formation."},"3":{"question":"Quelle est l'indemnisation de l'AFPR? ","answer":"Les demandeurs d'emploi b\u00e9n\u00e9ficiant de l'ARE per\u00e7oivent l'AREF: ce qui correspond \u00e0 20,54 euros par jour.\r\nLes demandeurs d'emploi ne b\u00e9n\u00e9ficiant pas de l'ARE per\u00e7oivent la RFPE: ce qui correspond \u00e0 652,02 euros par mois, et allant jusqu'\u00e0 1932,52 euros mensuels pour les travailleurs handicap\u00e9s."},"4":{"question":"Quelle indemnisation pour le futur employeur?","answer":"Pour les formations effectu\u00e9es en entreprise, l'aide est de 5 euros net au maximum par heure de formation dans la limite de 2000 euros (au maximum).\r\nPour les formations effectu\u00e9es dans un organisme, l'aide est de 8 euros net au maximum par heure \u00e0 hauteur de 3200 euros (au maximum)."},"5":{"question":"Qui a le droit au ch\u00f4mage ?","answer":"L'Assurance ch\u00f4mage prot\u00e8ge les travailleurs salari\u00e9s contre la perte d'un revenu en cas de ch\u00f4mage. Elle leur permet de b\u00e9n\u00e9ficier d'une allocation et de continuer \u00e0 cumuler des points pour la retraite m\u00eame s'ils ont perdu leur emploi."},"6":{"question":"Quelle est la dur\u00e9e du ch\u00f4mage ?","answer":"Pour une personne de \u2013 de 50 ans : La dur\u00e9e maximum d'indemnisation est de 730 jours, soit 24 mois. Peu importe, si vous avez travaill\u00e9 plus de 2 ans."},"7":{"question":"Comment faire pour toucher le ch\u00f4mage apr\u00e8s une d\u00e9mission ?","answer":"La d\u00e9mission l\u00e9gitime n'est pas l'unique cas qui ouvre droit au ch\u00f4mage apr\u00e8s une d\u00e9mission. Lorsque vous effectuez une reconversion professionnelle ou que vous cr\u00e9ez ou reprenez une entreprise, vous pouvez \u00e9galement b\u00e9n\u00e9ficier des allocations ch\u00f4mage"},"8":{"question":"Comment calculer les indemnit\u00e9s de ch\u00f4mage ?","answer":"Le montant de l'allocation d'aide au retour \u00e0 l'emploi (ARE) est calcul\u00e9 \u00e0 partir de votre salaire journalier de r\u00e9f\u00e9rence (SJR). Ce salaire de r\u00e9f\u00e9rence prend en compte tous vos salaires bruts per\u00e7us au cours des 12 derniers mois, primes comprises, mais hors indemnit\u00e9s li\u00e9es \u00e0 la rupture de votre contrat."},"9":{"question":"","answer":""},"10":{"question":"","answer":""},"11":{"question":"","answer":""},"12":{"question":"","answer":""},"13":{"question":"","answer":""},"14":{"question":"","answer":""},"15":{"question":"","answer":""},"16":{"question":"","answer":""}}},"_links":{"self":[{"href":"https:\/\/www.mes-allocs.fr\/guides\/wp-json\/wp\/v2\/posts\/2633","targetHints":{"allow":["GET"]}}],"collection":[{"href":"https:\/\/www.mes-allocs.fr\/guides\/wp-json\/wp\/v2\/posts"}],"about":[{"href":"https:\/\/www.mes-allocs.fr\/guides\/wp-json\/wp\/v2\/types\/post"}],"author":[{"embeddable":true,"href":"https:\/\/www.mes-allocs.fr\/guides\/wp-json\/wp\/v2\/users\/6"}],"replies":[{"embeddable":true,"href":"https:\/\/www.mes-allocs.fr\/guides\/wp-json\/wp\/v2\/comments?post=2633"}],"version-history":[{"count":25,"href":"https:\/\/www.mes-allocs.fr\/guides\/wp-json\/wp\/v2\/posts\/2633\/revisions"}],"predecessor-version":[{"id":102313,"href":"https:\/\/www.mes-allocs.fr\/guides\/wp-json\/wp\/v2\/posts\/2633\/revisions\/102313"}],"wp:featuredmedia":[{"embeddable":true,"href":"https:\/\/www.mes-allocs.fr\/guides\/wp-json\/wp\/v2\/media\/3208"}],"wp:attachment":[{"href":"https:\/\/www.mes-allocs.fr\/guides\/wp-json\/wp\/v2\/media?parent=2633"}],"wp:term":[{"taxonomy":"category","embeddable":true,"href":"https:\/\/www.mes-allocs.fr\/guides\/wp-json\/wp\/v2\/categories?post=2633"},{"taxonomy":"post_tag","embeddable":true,"href":"https:\/\/www.mes-allocs.fr\/guides\/wp-json\/wp\/v2\/tags?post=2633"}],"curies":[{"name":"wp","href":"https:\/\/api.w.org\/{rel}","templated":true}]}}