{"id":25828,"date":"2021-04-30T15:30:31","date_gmt":"2021-04-30T15:30:31","guid":{"rendered":"https:\/\/www.mes-allocs.fr\/guides\/?p=25828"},"modified":"2025-10-24T09:21:56","modified_gmt":"2025-10-24T07:21:56","slug":"regime-des-impatries","status":"publish","type":"post","link":"https:\/\/www.mes-allocs.fr\/guides\/aide-expatriation\/prime-impatriation\/regime-des-impatries\/","title":{"rendered":"Impatriation : comprendre le r\u00e9gime fiscal et social pour les impatri\u00e9s"},"content":{"rendered":"<p><img loading=\"lazy\" decoding=\"async\" class=\"aligncenter wp-image-25889 size-full\" src=\"https:\/\/www.mes-allocs.fr\/guides\/wp-content\/uploads\/2021\/04\/pexels-luke-webb-2738173-e1693927172766.jpg\" alt=\"Tout savoir sur le r\u00e9gime des impatri\u00e9s\" width=\"1280\" height=\"268\" \/><\/p>\n<p><b>Vous b\u00e9n\u00e9ficiez du statut d&rsquo;expatri\u00e9 lorsque votre s\u00e9jour \u00e0 l&rsquo;\u00e9tranger dans le cadre d&rsquo;une activit\u00e9 professionnelle est sup\u00e9rieur ou \u00e9gal \u00e0 5 ans. Dans le cadre de ce statut, vous \u00eates b\u00e9n\u00e9ficiaire de certaines <a href=\"https:\/\/www.mes-allocs.fr\/guides\/aide-expatriation\/\">aides<\/a>. \u00c0 votre retour, vous disposez ensuite du statut d&rsquo;impatri\u00e9, et l\u00e0 encore, vous disposez de certains avantages comme des avantages fiscaux. Mes Allocs \u00e9claire sur le r\u00e9gime des impatri\u00e9s.\u00a0<\/b><\/p>\n<div class='cta-block'><div class='text'>Simulez toutes vos aides en 2 min.<\/div><a href='https:\/\/www.mes-allocs.fr\/ab-app?origin=guides\/wp-json\/wp\/v2\/posts\/25828' class='app-button fit'>Simulation gratuite<\/a><\/div>\n<h1>\u00catre impatri\u00e9, qu&rsquo;est-ce que \u00e7a veut dire ?<\/h1>\n<h2>D\u00e9finition<\/h2>\n<p>Selon la loi fran\u00e7aise une personne fran\u00e7aise et fiscalement domicili\u00e9es en France partant \u00e0 l&rsquo;\u00e9tranger pour exercer \u00e0 titre principal une activit\u00e9 professionnelle b\u00e9n\u00e9ficie du statut d&rsquo;expatri\u00e9.<\/p>\n<p><strong>Il peut \u00eatre soumis indiff\u00e9remment \u00e0 :<\/strong><\/p>\n<ul>\n<li>un\u00a0<strong>contrat de travail r\u00e9gi par le droit local<\/strong>,<\/li>\n<li>\u00e0 un\u00a0<strong>contrat de travail aupr\u00e8s d\u2019une entreprise fran\u00e7aise<\/strong>,<\/li>\n<li>ou encore, exercer une <strong>activit\u00e9 ind\u00e9pendante sur place<\/strong>.<\/li>\n<\/ul>\n<p>Pendant sa p\u00e9riode d&rsquo;exercice \u00e0 l&rsquo;\u00e9tranger (ann\u00e9e civile), l&rsquo;expatri\u00e9 rompt totalement son lien avec le syst\u00e8me social fran\u00e7ais. En revanche cela ne s&rsquo;applique pas s&rsquo;il adh\u00e8re\u00a0\u00e0 la Caisse des Fran\u00e7ais de l\u2019\u00c9tranger (CFE).<\/p>\n<p>C\u2019est ce qui le distingue principalement du\u00a0<strong>travailleur d\u00e9tach\u00e9<\/strong>, lequel\u00a0<strong>conserve quant \u00e0 lui une attache fonctionnelle avec son employeur et la S\u00e9curit\u00e9 sociale<\/strong>. Le\u00a0<strong>d\u00e9tach\u00e9<\/strong>\u00a0n\u2019est donc<strong>\u00a0pas consid\u00e9r\u00e9 comme un expatri\u00e9<\/strong> en droit fran\u00e7ais, sauf si le salari\u00e9 choisit de rester \u00e0 l\u2019\u00e9tranger \u00e0 l\u2019expiration de son d\u00e9tachement. Mois de fran\u00e7ais \u00e9tablis hors de France. P\u00f4le Emploi prend en compte les p\u00e9riodes de travail r\u00e9alis\u00e9es \u00e0 l&rsquo;\u00e9tranger.<\/p>\n<p>Depuis le Brexit, les expatri\u00e9s fran\u00e7ais ont connu des difficult\u00e9s quant \u00e0 leurs droits depuis le 31 d\u00e9cembre.<\/p>\n<p>D\u00e9couvrez les conditions pour <a href=\"https:\/\/www.mes-allocs.fr\/guides\/aide-expat\/prime-d-impatriation\/comment-beneficier-du-regime-des-impatries\/\">b\u00e9n\u00e9ficier du r\u00e9gime des impatri\u00e9s<\/a>.<\/p>\n<div class='cta-block'><div class='text'>Simulez toutes vos aides en 2 min.<\/div><a href='https:\/\/www.mes-allocs.fr\/ab-app?origin=guides\/wp-json\/wp\/v2\/posts\/25828' class='app-button fit'>Simulation gratuite<\/a><\/div>\n<h2>Quelles sont les conditions pour b\u00e9n\u00e9ficier du statut d&rsquo;impatri\u00e9 ?<\/h2>\n<p>Le statut d&rsquo;impatri\u00e9, \u00e9galement connu sous le nom de \u00ab\u00a0r\u00e9sident impatri\u00e9\u00a0\u00bb ou \u00ab\u00a0expatri\u00e9 de retour\u00a0\u00bb, est g\u00e9n\u00e9ralement attribu\u00e9 \u00e0 des personnes qui retournent dans leur pays d&rsquo;origine apr\u00e8s avoir v\u00e9cu \u00e0 l&rsquo;\u00e9tranger pendant une certaine p\u00e9riode en tant qu&rsquo;expatri\u00e9s. Les conditions pour b\u00e9n\u00e9ficier du <a href=\"https:\/\/www.mes-allocs.fr\/guides\/aide-expat\/prime-d-impatriation\/regime-des-impatries\/\">r\u00e9gime d&rsquo;impatri\u00e9<\/a> peuvent varier d&rsquo;un pays \u00e0 l&rsquo;autre, mais voici quelques conditions g\u00e9n\u00e9rales courantes :<\/p>\n<ol>\n<li><strong>Dur\u00e9e de s\u00e9jour \u00e0 l&rsquo;\u00e9tranger :<\/strong> la plupart des pays exigent que vous ayez v\u00e9cu \u00e0 l&rsquo;\u00e9tranger pendant une p\u00e9riode sp\u00e9cifique en tant qu&rsquo;expatri\u00e9. Cette p\u00e9riode varie g\u00e9n\u00e9ralement de quelques ann\u00e9es \u00e0 plusieurs ann\u00e9es, en fonction des lois nationales.<\/li>\n<li><strong>R\u00e9sidence \u00e0 l&rsquo;\u00e9tranger :<\/strong> vous devez avoir \u00e9t\u00e9 r\u00e9sident \u00e0 l&rsquo;\u00e9tranger pendant la p\u00e9riode sp\u00e9cifi\u00e9e, ce qui signifie que vous avez v\u00e9cu de mani\u00e8re permanente ou habituelle dans un pays \u00e9tranger.<\/li>\n<li><strong>Retour au pays d&rsquo;origine :<\/strong> pour b\u00e9n\u00e9ficier du statut d&rsquo;impatri\u00e9, vous devez retourner dans votre pays d&rsquo;origine \u00e0 la fin de votre s\u00e9jour \u00e0 l&rsquo;\u00e9tranger. Cela signifie g\u00e9n\u00e9ralement que vous \u00e9tablissez votre r\u00e9sidence principale dans votre pays d&rsquo;origine.<\/li>\n<li><strong>\u00c9ligibilit\u00e9 l\u00e9gale :<\/strong> vous devez vous conformer aux lois et r\u00e8glements du pays en mati\u00e8re d&rsquo;impatriation, ce qui peut inclure des exigences telles que la r\u00e9sidence fiscale dans le pays.<\/li>\n<li><strong>Motif de retour :<\/strong> certaines lois fiscales relatives aux impatri\u00e9s peuvent exiger que vous ayez un motif valable de retour, tel que la reprise d&rsquo;un emploi dans votre pays d&rsquo;origine.<\/li>\n<li><strong>Demande et documentation :<\/strong> vous devrez souvent soumettre une demande pour obtenir le statut d&rsquo;impatri\u00e9 et fournir la documentation n\u00e9cessaire pour prouver que vous r\u00e9pondez aux crit\u00e8res.<\/li>\n<\/ol>\n<p>Les experts de Mes Allocs vous accompagnent pour d\u00e9finir votre \u00e9ligibilit\u00e9. <a href=\"https:\/\/www.mes-allocs.fr\/souscription\">Faites-nous confiance<\/a> !<\/p>\n<p><iframe loading=\"lazy\" title=\"Les aides \u00e0 l&#039;expatriation\" width=\"500\" height=\"281\" src=\"https:\/\/www.youtube.com\/embed\/rFUO4um_G0M?feature=oembed\" frameborder=\"0\" allow=\"accelerometer; autoplay; clipboard-write; encrypted-media; gyroscope; picture-in-picture; web-share\" referrerpolicy=\"strict-origin-when-cross-origin\" allowfullscreen><\/iframe><\/p>\n<h1>Quels sont les avantages du statut d&rsquo;impatri\u00e9 ?<\/h1>\n<p>Le fait de b\u00e9n\u00e9ficier du r\u00e9gime d&rsquo;expatri\u00e9 offre de nombreux avantages, notamment en terme de fiscalit\u00e9 concernant vos revenus de source \u00e9trang\u00e8res. Les salari\u00e9s impatri\u00e9s sont exon\u00e9r\u00e9s pour la fraction de leur r\u00e9mun\u00e9ration se rapportant \u00e0 l\u2019activit\u00e9 exerc\u00e9e \u00e0 l\u2019\u00e9tranger.<\/p>\n<h2>La prime d&rsquo;impatriation<\/h2>\n<p class=\"article-intro\">Les salari\u00e9s mais \u00e9galement les dirigeants impatri\u00e9s peuvent b\u00e9n\u00e9ficier d\u2019une <a href=\"https:\/\/www.mes-allocs.fr\/guides\/aide-expat\/prime-d-impatriation\/\">prime d\u2019impatriation<\/a> qu\u2019ils per\u00e7oivent en raison de leur exercice d\u2019une activit\u00e9 professionnelle en France et cela depuis juillet 2016.<\/p>\n<p>Ce r\u00e9gime concerne les Fran\u00e7ais vivant \u00e0 l\u2019\u00e9tranger depuis au moins 5 ans. Cela doit pr\u00e9c\u00e9der \u00a0la prise de fonction en France d\u2019un nouvel emploi dans une entreprise situ\u00e9e en France. Ce r\u00e9gime d\u2019impatriation peut s\u2019appliquer si :<\/p>\n<ul>\n<li class=\"text-align-justify\">Vous \u00eates appel\u00e9 par une entreprise ayant un lien avec l\u2019entreprise d\u2019origine \u00e9tablie \u00e0 l\u2019\u00e9tranger qui vous employait \u00e0 l\u2019\u00e9tranger<\/li>\n<li class=\"text-align-justify\">\u00a0Vous \u00eates directement appel\u00e9 de l\u2019\u00e9tranger pour venir travailler dans une entreprise en France.<\/li>\n<\/ul>\n<p>Le montant de la prime d\u2019impatriation est variable. Il s\u2019agit d\u2019un suppl\u00e9ment de r\u00e9mun\u00e9ration nette totale d\u00e9termin\u00e9 \u00e0 partir d\u2019un pourcentage. \u00a0L&rsquo;exon\u00e9ration de la prime d&rsquo;impatriation r\u00e9sulte du fait que le b\u00e9n\u00e9fice du r\u00e9gime est strictement r\u00e9serv\u00e9 aux salari\u00e9s<\/p>\n<p><strong>\u00c0 noter : Le montant de la prime d\u2019impatriation est <a href=\"https:\/\/www.mes-allocs.fr\/guides\/aide-expatriation\/prime-impatriation\/impatrie-impot\/\">exon\u00e9r\u00e9 d\u2019 imp\u00f4t sur le revenu<\/a> en France contrairement \u00e0 la r\u00e9mun\u00e9ration imposable de base.\u00a0<\/strong><\/p>\n<h2 id=\"9drj8\"><span id=\"Plafonnement_de_lexoneration\">Le plafonnement de l\u2019exon\u00e9ration<\/span><\/h2>\n<p>Le b\u00e9n\u00e9fice cumul\u00e9 de l\u2019exon\u00e9ration de la prime d\u2019impatriation et de la r\u00e9mun\u00e9ration li\u00e9e \u00e0 une activit\u00e9 exerc\u00e9e \u00e0 l\u2019\u00e9tranger est plafonn\u00e9. Le salari\u00e9 ou le mandataire social impatri\u00e9 a le choix entre deux plafonnements\u00a0:<\/p>\n<ul>\n<li>Un plafonnement global\u00a0: l\u2019exon\u00e9ration de la prime d\u2019impatriation et celle de la r\u00e9mun\u00e9ration li\u00e9e \u00e0 l\u2019activit\u00e9 exerc\u00e9e \u00e0 l\u2019\u00e9tranger ne peuvent exc\u00e9der 50\u00a0% de la r\u00e9mun\u00e9ration totale du b\u00e9n\u00e9ficiaire.<\/li>\n<li>Un plafonnement de la r\u00e9mun\u00e9ration correspondant \u00e0 l\u2019activit\u00e9 exerc\u00e9e \u00e0 l\u2019\u00e9tranger uniquement. Cette part ne peut alors exc\u00e9der 20\u00a0% de la r\u00e9mun\u00e9ration totale du b\u00e9n\u00e9ficiaire.<\/li>\n<\/ul>\n<p>\u00c0 noter : Le r\u00e9gime fiscal des impatri\u00e9s permet de b\u00e9n\u00e9ficier d\u2019une exon\u00e9ration \u00e0 50% sur certains\u00a0<b>revenus<\/b>\u00a0patrimoniaux, comme par exemple les\u00a0<b>revenus de capitaux mobiliers<\/b> (dividendes, int\u00e9r\u00eats, assurance-vie, cession de valeurs mobili\u00e8res, etc.)<\/p>\n<div>\n<p>Le dispositif pr\u00e9voit l&rsquo;exon\u00e9ration d&rsquo;imp\u00f4t sur le revenu (et non de pr\u00e9l\u00e8vements sociaux) \u00e0 hauteur de 50% pour trois cat\u00e9gories de revenus patrimoniaux de source \u00e9trang\u00e8re, \u00e0 savoir\u00a0:<\/p>\n<ul class=\"styled\">\n<li>des revenus de capitaux mobiliers,\n<div class=\"swa-3ld0C9cW\" data-ui-name=\"Box\">\n<div class=\"swa-3_4JWFdS\" data-ui-name=\"Box\">\n<div>\n<div class=\"_box-inline_1p6fl_gg_\" data-ui-name=\"Tooltip.Trigger\" aria-pressed=\"true\" aria-describedby=\"5242\">\n<div class=\"___STag_a9dhv_gg_ ___STag_90cy7_gg_ __size_90cy7_gg_ __size_m_90cy7_gg_ __theme_a9dhv_gg_ __theme_90cy7_gg_ __theme_secondary-muted_90cy7_gg_\" data-ui-name=\"Tag\"><span class=\"___SText_90cy7_gg_\" data-ui-name=\"Tag.Text\">produits de la propri\u00e9t\u00e9<\/span><\/div>\n<div class=\"___STag_a9dhv_gg_ ___STag_90cy7_gg_ __size_90cy7_gg_ __size_m_90cy7_gg_ __theme_a9dhv_gg_ __theme_90cy7_gg_ __theme_secondary-muted_90cy7_gg_\" data-ui-name=\"Tag\">des plus-values de cessions de valeurs mobili\u00e8res et de droits sociaux lorsque le d\u00e9positaire des titres, ou \u00e0 d\u00e9faut, la soci\u00e9t\u00e9 dont les titres sont c\u00e9d\u00e9s, est \u00e9tabli hors de France ;<\/div>\n<\/div>\n<\/div>\n<\/div>\n<\/div>\n<\/li>\n<li>des produits de droits d&rsquo;auteur, de propri\u00e9t\u00e9 industrielle.<\/li>\n<\/ul>\n<p>Le paiement de ces sommes doit avoir \u00e9t\u00e9 effectu\u00e9 par une personne \u00e9tablie hors de France dans un \u00c9tat ou un territoire ayant conclu avec la France une convention fiscale qui contient une clause d&rsquo;assistance administrative en vue de lutter contre la fraude ou l&rsquo;\u00e9vasion fiscale.<\/p>\n<\/div>\n<h1>Peut-on b\u00e9n\u00e9ficier du ch\u00f4mage au retour en France ?<\/h1>\n<p>Oui cela si vous \u00e9tiez \u00e9ligible \u00e0 l\u2019allocation ch\u00f4mage en tant que fran\u00e7ais \u00e9tablis \u00e0 l\u2019\u00e9tranger. Dans ce cas vous pouvez faire une demande pour faire valoir vos droits \u00e0 votre retour en France.<\/p>\n<p>Deux situations possibles :<\/p>\n<h2><strong>Vous \u00e9tiez expatri\u00e9 dans un pays membre de l\u2019UEE mais avez perdu votre emploi avant votre retour en France\u00a0<\/strong><\/h2>\n<p>Dans ce cas avant votre retour en France vous devrez vous procurer le document portable U1-P\u00e9riodes. Gr\u00e2ce \u00e0 ce formulaire vous pourrez calculer vos droits au ch\u00f4mage.<\/p>\n<p>Notez que si vous n\u2019avez pas pu obtenir ce document avant de rentrer en France vous pourrez tout de m\u00eame vous adresser aupr\u00e8s de\u00a0 l\u2019agence P\u00f4le Emploi dont d\u00e9pend votre domicile fran\u00e7ais. Pour faire valoir vos droits au ch\u00f4mage en France vous devez y avoir travaill\u00e9 au moins une journ\u00e9e compl\u00e8te. Le montant de vos droits \u00e0 l\u2019allocation ch\u00f4mage d\u00e9pend \u00e9galement de votre situation personnelle et professionnelle avant votre licenciement.<\/p>\n<p>&nbsp;<\/p>\n<h2><strong>Vous \u00e9tiez expatri\u00e9 dans un pays membre de l\u2019UEE, vous percevez des indemnit\u00e9s ch\u00f4mage dans ce pays mais vous rentrez en France\u00a0<\/strong><\/h2>\n<p>Dans le cas pr\u00e9sent vous devrez vous procurer le document portable U2-Maintien du droit aux prestations ch\u00f4mage. Vous pourrez vous procurer ce document aupr\u00e8s de l\u2019organisme qui vous verse des prestations sociales.<\/p>\n<p>Une fois votre retour en France, dans les 7 jours qui suivent la date de fin d\u2019inscription dans le pays dans lequel vous \u00e9tiez pour vous inscrire dans l\u2019agence P\u00f4le Emploi dont d\u00e9pend votre domicile fran\u00e7ais et remettre le document portable U2.<\/p>\n<div id=\"1692351565.201779\" class=\"c-virtual_list__item c-virtual_list__item--initial-activeitem\" tabindex=\"0\" role=\"listitem\" aria-setsize=\"-1\" data-qa=\"virtual-list-item\" data-item-key=\"1692351565.201779\">\n<div class=\"c-message_kit__background c-message_kit__background--hovered p-message_pane_message__message c-message_kit__message\" role=\"presentation\" data-qa=\"message_container\" data-qa-unprocessed=\"false\" data-qa-placeholder=\"false\">\n<div class=\"c-message_kit__hover c-message_kit__hover--hovered\" role=\"document\" aria-roledescription=\"message\" data-qa-hover=\"true\">\n<div class=\"c-message_kit__actions c-message_kit__actions--default\">\n<div class=\"c-message_kit__gutter\">\n<div class=\"c-message_kit__gutter__right\" role=\"presentation\" data-qa=\"message_content\">\n<div class=\"c-message_kit__blocks c-message_kit__blocks--rich_text\">\n<div class=\"c-message__message_blocks c-message__message_blocks--rich_text\" data-qa=\"message-text\">\n<div class=\"p-block_kit_renderer\" data-qa=\"block-kit-renderer\">\n<div class=\"p-block_kit_renderer__block_wrapper p-block_kit_renderer__block_wrapper--first\">\n<div class=\"p-rich_text_block\" dir=\"auto\">\n<div class=\"p-rich_text_section\">\n<div id=\"1692351565.201779\" class=\"c-virtual_list__item c-virtual_list__item--initial-activeitem\" tabindex=\"0\" role=\"listitem\" aria-setsize=\"-1\" data-qa=\"virtual-list-item\" data-item-key=\"1692351565.201779\">\n<div class=\"c-message_kit__background c-message_kit__background--hovered p-message_pane_message__message c-message_kit__message\" role=\"presentation\" data-qa=\"message_container\" data-qa-unprocessed=\"false\" data-qa-placeholder=\"false\">\n<div class=\"c-message_kit__hover c-message_kit__hover--hovered\" role=\"document\" aria-roledescription=\"message\" data-qa-hover=\"true\">\n<div class=\"c-message_kit__actions c-message_kit__actions--default\">\n<div class=\"c-message_kit__gutter\">\n<div class=\"c-message_kit__gutter__right\" role=\"presentation\" data-qa=\"message_content\">\n<div class=\"c-message_kit__blocks c-message_kit__blocks--rich_text\">\n<div class=\"c-message__message_blocks c-message__message_blocks--rich_text\" data-qa=\"message-text\">\n<div class=\"p-block_kit_renderer\" data-qa=\"block-kit-renderer\">\n<div class=\"p-block_kit_renderer__block_wrapper p-block_kit_renderer__block_wrapper--first\">\n<div class=\"p-rich_text_block\" dir=\"auto\">\n<div class=\"p-rich_text_section\">\n<div id=\"1692351565.201779\" class=\"c-virtual_list__item c-virtual_list__item--initial-activeitem\" tabindex=\"0\" role=\"listitem\" aria-setsize=\"-1\" data-qa=\"virtual-list-item\" data-item-key=\"1692351565.201779\">\n<div class=\"c-message_kit__background c-message_kit__background--hovered p-message_pane_message__message c-message_kit__message\" role=\"presentation\" data-qa=\"message_container\" data-qa-unprocessed=\"false\" data-qa-placeholder=\"false\">\n<div class=\"c-message_kit__hover c-message_kit__hover--hovered\" role=\"document\" aria-roledescription=\"message\" data-qa-hover=\"true\">\n<div class=\"c-message_kit__actions c-message_kit__actions--default\">\n<div class=\"c-message_kit__gutter\">\n<div class=\"c-message_kit__gutter__right\" role=\"presentation\" data-qa=\"message_content\">\n<div class=\"c-message_kit__blocks c-message_kit__blocks--rich_text\">\n<div class=\"c-message__message_blocks c-message__message_blocks--rich_text\" data-qa=\"message-text\">\n<div class=\"p-block_kit_renderer\" data-qa=\"block-kit-renderer\">\n<div class=\"p-block_kit_renderer__block_wrapper p-block_kit_renderer__block_wrapper--first\">\n<div class=\"p-rich_text_block\" dir=\"auto\">\n<div class=\"p-rich_text_section\"><div class='cta-block'><div class='text'>Simulez toutes vos aides en 2 min.<\/div><a href='https:\/\/www.mes-allocs.fr\/ab-app?origin=guides\/wp-json\/wp\/v2\/posts\/25828' class='app-button fit'>Simulation gratuite<\/a><\/div><\/div>\n<\/div>\n<\/div>\n<\/div>\n<\/div>\n<\/div>\n<\/div>\n<\/div>\n<\/div>\n<\/div>\n<\/div>\n<\/div>\n<\/div>\n<\/div>\n<\/div>\n<\/div>\n<\/div>\n<\/div>\n<\/div>\n<\/div>\n<\/div>\n<\/div>\n<\/div>\n<\/div>\n<\/div>\n<\/div>\n<\/div>\n<\/div>\n<\/div>\n<\/div>\n<\/div>\n<\/div>\n<\/div>\n<\/div>\n<\/div>\n<\/div>\n","protected":false},"excerpt":{"rendered":"<p>Vous b\u00e9n\u00e9ficiez du statut d&rsquo;expatri\u00e9 lorsque votre s\u00e9jour \u00e0 l&rsquo;\u00e9tranger dans le cadre d&rsquo;une activit\u00e9 professionnelle est sup\u00e9rieur ou \u00e9gal \u00e0 5 ans. Dans le cadre de ce statut, vous \u00eates b\u00e9n\u00e9ficiaire de certaines aides. \u00c0 votre retour, vous disposez ensuite du statut d&rsquo;impatri\u00e9, et l\u00e0 encore, vous disposez de certains avantages comme des avantages [&hellip;]<\/p>\n","protected":false},"author":10,"featured_media":25889,"comment_status":"open","ping_status":"open","sticky":false,"template":"","format":"standard","meta":{"amp_status":"","footnotes":""},"categories":[8642,9396],"tags":[],"class_list":["post-25828","post","type-post","status-publish","format-standard","has-post-thumbnail","hentry","category-aide-expatriation","category-prime-impatriation"],"yoast_head":"<!-- This site is optimized with the Yoast SEO plugin v14.9 - https:\/\/yoast.com\/wordpress\/plugins\/seo\/ -->\n<title>Impatriation : comprendre le r\u00e9gime fiscal et social des impatri\u00e9s<\/title>\n<meta name=\"description\" content=\"En tant qu&#039;impatri\u00e9, vous b\u00e9n\u00e9ficiez d&#039;un statut qui vous offre des avantages fiscaux. Mes Allocs vous \u00e9claire sur le r\u00e9gime des impatri\u00e9s\" \/>\n<meta name=\"robots\" content=\"index, follow, max-snippet:-1, max-image-preview:large, max-video-preview:-1\" \/>\n<link rel=\"canonical\" href=\"https:\/\/www.mes-allocs.fr\/guides\/aide-expatriation\/prime-impatriation\/regime-des-impatries\/\" \/>\n<meta property=\"og:locale\" content=\"fr_FR\" \/>\n<meta property=\"og:type\" content=\"article\" \/>\n<meta property=\"og:title\" content=\"Impatriation : comprendre le r\u00e9gime fiscal et social des impatri\u00e9s\" \/>\n<meta property=\"og:description\" content=\"En tant qu&#039;impatri\u00e9, vous b\u00e9n\u00e9ficiez d&#039;un statut qui vous offre des avantages fiscaux. Mes Allocs vous \u00e9claire sur le r\u00e9gime des impatri\u00e9s\" \/>\n<meta property=\"og:url\" content=\"https:\/\/www.mes-allocs.fr\/guides\/aide-expatriation\/prime-impatriation\/regime-des-impatries\/\" \/>\n<meta property=\"og:site_name\" content=\"Mes-Allocs.fr\" \/>\n<meta property=\"article:published_time\" content=\"2021-04-30T15:30:31+00:00\" \/>\n<meta property=\"article:modified_time\" content=\"2025-10-24T07:21:56+00:00\" \/>\n<meta property=\"og:image\" content=\"https:\/\/www.mes-allocs.fr\/guides\/wp-content\/uploads\/2021\/04\/pexels-luke-webb-2738173.jpg?wsr\" \/>\n\t<meta property=\"og:image:width\" content=\"1280\" \/>\n\t<meta property=\"og:image:height\" content=\"853\" \/>\n<meta name=\"twitter:card\" content=\"summary_large_image\" \/>\n<script type=\"application\/ld+json\" class=\"yoast-schema-graph\">{\"@context\":\"https:\/\/schema.org\",\"@graph\":[{\"@type\":\"WebSite\",\"@id\":\"https:\/\/www.mes-allocs.fr\/guides\/#website\",\"url\":\"https:\/\/www.mes-allocs.fr\/guides\/\",\"name\":\"Mes-Allocs.fr\",\"description\":\"\",\"potentialAction\":[{\"@type\":\"SearchAction\",\"target\":\"https:\/\/www.mes-allocs.fr\/guides\/?s={search_term_string}\",\"query-input\":\"required name=search_term_string\"}],\"inLanguage\":\"fr-FR\"},{\"@type\":\"ImageObject\",\"@id\":\"https:\/\/www.mes-allocs.fr\/guides\/aide-expatriation\/prime-impatriation\/regime-des-impatries\/#primaryimage\",\"inLanguage\":\"fr-FR\",\"url\":\"https:\/\/www.mes-allocs.fr\/guides\/wp-content\/uploads\/2021\/04\/pexels-luke-webb-2738173.jpg?wsr\",\"width\":1280,\"height\":853,\"caption\":\"Tout savoir sur le r\\u00e9gime des impatri\\u00e9s\"},{\"@type\":\"WebPage\",\"@id\":\"https:\/\/www.mes-allocs.fr\/guides\/aide-expatriation\/prime-impatriation\/regime-des-impatries\/#webpage\",\"url\":\"https:\/\/www.mes-allocs.fr\/guides\/aide-expatriation\/prime-impatriation\/regime-des-impatries\/\",\"name\":\"Impatriation : comprendre le r\\u00e9gime fiscal et social des impatri\\u00e9s\",\"isPartOf\":{\"@id\":\"https:\/\/www.mes-allocs.fr\/guides\/#website\"},\"primaryImageOfPage\":{\"@id\":\"https:\/\/www.mes-allocs.fr\/guides\/aide-expatriation\/prime-impatriation\/regime-des-impatries\/#primaryimage\"},\"datePublished\":\"2021-04-30T15:30:31+00:00\",\"dateModified\":\"2025-10-24T07:21:56+00:00\",\"author\":{\"@id\":\"https:\/\/www.mes-allocs.fr\/guides\/#\/schema\/person\/8d47b912c0ad15f379df96b4e4e33f58\"},\"description\":\"En tant qu'impatri\\u00e9, vous b\\u00e9n\\u00e9ficiez d'un statut qui vous offre des avantages fiscaux. Mes Allocs vous \\u00e9claire sur le r\\u00e9gime des impatri\\u00e9s\",\"inLanguage\":\"fr-FR\"},{\"@type\":\"Person\",\"@id\":\"https:\/\/www.mes-allocs.fr\/guides\/#\/schema\/person\/8d47b912c0ad15f379df96b4e4e33f58\",\"name\":\"Constance de Cagny\",\"image\":{\"@type\":\"ImageObject\",\"@id\":\"https:\/\/www.mes-allocs.fr\/guides\/#personlogo\",\"inLanguage\":\"fr-FR\",\"url\":\"https:\/\/www.mes-allocs.fr\/guides\/wp-content\/uploads\/2021\/06\/Constance.2e8ee0b.png\",\"caption\":\"Constance de Cagny\"},\"description\":\"Constance est r\\u00e9dactrice au sein de l'\\u00e9quipe Mes Allocs. Elle a l'habitude d'\\u00e9crire sur les sujets conso, bons plans et \\u00e9conomies. Dipl\\u00f4m\\u00e9e de l'ENACO, elle rejoint Mes Allocs apr\\u00e8s une premi\\u00e8re exp\\u00e9rience en cabinet notarial.\",\"sameAs\":[\"https:\/\/www.linkedin.com\/in\/constance-de-cagny-mayeur-bbb414135\"]}]}<\/script>\n<!-- \/ Yoast SEO plugin. -->","amp_validity":null,"acf":{"faq":{"1":{"question":"Quelles aides sociales pour les Fran\u00e7ais r\u00e9sidant \u00e0 l'\u00e9tranger ?","answer":"Allocation de solidarit\u00e9 ... Allocation adulte handicap\u00e9 ... Allocation enfant handicap\u00e9 ... Secours mensuels sp\u00e9cifique enfants. ... Allocation \u00e0 dur\u00e9e d\u00e9termin\u00e9e. ... Aides ponctuelles."},"2":{"question":"Quelle s\u00e9curit\u00e9 sociale pour les expatri\u00e9s ?","answer":"En tant qu'expatri\u00e9, vous serez soumis au r\u00e9gime de s\u00e9curit\u00e9 sociale qui existe dans ce pays et vous ne serez plus assur\u00e9 social en France."},"3":{"question":"Qu'est-ce que la prime d'impatriation ?","answer":"Le salari\u00e9 ou le mandataire social b\u00e9n\u00e9ficie de suppl\u00e9ments de r\u00e9mun\u00e9ration, en esp\u00e8ces ou en nature, directement li\u00e9s \u00e0 l'exercice de son activit\u00e9 professionnelle en France"},"4":{"question":"Comment d\u00e9clarer la prime d'impatriation ?","answer":"Le salari\u00e9 impatri\u00e9 doit indiquer sur la d\u00e9claration de ses revenus n\u00b02042 , le montant des revenus exon\u00e9r\u00e9s en application de l'article 155 B CGI. "},"5":{"question":"Comment b\u00e9n\u00e9ficier du r\u00e9gime des impatri\u00e9s ?","answer":"Si vous \u00eates salari\u00e9 ou dirigeant fiscalement assimil\u00e9, et si vous avez \u00e9t\u00e9 appel\u00e9 par une entreprise \u00e9trang\u00e8re \u00e0 occuper un emploi dans une entreprise \u00e9tablie en France ayant un lien avec la premi\u00e8re ou si vous avez \u00e9t\u00e9 directement recrut\u00e9 \u00e0 l'\u00e9tranger par une entreprise \u00e9tablie en France"},"6":{"question":"Qu'est-ce qu'un expatri\u00e9 fran\u00e7ais ?","answer":"Un salari\u00e9 expatri\u00e9 est une personne qui travaille \u00e0 l'\u00e9tranger et qui n'est plus rattach\u00e9 au r\u00e9gime de s\u00e9curit\u00e9 sociale fran\u00e7ais."},"7":{"question":"","answer":""},"8":{"question":"","answer":""},"9":{"question":"","answer":""},"10":{"question":"","answer":""},"11":{"question":"","answer":""},"12":{"question":"","answer":""},"13":{"question":"","answer":""},"14":{"question":"","answer":""},"15":{"question":"","answer":""},"16":{"question":"","answer":""}}},"_links":{"self":[{"href":"https:\/\/www.mes-allocs.fr\/guides\/wp-json\/wp\/v2\/posts\/25828","targetHints":{"allow":["GET"]}}],"collection":[{"href":"https:\/\/www.mes-allocs.fr\/guides\/wp-json\/wp\/v2\/posts"}],"about":[{"href":"https:\/\/www.mes-allocs.fr\/guides\/wp-json\/wp\/v2\/types\/post"}],"author":[{"embeddable":true,"href":"https:\/\/www.mes-allocs.fr\/guides\/wp-json\/wp\/v2\/users\/10"}],"replies":[{"embeddable":true,"href":"https:\/\/www.mes-allocs.fr\/guides\/wp-json\/wp\/v2\/comments?post=25828"}],"version-history":[{"count":16,"href":"https:\/\/www.mes-allocs.fr\/guides\/wp-json\/wp\/v2\/posts\/25828\/revisions"}],"predecessor-version":[{"id":102050,"href":"https:\/\/www.mes-allocs.fr\/guides\/wp-json\/wp\/v2\/posts\/25828\/revisions\/102050"}],"wp:featuredmedia":[{"embeddable":true,"href":"https:\/\/www.mes-allocs.fr\/guides\/wp-json\/wp\/v2\/media\/25889"}],"wp:attachment":[{"href":"https:\/\/www.mes-allocs.fr\/guides\/wp-json\/wp\/v2\/media?parent=25828"}],"wp:term":[{"taxonomy":"category","embeddable":true,"href":"https:\/\/www.mes-allocs.fr\/guides\/wp-json\/wp\/v2\/categories?post=25828"},{"taxonomy":"post_tag","embeddable":true,"href":"https:\/\/www.mes-allocs.fr\/guides\/wp-json\/wp\/v2\/tags?post=25828"}],"curies":[{"name":"wp","href":"https:\/\/api.w.org\/{rel}","templated":true}]}}